{"id":55370,"date":"2026-03-09T09:13:00","date_gmt":"2026-03-09T12:13:00","guid":{"rendered":"https:\/\/cvinoticias.com\/v3\/?p=55370"},"modified":"2026-03-09T09:13:01","modified_gmt":"2026-03-09T12:13:01","slug":"polemica-en-colonia-aurora-en-un-festejo-por-el-dia-de-la-mujer-regalaron-escobas-y-baldes","status":"publish","type":"post","link":"https:\/\/cvinoticias.com\/v3\/polemica-en-colonia-aurora-en-un-festejo-por-el-dia-de-la-mujer-regalaron-escobas-y-baldes\/","title":{"rendered":"Pol\u00e9mica en Colonia Aurora: en un festejo por el D\u00eda de la Mujer regalaron escobas y baldes"},"content":{"rendered":"\n<p>Una celebraci\u00f3n por el <strong>D\u00eda Internacional de la Mujer<\/strong> en la localidad de Colonia Aurora gener\u00f3 pol\u00e9mica y debate en redes sociales. Durante el evento, las ganadoras de un concurso fueron premiadas con escobas, escurridores y baldes, lo que despert\u00f3 cr\u00edticas por reforzar estereotipos vinculados a las tareas dom\u00e9sticas.<\/p>\n\n\n\n<p>La actividad se realiz\u00f3 el s\u00e1bado 7 de marzo en el predio municipal. La comuna organiz\u00f3 el encuentro como un homenaje anticipado por la fecha que cada <strong>8 de marzo<\/strong> recuerda las luchas hist\u00f3ricas de las mujeres por la igualdad de derechos, mejores condiciones laborales y mayor participaci\u00f3n en la vida pol\u00edtica y social.<\/p>\n\n\n\n<p>Desde el municipio se\u00f1alaron que la intenci\u00f3n del evento fue \u201chomenajear y reconocer el rol fundamental de las mujeres de nuestra comunidad\u201d. Sin embargo, la entrega de elementos de limpieza a la reina y las princesas del festejo llam\u00f3 la atenci\u00f3n y gener\u00f3 cuestionamientos.<\/p>\n\n\n\n<h2 class=\"wp-block-heading\">Regalos que generaron cr\u00edticas<\/h2>\n\n\n\n<p>La pol\u00e9mica comenz\u00f3 cuando el propio municipio difundi\u00f3 im\u00e1genes del momento en sus redes sociales. All\u00ed se observ\u00f3 que las mujeres elegidas durante el festejo recibieron escobas, baldes y escurridores como premio.<\/p>\n\n\n\n<p>El hecho fue cuestionado por algunos vecinos y usuarios de redes sociales. Se\u00f1alaron que ese tipo de obsequios refuerza estereotipos de g\u00e9nero. Hist\u00f3ricamente, el trabajo dom\u00e9stico fue asociado a las mujeres y muchas veces no recibi\u00f3 reconocimiento ni remuneraci\u00f3n.<\/p>\n\n\n\n<p>En ese contexto, la situaci\u00f3n gener\u00f3 debate sobre el sentido de los homenajes por el D\u00eda de la Mujer y sobre los mensajes que transmiten este tipo de iniciativas.<\/p>\n\n\n\n<h2 class=\"wp-block-heading\">Actividades durante la celebraci\u00f3n<\/h2>\n\n\n\n<p>M\u00e1s all\u00e1 de la pol\u00e9mica, la jornada incluy\u00f3 distintas actividades pensadas para compartir entre vecinos. Durante el evento particip\u00f3 la pastora Raquel Krampitz, quien ofreci\u00f3 una reflexi\u00f3n vinculada al significado de la fecha.<\/p>\n\n\n\n<p>Tambi\u00e9n disert\u00f3 el m\u00e9dico Tom\u00e1s Guiso, que brind\u00f3 una charla sobre la prevenci\u00f3n del c\u00e1ncer de piel. Adem\u00e1s, estuvo presente la diputada provincial Elvani Goring, quien destac\u00f3 el compromiso de las mujeres dentro de la comunidad.<\/p>\n\n\n\n<p>Por su parte, el intendente Cali Goring se\u00f1al\u00f3 que es importante seguir trabajando por una sociedad con m\u00e1s oportunidades y reconocimiento para las mujeres.<\/p>\n\n\n\n<h2 class=\"wp-block-heading\">M\u00fasica, juegos y cierre comunitario<\/h2>\n\n\n\n<p>La celebraci\u00f3n tambi\u00e9n cont\u00f3 con m\u00fasica en vivo a cargo de Daniela y Rogelio. Durante la tarde se realizaron juegos, sorteos y desaf\u00edos de pasteler\u00eda que convocaron a numerosos vecinos.<\/p>\n\n\n\n<p>Al finalizar el encuentro, los organizadores compartieron una gran mesa comunitaria. All\u00ed los asistentes pudieron disfrutar de distintas comidas y refrigerios en un clima de encuentro social.<\/p>\n\n\n\n<p>El episodio de los regalos, sin embargo, qued\u00f3 en el centro del debate local. Para muchos vecinos, el hecho abri\u00f3 una discusi\u00f3n sobre c\u00f3mo se celebran este tipo de fechas y qu\u00e9 mensajes se transmiten en los homenajes dedicados a las mujere<\/p>\n\n\n\n<p>Fuente: El Territorio<\/p>\n","protected":false},"excerpt":{"rendered":"<p>Una celebraci\u00f3n por el D\u00eda Internacional de la Mujer en la localidad de Colonia Aurora gener\u00f3 pol\u00e9mica y debate en redes sociales. Durante el evento, las ganadoras de un concurso fueron premiadas con escobas, escurridores y baldes, lo que despert\u00f3 cr\u00edticas por reforzar estereotipos vinculados a las tareas dom\u00e9sticas. La actividad se realiz\u00f3 el s\u00e1bado [&hellip;]<\/p>\n","protected":false},"author":2,"featured_media":55371,"comment_status":"open","ping_status":"closed","sticky":false,"template":"","format":"standard","meta":{"footnotes":""},"categories":[47],"tags":[5281,3608,554,5280,5155,1197],"class_list":["post-55370","post","type-post","status-publish","format-standard","has-post-thumbnail","hentry","category-sociedad","tag-baldes","tag-colonia-aurora","tag-dia","tag-escobas","tag-festejo","tag-mujer"],"yoast_head":"<!-- This site is optimized with the Yoast SEO plugin v27.5 - https:\/\/yoast.com\/product\/yoast-seo-wordpress\/ -->\n<title>Pol\u00e9mica en Colonia Aurora por regalos en D\u00eda de la Mujer | CVI NOTICIAS<\/title>\n<meta name=\"description\" content=\"En un festejo por el D\u00eda de la Mujer en Colonia Aurora regalaron escobas y baldes a las ganadoras y generaron pol\u00e9mica.\" \/>\n<meta name=\"robots\" content=\"index, follow, max-snippet:-1, max-image-preview:large, max-video-preview:-1\" \/>\n<link rel=\"canonical\" href=\"https:\/\/cvinoticias.com\/v3\/polemica-en-colonia-aurora-en-un-festejo-por-el-dia-de-la-mujer-regalaron-escobas-y-baldes\/\" \/>\n<meta property=\"og:locale\" content=\"es_ES\" \/>\n<meta property=\"og:type\" content=\"article\" \/>\n<meta property=\"og:title\" content=\"Pol\u00e9mica en Colonia Aurora por regalos en D\u00eda de la Mujer | CVI NOTICIAS\" \/>\n<meta property=\"og:description\" content=\"En un festejo por el D\u00eda de la Mujer en Colonia Aurora regalaron escobas y baldes a las ganadoras y generaron pol\u00e9mica.\" \/>\n<meta property=\"og:url\" content=\"https:\/\/cvinoticias.com\/v3\/polemica-en-colonia-aurora-en-un-festejo-por-el-dia-de-la-mujer-regalaron-escobas-y-baldes\/\" \/>\n<meta property=\"og:site_name\" content=\"CVI NOTICIAS\" \/>\n<meta property=\"article:publisher\" content=\"https:\/\/www.facebook.com\/cvinoticias\" \/>\n<meta property=\"article:published_time\" content=\"2026-03-09T12:13:00+00:00\" \/>\n<meta property=\"article:modified_time\" content=\"2026-03-09T12:13:01+00:00\" \/>\n<meta property=\"og:image\" content=\"https:\/\/cvinoticias.com\/wp-content\/uploads\/2026\/03\/md-2.webp\" \/>\n\t<meta property=\"og:image:width\" content=\"992\" \/>\n\t<meta property=\"og:image:height\" content=\"761\" \/>\n\t<meta property=\"og:image:type\" content=\"image\/webp\" \/>\n<meta name=\"author\" content=\"f1000024\" \/>\n<meta name=\"twitter:card\" content=\"summary_large_image\" \/>\n<meta name=\"twitter:label1\" content=\"Escrito por\" \/>\n\t<meta name=\"twitter:data1\" content=\"f1000024\" \/>\n\t<meta name=\"twitter:label2\" content=\"Tiempo de lectura\" \/>\n\t<meta name=\"twitter:data2\" content=\"3 minutos\" \/>\n<script type=\"application\/ld+json\" class=\"yoast-schema-graph\">{\"@context\":\"https:\\\/\\\/schema.org\",\"@graph\":[{\"@type\":\"Article\",\"@id\":\"https:\\\/\\\/cvinoticias.com\\\/v3\\\/polemica-en-colonia-aurora-en-un-festejo-por-el-dia-de-la-mujer-regalaron-escobas-y-baldes\\\/#article\",\"isPartOf\":{\"@id\":\"https:\\\/\\\/cvinoticias.com\\\/v3\\\/polemica-en-colonia-aurora-en-un-festejo-por-el-dia-de-la-mujer-regalaron-escobas-y-baldes\\\/\"},\"author\":{\"name\":\"f1000024\",\"@id\":\"https:\\\/\\\/cvinoticias.com\\\/v3\\\/#\\\/schema\\\/person\\\/2db77e3c6bc03c538495d7b2b8be9b66\"},\"headline\":\"Pol\u00e9mica en Colonia Aurora: en un festejo por el D\u00eda de la Mujer regalaron escobas y baldes\",\"datePublished\":\"2026-03-09T12:13:00+00:00\",\"dateModified\":\"2026-03-09T12:13:01+00:00\",\"mainEntityOfPage\":{\"@id\":\"https:\\\/\\\/cvinoticias.com\\\/v3\\\/polemica-en-colonia-aurora-en-un-festejo-por-el-dia-de-la-mujer-regalaron-escobas-y-baldes\\\/\"},\"wordCount\":514,\"commentCount\":0,\"publisher\":{\"@id\":\"https:\\\/\\\/cvinoticias.com\\\/v3\\\/#organization\"},\"image\":{\"@id\":\"https:\\\/\\\/cvinoticias.com\\\/v3\\\/polemica-en-colonia-aurora-en-un-festejo-por-el-dia-de-la-mujer-regalaron-escobas-y-baldes\\\/#primaryimage\"},\"thumbnailUrl\":\"https:\\\/\\\/cvinoticias.com\\\/wp-content\\\/uploads\\\/2026\\\/03\\\/md-2.webp\",\"keywords\":[\"baldes\",\"Colonia Aurora\",\"D\u00eda\",\"escobas\",\"festejo\",\"Mujer\"],\"articleSection\":[\"Sociedad\"],\"inLanguage\":\"es\",\"potentialAction\":[{\"@type\":\"CommentAction\",\"name\":\"Comment\",\"target\":[\"https:\\\/\\\/cvinoticias.com\\\/v3\\\/polemica-en-colonia-aurora-en-un-festejo-por-el-dia-de-la-mujer-regalaron-escobas-y-baldes\\\/#respond\"]}]},{\"@type\":\"WebPage\",\"@id\":\"https:\\\/\\\/cvinoticias.com\\\/v3\\\/polemica-en-colonia-aurora-en-un-festejo-por-el-dia-de-la-mujer-regalaron-escobas-y-baldes\\\/\",\"url\":\"https:\\\/\\\/cvinoticias.com\\\/v3\\\/polemica-en-colonia-aurora-en-un-festejo-por-el-dia-de-la-mujer-regalaron-escobas-y-baldes\\\/\",\"name\":\"Pol\u00e9mica en Colonia Aurora por regalos en D\u00eda de la Mujer | CVI NOTICIAS\",\"isPartOf\":{\"@id\":\"https:\\\/\\\/cvinoticias.com\\\/v3\\\/#website\"},\"primaryImageOfPage\":{\"@id\":\"https:\\\/\\\/cvinoticias.com\\\/v3\\\/polemica-en-colonia-aurora-en-un-festejo-por-el-dia-de-la-mujer-regalaron-escobas-y-baldes\\\/#primaryimage\"},\"image\":{\"@id\":\"https:\\\/\\\/cvinoticias.com\\\/v3\\\/polemica-en-colonia-aurora-en-un-festejo-por-el-dia-de-la-mujer-regalaron-escobas-y-baldes\\\/#primaryimage\"},\"thumbnailUrl\":\"https:\\\/\\\/cvinoticias.com\\\/wp-content\\\/uploads\\\/2026\\\/03\\\/md-2.webp\",\"datePublished\":\"2026-03-09T12:13:00+00:00\",\"dateModified\":\"2026-03-09T12:13:01+00:00\",\"description\":\"En un festejo por el D\u00eda de la Mujer en Colonia Aurora regalaron escobas y baldes a las ganadoras y generaron pol\u00e9mica.\",\"breadcrumb\":{\"@id\":\"https:\\\/\\\/cvinoticias.com\\\/v3\\\/polemica-en-colonia-aurora-en-un-festejo-por-el-dia-de-la-mujer-regalaron-escobas-y-baldes\\\/#breadcrumb\"},\"inLanguage\":\"es\",\"potentialAction\":[{\"@type\":\"ReadAction\",\"target\":[\"https:\\\/\\\/cvinoticias.com\\\/v3\\\/polemica-en-colonia-aurora-en-un-festejo-por-el-dia-de-la-mujer-regalaron-escobas-y-baldes\\\/\"]}]},{\"@type\":\"ImageObject\",\"inLanguage\":\"es\",\"@id\":\"https:\\\/\\\/cvinoticias.com\\\/v3\\\/polemica-en-colonia-aurora-en-un-festejo-por-el-dia-de-la-mujer-regalaron-escobas-y-baldes\\\/#primaryimage\",\"url\":\"https:\\\/\\\/cvinoticias.com\\\/wp-content\\\/uploads\\\/2026\\\/03\\\/md-2.webp\",\"contentUrl\":\"https:\\\/\\\/cvinoticias.com\\\/wp-content\\\/uploads\\\/2026\\\/03\\\/md-2.webp\",\"width\":992,\"height\":761},{\"@type\":\"BreadcrumbList\",\"@id\":\"https:\\\/\\\/cvinoticias.com\\\/v3\\\/polemica-en-colonia-aurora-en-un-festejo-por-el-dia-de-la-mujer-regalaron-escobas-y-baldes\\\/#breadcrumb\",\"itemListElement\":[{\"@type\":\"ListItem\",\"position\":1,\"name\":\"Portada\",\"item\":\"https:\\\/\\\/cvinoticias.com\\\/v3\\\/\"},{\"@type\":\"ListItem\",\"position\":2,\"name\":\"Pol\u00e9mica en Colonia Aurora: en un festejo por el D\u00eda de la Mujer regalaron escobas y baldes\"}]},{\"@type\":\"WebSite\",\"@id\":\"https:\\\/\\\/cvinoticias.com\\\/v3\\\/#website\",\"url\":\"https:\\\/\\\/cvinoticias.com\\\/v3\\\/\",\"name\":\"CVI NOTICIAS\",\"description\":\"\",\"publisher\":{\"@id\":\"https:\\\/\\\/cvinoticias.com\\\/v3\\\/#organization\"},\"alternateName\":\"CVI\",\"potentialAction\":[{\"@type\":\"SearchAction\",\"target\":{\"@type\":\"EntryPoint\",\"urlTemplate\":\"https:\\\/\\\/cvinoticias.com\\\/v3\\\/?s={search_term_string}\"},\"query-input\":{\"@type\":\"PropertyValueSpecification\",\"valueRequired\":true,\"valueName\":\"search_term_string\"}}],\"inLanguage\":\"es\"},{\"@type\":\"Organization\",\"@id\":\"https:\\\/\\\/cvinoticias.com\\\/v3\\\/#organization\",\"name\":\"CVI NOTICIAS\",\"url\":\"https:\\\/\\\/cvinoticias.com\\\/v3\\\/\",\"logo\":{\"@type\":\"ImageObject\",\"inLanguage\":\"es\",\"@id\":\"https:\\\/\\\/cvinoticias.com\\\/v3\\\/#\\\/schema\\\/logo\\\/image\\\/\",\"url\":\"https:\\\/\\\/cvinoticias.com\\\/wp-content\\\/uploads\\\/2023\\\/04\\\/cropped-cropped-cropped-cropped-cropped-3-1.png\",\"contentUrl\":\"https:\\\/\\\/cvinoticias.com\\\/wp-content\\\/uploads\\\/2023\\\/04\\\/cropped-cropped-cropped-cropped-cropped-3-1.png\",\"width\":95,\"height\":122,\"caption\":\"CVI NOTICIAS\"},\"image\":{\"@id\":\"https:\\\/\\\/cvinoticias.com\\\/v3\\\/#\\\/schema\\\/logo\\\/image\\\/\"},\"sameAs\":[\"https:\\\/\\\/www.facebook.com\\\/cvinoticias\",\"https:\\\/\\\/www.instagram.com\\\/cvinoticias\\\/\",\"https:\\\/\\\/www.youtube.com\\\/@CVINOTICIAS\"]},{\"@type\":\"Person\",\"@id\":\"https:\\\/\\\/cvinoticias.com\\\/v3\\\/#\\\/schema\\\/person\\\/2db77e3c6bc03c538495d7b2b8be9b66\",\"name\":\"f1000024\",\"image\":{\"@type\":\"ImageObject\",\"inLanguage\":\"es\",\"@id\":\"https:\\\/\\\/secure.gravatar.com\\\/avatar\\\/d4fe7459cfc51ff5129ce1a732bbef5928568b8092d412ef95611616376bbeed?s=96&d=mm&r=g\",\"url\":\"https:\\\/\\\/secure.gravatar.com\\\/avatar\\\/d4fe7459cfc51ff5129ce1a732bbef5928568b8092d412ef95611616376bbeed?s=96&d=mm&r=g\",\"contentUrl\":\"https:\\\/\\\/secure.gravatar.com\\\/avatar\\\/d4fe7459cfc51ff5129ce1a732bbef5928568b8092d412ef95611616376bbeed?s=96&d=mm&r=g\",\"caption\":\"f1000024\"},\"url\":\"https:\\\/\\\/cvinoticias.com\\\/v3\\\/author\\\/f1000024\\\/\"}]}<\/script>\n<!-- \/ Yoast SEO plugin. -->","yoast_head_json":{"title":"Pol\u00e9mica en Colonia Aurora por regalos en D\u00eda de la Mujer | CVI NOTICIAS","description":"En un festejo por el D\u00eda de la Mujer en Colonia Aurora regalaron escobas y baldes a las ganadoras y generaron pol\u00e9mica.","robots":{"index":"index","follow":"follow","max-snippet":"max-snippet:-1","max-image-preview":"max-image-preview:large","max-video-preview":"max-video-preview:-1"},"canonical":"https:\/\/cvinoticias.com\/v3\/polemica-en-colonia-aurora-en-un-festejo-por-el-dia-de-la-mujer-regalaron-escobas-y-baldes\/","og_locale":"es_ES","og_type":"article","og_title":"Pol\u00e9mica en Colonia Aurora por regalos en D\u00eda de la Mujer | CVI NOTICIAS","og_description":"En un festejo por el D\u00eda de la Mujer en Colonia Aurora regalaron escobas y baldes a las ganadoras y generaron pol\u00e9mica.","og_url":"https:\/\/cvinoticias.com\/v3\/polemica-en-colonia-aurora-en-un-festejo-por-el-dia-de-la-mujer-regalaron-escobas-y-baldes\/","og_site_name":"CVI NOTICIAS","article_publisher":"https:\/\/www.facebook.com\/cvinoticias","article_published_time":"2026-03-09T12:13:00+00:00","article_modified_time":"2026-03-09T12:13:01+00:00","og_image":[{"width":992,"height":761,"url":"https:\/\/cvinoticias.com\/wp-content\/uploads\/2026\/03\/md-2.webp","type":"image\/webp"}],"author":"f1000024","twitter_card":"summary_large_image","twitter_misc":{"Escrito por":"f1000024","Tiempo de lectura":"3 minutos"},"schema":{"@context":"https:\/\/schema.org","@graph":[{"@type":"Article","@id":"https:\/\/cvinoticias.com\/v3\/polemica-en-colonia-aurora-en-un-festejo-por-el-dia-de-la-mujer-regalaron-escobas-y-baldes\/#article","isPartOf":{"@id":"https:\/\/cvinoticias.com\/v3\/polemica-en-colonia-aurora-en-un-festejo-por-el-dia-de-la-mujer-regalaron-escobas-y-baldes\/"},"author":{"name":"f1000024","@id":"https:\/\/cvinoticias.com\/v3\/#\/schema\/person\/2db77e3c6bc03c538495d7b2b8be9b66"},"headline":"Pol\u00e9mica en Colonia Aurora: en un festejo por el D\u00eda de la Mujer regalaron escobas y baldes","datePublished":"2026-03-09T12:13:00+00:00","dateModified":"2026-03-09T12:13:01+00:00","mainEntityOfPage":{"@id":"https:\/\/cvinoticias.com\/v3\/polemica-en-colonia-aurora-en-un-festejo-por-el-dia-de-la-mujer-regalaron-escobas-y-baldes\/"},"wordCount":514,"commentCount":0,"publisher":{"@id":"https:\/\/cvinoticias.com\/v3\/#organization"},"image":{"@id":"https:\/\/cvinoticias.com\/v3\/polemica-en-colonia-aurora-en-un-festejo-por-el-dia-de-la-mujer-regalaron-escobas-y-baldes\/#primaryimage"},"thumbnailUrl":"https:\/\/cvinoticias.com\/wp-content\/uploads\/2026\/03\/md-2.webp","keywords":["baldes","Colonia Aurora","D\u00eda","escobas","festejo","Mujer"],"articleSection":["Sociedad"],"inLanguage":"es","potentialAction":[{"@type":"CommentAction","name":"Comment","target":["https:\/\/cvinoticias.com\/v3\/polemica-en-colonia-aurora-en-un-festejo-por-el-dia-de-la-mujer-regalaron-escobas-y-baldes\/#respond"]}]},{"@type":"WebPage","@id":"https:\/\/cvinoticias.com\/v3\/polemica-en-colonia-aurora-en-un-festejo-por-el-dia-de-la-mujer-regalaron-escobas-y-baldes\/","url":"https:\/\/cvinoticias.com\/v3\/polemica-en-colonia-aurora-en-un-festejo-por-el-dia-de-la-mujer-regalaron-escobas-y-baldes\/","name":"Pol\u00e9mica en Colonia Aurora por regalos en D\u00eda de la Mujer | CVI NOTICIAS","isPartOf":{"@id":"https:\/\/cvinoticias.com\/v3\/#website"},"primaryImageOfPage":{"@id":"https:\/\/cvinoticias.com\/v3\/polemica-en-colonia-aurora-en-un-festejo-por-el-dia-de-la-mujer-regalaron-escobas-y-baldes\/#primaryimage"},"image":{"@id":"https:\/\/cvinoticias.com\/v3\/polemica-en-colonia-aurora-en-un-festejo-por-el-dia-de-la-mujer-regalaron-escobas-y-baldes\/#primaryimage"},"thumbnailUrl":"https:\/\/cvinoticias.com\/wp-content\/uploads\/2026\/03\/md-2.webp","datePublished":"2026-03-09T12:13:00+00:00","dateModified":"2026-03-09T12:13:01+00:00","description":"En un festejo por el D\u00eda de la Mujer en Colonia Aurora regalaron escobas y baldes a las ganadoras y generaron pol\u00e9mica.","breadcrumb":{"@id":"https:\/\/cvinoticias.com\/v3\/polemica-en-colonia-aurora-en-un-festejo-por-el-dia-de-la-mujer-regalaron-escobas-y-baldes\/#breadcrumb"},"inLanguage":"es","potentialAction":[{"@type":"ReadAction","target":["https:\/\/cvinoticias.com\/v3\/polemica-en-colonia-aurora-en-un-festejo-por-el-dia-de-la-mujer-regalaron-escobas-y-baldes\/"]}]},{"@type":"ImageObject","inLanguage":"es","@id":"https:\/\/cvinoticias.com\/v3\/polemica-en-colonia-aurora-en-un-festejo-por-el-dia-de-la-mujer-regalaron-escobas-y-baldes\/#primaryimage","url":"https:\/\/cvinoticias.com\/wp-content\/uploads\/2026\/03\/md-2.webp","contentUrl":"https:\/\/cvinoticias.com\/wp-content\/uploads\/2026\/03\/md-2.webp","width":992,"height":761},{"@type":"BreadcrumbList","@id":"https:\/\/cvinoticias.com\/v3\/polemica-en-colonia-aurora-en-un-festejo-por-el-dia-de-la-mujer-regalaron-escobas-y-baldes\/#breadcrumb","itemListElement":[{"@type":"ListItem","position":1,"name":"Portada","item":"https:\/\/cvinoticias.com\/v3\/"},{"@type":"ListItem","position":2,"name":"Pol\u00e9mica en Colonia Aurora: en un festejo por el D\u00eda de la Mujer regalaron escobas y baldes"}]},{"@type":"WebSite","@id":"https:\/\/cvinoticias.com\/v3\/#website","url":"https:\/\/cvinoticias.com\/v3\/","name":"CVI NOTICIAS","description":"","publisher":{"@id":"https:\/\/cvinoticias.com\/v3\/#organization"},"alternateName":"CVI","potentialAction":[{"@type":"SearchAction","target":{"@type":"EntryPoint","urlTemplate":"https:\/\/cvinoticias.com\/v3\/?s={search_term_string}"},"query-input":{"@type":"PropertyValueSpecification","valueRequired":true,"valueName":"search_term_string"}}],"inLanguage":"es"},{"@type":"Organization","@id":"https:\/\/cvinoticias.com\/v3\/#organization","name":"CVI NOTICIAS","url":"https:\/\/cvinoticias.com\/v3\/","logo":{"@type":"ImageObject","inLanguage":"es","@id":"https:\/\/cvinoticias.com\/v3\/#\/schema\/logo\/image\/","url":"https:\/\/cvinoticias.com\/wp-content\/uploads\/2023\/04\/cropped-cropped-cropped-cropped-cropped-3-1.png","contentUrl":"https:\/\/cvinoticias.com\/wp-content\/uploads\/2023\/04\/cropped-cropped-cropped-cropped-cropped-3-1.png","width":95,"height":122,"caption":"CVI NOTICIAS"},"image":{"@id":"https:\/\/cvinoticias.com\/v3\/#\/schema\/logo\/image\/"},"sameAs":["https:\/\/www.facebook.com\/cvinoticias","https:\/\/www.instagram.com\/cvinoticias\/","https:\/\/www.youtube.com\/@CVINOTICIAS"]},{"@type":"Person","@id":"https:\/\/cvinoticias.com\/v3\/#\/schema\/person\/2db77e3c6bc03c538495d7b2b8be9b66","name":"f1000024","image":{"@type":"ImageObject","inLanguage":"es","@id":"https:\/\/secure.gravatar.com\/avatar\/d4fe7459cfc51ff5129ce1a732bbef5928568b8092d412ef95611616376bbeed?s=96&d=mm&r=g","url":"https:\/\/secure.gravatar.com\/avatar\/d4fe7459cfc51ff5129ce1a732bbef5928568b8092d412ef95611616376bbeed?s=96&d=mm&r=g","contentUrl":"https:\/\/secure.gravatar.com\/avatar\/d4fe7459cfc51ff5129ce1a732bbef5928568b8092d412ef95611616376bbeed?s=96&d=mm&r=g","caption":"f1000024"},"url":"https:\/\/cvinoticias.com\/v3\/author\/f1000024\/"}]}},"_links":{"self":[{"href":"https:\/\/cvinoticias.com\/v3\/wp-json\/wp\/v2\/posts\/55370","targetHints":{"allow":["GET"]}}],"collection":[{"href":"https:\/\/cvinoticias.com\/v3\/wp-json\/wp\/v2\/posts"}],"about":[{"href":"https:\/\/cvinoticias.com\/v3\/wp-json\/wp\/v2\/types\/post"}],"author":[{"embeddable":true,"href":"https:\/\/cvinoticias.com\/v3\/wp-json\/wp\/v2\/users\/2"}],"replies":[{"embeddable":true,"href":"https:\/\/cvinoticias.com\/v3\/wp-json\/wp\/v2\/comments?post=55370"}],"version-history":[{"count":1,"href":"https:\/\/cvinoticias.com\/v3\/wp-json\/wp\/v2\/posts\/55370\/revisions"}],"predecessor-version":[{"id":55372,"href":"https:\/\/cvinoticias.com\/v3\/wp-json\/wp\/v2\/posts\/55370\/revisions\/55372"}],"wp:featuredmedia":[{"embeddable":true,"href":"https:\/\/cvinoticias.com\/v3\/wp-json\/wp\/v2\/media\/55371"}],"wp:attachment":[{"href":"https:\/\/cvinoticias.com\/v3\/wp-json\/wp\/v2\/media?parent=55370"}],"wp:term":[{"taxonomy":"category","embeddable":true,"href":"https:\/\/cvinoticias.com\/v3\/wp-json\/wp\/v2\/categories?post=55370"},{"taxonomy":"post_tag","embeddable":true,"href":"https:\/\/cvinoticias.com\/v3\/wp-json\/wp\/v2\/tags?post=55370"}],"curies":[{"name":"wp","href":"https:\/\/api.w.org\/{rel}","templated":true}]}}