{"id":55206,"date":"2026-03-05T08:41:37","date_gmt":"2026-03-05T11:41:37","guid":{"rendered":"https:\/\/cvinoticias.com\/v3\/?p=55206"},"modified":"2026-03-05T08:41:38","modified_gmt":"2026-03-05T11:41:38","slug":"passalacqua-acompano-operativo-oftalmologico-en-panambi-y-destaco-el-impacto-social-del-programa-mirar-mejor","status":"publish","type":"post","link":"https:\/\/cvinoticias.com\/v3\/passalacqua-acompano-operativo-oftalmologico-en-panambi-y-destaco-el-impacto-social-del-programa-mirar-mejor\/","title":{"rendered":"Passalacqua acompa\u00f1\u00f3 operativo oftalmol\u00f3gico en Panamb\u00ed y destac\u00f3 el impacto social del programa Mirar Mejor"},"content":{"rendered":"\n<p>El gobernador de Hugo Passalacqua particip\u00f3 de un nuevo operativo del programa Mirar Mejor que se desarroll\u00f3 en la delegaci\u00f3n municipal de Panamb\u00ed. La jornada form\u00f3 parte del recorrido previsto para 2026 y marc\u00f3 una nueva etapa del plan provincial que brinda atenci\u00f3n oftalmol\u00f3gica gratuita a vecinos de distintas localidades.<\/p>\n\n\n\n<p>Durante la actividad, el mandatario recorri\u00f3 el espacio de atenci\u00f3n, dialog\u00f3 con profesionales de la salud y comparti\u00f3 momentos con los vecinos que se acercaron para realizar controles visuales. En ese marco, destac\u00f3 la importancia de este tipo de operativos territoriales y se\u00f1al\u00f3 que el acceso a anteojos y tratamientos oftalmol\u00f3gicos puede significar un cambio importante en la vida cotidiana de muchas personas.<\/p>\n\n\n\n<p>El programa cuenta con el acompa\u00f1amiento de la Sociedad Oftalmol\u00f3gica de Misiones y suma nuevas herramientas tecnol\u00f3gicas para mejorar la calidad de los diagn\u00f3sticos. Entre los equipos incorporados se encuentra un autorrefract\u00f3metro de \u00faltima generaci\u00f3n, que permite medir en un mismo procedimiento la graduaci\u00f3n de la vista y la presi\u00f3n ocular, optimizando el tiempo de atenci\u00f3n de los pacientes.<\/p>\n\n\n\n<h3 class=\"wp-block-heading\">Atenci\u00f3n gratuita y detecci\u00f3n de patolog\u00edas<\/h3>\n\n\n\n<p>Los operativos incluyen controles visuales completos, diagn\u00f3stico de problemas de visi\u00f3n y la entrega gratuita de anteojos a quienes los necesiten. En casos donde se detectan patolog\u00edas m\u00e1s complejas, como cataratas u otras afecciones, los pacientes son derivados para tratamiento especializado.<\/p>\n\n\n\n<p>En ese sentido, el sistema de derivaci\u00f3n se articula con el Hospital Escuela de Agudos Dr. Ram\u00f3n Madariaga, donde recientemente se incorpor\u00f3 equipamiento de alta complejidad para cirug\u00edas oftalmol\u00f3gicas, lo que permite resolver distintos tratamientos dentro de la provincia.<\/p>\n\n\n\n<h3 class=\"wp-block-heading\">Un programa con presencia en toda la provincia<\/h3>\n\n\n\n<p>Desde el inicio de la iniciativa, el programa ya brind\u00f3 asistencia a m\u00e1s de seis mil personas en distintos puntos de la provincia. El objetivo para este a\u00f1o es ampliar el alcance territorial y continuar con operativos semanales en municipios del interior.<\/p>\n\n\n\n<p>Las autoridades provinciales indicaron que la meta es llegar progresivamente a los 79 municipios misioneros, priorizando aquellas localidades que cuentan con menor acceso a especialistas o servicios \u00f3pticos.<\/p>\n\n\n\n<h3 class=\"wp-block-heading\">Impacto en la comunidad<\/h3>\n\n\n\n<p>El intendente de Rosendo Fuchs valor\u00f3 la llegada del operativo a la localidad y destac\u00f3 que este tipo de iniciativas permite que vecinos que no cuentan con recursos para consultas privadas puedan acceder a controles y tratamientos.<\/p>\n\n\n\n<p>Por su parte, desde el IPLyC se\u00f1alaron que el programa forma parte de una pol\u00edtica social que busca acercar servicios de salud al territorio, especialmente en comunidades donde el acceso a atenci\u00f3n oftalmol\u00f3gica suele ser limitado.<\/p>\n\n\n\n<p>Adem\u00e1s de la atenci\u00f3n m\u00e9dica, las jornadas incluyen la entrega de l\u00edquidos para limpieza de anteojos y refrigerios para quienes participan de los operativos, incorporando as\u00ed nuevas prestaciones dentro del dispositivo sanitario itinerante.<\/p>\n\n\n\n<p>Con la continuidad del programa durante 2026, el Gobierno provincial busca reforzar la cobertura en el interior misionero y garantizar que m\u00e1s vecinos puedan acceder a diagn\u00f3sticos tempranos y tratamientos visuales sin costo.<\/p>\n\n\n\n<p>Fuente: Canal 12 Misiones<\/p>\n","protected":false},"excerpt":{"rendered":"<p>El gobernador de Hugo Passalacqua particip\u00f3 de un nuevo operativo del programa Mirar Mejor que se desarroll\u00f3 en la delegaci\u00f3n municipal de Panamb\u00ed. La jornada form\u00f3 parte del recorrido previsto para 2026 y marc\u00f3 una nueva etapa del plan provincial que brinda atenci\u00f3n oftalmol\u00f3gica gratuita a vecinos de distintas localidades. Durante la actividad, el mandatario [&hellip;]<\/p>\n","protected":false},"author":2,"featured_media":55207,"comment_status":"open","ping_status":"closed","sticky":false,"template":"","format":"standard","meta":{"footnotes":""},"categories":[42,22],"tags":[2124,1105,1431],"class_list":["post-55206","post","type-post","status-publish","format-standard","has-post-thumbnail","hentry","category-politica","category-salud","tag-mirar-mejor","tag-operativo","tag-passalacqua"],"yoast_head":"<!-- This site is optimized with the Yoast SEO plugin v27.5 - https:\/\/yoast.com\/product\/yoast-seo-wordpress\/ -->\n<title>Passalacqua particip\u00f3 del operativo Mirar Mejor en Panamb\u00ed | CVI NOTICIAS<\/title>\n<meta name=\"description\" content=\"El programa Mirar Mejor lleg\u00f3 a Panamb\u00ed con atenci\u00f3n oftalmol\u00f3gica gratuita, entrega de anteojos y nueva tecnolog\u00eda.\" \/>\n<meta name=\"robots\" content=\"index, follow, max-snippet:-1, max-image-preview:large, max-video-preview:-1\" \/>\n<link rel=\"canonical\" href=\"https:\/\/cvinoticias.com\/v3\/passalacqua-acompano-operativo-oftalmologico-en-panambi-y-destaco-el-impacto-social-del-programa-mirar-mejor\/\" \/>\n<meta property=\"og:locale\" content=\"es_ES\" \/>\n<meta property=\"og:type\" content=\"article\" \/>\n<meta property=\"og:title\" content=\"Passalacqua particip\u00f3 del operativo Mirar Mejor en Panamb\u00ed | CVI NOTICIAS\" \/>\n<meta property=\"og:description\" content=\"El programa Mirar Mejor lleg\u00f3 a Panamb\u00ed con atenci\u00f3n oftalmol\u00f3gica gratuita, entrega de anteojos y nueva tecnolog\u00eda.\" \/>\n<meta property=\"og:url\" content=\"https:\/\/cvinoticias.com\/v3\/passalacqua-acompano-operativo-oftalmologico-en-panambi-y-destaco-el-impacto-social-del-programa-mirar-mejor\/\" \/>\n<meta property=\"og:site_name\" content=\"CVI NOTICIAS\" \/>\n<meta property=\"article:publisher\" content=\"https:\/\/www.facebook.com\/cvinoticias\" \/>\n<meta property=\"article:published_time\" content=\"2026-03-05T11:41:37+00:00\" \/>\n<meta property=\"article:modified_time\" content=\"2026-03-05T11:41:38+00:00\" \/>\n<meta property=\"og:image\" content=\"https:\/\/cvinoticias.com\/wp-content\/uploads\/2026\/03\/WhatsApp-Image-2026-03-04-at-15.40.54.webp\" \/>\n\t<meta property=\"og:image:width\" content=\"1089\" \/>\n\t<meta property=\"og:image:height\" content=\"730\" \/>\n\t<meta property=\"og:image:type\" content=\"image\/webp\" \/>\n<meta name=\"author\" content=\"f1000024\" \/>\n<meta name=\"twitter:card\" content=\"summary_large_image\" \/>\n<meta name=\"twitter:label1\" content=\"Escrito por\" \/>\n\t<meta name=\"twitter:data1\" content=\"f1000024\" \/>\n\t<meta name=\"twitter:label2\" content=\"Tiempo de lectura\" \/>\n\t<meta name=\"twitter:data2\" content=\"3 minutos\" \/>\n<script type=\"application\/ld+json\" class=\"yoast-schema-graph\">{\"@context\":\"https:\\\/\\\/schema.org\",\"@graph\":[{\"@type\":\"Article\",\"@id\":\"https:\\\/\\\/cvinoticias.com\\\/v3\\\/passalacqua-acompano-operativo-oftalmologico-en-panambi-y-destaco-el-impacto-social-del-programa-mirar-mejor\\\/#article\",\"isPartOf\":{\"@id\":\"https:\\\/\\\/cvinoticias.com\\\/v3\\\/passalacqua-acompano-operativo-oftalmologico-en-panambi-y-destaco-el-impacto-social-del-programa-mirar-mejor\\\/\"},\"author\":{\"name\":\"f1000024\",\"@id\":\"https:\\\/\\\/cvinoticias.com\\\/v3\\\/#\\\/schema\\\/person\\\/2db77e3c6bc03c538495d7b2b8be9b66\"},\"headline\":\"Passalacqua acompa\u00f1\u00f3 operativo oftalmol\u00f3gico en Panamb\u00ed y destac\u00f3 el impacto social del programa Mirar Mejor\",\"datePublished\":\"2026-03-05T11:41:37+00:00\",\"dateModified\":\"2026-03-05T11:41:38+00:00\",\"mainEntityOfPage\":{\"@id\":\"https:\\\/\\\/cvinoticias.com\\\/v3\\\/passalacqua-acompano-operativo-oftalmologico-en-panambi-y-destaco-el-impacto-social-del-programa-mirar-mejor\\\/\"},\"wordCount\":533,\"commentCount\":0,\"publisher\":{\"@id\":\"https:\\\/\\\/cvinoticias.com\\\/v3\\\/#organization\"},\"image\":{\"@id\":\"https:\\\/\\\/cvinoticias.com\\\/v3\\\/passalacqua-acompano-operativo-oftalmologico-en-panambi-y-destaco-el-impacto-social-del-programa-mirar-mejor\\\/#primaryimage\"},\"thumbnailUrl\":\"https:\\\/\\\/cvinoticias.com\\\/wp-content\\\/uploads\\\/2026\\\/03\\\/WhatsApp-Image-2026-03-04-at-15.40.54.webp\",\"keywords\":[\"Mirar Mejor\",\"Operativo\",\"Passalacqua\"],\"articleSection\":[\"Politica\",\"Salud\"],\"inLanguage\":\"es\",\"potentialAction\":[{\"@type\":\"CommentAction\",\"name\":\"Comment\",\"target\":[\"https:\\\/\\\/cvinoticias.com\\\/v3\\\/passalacqua-acompano-operativo-oftalmologico-en-panambi-y-destaco-el-impacto-social-del-programa-mirar-mejor\\\/#respond\"]}]},{\"@type\":\"WebPage\",\"@id\":\"https:\\\/\\\/cvinoticias.com\\\/v3\\\/passalacqua-acompano-operativo-oftalmologico-en-panambi-y-destaco-el-impacto-social-del-programa-mirar-mejor\\\/\",\"url\":\"https:\\\/\\\/cvinoticias.com\\\/v3\\\/passalacqua-acompano-operativo-oftalmologico-en-panambi-y-destaco-el-impacto-social-del-programa-mirar-mejor\\\/\",\"name\":\"Passalacqua particip\u00f3 del operativo Mirar Mejor en Panamb\u00ed | CVI NOTICIAS\",\"isPartOf\":{\"@id\":\"https:\\\/\\\/cvinoticias.com\\\/v3\\\/#website\"},\"primaryImageOfPage\":{\"@id\":\"https:\\\/\\\/cvinoticias.com\\\/v3\\\/passalacqua-acompano-operativo-oftalmologico-en-panambi-y-destaco-el-impacto-social-del-programa-mirar-mejor\\\/#primaryimage\"},\"image\":{\"@id\":\"https:\\\/\\\/cvinoticias.com\\\/v3\\\/passalacqua-acompano-operativo-oftalmologico-en-panambi-y-destaco-el-impacto-social-del-programa-mirar-mejor\\\/#primaryimage\"},\"thumbnailUrl\":\"https:\\\/\\\/cvinoticias.com\\\/wp-content\\\/uploads\\\/2026\\\/03\\\/WhatsApp-Image-2026-03-04-at-15.40.54.webp\",\"datePublished\":\"2026-03-05T11:41:37+00:00\",\"dateModified\":\"2026-03-05T11:41:38+00:00\",\"description\":\"El programa Mirar Mejor lleg\u00f3 a Panamb\u00ed con atenci\u00f3n oftalmol\u00f3gica gratuita, entrega de anteojos y nueva tecnolog\u00eda.\",\"breadcrumb\":{\"@id\":\"https:\\\/\\\/cvinoticias.com\\\/v3\\\/passalacqua-acompano-operativo-oftalmologico-en-panambi-y-destaco-el-impacto-social-del-programa-mirar-mejor\\\/#breadcrumb\"},\"inLanguage\":\"es\",\"potentialAction\":[{\"@type\":\"ReadAction\",\"target\":[\"https:\\\/\\\/cvinoticias.com\\\/v3\\\/passalacqua-acompano-operativo-oftalmologico-en-panambi-y-destaco-el-impacto-social-del-programa-mirar-mejor\\\/\"]}]},{\"@type\":\"ImageObject\",\"inLanguage\":\"es\",\"@id\":\"https:\\\/\\\/cvinoticias.com\\\/v3\\\/passalacqua-acompano-operativo-oftalmologico-en-panambi-y-destaco-el-impacto-social-del-programa-mirar-mejor\\\/#primaryimage\",\"url\":\"https:\\\/\\\/cvinoticias.com\\\/wp-content\\\/uploads\\\/2026\\\/03\\\/WhatsApp-Image-2026-03-04-at-15.40.54.webp\",\"contentUrl\":\"https:\\\/\\\/cvinoticias.com\\\/wp-content\\\/uploads\\\/2026\\\/03\\\/WhatsApp-Image-2026-03-04-at-15.40.54.webp\",\"width\":1089,\"height\":730},{\"@type\":\"BreadcrumbList\",\"@id\":\"https:\\\/\\\/cvinoticias.com\\\/v3\\\/passalacqua-acompano-operativo-oftalmologico-en-panambi-y-destaco-el-impacto-social-del-programa-mirar-mejor\\\/#breadcrumb\",\"itemListElement\":[{\"@type\":\"ListItem\",\"position\":1,\"name\":\"Portada\",\"item\":\"https:\\\/\\\/cvinoticias.com\\\/v3\\\/\"},{\"@type\":\"ListItem\",\"position\":2,\"name\":\"Passalacqua acompa\u00f1\u00f3 operativo oftalmol\u00f3gico en Panamb\u00ed y destac\u00f3 el impacto social del programa Mirar Mejor\"}]},{\"@type\":\"WebSite\",\"@id\":\"https:\\\/\\\/cvinoticias.com\\\/v3\\\/#website\",\"url\":\"https:\\\/\\\/cvinoticias.com\\\/v3\\\/\",\"name\":\"CVI NOTICIAS\",\"description\":\"\",\"publisher\":{\"@id\":\"https:\\\/\\\/cvinoticias.com\\\/v3\\\/#organization\"},\"alternateName\":\"CVI\",\"potentialAction\":[{\"@type\":\"SearchAction\",\"target\":{\"@type\":\"EntryPoint\",\"urlTemplate\":\"https:\\\/\\\/cvinoticias.com\\\/v3\\\/?s={search_term_string}\"},\"query-input\":{\"@type\":\"PropertyValueSpecification\",\"valueRequired\":true,\"valueName\":\"search_term_string\"}}],\"inLanguage\":\"es\"},{\"@type\":\"Organization\",\"@id\":\"https:\\\/\\\/cvinoticias.com\\\/v3\\\/#organization\",\"name\":\"CVI NOTICIAS\",\"url\":\"https:\\\/\\\/cvinoticias.com\\\/v3\\\/\",\"logo\":{\"@type\":\"ImageObject\",\"inLanguage\":\"es\",\"@id\":\"https:\\\/\\\/cvinoticias.com\\\/v3\\\/#\\\/schema\\\/logo\\\/image\\\/\",\"url\":\"https:\\\/\\\/cvinoticias.com\\\/wp-content\\\/uploads\\\/2023\\\/04\\\/cropped-cropped-cropped-cropped-cropped-3-1.png\",\"contentUrl\":\"https:\\\/\\\/cvinoticias.com\\\/wp-content\\\/uploads\\\/2023\\\/04\\\/cropped-cropped-cropped-cropped-cropped-3-1.png\",\"width\":95,\"height\":122,\"caption\":\"CVI NOTICIAS\"},\"image\":{\"@id\":\"https:\\\/\\\/cvinoticias.com\\\/v3\\\/#\\\/schema\\\/logo\\\/image\\\/\"},\"sameAs\":[\"https:\\\/\\\/www.facebook.com\\\/cvinoticias\",\"https:\\\/\\\/www.instagram.com\\\/cvinoticias\\\/\",\"https:\\\/\\\/www.youtube.com\\\/@CVINOTICIAS\"]},{\"@type\":\"Person\",\"@id\":\"https:\\\/\\\/cvinoticias.com\\\/v3\\\/#\\\/schema\\\/person\\\/2db77e3c6bc03c538495d7b2b8be9b66\",\"name\":\"f1000024\",\"image\":{\"@type\":\"ImageObject\",\"inLanguage\":\"es\",\"@id\":\"https:\\\/\\\/secure.gravatar.com\\\/avatar\\\/d4fe7459cfc51ff5129ce1a732bbef5928568b8092d412ef95611616376bbeed?s=96&d=mm&r=g\",\"url\":\"https:\\\/\\\/secure.gravatar.com\\\/avatar\\\/d4fe7459cfc51ff5129ce1a732bbef5928568b8092d412ef95611616376bbeed?s=96&d=mm&r=g\",\"contentUrl\":\"https:\\\/\\\/secure.gravatar.com\\\/avatar\\\/d4fe7459cfc51ff5129ce1a732bbef5928568b8092d412ef95611616376bbeed?s=96&d=mm&r=g\",\"caption\":\"f1000024\"},\"url\":\"https:\\\/\\\/cvinoticias.com\\\/v3\\\/author\\\/f1000024\\\/\"}]}<\/script>\n<!-- \/ Yoast SEO plugin. -->","yoast_head_json":{"title":"Passalacqua particip\u00f3 del operativo Mirar Mejor en Panamb\u00ed | CVI NOTICIAS","description":"El programa Mirar Mejor lleg\u00f3 a Panamb\u00ed con atenci\u00f3n oftalmol\u00f3gica gratuita, entrega de anteojos y nueva tecnolog\u00eda.","robots":{"index":"index","follow":"follow","max-snippet":"max-snippet:-1","max-image-preview":"max-image-preview:large","max-video-preview":"max-video-preview:-1"},"canonical":"https:\/\/cvinoticias.com\/v3\/passalacqua-acompano-operativo-oftalmologico-en-panambi-y-destaco-el-impacto-social-del-programa-mirar-mejor\/","og_locale":"es_ES","og_type":"article","og_title":"Passalacqua particip\u00f3 del operativo Mirar Mejor en Panamb\u00ed | CVI NOTICIAS","og_description":"El programa Mirar Mejor lleg\u00f3 a Panamb\u00ed con atenci\u00f3n oftalmol\u00f3gica gratuita, entrega de anteojos y nueva tecnolog\u00eda.","og_url":"https:\/\/cvinoticias.com\/v3\/passalacqua-acompano-operativo-oftalmologico-en-panambi-y-destaco-el-impacto-social-del-programa-mirar-mejor\/","og_site_name":"CVI NOTICIAS","article_publisher":"https:\/\/www.facebook.com\/cvinoticias","article_published_time":"2026-03-05T11:41:37+00:00","article_modified_time":"2026-03-05T11:41:38+00:00","og_image":[{"width":1089,"height":730,"url":"https:\/\/cvinoticias.com\/wp-content\/uploads\/2026\/03\/WhatsApp-Image-2026-03-04-at-15.40.54.webp","type":"image\/webp"}],"author":"f1000024","twitter_card":"summary_large_image","twitter_misc":{"Escrito por":"f1000024","Tiempo de lectura":"3 minutos"},"schema":{"@context":"https:\/\/schema.org","@graph":[{"@type":"Article","@id":"https:\/\/cvinoticias.com\/v3\/passalacqua-acompano-operativo-oftalmologico-en-panambi-y-destaco-el-impacto-social-del-programa-mirar-mejor\/#article","isPartOf":{"@id":"https:\/\/cvinoticias.com\/v3\/passalacqua-acompano-operativo-oftalmologico-en-panambi-y-destaco-el-impacto-social-del-programa-mirar-mejor\/"},"author":{"name":"f1000024","@id":"https:\/\/cvinoticias.com\/v3\/#\/schema\/person\/2db77e3c6bc03c538495d7b2b8be9b66"},"headline":"Passalacqua acompa\u00f1\u00f3 operativo oftalmol\u00f3gico en Panamb\u00ed y destac\u00f3 el impacto social del programa Mirar Mejor","datePublished":"2026-03-05T11:41:37+00:00","dateModified":"2026-03-05T11:41:38+00:00","mainEntityOfPage":{"@id":"https:\/\/cvinoticias.com\/v3\/passalacqua-acompano-operativo-oftalmologico-en-panambi-y-destaco-el-impacto-social-del-programa-mirar-mejor\/"},"wordCount":533,"commentCount":0,"publisher":{"@id":"https:\/\/cvinoticias.com\/v3\/#organization"},"image":{"@id":"https:\/\/cvinoticias.com\/v3\/passalacqua-acompano-operativo-oftalmologico-en-panambi-y-destaco-el-impacto-social-del-programa-mirar-mejor\/#primaryimage"},"thumbnailUrl":"https:\/\/cvinoticias.com\/wp-content\/uploads\/2026\/03\/WhatsApp-Image-2026-03-04-at-15.40.54.webp","keywords":["Mirar Mejor","Operativo","Passalacqua"],"articleSection":["Politica","Salud"],"inLanguage":"es","potentialAction":[{"@type":"CommentAction","name":"Comment","target":["https:\/\/cvinoticias.com\/v3\/passalacqua-acompano-operativo-oftalmologico-en-panambi-y-destaco-el-impacto-social-del-programa-mirar-mejor\/#respond"]}]},{"@type":"WebPage","@id":"https:\/\/cvinoticias.com\/v3\/passalacqua-acompano-operativo-oftalmologico-en-panambi-y-destaco-el-impacto-social-del-programa-mirar-mejor\/","url":"https:\/\/cvinoticias.com\/v3\/passalacqua-acompano-operativo-oftalmologico-en-panambi-y-destaco-el-impacto-social-del-programa-mirar-mejor\/","name":"Passalacqua particip\u00f3 del operativo Mirar Mejor en Panamb\u00ed | CVI NOTICIAS","isPartOf":{"@id":"https:\/\/cvinoticias.com\/v3\/#website"},"primaryImageOfPage":{"@id":"https:\/\/cvinoticias.com\/v3\/passalacqua-acompano-operativo-oftalmologico-en-panambi-y-destaco-el-impacto-social-del-programa-mirar-mejor\/#primaryimage"},"image":{"@id":"https:\/\/cvinoticias.com\/v3\/passalacqua-acompano-operativo-oftalmologico-en-panambi-y-destaco-el-impacto-social-del-programa-mirar-mejor\/#primaryimage"},"thumbnailUrl":"https:\/\/cvinoticias.com\/wp-content\/uploads\/2026\/03\/WhatsApp-Image-2026-03-04-at-15.40.54.webp","datePublished":"2026-03-05T11:41:37+00:00","dateModified":"2026-03-05T11:41:38+00:00","description":"El programa Mirar Mejor lleg\u00f3 a Panamb\u00ed con atenci\u00f3n oftalmol\u00f3gica gratuita, entrega de anteojos y nueva tecnolog\u00eda.","breadcrumb":{"@id":"https:\/\/cvinoticias.com\/v3\/passalacqua-acompano-operativo-oftalmologico-en-panambi-y-destaco-el-impacto-social-del-programa-mirar-mejor\/#breadcrumb"},"inLanguage":"es","potentialAction":[{"@type":"ReadAction","target":["https:\/\/cvinoticias.com\/v3\/passalacqua-acompano-operativo-oftalmologico-en-panambi-y-destaco-el-impacto-social-del-programa-mirar-mejor\/"]}]},{"@type":"ImageObject","inLanguage":"es","@id":"https:\/\/cvinoticias.com\/v3\/passalacqua-acompano-operativo-oftalmologico-en-panambi-y-destaco-el-impacto-social-del-programa-mirar-mejor\/#primaryimage","url":"https:\/\/cvinoticias.com\/wp-content\/uploads\/2026\/03\/WhatsApp-Image-2026-03-04-at-15.40.54.webp","contentUrl":"https:\/\/cvinoticias.com\/wp-content\/uploads\/2026\/03\/WhatsApp-Image-2026-03-04-at-15.40.54.webp","width":1089,"height":730},{"@type":"BreadcrumbList","@id":"https:\/\/cvinoticias.com\/v3\/passalacqua-acompano-operativo-oftalmologico-en-panambi-y-destaco-el-impacto-social-del-programa-mirar-mejor\/#breadcrumb","itemListElement":[{"@type":"ListItem","position":1,"name":"Portada","item":"https:\/\/cvinoticias.com\/v3\/"},{"@type":"ListItem","position":2,"name":"Passalacqua acompa\u00f1\u00f3 operativo oftalmol\u00f3gico en Panamb\u00ed y destac\u00f3 el impacto social del programa Mirar Mejor"}]},{"@type":"WebSite","@id":"https:\/\/cvinoticias.com\/v3\/#website","url":"https:\/\/cvinoticias.com\/v3\/","name":"CVI NOTICIAS","description":"","publisher":{"@id":"https:\/\/cvinoticias.com\/v3\/#organization"},"alternateName":"CVI","potentialAction":[{"@type":"SearchAction","target":{"@type":"EntryPoint","urlTemplate":"https:\/\/cvinoticias.com\/v3\/?s={search_term_string}"},"query-input":{"@type":"PropertyValueSpecification","valueRequired":true,"valueName":"search_term_string"}}],"inLanguage":"es"},{"@type":"Organization","@id":"https:\/\/cvinoticias.com\/v3\/#organization","name":"CVI NOTICIAS","url":"https:\/\/cvinoticias.com\/v3\/","logo":{"@type":"ImageObject","inLanguage":"es","@id":"https:\/\/cvinoticias.com\/v3\/#\/schema\/logo\/image\/","url":"https:\/\/cvinoticias.com\/wp-content\/uploads\/2023\/04\/cropped-cropped-cropped-cropped-cropped-3-1.png","contentUrl":"https:\/\/cvinoticias.com\/wp-content\/uploads\/2023\/04\/cropped-cropped-cropped-cropped-cropped-3-1.png","width":95,"height":122,"caption":"CVI NOTICIAS"},"image":{"@id":"https:\/\/cvinoticias.com\/v3\/#\/schema\/logo\/image\/"},"sameAs":["https:\/\/www.facebook.com\/cvinoticias","https:\/\/www.instagram.com\/cvinoticias\/","https:\/\/www.youtube.com\/@CVINOTICIAS"]},{"@type":"Person","@id":"https:\/\/cvinoticias.com\/v3\/#\/schema\/person\/2db77e3c6bc03c538495d7b2b8be9b66","name":"f1000024","image":{"@type":"ImageObject","inLanguage":"es","@id":"https:\/\/secure.gravatar.com\/avatar\/d4fe7459cfc51ff5129ce1a732bbef5928568b8092d412ef95611616376bbeed?s=96&d=mm&r=g","url":"https:\/\/secure.gravatar.com\/avatar\/d4fe7459cfc51ff5129ce1a732bbef5928568b8092d412ef95611616376bbeed?s=96&d=mm&r=g","contentUrl":"https:\/\/secure.gravatar.com\/avatar\/d4fe7459cfc51ff5129ce1a732bbef5928568b8092d412ef95611616376bbeed?s=96&d=mm&r=g","caption":"f1000024"},"url":"https:\/\/cvinoticias.com\/v3\/author\/f1000024\/"}]}},"_links":{"self":[{"href":"https:\/\/cvinoticias.com\/v3\/wp-json\/wp\/v2\/posts\/55206","targetHints":{"allow":["GET"]}}],"collection":[{"href":"https:\/\/cvinoticias.com\/v3\/wp-json\/wp\/v2\/posts"}],"about":[{"href":"https:\/\/cvinoticias.com\/v3\/wp-json\/wp\/v2\/types\/post"}],"author":[{"embeddable":true,"href":"https:\/\/cvinoticias.com\/v3\/wp-json\/wp\/v2\/users\/2"}],"replies":[{"embeddable":true,"href":"https:\/\/cvinoticias.com\/v3\/wp-json\/wp\/v2\/comments?post=55206"}],"version-history":[{"count":1,"href":"https:\/\/cvinoticias.com\/v3\/wp-json\/wp\/v2\/posts\/55206\/revisions"}],"predecessor-version":[{"id":55208,"href":"https:\/\/cvinoticias.com\/v3\/wp-json\/wp\/v2\/posts\/55206\/revisions\/55208"}],"wp:featuredmedia":[{"embeddable":true,"href":"https:\/\/cvinoticias.com\/v3\/wp-json\/wp\/v2\/media\/55207"}],"wp:attachment":[{"href":"https:\/\/cvinoticias.com\/v3\/wp-json\/wp\/v2\/media?parent=55206"}],"wp:term":[{"taxonomy":"category","embeddable":true,"href":"https:\/\/cvinoticias.com\/v3\/wp-json\/wp\/v2\/categories?post=55206"},{"taxonomy":"post_tag","embeddable":true,"href":"https:\/\/cvinoticias.com\/v3\/wp-json\/wp\/v2\/tags?post=55206"}],"curies":[{"name":"wp","href":"https:\/\/api.w.org\/{rel}","templated":true}]}}