{"id":55193,"date":"2026-03-05T08:29:30","date_gmt":"2026-03-05T11:29:30","guid":{"rendered":"https:\/\/cvinoticias.com\/v3\/?p=55193"},"modified":"2026-03-05T08:29:31","modified_gmt":"2026-03-05T11:29:31","slug":"nuevo-esquema-de-subsidios-electricos-conoce-los-cambios","status":"publish","type":"post","link":"https:\/\/cvinoticias.com\/v3\/nuevo-esquema-de-subsidios-electricos-conoce-los-cambios\/","title":{"rendered":"Nuevo esquema de subsidios el\u00e9ctricos: conoc\u00e9 los cambios"},"content":{"rendered":"\n<p>Comenz\u00f3 a regir en el pa\u00eds el nuevo r\u00e9gimen de subsidios el\u00e9ctricos que modifica la forma en que el Estado aplica la asistencia sobre el consumo de energ\u00eda. El sistema, denominado Subsidios Energ\u00e9ticos Focalizados (SEF), fue establecido mediante el Decreto 943\/2025 y ya empez\u00f3 a impactar en las boletas de electricidad de distintos usuarios.<\/p>\n\n\n\n<p>El nuevo esquema reemplaza el anterior sistema de segmentaci\u00f3n por niveles de ingresos y simplifica la clasificaci\u00f3n en dos categor\u00edas: usuarios con subsidio y usuarios sin subsidio. De esta manera, la ayuda estatal se aplica \u00fanicamente a quienes est\u00e9n registrados y con datos actualizados en el Registro de Acceso a los Subsidios a la Energ\u00eda (RASE).<\/p>\n\n\n\n<h3 class=\"wp-block-heading\">C\u00f3mo se aplica el subsidio en las facturas<\/h3>\n\n\n\n<p>Seg\u00fan el nuevo r\u00e9gimen, los usuarios que conservan el beneficio reciben el subsidio solo sobre una parte del consumo mensual de energ\u00eda. Durante los meses templados \u2014marzo, abril, septiembre, octubre y noviembre\u2014 el bloque de consumo con asistencia estatal se fij\u00f3 en <strong>150 kilowatt hora (kWh) por mes<\/strong>.<\/p>\n\n\n\n<p>Esto significa que la ayuda del Estado cubre \u00fanicamente ese l\u00edmite. Toda la energ\u00eda que supere ese nivel se factura autom\u00e1ticamente a tarifa plena, sin ning\u00fan tipo de bonificaci\u00f3n. En el caso de los usuarios que no tienen subsidio, la totalidad del consumo mensual se paga sin descuentos.<\/p>\n\n\n\n<p>Especialistas se\u00f1alan que este cambio podr\u00eda sentirse con mayor fuerza en provincias con altas temperaturas, como Misiones, donde el uso de ventiladores, aires acondicionados y otros electrodom\u00e9sticos eleva el consumo el\u00e9ctrico en los hogares.<\/p>\n\n\n\n<h3 class=\"wp-block-heading\">Impacto en las pr\u00f3ximas boletas<\/h3>\n\n\n\n<p>Aunque el ajuste directo en la tarifa el\u00e9ctrica se ubica aproximadamente entre el <strong>2,4% y el 2,8%<\/strong>, el mayor impacto podr\u00eda provenir de la reducci\u00f3n del consumo subsidiado.<\/p>\n\n\n\n<p>En muchos hogares, especialmente aquellos con consumos medios o altos, superar el nuevo l\u00edmite mensual ser\u00e1 relativamente sencillo. En esos casos, una parte importante de la energ\u00eda utilizada se facturar\u00e1 sin subsidio, lo que podr\u00eda generar aumentos m\u00e1s notorios en las pr\u00f3ximas facturas.<\/p>\n\n\n\n<p>Los cambios ya comenzaron a aplicarse sobre los consumos recientes, por lo que se espera que los efectos se reflejen progresivamente en las boletas de electricidad que recibir\u00e1n los usuarios en los pr\u00f3ximos meses.<\/p>\n\n\n\n<h3 class=\"wp-block-heading\">Requisitos para mantener el subsidio<\/h3>\n\n\n\n<p>Desde el Gobierno nacional recordaron que para acceder al beneficio es indispensable estar inscripto en el sistema oficial y mantener los datos actualizados. La verificaci\u00f3n puede realizarse a trav\u00e9s del portal del registro de subsidios energ\u00e9ticos.<\/p>\n\n\n\n<p>Adem\u00e1s, el nuevo esquema tambi\u00e9n endurece algunos criterios para mantener la asistencia estatal. Entre otros puntos, podr\u00edan perder el subsidio quienes posean varios inmuebles, veh\u00edculos recientes u otros bienes considerados indicadores de mayor capacidad econ\u00f3mica.<\/p>\n\n\n\n<p>En este contexto, muchos hogares comenzaron a prestar mayor atenci\u00f3n a su consumo el\u00e9ctrico, ya que cada kilowatt que supere el l\u00edmite subsidiado se traducir\u00e1 directamente en una factura m\u00e1s alta.<\/p>\n\n\n\n<p>Fuente: Medios digitales<\/p>\n","protected":false},"excerpt":{"rendered":"<p>Comenz\u00f3 a regir en el pa\u00eds el nuevo r\u00e9gimen de subsidios el\u00e9ctricos que modifica la forma en que el Estado aplica la asistencia sobre el consumo de energ\u00eda. El sistema, denominado Subsidios Energ\u00e9ticos Focalizados (SEF), fue establecido mediante el Decreto 943\/2025 y ya empez\u00f3 a impactar en las boletas de electricidad de distintos usuarios. El [&hellip;]<\/p>\n","protected":false},"author":2,"featured_media":55194,"comment_status":"open","ping_status":"closed","sticky":false,"template":"","format":"standard","meta":{"footnotes":""},"categories":[39],"tags":[1019,357,5242,1813],"class_list":["post-55193","post","type-post","status-publish","format-standard","has-post-thumbnail","hentry","category-nacionales","tag-aumentos","tag-consumo","tag-esquema","tag-subsidios"],"yoast_head":"<!-- This site is optimized with the Yoast SEO plugin v27.5 - https:\/\/yoast.com\/product\/yoast-seo-wordpress\/ -->\n<title>Nuevo esquema de subsidios el\u00e9ctricos: qu\u00e9 cambia | CVI NOTICIAS<\/title>\n<meta name=\"description\" content=\"Desde marzo rige el nuevo esquema de subsidios el\u00e9ctricos y baja el consumo con ayuda estatal a 150 kWh por mes.\" \/>\n<meta name=\"robots\" content=\"index, follow, max-snippet:-1, max-image-preview:large, max-video-preview:-1\" \/>\n<link rel=\"canonical\" href=\"https:\/\/cvinoticias.com\/v3\/nuevo-esquema-de-subsidios-electricos-conoce-los-cambios\/\" \/>\n<meta property=\"og:locale\" content=\"es_ES\" \/>\n<meta property=\"og:type\" content=\"article\" \/>\n<meta property=\"og:title\" content=\"Nuevo esquema de subsidios el\u00e9ctricos: qu\u00e9 cambia | CVI NOTICIAS\" \/>\n<meta property=\"og:description\" content=\"Desde marzo rige el nuevo esquema de subsidios el\u00e9ctricos y baja el consumo con ayuda estatal a 150 kWh por mes.\" \/>\n<meta property=\"og:url\" content=\"https:\/\/cvinoticias.com\/v3\/nuevo-esquema-de-subsidios-electricos-conoce-los-cambios\/\" \/>\n<meta property=\"og:site_name\" content=\"CVI NOTICIAS\" \/>\n<meta property=\"article:publisher\" content=\"https:\/\/www.facebook.com\/cvinoticias\" \/>\n<meta property=\"article:published_time\" content=\"2026-03-05T11:29:30+00:00\" \/>\n<meta property=\"article:modified_time\" content=\"2026-03-05T11:29:31+00:00\" \/>\n<meta property=\"og:image\" content=\"https:\/\/cvinoticias.com\/wp-content\/uploads\/2026\/03\/subsidios-e1768858649155.webp\" \/>\n\t<meta property=\"og:image:width\" content=\"800\" \/>\n\t<meta property=\"og:image:height\" content=\"490\" \/>\n\t<meta property=\"og:image:type\" content=\"image\/webp\" \/>\n<meta name=\"author\" content=\"f1000024\" \/>\n<meta name=\"twitter:card\" content=\"summary_large_image\" \/>\n<meta name=\"twitter:label1\" content=\"Escrito por\" \/>\n\t<meta name=\"twitter:data1\" content=\"f1000024\" \/>\n\t<meta name=\"twitter:label2\" content=\"Tiempo de lectura\" \/>\n\t<meta name=\"twitter:data2\" content=\"3 minutos\" \/>\n<script type=\"application\/ld+json\" class=\"yoast-schema-graph\">{\"@context\":\"https:\\\/\\\/schema.org\",\"@graph\":[{\"@type\":\"Article\",\"@id\":\"https:\\\/\\\/cvinoticias.com\\\/v3\\\/nuevo-esquema-de-subsidios-electricos-conoce-los-cambios\\\/#article\",\"isPartOf\":{\"@id\":\"https:\\\/\\\/cvinoticias.com\\\/v3\\\/nuevo-esquema-de-subsidios-electricos-conoce-los-cambios\\\/\"},\"author\":{\"name\":\"f1000024\",\"@id\":\"https:\\\/\\\/cvinoticias.com\\\/v3\\\/#\\\/schema\\\/person\\\/2db77e3c6bc03c538495d7b2b8be9b66\"},\"headline\":\"Nuevo esquema de subsidios el\u00e9ctricos: conoc\u00e9 los cambios\",\"datePublished\":\"2026-03-05T11:29:30+00:00\",\"dateModified\":\"2026-03-05T11:29:31+00:00\",\"mainEntityOfPage\":{\"@id\":\"https:\\\/\\\/cvinoticias.com\\\/v3\\\/nuevo-esquema-de-subsidios-electricos-conoce-los-cambios\\\/\"},\"wordCount\":519,\"commentCount\":0,\"publisher\":{\"@id\":\"https:\\\/\\\/cvinoticias.com\\\/v3\\\/#organization\"},\"image\":{\"@id\":\"https:\\\/\\\/cvinoticias.com\\\/v3\\\/nuevo-esquema-de-subsidios-electricos-conoce-los-cambios\\\/#primaryimage\"},\"thumbnailUrl\":\"https:\\\/\\\/cvinoticias.com\\\/wp-content\\\/uploads\\\/2026\\\/03\\\/subsidios-e1768858649155.webp\",\"keywords\":[\"Aumentos\",\"Consumo\",\"esquema\",\"Subsidios\"],\"articleSection\":[\"Nacionales\"],\"inLanguage\":\"es\",\"potentialAction\":[{\"@type\":\"CommentAction\",\"name\":\"Comment\",\"target\":[\"https:\\\/\\\/cvinoticias.com\\\/v3\\\/nuevo-esquema-de-subsidios-electricos-conoce-los-cambios\\\/#respond\"]}]},{\"@type\":\"WebPage\",\"@id\":\"https:\\\/\\\/cvinoticias.com\\\/v3\\\/nuevo-esquema-de-subsidios-electricos-conoce-los-cambios\\\/\",\"url\":\"https:\\\/\\\/cvinoticias.com\\\/v3\\\/nuevo-esquema-de-subsidios-electricos-conoce-los-cambios\\\/\",\"name\":\"Nuevo esquema de subsidios el\u00e9ctricos: qu\u00e9 cambia | CVI NOTICIAS\",\"isPartOf\":{\"@id\":\"https:\\\/\\\/cvinoticias.com\\\/v3\\\/#website\"},\"primaryImageOfPage\":{\"@id\":\"https:\\\/\\\/cvinoticias.com\\\/v3\\\/nuevo-esquema-de-subsidios-electricos-conoce-los-cambios\\\/#primaryimage\"},\"image\":{\"@id\":\"https:\\\/\\\/cvinoticias.com\\\/v3\\\/nuevo-esquema-de-subsidios-electricos-conoce-los-cambios\\\/#primaryimage\"},\"thumbnailUrl\":\"https:\\\/\\\/cvinoticias.com\\\/wp-content\\\/uploads\\\/2026\\\/03\\\/subsidios-e1768858649155.webp\",\"datePublished\":\"2026-03-05T11:29:30+00:00\",\"dateModified\":\"2026-03-05T11:29:31+00:00\",\"description\":\"Desde marzo rige el nuevo esquema de subsidios el\u00e9ctricos y baja el consumo con ayuda estatal a 150 kWh por mes.\",\"breadcrumb\":{\"@id\":\"https:\\\/\\\/cvinoticias.com\\\/v3\\\/nuevo-esquema-de-subsidios-electricos-conoce-los-cambios\\\/#breadcrumb\"},\"inLanguage\":\"es\",\"potentialAction\":[{\"@type\":\"ReadAction\",\"target\":[\"https:\\\/\\\/cvinoticias.com\\\/v3\\\/nuevo-esquema-de-subsidios-electricos-conoce-los-cambios\\\/\"]}]},{\"@type\":\"ImageObject\",\"inLanguage\":\"es\",\"@id\":\"https:\\\/\\\/cvinoticias.com\\\/v3\\\/nuevo-esquema-de-subsidios-electricos-conoce-los-cambios\\\/#primaryimage\",\"url\":\"https:\\\/\\\/cvinoticias.com\\\/wp-content\\\/uploads\\\/2026\\\/03\\\/subsidios-e1768858649155.webp\",\"contentUrl\":\"https:\\\/\\\/cvinoticias.com\\\/wp-content\\\/uploads\\\/2026\\\/03\\\/subsidios-e1768858649155.webp\",\"width\":800,\"height\":490},{\"@type\":\"BreadcrumbList\",\"@id\":\"https:\\\/\\\/cvinoticias.com\\\/v3\\\/nuevo-esquema-de-subsidios-electricos-conoce-los-cambios\\\/#breadcrumb\",\"itemListElement\":[{\"@type\":\"ListItem\",\"position\":1,\"name\":\"Portada\",\"item\":\"https:\\\/\\\/cvinoticias.com\\\/v3\\\/\"},{\"@type\":\"ListItem\",\"position\":2,\"name\":\"Nuevo esquema de subsidios el\u00e9ctricos: conoc\u00e9 los cambios\"}]},{\"@type\":\"WebSite\",\"@id\":\"https:\\\/\\\/cvinoticias.com\\\/v3\\\/#website\",\"url\":\"https:\\\/\\\/cvinoticias.com\\\/v3\\\/\",\"name\":\"CVI NOTICIAS\",\"description\":\"\",\"publisher\":{\"@id\":\"https:\\\/\\\/cvinoticias.com\\\/v3\\\/#organization\"},\"alternateName\":\"CVI\",\"potentialAction\":[{\"@type\":\"SearchAction\",\"target\":{\"@type\":\"EntryPoint\",\"urlTemplate\":\"https:\\\/\\\/cvinoticias.com\\\/v3\\\/?s={search_term_string}\"},\"query-input\":{\"@type\":\"PropertyValueSpecification\",\"valueRequired\":true,\"valueName\":\"search_term_string\"}}],\"inLanguage\":\"es\"},{\"@type\":\"Organization\",\"@id\":\"https:\\\/\\\/cvinoticias.com\\\/v3\\\/#organization\",\"name\":\"CVI NOTICIAS\",\"url\":\"https:\\\/\\\/cvinoticias.com\\\/v3\\\/\",\"logo\":{\"@type\":\"ImageObject\",\"inLanguage\":\"es\",\"@id\":\"https:\\\/\\\/cvinoticias.com\\\/v3\\\/#\\\/schema\\\/logo\\\/image\\\/\",\"url\":\"https:\\\/\\\/cvinoticias.com\\\/wp-content\\\/uploads\\\/2023\\\/04\\\/cropped-cropped-cropped-cropped-cropped-3-1.png\",\"contentUrl\":\"https:\\\/\\\/cvinoticias.com\\\/wp-content\\\/uploads\\\/2023\\\/04\\\/cropped-cropped-cropped-cropped-cropped-3-1.png\",\"width\":95,\"height\":122,\"caption\":\"CVI NOTICIAS\"},\"image\":{\"@id\":\"https:\\\/\\\/cvinoticias.com\\\/v3\\\/#\\\/schema\\\/logo\\\/image\\\/\"},\"sameAs\":[\"https:\\\/\\\/www.facebook.com\\\/cvinoticias\",\"https:\\\/\\\/www.instagram.com\\\/cvinoticias\\\/\",\"https:\\\/\\\/www.youtube.com\\\/@CVINOTICIAS\"]},{\"@type\":\"Person\",\"@id\":\"https:\\\/\\\/cvinoticias.com\\\/v3\\\/#\\\/schema\\\/person\\\/2db77e3c6bc03c538495d7b2b8be9b66\",\"name\":\"f1000024\",\"image\":{\"@type\":\"ImageObject\",\"inLanguage\":\"es\",\"@id\":\"https:\\\/\\\/secure.gravatar.com\\\/avatar\\\/d4fe7459cfc51ff5129ce1a732bbef5928568b8092d412ef95611616376bbeed?s=96&d=mm&r=g\",\"url\":\"https:\\\/\\\/secure.gravatar.com\\\/avatar\\\/d4fe7459cfc51ff5129ce1a732bbef5928568b8092d412ef95611616376bbeed?s=96&d=mm&r=g\",\"contentUrl\":\"https:\\\/\\\/secure.gravatar.com\\\/avatar\\\/d4fe7459cfc51ff5129ce1a732bbef5928568b8092d412ef95611616376bbeed?s=96&d=mm&r=g\",\"caption\":\"f1000024\"},\"url\":\"https:\\\/\\\/cvinoticias.com\\\/v3\\\/author\\\/f1000024\\\/\"}]}<\/script>\n<!-- \/ Yoast SEO plugin. -->","yoast_head_json":{"title":"Nuevo esquema de subsidios el\u00e9ctricos: qu\u00e9 cambia | CVI NOTICIAS","description":"Desde marzo rige el nuevo esquema de subsidios el\u00e9ctricos y baja el consumo con ayuda estatal a 150 kWh por mes.","robots":{"index":"index","follow":"follow","max-snippet":"max-snippet:-1","max-image-preview":"max-image-preview:large","max-video-preview":"max-video-preview:-1"},"canonical":"https:\/\/cvinoticias.com\/v3\/nuevo-esquema-de-subsidios-electricos-conoce-los-cambios\/","og_locale":"es_ES","og_type":"article","og_title":"Nuevo esquema de subsidios el\u00e9ctricos: qu\u00e9 cambia | CVI NOTICIAS","og_description":"Desde marzo rige el nuevo esquema de subsidios el\u00e9ctricos y baja el consumo con ayuda estatal a 150 kWh por mes.","og_url":"https:\/\/cvinoticias.com\/v3\/nuevo-esquema-de-subsidios-electricos-conoce-los-cambios\/","og_site_name":"CVI NOTICIAS","article_publisher":"https:\/\/www.facebook.com\/cvinoticias","article_published_time":"2026-03-05T11:29:30+00:00","article_modified_time":"2026-03-05T11:29:31+00:00","og_image":[{"width":800,"height":490,"url":"https:\/\/cvinoticias.com\/wp-content\/uploads\/2026\/03\/subsidios-e1768858649155.webp","type":"image\/webp"}],"author":"f1000024","twitter_card":"summary_large_image","twitter_misc":{"Escrito por":"f1000024","Tiempo de lectura":"3 minutos"},"schema":{"@context":"https:\/\/schema.org","@graph":[{"@type":"Article","@id":"https:\/\/cvinoticias.com\/v3\/nuevo-esquema-de-subsidios-electricos-conoce-los-cambios\/#article","isPartOf":{"@id":"https:\/\/cvinoticias.com\/v3\/nuevo-esquema-de-subsidios-electricos-conoce-los-cambios\/"},"author":{"name":"f1000024","@id":"https:\/\/cvinoticias.com\/v3\/#\/schema\/person\/2db77e3c6bc03c538495d7b2b8be9b66"},"headline":"Nuevo esquema de subsidios el\u00e9ctricos: conoc\u00e9 los cambios","datePublished":"2026-03-05T11:29:30+00:00","dateModified":"2026-03-05T11:29:31+00:00","mainEntityOfPage":{"@id":"https:\/\/cvinoticias.com\/v3\/nuevo-esquema-de-subsidios-electricos-conoce-los-cambios\/"},"wordCount":519,"commentCount":0,"publisher":{"@id":"https:\/\/cvinoticias.com\/v3\/#organization"},"image":{"@id":"https:\/\/cvinoticias.com\/v3\/nuevo-esquema-de-subsidios-electricos-conoce-los-cambios\/#primaryimage"},"thumbnailUrl":"https:\/\/cvinoticias.com\/wp-content\/uploads\/2026\/03\/subsidios-e1768858649155.webp","keywords":["Aumentos","Consumo","esquema","Subsidios"],"articleSection":["Nacionales"],"inLanguage":"es","potentialAction":[{"@type":"CommentAction","name":"Comment","target":["https:\/\/cvinoticias.com\/v3\/nuevo-esquema-de-subsidios-electricos-conoce-los-cambios\/#respond"]}]},{"@type":"WebPage","@id":"https:\/\/cvinoticias.com\/v3\/nuevo-esquema-de-subsidios-electricos-conoce-los-cambios\/","url":"https:\/\/cvinoticias.com\/v3\/nuevo-esquema-de-subsidios-electricos-conoce-los-cambios\/","name":"Nuevo esquema de subsidios el\u00e9ctricos: qu\u00e9 cambia | CVI NOTICIAS","isPartOf":{"@id":"https:\/\/cvinoticias.com\/v3\/#website"},"primaryImageOfPage":{"@id":"https:\/\/cvinoticias.com\/v3\/nuevo-esquema-de-subsidios-electricos-conoce-los-cambios\/#primaryimage"},"image":{"@id":"https:\/\/cvinoticias.com\/v3\/nuevo-esquema-de-subsidios-electricos-conoce-los-cambios\/#primaryimage"},"thumbnailUrl":"https:\/\/cvinoticias.com\/wp-content\/uploads\/2026\/03\/subsidios-e1768858649155.webp","datePublished":"2026-03-05T11:29:30+00:00","dateModified":"2026-03-05T11:29:31+00:00","description":"Desde marzo rige el nuevo esquema de subsidios el\u00e9ctricos y baja el consumo con ayuda estatal a 150 kWh por mes.","breadcrumb":{"@id":"https:\/\/cvinoticias.com\/v3\/nuevo-esquema-de-subsidios-electricos-conoce-los-cambios\/#breadcrumb"},"inLanguage":"es","potentialAction":[{"@type":"ReadAction","target":["https:\/\/cvinoticias.com\/v3\/nuevo-esquema-de-subsidios-electricos-conoce-los-cambios\/"]}]},{"@type":"ImageObject","inLanguage":"es","@id":"https:\/\/cvinoticias.com\/v3\/nuevo-esquema-de-subsidios-electricos-conoce-los-cambios\/#primaryimage","url":"https:\/\/cvinoticias.com\/wp-content\/uploads\/2026\/03\/subsidios-e1768858649155.webp","contentUrl":"https:\/\/cvinoticias.com\/wp-content\/uploads\/2026\/03\/subsidios-e1768858649155.webp","width":800,"height":490},{"@type":"BreadcrumbList","@id":"https:\/\/cvinoticias.com\/v3\/nuevo-esquema-de-subsidios-electricos-conoce-los-cambios\/#breadcrumb","itemListElement":[{"@type":"ListItem","position":1,"name":"Portada","item":"https:\/\/cvinoticias.com\/v3\/"},{"@type":"ListItem","position":2,"name":"Nuevo esquema de subsidios el\u00e9ctricos: conoc\u00e9 los cambios"}]},{"@type":"WebSite","@id":"https:\/\/cvinoticias.com\/v3\/#website","url":"https:\/\/cvinoticias.com\/v3\/","name":"CVI NOTICIAS","description":"","publisher":{"@id":"https:\/\/cvinoticias.com\/v3\/#organization"},"alternateName":"CVI","potentialAction":[{"@type":"SearchAction","target":{"@type":"EntryPoint","urlTemplate":"https:\/\/cvinoticias.com\/v3\/?s={search_term_string}"},"query-input":{"@type":"PropertyValueSpecification","valueRequired":true,"valueName":"search_term_string"}}],"inLanguage":"es"},{"@type":"Organization","@id":"https:\/\/cvinoticias.com\/v3\/#organization","name":"CVI NOTICIAS","url":"https:\/\/cvinoticias.com\/v3\/","logo":{"@type":"ImageObject","inLanguage":"es","@id":"https:\/\/cvinoticias.com\/v3\/#\/schema\/logo\/image\/","url":"https:\/\/cvinoticias.com\/wp-content\/uploads\/2023\/04\/cropped-cropped-cropped-cropped-cropped-3-1.png","contentUrl":"https:\/\/cvinoticias.com\/wp-content\/uploads\/2023\/04\/cropped-cropped-cropped-cropped-cropped-3-1.png","width":95,"height":122,"caption":"CVI NOTICIAS"},"image":{"@id":"https:\/\/cvinoticias.com\/v3\/#\/schema\/logo\/image\/"},"sameAs":["https:\/\/www.facebook.com\/cvinoticias","https:\/\/www.instagram.com\/cvinoticias\/","https:\/\/www.youtube.com\/@CVINOTICIAS"]},{"@type":"Person","@id":"https:\/\/cvinoticias.com\/v3\/#\/schema\/person\/2db77e3c6bc03c538495d7b2b8be9b66","name":"f1000024","image":{"@type":"ImageObject","inLanguage":"es","@id":"https:\/\/secure.gravatar.com\/avatar\/d4fe7459cfc51ff5129ce1a732bbef5928568b8092d412ef95611616376bbeed?s=96&d=mm&r=g","url":"https:\/\/secure.gravatar.com\/avatar\/d4fe7459cfc51ff5129ce1a732bbef5928568b8092d412ef95611616376bbeed?s=96&d=mm&r=g","contentUrl":"https:\/\/secure.gravatar.com\/avatar\/d4fe7459cfc51ff5129ce1a732bbef5928568b8092d412ef95611616376bbeed?s=96&d=mm&r=g","caption":"f1000024"},"url":"https:\/\/cvinoticias.com\/v3\/author\/f1000024\/"}]}},"_links":{"self":[{"href":"https:\/\/cvinoticias.com\/v3\/wp-json\/wp\/v2\/posts\/55193","targetHints":{"allow":["GET"]}}],"collection":[{"href":"https:\/\/cvinoticias.com\/v3\/wp-json\/wp\/v2\/posts"}],"about":[{"href":"https:\/\/cvinoticias.com\/v3\/wp-json\/wp\/v2\/types\/post"}],"author":[{"embeddable":true,"href":"https:\/\/cvinoticias.com\/v3\/wp-json\/wp\/v2\/users\/2"}],"replies":[{"embeddable":true,"href":"https:\/\/cvinoticias.com\/v3\/wp-json\/wp\/v2\/comments?post=55193"}],"version-history":[{"count":1,"href":"https:\/\/cvinoticias.com\/v3\/wp-json\/wp\/v2\/posts\/55193\/revisions"}],"predecessor-version":[{"id":55195,"href":"https:\/\/cvinoticias.com\/v3\/wp-json\/wp\/v2\/posts\/55193\/revisions\/55195"}],"wp:featuredmedia":[{"embeddable":true,"href":"https:\/\/cvinoticias.com\/v3\/wp-json\/wp\/v2\/media\/55194"}],"wp:attachment":[{"href":"https:\/\/cvinoticias.com\/v3\/wp-json\/wp\/v2\/media?parent=55193"}],"wp:term":[{"taxonomy":"category","embeddable":true,"href":"https:\/\/cvinoticias.com\/v3\/wp-json\/wp\/v2\/categories?post=55193"},{"taxonomy":"post_tag","embeddable":true,"href":"https:\/\/cvinoticias.com\/v3\/wp-json\/wp\/v2\/tags?post=55193"}],"curies":[{"name":"wp","href":"https:\/\/api.w.org\/{rel}","templated":true}]}}