{"id":55180,"date":"2026-03-03T11:57:26","date_gmt":"2026-03-03T14:57:26","guid":{"rendered":"https:\/\/cvinoticias.com\/v3\/?p=55180"},"modified":"2026-03-04T08:18:43","modified_gmt":"2026-03-04T11:18:43","slug":"caritas-organiza-una-gran-celebracion-para-el-dia-internacional-de-la-mujer","status":"publish","type":"post","link":"https:\/\/cvinoticias.com\/v3\/caritas-organiza-una-gran-celebracion-para-el-dia-internacional-de-la-mujer\/","title":{"rendered":"C\u00e1ritas organiza una gran celebraci\u00f3n para el D\u00eda Internacional de la Mujer"},"content":{"rendered":"\n<p>Este s\u00e1bado 7 de marzo, la comunidad tiene una cita especial en la Parroquia San Roque Gonz\u00e1lez. Bajo la organizaci\u00f3n de los Emprendedores de C\u00e1ritas, se llevar\u00e1 a cabo un festival en conmemoraci\u00f3n del D\u00eda Internacional de la Mujer, dise\u00f1ado para disfrutar en familia y fortalecer el esp\u00edritu comunitario.<\/p>\n\n\n\n<p>\u200bLa jornada comenzar\u00e1 a las 18:00 horas con una feria de emprendedores y el funcionamiento de un Ecopunto, en conjunto con la iniciativa de Vecino Sustentable. Es una oportunidad ideal para apoyar la econom\u00eda local y promover el cuidado del medio ambiente a trav\u00e9s del reciclaje y la conciencia ecol\u00f3gica.<\/p>\n\n\n\n<p>\u200bA partir de las 19:30 horas, el evento sumar\u00e1 color y alegr\u00eda con la presentaci\u00f3n de artistas varios y actividades recreativas para los m\u00e1s chicos, que incluyen peloteros y juegos. Desde la organizaci\u00f3n invitan a todos los vecinos a acercarse para compartir una noche diferente, celebrando el rol de la mujer en la sociedad en un marco de encuentro y solidaridad<\/p>\n","protected":false},"excerpt":{"rendered":"<p>Este s\u00e1bado 7 de marzo, la comunidad tiene una cita especial en la Parroquia San Roque Gonz\u00e1lez. Bajo la organizaci\u00f3n de los Emprendedores de C\u00e1ritas, se llevar\u00e1 a cabo un festival en conmemoraci\u00f3n del D\u00eda Internacional de la Mujer, dise\u00f1ado para disfrutar en familia y fortalecer el esp\u00edritu comunitario. \u200bLa jornada comenzar\u00e1 a las 18:00 [&hellip;]<\/p>\n","protected":false},"author":2,"featured_media":55181,"comment_status":"open","ping_status":"closed","sticky":false,"template":"","format":"standard","meta":{"footnotes":""},"categories":[47],"tags":[1578,554,471,1197],"class_list":["post-55180","post","type-post","status-publish","format-standard","has-post-thumbnail","hentry","category-sociedad","tag-caritas","tag-dia","tag-festival","tag-mujer"],"yoast_head":"<!-- This site is optimized with the Yoast SEO plugin v27.5 - https:\/\/yoast.com\/product\/yoast-seo-wordpress\/ -->\n<title>C\u00e1ritas celebra el D\u00eda de la Mujer en Iguaz\u00fa | CVI NOTICIAS<\/title>\n<meta name=\"description\" content=\"C\u00e1ritas organiza un festival por el D\u00eda Internacional de la Mujer en la parroquia San Roque Gonz\u00e1lez.\" \/>\n<meta name=\"robots\" content=\"index, follow, max-snippet:-1, max-image-preview:large, max-video-preview:-1\" \/>\n<link rel=\"canonical\" href=\"https:\/\/cvinoticias.com\/v3\/caritas-organiza-una-gran-celebracion-para-el-dia-internacional-de-la-mujer\/\" \/>\n<meta property=\"og:locale\" content=\"es_ES\" \/>\n<meta property=\"og:type\" content=\"article\" \/>\n<meta property=\"og:title\" content=\"C\u00e1ritas celebra el D\u00eda de la Mujer en Iguaz\u00fa | CVI NOTICIAS\" \/>\n<meta property=\"og:description\" content=\"C\u00e1ritas organiza un festival por el D\u00eda Internacional de la Mujer en la parroquia San Roque Gonz\u00e1lez.\" \/>\n<meta property=\"og:url\" content=\"https:\/\/cvinoticias.com\/v3\/caritas-organiza-una-gran-celebracion-para-el-dia-internacional-de-la-mujer\/\" \/>\n<meta property=\"og:site_name\" content=\"CVI NOTICIAS\" \/>\n<meta property=\"article:publisher\" content=\"https:\/\/www.facebook.com\/cvinoticias\" \/>\n<meta property=\"article:published_time\" content=\"2026-03-03T14:57:26+00:00\" \/>\n<meta property=\"article:modified_time\" content=\"2026-03-04T11:18:43+00:00\" \/>\n<meta property=\"og:image\" content=\"https:\/\/cvinoticias.com\/wp-content\/uploads\/2026\/03\/923f4c05-2f6f-45f7-854d-25db5df671cb.jpeg\" \/>\n\t<meta property=\"og:image:width\" content=\"737\" \/>\n\t<meta property=\"og:image:height\" content=\"1280\" \/>\n\t<meta property=\"og:image:type\" content=\"image\/jpeg\" \/>\n<meta name=\"author\" content=\"f1000024\" \/>\n<meta name=\"twitter:card\" content=\"summary_large_image\" \/>\n<meta name=\"twitter:label1\" content=\"Escrito por\" \/>\n\t<meta name=\"twitter:data1\" content=\"f1000024\" \/>\n\t<meta name=\"twitter:label2\" content=\"Tiempo de lectura\" \/>\n\t<meta name=\"twitter:data2\" content=\"1 minuto\" \/>\n<script type=\"application\/ld+json\" class=\"yoast-schema-graph\">{\"@context\":\"https:\\\/\\\/schema.org\",\"@graph\":[{\"@type\":\"Article\",\"@id\":\"https:\\\/\\\/cvinoticias.com\\\/v3\\\/caritas-organiza-una-gran-celebracion-para-el-dia-internacional-de-la-mujer\\\/#article\",\"isPartOf\":{\"@id\":\"https:\\\/\\\/cvinoticias.com\\\/v3\\\/caritas-organiza-una-gran-celebracion-para-el-dia-internacional-de-la-mujer\\\/\"},\"author\":{\"name\":\"f1000024\",\"@id\":\"https:\\\/\\\/cvinoticias.com\\\/v3\\\/#\\\/schema\\\/person\\\/2db77e3c6bc03c538495d7b2b8be9b66\"},\"headline\":\"C\u00e1ritas organiza una gran celebraci\u00f3n para el D\u00eda Internacional de la Mujer\",\"datePublished\":\"2026-03-03T14:57:26+00:00\",\"dateModified\":\"2026-03-04T11:18:43+00:00\",\"mainEntityOfPage\":{\"@id\":\"https:\\\/\\\/cvinoticias.com\\\/v3\\\/caritas-organiza-una-gran-celebracion-para-el-dia-internacional-de-la-mujer\\\/\"},\"wordCount\":187,\"commentCount\":0,\"publisher\":{\"@id\":\"https:\\\/\\\/cvinoticias.com\\\/v3\\\/#organization\"},\"image\":{\"@id\":\"https:\\\/\\\/cvinoticias.com\\\/v3\\\/caritas-organiza-una-gran-celebracion-para-el-dia-internacional-de-la-mujer\\\/#primaryimage\"},\"thumbnailUrl\":\"https:\\\/\\\/cvinoticias.com\\\/wp-content\\\/uploads\\\/2026\\\/03\\\/923f4c05-2f6f-45f7-854d-25db5df671cb.jpeg\",\"keywords\":[\"Caritas\",\"D\u00eda\",\"Festival\",\"Mujer\"],\"articleSection\":[\"Sociedad\"],\"inLanguage\":\"es\",\"potentialAction\":[{\"@type\":\"CommentAction\",\"name\":\"Comment\",\"target\":[\"https:\\\/\\\/cvinoticias.com\\\/v3\\\/caritas-organiza-una-gran-celebracion-para-el-dia-internacional-de-la-mujer\\\/#respond\"]}]},{\"@type\":\"WebPage\",\"@id\":\"https:\\\/\\\/cvinoticias.com\\\/v3\\\/caritas-organiza-una-gran-celebracion-para-el-dia-internacional-de-la-mujer\\\/\",\"url\":\"https:\\\/\\\/cvinoticias.com\\\/v3\\\/caritas-organiza-una-gran-celebracion-para-el-dia-internacional-de-la-mujer\\\/\",\"name\":\"C\u00e1ritas celebra el D\u00eda de la Mujer en Iguaz\u00fa | CVI NOTICIAS\",\"isPartOf\":{\"@id\":\"https:\\\/\\\/cvinoticias.com\\\/v3\\\/#website\"},\"primaryImageOfPage\":{\"@id\":\"https:\\\/\\\/cvinoticias.com\\\/v3\\\/caritas-organiza-una-gran-celebracion-para-el-dia-internacional-de-la-mujer\\\/#primaryimage\"},\"image\":{\"@id\":\"https:\\\/\\\/cvinoticias.com\\\/v3\\\/caritas-organiza-una-gran-celebracion-para-el-dia-internacional-de-la-mujer\\\/#primaryimage\"},\"thumbnailUrl\":\"https:\\\/\\\/cvinoticias.com\\\/wp-content\\\/uploads\\\/2026\\\/03\\\/923f4c05-2f6f-45f7-854d-25db5df671cb.jpeg\",\"datePublished\":\"2026-03-03T14:57:26+00:00\",\"dateModified\":\"2026-03-04T11:18:43+00:00\",\"description\":\"C\u00e1ritas organiza un festival por el D\u00eda Internacional de la Mujer en la parroquia San Roque Gonz\u00e1lez.\",\"breadcrumb\":{\"@id\":\"https:\\\/\\\/cvinoticias.com\\\/v3\\\/caritas-organiza-una-gran-celebracion-para-el-dia-internacional-de-la-mujer\\\/#breadcrumb\"},\"inLanguage\":\"es\",\"potentialAction\":[{\"@type\":\"ReadAction\",\"target\":[\"https:\\\/\\\/cvinoticias.com\\\/v3\\\/caritas-organiza-una-gran-celebracion-para-el-dia-internacional-de-la-mujer\\\/\"]}]},{\"@type\":\"ImageObject\",\"inLanguage\":\"es\",\"@id\":\"https:\\\/\\\/cvinoticias.com\\\/v3\\\/caritas-organiza-una-gran-celebracion-para-el-dia-internacional-de-la-mujer\\\/#primaryimage\",\"url\":\"https:\\\/\\\/cvinoticias.com\\\/wp-content\\\/uploads\\\/2026\\\/03\\\/923f4c05-2f6f-45f7-854d-25db5df671cb.jpeg\",\"contentUrl\":\"https:\\\/\\\/cvinoticias.com\\\/wp-content\\\/uploads\\\/2026\\\/03\\\/923f4c05-2f6f-45f7-854d-25db5df671cb.jpeg\",\"width\":737,\"height\":1280},{\"@type\":\"BreadcrumbList\",\"@id\":\"https:\\\/\\\/cvinoticias.com\\\/v3\\\/caritas-organiza-una-gran-celebracion-para-el-dia-internacional-de-la-mujer\\\/#breadcrumb\",\"itemListElement\":[{\"@type\":\"ListItem\",\"position\":1,\"name\":\"Portada\",\"item\":\"https:\\\/\\\/cvinoticias.com\\\/v3\\\/\"},{\"@type\":\"ListItem\",\"position\":2,\"name\":\"C\u00e1ritas organiza una gran celebraci\u00f3n para el D\u00eda Internacional de la Mujer\"}]},{\"@type\":\"WebSite\",\"@id\":\"https:\\\/\\\/cvinoticias.com\\\/v3\\\/#website\",\"url\":\"https:\\\/\\\/cvinoticias.com\\\/v3\\\/\",\"name\":\"CVI NOTICIAS\",\"description\":\"\",\"publisher\":{\"@id\":\"https:\\\/\\\/cvinoticias.com\\\/v3\\\/#organization\"},\"alternateName\":\"CVI\",\"potentialAction\":[{\"@type\":\"SearchAction\",\"target\":{\"@type\":\"EntryPoint\",\"urlTemplate\":\"https:\\\/\\\/cvinoticias.com\\\/v3\\\/?s={search_term_string}\"},\"query-input\":{\"@type\":\"PropertyValueSpecification\",\"valueRequired\":true,\"valueName\":\"search_term_string\"}}],\"inLanguage\":\"es\"},{\"@type\":\"Organization\",\"@id\":\"https:\\\/\\\/cvinoticias.com\\\/v3\\\/#organization\",\"name\":\"CVI NOTICIAS\",\"url\":\"https:\\\/\\\/cvinoticias.com\\\/v3\\\/\",\"logo\":{\"@type\":\"ImageObject\",\"inLanguage\":\"es\",\"@id\":\"https:\\\/\\\/cvinoticias.com\\\/v3\\\/#\\\/schema\\\/logo\\\/image\\\/\",\"url\":\"https:\\\/\\\/cvinoticias.com\\\/wp-content\\\/uploads\\\/2023\\\/04\\\/cropped-cropped-cropped-cropped-cropped-3-1.png\",\"contentUrl\":\"https:\\\/\\\/cvinoticias.com\\\/wp-content\\\/uploads\\\/2023\\\/04\\\/cropped-cropped-cropped-cropped-cropped-3-1.png\",\"width\":95,\"height\":122,\"caption\":\"CVI NOTICIAS\"},\"image\":{\"@id\":\"https:\\\/\\\/cvinoticias.com\\\/v3\\\/#\\\/schema\\\/logo\\\/image\\\/\"},\"sameAs\":[\"https:\\\/\\\/www.facebook.com\\\/cvinoticias\",\"https:\\\/\\\/www.instagram.com\\\/cvinoticias\\\/\",\"https:\\\/\\\/www.youtube.com\\\/@CVINOTICIAS\"]},{\"@type\":\"Person\",\"@id\":\"https:\\\/\\\/cvinoticias.com\\\/v3\\\/#\\\/schema\\\/person\\\/2db77e3c6bc03c538495d7b2b8be9b66\",\"name\":\"f1000024\",\"image\":{\"@type\":\"ImageObject\",\"inLanguage\":\"es\",\"@id\":\"https:\\\/\\\/secure.gravatar.com\\\/avatar\\\/d4fe7459cfc51ff5129ce1a732bbef5928568b8092d412ef95611616376bbeed?s=96&d=mm&r=g\",\"url\":\"https:\\\/\\\/secure.gravatar.com\\\/avatar\\\/d4fe7459cfc51ff5129ce1a732bbef5928568b8092d412ef95611616376bbeed?s=96&d=mm&r=g\",\"contentUrl\":\"https:\\\/\\\/secure.gravatar.com\\\/avatar\\\/d4fe7459cfc51ff5129ce1a732bbef5928568b8092d412ef95611616376bbeed?s=96&d=mm&r=g\",\"caption\":\"f1000024\"},\"url\":\"https:\\\/\\\/cvinoticias.com\\\/v3\\\/author\\\/f1000024\\\/\"}]}<\/script>\n<!-- \/ Yoast SEO plugin. -->","yoast_head_json":{"title":"C\u00e1ritas celebra el D\u00eda de la Mujer en Iguaz\u00fa | CVI NOTICIAS","description":"C\u00e1ritas organiza un festival por el D\u00eda Internacional de la Mujer en la parroquia San Roque Gonz\u00e1lez.","robots":{"index":"index","follow":"follow","max-snippet":"max-snippet:-1","max-image-preview":"max-image-preview:large","max-video-preview":"max-video-preview:-1"},"canonical":"https:\/\/cvinoticias.com\/v3\/caritas-organiza-una-gran-celebracion-para-el-dia-internacional-de-la-mujer\/","og_locale":"es_ES","og_type":"article","og_title":"C\u00e1ritas celebra el D\u00eda de la Mujer en Iguaz\u00fa | CVI NOTICIAS","og_description":"C\u00e1ritas organiza un festival por el D\u00eda Internacional de la Mujer en la parroquia San Roque Gonz\u00e1lez.","og_url":"https:\/\/cvinoticias.com\/v3\/caritas-organiza-una-gran-celebracion-para-el-dia-internacional-de-la-mujer\/","og_site_name":"CVI NOTICIAS","article_publisher":"https:\/\/www.facebook.com\/cvinoticias","article_published_time":"2026-03-03T14:57:26+00:00","article_modified_time":"2026-03-04T11:18:43+00:00","og_image":[{"width":737,"height":1280,"url":"https:\/\/cvinoticias.com\/wp-content\/uploads\/2026\/03\/923f4c05-2f6f-45f7-854d-25db5df671cb.jpeg","type":"image\/jpeg"}],"author":"f1000024","twitter_card":"summary_large_image","twitter_misc":{"Escrito por":"f1000024","Tiempo de lectura":"1 minuto"},"schema":{"@context":"https:\/\/schema.org","@graph":[{"@type":"Article","@id":"https:\/\/cvinoticias.com\/v3\/caritas-organiza-una-gran-celebracion-para-el-dia-internacional-de-la-mujer\/#article","isPartOf":{"@id":"https:\/\/cvinoticias.com\/v3\/caritas-organiza-una-gran-celebracion-para-el-dia-internacional-de-la-mujer\/"},"author":{"name":"f1000024","@id":"https:\/\/cvinoticias.com\/v3\/#\/schema\/person\/2db77e3c6bc03c538495d7b2b8be9b66"},"headline":"C\u00e1ritas organiza una gran celebraci\u00f3n para el D\u00eda Internacional de la Mujer","datePublished":"2026-03-03T14:57:26+00:00","dateModified":"2026-03-04T11:18:43+00:00","mainEntityOfPage":{"@id":"https:\/\/cvinoticias.com\/v3\/caritas-organiza-una-gran-celebracion-para-el-dia-internacional-de-la-mujer\/"},"wordCount":187,"commentCount":0,"publisher":{"@id":"https:\/\/cvinoticias.com\/v3\/#organization"},"image":{"@id":"https:\/\/cvinoticias.com\/v3\/caritas-organiza-una-gran-celebracion-para-el-dia-internacional-de-la-mujer\/#primaryimage"},"thumbnailUrl":"https:\/\/cvinoticias.com\/wp-content\/uploads\/2026\/03\/923f4c05-2f6f-45f7-854d-25db5df671cb.jpeg","keywords":["Caritas","D\u00eda","Festival","Mujer"],"articleSection":["Sociedad"],"inLanguage":"es","potentialAction":[{"@type":"CommentAction","name":"Comment","target":["https:\/\/cvinoticias.com\/v3\/caritas-organiza-una-gran-celebracion-para-el-dia-internacional-de-la-mujer\/#respond"]}]},{"@type":"WebPage","@id":"https:\/\/cvinoticias.com\/v3\/caritas-organiza-una-gran-celebracion-para-el-dia-internacional-de-la-mujer\/","url":"https:\/\/cvinoticias.com\/v3\/caritas-organiza-una-gran-celebracion-para-el-dia-internacional-de-la-mujer\/","name":"C\u00e1ritas celebra el D\u00eda de la Mujer en Iguaz\u00fa | CVI NOTICIAS","isPartOf":{"@id":"https:\/\/cvinoticias.com\/v3\/#website"},"primaryImageOfPage":{"@id":"https:\/\/cvinoticias.com\/v3\/caritas-organiza-una-gran-celebracion-para-el-dia-internacional-de-la-mujer\/#primaryimage"},"image":{"@id":"https:\/\/cvinoticias.com\/v3\/caritas-organiza-una-gran-celebracion-para-el-dia-internacional-de-la-mujer\/#primaryimage"},"thumbnailUrl":"https:\/\/cvinoticias.com\/wp-content\/uploads\/2026\/03\/923f4c05-2f6f-45f7-854d-25db5df671cb.jpeg","datePublished":"2026-03-03T14:57:26+00:00","dateModified":"2026-03-04T11:18:43+00:00","description":"C\u00e1ritas organiza un festival por el D\u00eda Internacional de la Mujer en la parroquia San Roque Gonz\u00e1lez.","breadcrumb":{"@id":"https:\/\/cvinoticias.com\/v3\/caritas-organiza-una-gran-celebracion-para-el-dia-internacional-de-la-mujer\/#breadcrumb"},"inLanguage":"es","potentialAction":[{"@type":"ReadAction","target":["https:\/\/cvinoticias.com\/v3\/caritas-organiza-una-gran-celebracion-para-el-dia-internacional-de-la-mujer\/"]}]},{"@type":"ImageObject","inLanguage":"es","@id":"https:\/\/cvinoticias.com\/v3\/caritas-organiza-una-gran-celebracion-para-el-dia-internacional-de-la-mujer\/#primaryimage","url":"https:\/\/cvinoticias.com\/wp-content\/uploads\/2026\/03\/923f4c05-2f6f-45f7-854d-25db5df671cb.jpeg","contentUrl":"https:\/\/cvinoticias.com\/wp-content\/uploads\/2026\/03\/923f4c05-2f6f-45f7-854d-25db5df671cb.jpeg","width":737,"height":1280},{"@type":"BreadcrumbList","@id":"https:\/\/cvinoticias.com\/v3\/caritas-organiza-una-gran-celebracion-para-el-dia-internacional-de-la-mujer\/#breadcrumb","itemListElement":[{"@type":"ListItem","position":1,"name":"Portada","item":"https:\/\/cvinoticias.com\/v3\/"},{"@type":"ListItem","position":2,"name":"C\u00e1ritas organiza una gran celebraci\u00f3n para el D\u00eda Internacional de la Mujer"}]},{"@type":"WebSite","@id":"https:\/\/cvinoticias.com\/v3\/#website","url":"https:\/\/cvinoticias.com\/v3\/","name":"CVI NOTICIAS","description":"","publisher":{"@id":"https:\/\/cvinoticias.com\/v3\/#organization"},"alternateName":"CVI","potentialAction":[{"@type":"SearchAction","target":{"@type":"EntryPoint","urlTemplate":"https:\/\/cvinoticias.com\/v3\/?s={search_term_string}"},"query-input":{"@type":"PropertyValueSpecification","valueRequired":true,"valueName":"search_term_string"}}],"inLanguage":"es"},{"@type":"Organization","@id":"https:\/\/cvinoticias.com\/v3\/#organization","name":"CVI NOTICIAS","url":"https:\/\/cvinoticias.com\/v3\/","logo":{"@type":"ImageObject","inLanguage":"es","@id":"https:\/\/cvinoticias.com\/v3\/#\/schema\/logo\/image\/","url":"https:\/\/cvinoticias.com\/wp-content\/uploads\/2023\/04\/cropped-cropped-cropped-cropped-cropped-3-1.png","contentUrl":"https:\/\/cvinoticias.com\/wp-content\/uploads\/2023\/04\/cropped-cropped-cropped-cropped-cropped-3-1.png","width":95,"height":122,"caption":"CVI NOTICIAS"},"image":{"@id":"https:\/\/cvinoticias.com\/v3\/#\/schema\/logo\/image\/"},"sameAs":["https:\/\/www.facebook.com\/cvinoticias","https:\/\/www.instagram.com\/cvinoticias\/","https:\/\/www.youtube.com\/@CVINOTICIAS"]},{"@type":"Person","@id":"https:\/\/cvinoticias.com\/v3\/#\/schema\/person\/2db77e3c6bc03c538495d7b2b8be9b66","name":"f1000024","image":{"@type":"ImageObject","inLanguage":"es","@id":"https:\/\/secure.gravatar.com\/avatar\/d4fe7459cfc51ff5129ce1a732bbef5928568b8092d412ef95611616376bbeed?s=96&d=mm&r=g","url":"https:\/\/secure.gravatar.com\/avatar\/d4fe7459cfc51ff5129ce1a732bbef5928568b8092d412ef95611616376bbeed?s=96&d=mm&r=g","contentUrl":"https:\/\/secure.gravatar.com\/avatar\/d4fe7459cfc51ff5129ce1a732bbef5928568b8092d412ef95611616376bbeed?s=96&d=mm&r=g","caption":"f1000024"},"url":"https:\/\/cvinoticias.com\/v3\/author\/f1000024\/"}]}},"_links":{"self":[{"href":"https:\/\/cvinoticias.com\/v3\/wp-json\/wp\/v2\/posts\/55180","targetHints":{"allow":["GET"]}}],"collection":[{"href":"https:\/\/cvinoticias.com\/v3\/wp-json\/wp\/v2\/posts"}],"about":[{"href":"https:\/\/cvinoticias.com\/v3\/wp-json\/wp\/v2\/types\/post"}],"author":[{"embeddable":true,"href":"https:\/\/cvinoticias.com\/v3\/wp-json\/wp\/v2\/users\/2"}],"replies":[{"embeddable":true,"href":"https:\/\/cvinoticias.com\/v3\/wp-json\/wp\/v2\/comments?post=55180"}],"version-history":[{"count":1,"href":"https:\/\/cvinoticias.com\/v3\/wp-json\/wp\/v2\/posts\/55180\/revisions"}],"predecessor-version":[{"id":55182,"href":"https:\/\/cvinoticias.com\/v3\/wp-json\/wp\/v2\/posts\/55180\/revisions\/55182"}],"wp:featuredmedia":[{"embeddable":true,"href":"https:\/\/cvinoticias.com\/v3\/wp-json\/wp\/v2\/media\/55181"}],"wp:attachment":[{"href":"https:\/\/cvinoticias.com\/v3\/wp-json\/wp\/v2\/media?parent=55180"}],"wp:term":[{"taxonomy":"category","embeddable":true,"href":"https:\/\/cvinoticias.com\/v3\/wp-json\/wp\/v2\/categories?post=55180"},{"taxonomy":"post_tag","embeddable":true,"href":"https:\/\/cvinoticias.com\/v3\/wp-json\/wp\/v2\/tags?post=55180"}],"curies":[{"name":"wp","href":"https:\/\/api.w.org\/{rel}","templated":true}]}}