{"id":5498,"date":"2021-05-28T09:46:54","date_gmt":"2021-05-28T09:46:54","guid":{"rendered":"https:\/\/cvinoticias.com\/v3\/?p=5498"},"modified":"2021-05-28T09:46:54","modified_gmt":"2021-05-28T09:46:54","slug":"nuevo-record-de-contagios-en-la-argentina-41-080-casos-positivos","status":"publish","type":"post","link":"https:\/\/cvinoticias.com\/v3\/nuevo-record-de-contagios-en-la-argentina-41-080-casos-positivos\/","title":{"rendered":"Nuevo r\u00e9cord de contagios en la Argentina: 41.080 casos positivos"},"content":{"rendered":"\n<p><em><strong>Adem\u00e1s, el Ministerio de Salud de la Naci\u00f3n, inform\u00f3 que se registraron 551 muertes en las \u00faltimas 24 horas.&nbsp;El total de casos confirmados en el pa\u00eds es de 3.663.215, de los cuales 76.135 fallecieron.<\/strong><\/em><\/p>\n\n\n\n<p>Otras 551 personas murieron y 41.080 fueron reportadas con coronavirus en las \u00faltimas 24 horas en la Argentina, con lo que suman 76.135 los fallecidos registrados oficialmente a nivel nacional y 3.663.215 los contagiados desde el inicio de la pandemia, inform\u00f3 el Ministerio de Salud.<br><br>La cartera sanitaria indic\u00f3 que son 6.802 los internados en unidades de terapia intensiva, con un porcentaje de ocupaci\u00f3n de camas de adultos de 76,2% en el pa\u00eds y del 77,5% en el \u00c1rea Metropolitana Buenos Aires.<br><br>De los 3.663.215 contagiados, 3.219.474 recibi\u00f3 el alta y 367.606 son casos confirmados activos.<br><br>El reporte consign\u00f3 que fallecieron 319 hombres y 224 mujeres, mientras que 2 personas de la provincia de Buenos Aires, 1 de Entre R\u00edos, 1 de Formosa, 1 de Neuqu\u00e9n y 2 de San Juan fueron reportadas sin dato de sexo.<\/p>\n","protected":false},"excerpt":{"rendered":"<p>Adem\u00e1s, el Ministerio de Salud de la Naci\u00f3n, inform\u00f3 que se registraron 551 muertes en las \u00faltimas 24 horas.&nbsp;El total de casos confirmados en el pa\u00eds es de 3.663.215, de los cuales 76.135 fallecieron. Otras 551 personas murieron y 41.080 fueron reportadas con coronavirus en las \u00faltimas 24 horas en la Argentina, con lo que [&hellip;]<\/p>\n","protected":false},"author":2,"featured_media":5499,"comment_status":"open","ping_status":"open","sticky":false,"template":"","format":"standard","meta":{"footnotes":""},"categories":[23],"tags":[],"class_list":["post-5498","post","type-post","status-publish","format-standard","has-post-thumbnail","hentry","category-covid-19"],"yoast_head":"<!-- This site is optimized with the Yoast SEO plugin v27.5 - https:\/\/yoast.com\/product\/yoast-seo-wordpress\/ -->\n<title>Nuevo r\u00e9cord de contagios en la Argentina: 41.080 casos positivos | CVI NOTICIAS<\/title>\n<meta name=\"robots\" content=\"index, follow, max-snippet:-1, max-image-preview:large, max-video-preview:-1\" \/>\n<link rel=\"canonical\" href=\"https:\/\/cvinoticias.com\/v3\/nuevo-record-de-contagios-en-la-argentina-41-080-casos-positivos\/\" \/>\n<meta property=\"og:locale\" content=\"es_ES\" \/>\n<meta property=\"og:type\" content=\"article\" \/>\n<meta property=\"og:title\" content=\"Nuevo r\u00e9cord de contagios en la Argentina: 41.080 casos positivos | CVI NOTICIAS\" \/>\n<meta property=\"og:description\" content=\"Adem\u00e1s, el Ministerio de Salud de la Naci\u00f3n, inform\u00f3 que se registraron 551 muertes en las \u00faltimas 24 horas.&nbsp;El total de casos confirmados en el pa\u00eds es de 3.663.215, de los cuales 76.135 fallecieron. Otras 551 personas murieron y 41.080 fueron reportadas con coronavirus en las \u00faltimas 24 horas en la Argentina, con lo que [&hellip;]\" \/>\n<meta property=\"og:url\" content=\"https:\/\/cvinoticias.com\/v3\/nuevo-record-de-contagios-en-la-argentina-41-080-casos-positivos\/\" \/>\n<meta property=\"og:site_name\" content=\"CVI NOTICIAS\" \/>\n<meta property=\"article:publisher\" content=\"https:\/\/www.facebook.com\/cvinoticias\" \/>\n<meta property=\"article:published_time\" content=\"2021-05-28T09:46:54+00:00\" \/>\n<meta property=\"og:image\" content=\"https:\/\/cvinoticias.com\/wp-content\/uploads\/2021\/05\/images-1.jpeg\" \/>\n\t<meta property=\"og:image:width\" content=\"300\" \/>\n\t<meta property=\"og:image:height\" content=\"168\" \/>\n\t<meta property=\"og:image:type\" content=\"image\/jpeg\" \/>\n<meta name=\"author\" content=\"f1000024\" \/>\n<meta name=\"twitter:card\" content=\"summary_large_image\" \/>\n<meta name=\"twitter:label1\" content=\"Escrito por\" \/>\n\t<meta name=\"twitter:data1\" content=\"f1000024\" \/>\n\t<meta name=\"twitter:label2\" content=\"Tiempo de lectura\" \/>\n\t<meta name=\"twitter:data2\" content=\"1 minuto\" \/>\n<script type=\"application\/ld+json\" class=\"yoast-schema-graph\">{\"@context\":\"https:\\\/\\\/schema.org\",\"@graph\":[{\"@type\":\"Article\",\"@id\":\"https:\\\/\\\/cvinoticias.com\\\/v3\\\/nuevo-record-de-contagios-en-la-argentina-41-080-casos-positivos\\\/#article\",\"isPartOf\":{\"@id\":\"https:\\\/\\\/cvinoticias.com\\\/v3\\\/nuevo-record-de-contagios-en-la-argentina-41-080-casos-positivos\\\/\"},\"author\":{\"name\":\"f1000024\",\"@id\":\"https:\\\/\\\/cvinoticias.com\\\/v3\\\/#\\\/schema\\\/person\\\/2db77e3c6bc03c538495d7b2b8be9b66\"},\"headline\":\"Nuevo r\u00e9cord de contagios en la Argentina: 41.080 casos positivos\",\"datePublished\":\"2021-05-28T09:46:54+00:00\",\"mainEntityOfPage\":{\"@id\":\"https:\\\/\\\/cvinoticias.com\\\/v3\\\/nuevo-record-de-contagios-en-la-argentina-41-080-casos-positivos\\\/\"},\"wordCount\":168,\"commentCount\":0,\"publisher\":{\"@id\":\"https:\\\/\\\/cvinoticias.com\\\/v3\\\/#organization\"},\"image\":{\"@id\":\"https:\\\/\\\/cvinoticias.com\\\/v3\\\/nuevo-record-de-contagios-en-la-argentina-41-080-casos-positivos\\\/#primaryimage\"},\"thumbnailUrl\":\"https:\\\/\\\/cvinoticias.com\\\/wp-content\\\/uploads\\\/2021\\\/05\\\/images-1.jpeg\",\"articleSection\":[\"Covid-19\"],\"inLanguage\":\"es\",\"potentialAction\":[{\"@type\":\"CommentAction\",\"name\":\"Comment\",\"target\":[\"https:\\\/\\\/cvinoticias.com\\\/v3\\\/nuevo-record-de-contagios-en-la-argentina-41-080-casos-positivos\\\/#respond\"]}]},{\"@type\":\"WebPage\",\"@id\":\"https:\\\/\\\/cvinoticias.com\\\/v3\\\/nuevo-record-de-contagios-en-la-argentina-41-080-casos-positivos\\\/\",\"url\":\"https:\\\/\\\/cvinoticias.com\\\/v3\\\/nuevo-record-de-contagios-en-la-argentina-41-080-casos-positivos\\\/\",\"name\":\"Nuevo r\u00e9cord de contagios en la Argentina: 41.080 casos positivos | CVI NOTICIAS\",\"isPartOf\":{\"@id\":\"https:\\\/\\\/cvinoticias.com\\\/v3\\\/#website\"},\"primaryImageOfPage\":{\"@id\":\"https:\\\/\\\/cvinoticias.com\\\/v3\\\/nuevo-record-de-contagios-en-la-argentina-41-080-casos-positivos\\\/#primaryimage\"},\"image\":{\"@id\":\"https:\\\/\\\/cvinoticias.com\\\/v3\\\/nuevo-record-de-contagios-en-la-argentina-41-080-casos-positivos\\\/#primaryimage\"},\"thumbnailUrl\":\"https:\\\/\\\/cvinoticias.com\\\/wp-content\\\/uploads\\\/2021\\\/05\\\/images-1.jpeg\",\"datePublished\":\"2021-05-28T09:46:54+00:00\",\"breadcrumb\":{\"@id\":\"https:\\\/\\\/cvinoticias.com\\\/v3\\\/nuevo-record-de-contagios-en-la-argentina-41-080-casos-positivos\\\/#breadcrumb\"},\"inLanguage\":\"es\",\"potentialAction\":[{\"@type\":\"ReadAction\",\"target\":[\"https:\\\/\\\/cvinoticias.com\\\/v3\\\/nuevo-record-de-contagios-en-la-argentina-41-080-casos-positivos\\\/\"]}]},{\"@type\":\"ImageObject\",\"inLanguage\":\"es\",\"@id\":\"https:\\\/\\\/cvinoticias.com\\\/v3\\\/nuevo-record-de-contagios-en-la-argentina-41-080-casos-positivos\\\/#primaryimage\",\"url\":\"https:\\\/\\\/cvinoticias.com\\\/wp-content\\\/uploads\\\/2021\\\/05\\\/images-1.jpeg\",\"contentUrl\":\"https:\\\/\\\/cvinoticias.com\\\/wp-content\\\/uploads\\\/2021\\\/05\\\/images-1.jpeg\",\"width\":300,\"height\":168},{\"@type\":\"BreadcrumbList\",\"@id\":\"https:\\\/\\\/cvinoticias.com\\\/v3\\\/nuevo-record-de-contagios-en-la-argentina-41-080-casos-positivos\\\/#breadcrumb\",\"itemListElement\":[{\"@type\":\"ListItem\",\"position\":1,\"name\":\"Portada\",\"item\":\"https:\\\/\\\/cvinoticias.com\\\/v3\\\/\"},{\"@type\":\"ListItem\",\"position\":2,\"name\":\"Nuevo r\u00e9cord de contagios en la Argentina: 41.080 casos positivos\"}]},{\"@type\":\"WebSite\",\"@id\":\"https:\\\/\\\/cvinoticias.com\\\/v3\\\/#website\",\"url\":\"https:\\\/\\\/cvinoticias.com\\\/v3\\\/\",\"name\":\"CVI NOTICIAS\",\"description\":\"\",\"publisher\":{\"@id\":\"https:\\\/\\\/cvinoticias.com\\\/v3\\\/#organization\"},\"alternateName\":\"CVI\",\"potentialAction\":[{\"@type\":\"SearchAction\",\"target\":{\"@type\":\"EntryPoint\",\"urlTemplate\":\"https:\\\/\\\/cvinoticias.com\\\/v3\\\/?s={search_term_string}\"},\"query-input\":{\"@type\":\"PropertyValueSpecification\",\"valueRequired\":true,\"valueName\":\"search_term_string\"}}],\"inLanguage\":\"es\"},{\"@type\":\"Organization\",\"@id\":\"https:\\\/\\\/cvinoticias.com\\\/v3\\\/#organization\",\"name\":\"CVI NOTICIAS\",\"url\":\"https:\\\/\\\/cvinoticias.com\\\/v3\\\/\",\"logo\":{\"@type\":\"ImageObject\",\"inLanguage\":\"es\",\"@id\":\"https:\\\/\\\/cvinoticias.com\\\/v3\\\/#\\\/schema\\\/logo\\\/image\\\/\",\"url\":\"https:\\\/\\\/cvinoticias.com\\\/wp-content\\\/uploads\\\/2023\\\/04\\\/cropped-cropped-cropped-cropped-cropped-3-1.png\",\"contentUrl\":\"https:\\\/\\\/cvinoticias.com\\\/wp-content\\\/uploads\\\/2023\\\/04\\\/cropped-cropped-cropped-cropped-cropped-3-1.png\",\"width\":95,\"height\":122,\"caption\":\"CVI NOTICIAS\"},\"image\":{\"@id\":\"https:\\\/\\\/cvinoticias.com\\\/v3\\\/#\\\/schema\\\/logo\\\/image\\\/\"},\"sameAs\":[\"https:\\\/\\\/www.facebook.com\\\/cvinoticias\",\"https:\\\/\\\/www.instagram.com\\\/cvinoticias\\\/\",\"https:\\\/\\\/www.youtube.com\\\/@CVINOTICIAS\"]},{\"@type\":\"Person\",\"@id\":\"https:\\\/\\\/cvinoticias.com\\\/v3\\\/#\\\/schema\\\/person\\\/2db77e3c6bc03c538495d7b2b8be9b66\",\"name\":\"f1000024\",\"image\":{\"@type\":\"ImageObject\",\"inLanguage\":\"es\",\"@id\":\"https:\\\/\\\/secure.gravatar.com\\\/avatar\\\/d4fe7459cfc51ff5129ce1a732bbef5928568b8092d412ef95611616376bbeed?s=96&d=mm&r=g\",\"url\":\"https:\\\/\\\/secure.gravatar.com\\\/avatar\\\/d4fe7459cfc51ff5129ce1a732bbef5928568b8092d412ef95611616376bbeed?s=96&d=mm&r=g\",\"contentUrl\":\"https:\\\/\\\/secure.gravatar.com\\\/avatar\\\/d4fe7459cfc51ff5129ce1a732bbef5928568b8092d412ef95611616376bbeed?s=96&d=mm&r=g\",\"caption\":\"f1000024\"},\"url\":\"https:\\\/\\\/cvinoticias.com\\\/v3\\\/author\\\/f1000024\\\/\"}]}<\/script>\n<!-- \/ Yoast SEO plugin. -->","yoast_head_json":{"title":"Nuevo r\u00e9cord de contagios en la Argentina: 41.080 casos positivos | CVI NOTICIAS","robots":{"index":"index","follow":"follow","max-snippet":"max-snippet:-1","max-image-preview":"max-image-preview:large","max-video-preview":"max-video-preview:-1"},"canonical":"https:\/\/cvinoticias.com\/v3\/nuevo-record-de-contagios-en-la-argentina-41-080-casos-positivos\/","og_locale":"es_ES","og_type":"article","og_title":"Nuevo r\u00e9cord de contagios en la Argentina: 41.080 casos positivos | CVI NOTICIAS","og_description":"Adem\u00e1s, el Ministerio de Salud de la Naci\u00f3n, inform\u00f3 que se registraron 551 muertes en las \u00faltimas 24 horas.&nbsp;El total de casos confirmados en el pa\u00eds es de 3.663.215, de los cuales 76.135 fallecieron. Otras 551 personas murieron y 41.080 fueron reportadas con coronavirus en las \u00faltimas 24 horas en la Argentina, con lo que [&hellip;]","og_url":"https:\/\/cvinoticias.com\/v3\/nuevo-record-de-contagios-en-la-argentina-41-080-casos-positivos\/","og_site_name":"CVI NOTICIAS","article_publisher":"https:\/\/www.facebook.com\/cvinoticias","article_published_time":"2021-05-28T09:46:54+00:00","og_image":[{"width":300,"height":168,"url":"https:\/\/cvinoticias.com\/wp-content\/uploads\/2021\/05\/images-1.jpeg","type":"image\/jpeg"}],"author":"f1000024","twitter_card":"summary_large_image","twitter_misc":{"Escrito por":"f1000024","Tiempo de lectura":"1 minuto"},"schema":{"@context":"https:\/\/schema.org","@graph":[{"@type":"Article","@id":"https:\/\/cvinoticias.com\/v3\/nuevo-record-de-contagios-en-la-argentina-41-080-casos-positivos\/#article","isPartOf":{"@id":"https:\/\/cvinoticias.com\/v3\/nuevo-record-de-contagios-en-la-argentina-41-080-casos-positivos\/"},"author":{"name":"f1000024","@id":"https:\/\/cvinoticias.com\/v3\/#\/schema\/person\/2db77e3c6bc03c538495d7b2b8be9b66"},"headline":"Nuevo r\u00e9cord de contagios en la Argentina: 41.080 casos positivos","datePublished":"2021-05-28T09:46:54+00:00","mainEntityOfPage":{"@id":"https:\/\/cvinoticias.com\/v3\/nuevo-record-de-contagios-en-la-argentina-41-080-casos-positivos\/"},"wordCount":168,"commentCount":0,"publisher":{"@id":"https:\/\/cvinoticias.com\/v3\/#organization"},"image":{"@id":"https:\/\/cvinoticias.com\/v3\/nuevo-record-de-contagios-en-la-argentina-41-080-casos-positivos\/#primaryimage"},"thumbnailUrl":"https:\/\/cvinoticias.com\/wp-content\/uploads\/2021\/05\/images-1.jpeg","articleSection":["Covid-19"],"inLanguage":"es","potentialAction":[{"@type":"CommentAction","name":"Comment","target":["https:\/\/cvinoticias.com\/v3\/nuevo-record-de-contagios-en-la-argentina-41-080-casos-positivos\/#respond"]}]},{"@type":"WebPage","@id":"https:\/\/cvinoticias.com\/v3\/nuevo-record-de-contagios-en-la-argentina-41-080-casos-positivos\/","url":"https:\/\/cvinoticias.com\/v3\/nuevo-record-de-contagios-en-la-argentina-41-080-casos-positivos\/","name":"Nuevo r\u00e9cord de contagios en la Argentina: 41.080 casos positivos | CVI NOTICIAS","isPartOf":{"@id":"https:\/\/cvinoticias.com\/v3\/#website"},"primaryImageOfPage":{"@id":"https:\/\/cvinoticias.com\/v3\/nuevo-record-de-contagios-en-la-argentina-41-080-casos-positivos\/#primaryimage"},"image":{"@id":"https:\/\/cvinoticias.com\/v3\/nuevo-record-de-contagios-en-la-argentina-41-080-casos-positivos\/#primaryimage"},"thumbnailUrl":"https:\/\/cvinoticias.com\/wp-content\/uploads\/2021\/05\/images-1.jpeg","datePublished":"2021-05-28T09:46:54+00:00","breadcrumb":{"@id":"https:\/\/cvinoticias.com\/v3\/nuevo-record-de-contagios-en-la-argentina-41-080-casos-positivos\/#breadcrumb"},"inLanguage":"es","potentialAction":[{"@type":"ReadAction","target":["https:\/\/cvinoticias.com\/v3\/nuevo-record-de-contagios-en-la-argentina-41-080-casos-positivos\/"]}]},{"@type":"ImageObject","inLanguage":"es","@id":"https:\/\/cvinoticias.com\/v3\/nuevo-record-de-contagios-en-la-argentina-41-080-casos-positivos\/#primaryimage","url":"https:\/\/cvinoticias.com\/wp-content\/uploads\/2021\/05\/images-1.jpeg","contentUrl":"https:\/\/cvinoticias.com\/wp-content\/uploads\/2021\/05\/images-1.jpeg","width":300,"height":168},{"@type":"BreadcrumbList","@id":"https:\/\/cvinoticias.com\/v3\/nuevo-record-de-contagios-en-la-argentina-41-080-casos-positivos\/#breadcrumb","itemListElement":[{"@type":"ListItem","position":1,"name":"Portada","item":"https:\/\/cvinoticias.com\/v3\/"},{"@type":"ListItem","position":2,"name":"Nuevo r\u00e9cord de contagios en la Argentina: 41.080 casos positivos"}]},{"@type":"WebSite","@id":"https:\/\/cvinoticias.com\/v3\/#website","url":"https:\/\/cvinoticias.com\/v3\/","name":"CVI NOTICIAS","description":"","publisher":{"@id":"https:\/\/cvinoticias.com\/v3\/#organization"},"alternateName":"CVI","potentialAction":[{"@type":"SearchAction","target":{"@type":"EntryPoint","urlTemplate":"https:\/\/cvinoticias.com\/v3\/?s={search_term_string}"},"query-input":{"@type":"PropertyValueSpecification","valueRequired":true,"valueName":"search_term_string"}}],"inLanguage":"es"},{"@type":"Organization","@id":"https:\/\/cvinoticias.com\/v3\/#organization","name":"CVI NOTICIAS","url":"https:\/\/cvinoticias.com\/v3\/","logo":{"@type":"ImageObject","inLanguage":"es","@id":"https:\/\/cvinoticias.com\/v3\/#\/schema\/logo\/image\/","url":"https:\/\/cvinoticias.com\/wp-content\/uploads\/2023\/04\/cropped-cropped-cropped-cropped-cropped-3-1.png","contentUrl":"https:\/\/cvinoticias.com\/wp-content\/uploads\/2023\/04\/cropped-cropped-cropped-cropped-cropped-3-1.png","width":95,"height":122,"caption":"CVI NOTICIAS"},"image":{"@id":"https:\/\/cvinoticias.com\/v3\/#\/schema\/logo\/image\/"},"sameAs":["https:\/\/www.facebook.com\/cvinoticias","https:\/\/www.instagram.com\/cvinoticias\/","https:\/\/www.youtube.com\/@CVINOTICIAS"]},{"@type":"Person","@id":"https:\/\/cvinoticias.com\/v3\/#\/schema\/person\/2db77e3c6bc03c538495d7b2b8be9b66","name":"f1000024","image":{"@type":"ImageObject","inLanguage":"es","@id":"https:\/\/secure.gravatar.com\/avatar\/d4fe7459cfc51ff5129ce1a732bbef5928568b8092d412ef95611616376bbeed?s=96&d=mm&r=g","url":"https:\/\/secure.gravatar.com\/avatar\/d4fe7459cfc51ff5129ce1a732bbef5928568b8092d412ef95611616376bbeed?s=96&d=mm&r=g","contentUrl":"https:\/\/secure.gravatar.com\/avatar\/d4fe7459cfc51ff5129ce1a732bbef5928568b8092d412ef95611616376bbeed?s=96&d=mm&r=g","caption":"f1000024"},"url":"https:\/\/cvinoticias.com\/v3\/author\/f1000024\/"}]}},"_links":{"self":[{"href":"https:\/\/cvinoticias.com\/v3\/wp-json\/wp\/v2\/posts\/5498","targetHints":{"allow":["GET"]}}],"collection":[{"href":"https:\/\/cvinoticias.com\/v3\/wp-json\/wp\/v2\/posts"}],"about":[{"href":"https:\/\/cvinoticias.com\/v3\/wp-json\/wp\/v2\/types\/post"}],"author":[{"embeddable":true,"href":"https:\/\/cvinoticias.com\/v3\/wp-json\/wp\/v2\/users\/2"}],"replies":[{"embeddable":true,"href":"https:\/\/cvinoticias.com\/v3\/wp-json\/wp\/v2\/comments?post=5498"}],"version-history":[{"count":1,"href":"https:\/\/cvinoticias.com\/v3\/wp-json\/wp\/v2\/posts\/5498\/revisions"}],"predecessor-version":[{"id":5500,"href":"https:\/\/cvinoticias.com\/v3\/wp-json\/wp\/v2\/posts\/5498\/revisions\/5500"}],"wp:featuredmedia":[{"embeddable":true,"href":"https:\/\/cvinoticias.com\/v3\/wp-json\/wp\/v2\/media\/5499"}],"wp:attachment":[{"href":"https:\/\/cvinoticias.com\/v3\/wp-json\/wp\/v2\/media?parent=5498"}],"wp:term":[{"taxonomy":"category","embeddable":true,"href":"https:\/\/cvinoticias.com\/v3\/wp-json\/wp\/v2\/categories?post=5498"},{"taxonomy":"post_tag","embeddable":true,"href":"https:\/\/cvinoticias.com\/v3\/wp-json\/wp\/v2\/tags?post=5498"}],"curies":[{"name":"wp","href":"https:\/\/api.w.org\/{rel}","templated":true}]}}