{"id":5488,"date":"2021-05-27T23:48:04","date_gmt":"2021-05-27T23:48:04","guid":{"rendered":"https:\/\/cvinoticias.com\/v3\/?p=5488"},"modified":"2021-05-27T23:50:04","modified_gmt":"2021-05-27T23:50:04","slug":"puerto-iguazu-caritas-iguazu-realizo-el-lanzamiento-diocesano-de-su-colecta-anual-2021","status":"publish","type":"post","link":"https:\/\/cvinoticias.com\/v3\/puerto-iguazu-caritas-iguazu-realizo-el-lanzamiento-diocesano-de-su-colecta-anual-2021\/","title":{"rendered":"Puerto Iguaz\u00fa: C\u00e1ritas Iguaz\u00fa realiz\u00f3 el lanzamiento Di\u00f3cesano de su Colecta Anual 2021"},"content":{"rendered":"\n<p><strong><em>La Colecta Anual es una acci\u00f3n pastoral que C\u00e1ritas realiza en todo el pa\u00eds cada segundo domingo del mes de junio, en esta oportunidad ser\u00e1 el 12 y 13, bajo el lema \u00abEn Tiempos Dif\u00edciles Compartamos M\u00e1s\u00bb y constituye una de la principales fuentes de ingreso para el sostenimiento de los distintos programas y proyectos durante todo el a\u00f1o.<\/em><\/strong><\/p>\n\n\n\n<p>En este contexto tan particular de la pandemia de Covid-19, la situaci\u00f3n que atraviesa nuestra sociedad es dram\u00e1tica e in\u00e9dita. Y la Colecta es un aporte invalorable para poder sostener el trabajo durante y despu\u00e9s de la emergencia, cuando llegue el tiempo de recomponer entre todos las consecuencias sociales y humanas de este tiempo, acompa\u00f1ando a las personas y familias en su esfuerzo por reconstruir sus vidas. Ser\u00e1 un camino largo para el cual nos estamos preparando.<\/p>\n\n\n\n<p>Por eso este a\u00f1o, nuevamente, <strong>C\u00e1ritas basar\u00e1 su estrategia de recolecci\u00f3n de fondos en las redes sociales y en plataformas digitales de donaci\u00f3n<\/strong>, como una manera de equilibrar el tradicional formato presencial afectado por las medidas sanitarias.<\/p>\n\n\n\n<p>Compartir el tiempo, las energ\u00edas y los bienes fue una realidad muy consoladora en todo este tiempo de emergencia tan profunda que nos toc\u00f3 vivir y donde como C\u00e1ritas nos adaptamos y realizamos nuestra primera Colecta adaptada en diferentes plataformas, de manera virtual y hemos visto, nuevamente, la generosidad y solidaridad de nuestra gente reflejado en el total del monto recaudado que fue de <strong>$ 676.062,74<\/strong>, superando nuestros objetivos. Ese momento fue distribuido en tres partes, un tercio para la C\u00e1ritas Parroquial, 1\/3 para la Diocesana y el otro tercio para C\u00e1ritas Nacional que vuelve durante el a\u00f1o en proyectos o programas que se bajan para las distintas \u00c1reas como ser Econom\u00eda Social y Solidaria, MAGRE, PACD, Educaci\u00f3n.<\/p>\n\n\n\n<p>C\u00e1ritas Di\u00f3cesis de Iguaz\u00fa desde el inicio de la pandemia hasta el d\u00eda de la fecha entreg\u00f3 <strong>122.400 kg<\/strong> de alimentos distribuidos en <strong>7200 bolsones<\/strong> de aproximadamente 17 Kg cada uno y con la misma cantidad se entreg\u00f3 kit de limpieza e higiene personal. Tambi\u00e9n realiz\u00f3 aportes registrando un total\u00a0 de <strong>$700.000<\/strong> a peque\u00f1os productores y emprendedores que fueron destinados para la compra de herramientas e insumos.<\/p>\n\n\n\n<p>Desde C\u00e1ritas Di\u00f3cesis de Iguaz\u00fa se brinda asistencia y acompa\u00f1amiento para la merienda diaria de los <strong>178 centros<\/strong> que se encuentran repartidos a lo largo y ancho de toda la Di\u00f3cesis, con un total de <strong>8400 Ni\u00f1os.<\/strong><\/p>\n\n\n\n<p>Tambi\u00e9n mensualmente a trav\u00e9s del <strong>Plan Inclusi\u00f3n Educativa Ema\u00fas<\/strong> se brinda asistencia\u00a0 por medio de una <strong>beca a 29 estudiantes terciarios &#8211; universitarios<\/strong> en las distintos zonas de la Di\u00f3cesis. Por medio de otro componente<strong> \u00abBecas Familiares\u00bb<\/strong> se acompa\u00f1a con <strong>50\u00a0 becas<\/strong> <strong>familiares<\/strong> para estudiantes primarios y secundarios que se distribuyen en tres Parroquias de Iguaz\u00fa.<\/p>\n\n\n\n<p>Desde el <strong>Programa Primera Infancia<\/strong> se acompa\u00f1a en los<strong> \u00abPrimeros Mil D\u00edas\u00bb <\/strong>a los ni\u00f1os y ni\u00f1as en toda la Di\u00f3cesis, con la presencia de m\u00e1s de 20 l\u00edderes que son las que acompa\u00f1an a las mam\u00e1s desde el embarazo hasta que la criatura cumpla los 6 a\u00f1os.<\/p>\n\n\n\n<p>En lo que a <strong>merienda reforzada<\/strong> se refiere son cuatro comunidades de Iguaz\u00fa que llevan adelante ( San Isidro Labrador, San Jos\u00e9 Obrero, Jeric\u00f3 y San Lucas). En la Comunidad San Jos\u00e9 Carpintero se encuentran los <strong>\u00abJ\u00f3venes Mochileros de Ema\u00fas\u00bb<\/strong>.<\/p>\n\n\n\n<p>Hacemos un llamado a cada persona de buena voluntad a que no deje de colaborar si la parroquia de su barrio est\u00e1 cerrada o si no se ven alcanc\u00edas y voluntarios en las calles. En nuestros canales digitales tenemos dispuestos distintos tipos de sistemas para recibir donaciones v\u00eda electr\u00f3nica, sin salir de casa y de modo totalmente seguro.<\/p>\n\n\n\n<p>Cuando pase la emergencia y como sociedad podamos distendernos, cuando lo urgente deje de ocupar el centro de nuestra atenci\u00f3n y se vayan retirando los dispositivos de ayuda inmediata de los barrios m\u00e1s humildes, all\u00ed seguir\u00e1n estando los voluntarios de C\u00e1ritas acompa\u00f1ando a las familias m\u00e1s golpeadas por esta situaci\u00f3n, para brindarles la contenci\u00f3n, la ayuda material y el acompa\u00f1amiento espiritual que tanto esperan.<\/p>\n\n\n\n<p>Hoy, m\u00e1s que nunca, colabor\u00e1 con la Colecta Anual de C\u00e1ritas este 12 y 13 de Junio.<br><strong>En Tiempos Dif\u00edciles Compartamos M\u00e1s<\/strong><\/p>\n\n\n\n<p><strong><em>Realiza t\u00fa donaci\u00f3n directamente a la cuenta bancaria de:<br>C\u00e1ritas Iguaz\u00fa CBU 2850009630094015092171<\/em><\/strong><\/p>\n\n\n\n<p>#somoscaritasiguazu<br>#colectaanual2021<br>#entiemposdificilescompartamosmas<br><\/p>\n","protected":false},"excerpt":{"rendered":"<p>La Colecta Anual es una acci\u00f3n pastoral que C\u00e1ritas realiza en todo el pa\u00eds cada segundo domingo del mes de junio, en esta oportunidad ser\u00e1 el 12 y 13, bajo el lema \u00abEn Tiempos Dif\u00edciles Compartamos M\u00e1s\u00bb y constituye una de la principales fuentes de ingreso para el sostenimiento de los distintos programas y proyectos [&hellip;]<\/p>\n","protected":false},"author":2,"featured_media":5489,"comment_status":"open","ping_status":"open","sticky":false,"template":"","format":"standard","meta":{"footnotes":""},"categories":[29],"tags":[],"class_list":["post-5488","post","type-post","status-publish","format-standard","has-post-thumbnail","hentry","category-locales"],"yoast_head":"<!-- This site is optimized with the Yoast SEO plugin v27.4 - https:\/\/yoast.com\/product\/yoast-seo-wordpress\/ -->\n<title>Puerto Iguaz\u00fa: C\u00e1ritas Iguaz\u00fa realiz\u00f3 el lanzamiento Di\u00f3cesano de su Colecta Anual 2021 | CVI NOTICIAS<\/title>\n<meta name=\"robots\" content=\"index, follow, max-snippet:-1, max-image-preview:large, max-video-preview:-1\" \/>\n<link rel=\"canonical\" href=\"https:\/\/cvinoticias.com\/v3\/puerto-iguazu-caritas-iguazu-realizo-el-lanzamiento-diocesano-de-su-colecta-anual-2021\/\" \/>\n<meta property=\"og:locale\" content=\"es_ES\" \/>\n<meta property=\"og:type\" content=\"article\" \/>\n<meta property=\"og:title\" content=\"Puerto Iguaz\u00fa: C\u00e1ritas Iguaz\u00fa realiz\u00f3 el lanzamiento Di\u00f3cesano de su Colecta Anual 2021 | CVI NOTICIAS\" \/>\n<meta property=\"og:description\" content=\"La Colecta Anual es una acci\u00f3n pastoral que C\u00e1ritas realiza en todo el pa\u00eds cada segundo domingo del mes de junio, en esta oportunidad ser\u00e1 el 12 y 13, bajo el lema \u00abEn Tiempos Dif\u00edciles Compartamos M\u00e1s\u00bb y constituye una de la principales fuentes de ingreso para el sostenimiento de los distintos programas y proyectos [&hellip;]\" \/>\n<meta property=\"og:url\" content=\"https:\/\/cvinoticias.com\/v3\/puerto-iguazu-caritas-iguazu-realizo-el-lanzamiento-diocesano-de-su-colecta-anual-2021\/\" \/>\n<meta property=\"og:site_name\" content=\"CVI NOTICIAS\" \/>\n<meta property=\"article:publisher\" content=\"https:\/\/www.facebook.com\/cvinoticias\" \/>\n<meta property=\"article:published_time\" content=\"2021-05-27T23:48:04+00:00\" \/>\n<meta property=\"article:modified_time\" content=\"2021-05-27T23:50:04+00:00\" \/>\n<meta property=\"og:image\" content=\"https:\/\/cvinoticias.com\/wp-content\/uploads\/2021\/05\/FB_IMG_1622153055135.jpg\" \/>\n\t<meta property=\"og:image:width\" content=\"539\" \/>\n\t<meta property=\"og:image:height\" content=\"894\" \/>\n\t<meta property=\"og:image:type\" content=\"image\/jpeg\" \/>\n<meta name=\"author\" content=\"f1000024\" \/>\n<meta name=\"twitter:card\" content=\"summary_large_image\" \/>\n<meta name=\"twitter:label1\" content=\"Escrito por\" \/>\n\t<meta name=\"twitter:data1\" content=\"f1000024\" \/>\n\t<meta name=\"twitter:label2\" content=\"Tiempo de lectura\" \/>\n\t<meta name=\"twitter:data2\" content=\"4 minutos\" \/>\n<script type=\"application\/ld+json\" class=\"yoast-schema-graph\">{\"@context\":\"https:\\\/\\\/schema.org\",\"@graph\":[{\"@type\":\"Article\",\"@id\":\"https:\\\/\\\/cvinoticias.com\\\/v3\\\/puerto-iguazu-caritas-iguazu-realizo-el-lanzamiento-diocesano-de-su-colecta-anual-2021\\\/#article\",\"isPartOf\":{\"@id\":\"https:\\\/\\\/cvinoticias.com\\\/v3\\\/puerto-iguazu-caritas-iguazu-realizo-el-lanzamiento-diocesano-de-su-colecta-anual-2021\\\/\"},\"author\":{\"name\":\"f1000024\",\"@id\":\"https:\\\/\\\/cvinoticias.com\\\/v3\\\/#\\\/schema\\\/person\\\/2db77e3c6bc03c538495d7b2b8be9b66\"},\"headline\":\"Puerto Iguaz\u00fa: C\u00e1ritas Iguaz\u00fa realiz\u00f3 el lanzamiento Di\u00f3cesano de su Colecta Anual 2021\",\"datePublished\":\"2021-05-27T23:48:04+00:00\",\"dateModified\":\"2021-05-27T23:50:04+00:00\",\"mainEntityOfPage\":{\"@id\":\"https:\\\/\\\/cvinoticias.com\\\/v3\\\/puerto-iguazu-caritas-iguazu-realizo-el-lanzamiento-diocesano-de-su-colecta-anual-2021\\\/\"},\"wordCount\":762,\"commentCount\":0,\"publisher\":{\"@id\":\"https:\\\/\\\/cvinoticias.com\\\/v3\\\/#organization\"},\"image\":{\"@id\":\"https:\\\/\\\/cvinoticias.com\\\/v3\\\/puerto-iguazu-caritas-iguazu-realizo-el-lanzamiento-diocesano-de-su-colecta-anual-2021\\\/#primaryimage\"},\"thumbnailUrl\":\"https:\\\/\\\/cvinoticias.com\\\/wp-content\\\/uploads\\\/2021\\\/05\\\/FB_IMG_1622153055135.jpg\",\"articleSection\":[\"Locales\"],\"inLanguage\":\"es\",\"potentialAction\":[{\"@type\":\"CommentAction\",\"name\":\"Comment\",\"target\":[\"https:\\\/\\\/cvinoticias.com\\\/v3\\\/puerto-iguazu-caritas-iguazu-realizo-el-lanzamiento-diocesano-de-su-colecta-anual-2021\\\/#respond\"]}]},{\"@type\":\"WebPage\",\"@id\":\"https:\\\/\\\/cvinoticias.com\\\/v3\\\/puerto-iguazu-caritas-iguazu-realizo-el-lanzamiento-diocesano-de-su-colecta-anual-2021\\\/\",\"url\":\"https:\\\/\\\/cvinoticias.com\\\/v3\\\/puerto-iguazu-caritas-iguazu-realizo-el-lanzamiento-diocesano-de-su-colecta-anual-2021\\\/\",\"name\":\"Puerto Iguaz\u00fa: C\u00e1ritas Iguaz\u00fa realiz\u00f3 el lanzamiento Di\u00f3cesano de su Colecta Anual 2021 | CVI NOTICIAS\",\"isPartOf\":{\"@id\":\"https:\\\/\\\/cvinoticias.com\\\/v3\\\/#website\"},\"primaryImageOfPage\":{\"@id\":\"https:\\\/\\\/cvinoticias.com\\\/v3\\\/puerto-iguazu-caritas-iguazu-realizo-el-lanzamiento-diocesano-de-su-colecta-anual-2021\\\/#primaryimage\"},\"image\":{\"@id\":\"https:\\\/\\\/cvinoticias.com\\\/v3\\\/puerto-iguazu-caritas-iguazu-realizo-el-lanzamiento-diocesano-de-su-colecta-anual-2021\\\/#primaryimage\"},\"thumbnailUrl\":\"https:\\\/\\\/cvinoticias.com\\\/wp-content\\\/uploads\\\/2021\\\/05\\\/FB_IMG_1622153055135.jpg\",\"datePublished\":\"2021-05-27T23:48:04+00:00\",\"dateModified\":\"2021-05-27T23:50:04+00:00\",\"breadcrumb\":{\"@id\":\"https:\\\/\\\/cvinoticias.com\\\/v3\\\/puerto-iguazu-caritas-iguazu-realizo-el-lanzamiento-diocesano-de-su-colecta-anual-2021\\\/#breadcrumb\"},\"inLanguage\":\"es\",\"potentialAction\":[{\"@type\":\"ReadAction\",\"target\":[\"https:\\\/\\\/cvinoticias.com\\\/v3\\\/puerto-iguazu-caritas-iguazu-realizo-el-lanzamiento-diocesano-de-su-colecta-anual-2021\\\/\"]}]},{\"@type\":\"ImageObject\",\"inLanguage\":\"es\",\"@id\":\"https:\\\/\\\/cvinoticias.com\\\/v3\\\/puerto-iguazu-caritas-iguazu-realizo-el-lanzamiento-diocesano-de-su-colecta-anual-2021\\\/#primaryimage\",\"url\":\"https:\\\/\\\/cvinoticias.com\\\/wp-content\\\/uploads\\\/2021\\\/05\\\/FB_IMG_1622153055135.jpg\",\"contentUrl\":\"https:\\\/\\\/cvinoticias.com\\\/wp-content\\\/uploads\\\/2021\\\/05\\\/FB_IMG_1622153055135.jpg\",\"width\":539,\"height\":894},{\"@type\":\"BreadcrumbList\",\"@id\":\"https:\\\/\\\/cvinoticias.com\\\/v3\\\/puerto-iguazu-caritas-iguazu-realizo-el-lanzamiento-diocesano-de-su-colecta-anual-2021\\\/#breadcrumb\",\"itemListElement\":[{\"@type\":\"ListItem\",\"position\":1,\"name\":\"Portada\",\"item\":\"https:\\\/\\\/cvinoticias.com\\\/v3\\\/\"},{\"@type\":\"ListItem\",\"position\":2,\"name\":\"Puerto Iguaz\u00fa: C\u00e1ritas Iguaz\u00fa realiz\u00f3 el lanzamiento Di\u00f3cesano de su Colecta Anual 2021\"}]},{\"@type\":\"WebSite\",\"@id\":\"https:\\\/\\\/cvinoticias.com\\\/v3\\\/#website\",\"url\":\"https:\\\/\\\/cvinoticias.com\\\/v3\\\/\",\"name\":\"CVI NOTICIAS\",\"description\":\"\",\"publisher\":{\"@id\":\"https:\\\/\\\/cvinoticias.com\\\/v3\\\/#organization\"},\"alternateName\":\"CVI\",\"potentialAction\":[{\"@type\":\"SearchAction\",\"target\":{\"@type\":\"EntryPoint\",\"urlTemplate\":\"https:\\\/\\\/cvinoticias.com\\\/v3\\\/?s={search_term_string}\"},\"query-input\":{\"@type\":\"PropertyValueSpecification\",\"valueRequired\":true,\"valueName\":\"search_term_string\"}}],\"inLanguage\":\"es\"},{\"@type\":\"Organization\",\"@id\":\"https:\\\/\\\/cvinoticias.com\\\/v3\\\/#organization\",\"name\":\"CVI NOTICIAS\",\"url\":\"https:\\\/\\\/cvinoticias.com\\\/v3\\\/\",\"logo\":{\"@type\":\"ImageObject\",\"inLanguage\":\"es\",\"@id\":\"https:\\\/\\\/cvinoticias.com\\\/v3\\\/#\\\/schema\\\/logo\\\/image\\\/\",\"url\":\"https:\\\/\\\/cvinoticias.com\\\/wp-content\\\/uploads\\\/2023\\\/04\\\/cropped-cropped-cropped-cropped-cropped-3-1.png\",\"contentUrl\":\"https:\\\/\\\/cvinoticias.com\\\/wp-content\\\/uploads\\\/2023\\\/04\\\/cropped-cropped-cropped-cropped-cropped-3-1.png\",\"width\":95,\"height\":122,\"caption\":\"CVI NOTICIAS\"},\"image\":{\"@id\":\"https:\\\/\\\/cvinoticias.com\\\/v3\\\/#\\\/schema\\\/logo\\\/image\\\/\"},\"sameAs\":[\"https:\\\/\\\/www.facebook.com\\\/cvinoticias\",\"https:\\\/\\\/www.instagram.com\\\/cvinoticias\\\/\",\"https:\\\/\\\/www.youtube.com\\\/@CVINOTICIAS\"]},{\"@type\":\"Person\",\"@id\":\"https:\\\/\\\/cvinoticias.com\\\/v3\\\/#\\\/schema\\\/person\\\/2db77e3c6bc03c538495d7b2b8be9b66\",\"name\":\"f1000024\",\"image\":{\"@type\":\"ImageObject\",\"inLanguage\":\"es\",\"@id\":\"https:\\\/\\\/secure.gravatar.com\\\/avatar\\\/d4fe7459cfc51ff5129ce1a732bbef5928568b8092d412ef95611616376bbeed?s=96&d=mm&r=g\",\"url\":\"https:\\\/\\\/secure.gravatar.com\\\/avatar\\\/d4fe7459cfc51ff5129ce1a732bbef5928568b8092d412ef95611616376bbeed?s=96&d=mm&r=g\",\"contentUrl\":\"https:\\\/\\\/secure.gravatar.com\\\/avatar\\\/d4fe7459cfc51ff5129ce1a732bbef5928568b8092d412ef95611616376bbeed?s=96&d=mm&r=g\",\"caption\":\"f1000024\"},\"url\":\"https:\\\/\\\/cvinoticias.com\\\/v3\\\/author\\\/f1000024\\\/\"}]}<\/script>\n<!-- \/ Yoast SEO plugin. -->","yoast_head_json":{"title":"Puerto Iguaz\u00fa: C\u00e1ritas Iguaz\u00fa realiz\u00f3 el lanzamiento Di\u00f3cesano de su Colecta Anual 2021 | CVI NOTICIAS","robots":{"index":"index","follow":"follow","max-snippet":"max-snippet:-1","max-image-preview":"max-image-preview:large","max-video-preview":"max-video-preview:-1"},"canonical":"https:\/\/cvinoticias.com\/v3\/puerto-iguazu-caritas-iguazu-realizo-el-lanzamiento-diocesano-de-su-colecta-anual-2021\/","og_locale":"es_ES","og_type":"article","og_title":"Puerto Iguaz\u00fa: C\u00e1ritas Iguaz\u00fa realiz\u00f3 el lanzamiento Di\u00f3cesano de su Colecta Anual 2021 | CVI NOTICIAS","og_description":"La Colecta Anual es una acci\u00f3n pastoral que C\u00e1ritas realiza en todo el pa\u00eds cada segundo domingo del mes de junio, en esta oportunidad ser\u00e1 el 12 y 13, bajo el lema \u00abEn Tiempos Dif\u00edciles Compartamos M\u00e1s\u00bb y constituye una de la principales fuentes de ingreso para el sostenimiento de los distintos programas y proyectos [&hellip;]","og_url":"https:\/\/cvinoticias.com\/v3\/puerto-iguazu-caritas-iguazu-realizo-el-lanzamiento-diocesano-de-su-colecta-anual-2021\/","og_site_name":"CVI NOTICIAS","article_publisher":"https:\/\/www.facebook.com\/cvinoticias","article_published_time":"2021-05-27T23:48:04+00:00","article_modified_time":"2021-05-27T23:50:04+00:00","og_image":[{"width":539,"height":894,"url":"https:\/\/cvinoticias.com\/wp-content\/uploads\/2021\/05\/FB_IMG_1622153055135.jpg","type":"image\/jpeg"}],"author":"f1000024","twitter_card":"summary_large_image","twitter_misc":{"Escrito por":"f1000024","Tiempo de lectura":"4 minutos"},"schema":{"@context":"https:\/\/schema.org","@graph":[{"@type":"Article","@id":"https:\/\/cvinoticias.com\/v3\/puerto-iguazu-caritas-iguazu-realizo-el-lanzamiento-diocesano-de-su-colecta-anual-2021\/#article","isPartOf":{"@id":"https:\/\/cvinoticias.com\/v3\/puerto-iguazu-caritas-iguazu-realizo-el-lanzamiento-diocesano-de-su-colecta-anual-2021\/"},"author":{"name":"f1000024","@id":"https:\/\/cvinoticias.com\/v3\/#\/schema\/person\/2db77e3c6bc03c538495d7b2b8be9b66"},"headline":"Puerto Iguaz\u00fa: C\u00e1ritas Iguaz\u00fa realiz\u00f3 el lanzamiento Di\u00f3cesano de su Colecta Anual 2021","datePublished":"2021-05-27T23:48:04+00:00","dateModified":"2021-05-27T23:50:04+00:00","mainEntityOfPage":{"@id":"https:\/\/cvinoticias.com\/v3\/puerto-iguazu-caritas-iguazu-realizo-el-lanzamiento-diocesano-de-su-colecta-anual-2021\/"},"wordCount":762,"commentCount":0,"publisher":{"@id":"https:\/\/cvinoticias.com\/v3\/#organization"},"image":{"@id":"https:\/\/cvinoticias.com\/v3\/puerto-iguazu-caritas-iguazu-realizo-el-lanzamiento-diocesano-de-su-colecta-anual-2021\/#primaryimage"},"thumbnailUrl":"https:\/\/cvinoticias.com\/wp-content\/uploads\/2021\/05\/FB_IMG_1622153055135.jpg","articleSection":["Locales"],"inLanguage":"es","potentialAction":[{"@type":"CommentAction","name":"Comment","target":["https:\/\/cvinoticias.com\/v3\/puerto-iguazu-caritas-iguazu-realizo-el-lanzamiento-diocesano-de-su-colecta-anual-2021\/#respond"]}]},{"@type":"WebPage","@id":"https:\/\/cvinoticias.com\/v3\/puerto-iguazu-caritas-iguazu-realizo-el-lanzamiento-diocesano-de-su-colecta-anual-2021\/","url":"https:\/\/cvinoticias.com\/v3\/puerto-iguazu-caritas-iguazu-realizo-el-lanzamiento-diocesano-de-su-colecta-anual-2021\/","name":"Puerto Iguaz\u00fa: C\u00e1ritas Iguaz\u00fa realiz\u00f3 el lanzamiento Di\u00f3cesano de su Colecta Anual 2021 | CVI NOTICIAS","isPartOf":{"@id":"https:\/\/cvinoticias.com\/v3\/#website"},"primaryImageOfPage":{"@id":"https:\/\/cvinoticias.com\/v3\/puerto-iguazu-caritas-iguazu-realizo-el-lanzamiento-diocesano-de-su-colecta-anual-2021\/#primaryimage"},"image":{"@id":"https:\/\/cvinoticias.com\/v3\/puerto-iguazu-caritas-iguazu-realizo-el-lanzamiento-diocesano-de-su-colecta-anual-2021\/#primaryimage"},"thumbnailUrl":"https:\/\/cvinoticias.com\/wp-content\/uploads\/2021\/05\/FB_IMG_1622153055135.jpg","datePublished":"2021-05-27T23:48:04+00:00","dateModified":"2021-05-27T23:50:04+00:00","breadcrumb":{"@id":"https:\/\/cvinoticias.com\/v3\/puerto-iguazu-caritas-iguazu-realizo-el-lanzamiento-diocesano-de-su-colecta-anual-2021\/#breadcrumb"},"inLanguage":"es","potentialAction":[{"@type":"ReadAction","target":["https:\/\/cvinoticias.com\/v3\/puerto-iguazu-caritas-iguazu-realizo-el-lanzamiento-diocesano-de-su-colecta-anual-2021\/"]}]},{"@type":"ImageObject","inLanguage":"es","@id":"https:\/\/cvinoticias.com\/v3\/puerto-iguazu-caritas-iguazu-realizo-el-lanzamiento-diocesano-de-su-colecta-anual-2021\/#primaryimage","url":"https:\/\/cvinoticias.com\/wp-content\/uploads\/2021\/05\/FB_IMG_1622153055135.jpg","contentUrl":"https:\/\/cvinoticias.com\/wp-content\/uploads\/2021\/05\/FB_IMG_1622153055135.jpg","width":539,"height":894},{"@type":"BreadcrumbList","@id":"https:\/\/cvinoticias.com\/v3\/puerto-iguazu-caritas-iguazu-realizo-el-lanzamiento-diocesano-de-su-colecta-anual-2021\/#breadcrumb","itemListElement":[{"@type":"ListItem","position":1,"name":"Portada","item":"https:\/\/cvinoticias.com\/v3\/"},{"@type":"ListItem","position":2,"name":"Puerto Iguaz\u00fa: C\u00e1ritas Iguaz\u00fa realiz\u00f3 el lanzamiento Di\u00f3cesano de su Colecta Anual 2021"}]},{"@type":"WebSite","@id":"https:\/\/cvinoticias.com\/v3\/#website","url":"https:\/\/cvinoticias.com\/v3\/","name":"CVI NOTICIAS","description":"","publisher":{"@id":"https:\/\/cvinoticias.com\/v3\/#organization"},"alternateName":"CVI","potentialAction":[{"@type":"SearchAction","target":{"@type":"EntryPoint","urlTemplate":"https:\/\/cvinoticias.com\/v3\/?s={search_term_string}"},"query-input":{"@type":"PropertyValueSpecification","valueRequired":true,"valueName":"search_term_string"}}],"inLanguage":"es"},{"@type":"Organization","@id":"https:\/\/cvinoticias.com\/v3\/#organization","name":"CVI NOTICIAS","url":"https:\/\/cvinoticias.com\/v3\/","logo":{"@type":"ImageObject","inLanguage":"es","@id":"https:\/\/cvinoticias.com\/v3\/#\/schema\/logo\/image\/","url":"https:\/\/cvinoticias.com\/wp-content\/uploads\/2023\/04\/cropped-cropped-cropped-cropped-cropped-3-1.png","contentUrl":"https:\/\/cvinoticias.com\/wp-content\/uploads\/2023\/04\/cropped-cropped-cropped-cropped-cropped-3-1.png","width":95,"height":122,"caption":"CVI NOTICIAS"},"image":{"@id":"https:\/\/cvinoticias.com\/v3\/#\/schema\/logo\/image\/"},"sameAs":["https:\/\/www.facebook.com\/cvinoticias","https:\/\/www.instagram.com\/cvinoticias\/","https:\/\/www.youtube.com\/@CVINOTICIAS"]},{"@type":"Person","@id":"https:\/\/cvinoticias.com\/v3\/#\/schema\/person\/2db77e3c6bc03c538495d7b2b8be9b66","name":"f1000024","image":{"@type":"ImageObject","inLanguage":"es","@id":"https:\/\/secure.gravatar.com\/avatar\/d4fe7459cfc51ff5129ce1a732bbef5928568b8092d412ef95611616376bbeed?s=96&d=mm&r=g","url":"https:\/\/secure.gravatar.com\/avatar\/d4fe7459cfc51ff5129ce1a732bbef5928568b8092d412ef95611616376bbeed?s=96&d=mm&r=g","contentUrl":"https:\/\/secure.gravatar.com\/avatar\/d4fe7459cfc51ff5129ce1a732bbef5928568b8092d412ef95611616376bbeed?s=96&d=mm&r=g","caption":"f1000024"},"url":"https:\/\/cvinoticias.com\/v3\/author\/f1000024\/"}]}},"_links":{"self":[{"href":"https:\/\/cvinoticias.com\/v3\/wp-json\/wp\/v2\/posts\/5488","targetHints":{"allow":["GET"]}}],"collection":[{"href":"https:\/\/cvinoticias.com\/v3\/wp-json\/wp\/v2\/posts"}],"about":[{"href":"https:\/\/cvinoticias.com\/v3\/wp-json\/wp\/v2\/types\/post"}],"author":[{"embeddable":true,"href":"https:\/\/cvinoticias.com\/v3\/wp-json\/wp\/v2\/users\/2"}],"replies":[{"embeddable":true,"href":"https:\/\/cvinoticias.com\/v3\/wp-json\/wp\/v2\/comments?post=5488"}],"version-history":[{"count":2,"href":"https:\/\/cvinoticias.com\/v3\/wp-json\/wp\/v2\/posts\/5488\/revisions"}],"predecessor-version":[{"id":5491,"href":"https:\/\/cvinoticias.com\/v3\/wp-json\/wp\/v2\/posts\/5488\/revisions\/5491"}],"wp:featuredmedia":[{"embeddable":true,"href":"https:\/\/cvinoticias.com\/v3\/wp-json\/wp\/v2\/media\/5489"}],"wp:attachment":[{"href":"https:\/\/cvinoticias.com\/v3\/wp-json\/wp\/v2\/media?parent=5488"}],"wp:term":[{"taxonomy":"category","embeddable":true,"href":"https:\/\/cvinoticias.com\/v3\/wp-json\/wp\/v2\/categories?post=5488"},{"taxonomy":"post_tag","embeddable":true,"href":"https:\/\/cvinoticias.com\/v3\/wp-json\/wp\/v2\/tags?post=5488"}],"curies":[{"name":"wp","href":"https:\/\/api.w.org\/{rel}","templated":true}]}}