{"id":54722,"date":"2026-02-20T08:08:49","date_gmt":"2026-02-20T11:08:49","guid":{"rendered":"https:\/\/cvinoticias.com\/v3\/?p=54722"},"modified":"2026-02-20T08:08:50","modified_gmt":"2026-02-20T11:08:50","slug":"diputados-aprobo-la-reforma-laboral-y-ahora-vuelve-al-senado-con-cambios","status":"publish","type":"post","link":"https:\/\/cvinoticias.com\/v3\/diputados-aprobo-la-reforma-laboral-y-ahora-vuelve-al-senado-con-cambios\/","title":{"rendered":"Diputados aprob\u00f3 la reforma laboral y ahora vuelve al Senado con cambios"},"content":{"rendered":"\n<p>En una sesi\u00f3n atravesada por el paro general convocado por la CGT y una fuerte movilizaci\u00f3n sindical en las inmediaciones del Congreso, la C\u00e1mara de Diputados aprob\u00f3 en general la reforma laboral impulsada por el Gobierno de Javier Milei. La votaci\u00f3n arroj\u00f3 135 votos positivos y 115 negativos, sin abstenciones, y fue celebrada con una ovaci\u00f3n del oficialismo y sus aliados.<\/p>\n\n\n\n<p>El texto, sin embargo, deber\u00e1 retornar al Senado \u2013c\u00e1mara de origen\u2013 para que ratifique la eliminaci\u00f3n del pol\u00e9mico art\u00edculo 44, que propon\u00eda reducir el salario durante las licencias m\u00e9dicas por enfermedad o accidente no laboral. Ese cambio obliga a una nueva revisi\u00f3n en la C\u00e1mara alta, donde el oficialismo ya activ\u00f3 el calendario para convertir la iniciativa en ley antes del 1\u00b0 de marzo, cuando el Presidente inaugure el per\u00edodo de sesiones ordinarias.<\/p>\n\n\n\n<h3 class=\"wp-block-heading\">Una mayor\u00eda construida con aliados provinciales<\/h3>\n\n\n\n<p>El resultado fue posible gracias al respaldo de Pro, UCR, MID, Innovaci\u00f3n Federal y bloques provinciales alineados con los gobernadores de Salta, Misiones, Catamarca, San Juan, Tucum\u00e1n y Santa Cruz. Tambi\u00e9n acompa\u00f1aron diputados peronistas referenciados en Catamarca y Tucum\u00e1n, lo que gener\u00f3 fuertes reproches desde Uni\u00f3n por la Patria, que los tild\u00f3 de \u201ctraidores\u201d.<\/p>\n\n\n\n<p>Minutos antes de la votaci\u00f3n se asomaron a los palcos la secretaria general de la Presidencia, Karina Milei; el jefe de Gabinete, Manuel Adorni; y el ministro del Interior, Diego Santilli, en un gesto pol\u00edtico que subray\u00f3 la relevancia estrat\u00e9gica del proyecto para la Casa Rosada.<\/p>\n\n\n\n<p>El kirchnerismo intent\u00f3, sobre el cierre del debate, hacer caer la sesi\u00f3n aprovechando la moment\u00e1nea ausencia de legisladores oficialistas, pero la maniobra no prosper\u00f3. Superado el escollo de la votaci\u00f3n en general, el oficialismo avanz\u00f3 luego en la aprobaci\u00f3n en particular de uno de los cap\u00edtulos m\u00e1s sensibles: la creaci\u00f3n del Fondo de Asistencia Laboral (FAL), que obtuvo 130 votos afirmativos, 117 negativos y tres abstenciones.<\/p>\n\n\n\n<h3 class=\"wp-block-heading\">Qu\u00e9 cambia: indemnizaciones, jornada y negociaci\u00f3n colectiva<\/h3>\n\n\n\n<p>El proyecto \u2013de m\u00e1s de 200 art\u00edculos\u2013 introduce modificaciones estructurales en la Ley de Contrato de Trabajo y en el esquema de relaciones laborales. Entre los puntos centrales se destacan:<\/p>\n\n\n\n<ul class=\"wp-block-list\">\n<li><strong>Indemnizaciones:<\/strong>\u00a0se reduce la base de c\u00e1lculo al excluir adicionales como aguinaldo y premios.<\/li>\n\n\n\n<li><strong>Fondo de Asistencia Laboral (FAL):<\/strong>\u00a0mecanismo de capitalizaci\u00f3n con aportes patronales \u2013que hoy van a la Anses\u2013 para financiar indemnizaciones. Sus cr\u00edticos advierten que podr\u00eda desfinanciar el sistema previsional y convertirse en una herramienta de fondeo estatal.<\/li>\n\n\n\n<li><strong>Banco de horas:<\/strong>\u00a0permite compensar horas trabajadas con d\u00edas de descanso en lugar de pagar horas extra.<\/li>\n\n\n\n<li><strong>Jornada laboral:<\/strong>\u00a0habilita ampliar la jornada diaria hasta 12 horas, siempre que se respete un descanso m\u00ednimo de 12 horas entre jornadas.<\/li>\n\n\n\n<li><strong>Vacaciones:<\/strong>\u00a0podr\u00e1n fraccionarse y tomarse dentro de una ventana ampliada.<\/li>\n\n\n\n<li><strong>Negociaci\u00f3n colectiva:<\/strong>\u00a0prioriza acuerdos por empresa o regi\u00f3n sobre convenios sectoriales nacionales.<\/li>\n\n\n\n<li><strong>Derecho de huelga:<\/strong>\u00a0establece limitaciones y redefine servicios esenciales.<\/li>\n\n\n\n<li><strong>Justicia laboral:<\/strong>\u00a0dispone la disoluci\u00f3n de la Justicia Nacional del Trabajo y el traspaso de sus competencias a la justicia porte\u00f1a.<\/li>\n\n\n\n<li><strong>Derogaci\u00f3n de estatutos profesionales:<\/strong>\u00a0cap\u00edtulo que tambi\u00e9n genera resistencias y podr\u00eda sufrir modificaciones.<\/li>\n<\/ul>\n\n\n\n<h3 class=\"wp-block-heading\">Un debate \u00e1spero y advertencias de judicializaci\u00f3n<\/h3>\n\n\n\n<p>La oposici\u00f3n m\u00e1s dura \u2013Uni\u00f3n por la Patria, la izquierda y parte de Provincias Unidas\u2013 calific\u00f3 la reforma de \u201cregresiva\u201d e \u201cinconstitucional\u201d y anticip\u00f3 que, de convertirse en ley, ser\u00e1 judicializada.<\/p>\n\n\n\n<p>M\u00e1ximo Kirchner sostuvo que la norma \u201cva a fracasar\u201d y advirti\u00f3 que el Gobierno no podr\u00e1 alegar falta de herramientas legislativas. Sergio Palazzo la defini\u00f3 como \u201cla regresi\u00f3n m\u00e1s brutal en la historia de los derechos laborales\u201d, mientras que Vanesa Siley habl\u00f3 de una \u201ctransferencia fenomenal de riqueza\u201d hacia los empleadores.<\/p>\n\n\n\n<p>Desde la Coalici\u00f3n C\u00edvica, Maximiliano Ferraro record\u00f3 que desde el inicio de la gesti\u00f3n se perdieron 120.000 puestos de trabajo y m\u00e1s de 22.000 empresas cerraron, y cuestion\u00f3 que la ley \u201cfacilita la salida de trabajadores m\u00e1s que su ingreso al sistema formal\u201d.<\/p>\n\n\n\n<p>En defensa del proyecto, el miembro informante Lisandro Almir\u00f3n (LLA) sostuvo que \u201cprimero tiene que haber trabajo para que la legislaci\u00f3n laboral tenga sentido\u201d y que el actual marco normativo \u201cexpulsa a las personas de la formalidad\u201d. Desde la UCR, Lisandro Nieri replic\u00f3 que quienes hoy critican la reforma no impulsaron cambios cuando tuvieron mayor\u00eda parlamentaria.<\/p>\n\n\n\n<h3 class=\"wp-block-heading\">Carrera contra el reloj<\/h3>\n\n\n\n<p>El oficialismo activ\u00f3 una estrategia acelerada en el Senado. La jefa del bloque libertario convoc\u00f3 a un plenario de comisiones para dictaminar el texto modificado y llevarlo al recinto el pr\u00f3ximo viernes 27. Solo entonces la reforma quedar\u00e1 definitivamente sancionada.<\/p>\n\n\n\n<p>Para el Gobierno, se trata de una pieza clave de su programa de desregulaci\u00f3n econ\u00f3mica y modernizaci\u00f3n del mercado laboral, junto con el r\u00e9gimen penal juvenil y el acuerdo Mercosur\u2013Uni\u00f3n Europea.<\/p>\n\n\n\n<p>Para la oposici\u00f3n sindical y pol\u00edtica, en cambio, la norma implica una flexibilizaci\u00f3n estructural que tensionar\u00e1 el sistema judicial y el equilibrio institucional.<\/p>\n\n\n\n<p>La pulseada ahora se traslada a la C\u00e1mara alta. Y, eventualmente, a los tribunales.<\/p>\n","protected":false},"excerpt":{"rendered":"<p>En una sesi\u00f3n atravesada por el paro general convocado por la CGT y una fuerte movilizaci\u00f3n sindical en las inmediaciones del Congreso, la C\u00e1mara de Diputados aprob\u00f3 en general la reforma laboral impulsada por el Gobierno de Javier Milei. La votaci\u00f3n arroj\u00f3 135 votos positivos y 115 negativos, sin abstenciones, y fue celebrada con una [&hellip;]<\/p>\n","protected":false},"author":2,"featured_media":54723,"comment_status":"open","ping_status":"closed","sticky":false,"template":"","format":"standard","meta":{"footnotes":""},"categories":[42],"tags":[141,3523,2655],"class_list":["post-54722","post","type-post","status-publish","format-standard","has-post-thumbnail","hentry","category-politica","tag-diputados","tag-laboral","tag-reforma"],"yoast_head":"<!-- This site is optimized with the Yoast SEO plugin v27.5 - https:\/\/yoast.com\/product\/yoast-seo-wordpress\/ -->\n<title>Diputados aprob\u00f3 la reforma laboral de Milei | CVI NOTICIAS<\/title>\n<meta name=\"description\" content=\"Con 135 votos a favor, Diputados dio media sanci\u00f3n a la reforma laboral y el proyecto vuelve al Senado.\" \/>\n<meta name=\"robots\" content=\"index, follow, max-snippet:-1, max-image-preview:large, max-video-preview:-1\" \/>\n<link rel=\"canonical\" href=\"https:\/\/cvinoticias.com\/v3\/diputados-aprobo-la-reforma-laboral-y-ahora-vuelve-al-senado-con-cambios\/\" \/>\n<meta property=\"og:locale\" content=\"es_ES\" \/>\n<meta property=\"og:type\" content=\"article\" \/>\n<meta property=\"og:title\" content=\"Diputados aprob\u00f3 la reforma laboral de Milei | CVI NOTICIAS\" \/>\n<meta property=\"og:description\" content=\"Con 135 votos a favor, Diputados dio media sanci\u00f3n a la reforma laboral y el proyecto vuelve al Senado.\" \/>\n<meta property=\"og:url\" content=\"https:\/\/cvinoticias.com\/v3\/diputados-aprobo-la-reforma-laboral-y-ahora-vuelve-al-senado-con-cambios\/\" \/>\n<meta property=\"og:site_name\" content=\"CVI NOTICIAS\" \/>\n<meta property=\"article:publisher\" content=\"https:\/\/www.facebook.com\/cvinoticias\" \/>\n<meta property=\"article:published_time\" content=\"2026-02-20T11:08:49+00:00\" \/>\n<meta property=\"article:modified_time\" content=\"2026-02-20T11:08:50+00:00\" \/>\n<meta property=\"og:image\" content=\"https:\/\/cvinoticias.com\/wp-content\/uploads\/2026\/02\/reforma-laborals.webp\" \/>\n\t<meta property=\"og:image:width\" content=\"880\" \/>\n\t<meta property=\"og:image:height\" content=\"586\" \/>\n\t<meta property=\"og:image:type\" content=\"image\/webp\" \/>\n<meta name=\"author\" content=\"f1000024\" \/>\n<meta name=\"twitter:card\" content=\"summary_large_image\" \/>\n<meta name=\"twitter:label1\" content=\"Escrito por\" \/>\n\t<meta name=\"twitter:data1\" content=\"f1000024\" \/>\n\t<meta name=\"twitter:label2\" content=\"Tiempo de lectura\" \/>\n\t<meta name=\"twitter:data2\" content=\"4 minutos\" \/>\n<script type=\"application\/ld+json\" class=\"yoast-schema-graph\">{\"@context\":\"https:\\\/\\\/schema.org\",\"@graph\":[{\"@type\":\"Article\",\"@id\":\"https:\\\/\\\/cvinoticias.com\\\/v3\\\/diputados-aprobo-la-reforma-laboral-y-ahora-vuelve-al-senado-con-cambios\\\/#article\",\"isPartOf\":{\"@id\":\"https:\\\/\\\/cvinoticias.com\\\/v3\\\/diputados-aprobo-la-reforma-laboral-y-ahora-vuelve-al-senado-con-cambios\\\/\"},\"author\":{\"name\":\"f1000024\",\"@id\":\"https:\\\/\\\/cvinoticias.com\\\/v3\\\/#\\\/schema\\\/person\\\/2db77e3c6bc03c538495d7b2b8be9b66\"},\"headline\":\"Diputados aprob\u00f3 la reforma laboral y ahora vuelve al Senado con cambios\",\"datePublished\":\"2026-02-20T11:08:49+00:00\",\"dateModified\":\"2026-02-20T11:08:50+00:00\",\"mainEntityOfPage\":{\"@id\":\"https:\\\/\\\/cvinoticias.com\\\/v3\\\/diputados-aprobo-la-reforma-laboral-y-ahora-vuelve-al-senado-con-cambios\\\/\"},\"wordCount\":873,\"commentCount\":0,\"publisher\":{\"@id\":\"https:\\\/\\\/cvinoticias.com\\\/v3\\\/#organization\"},\"image\":{\"@id\":\"https:\\\/\\\/cvinoticias.com\\\/v3\\\/diputados-aprobo-la-reforma-laboral-y-ahora-vuelve-al-senado-con-cambios\\\/#primaryimage\"},\"thumbnailUrl\":\"https:\\\/\\\/cvinoticias.com\\\/wp-content\\\/uploads\\\/2026\\\/02\\\/reforma-laborals.webp\",\"keywords\":[\"diputados\",\"laboral\",\"reforma\"],\"articleSection\":[\"Politica\"],\"inLanguage\":\"es\",\"potentialAction\":[{\"@type\":\"CommentAction\",\"name\":\"Comment\",\"target\":[\"https:\\\/\\\/cvinoticias.com\\\/v3\\\/diputados-aprobo-la-reforma-laboral-y-ahora-vuelve-al-senado-con-cambios\\\/#respond\"]}]},{\"@type\":\"WebPage\",\"@id\":\"https:\\\/\\\/cvinoticias.com\\\/v3\\\/diputados-aprobo-la-reforma-laboral-y-ahora-vuelve-al-senado-con-cambios\\\/\",\"url\":\"https:\\\/\\\/cvinoticias.com\\\/v3\\\/diputados-aprobo-la-reforma-laboral-y-ahora-vuelve-al-senado-con-cambios\\\/\",\"name\":\"Diputados aprob\u00f3 la reforma laboral de Milei | CVI NOTICIAS\",\"isPartOf\":{\"@id\":\"https:\\\/\\\/cvinoticias.com\\\/v3\\\/#website\"},\"primaryImageOfPage\":{\"@id\":\"https:\\\/\\\/cvinoticias.com\\\/v3\\\/diputados-aprobo-la-reforma-laboral-y-ahora-vuelve-al-senado-con-cambios\\\/#primaryimage\"},\"image\":{\"@id\":\"https:\\\/\\\/cvinoticias.com\\\/v3\\\/diputados-aprobo-la-reforma-laboral-y-ahora-vuelve-al-senado-con-cambios\\\/#primaryimage\"},\"thumbnailUrl\":\"https:\\\/\\\/cvinoticias.com\\\/wp-content\\\/uploads\\\/2026\\\/02\\\/reforma-laborals.webp\",\"datePublished\":\"2026-02-20T11:08:49+00:00\",\"dateModified\":\"2026-02-20T11:08:50+00:00\",\"description\":\"Con 135 votos a favor, Diputados dio media sanci\u00f3n a la reforma laboral y el proyecto vuelve al Senado.\",\"breadcrumb\":{\"@id\":\"https:\\\/\\\/cvinoticias.com\\\/v3\\\/diputados-aprobo-la-reforma-laboral-y-ahora-vuelve-al-senado-con-cambios\\\/#breadcrumb\"},\"inLanguage\":\"es\",\"potentialAction\":[{\"@type\":\"ReadAction\",\"target\":[\"https:\\\/\\\/cvinoticias.com\\\/v3\\\/diputados-aprobo-la-reforma-laboral-y-ahora-vuelve-al-senado-con-cambios\\\/\"]}]},{\"@type\":\"ImageObject\",\"inLanguage\":\"es\",\"@id\":\"https:\\\/\\\/cvinoticias.com\\\/v3\\\/diputados-aprobo-la-reforma-laboral-y-ahora-vuelve-al-senado-con-cambios\\\/#primaryimage\",\"url\":\"https:\\\/\\\/cvinoticias.com\\\/wp-content\\\/uploads\\\/2026\\\/02\\\/reforma-laborals.webp\",\"contentUrl\":\"https:\\\/\\\/cvinoticias.com\\\/wp-content\\\/uploads\\\/2026\\\/02\\\/reforma-laborals.webp\",\"width\":880,\"height\":586},{\"@type\":\"BreadcrumbList\",\"@id\":\"https:\\\/\\\/cvinoticias.com\\\/v3\\\/diputados-aprobo-la-reforma-laboral-y-ahora-vuelve-al-senado-con-cambios\\\/#breadcrumb\",\"itemListElement\":[{\"@type\":\"ListItem\",\"position\":1,\"name\":\"Portada\",\"item\":\"https:\\\/\\\/cvinoticias.com\\\/v3\\\/\"},{\"@type\":\"ListItem\",\"position\":2,\"name\":\"Diputados aprob\u00f3 la reforma laboral y ahora vuelve al Senado con cambios\"}]},{\"@type\":\"WebSite\",\"@id\":\"https:\\\/\\\/cvinoticias.com\\\/v3\\\/#website\",\"url\":\"https:\\\/\\\/cvinoticias.com\\\/v3\\\/\",\"name\":\"CVI NOTICIAS\",\"description\":\"\",\"publisher\":{\"@id\":\"https:\\\/\\\/cvinoticias.com\\\/v3\\\/#organization\"},\"alternateName\":\"CVI\",\"potentialAction\":[{\"@type\":\"SearchAction\",\"target\":{\"@type\":\"EntryPoint\",\"urlTemplate\":\"https:\\\/\\\/cvinoticias.com\\\/v3\\\/?s={search_term_string}\"},\"query-input\":{\"@type\":\"PropertyValueSpecification\",\"valueRequired\":true,\"valueName\":\"search_term_string\"}}],\"inLanguage\":\"es\"},{\"@type\":\"Organization\",\"@id\":\"https:\\\/\\\/cvinoticias.com\\\/v3\\\/#organization\",\"name\":\"CVI NOTICIAS\",\"url\":\"https:\\\/\\\/cvinoticias.com\\\/v3\\\/\",\"logo\":{\"@type\":\"ImageObject\",\"inLanguage\":\"es\",\"@id\":\"https:\\\/\\\/cvinoticias.com\\\/v3\\\/#\\\/schema\\\/logo\\\/image\\\/\",\"url\":\"https:\\\/\\\/cvinoticias.com\\\/wp-content\\\/uploads\\\/2023\\\/04\\\/cropped-cropped-cropped-cropped-cropped-3-1.png\",\"contentUrl\":\"https:\\\/\\\/cvinoticias.com\\\/wp-content\\\/uploads\\\/2023\\\/04\\\/cropped-cropped-cropped-cropped-cropped-3-1.png\",\"width\":95,\"height\":122,\"caption\":\"CVI NOTICIAS\"},\"image\":{\"@id\":\"https:\\\/\\\/cvinoticias.com\\\/v3\\\/#\\\/schema\\\/logo\\\/image\\\/\"},\"sameAs\":[\"https:\\\/\\\/www.facebook.com\\\/cvinoticias\",\"https:\\\/\\\/www.instagram.com\\\/cvinoticias\\\/\",\"https:\\\/\\\/www.youtube.com\\\/@CVINOTICIAS\"]},{\"@type\":\"Person\",\"@id\":\"https:\\\/\\\/cvinoticias.com\\\/v3\\\/#\\\/schema\\\/person\\\/2db77e3c6bc03c538495d7b2b8be9b66\",\"name\":\"f1000024\",\"image\":{\"@type\":\"ImageObject\",\"inLanguage\":\"es\",\"@id\":\"https:\\\/\\\/secure.gravatar.com\\\/avatar\\\/d4fe7459cfc51ff5129ce1a732bbef5928568b8092d412ef95611616376bbeed?s=96&d=mm&r=g\",\"url\":\"https:\\\/\\\/secure.gravatar.com\\\/avatar\\\/d4fe7459cfc51ff5129ce1a732bbef5928568b8092d412ef95611616376bbeed?s=96&d=mm&r=g\",\"contentUrl\":\"https:\\\/\\\/secure.gravatar.com\\\/avatar\\\/d4fe7459cfc51ff5129ce1a732bbef5928568b8092d412ef95611616376bbeed?s=96&d=mm&r=g\",\"caption\":\"f1000024\"},\"url\":\"https:\\\/\\\/cvinoticias.com\\\/v3\\\/author\\\/f1000024\\\/\"}]}<\/script>\n<!-- \/ Yoast SEO plugin. -->","yoast_head_json":{"title":"Diputados aprob\u00f3 la reforma laboral de Milei | CVI NOTICIAS","description":"Con 135 votos a favor, Diputados dio media sanci\u00f3n a la reforma laboral y el proyecto vuelve al Senado.","robots":{"index":"index","follow":"follow","max-snippet":"max-snippet:-1","max-image-preview":"max-image-preview:large","max-video-preview":"max-video-preview:-1"},"canonical":"https:\/\/cvinoticias.com\/v3\/diputados-aprobo-la-reforma-laboral-y-ahora-vuelve-al-senado-con-cambios\/","og_locale":"es_ES","og_type":"article","og_title":"Diputados aprob\u00f3 la reforma laboral de Milei | CVI NOTICIAS","og_description":"Con 135 votos a favor, Diputados dio media sanci\u00f3n a la reforma laboral y el proyecto vuelve al Senado.","og_url":"https:\/\/cvinoticias.com\/v3\/diputados-aprobo-la-reforma-laboral-y-ahora-vuelve-al-senado-con-cambios\/","og_site_name":"CVI NOTICIAS","article_publisher":"https:\/\/www.facebook.com\/cvinoticias","article_published_time":"2026-02-20T11:08:49+00:00","article_modified_time":"2026-02-20T11:08:50+00:00","og_image":[{"width":880,"height":586,"url":"https:\/\/cvinoticias.com\/wp-content\/uploads\/2026\/02\/reforma-laborals.webp","type":"image\/webp"}],"author":"f1000024","twitter_card":"summary_large_image","twitter_misc":{"Escrito por":"f1000024","Tiempo de lectura":"4 minutos"},"schema":{"@context":"https:\/\/schema.org","@graph":[{"@type":"Article","@id":"https:\/\/cvinoticias.com\/v3\/diputados-aprobo-la-reforma-laboral-y-ahora-vuelve-al-senado-con-cambios\/#article","isPartOf":{"@id":"https:\/\/cvinoticias.com\/v3\/diputados-aprobo-la-reforma-laboral-y-ahora-vuelve-al-senado-con-cambios\/"},"author":{"name":"f1000024","@id":"https:\/\/cvinoticias.com\/v3\/#\/schema\/person\/2db77e3c6bc03c538495d7b2b8be9b66"},"headline":"Diputados aprob\u00f3 la reforma laboral y ahora vuelve al Senado con cambios","datePublished":"2026-02-20T11:08:49+00:00","dateModified":"2026-02-20T11:08:50+00:00","mainEntityOfPage":{"@id":"https:\/\/cvinoticias.com\/v3\/diputados-aprobo-la-reforma-laboral-y-ahora-vuelve-al-senado-con-cambios\/"},"wordCount":873,"commentCount":0,"publisher":{"@id":"https:\/\/cvinoticias.com\/v3\/#organization"},"image":{"@id":"https:\/\/cvinoticias.com\/v3\/diputados-aprobo-la-reforma-laboral-y-ahora-vuelve-al-senado-con-cambios\/#primaryimage"},"thumbnailUrl":"https:\/\/cvinoticias.com\/wp-content\/uploads\/2026\/02\/reforma-laborals.webp","keywords":["diputados","laboral","reforma"],"articleSection":["Politica"],"inLanguage":"es","potentialAction":[{"@type":"CommentAction","name":"Comment","target":["https:\/\/cvinoticias.com\/v3\/diputados-aprobo-la-reforma-laboral-y-ahora-vuelve-al-senado-con-cambios\/#respond"]}]},{"@type":"WebPage","@id":"https:\/\/cvinoticias.com\/v3\/diputados-aprobo-la-reforma-laboral-y-ahora-vuelve-al-senado-con-cambios\/","url":"https:\/\/cvinoticias.com\/v3\/diputados-aprobo-la-reforma-laboral-y-ahora-vuelve-al-senado-con-cambios\/","name":"Diputados aprob\u00f3 la reforma laboral de Milei | CVI NOTICIAS","isPartOf":{"@id":"https:\/\/cvinoticias.com\/v3\/#website"},"primaryImageOfPage":{"@id":"https:\/\/cvinoticias.com\/v3\/diputados-aprobo-la-reforma-laboral-y-ahora-vuelve-al-senado-con-cambios\/#primaryimage"},"image":{"@id":"https:\/\/cvinoticias.com\/v3\/diputados-aprobo-la-reforma-laboral-y-ahora-vuelve-al-senado-con-cambios\/#primaryimage"},"thumbnailUrl":"https:\/\/cvinoticias.com\/wp-content\/uploads\/2026\/02\/reforma-laborals.webp","datePublished":"2026-02-20T11:08:49+00:00","dateModified":"2026-02-20T11:08:50+00:00","description":"Con 135 votos a favor, Diputados dio media sanci\u00f3n a la reforma laboral y el proyecto vuelve al Senado.","breadcrumb":{"@id":"https:\/\/cvinoticias.com\/v3\/diputados-aprobo-la-reforma-laboral-y-ahora-vuelve-al-senado-con-cambios\/#breadcrumb"},"inLanguage":"es","potentialAction":[{"@type":"ReadAction","target":["https:\/\/cvinoticias.com\/v3\/diputados-aprobo-la-reforma-laboral-y-ahora-vuelve-al-senado-con-cambios\/"]}]},{"@type":"ImageObject","inLanguage":"es","@id":"https:\/\/cvinoticias.com\/v3\/diputados-aprobo-la-reforma-laboral-y-ahora-vuelve-al-senado-con-cambios\/#primaryimage","url":"https:\/\/cvinoticias.com\/wp-content\/uploads\/2026\/02\/reforma-laborals.webp","contentUrl":"https:\/\/cvinoticias.com\/wp-content\/uploads\/2026\/02\/reforma-laborals.webp","width":880,"height":586},{"@type":"BreadcrumbList","@id":"https:\/\/cvinoticias.com\/v3\/diputados-aprobo-la-reforma-laboral-y-ahora-vuelve-al-senado-con-cambios\/#breadcrumb","itemListElement":[{"@type":"ListItem","position":1,"name":"Portada","item":"https:\/\/cvinoticias.com\/v3\/"},{"@type":"ListItem","position":2,"name":"Diputados aprob\u00f3 la reforma laboral y ahora vuelve al Senado con cambios"}]},{"@type":"WebSite","@id":"https:\/\/cvinoticias.com\/v3\/#website","url":"https:\/\/cvinoticias.com\/v3\/","name":"CVI NOTICIAS","description":"","publisher":{"@id":"https:\/\/cvinoticias.com\/v3\/#organization"},"alternateName":"CVI","potentialAction":[{"@type":"SearchAction","target":{"@type":"EntryPoint","urlTemplate":"https:\/\/cvinoticias.com\/v3\/?s={search_term_string}"},"query-input":{"@type":"PropertyValueSpecification","valueRequired":true,"valueName":"search_term_string"}}],"inLanguage":"es"},{"@type":"Organization","@id":"https:\/\/cvinoticias.com\/v3\/#organization","name":"CVI NOTICIAS","url":"https:\/\/cvinoticias.com\/v3\/","logo":{"@type":"ImageObject","inLanguage":"es","@id":"https:\/\/cvinoticias.com\/v3\/#\/schema\/logo\/image\/","url":"https:\/\/cvinoticias.com\/wp-content\/uploads\/2023\/04\/cropped-cropped-cropped-cropped-cropped-3-1.png","contentUrl":"https:\/\/cvinoticias.com\/wp-content\/uploads\/2023\/04\/cropped-cropped-cropped-cropped-cropped-3-1.png","width":95,"height":122,"caption":"CVI NOTICIAS"},"image":{"@id":"https:\/\/cvinoticias.com\/v3\/#\/schema\/logo\/image\/"},"sameAs":["https:\/\/www.facebook.com\/cvinoticias","https:\/\/www.instagram.com\/cvinoticias\/","https:\/\/www.youtube.com\/@CVINOTICIAS"]},{"@type":"Person","@id":"https:\/\/cvinoticias.com\/v3\/#\/schema\/person\/2db77e3c6bc03c538495d7b2b8be9b66","name":"f1000024","image":{"@type":"ImageObject","inLanguage":"es","@id":"https:\/\/secure.gravatar.com\/avatar\/d4fe7459cfc51ff5129ce1a732bbef5928568b8092d412ef95611616376bbeed?s=96&d=mm&r=g","url":"https:\/\/secure.gravatar.com\/avatar\/d4fe7459cfc51ff5129ce1a732bbef5928568b8092d412ef95611616376bbeed?s=96&d=mm&r=g","contentUrl":"https:\/\/secure.gravatar.com\/avatar\/d4fe7459cfc51ff5129ce1a732bbef5928568b8092d412ef95611616376bbeed?s=96&d=mm&r=g","caption":"f1000024"},"url":"https:\/\/cvinoticias.com\/v3\/author\/f1000024\/"}]}},"_links":{"self":[{"href":"https:\/\/cvinoticias.com\/v3\/wp-json\/wp\/v2\/posts\/54722","targetHints":{"allow":["GET"]}}],"collection":[{"href":"https:\/\/cvinoticias.com\/v3\/wp-json\/wp\/v2\/posts"}],"about":[{"href":"https:\/\/cvinoticias.com\/v3\/wp-json\/wp\/v2\/types\/post"}],"author":[{"embeddable":true,"href":"https:\/\/cvinoticias.com\/v3\/wp-json\/wp\/v2\/users\/2"}],"replies":[{"embeddable":true,"href":"https:\/\/cvinoticias.com\/v3\/wp-json\/wp\/v2\/comments?post=54722"}],"version-history":[{"count":1,"href":"https:\/\/cvinoticias.com\/v3\/wp-json\/wp\/v2\/posts\/54722\/revisions"}],"predecessor-version":[{"id":54724,"href":"https:\/\/cvinoticias.com\/v3\/wp-json\/wp\/v2\/posts\/54722\/revisions\/54724"}],"wp:featuredmedia":[{"embeddable":true,"href":"https:\/\/cvinoticias.com\/v3\/wp-json\/wp\/v2\/media\/54723"}],"wp:attachment":[{"href":"https:\/\/cvinoticias.com\/v3\/wp-json\/wp\/v2\/media?parent=54722"}],"wp:term":[{"taxonomy":"category","embeddable":true,"href":"https:\/\/cvinoticias.com\/v3\/wp-json\/wp\/v2\/categories?post=54722"},{"taxonomy":"post_tag","embeddable":true,"href":"https:\/\/cvinoticias.com\/v3\/wp-json\/wp\/v2\/tags?post=54722"}],"curies":[{"name":"wp","href":"https:\/\/api.w.org\/{rel}","templated":true}]}}