{"id":54656,"date":"2026-02-18T11:57:30","date_gmt":"2026-02-18T14:57:30","guid":{"rendered":"https:\/\/cvinoticias.com\/v3\/?p=54656"},"modified":"2026-02-18T11:57:31","modified_gmt":"2026-02-18T14:57:31","slug":"todo-por-una-foto-levantaron-a-un-bebe-sobre-la-baranda-de-seguridad-en-garganta-del-diablo","status":"publish","type":"post","link":"https:\/\/cvinoticias.com\/v3\/todo-por-una-foto-levantaron-a-un-bebe-sobre-la-baranda-de-seguridad-en-garganta-del-diablo\/","title":{"rendered":"Todo por una foto: Levantaron a un beb\u00e9 sobre la baranda de seguridad en Garganta del Diablo"},"content":{"rendered":"\n<p>Una escena de alto riesgo encendi\u00f3 la preocupaci\u00f3n este martes en las pasarelas del \u00e1rea Garganta del Diablo, dentro del Parque Nacional Iguaz\u00fa. Un adulto fue fotografiado mientras sosten\u00eda a un beb\u00e9 en el aire por encima de la baranda de seguridad, a escasos metros de la ca\u00edda de agua, con el aparente objetivo de capturar una imagen.<\/p>\n\n\n\n<p>Testigos se\u00f1alaron que la situaci\u00f3n provoc\u00f3 nerviosismo entre los visitantes que recorr\u00edan el circuito. El episodio ocurri\u00f3 en uno de los sectores m\u00e1s impactantes y tambi\u00e9n m\u00e1s expuestos del \u00e1rea protegida, donde la combinaci\u00f3n de altura, humedad permanente y circulaci\u00f3n constante de turistas exige m\u00e1xima prudencia.<\/p>\n\n\n\n<h3 class=\"wp-block-heading\">Riesgos reales en un entorno natural extremo<\/h3>\n\n\n\n<p>Las pasarelas met\u00e1licas est\u00e1n dise\u00f1adas para tr\u00e1nsito peatonal seguro bajo condiciones normales, pero no para maniobras que impliquen levantar personas sobre las barandas. En la zona de la Garganta del Diablo confluyen varios factores que incrementan el peligro:<\/p>\n\n\n\n<ul class=\"wp-block-list\">\n<li>Superficie resbaladiza por el roc\u00edo constante de los saltos.<\/li>\n\n\n\n<li>R\u00e1fagas de viento ascendentes generadas por la ca\u00edda del agua.<\/li>\n\n\n\n<li>Alta concentraci\u00f3n de visitantes, con posibles empujones accidentales.<\/li>\n\n\n\n<li>Desplazamiento del centro de gravedad al sostener a un ni\u00f1o con los brazos extendidos.<\/li>\n<\/ul>\n\n\n\n<p>Cualquier p\u00e9rdida de equilibrio en ese contexto puede tener consecuencias irreversibles.<\/p>\n\n\n\n<h3 class=\"wp-block-heading\">Normas claras y obligatoriedad de cumplimiento<\/h3>\n\n\n\n<p>El Administraci\u00f3n de Parques Nacionales establece reglamentos estrictos para todos los visitantes de las \u00e1reas protegidas. Entre las pautas difundidas oficialmente se indica:<\/p>\n\n\n\n<ul class=\"wp-block-list\">\n<li>No trepar, sentarse ni sobrepasar las barandas de seguridad.<\/li>\n\n\n\n<li>No realizar conductas temerarias o que pongan en riesgo la propia vida o la de terceros.<\/li>\n\n\n\n<li>Circular con ni\u00f1os siempre sujetos de la mano o en coche.<\/li>\n\n\n\n<li>Respetar se\u00f1alizaci\u00f3n e indicaciones del personal del parque.<\/li>\n<\/ul>\n\n\n\n<p>El incumplimiento de estas normas puede derivar en sanciones, multas e incluso la expulsi\u00f3n del \u00e1rea protegida, ya que se trata de un espacio natural bajo jurisdicci\u00f3n federal con regulaci\u00f3n espec\u00edfica.<\/p>\n\n\n\n<h3 class=\"wp-block-heading\">La seguridad no es opcional<\/h3>\n\n\n\n<p>Las Cataratas del Iguaz\u00fa son una de las maravillas naturales m\u00e1s visitadas del mundo y cuentan con infraestructura preparada para el disfrute seguro. Sin embargo, ning\u00fan sistema puede compensar decisiones individuales imprudentes.<\/p>\n\n\n\n<p>Especialistas en seguridad tur\u00edstica reiteran que la b\u00fasqueda de una imagen impactante nunca debe anteponerse a la integridad de un menor. En entornos naturales de gran magnitud, el respeto por las normas no es una recomendaci\u00f3n: es una condici\u00f3n b\u00e1sica para proteger la vida propia y la de los dem\u00e1s.<\/p>\n\n\n\n<p>Fuente: Misiones Online<\/p>\n","protected":false},"excerpt":{"rendered":"<p>Una escena de alto riesgo encendi\u00f3 la preocupaci\u00f3n este martes en las pasarelas del \u00e1rea Garganta del Diablo, dentro del Parque Nacional Iguaz\u00fa. Un adulto fue fotografiado mientras sosten\u00eda a un beb\u00e9 en el aire por encima de la baranda de seguridad, a escasos metros de la ca\u00edda de agua, con el aparente objetivo de [&hellip;]<\/p>\n","protected":false},"author":2,"featured_media":54657,"comment_status":"open","ping_status":"closed","sticky":false,"template":"","format":"standard","meta":{"footnotes":""},"categories":[47],"tags":[5122,985,74,779],"class_list":["post-54656","post","type-post","status-publish","format-standard","has-post-thumbnail","hentry","category-sociedad","tag-alarma","tag-bebe","tag-cataratas","tag-garganta-del-diablo"],"yoast_head":"<!-- This site is optimized with the Yoast SEO plugin v27.5 - https:\/\/yoast.com\/product\/yoast-seo-wordpress\/ -->\n<title>Beb\u00e9 sobre la baranda en Garganta del Diablo | CVI NOTICIAS<\/title>\n<meta name=\"description\" content=\"Un adulto levant\u00f3 a un beb\u00e9 sobre la baranda gener\u00f3 de seguridad en plena Garganta del Diablo alarma.\" \/>\n<meta name=\"robots\" content=\"index, follow, max-snippet:-1, max-image-preview:large, max-video-preview:-1\" \/>\n<link rel=\"canonical\" href=\"https:\/\/cvinoticias.com\/v3\/todo-por-una-foto-levantaron-a-un-bebe-sobre-la-baranda-de-seguridad-en-garganta-del-diablo\/\" \/>\n<meta property=\"og:locale\" content=\"es_ES\" \/>\n<meta property=\"og:type\" content=\"article\" \/>\n<meta property=\"og:title\" content=\"Beb\u00e9 sobre la baranda en Garganta del Diablo | CVI NOTICIAS\" \/>\n<meta property=\"og:description\" content=\"Un adulto levant\u00f3 a un beb\u00e9 sobre la baranda gener\u00f3 de seguridad en plena Garganta del Diablo alarma.\" \/>\n<meta property=\"og:url\" content=\"https:\/\/cvinoticias.com\/v3\/todo-por-una-foto-levantaron-a-un-bebe-sobre-la-baranda-de-seguridad-en-garganta-del-diablo\/\" \/>\n<meta property=\"og:site_name\" content=\"CVI NOTICIAS\" \/>\n<meta property=\"article:publisher\" content=\"https:\/\/www.facebook.com\/cvinoticias\" \/>\n<meta property=\"article:published_time\" content=\"2026-02-18T14:57:30+00:00\" \/>\n<meta property=\"article:modified_time\" content=\"2026-02-18T14:57:31+00:00\" \/>\n<meta property=\"og:image\" content=\"https:\/\/cvinoticias.com\/wp-content\/uploads\/2026\/02\/Captura-de-pantalla-2026-02-18-115101.png\" \/>\n\t<meta property=\"og:image:width\" content=\"1288\" \/>\n\t<meta property=\"og:image:height\" content=\"637\" \/>\n\t<meta property=\"og:image:type\" content=\"image\/png\" \/>\n<meta name=\"author\" content=\"f1000024\" \/>\n<meta name=\"twitter:card\" content=\"summary_large_image\" \/>\n<meta name=\"twitter:label1\" content=\"Escrito por\" \/>\n\t<meta name=\"twitter:data1\" content=\"f1000024\" \/>\n\t<meta name=\"twitter:label2\" content=\"Tiempo de lectura\" \/>\n\t<meta name=\"twitter:data2\" content=\"3 minutos\" \/>\n<script type=\"application\/ld+json\" class=\"yoast-schema-graph\">{\"@context\":\"https:\\\/\\\/schema.org\",\"@graph\":[{\"@type\":\"Article\",\"@id\":\"https:\\\/\\\/cvinoticias.com\\\/v3\\\/todo-por-una-foto-levantaron-a-un-bebe-sobre-la-baranda-de-seguridad-en-garganta-del-diablo\\\/#article\",\"isPartOf\":{\"@id\":\"https:\\\/\\\/cvinoticias.com\\\/v3\\\/todo-por-una-foto-levantaron-a-un-bebe-sobre-la-baranda-de-seguridad-en-garganta-del-diablo\\\/\"},\"author\":{\"name\":\"f1000024\",\"@id\":\"https:\\\/\\\/cvinoticias.com\\\/v3\\\/#\\\/schema\\\/person\\\/2db77e3c6bc03c538495d7b2b8be9b66\"},\"headline\":\"Todo por una foto: Levantaron a un beb\u00e9 sobre la baranda de seguridad en Garganta del Diablo\",\"datePublished\":\"2026-02-18T14:57:30+00:00\",\"dateModified\":\"2026-02-18T14:57:31+00:00\",\"mainEntityOfPage\":{\"@id\":\"https:\\\/\\\/cvinoticias.com\\\/v3\\\/todo-por-una-foto-levantaron-a-un-bebe-sobre-la-baranda-de-seguridad-en-garganta-del-diablo\\\/\"},\"wordCount\":450,\"commentCount\":0,\"publisher\":{\"@id\":\"https:\\\/\\\/cvinoticias.com\\\/v3\\\/#organization\"},\"image\":{\"@id\":\"https:\\\/\\\/cvinoticias.com\\\/v3\\\/todo-por-una-foto-levantaron-a-un-bebe-sobre-la-baranda-de-seguridad-en-garganta-del-diablo\\\/#primaryimage\"},\"thumbnailUrl\":\"https:\\\/\\\/cvinoticias.com\\\/wp-content\\\/uploads\\\/2026\\\/02\\\/Captura-de-pantalla-2026-02-18-115101.png\",\"keywords\":[\"alarma\",\"Bebe\",\"cataratas\",\"Garganta del diablo\"],\"articleSection\":[\"Sociedad\"],\"inLanguage\":\"es\",\"potentialAction\":[{\"@type\":\"CommentAction\",\"name\":\"Comment\",\"target\":[\"https:\\\/\\\/cvinoticias.com\\\/v3\\\/todo-por-una-foto-levantaron-a-un-bebe-sobre-la-baranda-de-seguridad-en-garganta-del-diablo\\\/#respond\"]}]},{\"@type\":\"WebPage\",\"@id\":\"https:\\\/\\\/cvinoticias.com\\\/v3\\\/todo-por-una-foto-levantaron-a-un-bebe-sobre-la-baranda-de-seguridad-en-garganta-del-diablo\\\/\",\"url\":\"https:\\\/\\\/cvinoticias.com\\\/v3\\\/todo-por-una-foto-levantaron-a-un-bebe-sobre-la-baranda-de-seguridad-en-garganta-del-diablo\\\/\",\"name\":\"Beb\u00e9 sobre la baranda en Garganta del Diablo | CVI NOTICIAS\",\"isPartOf\":{\"@id\":\"https:\\\/\\\/cvinoticias.com\\\/v3\\\/#website\"},\"primaryImageOfPage\":{\"@id\":\"https:\\\/\\\/cvinoticias.com\\\/v3\\\/todo-por-una-foto-levantaron-a-un-bebe-sobre-la-baranda-de-seguridad-en-garganta-del-diablo\\\/#primaryimage\"},\"image\":{\"@id\":\"https:\\\/\\\/cvinoticias.com\\\/v3\\\/todo-por-una-foto-levantaron-a-un-bebe-sobre-la-baranda-de-seguridad-en-garganta-del-diablo\\\/#primaryimage\"},\"thumbnailUrl\":\"https:\\\/\\\/cvinoticias.com\\\/wp-content\\\/uploads\\\/2026\\\/02\\\/Captura-de-pantalla-2026-02-18-115101.png\",\"datePublished\":\"2026-02-18T14:57:30+00:00\",\"dateModified\":\"2026-02-18T14:57:31+00:00\",\"description\":\"Un adulto levant\u00f3 a un beb\u00e9 sobre la baranda gener\u00f3 de seguridad en plena Garganta del Diablo alarma.\",\"breadcrumb\":{\"@id\":\"https:\\\/\\\/cvinoticias.com\\\/v3\\\/todo-por-una-foto-levantaron-a-un-bebe-sobre-la-baranda-de-seguridad-en-garganta-del-diablo\\\/#breadcrumb\"},\"inLanguage\":\"es\",\"potentialAction\":[{\"@type\":\"ReadAction\",\"target\":[\"https:\\\/\\\/cvinoticias.com\\\/v3\\\/todo-por-una-foto-levantaron-a-un-bebe-sobre-la-baranda-de-seguridad-en-garganta-del-diablo\\\/\"]}]},{\"@type\":\"ImageObject\",\"inLanguage\":\"es\",\"@id\":\"https:\\\/\\\/cvinoticias.com\\\/v3\\\/todo-por-una-foto-levantaron-a-un-bebe-sobre-la-baranda-de-seguridad-en-garganta-del-diablo\\\/#primaryimage\",\"url\":\"https:\\\/\\\/cvinoticias.com\\\/wp-content\\\/uploads\\\/2026\\\/02\\\/Captura-de-pantalla-2026-02-18-115101.png\",\"contentUrl\":\"https:\\\/\\\/cvinoticias.com\\\/wp-content\\\/uploads\\\/2026\\\/02\\\/Captura-de-pantalla-2026-02-18-115101.png\",\"width\":1288,\"height\":637},{\"@type\":\"BreadcrumbList\",\"@id\":\"https:\\\/\\\/cvinoticias.com\\\/v3\\\/todo-por-una-foto-levantaron-a-un-bebe-sobre-la-baranda-de-seguridad-en-garganta-del-diablo\\\/#breadcrumb\",\"itemListElement\":[{\"@type\":\"ListItem\",\"position\":1,\"name\":\"Portada\",\"item\":\"https:\\\/\\\/cvinoticias.com\\\/v3\\\/\"},{\"@type\":\"ListItem\",\"position\":2,\"name\":\"Todo por una foto: Levantaron a un beb\u00e9 sobre la baranda de seguridad en Garganta del Diablo\"}]},{\"@type\":\"WebSite\",\"@id\":\"https:\\\/\\\/cvinoticias.com\\\/v3\\\/#website\",\"url\":\"https:\\\/\\\/cvinoticias.com\\\/v3\\\/\",\"name\":\"CVI NOTICIAS\",\"description\":\"\",\"publisher\":{\"@id\":\"https:\\\/\\\/cvinoticias.com\\\/v3\\\/#organization\"},\"alternateName\":\"CVI\",\"potentialAction\":[{\"@type\":\"SearchAction\",\"target\":{\"@type\":\"EntryPoint\",\"urlTemplate\":\"https:\\\/\\\/cvinoticias.com\\\/v3\\\/?s={search_term_string}\"},\"query-input\":{\"@type\":\"PropertyValueSpecification\",\"valueRequired\":true,\"valueName\":\"search_term_string\"}}],\"inLanguage\":\"es\"},{\"@type\":\"Organization\",\"@id\":\"https:\\\/\\\/cvinoticias.com\\\/v3\\\/#organization\",\"name\":\"CVI NOTICIAS\",\"url\":\"https:\\\/\\\/cvinoticias.com\\\/v3\\\/\",\"logo\":{\"@type\":\"ImageObject\",\"inLanguage\":\"es\",\"@id\":\"https:\\\/\\\/cvinoticias.com\\\/v3\\\/#\\\/schema\\\/logo\\\/image\\\/\",\"url\":\"https:\\\/\\\/cvinoticias.com\\\/wp-content\\\/uploads\\\/2023\\\/04\\\/cropped-cropped-cropped-cropped-cropped-3-1.png\",\"contentUrl\":\"https:\\\/\\\/cvinoticias.com\\\/wp-content\\\/uploads\\\/2023\\\/04\\\/cropped-cropped-cropped-cropped-cropped-3-1.png\",\"width\":95,\"height\":122,\"caption\":\"CVI NOTICIAS\"},\"image\":{\"@id\":\"https:\\\/\\\/cvinoticias.com\\\/v3\\\/#\\\/schema\\\/logo\\\/image\\\/\"},\"sameAs\":[\"https:\\\/\\\/www.facebook.com\\\/cvinoticias\",\"https:\\\/\\\/www.instagram.com\\\/cvinoticias\\\/\",\"https:\\\/\\\/www.youtube.com\\\/@CVINOTICIAS\"]},{\"@type\":\"Person\",\"@id\":\"https:\\\/\\\/cvinoticias.com\\\/v3\\\/#\\\/schema\\\/person\\\/2db77e3c6bc03c538495d7b2b8be9b66\",\"name\":\"f1000024\",\"image\":{\"@type\":\"ImageObject\",\"inLanguage\":\"es\",\"@id\":\"https:\\\/\\\/secure.gravatar.com\\\/avatar\\\/d4fe7459cfc51ff5129ce1a732bbef5928568b8092d412ef95611616376bbeed?s=96&d=mm&r=g\",\"url\":\"https:\\\/\\\/secure.gravatar.com\\\/avatar\\\/d4fe7459cfc51ff5129ce1a732bbef5928568b8092d412ef95611616376bbeed?s=96&d=mm&r=g\",\"contentUrl\":\"https:\\\/\\\/secure.gravatar.com\\\/avatar\\\/d4fe7459cfc51ff5129ce1a732bbef5928568b8092d412ef95611616376bbeed?s=96&d=mm&r=g\",\"caption\":\"f1000024\"},\"url\":\"https:\\\/\\\/cvinoticias.com\\\/v3\\\/author\\\/f1000024\\\/\"}]}<\/script>\n<!-- \/ Yoast SEO plugin. -->","yoast_head_json":{"title":"Beb\u00e9 sobre la baranda en Garganta del Diablo | CVI NOTICIAS","description":"Un adulto levant\u00f3 a un beb\u00e9 sobre la baranda gener\u00f3 de seguridad en plena Garganta del Diablo alarma.","robots":{"index":"index","follow":"follow","max-snippet":"max-snippet:-1","max-image-preview":"max-image-preview:large","max-video-preview":"max-video-preview:-1"},"canonical":"https:\/\/cvinoticias.com\/v3\/todo-por-una-foto-levantaron-a-un-bebe-sobre-la-baranda-de-seguridad-en-garganta-del-diablo\/","og_locale":"es_ES","og_type":"article","og_title":"Beb\u00e9 sobre la baranda en Garganta del Diablo | CVI NOTICIAS","og_description":"Un adulto levant\u00f3 a un beb\u00e9 sobre la baranda gener\u00f3 de seguridad en plena Garganta del Diablo alarma.","og_url":"https:\/\/cvinoticias.com\/v3\/todo-por-una-foto-levantaron-a-un-bebe-sobre-la-baranda-de-seguridad-en-garganta-del-diablo\/","og_site_name":"CVI NOTICIAS","article_publisher":"https:\/\/www.facebook.com\/cvinoticias","article_published_time":"2026-02-18T14:57:30+00:00","article_modified_time":"2026-02-18T14:57:31+00:00","og_image":[{"width":1288,"height":637,"url":"https:\/\/cvinoticias.com\/wp-content\/uploads\/2026\/02\/Captura-de-pantalla-2026-02-18-115101.png","type":"image\/png"}],"author":"f1000024","twitter_card":"summary_large_image","twitter_misc":{"Escrito por":"f1000024","Tiempo de lectura":"3 minutos"},"schema":{"@context":"https:\/\/schema.org","@graph":[{"@type":"Article","@id":"https:\/\/cvinoticias.com\/v3\/todo-por-una-foto-levantaron-a-un-bebe-sobre-la-baranda-de-seguridad-en-garganta-del-diablo\/#article","isPartOf":{"@id":"https:\/\/cvinoticias.com\/v3\/todo-por-una-foto-levantaron-a-un-bebe-sobre-la-baranda-de-seguridad-en-garganta-del-diablo\/"},"author":{"name":"f1000024","@id":"https:\/\/cvinoticias.com\/v3\/#\/schema\/person\/2db77e3c6bc03c538495d7b2b8be9b66"},"headline":"Todo por una foto: Levantaron a un beb\u00e9 sobre la baranda de seguridad en Garganta del Diablo","datePublished":"2026-02-18T14:57:30+00:00","dateModified":"2026-02-18T14:57:31+00:00","mainEntityOfPage":{"@id":"https:\/\/cvinoticias.com\/v3\/todo-por-una-foto-levantaron-a-un-bebe-sobre-la-baranda-de-seguridad-en-garganta-del-diablo\/"},"wordCount":450,"commentCount":0,"publisher":{"@id":"https:\/\/cvinoticias.com\/v3\/#organization"},"image":{"@id":"https:\/\/cvinoticias.com\/v3\/todo-por-una-foto-levantaron-a-un-bebe-sobre-la-baranda-de-seguridad-en-garganta-del-diablo\/#primaryimage"},"thumbnailUrl":"https:\/\/cvinoticias.com\/wp-content\/uploads\/2026\/02\/Captura-de-pantalla-2026-02-18-115101.png","keywords":["alarma","Bebe","cataratas","Garganta del diablo"],"articleSection":["Sociedad"],"inLanguage":"es","potentialAction":[{"@type":"CommentAction","name":"Comment","target":["https:\/\/cvinoticias.com\/v3\/todo-por-una-foto-levantaron-a-un-bebe-sobre-la-baranda-de-seguridad-en-garganta-del-diablo\/#respond"]}]},{"@type":"WebPage","@id":"https:\/\/cvinoticias.com\/v3\/todo-por-una-foto-levantaron-a-un-bebe-sobre-la-baranda-de-seguridad-en-garganta-del-diablo\/","url":"https:\/\/cvinoticias.com\/v3\/todo-por-una-foto-levantaron-a-un-bebe-sobre-la-baranda-de-seguridad-en-garganta-del-diablo\/","name":"Beb\u00e9 sobre la baranda en Garganta del Diablo | CVI NOTICIAS","isPartOf":{"@id":"https:\/\/cvinoticias.com\/v3\/#website"},"primaryImageOfPage":{"@id":"https:\/\/cvinoticias.com\/v3\/todo-por-una-foto-levantaron-a-un-bebe-sobre-la-baranda-de-seguridad-en-garganta-del-diablo\/#primaryimage"},"image":{"@id":"https:\/\/cvinoticias.com\/v3\/todo-por-una-foto-levantaron-a-un-bebe-sobre-la-baranda-de-seguridad-en-garganta-del-diablo\/#primaryimage"},"thumbnailUrl":"https:\/\/cvinoticias.com\/wp-content\/uploads\/2026\/02\/Captura-de-pantalla-2026-02-18-115101.png","datePublished":"2026-02-18T14:57:30+00:00","dateModified":"2026-02-18T14:57:31+00:00","description":"Un adulto levant\u00f3 a un beb\u00e9 sobre la baranda gener\u00f3 de seguridad en plena Garganta del Diablo alarma.","breadcrumb":{"@id":"https:\/\/cvinoticias.com\/v3\/todo-por-una-foto-levantaron-a-un-bebe-sobre-la-baranda-de-seguridad-en-garganta-del-diablo\/#breadcrumb"},"inLanguage":"es","potentialAction":[{"@type":"ReadAction","target":["https:\/\/cvinoticias.com\/v3\/todo-por-una-foto-levantaron-a-un-bebe-sobre-la-baranda-de-seguridad-en-garganta-del-diablo\/"]}]},{"@type":"ImageObject","inLanguage":"es","@id":"https:\/\/cvinoticias.com\/v3\/todo-por-una-foto-levantaron-a-un-bebe-sobre-la-baranda-de-seguridad-en-garganta-del-diablo\/#primaryimage","url":"https:\/\/cvinoticias.com\/wp-content\/uploads\/2026\/02\/Captura-de-pantalla-2026-02-18-115101.png","contentUrl":"https:\/\/cvinoticias.com\/wp-content\/uploads\/2026\/02\/Captura-de-pantalla-2026-02-18-115101.png","width":1288,"height":637},{"@type":"BreadcrumbList","@id":"https:\/\/cvinoticias.com\/v3\/todo-por-una-foto-levantaron-a-un-bebe-sobre-la-baranda-de-seguridad-en-garganta-del-diablo\/#breadcrumb","itemListElement":[{"@type":"ListItem","position":1,"name":"Portada","item":"https:\/\/cvinoticias.com\/v3\/"},{"@type":"ListItem","position":2,"name":"Todo por una foto: Levantaron a un beb\u00e9 sobre la baranda de seguridad en Garganta del Diablo"}]},{"@type":"WebSite","@id":"https:\/\/cvinoticias.com\/v3\/#website","url":"https:\/\/cvinoticias.com\/v3\/","name":"CVI NOTICIAS","description":"","publisher":{"@id":"https:\/\/cvinoticias.com\/v3\/#organization"},"alternateName":"CVI","potentialAction":[{"@type":"SearchAction","target":{"@type":"EntryPoint","urlTemplate":"https:\/\/cvinoticias.com\/v3\/?s={search_term_string}"},"query-input":{"@type":"PropertyValueSpecification","valueRequired":true,"valueName":"search_term_string"}}],"inLanguage":"es"},{"@type":"Organization","@id":"https:\/\/cvinoticias.com\/v3\/#organization","name":"CVI NOTICIAS","url":"https:\/\/cvinoticias.com\/v3\/","logo":{"@type":"ImageObject","inLanguage":"es","@id":"https:\/\/cvinoticias.com\/v3\/#\/schema\/logo\/image\/","url":"https:\/\/cvinoticias.com\/wp-content\/uploads\/2023\/04\/cropped-cropped-cropped-cropped-cropped-3-1.png","contentUrl":"https:\/\/cvinoticias.com\/wp-content\/uploads\/2023\/04\/cropped-cropped-cropped-cropped-cropped-3-1.png","width":95,"height":122,"caption":"CVI NOTICIAS"},"image":{"@id":"https:\/\/cvinoticias.com\/v3\/#\/schema\/logo\/image\/"},"sameAs":["https:\/\/www.facebook.com\/cvinoticias","https:\/\/www.instagram.com\/cvinoticias\/","https:\/\/www.youtube.com\/@CVINOTICIAS"]},{"@type":"Person","@id":"https:\/\/cvinoticias.com\/v3\/#\/schema\/person\/2db77e3c6bc03c538495d7b2b8be9b66","name":"f1000024","image":{"@type":"ImageObject","inLanguage":"es","@id":"https:\/\/secure.gravatar.com\/avatar\/d4fe7459cfc51ff5129ce1a732bbef5928568b8092d412ef95611616376bbeed?s=96&d=mm&r=g","url":"https:\/\/secure.gravatar.com\/avatar\/d4fe7459cfc51ff5129ce1a732bbef5928568b8092d412ef95611616376bbeed?s=96&d=mm&r=g","contentUrl":"https:\/\/secure.gravatar.com\/avatar\/d4fe7459cfc51ff5129ce1a732bbef5928568b8092d412ef95611616376bbeed?s=96&d=mm&r=g","caption":"f1000024"},"url":"https:\/\/cvinoticias.com\/v3\/author\/f1000024\/"}]}},"_links":{"self":[{"href":"https:\/\/cvinoticias.com\/v3\/wp-json\/wp\/v2\/posts\/54656","targetHints":{"allow":["GET"]}}],"collection":[{"href":"https:\/\/cvinoticias.com\/v3\/wp-json\/wp\/v2\/posts"}],"about":[{"href":"https:\/\/cvinoticias.com\/v3\/wp-json\/wp\/v2\/types\/post"}],"author":[{"embeddable":true,"href":"https:\/\/cvinoticias.com\/v3\/wp-json\/wp\/v2\/users\/2"}],"replies":[{"embeddable":true,"href":"https:\/\/cvinoticias.com\/v3\/wp-json\/wp\/v2\/comments?post=54656"}],"version-history":[{"count":1,"href":"https:\/\/cvinoticias.com\/v3\/wp-json\/wp\/v2\/posts\/54656\/revisions"}],"predecessor-version":[{"id":54658,"href":"https:\/\/cvinoticias.com\/v3\/wp-json\/wp\/v2\/posts\/54656\/revisions\/54658"}],"wp:featuredmedia":[{"embeddable":true,"href":"https:\/\/cvinoticias.com\/v3\/wp-json\/wp\/v2\/media\/54657"}],"wp:attachment":[{"href":"https:\/\/cvinoticias.com\/v3\/wp-json\/wp\/v2\/media?parent=54656"}],"wp:term":[{"taxonomy":"category","embeddable":true,"href":"https:\/\/cvinoticias.com\/v3\/wp-json\/wp\/v2\/categories?post=54656"},{"taxonomy":"post_tag","embeddable":true,"href":"https:\/\/cvinoticias.com\/v3\/wp-json\/wp\/v2\/tags?post=54656"}],"curies":[{"name":"wp","href":"https:\/\/api.w.org\/{rel}","templated":true}]}}