{"id":54615,"date":"2026-02-14T14:15:21","date_gmt":"2026-02-14T17:15:21","guid":{"rendered":"https:\/\/cvinoticias.com\/v3\/?p=54615"},"modified":"2026-02-18T10:15:36","modified_gmt":"2026-02-18T13:15:36","slug":"el-intendente-de-ciudad-del-este-daniel-mujica-presento-el-balance-financiero-del-ejercicio-2025","status":"publish","type":"post","link":"https:\/\/cvinoticias.com\/v3\/el-intendente-de-ciudad-del-este-daniel-mujica-presento-el-balance-financiero-del-ejercicio-2025\/","title":{"rendered":"El intendente de Ciudad del Este, Daniel Mujica, present\u00f3 el balance financiero del ejercicio 2025"},"content":{"rendered":"\n<p>Este s\u00e1bado, el intendente de Ciudad del Este, Daniel Pereira Mujica, cumpli\u00f3 con la audiencia p\u00fablica de rendici\u00f3n de cuentas del periodo 2025 en la Casa de la Cultura. El informe destac\u00f3 que el a\u00f1o pasado fue institucionalmente at\u00edpico para la ciudad vecina, ya que cont\u00f3 con cuatro administraciones diferentes: la gesti\u00f3n de Miguel Prieto, una intervenci\u00f3n de dos meses, una intendencia interina y, finalmente, la asunci\u00f3n del actual mandatario en noviembre.<\/p>\n\n\n\n<p>\u200bEn materia financiera, la recaudaci\u00f3n total del 2025 super\u00f3 los 270 mil millones de guaran\u00edes. A pesar de que los periodos de intervenci\u00f3n generaron descensos en los ingresos mensuales debido a la incertidumbre pol\u00edtica, el balance final mostr\u00f3 una recuperaci\u00f3n importante.<\/p>\n\n\n\n<p>De hecho, Pereira Mujica resalt\u00f3 que el inicio de este 2026 ya marca un crecimiento del 14,57% en los ingresos, consolidando una gesti\u00f3n orientada a la transparencia y al desarrollo del municipio bajo su Plan Estrat\u00e9gico Institucional.<\/p>\n","protected":false},"excerpt":{"rendered":"<p>Este s\u00e1bado, el intendente de Ciudad del Este, Daniel Pereira Mujica, cumpli\u00f3 con la audiencia p\u00fablica de rendici\u00f3n de cuentas del periodo 2025 en la Casa de la Cultura. El informe destac\u00f3 que el a\u00f1o pasado fue institucionalmente at\u00edpico para la ciudad vecina, ya que cont\u00f3 con cuatro administraciones diferentes: la gesti\u00f3n de Miguel Prieto, [&hellip;]<\/p>\n","protected":false},"author":2,"featured_media":54616,"comment_status":"open","ping_status":"closed","sticky":false,"template":"","format":"standard","meta":{"footnotes":""},"categories":[42],"tags":[1637,4027,595],"class_list":["post-54615","post","type-post","status-publish","format-standard","has-post-thumbnail","hentry","category-politica","tag-ciudad-del-este","tag-daniel-mujica","tag-paraguay"],"yoast_head":"<!-- This site is optimized with the Yoast SEO plugin v27.5 - https:\/\/yoast.com\/product\/yoast-seo-wordpress\/ -->\n<title>Daniel Mujica present\u00f3 balance 2025 en CDE | CVI NOTICIAS<\/title>\n<meta name=\"description\" content=\"El intendente de Ciudad del Este inform\u00f3 ingresos por G. 270 mil millones en 2025.\" \/>\n<meta name=\"robots\" content=\"index, follow, max-snippet:-1, max-image-preview:large, max-video-preview:-1\" \/>\n<link rel=\"canonical\" href=\"https:\/\/cvinoticias.com\/v3\/el-intendente-de-ciudad-del-este-daniel-mujica-presento-el-balance-financiero-del-ejercicio-2025\/\" \/>\n<meta property=\"og:locale\" content=\"es_ES\" \/>\n<meta property=\"og:type\" content=\"article\" \/>\n<meta property=\"og:title\" content=\"Daniel Mujica present\u00f3 balance 2025 en CDE | CVI NOTICIAS\" \/>\n<meta property=\"og:description\" content=\"El intendente de Ciudad del Este inform\u00f3 ingresos por G. 270 mil millones en 2025.\" \/>\n<meta property=\"og:url\" content=\"https:\/\/cvinoticias.com\/v3\/el-intendente-de-ciudad-del-este-daniel-mujica-presento-el-balance-financiero-del-ejercicio-2025\/\" \/>\n<meta property=\"og:site_name\" content=\"CVI NOTICIAS\" \/>\n<meta property=\"article:publisher\" content=\"https:\/\/www.facebook.com\/cvinoticias\" \/>\n<meta property=\"article:published_time\" content=\"2026-02-14T17:15:21+00:00\" \/>\n<meta property=\"article:modified_time\" content=\"2026-02-18T13:15:36+00:00\" \/>\n<meta property=\"og:image\" content=\"https:\/\/cvinoticias.com\/wp-content\/uploads\/2026\/02\/4f44fabd-4722-421a-8efb-5f096ee01f65.jpeg\" \/>\n\t<meta property=\"og:image:width\" content=\"1040\" \/>\n\t<meta property=\"og:image:height\" content=\"693\" \/>\n\t<meta property=\"og:image:type\" content=\"image\/jpeg\" \/>\n<meta name=\"author\" content=\"f1000024\" \/>\n<meta name=\"twitter:card\" content=\"summary_large_image\" \/>\n<meta name=\"twitter:label1\" content=\"Escrito por\" \/>\n\t<meta name=\"twitter:data1\" content=\"f1000024\" \/>\n\t<meta name=\"twitter:label2\" content=\"Tiempo de lectura\" \/>\n\t<meta name=\"twitter:data2\" content=\"1 minuto\" \/>\n<script type=\"application\/ld+json\" class=\"yoast-schema-graph\">{\"@context\":\"https:\\\/\\\/schema.org\",\"@graph\":[{\"@type\":\"Article\",\"@id\":\"https:\\\/\\\/cvinoticias.com\\\/v3\\\/el-intendente-de-ciudad-del-este-daniel-mujica-presento-el-balance-financiero-del-ejercicio-2025\\\/#article\",\"isPartOf\":{\"@id\":\"https:\\\/\\\/cvinoticias.com\\\/v3\\\/el-intendente-de-ciudad-del-este-daniel-mujica-presento-el-balance-financiero-del-ejercicio-2025\\\/\"},\"author\":{\"name\":\"f1000024\",\"@id\":\"https:\\\/\\\/cvinoticias.com\\\/v3\\\/#\\\/schema\\\/person\\\/2db77e3c6bc03c538495d7b2b8be9b66\"},\"headline\":\"El intendente de Ciudad del Este, Daniel Mujica, present\u00f3 el balance financiero del ejercicio 2025\",\"datePublished\":\"2026-02-14T17:15:21+00:00\",\"dateModified\":\"2026-02-18T13:15:36+00:00\",\"mainEntityOfPage\":{\"@id\":\"https:\\\/\\\/cvinoticias.com\\\/v3\\\/el-intendente-de-ciudad-del-este-daniel-mujica-presento-el-balance-financiero-del-ejercicio-2025\\\/\"},\"wordCount\":174,\"commentCount\":0,\"publisher\":{\"@id\":\"https:\\\/\\\/cvinoticias.com\\\/v3\\\/#organization\"},\"image\":{\"@id\":\"https:\\\/\\\/cvinoticias.com\\\/v3\\\/el-intendente-de-ciudad-del-este-daniel-mujica-presento-el-balance-financiero-del-ejercicio-2025\\\/#primaryimage\"},\"thumbnailUrl\":\"https:\\\/\\\/cvinoticias.com\\\/wp-content\\\/uploads\\\/2026\\\/02\\\/4f44fabd-4722-421a-8efb-5f096ee01f65.jpeg\",\"keywords\":[\"ciudad del este\",\"Daniel Mujica\",\"Paraguay\"],\"articleSection\":[\"Politica\"],\"inLanguage\":\"es\",\"potentialAction\":[{\"@type\":\"CommentAction\",\"name\":\"Comment\",\"target\":[\"https:\\\/\\\/cvinoticias.com\\\/v3\\\/el-intendente-de-ciudad-del-este-daniel-mujica-presento-el-balance-financiero-del-ejercicio-2025\\\/#respond\"]}]},{\"@type\":\"WebPage\",\"@id\":\"https:\\\/\\\/cvinoticias.com\\\/v3\\\/el-intendente-de-ciudad-del-este-daniel-mujica-presento-el-balance-financiero-del-ejercicio-2025\\\/\",\"url\":\"https:\\\/\\\/cvinoticias.com\\\/v3\\\/el-intendente-de-ciudad-del-este-daniel-mujica-presento-el-balance-financiero-del-ejercicio-2025\\\/\",\"name\":\"Daniel Mujica present\u00f3 balance 2025 en CDE | CVI NOTICIAS\",\"isPartOf\":{\"@id\":\"https:\\\/\\\/cvinoticias.com\\\/v3\\\/#website\"},\"primaryImageOfPage\":{\"@id\":\"https:\\\/\\\/cvinoticias.com\\\/v3\\\/el-intendente-de-ciudad-del-este-daniel-mujica-presento-el-balance-financiero-del-ejercicio-2025\\\/#primaryimage\"},\"image\":{\"@id\":\"https:\\\/\\\/cvinoticias.com\\\/v3\\\/el-intendente-de-ciudad-del-este-daniel-mujica-presento-el-balance-financiero-del-ejercicio-2025\\\/#primaryimage\"},\"thumbnailUrl\":\"https:\\\/\\\/cvinoticias.com\\\/wp-content\\\/uploads\\\/2026\\\/02\\\/4f44fabd-4722-421a-8efb-5f096ee01f65.jpeg\",\"datePublished\":\"2026-02-14T17:15:21+00:00\",\"dateModified\":\"2026-02-18T13:15:36+00:00\",\"description\":\"El intendente de Ciudad del Este inform\u00f3 ingresos por G. 270 mil millones en 2025.\",\"breadcrumb\":{\"@id\":\"https:\\\/\\\/cvinoticias.com\\\/v3\\\/el-intendente-de-ciudad-del-este-daniel-mujica-presento-el-balance-financiero-del-ejercicio-2025\\\/#breadcrumb\"},\"inLanguage\":\"es\",\"potentialAction\":[{\"@type\":\"ReadAction\",\"target\":[\"https:\\\/\\\/cvinoticias.com\\\/v3\\\/el-intendente-de-ciudad-del-este-daniel-mujica-presento-el-balance-financiero-del-ejercicio-2025\\\/\"]}]},{\"@type\":\"ImageObject\",\"inLanguage\":\"es\",\"@id\":\"https:\\\/\\\/cvinoticias.com\\\/v3\\\/el-intendente-de-ciudad-del-este-daniel-mujica-presento-el-balance-financiero-del-ejercicio-2025\\\/#primaryimage\",\"url\":\"https:\\\/\\\/cvinoticias.com\\\/wp-content\\\/uploads\\\/2026\\\/02\\\/4f44fabd-4722-421a-8efb-5f096ee01f65.jpeg\",\"contentUrl\":\"https:\\\/\\\/cvinoticias.com\\\/wp-content\\\/uploads\\\/2026\\\/02\\\/4f44fabd-4722-421a-8efb-5f096ee01f65.jpeg\",\"width\":1040,\"height\":693},{\"@type\":\"BreadcrumbList\",\"@id\":\"https:\\\/\\\/cvinoticias.com\\\/v3\\\/el-intendente-de-ciudad-del-este-daniel-mujica-presento-el-balance-financiero-del-ejercicio-2025\\\/#breadcrumb\",\"itemListElement\":[{\"@type\":\"ListItem\",\"position\":1,\"name\":\"Portada\",\"item\":\"https:\\\/\\\/cvinoticias.com\\\/v3\\\/\"},{\"@type\":\"ListItem\",\"position\":2,\"name\":\"El intendente de Ciudad del Este, Daniel Mujica, present\u00f3 el balance financiero del ejercicio 2025\"}]},{\"@type\":\"WebSite\",\"@id\":\"https:\\\/\\\/cvinoticias.com\\\/v3\\\/#website\",\"url\":\"https:\\\/\\\/cvinoticias.com\\\/v3\\\/\",\"name\":\"CVI NOTICIAS\",\"description\":\"\",\"publisher\":{\"@id\":\"https:\\\/\\\/cvinoticias.com\\\/v3\\\/#organization\"},\"alternateName\":\"CVI\",\"potentialAction\":[{\"@type\":\"SearchAction\",\"target\":{\"@type\":\"EntryPoint\",\"urlTemplate\":\"https:\\\/\\\/cvinoticias.com\\\/v3\\\/?s={search_term_string}\"},\"query-input\":{\"@type\":\"PropertyValueSpecification\",\"valueRequired\":true,\"valueName\":\"search_term_string\"}}],\"inLanguage\":\"es\"},{\"@type\":\"Organization\",\"@id\":\"https:\\\/\\\/cvinoticias.com\\\/v3\\\/#organization\",\"name\":\"CVI NOTICIAS\",\"url\":\"https:\\\/\\\/cvinoticias.com\\\/v3\\\/\",\"logo\":{\"@type\":\"ImageObject\",\"inLanguage\":\"es\",\"@id\":\"https:\\\/\\\/cvinoticias.com\\\/v3\\\/#\\\/schema\\\/logo\\\/image\\\/\",\"url\":\"https:\\\/\\\/cvinoticias.com\\\/wp-content\\\/uploads\\\/2023\\\/04\\\/cropped-cropped-cropped-cropped-cropped-3-1.png\",\"contentUrl\":\"https:\\\/\\\/cvinoticias.com\\\/wp-content\\\/uploads\\\/2023\\\/04\\\/cropped-cropped-cropped-cropped-cropped-3-1.png\",\"width\":95,\"height\":122,\"caption\":\"CVI NOTICIAS\"},\"image\":{\"@id\":\"https:\\\/\\\/cvinoticias.com\\\/v3\\\/#\\\/schema\\\/logo\\\/image\\\/\"},\"sameAs\":[\"https:\\\/\\\/www.facebook.com\\\/cvinoticias\",\"https:\\\/\\\/www.instagram.com\\\/cvinoticias\\\/\",\"https:\\\/\\\/www.youtube.com\\\/@CVINOTICIAS\"]},{\"@type\":\"Person\",\"@id\":\"https:\\\/\\\/cvinoticias.com\\\/v3\\\/#\\\/schema\\\/person\\\/2db77e3c6bc03c538495d7b2b8be9b66\",\"name\":\"f1000024\",\"image\":{\"@type\":\"ImageObject\",\"inLanguage\":\"es\",\"@id\":\"https:\\\/\\\/secure.gravatar.com\\\/avatar\\\/d4fe7459cfc51ff5129ce1a732bbef5928568b8092d412ef95611616376bbeed?s=96&d=mm&r=g\",\"url\":\"https:\\\/\\\/secure.gravatar.com\\\/avatar\\\/d4fe7459cfc51ff5129ce1a732bbef5928568b8092d412ef95611616376bbeed?s=96&d=mm&r=g\",\"contentUrl\":\"https:\\\/\\\/secure.gravatar.com\\\/avatar\\\/d4fe7459cfc51ff5129ce1a732bbef5928568b8092d412ef95611616376bbeed?s=96&d=mm&r=g\",\"caption\":\"f1000024\"},\"url\":\"https:\\\/\\\/cvinoticias.com\\\/v3\\\/author\\\/f1000024\\\/\"}]}<\/script>\n<!-- \/ Yoast SEO plugin. -->","yoast_head_json":{"title":"Daniel Mujica present\u00f3 balance 2025 en CDE | CVI NOTICIAS","description":"El intendente de Ciudad del Este inform\u00f3 ingresos por G. 270 mil millones en 2025.","robots":{"index":"index","follow":"follow","max-snippet":"max-snippet:-1","max-image-preview":"max-image-preview:large","max-video-preview":"max-video-preview:-1"},"canonical":"https:\/\/cvinoticias.com\/v3\/el-intendente-de-ciudad-del-este-daniel-mujica-presento-el-balance-financiero-del-ejercicio-2025\/","og_locale":"es_ES","og_type":"article","og_title":"Daniel Mujica present\u00f3 balance 2025 en CDE | CVI NOTICIAS","og_description":"El intendente de Ciudad del Este inform\u00f3 ingresos por G. 270 mil millones en 2025.","og_url":"https:\/\/cvinoticias.com\/v3\/el-intendente-de-ciudad-del-este-daniel-mujica-presento-el-balance-financiero-del-ejercicio-2025\/","og_site_name":"CVI NOTICIAS","article_publisher":"https:\/\/www.facebook.com\/cvinoticias","article_published_time":"2026-02-14T17:15:21+00:00","article_modified_time":"2026-02-18T13:15:36+00:00","og_image":[{"width":1040,"height":693,"url":"https:\/\/cvinoticias.com\/wp-content\/uploads\/2026\/02\/4f44fabd-4722-421a-8efb-5f096ee01f65.jpeg","type":"image\/jpeg"}],"author":"f1000024","twitter_card":"summary_large_image","twitter_misc":{"Escrito por":"f1000024","Tiempo de lectura":"1 minuto"},"schema":{"@context":"https:\/\/schema.org","@graph":[{"@type":"Article","@id":"https:\/\/cvinoticias.com\/v3\/el-intendente-de-ciudad-del-este-daniel-mujica-presento-el-balance-financiero-del-ejercicio-2025\/#article","isPartOf":{"@id":"https:\/\/cvinoticias.com\/v3\/el-intendente-de-ciudad-del-este-daniel-mujica-presento-el-balance-financiero-del-ejercicio-2025\/"},"author":{"name":"f1000024","@id":"https:\/\/cvinoticias.com\/v3\/#\/schema\/person\/2db77e3c6bc03c538495d7b2b8be9b66"},"headline":"El intendente de Ciudad del Este, Daniel Mujica, present\u00f3 el balance financiero del ejercicio 2025","datePublished":"2026-02-14T17:15:21+00:00","dateModified":"2026-02-18T13:15:36+00:00","mainEntityOfPage":{"@id":"https:\/\/cvinoticias.com\/v3\/el-intendente-de-ciudad-del-este-daniel-mujica-presento-el-balance-financiero-del-ejercicio-2025\/"},"wordCount":174,"commentCount":0,"publisher":{"@id":"https:\/\/cvinoticias.com\/v3\/#organization"},"image":{"@id":"https:\/\/cvinoticias.com\/v3\/el-intendente-de-ciudad-del-este-daniel-mujica-presento-el-balance-financiero-del-ejercicio-2025\/#primaryimage"},"thumbnailUrl":"https:\/\/cvinoticias.com\/wp-content\/uploads\/2026\/02\/4f44fabd-4722-421a-8efb-5f096ee01f65.jpeg","keywords":["ciudad del este","Daniel Mujica","Paraguay"],"articleSection":["Politica"],"inLanguage":"es","potentialAction":[{"@type":"CommentAction","name":"Comment","target":["https:\/\/cvinoticias.com\/v3\/el-intendente-de-ciudad-del-este-daniel-mujica-presento-el-balance-financiero-del-ejercicio-2025\/#respond"]}]},{"@type":"WebPage","@id":"https:\/\/cvinoticias.com\/v3\/el-intendente-de-ciudad-del-este-daniel-mujica-presento-el-balance-financiero-del-ejercicio-2025\/","url":"https:\/\/cvinoticias.com\/v3\/el-intendente-de-ciudad-del-este-daniel-mujica-presento-el-balance-financiero-del-ejercicio-2025\/","name":"Daniel Mujica present\u00f3 balance 2025 en CDE | CVI NOTICIAS","isPartOf":{"@id":"https:\/\/cvinoticias.com\/v3\/#website"},"primaryImageOfPage":{"@id":"https:\/\/cvinoticias.com\/v3\/el-intendente-de-ciudad-del-este-daniel-mujica-presento-el-balance-financiero-del-ejercicio-2025\/#primaryimage"},"image":{"@id":"https:\/\/cvinoticias.com\/v3\/el-intendente-de-ciudad-del-este-daniel-mujica-presento-el-balance-financiero-del-ejercicio-2025\/#primaryimage"},"thumbnailUrl":"https:\/\/cvinoticias.com\/wp-content\/uploads\/2026\/02\/4f44fabd-4722-421a-8efb-5f096ee01f65.jpeg","datePublished":"2026-02-14T17:15:21+00:00","dateModified":"2026-02-18T13:15:36+00:00","description":"El intendente de Ciudad del Este inform\u00f3 ingresos por G. 270 mil millones en 2025.","breadcrumb":{"@id":"https:\/\/cvinoticias.com\/v3\/el-intendente-de-ciudad-del-este-daniel-mujica-presento-el-balance-financiero-del-ejercicio-2025\/#breadcrumb"},"inLanguage":"es","potentialAction":[{"@type":"ReadAction","target":["https:\/\/cvinoticias.com\/v3\/el-intendente-de-ciudad-del-este-daniel-mujica-presento-el-balance-financiero-del-ejercicio-2025\/"]}]},{"@type":"ImageObject","inLanguage":"es","@id":"https:\/\/cvinoticias.com\/v3\/el-intendente-de-ciudad-del-este-daniel-mujica-presento-el-balance-financiero-del-ejercicio-2025\/#primaryimage","url":"https:\/\/cvinoticias.com\/wp-content\/uploads\/2026\/02\/4f44fabd-4722-421a-8efb-5f096ee01f65.jpeg","contentUrl":"https:\/\/cvinoticias.com\/wp-content\/uploads\/2026\/02\/4f44fabd-4722-421a-8efb-5f096ee01f65.jpeg","width":1040,"height":693},{"@type":"BreadcrumbList","@id":"https:\/\/cvinoticias.com\/v3\/el-intendente-de-ciudad-del-este-daniel-mujica-presento-el-balance-financiero-del-ejercicio-2025\/#breadcrumb","itemListElement":[{"@type":"ListItem","position":1,"name":"Portada","item":"https:\/\/cvinoticias.com\/v3\/"},{"@type":"ListItem","position":2,"name":"El intendente de Ciudad del Este, Daniel Mujica, present\u00f3 el balance financiero del ejercicio 2025"}]},{"@type":"WebSite","@id":"https:\/\/cvinoticias.com\/v3\/#website","url":"https:\/\/cvinoticias.com\/v3\/","name":"CVI NOTICIAS","description":"","publisher":{"@id":"https:\/\/cvinoticias.com\/v3\/#organization"},"alternateName":"CVI","potentialAction":[{"@type":"SearchAction","target":{"@type":"EntryPoint","urlTemplate":"https:\/\/cvinoticias.com\/v3\/?s={search_term_string}"},"query-input":{"@type":"PropertyValueSpecification","valueRequired":true,"valueName":"search_term_string"}}],"inLanguage":"es"},{"@type":"Organization","@id":"https:\/\/cvinoticias.com\/v3\/#organization","name":"CVI NOTICIAS","url":"https:\/\/cvinoticias.com\/v3\/","logo":{"@type":"ImageObject","inLanguage":"es","@id":"https:\/\/cvinoticias.com\/v3\/#\/schema\/logo\/image\/","url":"https:\/\/cvinoticias.com\/wp-content\/uploads\/2023\/04\/cropped-cropped-cropped-cropped-cropped-3-1.png","contentUrl":"https:\/\/cvinoticias.com\/wp-content\/uploads\/2023\/04\/cropped-cropped-cropped-cropped-cropped-3-1.png","width":95,"height":122,"caption":"CVI NOTICIAS"},"image":{"@id":"https:\/\/cvinoticias.com\/v3\/#\/schema\/logo\/image\/"},"sameAs":["https:\/\/www.facebook.com\/cvinoticias","https:\/\/www.instagram.com\/cvinoticias\/","https:\/\/www.youtube.com\/@CVINOTICIAS"]},{"@type":"Person","@id":"https:\/\/cvinoticias.com\/v3\/#\/schema\/person\/2db77e3c6bc03c538495d7b2b8be9b66","name":"f1000024","image":{"@type":"ImageObject","inLanguage":"es","@id":"https:\/\/secure.gravatar.com\/avatar\/d4fe7459cfc51ff5129ce1a732bbef5928568b8092d412ef95611616376bbeed?s=96&d=mm&r=g","url":"https:\/\/secure.gravatar.com\/avatar\/d4fe7459cfc51ff5129ce1a732bbef5928568b8092d412ef95611616376bbeed?s=96&d=mm&r=g","contentUrl":"https:\/\/secure.gravatar.com\/avatar\/d4fe7459cfc51ff5129ce1a732bbef5928568b8092d412ef95611616376bbeed?s=96&d=mm&r=g","caption":"f1000024"},"url":"https:\/\/cvinoticias.com\/v3\/author\/f1000024\/"}]}},"_links":{"self":[{"href":"https:\/\/cvinoticias.com\/v3\/wp-json\/wp\/v2\/posts\/54615","targetHints":{"allow":["GET"]}}],"collection":[{"href":"https:\/\/cvinoticias.com\/v3\/wp-json\/wp\/v2\/posts"}],"about":[{"href":"https:\/\/cvinoticias.com\/v3\/wp-json\/wp\/v2\/types\/post"}],"author":[{"embeddable":true,"href":"https:\/\/cvinoticias.com\/v3\/wp-json\/wp\/v2\/users\/2"}],"replies":[{"embeddable":true,"href":"https:\/\/cvinoticias.com\/v3\/wp-json\/wp\/v2\/comments?post=54615"}],"version-history":[{"count":1,"href":"https:\/\/cvinoticias.com\/v3\/wp-json\/wp\/v2\/posts\/54615\/revisions"}],"predecessor-version":[{"id":54617,"href":"https:\/\/cvinoticias.com\/v3\/wp-json\/wp\/v2\/posts\/54615\/revisions\/54617"}],"wp:featuredmedia":[{"embeddable":true,"href":"https:\/\/cvinoticias.com\/v3\/wp-json\/wp\/v2\/media\/54616"}],"wp:attachment":[{"href":"https:\/\/cvinoticias.com\/v3\/wp-json\/wp\/v2\/media?parent=54615"}],"wp:term":[{"taxonomy":"category","embeddable":true,"href":"https:\/\/cvinoticias.com\/v3\/wp-json\/wp\/v2\/categories?post=54615"},{"taxonomy":"post_tag","embeddable":true,"href":"https:\/\/cvinoticias.com\/v3\/wp-json\/wp\/v2\/tags?post=54615"}],"curies":[{"name":"wp","href":"https:\/\/api.w.org\/{rel}","templated":true}]}}