{"id":54600,"date":"2026-02-18T09:00:39","date_gmt":"2026-02-18T12:00:39","guid":{"rendered":"https:\/\/cvinoticias.com\/v3\/?p=54600"},"modified":"2026-02-18T09:00:42","modified_gmt":"2026-02-18T12:00:42","slug":"miercoles-de-ceniza-inicio-del-tiempo-de-cuaresma","status":"publish","type":"post","link":"https:\/\/cvinoticias.com\/v3\/miercoles-de-ceniza-inicio-del-tiempo-de-cuaresma\/","title":{"rendered":"Mi\u00e9rcoles de Ceniza: inicio del tiempo de Cuaresma"},"content":{"rendered":"\n<p>El Mi\u00e9rcoles de Ceniza marca el inicio de la Cuaresma en la Iglesia cat\u00f3lica. Se trata de una de las fechas m\u00e1s significativas del calendario lit\u00fargico cristiano. Da comienzo a un per\u00edodo de 40 d\u00edas de preparaci\u00f3n para la Pascua.<\/p>\n\n\n\n<p>Durante esta jornada, los fieles asisten a misa y reciben la imposici\u00f3n de ceniza en la frente. El sacerdote traza una cruz mientras pronuncia frases como \u201cConvi\u00e9rtete y cree en el Evangelio\u201d o \u201cRecuerda que polvo eres y al polvo volver\u00e1s\u201d. El gesto simboliza penitencia, conversi\u00f3n y reflexi\u00f3n.<\/p>\n\n\n\n<h3 class=\"wp-block-heading\">Un tiempo de preparaci\u00f3n espiritual<\/h3>\n\n\n\n<p>La Cuaresma es un per\u00edodo de recogimiento. Invita a la oraci\u00f3n, el ayuno y la pr\u00e1ctica de la caridad. Estos tres pilares buscan fortalecer la vida espiritual de los creyentes.<\/p>\n\n\n\n<p>El Mi\u00e9rcoles de Ceniza tambi\u00e9n es un d\u00eda de ayuno y abstinencia para los cat\u00f3licos. Esto implica realizar una sola comida fuerte al d\u00eda y evitar el consumo de carne, seg\u00fan lo establecido por la Iglesia.<\/p>\n\n\n\n<h3 class=\"wp-block-heading\">Por qu\u00e9 cambia de fecha cada a\u00f1o<\/h3>\n\n\n\n<p>El Mi\u00e9rcoles de Ceniza es una celebraci\u00f3n m\u00f3vil. Su fecha depende del d\u00eda en que se celebra la Pascua. Como la Pascua var\u00eda cada a\u00f1o, tambi\u00e9n lo hace el inicio de la Cuaresma.<\/p>\n\n\n\n<p>La Cuaresma culmina en la Semana Santa, que recuerda la pasi\u00f3n, muerte y resurrecci\u00f3n de Jesucristo. En ese marco, el Mi\u00e9rcoles de Ceniza funciona como punto de partida de un camino de preparaci\u00f3n interior.<\/p>\n\n\n\n<p>M\u00e1s all\u00e1 de la pr\u00e1ctica religiosa, la fecha conserva un fuerte valor simb\u00f3lico para millones de personas en todo el mundo. Representa una oportunidad de renovaci\u00f3n personal y de reflexi\u00f3n sobre el sentido de la fe.<\/p>\n\n\n\n<p><\/p>\n","protected":false},"excerpt":{"rendered":"<p>El Mi\u00e9rcoles de Ceniza marca el inicio de la Cuaresma en la Iglesia cat\u00f3lica. Se trata de una de las fechas m\u00e1s significativas del calendario lit\u00fargico cristiano. Da comienzo a un per\u00edodo de 40 d\u00edas de preparaci\u00f3n para la Pascua. Durante esta jornada, los fieles asisten a misa y reciben la imposici\u00f3n de ceniza en [&hellip;]<\/p>\n","protected":false},"author":2,"featured_media":54602,"comment_status":"open","ping_status":"closed","sticky":false,"template":"","format":"standard","meta":{"footnotes":""},"categories":[47],"tags":[5110,5111,5109],"class_list":["post-54600","post","type-post","status-publish","format-standard","has-post-thumbnail","hentry","category-sociedad","tag-ceniza","tag-cuaresma","tag-miercoles-2"],"yoast_head":"<!-- This site is optimized with the Yoast SEO plugin v27.4 - https:\/\/yoast.com\/product\/yoast-seo-wordpress\/ -->\n<title>Mi\u00e9rcoles de Ceniza: inicio de la Cuaresma | CVI NOTICIAS<\/title>\n<meta name=\"description\" content=\"La Iglesia cat\u00f3lica inicia la Cuaresma con el Mi\u00e9rcoles de Ceniza, jornada de ayuno, reflexi\u00f3n y preparaci\u00f3n para la Pascua.\" \/>\n<meta name=\"robots\" content=\"index, follow, max-snippet:-1, max-image-preview:large, max-video-preview:-1\" \/>\n<link rel=\"canonical\" href=\"https:\/\/cvinoticias.com\/v3\/miercoles-de-ceniza-inicio-del-tiempo-de-cuaresma\/\" \/>\n<meta property=\"og:locale\" content=\"es_ES\" \/>\n<meta property=\"og:type\" content=\"article\" \/>\n<meta property=\"og:title\" content=\"Mi\u00e9rcoles de Ceniza: inicio de la Cuaresma | CVI NOTICIAS\" \/>\n<meta property=\"og:description\" content=\"La Iglesia cat\u00f3lica inicia la Cuaresma con el Mi\u00e9rcoles de Ceniza, jornada de ayuno, reflexi\u00f3n y preparaci\u00f3n para la Pascua.\" \/>\n<meta property=\"og:url\" content=\"https:\/\/cvinoticias.com\/v3\/miercoles-de-ceniza-inicio-del-tiempo-de-cuaresma\/\" \/>\n<meta property=\"og:site_name\" content=\"CVI NOTICIAS\" \/>\n<meta property=\"article:publisher\" content=\"https:\/\/www.facebook.com\/cvinoticias\" \/>\n<meta property=\"article:published_time\" content=\"2026-02-18T12:00:39+00:00\" \/>\n<meta property=\"article:modified_time\" content=\"2026-02-18T12:00:42+00:00\" \/>\n<meta property=\"og:image\" content=\"https:\/\/cvinoticias.com\/wp-content\/uploads\/2026\/02\/Miercoles-de-Ceniza-2025-en-Guatemala.webp\" \/>\n\t<meta property=\"og:image:width\" content=\"904\" \/>\n\t<meta property=\"og:image:height\" content=\"548\" \/>\n\t<meta property=\"og:image:type\" content=\"image\/webp\" \/>\n<meta name=\"author\" content=\"f1000024\" \/>\n<meta name=\"twitter:card\" content=\"summary_large_image\" \/>\n<meta name=\"twitter:label1\" content=\"Escrito por\" \/>\n\t<meta name=\"twitter:data1\" content=\"f1000024\" \/>\n\t<meta name=\"twitter:label2\" content=\"Tiempo de lectura\" \/>\n\t<meta name=\"twitter:data2\" content=\"2 minutos\" \/>\n<script type=\"application\/ld+json\" class=\"yoast-schema-graph\">{\"@context\":\"https:\\\/\\\/schema.org\",\"@graph\":[{\"@type\":\"Article\",\"@id\":\"https:\\\/\\\/cvinoticias.com\\\/v3\\\/miercoles-de-ceniza-inicio-del-tiempo-de-cuaresma\\\/#article\",\"isPartOf\":{\"@id\":\"https:\\\/\\\/cvinoticias.com\\\/v3\\\/miercoles-de-ceniza-inicio-del-tiempo-de-cuaresma\\\/\"},\"author\":{\"name\":\"f1000024\",\"@id\":\"https:\\\/\\\/cvinoticias.com\\\/v3\\\/#\\\/schema\\\/person\\\/2db77e3c6bc03c538495d7b2b8be9b66\"},\"headline\":\"Mi\u00e9rcoles de Ceniza: inicio del tiempo de Cuaresma\",\"datePublished\":\"2026-02-18T12:00:39+00:00\",\"dateModified\":\"2026-02-18T12:00:42+00:00\",\"mainEntityOfPage\":{\"@id\":\"https:\\\/\\\/cvinoticias.com\\\/v3\\\/miercoles-de-ceniza-inicio-del-tiempo-de-cuaresma\\\/\"},\"wordCount\":316,\"commentCount\":0,\"publisher\":{\"@id\":\"https:\\\/\\\/cvinoticias.com\\\/v3\\\/#organization\"},\"image\":{\"@id\":\"https:\\\/\\\/cvinoticias.com\\\/v3\\\/miercoles-de-ceniza-inicio-del-tiempo-de-cuaresma\\\/#primaryimage\"},\"thumbnailUrl\":\"https:\\\/\\\/cvinoticias.com\\\/wp-content\\\/uploads\\\/2026\\\/02\\\/Miercoles-de-Ceniza-2025-en-Guatemala.webp\",\"keywords\":[\"ceniza\",\"cuaresma\",\"miercoles\"],\"articleSection\":[\"Sociedad\"],\"inLanguage\":\"es\",\"potentialAction\":[{\"@type\":\"CommentAction\",\"name\":\"Comment\",\"target\":[\"https:\\\/\\\/cvinoticias.com\\\/v3\\\/miercoles-de-ceniza-inicio-del-tiempo-de-cuaresma\\\/#respond\"]}]},{\"@type\":\"WebPage\",\"@id\":\"https:\\\/\\\/cvinoticias.com\\\/v3\\\/miercoles-de-ceniza-inicio-del-tiempo-de-cuaresma\\\/\",\"url\":\"https:\\\/\\\/cvinoticias.com\\\/v3\\\/miercoles-de-ceniza-inicio-del-tiempo-de-cuaresma\\\/\",\"name\":\"Mi\u00e9rcoles de Ceniza: inicio de la Cuaresma | CVI NOTICIAS\",\"isPartOf\":{\"@id\":\"https:\\\/\\\/cvinoticias.com\\\/v3\\\/#website\"},\"primaryImageOfPage\":{\"@id\":\"https:\\\/\\\/cvinoticias.com\\\/v3\\\/miercoles-de-ceniza-inicio-del-tiempo-de-cuaresma\\\/#primaryimage\"},\"image\":{\"@id\":\"https:\\\/\\\/cvinoticias.com\\\/v3\\\/miercoles-de-ceniza-inicio-del-tiempo-de-cuaresma\\\/#primaryimage\"},\"thumbnailUrl\":\"https:\\\/\\\/cvinoticias.com\\\/wp-content\\\/uploads\\\/2026\\\/02\\\/Miercoles-de-Ceniza-2025-en-Guatemala.webp\",\"datePublished\":\"2026-02-18T12:00:39+00:00\",\"dateModified\":\"2026-02-18T12:00:42+00:00\",\"description\":\"La Iglesia cat\u00f3lica inicia la Cuaresma con el Mi\u00e9rcoles de Ceniza, jornada de ayuno, reflexi\u00f3n y preparaci\u00f3n para la Pascua.\",\"breadcrumb\":{\"@id\":\"https:\\\/\\\/cvinoticias.com\\\/v3\\\/miercoles-de-ceniza-inicio-del-tiempo-de-cuaresma\\\/#breadcrumb\"},\"inLanguage\":\"es\",\"potentialAction\":[{\"@type\":\"ReadAction\",\"target\":[\"https:\\\/\\\/cvinoticias.com\\\/v3\\\/miercoles-de-ceniza-inicio-del-tiempo-de-cuaresma\\\/\"]}]},{\"@type\":\"ImageObject\",\"inLanguage\":\"es\",\"@id\":\"https:\\\/\\\/cvinoticias.com\\\/v3\\\/miercoles-de-ceniza-inicio-del-tiempo-de-cuaresma\\\/#primaryimage\",\"url\":\"https:\\\/\\\/cvinoticias.com\\\/wp-content\\\/uploads\\\/2026\\\/02\\\/Miercoles-de-Ceniza-2025-en-Guatemala.webp\",\"contentUrl\":\"https:\\\/\\\/cvinoticias.com\\\/wp-content\\\/uploads\\\/2026\\\/02\\\/Miercoles-de-Ceniza-2025-en-Guatemala.webp\",\"width\":904,\"height\":548},{\"@type\":\"BreadcrumbList\",\"@id\":\"https:\\\/\\\/cvinoticias.com\\\/v3\\\/miercoles-de-ceniza-inicio-del-tiempo-de-cuaresma\\\/#breadcrumb\",\"itemListElement\":[{\"@type\":\"ListItem\",\"position\":1,\"name\":\"Portada\",\"item\":\"https:\\\/\\\/cvinoticias.com\\\/v3\\\/\"},{\"@type\":\"ListItem\",\"position\":2,\"name\":\"Mi\u00e9rcoles de Ceniza: inicio del tiempo de Cuaresma\"}]},{\"@type\":\"WebSite\",\"@id\":\"https:\\\/\\\/cvinoticias.com\\\/v3\\\/#website\",\"url\":\"https:\\\/\\\/cvinoticias.com\\\/v3\\\/\",\"name\":\"CVI NOTICIAS\",\"description\":\"\",\"publisher\":{\"@id\":\"https:\\\/\\\/cvinoticias.com\\\/v3\\\/#organization\"},\"alternateName\":\"CVI\",\"potentialAction\":[{\"@type\":\"SearchAction\",\"target\":{\"@type\":\"EntryPoint\",\"urlTemplate\":\"https:\\\/\\\/cvinoticias.com\\\/v3\\\/?s={search_term_string}\"},\"query-input\":{\"@type\":\"PropertyValueSpecification\",\"valueRequired\":true,\"valueName\":\"search_term_string\"}}],\"inLanguage\":\"es\"},{\"@type\":\"Organization\",\"@id\":\"https:\\\/\\\/cvinoticias.com\\\/v3\\\/#organization\",\"name\":\"CVI NOTICIAS\",\"url\":\"https:\\\/\\\/cvinoticias.com\\\/v3\\\/\",\"logo\":{\"@type\":\"ImageObject\",\"inLanguage\":\"es\",\"@id\":\"https:\\\/\\\/cvinoticias.com\\\/v3\\\/#\\\/schema\\\/logo\\\/image\\\/\",\"url\":\"https:\\\/\\\/cvinoticias.com\\\/wp-content\\\/uploads\\\/2023\\\/04\\\/cropped-cropped-cropped-cropped-cropped-3-1.png\",\"contentUrl\":\"https:\\\/\\\/cvinoticias.com\\\/wp-content\\\/uploads\\\/2023\\\/04\\\/cropped-cropped-cropped-cropped-cropped-3-1.png\",\"width\":95,\"height\":122,\"caption\":\"CVI NOTICIAS\"},\"image\":{\"@id\":\"https:\\\/\\\/cvinoticias.com\\\/v3\\\/#\\\/schema\\\/logo\\\/image\\\/\"},\"sameAs\":[\"https:\\\/\\\/www.facebook.com\\\/cvinoticias\",\"https:\\\/\\\/www.instagram.com\\\/cvinoticias\\\/\",\"https:\\\/\\\/www.youtube.com\\\/@CVINOTICIAS\"]},{\"@type\":\"Person\",\"@id\":\"https:\\\/\\\/cvinoticias.com\\\/v3\\\/#\\\/schema\\\/person\\\/2db77e3c6bc03c538495d7b2b8be9b66\",\"name\":\"f1000024\",\"image\":{\"@type\":\"ImageObject\",\"inLanguage\":\"es\",\"@id\":\"https:\\\/\\\/secure.gravatar.com\\\/avatar\\\/d4fe7459cfc51ff5129ce1a732bbef5928568b8092d412ef95611616376bbeed?s=96&d=mm&r=g\",\"url\":\"https:\\\/\\\/secure.gravatar.com\\\/avatar\\\/d4fe7459cfc51ff5129ce1a732bbef5928568b8092d412ef95611616376bbeed?s=96&d=mm&r=g\",\"contentUrl\":\"https:\\\/\\\/secure.gravatar.com\\\/avatar\\\/d4fe7459cfc51ff5129ce1a732bbef5928568b8092d412ef95611616376bbeed?s=96&d=mm&r=g\",\"caption\":\"f1000024\"},\"url\":\"https:\\\/\\\/cvinoticias.com\\\/v3\\\/author\\\/f1000024\\\/\"}]}<\/script>\n<!-- \/ Yoast SEO plugin. -->","yoast_head_json":{"title":"Mi\u00e9rcoles de Ceniza: inicio de la Cuaresma | CVI NOTICIAS","description":"La Iglesia cat\u00f3lica inicia la Cuaresma con el Mi\u00e9rcoles de Ceniza, jornada de ayuno, reflexi\u00f3n y preparaci\u00f3n para la Pascua.","robots":{"index":"index","follow":"follow","max-snippet":"max-snippet:-1","max-image-preview":"max-image-preview:large","max-video-preview":"max-video-preview:-1"},"canonical":"https:\/\/cvinoticias.com\/v3\/miercoles-de-ceniza-inicio-del-tiempo-de-cuaresma\/","og_locale":"es_ES","og_type":"article","og_title":"Mi\u00e9rcoles de Ceniza: inicio de la Cuaresma | CVI NOTICIAS","og_description":"La Iglesia cat\u00f3lica inicia la Cuaresma con el Mi\u00e9rcoles de Ceniza, jornada de ayuno, reflexi\u00f3n y preparaci\u00f3n para la Pascua.","og_url":"https:\/\/cvinoticias.com\/v3\/miercoles-de-ceniza-inicio-del-tiempo-de-cuaresma\/","og_site_name":"CVI NOTICIAS","article_publisher":"https:\/\/www.facebook.com\/cvinoticias","article_published_time":"2026-02-18T12:00:39+00:00","article_modified_time":"2026-02-18T12:00:42+00:00","og_image":[{"width":904,"height":548,"url":"https:\/\/cvinoticias.com\/wp-content\/uploads\/2026\/02\/Miercoles-de-Ceniza-2025-en-Guatemala.webp","type":"image\/webp"}],"author":"f1000024","twitter_card":"summary_large_image","twitter_misc":{"Escrito por":"f1000024","Tiempo de lectura":"2 minutos"},"schema":{"@context":"https:\/\/schema.org","@graph":[{"@type":"Article","@id":"https:\/\/cvinoticias.com\/v3\/miercoles-de-ceniza-inicio-del-tiempo-de-cuaresma\/#article","isPartOf":{"@id":"https:\/\/cvinoticias.com\/v3\/miercoles-de-ceniza-inicio-del-tiempo-de-cuaresma\/"},"author":{"name":"f1000024","@id":"https:\/\/cvinoticias.com\/v3\/#\/schema\/person\/2db77e3c6bc03c538495d7b2b8be9b66"},"headline":"Mi\u00e9rcoles de Ceniza: inicio del tiempo de Cuaresma","datePublished":"2026-02-18T12:00:39+00:00","dateModified":"2026-02-18T12:00:42+00:00","mainEntityOfPage":{"@id":"https:\/\/cvinoticias.com\/v3\/miercoles-de-ceniza-inicio-del-tiempo-de-cuaresma\/"},"wordCount":316,"commentCount":0,"publisher":{"@id":"https:\/\/cvinoticias.com\/v3\/#organization"},"image":{"@id":"https:\/\/cvinoticias.com\/v3\/miercoles-de-ceniza-inicio-del-tiempo-de-cuaresma\/#primaryimage"},"thumbnailUrl":"https:\/\/cvinoticias.com\/wp-content\/uploads\/2026\/02\/Miercoles-de-Ceniza-2025-en-Guatemala.webp","keywords":["ceniza","cuaresma","miercoles"],"articleSection":["Sociedad"],"inLanguage":"es","potentialAction":[{"@type":"CommentAction","name":"Comment","target":["https:\/\/cvinoticias.com\/v3\/miercoles-de-ceniza-inicio-del-tiempo-de-cuaresma\/#respond"]}]},{"@type":"WebPage","@id":"https:\/\/cvinoticias.com\/v3\/miercoles-de-ceniza-inicio-del-tiempo-de-cuaresma\/","url":"https:\/\/cvinoticias.com\/v3\/miercoles-de-ceniza-inicio-del-tiempo-de-cuaresma\/","name":"Mi\u00e9rcoles de Ceniza: inicio de la Cuaresma | CVI NOTICIAS","isPartOf":{"@id":"https:\/\/cvinoticias.com\/v3\/#website"},"primaryImageOfPage":{"@id":"https:\/\/cvinoticias.com\/v3\/miercoles-de-ceniza-inicio-del-tiempo-de-cuaresma\/#primaryimage"},"image":{"@id":"https:\/\/cvinoticias.com\/v3\/miercoles-de-ceniza-inicio-del-tiempo-de-cuaresma\/#primaryimage"},"thumbnailUrl":"https:\/\/cvinoticias.com\/wp-content\/uploads\/2026\/02\/Miercoles-de-Ceniza-2025-en-Guatemala.webp","datePublished":"2026-02-18T12:00:39+00:00","dateModified":"2026-02-18T12:00:42+00:00","description":"La Iglesia cat\u00f3lica inicia la Cuaresma con el Mi\u00e9rcoles de Ceniza, jornada de ayuno, reflexi\u00f3n y preparaci\u00f3n para la Pascua.","breadcrumb":{"@id":"https:\/\/cvinoticias.com\/v3\/miercoles-de-ceniza-inicio-del-tiempo-de-cuaresma\/#breadcrumb"},"inLanguage":"es","potentialAction":[{"@type":"ReadAction","target":["https:\/\/cvinoticias.com\/v3\/miercoles-de-ceniza-inicio-del-tiempo-de-cuaresma\/"]}]},{"@type":"ImageObject","inLanguage":"es","@id":"https:\/\/cvinoticias.com\/v3\/miercoles-de-ceniza-inicio-del-tiempo-de-cuaresma\/#primaryimage","url":"https:\/\/cvinoticias.com\/wp-content\/uploads\/2026\/02\/Miercoles-de-Ceniza-2025-en-Guatemala.webp","contentUrl":"https:\/\/cvinoticias.com\/wp-content\/uploads\/2026\/02\/Miercoles-de-Ceniza-2025-en-Guatemala.webp","width":904,"height":548},{"@type":"BreadcrumbList","@id":"https:\/\/cvinoticias.com\/v3\/miercoles-de-ceniza-inicio-del-tiempo-de-cuaresma\/#breadcrumb","itemListElement":[{"@type":"ListItem","position":1,"name":"Portada","item":"https:\/\/cvinoticias.com\/v3\/"},{"@type":"ListItem","position":2,"name":"Mi\u00e9rcoles de Ceniza: inicio del tiempo de Cuaresma"}]},{"@type":"WebSite","@id":"https:\/\/cvinoticias.com\/v3\/#website","url":"https:\/\/cvinoticias.com\/v3\/","name":"CVI NOTICIAS","description":"","publisher":{"@id":"https:\/\/cvinoticias.com\/v3\/#organization"},"alternateName":"CVI","potentialAction":[{"@type":"SearchAction","target":{"@type":"EntryPoint","urlTemplate":"https:\/\/cvinoticias.com\/v3\/?s={search_term_string}"},"query-input":{"@type":"PropertyValueSpecification","valueRequired":true,"valueName":"search_term_string"}}],"inLanguage":"es"},{"@type":"Organization","@id":"https:\/\/cvinoticias.com\/v3\/#organization","name":"CVI NOTICIAS","url":"https:\/\/cvinoticias.com\/v3\/","logo":{"@type":"ImageObject","inLanguage":"es","@id":"https:\/\/cvinoticias.com\/v3\/#\/schema\/logo\/image\/","url":"https:\/\/cvinoticias.com\/wp-content\/uploads\/2023\/04\/cropped-cropped-cropped-cropped-cropped-3-1.png","contentUrl":"https:\/\/cvinoticias.com\/wp-content\/uploads\/2023\/04\/cropped-cropped-cropped-cropped-cropped-3-1.png","width":95,"height":122,"caption":"CVI NOTICIAS"},"image":{"@id":"https:\/\/cvinoticias.com\/v3\/#\/schema\/logo\/image\/"},"sameAs":["https:\/\/www.facebook.com\/cvinoticias","https:\/\/www.instagram.com\/cvinoticias\/","https:\/\/www.youtube.com\/@CVINOTICIAS"]},{"@type":"Person","@id":"https:\/\/cvinoticias.com\/v3\/#\/schema\/person\/2db77e3c6bc03c538495d7b2b8be9b66","name":"f1000024","image":{"@type":"ImageObject","inLanguage":"es","@id":"https:\/\/secure.gravatar.com\/avatar\/d4fe7459cfc51ff5129ce1a732bbef5928568b8092d412ef95611616376bbeed?s=96&d=mm&r=g","url":"https:\/\/secure.gravatar.com\/avatar\/d4fe7459cfc51ff5129ce1a732bbef5928568b8092d412ef95611616376bbeed?s=96&d=mm&r=g","contentUrl":"https:\/\/secure.gravatar.com\/avatar\/d4fe7459cfc51ff5129ce1a732bbef5928568b8092d412ef95611616376bbeed?s=96&d=mm&r=g","caption":"f1000024"},"url":"https:\/\/cvinoticias.com\/v3\/author\/f1000024\/"}]}},"_links":{"self":[{"href":"https:\/\/cvinoticias.com\/v3\/wp-json\/wp\/v2\/posts\/54600","targetHints":{"allow":["GET"]}}],"collection":[{"href":"https:\/\/cvinoticias.com\/v3\/wp-json\/wp\/v2\/posts"}],"about":[{"href":"https:\/\/cvinoticias.com\/v3\/wp-json\/wp\/v2\/types\/post"}],"author":[{"embeddable":true,"href":"https:\/\/cvinoticias.com\/v3\/wp-json\/wp\/v2\/users\/2"}],"replies":[{"embeddable":true,"href":"https:\/\/cvinoticias.com\/v3\/wp-json\/wp\/v2\/comments?post=54600"}],"version-history":[{"count":1,"href":"https:\/\/cvinoticias.com\/v3\/wp-json\/wp\/v2\/posts\/54600\/revisions"}],"predecessor-version":[{"id":54603,"href":"https:\/\/cvinoticias.com\/v3\/wp-json\/wp\/v2\/posts\/54600\/revisions\/54603"}],"wp:featuredmedia":[{"embeddable":true,"href":"https:\/\/cvinoticias.com\/v3\/wp-json\/wp\/v2\/media\/54602"}],"wp:attachment":[{"href":"https:\/\/cvinoticias.com\/v3\/wp-json\/wp\/v2\/media?parent=54600"}],"wp:term":[{"taxonomy":"category","embeddable":true,"href":"https:\/\/cvinoticias.com\/v3\/wp-json\/wp\/v2\/categories?post=54600"},{"taxonomy":"post_tag","embeddable":true,"href":"https:\/\/cvinoticias.com\/v3\/wp-json\/wp\/v2\/tags?post=54600"}],"curies":[{"name":"wp","href":"https:\/\/api.w.org\/{rel}","templated":true}]}}