{"id":54419,"date":"2026-02-12T07:48:47","date_gmt":"2026-02-12T10:48:47","guid":{"rendered":"https:\/\/cvinoticias.com\/v3\/?p=54419"},"modified":"2026-02-12T07:48:49","modified_gmt":"2026-02-12T10:48:49","slug":"prevision-del-tiempo-en-misiones-jueves-12-de-febrero","status":"publish","type":"post","link":"https:\/\/cvinoticias.com\/v3\/prevision-del-tiempo-en-misiones-jueves-12-de-febrero\/","title":{"rendered":"Previsi\u00f3n del tiempo en Misiones: jueves 12 de febrero"},"content":{"rendered":"\n<p>La provincia de Misiones transitar\u00e1 este jueves 12 de febrero una jornada marcada por el calor, el viento y cierta inestabilidad, seg\u00fan el informe emitido por la Direcci\u00f3n General de Alerta Temprana. Las condiciones meteorol\u00f3gicas responder\u00e1n a un escenario t\u00edpico del verano, con temperaturas elevadas y presencia de humedad.<\/p>\n\n\n\n<p>De acuerdo al parte oficial, se esperan chaparrones dispersos y pasajeros, principalmente en la zona norte del territorio provincial. Sin embargo, un sistema de alta presi\u00f3n actuar\u00e1 como bloqueo atmosf\u00e9rico, lo que limitar\u00e1 las precipitaciones a eventos localizados, breves y de bajo impacto, sin lluvias generalizadas.<\/p>\n\n\n\n<p>En cuanto a los registros previstos, las precipitaciones oscilar\u00edan entre 3 y 6 mil\u00edmetros, con una probabilidad de ocurrencia de entre el 15% y el 45%. La probabilidad de nieblas y neblinas ser\u00e1 media, mientras que la calidad del aire se mantendr\u00e1 en niveles regulares.<\/p>\n\n\n\n<p>Los vientos soplar\u00e1n del noreste, norte y sureste, con velocidades estimadas entre 4 y 18 km\/h, y con probabilidad de r\u00e1fagas que podr\u00edan alcanzar entre 30 y 50 km\/h en sectores puntuales de la provincia.<\/p>\n\n\n\n<p>Respecto a las temperaturas, se prev\u00e9 una m\u00e1xima provincial de 36 \u00b0C en la localidad de Ap\u00f3stoles, con una sensaci\u00f3n t\u00e9rmica que podr\u00eda alcanzar los 40 \u00b0C. La temperatura m\u00ednima se registrar\u00eda en San Vicente, con valores cercanos a los 22 \u00b0C.<\/p>\n\n\n\n<p>La informaci\u00f3n fue suministrada por la Direcci\u00f3n General de Alerta Temprana, dependiente de la Subsecretar\u00eda de Ordenamiento Territorial del Ministerio de Ecolog\u00eda y Recursos Naturales Renovables de la Provincia de Misiones.<\/p>\n","protected":false},"excerpt":{"rendered":"<p>La provincia de Misiones transitar\u00e1 este jueves 12 de febrero una jornada marcada por el calor, el viento y cierta inestabilidad, seg\u00fan el informe emitido por la Direcci\u00f3n General de Alerta Temprana. Las condiciones meteorol\u00f3gicas responder\u00e1n a un escenario t\u00edpico del verano, con temperaturas elevadas y presencia de humedad. De acuerdo al parte oficial, se [&hellip;]<\/p>\n","protected":false},"author":2,"featured_media":54420,"comment_status":"open","ping_status":"closed","sticky":false,"template":"","format":"standard","meta":{"footnotes":""},"categories":[1146],"tags":[1148,313,278],"class_list":["post-54419","post","type-post","status-publish","format-standard","has-post-thumbnail","hentry","category-tiempo","tag-clima","tag-iguazu","tag-misiones"],"yoast_head":"<!-- This site is optimized with the Yoast SEO plugin v27.5 - https:\/\/yoast.com\/product\/yoast-seo-wordpress\/ -->\n<title>Previsi\u00f3n del tiempo en Misiones: calor e inestabilidad | CVI NOTICIAS<\/title>\n<meta name=\"description\" content=\"Misiones tendr\u00e1 un jueves caluroso, ventoso e inestable, con chaparrones aislados y sensaci\u00f3n t\u00e9rmica de hasta 40\u00b0C.\" \/>\n<meta name=\"robots\" content=\"index, follow, max-snippet:-1, max-image-preview:large, max-video-preview:-1\" \/>\n<link rel=\"canonical\" href=\"https:\/\/cvinoticias.com\/v3\/prevision-del-tiempo-en-misiones-jueves-12-de-febrero\/\" \/>\n<meta property=\"og:locale\" content=\"es_ES\" \/>\n<meta property=\"og:type\" content=\"article\" \/>\n<meta property=\"og:title\" content=\"Previsi\u00f3n del tiempo en Misiones: calor e inestabilidad | CVI NOTICIAS\" \/>\n<meta property=\"og:description\" content=\"Misiones tendr\u00e1 un jueves caluroso, ventoso e inestable, con chaparrones aislados y sensaci\u00f3n t\u00e9rmica de hasta 40\u00b0C.\" \/>\n<meta property=\"og:url\" content=\"https:\/\/cvinoticias.com\/v3\/prevision-del-tiempo-en-misiones-jueves-12-de-febrero\/\" \/>\n<meta property=\"og:site_name\" content=\"CVI NOTICIAS\" \/>\n<meta property=\"article:publisher\" content=\"https:\/\/www.facebook.com\/cvinoticias\" \/>\n<meta property=\"article:published_time\" content=\"2026-02-12T10:48:47+00:00\" \/>\n<meta property=\"article:modified_time\" content=\"2026-02-12T10:48:49+00:00\" \/>\n<meta property=\"og:image\" content=\"https:\/\/cvinoticias.com\/wp-content\/uploads\/2026\/02\/FB_IMG_1770893086926.jpg\" \/>\n\t<meta property=\"og:image:width\" content=\"1669\" \/>\n\t<meta property=\"og:image:height\" content=\"1051\" \/>\n\t<meta property=\"og:image:type\" content=\"image\/jpeg\" \/>\n<meta name=\"author\" content=\"f1000024\" \/>\n<meta name=\"twitter:card\" content=\"summary_large_image\" \/>\n<meta name=\"twitter:label1\" content=\"Escrito por\" \/>\n\t<meta name=\"twitter:data1\" content=\"f1000024\" \/>\n\t<meta name=\"twitter:label2\" content=\"Tiempo de lectura\" \/>\n\t<meta name=\"twitter:data2\" content=\"2 minutos\" \/>\n<script type=\"application\/ld+json\" class=\"yoast-schema-graph\">{\"@context\":\"https:\\\/\\\/schema.org\",\"@graph\":[{\"@type\":\"Article\",\"@id\":\"https:\\\/\\\/cvinoticias.com\\\/v3\\\/prevision-del-tiempo-en-misiones-jueves-12-de-febrero\\\/#article\",\"isPartOf\":{\"@id\":\"https:\\\/\\\/cvinoticias.com\\\/v3\\\/prevision-del-tiempo-en-misiones-jueves-12-de-febrero\\\/\"},\"author\":{\"name\":\"f1000024\",\"@id\":\"https:\\\/\\\/cvinoticias.com\\\/v3\\\/#\\\/schema\\\/person\\\/2db77e3c6bc03c538495d7b2b8be9b66\"},\"headline\":\"Previsi\u00f3n del tiempo en Misiones: jueves 12 de febrero\",\"datePublished\":\"2026-02-12T10:48:47+00:00\",\"dateModified\":\"2026-02-12T10:48:49+00:00\",\"mainEntityOfPage\":{\"@id\":\"https:\\\/\\\/cvinoticias.com\\\/v3\\\/prevision-del-tiempo-en-misiones-jueves-12-de-febrero\\\/\"},\"wordCount\":270,\"commentCount\":0,\"publisher\":{\"@id\":\"https:\\\/\\\/cvinoticias.com\\\/v3\\\/#organization\"},\"image\":{\"@id\":\"https:\\\/\\\/cvinoticias.com\\\/v3\\\/prevision-del-tiempo-en-misiones-jueves-12-de-febrero\\\/#primaryimage\"},\"thumbnailUrl\":\"https:\\\/\\\/cvinoticias.com\\\/wp-content\\\/uploads\\\/2026\\\/02\\\/FB_IMG_1770893086926.jpg\",\"keywords\":[\"Clima\",\"Iguaz\u00fa\",\"Misiones\"],\"articleSection\":[\"Tiempo\"],\"inLanguage\":\"es\",\"potentialAction\":[{\"@type\":\"CommentAction\",\"name\":\"Comment\",\"target\":[\"https:\\\/\\\/cvinoticias.com\\\/v3\\\/prevision-del-tiempo-en-misiones-jueves-12-de-febrero\\\/#respond\"]}]},{\"@type\":\"WebPage\",\"@id\":\"https:\\\/\\\/cvinoticias.com\\\/v3\\\/prevision-del-tiempo-en-misiones-jueves-12-de-febrero\\\/\",\"url\":\"https:\\\/\\\/cvinoticias.com\\\/v3\\\/prevision-del-tiempo-en-misiones-jueves-12-de-febrero\\\/\",\"name\":\"Previsi\u00f3n del tiempo en Misiones: calor e inestabilidad | CVI NOTICIAS\",\"isPartOf\":{\"@id\":\"https:\\\/\\\/cvinoticias.com\\\/v3\\\/#website\"},\"primaryImageOfPage\":{\"@id\":\"https:\\\/\\\/cvinoticias.com\\\/v3\\\/prevision-del-tiempo-en-misiones-jueves-12-de-febrero\\\/#primaryimage\"},\"image\":{\"@id\":\"https:\\\/\\\/cvinoticias.com\\\/v3\\\/prevision-del-tiempo-en-misiones-jueves-12-de-febrero\\\/#primaryimage\"},\"thumbnailUrl\":\"https:\\\/\\\/cvinoticias.com\\\/wp-content\\\/uploads\\\/2026\\\/02\\\/FB_IMG_1770893086926.jpg\",\"datePublished\":\"2026-02-12T10:48:47+00:00\",\"dateModified\":\"2026-02-12T10:48:49+00:00\",\"description\":\"Misiones tendr\u00e1 un jueves caluroso, ventoso e inestable, con chaparrones aislados y sensaci\u00f3n t\u00e9rmica de hasta 40\u00b0C.\",\"breadcrumb\":{\"@id\":\"https:\\\/\\\/cvinoticias.com\\\/v3\\\/prevision-del-tiempo-en-misiones-jueves-12-de-febrero\\\/#breadcrumb\"},\"inLanguage\":\"es\",\"potentialAction\":[{\"@type\":\"ReadAction\",\"target\":[\"https:\\\/\\\/cvinoticias.com\\\/v3\\\/prevision-del-tiempo-en-misiones-jueves-12-de-febrero\\\/\"]}]},{\"@type\":\"ImageObject\",\"inLanguage\":\"es\",\"@id\":\"https:\\\/\\\/cvinoticias.com\\\/v3\\\/prevision-del-tiempo-en-misiones-jueves-12-de-febrero\\\/#primaryimage\",\"url\":\"https:\\\/\\\/cvinoticias.com\\\/wp-content\\\/uploads\\\/2026\\\/02\\\/FB_IMG_1770893086926.jpg\",\"contentUrl\":\"https:\\\/\\\/cvinoticias.com\\\/wp-content\\\/uploads\\\/2026\\\/02\\\/FB_IMG_1770893086926.jpg\",\"width\":1669,\"height\":1051},{\"@type\":\"BreadcrumbList\",\"@id\":\"https:\\\/\\\/cvinoticias.com\\\/v3\\\/prevision-del-tiempo-en-misiones-jueves-12-de-febrero\\\/#breadcrumb\",\"itemListElement\":[{\"@type\":\"ListItem\",\"position\":1,\"name\":\"Portada\",\"item\":\"https:\\\/\\\/cvinoticias.com\\\/v3\\\/\"},{\"@type\":\"ListItem\",\"position\":2,\"name\":\"Previsi\u00f3n del tiempo en Misiones: jueves 12 de febrero\"}]},{\"@type\":\"WebSite\",\"@id\":\"https:\\\/\\\/cvinoticias.com\\\/v3\\\/#website\",\"url\":\"https:\\\/\\\/cvinoticias.com\\\/v3\\\/\",\"name\":\"CVI NOTICIAS\",\"description\":\"\",\"publisher\":{\"@id\":\"https:\\\/\\\/cvinoticias.com\\\/v3\\\/#organization\"},\"alternateName\":\"CVI\",\"potentialAction\":[{\"@type\":\"SearchAction\",\"target\":{\"@type\":\"EntryPoint\",\"urlTemplate\":\"https:\\\/\\\/cvinoticias.com\\\/v3\\\/?s={search_term_string}\"},\"query-input\":{\"@type\":\"PropertyValueSpecification\",\"valueRequired\":true,\"valueName\":\"search_term_string\"}}],\"inLanguage\":\"es\"},{\"@type\":\"Organization\",\"@id\":\"https:\\\/\\\/cvinoticias.com\\\/v3\\\/#organization\",\"name\":\"CVI NOTICIAS\",\"url\":\"https:\\\/\\\/cvinoticias.com\\\/v3\\\/\",\"logo\":{\"@type\":\"ImageObject\",\"inLanguage\":\"es\",\"@id\":\"https:\\\/\\\/cvinoticias.com\\\/v3\\\/#\\\/schema\\\/logo\\\/image\\\/\",\"url\":\"https:\\\/\\\/cvinoticias.com\\\/wp-content\\\/uploads\\\/2023\\\/04\\\/cropped-cropped-cropped-cropped-cropped-3-1.png\",\"contentUrl\":\"https:\\\/\\\/cvinoticias.com\\\/wp-content\\\/uploads\\\/2023\\\/04\\\/cropped-cropped-cropped-cropped-cropped-3-1.png\",\"width\":95,\"height\":122,\"caption\":\"CVI NOTICIAS\"},\"image\":{\"@id\":\"https:\\\/\\\/cvinoticias.com\\\/v3\\\/#\\\/schema\\\/logo\\\/image\\\/\"},\"sameAs\":[\"https:\\\/\\\/www.facebook.com\\\/cvinoticias\",\"https:\\\/\\\/www.instagram.com\\\/cvinoticias\\\/\",\"https:\\\/\\\/www.youtube.com\\\/@CVINOTICIAS\"]},{\"@type\":\"Person\",\"@id\":\"https:\\\/\\\/cvinoticias.com\\\/v3\\\/#\\\/schema\\\/person\\\/2db77e3c6bc03c538495d7b2b8be9b66\",\"name\":\"f1000024\",\"image\":{\"@type\":\"ImageObject\",\"inLanguage\":\"es\",\"@id\":\"https:\\\/\\\/secure.gravatar.com\\\/avatar\\\/d4fe7459cfc51ff5129ce1a732bbef5928568b8092d412ef95611616376bbeed?s=96&d=mm&r=g\",\"url\":\"https:\\\/\\\/secure.gravatar.com\\\/avatar\\\/d4fe7459cfc51ff5129ce1a732bbef5928568b8092d412ef95611616376bbeed?s=96&d=mm&r=g\",\"contentUrl\":\"https:\\\/\\\/secure.gravatar.com\\\/avatar\\\/d4fe7459cfc51ff5129ce1a732bbef5928568b8092d412ef95611616376bbeed?s=96&d=mm&r=g\",\"caption\":\"f1000024\"},\"url\":\"https:\\\/\\\/cvinoticias.com\\\/v3\\\/author\\\/f1000024\\\/\"}]}<\/script>\n<!-- \/ Yoast SEO plugin. -->","yoast_head_json":{"title":"Previsi\u00f3n del tiempo en Misiones: calor e inestabilidad | CVI NOTICIAS","description":"Misiones tendr\u00e1 un jueves caluroso, ventoso e inestable, con chaparrones aislados y sensaci\u00f3n t\u00e9rmica de hasta 40\u00b0C.","robots":{"index":"index","follow":"follow","max-snippet":"max-snippet:-1","max-image-preview":"max-image-preview:large","max-video-preview":"max-video-preview:-1"},"canonical":"https:\/\/cvinoticias.com\/v3\/prevision-del-tiempo-en-misiones-jueves-12-de-febrero\/","og_locale":"es_ES","og_type":"article","og_title":"Previsi\u00f3n del tiempo en Misiones: calor e inestabilidad | CVI NOTICIAS","og_description":"Misiones tendr\u00e1 un jueves caluroso, ventoso e inestable, con chaparrones aislados y sensaci\u00f3n t\u00e9rmica de hasta 40\u00b0C.","og_url":"https:\/\/cvinoticias.com\/v3\/prevision-del-tiempo-en-misiones-jueves-12-de-febrero\/","og_site_name":"CVI NOTICIAS","article_publisher":"https:\/\/www.facebook.com\/cvinoticias","article_published_time":"2026-02-12T10:48:47+00:00","article_modified_time":"2026-02-12T10:48:49+00:00","og_image":[{"width":1669,"height":1051,"url":"https:\/\/cvinoticias.com\/wp-content\/uploads\/2026\/02\/FB_IMG_1770893086926.jpg","type":"image\/jpeg"}],"author":"f1000024","twitter_card":"summary_large_image","twitter_misc":{"Escrito por":"f1000024","Tiempo de lectura":"2 minutos"},"schema":{"@context":"https:\/\/schema.org","@graph":[{"@type":"Article","@id":"https:\/\/cvinoticias.com\/v3\/prevision-del-tiempo-en-misiones-jueves-12-de-febrero\/#article","isPartOf":{"@id":"https:\/\/cvinoticias.com\/v3\/prevision-del-tiempo-en-misiones-jueves-12-de-febrero\/"},"author":{"name":"f1000024","@id":"https:\/\/cvinoticias.com\/v3\/#\/schema\/person\/2db77e3c6bc03c538495d7b2b8be9b66"},"headline":"Previsi\u00f3n del tiempo en Misiones: jueves 12 de febrero","datePublished":"2026-02-12T10:48:47+00:00","dateModified":"2026-02-12T10:48:49+00:00","mainEntityOfPage":{"@id":"https:\/\/cvinoticias.com\/v3\/prevision-del-tiempo-en-misiones-jueves-12-de-febrero\/"},"wordCount":270,"commentCount":0,"publisher":{"@id":"https:\/\/cvinoticias.com\/v3\/#organization"},"image":{"@id":"https:\/\/cvinoticias.com\/v3\/prevision-del-tiempo-en-misiones-jueves-12-de-febrero\/#primaryimage"},"thumbnailUrl":"https:\/\/cvinoticias.com\/wp-content\/uploads\/2026\/02\/FB_IMG_1770893086926.jpg","keywords":["Clima","Iguaz\u00fa","Misiones"],"articleSection":["Tiempo"],"inLanguage":"es","potentialAction":[{"@type":"CommentAction","name":"Comment","target":["https:\/\/cvinoticias.com\/v3\/prevision-del-tiempo-en-misiones-jueves-12-de-febrero\/#respond"]}]},{"@type":"WebPage","@id":"https:\/\/cvinoticias.com\/v3\/prevision-del-tiempo-en-misiones-jueves-12-de-febrero\/","url":"https:\/\/cvinoticias.com\/v3\/prevision-del-tiempo-en-misiones-jueves-12-de-febrero\/","name":"Previsi\u00f3n del tiempo en Misiones: calor e inestabilidad | CVI NOTICIAS","isPartOf":{"@id":"https:\/\/cvinoticias.com\/v3\/#website"},"primaryImageOfPage":{"@id":"https:\/\/cvinoticias.com\/v3\/prevision-del-tiempo-en-misiones-jueves-12-de-febrero\/#primaryimage"},"image":{"@id":"https:\/\/cvinoticias.com\/v3\/prevision-del-tiempo-en-misiones-jueves-12-de-febrero\/#primaryimage"},"thumbnailUrl":"https:\/\/cvinoticias.com\/wp-content\/uploads\/2026\/02\/FB_IMG_1770893086926.jpg","datePublished":"2026-02-12T10:48:47+00:00","dateModified":"2026-02-12T10:48:49+00:00","description":"Misiones tendr\u00e1 un jueves caluroso, ventoso e inestable, con chaparrones aislados y sensaci\u00f3n t\u00e9rmica de hasta 40\u00b0C.","breadcrumb":{"@id":"https:\/\/cvinoticias.com\/v3\/prevision-del-tiempo-en-misiones-jueves-12-de-febrero\/#breadcrumb"},"inLanguage":"es","potentialAction":[{"@type":"ReadAction","target":["https:\/\/cvinoticias.com\/v3\/prevision-del-tiempo-en-misiones-jueves-12-de-febrero\/"]}]},{"@type":"ImageObject","inLanguage":"es","@id":"https:\/\/cvinoticias.com\/v3\/prevision-del-tiempo-en-misiones-jueves-12-de-febrero\/#primaryimage","url":"https:\/\/cvinoticias.com\/wp-content\/uploads\/2026\/02\/FB_IMG_1770893086926.jpg","contentUrl":"https:\/\/cvinoticias.com\/wp-content\/uploads\/2026\/02\/FB_IMG_1770893086926.jpg","width":1669,"height":1051},{"@type":"BreadcrumbList","@id":"https:\/\/cvinoticias.com\/v3\/prevision-del-tiempo-en-misiones-jueves-12-de-febrero\/#breadcrumb","itemListElement":[{"@type":"ListItem","position":1,"name":"Portada","item":"https:\/\/cvinoticias.com\/v3\/"},{"@type":"ListItem","position":2,"name":"Previsi\u00f3n del tiempo en Misiones: jueves 12 de febrero"}]},{"@type":"WebSite","@id":"https:\/\/cvinoticias.com\/v3\/#website","url":"https:\/\/cvinoticias.com\/v3\/","name":"CVI NOTICIAS","description":"","publisher":{"@id":"https:\/\/cvinoticias.com\/v3\/#organization"},"alternateName":"CVI","potentialAction":[{"@type":"SearchAction","target":{"@type":"EntryPoint","urlTemplate":"https:\/\/cvinoticias.com\/v3\/?s={search_term_string}"},"query-input":{"@type":"PropertyValueSpecification","valueRequired":true,"valueName":"search_term_string"}}],"inLanguage":"es"},{"@type":"Organization","@id":"https:\/\/cvinoticias.com\/v3\/#organization","name":"CVI NOTICIAS","url":"https:\/\/cvinoticias.com\/v3\/","logo":{"@type":"ImageObject","inLanguage":"es","@id":"https:\/\/cvinoticias.com\/v3\/#\/schema\/logo\/image\/","url":"https:\/\/cvinoticias.com\/wp-content\/uploads\/2023\/04\/cropped-cropped-cropped-cropped-cropped-3-1.png","contentUrl":"https:\/\/cvinoticias.com\/wp-content\/uploads\/2023\/04\/cropped-cropped-cropped-cropped-cropped-3-1.png","width":95,"height":122,"caption":"CVI NOTICIAS"},"image":{"@id":"https:\/\/cvinoticias.com\/v3\/#\/schema\/logo\/image\/"},"sameAs":["https:\/\/www.facebook.com\/cvinoticias","https:\/\/www.instagram.com\/cvinoticias\/","https:\/\/www.youtube.com\/@CVINOTICIAS"]},{"@type":"Person","@id":"https:\/\/cvinoticias.com\/v3\/#\/schema\/person\/2db77e3c6bc03c538495d7b2b8be9b66","name":"f1000024","image":{"@type":"ImageObject","inLanguage":"es","@id":"https:\/\/secure.gravatar.com\/avatar\/d4fe7459cfc51ff5129ce1a732bbef5928568b8092d412ef95611616376bbeed?s=96&d=mm&r=g","url":"https:\/\/secure.gravatar.com\/avatar\/d4fe7459cfc51ff5129ce1a732bbef5928568b8092d412ef95611616376bbeed?s=96&d=mm&r=g","contentUrl":"https:\/\/secure.gravatar.com\/avatar\/d4fe7459cfc51ff5129ce1a732bbef5928568b8092d412ef95611616376bbeed?s=96&d=mm&r=g","caption":"f1000024"},"url":"https:\/\/cvinoticias.com\/v3\/author\/f1000024\/"}]}},"_links":{"self":[{"href":"https:\/\/cvinoticias.com\/v3\/wp-json\/wp\/v2\/posts\/54419","targetHints":{"allow":["GET"]}}],"collection":[{"href":"https:\/\/cvinoticias.com\/v3\/wp-json\/wp\/v2\/posts"}],"about":[{"href":"https:\/\/cvinoticias.com\/v3\/wp-json\/wp\/v2\/types\/post"}],"author":[{"embeddable":true,"href":"https:\/\/cvinoticias.com\/v3\/wp-json\/wp\/v2\/users\/2"}],"replies":[{"embeddable":true,"href":"https:\/\/cvinoticias.com\/v3\/wp-json\/wp\/v2\/comments?post=54419"}],"version-history":[{"count":1,"href":"https:\/\/cvinoticias.com\/v3\/wp-json\/wp\/v2\/posts\/54419\/revisions"}],"predecessor-version":[{"id":54421,"href":"https:\/\/cvinoticias.com\/v3\/wp-json\/wp\/v2\/posts\/54419\/revisions\/54421"}],"wp:featuredmedia":[{"embeddable":true,"href":"https:\/\/cvinoticias.com\/v3\/wp-json\/wp\/v2\/media\/54420"}],"wp:attachment":[{"href":"https:\/\/cvinoticias.com\/v3\/wp-json\/wp\/v2\/media?parent=54419"}],"wp:term":[{"taxonomy":"category","embeddable":true,"href":"https:\/\/cvinoticias.com\/v3\/wp-json\/wp\/v2\/categories?post=54419"},{"taxonomy":"post_tag","embeddable":true,"href":"https:\/\/cvinoticias.com\/v3\/wp-json\/wp\/v2\/tags?post=54419"}],"curies":[{"name":"wp","href":"https:\/\/api.w.org\/{rel}","templated":true}]}}