{"id":54383,"date":"2026-02-11T05:54:15","date_gmt":"2026-02-11T08:54:15","guid":{"rendered":"https:\/\/cvinoticias.com\/v3\/?p=54383"},"modified":"2026-02-11T05:54:17","modified_gmt":"2026-02-11T08:54:17","slug":"calor-humedad-y-tormentas-frente-frio-llegara-a-misiones-el-viernes","status":"publish","type":"post","link":"https:\/\/cvinoticias.com\/v3\/calor-humedad-y-tormentas-frente-frio-llegara-a-misiones-el-viernes\/","title":{"rendered":"Calor, humedad y tormentas: frente fr\u00edo llegar\u00e1 a Misiones el viernes"},"content":{"rendered":"\n<p>La provincia de Misiones atraviesa una seguidilla de jornadas con tiempo mayormente estable, caluroso y h\u00famedo, seg\u00fan el informe de la Direcci\u00f3n General de Alerta Temprana. Para este mi\u00e9rcoles 11 de febrero se espera una ma\u00f1ana despejada y templada, con aumento de la nubosidad y de la sensaci\u00f3n t\u00e9rmica hacia la tarde, adem\u00e1s de la probabilidad de chaparrones pasajeros, especialmente en la zona sur de la provincia durante la tarde-noche.<\/p>\n\n\n\n<p>Las temperaturas se mantendr\u00e1n elevadas, con una m\u00e1xima estimada de 38\u00b0C en Posadas y una sensaci\u00f3n t\u00e9rmica que podr\u00eda alcanzar los 43\u00b0C, mientras que la m\u00ednima provincial se registrar\u00eda en San Vicente, con 21\u00b0C. Los vientos soplar\u00e1n variables, con predominio del sector norte, y r\u00e1fagas que podr\u00edan alcanzar entre 30 y 50 km\/h.<\/p>\n\n\n\n<hr class=\"wp-block-separator has-alpha-channel-opacity\"\/>\n\n\n\n<h3 class=\"wp-block-heading\">Jueves con tiempo inestable y chaparrones aislados<\/h3>\n\n\n\n<p>Para el jueves 12 de febrero se anticipa un escenario similar, con condiciones calurosas, ventosas y algo inestables. La jornada comenzar\u00e1 con cobertura parcial de nubes, pero hacia la tarde se prev\u00e9 un aumento de la nubosidad y la posibilidad de chaparrones dispersos t\u00edpicos del verano.<\/p>\n\n\n\n<p>Si bien se esperan precipitaciones leves, el alto contenido de humedad y el calor reducir\u00edan la formaci\u00f3n de lluvias significativas. Las temperaturas m\u00e1ximas rondar\u00edan los 37\u00b0C en Ap\u00f3stoles, mientras que la m\u00ednima provincial ser\u00eda de 21\u00b0C en San Pedro. Los vientos rotar\u00e1n entre el noreste, norte y sureste, con r\u00e1fagas moderadas.<\/p>\n\n\n\n<hr class=\"wp-block-separator has-alpha-channel-opacity\"\/>\n\n\n\n<h3 class=\"wp-block-heading\">Un frente fr\u00edo cambiar\u00e1 el panorama el viernes<\/h3>\n\n\n\n<p>El viernes 13 de febrero marcar\u00e1 un cambio brusco en las condiciones del tiempo con el avance de un frente fr\u00edo sobre la provincia. Este sistema provocar\u00e1 un marcado descenso t\u00e9rmico, acompa\u00f1ado de lluvias y tormentas en todo el territorio misionero.<\/p>\n\n\n\n<p>Durante la tarde se prev\u00e9 una rotaci\u00f3n de los vientos hacia el suroeste y el desarrollo de tormentas m\u00e1s organizadas, con acumulados de precipitaci\u00f3n m\u00e1s significativos. La temperatura m\u00e1xima estimada ser\u00e1 de 31\u00b0C en San Javier, mientras que la m\u00ednima provincial se ubicar\u00eda en Bernardo de Irigoyen, con 21\u00b0C.<\/p>\n\n\n\n<hr class=\"wp-block-separator has-alpha-channel-opacity\"\/>\n\n\n\n<h3 class=\"wp-block-heading\">Recomendaciones y seguimiento<\/h3>\n\n\n\n<p>Desde los organismos oficiales se recomienda a la poblaci\u00f3n mantenerse informada a trav\u00e9s de los canales oficiales, tomar precauciones ante las altas temperaturas, el riesgo de tormentas y las r\u00e1fagas de viento, y seguir las actualizaciones de los informes meteorol\u00f3gicos.<\/p>\n\n\n\n<p><strong>Fuente:<\/strong> Direcci\u00f3n General de Alerta Temprana \u2013 Subsecretar\u00eda de Ordenamiento Territorial \u2013 Ministerio de Ecolog\u00eda y RNR de la Provincia de Misiones.<\/p>\n\n\n\n<p><\/p>\n","protected":false},"excerpt":{"rendered":"<p>La provincia de Misiones atraviesa una seguidilla de jornadas con tiempo mayormente estable, caluroso y h\u00famedo, seg\u00fan el informe de la Direcci\u00f3n General de Alerta Temprana. Para este mi\u00e9rcoles 11 de febrero se espera una ma\u00f1ana despejada y templada, con aumento de la nubosidad y de la sensaci\u00f3n t\u00e9rmica hacia la tarde, adem\u00e1s de la [&hellip;]<\/p>\n","protected":false},"author":2,"featured_media":54384,"comment_status":"open","ping_status":"closed","sticky":false,"template":"","format":"standard","meta":{"footnotes":""},"categories":[1146],"tags":[1148,278],"class_list":["post-54383","post","type-post","status-publish","format-standard","has-post-thumbnail","hentry","category-tiempo","tag-clima","tag-misiones"],"yoast_head":"<!-- This site is optimized with the Yoast SEO plugin v27.5 - https:\/\/yoast.com\/product\/yoast-seo-wordpress\/ -->\n<title>Frente fr\u00edo traer\u00e1 lluvias y baja de temperatura en Misiones | CVI NOTICIAS<\/title>\n<meta name=\"description\" content=\"Misiones tendr\u00e1 d\u00edas de calor e inestabilidad hasta la llegada de un frente fr\u00edo el viernes, con lluvias y descenso t\u00e9rmico.\" \/>\n<meta name=\"robots\" content=\"index, follow, max-snippet:-1, max-image-preview:large, max-video-preview:-1\" \/>\n<link rel=\"canonical\" href=\"https:\/\/cvinoticias.com\/v3\/calor-humedad-y-tormentas-frente-frio-llegara-a-misiones-el-viernes\/\" \/>\n<meta property=\"og:locale\" content=\"es_ES\" \/>\n<meta property=\"og:type\" content=\"article\" \/>\n<meta property=\"og:title\" content=\"Frente fr\u00edo traer\u00e1 lluvias y baja de temperatura en Misiones | CVI NOTICIAS\" \/>\n<meta property=\"og:description\" content=\"Misiones tendr\u00e1 d\u00edas de calor e inestabilidad hasta la llegada de un frente fr\u00edo el viernes, con lluvias y descenso t\u00e9rmico.\" \/>\n<meta property=\"og:url\" content=\"https:\/\/cvinoticias.com\/v3\/calor-humedad-y-tormentas-frente-frio-llegara-a-misiones-el-viernes\/\" \/>\n<meta property=\"og:site_name\" content=\"CVI NOTICIAS\" \/>\n<meta property=\"article:publisher\" content=\"https:\/\/www.facebook.com\/cvinoticias\" \/>\n<meta property=\"article:published_time\" content=\"2026-02-11T08:54:15+00:00\" \/>\n<meta property=\"article:modified_time\" content=\"2026-02-11T08:54:17+00:00\" \/>\n<meta property=\"og:image\" content=\"https:\/\/cvinoticias.com\/wp-content\/uploads\/2026\/02\/1000386936.jpg\" \/>\n\t<meta property=\"og:image:width\" content=\"831\" \/>\n\t<meta property=\"og:image:height\" content=\"533\" \/>\n\t<meta property=\"og:image:type\" content=\"image\/jpeg\" \/>\n<meta name=\"author\" content=\"f1000024\" \/>\n<meta name=\"twitter:card\" content=\"summary_large_image\" \/>\n<meta name=\"twitter:label1\" content=\"Escrito por\" \/>\n\t<meta name=\"twitter:data1\" content=\"f1000024\" \/>\n\t<meta name=\"twitter:label2\" content=\"Tiempo de lectura\" \/>\n\t<meta name=\"twitter:data2\" content=\"2 minutos\" \/>\n<script type=\"application\/ld+json\" class=\"yoast-schema-graph\">{\"@context\":\"https:\\\/\\\/schema.org\",\"@graph\":[{\"@type\":\"Article\",\"@id\":\"https:\\\/\\\/cvinoticias.com\\\/v3\\\/calor-humedad-y-tormentas-frente-frio-llegara-a-misiones-el-viernes\\\/#article\",\"isPartOf\":{\"@id\":\"https:\\\/\\\/cvinoticias.com\\\/v3\\\/calor-humedad-y-tormentas-frente-frio-llegara-a-misiones-el-viernes\\\/\"},\"author\":{\"name\":\"f1000024\",\"@id\":\"https:\\\/\\\/cvinoticias.com\\\/v3\\\/#\\\/schema\\\/person\\\/2db77e3c6bc03c538495d7b2b8be9b66\"},\"headline\":\"Calor, humedad y tormentas: frente fr\u00edo llegar\u00e1 a Misiones el viernes\",\"datePublished\":\"2026-02-11T08:54:15+00:00\",\"dateModified\":\"2026-02-11T08:54:17+00:00\",\"mainEntityOfPage\":{\"@id\":\"https:\\\/\\\/cvinoticias.com\\\/v3\\\/calor-humedad-y-tormentas-frente-frio-llegara-a-misiones-el-viernes\\\/\"},\"wordCount\":442,\"commentCount\":0,\"publisher\":{\"@id\":\"https:\\\/\\\/cvinoticias.com\\\/v3\\\/#organization\"},\"image\":{\"@id\":\"https:\\\/\\\/cvinoticias.com\\\/v3\\\/calor-humedad-y-tormentas-frente-frio-llegara-a-misiones-el-viernes\\\/#primaryimage\"},\"thumbnailUrl\":\"https:\\\/\\\/cvinoticias.com\\\/wp-content\\\/uploads\\\/2026\\\/02\\\/1000386936.jpg\",\"keywords\":[\"Clima\",\"Misiones\"],\"articleSection\":[\"Tiempo\"],\"inLanguage\":\"es\",\"potentialAction\":[{\"@type\":\"CommentAction\",\"name\":\"Comment\",\"target\":[\"https:\\\/\\\/cvinoticias.com\\\/v3\\\/calor-humedad-y-tormentas-frente-frio-llegara-a-misiones-el-viernes\\\/#respond\"]}]},{\"@type\":\"WebPage\",\"@id\":\"https:\\\/\\\/cvinoticias.com\\\/v3\\\/calor-humedad-y-tormentas-frente-frio-llegara-a-misiones-el-viernes\\\/\",\"url\":\"https:\\\/\\\/cvinoticias.com\\\/v3\\\/calor-humedad-y-tormentas-frente-frio-llegara-a-misiones-el-viernes\\\/\",\"name\":\"Frente fr\u00edo traer\u00e1 lluvias y baja de temperatura en Misiones | CVI NOTICIAS\",\"isPartOf\":{\"@id\":\"https:\\\/\\\/cvinoticias.com\\\/v3\\\/#website\"},\"primaryImageOfPage\":{\"@id\":\"https:\\\/\\\/cvinoticias.com\\\/v3\\\/calor-humedad-y-tormentas-frente-frio-llegara-a-misiones-el-viernes\\\/#primaryimage\"},\"image\":{\"@id\":\"https:\\\/\\\/cvinoticias.com\\\/v3\\\/calor-humedad-y-tormentas-frente-frio-llegara-a-misiones-el-viernes\\\/#primaryimage\"},\"thumbnailUrl\":\"https:\\\/\\\/cvinoticias.com\\\/wp-content\\\/uploads\\\/2026\\\/02\\\/1000386936.jpg\",\"datePublished\":\"2026-02-11T08:54:15+00:00\",\"dateModified\":\"2026-02-11T08:54:17+00:00\",\"description\":\"Misiones tendr\u00e1 d\u00edas de calor e inestabilidad hasta la llegada de un frente fr\u00edo el viernes, con lluvias y descenso t\u00e9rmico.\",\"breadcrumb\":{\"@id\":\"https:\\\/\\\/cvinoticias.com\\\/v3\\\/calor-humedad-y-tormentas-frente-frio-llegara-a-misiones-el-viernes\\\/#breadcrumb\"},\"inLanguage\":\"es\",\"potentialAction\":[{\"@type\":\"ReadAction\",\"target\":[\"https:\\\/\\\/cvinoticias.com\\\/v3\\\/calor-humedad-y-tormentas-frente-frio-llegara-a-misiones-el-viernes\\\/\"]}]},{\"@type\":\"ImageObject\",\"inLanguage\":\"es\",\"@id\":\"https:\\\/\\\/cvinoticias.com\\\/v3\\\/calor-humedad-y-tormentas-frente-frio-llegara-a-misiones-el-viernes\\\/#primaryimage\",\"url\":\"https:\\\/\\\/cvinoticias.com\\\/wp-content\\\/uploads\\\/2026\\\/02\\\/1000386936.jpg\",\"contentUrl\":\"https:\\\/\\\/cvinoticias.com\\\/wp-content\\\/uploads\\\/2026\\\/02\\\/1000386936.jpg\",\"width\":831,\"height\":533},{\"@type\":\"BreadcrumbList\",\"@id\":\"https:\\\/\\\/cvinoticias.com\\\/v3\\\/calor-humedad-y-tormentas-frente-frio-llegara-a-misiones-el-viernes\\\/#breadcrumb\",\"itemListElement\":[{\"@type\":\"ListItem\",\"position\":1,\"name\":\"Portada\",\"item\":\"https:\\\/\\\/cvinoticias.com\\\/v3\\\/\"},{\"@type\":\"ListItem\",\"position\":2,\"name\":\"Calor, humedad y tormentas: frente fr\u00edo llegar\u00e1 a Misiones el viernes\"}]},{\"@type\":\"WebSite\",\"@id\":\"https:\\\/\\\/cvinoticias.com\\\/v3\\\/#website\",\"url\":\"https:\\\/\\\/cvinoticias.com\\\/v3\\\/\",\"name\":\"CVI NOTICIAS\",\"description\":\"\",\"publisher\":{\"@id\":\"https:\\\/\\\/cvinoticias.com\\\/v3\\\/#organization\"},\"alternateName\":\"CVI\",\"potentialAction\":[{\"@type\":\"SearchAction\",\"target\":{\"@type\":\"EntryPoint\",\"urlTemplate\":\"https:\\\/\\\/cvinoticias.com\\\/v3\\\/?s={search_term_string}\"},\"query-input\":{\"@type\":\"PropertyValueSpecification\",\"valueRequired\":true,\"valueName\":\"search_term_string\"}}],\"inLanguage\":\"es\"},{\"@type\":\"Organization\",\"@id\":\"https:\\\/\\\/cvinoticias.com\\\/v3\\\/#organization\",\"name\":\"CVI NOTICIAS\",\"url\":\"https:\\\/\\\/cvinoticias.com\\\/v3\\\/\",\"logo\":{\"@type\":\"ImageObject\",\"inLanguage\":\"es\",\"@id\":\"https:\\\/\\\/cvinoticias.com\\\/v3\\\/#\\\/schema\\\/logo\\\/image\\\/\",\"url\":\"https:\\\/\\\/cvinoticias.com\\\/wp-content\\\/uploads\\\/2023\\\/04\\\/cropped-cropped-cropped-cropped-cropped-3-1.png\",\"contentUrl\":\"https:\\\/\\\/cvinoticias.com\\\/wp-content\\\/uploads\\\/2023\\\/04\\\/cropped-cropped-cropped-cropped-cropped-3-1.png\",\"width\":95,\"height\":122,\"caption\":\"CVI NOTICIAS\"},\"image\":{\"@id\":\"https:\\\/\\\/cvinoticias.com\\\/v3\\\/#\\\/schema\\\/logo\\\/image\\\/\"},\"sameAs\":[\"https:\\\/\\\/www.facebook.com\\\/cvinoticias\",\"https:\\\/\\\/www.instagram.com\\\/cvinoticias\\\/\",\"https:\\\/\\\/www.youtube.com\\\/@CVINOTICIAS\"]},{\"@type\":\"Person\",\"@id\":\"https:\\\/\\\/cvinoticias.com\\\/v3\\\/#\\\/schema\\\/person\\\/2db77e3c6bc03c538495d7b2b8be9b66\",\"name\":\"f1000024\",\"image\":{\"@type\":\"ImageObject\",\"inLanguage\":\"es\",\"@id\":\"https:\\\/\\\/secure.gravatar.com\\\/avatar\\\/d4fe7459cfc51ff5129ce1a732bbef5928568b8092d412ef95611616376bbeed?s=96&d=mm&r=g\",\"url\":\"https:\\\/\\\/secure.gravatar.com\\\/avatar\\\/d4fe7459cfc51ff5129ce1a732bbef5928568b8092d412ef95611616376bbeed?s=96&d=mm&r=g\",\"contentUrl\":\"https:\\\/\\\/secure.gravatar.com\\\/avatar\\\/d4fe7459cfc51ff5129ce1a732bbef5928568b8092d412ef95611616376bbeed?s=96&d=mm&r=g\",\"caption\":\"f1000024\"},\"url\":\"https:\\\/\\\/cvinoticias.com\\\/v3\\\/author\\\/f1000024\\\/\"}]}<\/script>\n<!-- \/ Yoast SEO plugin. -->","yoast_head_json":{"title":"Frente fr\u00edo traer\u00e1 lluvias y baja de temperatura en Misiones | CVI NOTICIAS","description":"Misiones tendr\u00e1 d\u00edas de calor e inestabilidad hasta la llegada de un frente fr\u00edo el viernes, con lluvias y descenso t\u00e9rmico.","robots":{"index":"index","follow":"follow","max-snippet":"max-snippet:-1","max-image-preview":"max-image-preview:large","max-video-preview":"max-video-preview:-1"},"canonical":"https:\/\/cvinoticias.com\/v3\/calor-humedad-y-tormentas-frente-frio-llegara-a-misiones-el-viernes\/","og_locale":"es_ES","og_type":"article","og_title":"Frente fr\u00edo traer\u00e1 lluvias y baja de temperatura en Misiones | CVI NOTICIAS","og_description":"Misiones tendr\u00e1 d\u00edas de calor e inestabilidad hasta la llegada de un frente fr\u00edo el viernes, con lluvias y descenso t\u00e9rmico.","og_url":"https:\/\/cvinoticias.com\/v3\/calor-humedad-y-tormentas-frente-frio-llegara-a-misiones-el-viernes\/","og_site_name":"CVI NOTICIAS","article_publisher":"https:\/\/www.facebook.com\/cvinoticias","article_published_time":"2026-02-11T08:54:15+00:00","article_modified_time":"2026-02-11T08:54:17+00:00","og_image":[{"width":831,"height":533,"url":"https:\/\/cvinoticias.com\/wp-content\/uploads\/2026\/02\/1000386936.jpg","type":"image\/jpeg"}],"author":"f1000024","twitter_card":"summary_large_image","twitter_misc":{"Escrito por":"f1000024","Tiempo de lectura":"2 minutos"},"schema":{"@context":"https:\/\/schema.org","@graph":[{"@type":"Article","@id":"https:\/\/cvinoticias.com\/v3\/calor-humedad-y-tormentas-frente-frio-llegara-a-misiones-el-viernes\/#article","isPartOf":{"@id":"https:\/\/cvinoticias.com\/v3\/calor-humedad-y-tormentas-frente-frio-llegara-a-misiones-el-viernes\/"},"author":{"name":"f1000024","@id":"https:\/\/cvinoticias.com\/v3\/#\/schema\/person\/2db77e3c6bc03c538495d7b2b8be9b66"},"headline":"Calor, humedad y tormentas: frente fr\u00edo llegar\u00e1 a Misiones el viernes","datePublished":"2026-02-11T08:54:15+00:00","dateModified":"2026-02-11T08:54:17+00:00","mainEntityOfPage":{"@id":"https:\/\/cvinoticias.com\/v3\/calor-humedad-y-tormentas-frente-frio-llegara-a-misiones-el-viernes\/"},"wordCount":442,"commentCount":0,"publisher":{"@id":"https:\/\/cvinoticias.com\/v3\/#organization"},"image":{"@id":"https:\/\/cvinoticias.com\/v3\/calor-humedad-y-tormentas-frente-frio-llegara-a-misiones-el-viernes\/#primaryimage"},"thumbnailUrl":"https:\/\/cvinoticias.com\/wp-content\/uploads\/2026\/02\/1000386936.jpg","keywords":["Clima","Misiones"],"articleSection":["Tiempo"],"inLanguage":"es","potentialAction":[{"@type":"CommentAction","name":"Comment","target":["https:\/\/cvinoticias.com\/v3\/calor-humedad-y-tormentas-frente-frio-llegara-a-misiones-el-viernes\/#respond"]}]},{"@type":"WebPage","@id":"https:\/\/cvinoticias.com\/v3\/calor-humedad-y-tormentas-frente-frio-llegara-a-misiones-el-viernes\/","url":"https:\/\/cvinoticias.com\/v3\/calor-humedad-y-tormentas-frente-frio-llegara-a-misiones-el-viernes\/","name":"Frente fr\u00edo traer\u00e1 lluvias y baja de temperatura en Misiones | CVI NOTICIAS","isPartOf":{"@id":"https:\/\/cvinoticias.com\/v3\/#website"},"primaryImageOfPage":{"@id":"https:\/\/cvinoticias.com\/v3\/calor-humedad-y-tormentas-frente-frio-llegara-a-misiones-el-viernes\/#primaryimage"},"image":{"@id":"https:\/\/cvinoticias.com\/v3\/calor-humedad-y-tormentas-frente-frio-llegara-a-misiones-el-viernes\/#primaryimage"},"thumbnailUrl":"https:\/\/cvinoticias.com\/wp-content\/uploads\/2026\/02\/1000386936.jpg","datePublished":"2026-02-11T08:54:15+00:00","dateModified":"2026-02-11T08:54:17+00:00","description":"Misiones tendr\u00e1 d\u00edas de calor e inestabilidad hasta la llegada de un frente fr\u00edo el viernes, con lluvias y descenso t\u00e9rmico.","breadcrumb":{"@id":"https:\/\/cvinoticias.com\/v3\/calor-humedad-y-tormentas-frente-frio-llegara-a-misiones-el-viernes\/#breadcrumb"},"inLanguage":"es","potentialAction":[{"@type":"ReadAction","target":["https:\/\/cvinoticias.com\/v3\/calor-humedad-y-tormentas-frente-frio-llegara-a-misiones-el-viernes\/"]}]},{"@type":"ImageObject","inLanguage":"es","@id":"https:\/\/cvinoticias.com\/v3\/calor-humedad-y-tormentas-frente-frio-llegara-a-misiones-el-viernes\/#primaryimage","url":"https:\/\/cvinoticias.com\/wp-content\/uploads\/2026\/02\/1000386936.jpg","contentUrl":"https:\/\/cvinoticias.com\/wp-content\/uploads\/2026\/02\/1000386936.jpg","width":831,"height":533},{"@type":"BreadcrumbList","@id":"https:\/\/cvinoticias.com\/v3\/calor-humedad-y-tormentas-frente-frio-llegara-a-misiones-el-viernes\/#breadcrumb","itemListElement":[{"@type":"ListItem","position":1,"name":"Portada","item":"https:\/\/cvinoticias.com\/v3\/"},{"@type":"ListItem","position":2,"name":"Calor, humedad y tormentas: frente fr\u00edo llegar\u00e1 a Misiones el viernes"}]},{"@type":"WebSite","@id":"https:\/\/cvinoticias.com\/v3\/#website","url":"https:\/\/cvinoticias.com\/v3\/","name":"CVI NOTICIAS","description":"","publisher":{"@id":"https:\/\/cvinoticias.com\/v3\/#organization"},"alternateName":"CVI","potentialAction":[{"@type":"SearchAction","target":{"@type":"EntryPoint","urlTemplate":"https:\/\/cvinoticias.com\/v3\/?s={search_term_string}"},"query-input":{"@type":"PropertyValueSpecification","valueRequired":true,"valueName":"search_term_string"}}],"inLanguage":"es"},{"@type":"Organization","@id":"https:\/\/cvinoticias.com\/v3\/#organization","name":"CVI NOTICIAS","url":"https:\/\/cvinoticias.com\/v3\/","logo":{"@type":"ImageObject","inLanguage":"es","@id":"https:\/\/cvinoticias.com\/v3\/#\/schema\/logo\/image\/","url":"https:\/\/cvinoticias.com\/wp-content\/uploads\/2023\/04\/cropped-cropped-cropped-cropped-cropped-3-1.png","contentUrl":"https:\/\/cvinoticias.com\/wp-content\/uploads\/2023\/04\/cropped-cropped-cropped-cropped-cropped-3-1.png","width":95,"height":122,"caption":"CVI NOTICIAS"},"image":{"@id":"https:\/\/cvinoticias.com\/v3\/#\/schema\/logo\/image\/"},"sameAs":["https:\/\/www.facebook.com\/cvinoticias","https:\/\/www.instagram.com\/cvinoticias\/","https:\/\/www.youtube.com\/@CVINOTICIAS"]},{"@type":"Person","@id":"https:\/\/cvinoticias.com\/v3\/#\/schema\/person\/2db77e3c6bc03c538495d7b2b8be9b66","name":"f1000024","image":{"@type":"ImageObject","inLanguage":"es","@id":"https:\/\/secure.gravatar.com\/avatar\/d4fe7459cfc51ff5129ce1a732bbef5928568b8092d412ef95611616376bbeed?s=96&d=mm&r=g","url":"https:\/\/secure.gravatar.com\/avatar\/d4fe7459cfc51ff5129ce1a732bbef5928568b8092d412ef95611616376bbeed?s=96&d=mm&r=g","contentUrl":"https:\/\/secure.gravatar.com\/avatar\/d4fe7459cfc51ff5129ce1a732bbef5928568b8092d412ef95611616376bbeed?s=96&d=mm&r=g","caption":"f1000024"},"url":"https:\/\/cvinoticias.com\/v3\/author\/f1000024\/"}]}},"_links":{"self":[{"href":"https:\/\/cvinoticias.com\/v3\/wp-json\/wp\/v2\/posts\/54383","targetHints":{"allow":["GET"]}}],"collection":[{"href":"https:\/\/cvinoticias.com\/v3\/wp-json\/wp\/v2\/posts"}],"about":[{"href":"https:\/\/cvinoticias.com\/v3\/wp-json\/wp\/v2\/types\/post"}],"author":[{"embeddable":true,"href":"https:\/\/cvinoticias.com\/v3\/wp-json\/wp\/v2\/users\/2"}],"replies":[{"embeddable":true,"href":"https:\/\/cvinoticias.com\/v3\/wp-json\/wp\/v2\/comments?post=54383"}],"version-history":[{"count":1,"href":"https:\/\/cvinoticias.com\/v3\/wp-json\/wp\/v2\/posts\/54383\/revisions"}],"predecessor-version":[{"id":54385,"href":"https:\/\/cvinoticias.com\/v3\/wp-json\/wp\/v2\/posts\/54383\/revisions\/54385"}],"wp:featuredmedia":[{"embeddable":true,"href":"https:\/\/cvinoticias.com\/v3\/wp-json\/wp\/v2\/media\/54384"}],"wp:attachment":[{"href":"https:\/\/cvinoticias.com\/v3\/wp-json\/wp\/v2\/media?parent=54383"}],"wp:term":[{"taxonomy":"category","embeddable":true,"href":"https:\/\/cvinoticias.com\/v3\/wp-json\/wp\/v2\/categories?post=54383"},{"taxonomy":"post_tag","embeddable":true,"href":"https:\/\/cvinoticias.com\/v3\/wp-json\/wp\/v2\/tags?post=54383"}],"curies":[{"name":"wp","href":"https:\/\/api.w.org\/{rel}","templated":true}]}}