{"id":5435,"date":"2021-05-26T11:50:31","date_gmt":"2021-05-26T11:50:31","guid":{"rendered":"https:\/\/cvinoticias.com\/v3\/?p=5435"},"modified":"2021-05-26T11:50:31","modified_gmt":"2021-05-26T11:50:31","slug":"misiones-confirmo-la-continuidad-de-las-clases-presenciales","status":"publish","type":"post","link":"https:\/\/cvinoticias.com\/v3\/misiones-confirmo-la-continuidad-de-las-clases-presenciales\/","title":{"rendered":"Misiones confirm\u00f3 la continuidad de las clases presenciales"},"content":{"rendered":"\n<p><strong><em>Hab\u00eda inc\u00f3gnitas debido al DNU que restring\u00eda la presencialidad en zonas de \u00abalto riesgo\u00bb. El presidente del CGE Alberto Galarza confirm\u00f3 a un medio provincial que siguen las clases en todo el territorio provincial.<\/em><\/strong><\/p>\n\n\n\n<p>Hab\u00eda inc\u00f3gnitas debido al DNU que restring\u00eda la presencialidad en zonas de \u201calto riesgo\u201d. El presidente del CGE Alberto Galarza confirm\u00f3 a un medio provincial que siguen las clases en todo el territorio provincial.<\/p>\n\n\n\n<p>El Ministerio de Salud de la Naci\u00f3n public\u00f3 un listado de distritos afectados por el DNU presidencial de restricciones, los cuales deb\u00edan pasar desde el s\u00e1bado a una cuarentena estricta y, entre otras limitaciones, se les exig\u00eda suspender las clases presenciales esta semana.<\/p>\n\n\n\n<p>En el listado hab\u00eda m\u00e1s de 450 distritos que suspender\u00edan clases, en Misiones, los departamentos se\u00f1alados por Salud fueron siete (Ap\u00f3stoles, Caingu\u00e1s, Eldorado, Guaran\u00ed, Iguaz\u00fa, Libertador Grl. San Mart\u00edn y Montecarlo) como zonas de alto riesgo epidemiol\u00f3gico y por lo tanto, aconsejaban suspender la presencialidad. No obstante, el presidente del Consejo General de Educaci\u00f3n (CGE), Alberto \u201cColita\u201d Galarza, reafirm\u00f3 que desde ma\u00f1ana mi\u00e9rcoles y hasta el viernes, las clases presenciales continuar\u00e1n en todo Misiones, incluido los mencionados departamentos que est\u00e1n considerados de alto riesgo.<\/p>\n\n\n\n<p>\u201cVamos a continuar con la presencialidad tal cual lo estamos haciendo en la provincia de Misiones, es decir, estableciendo burbujas, estableciendo que el 50% de la clase concurre una semana y el otro 50% en general concurre la semana siguiente. Esta metodolog\u00eda se va a sostener, y seguimos por supuesto el proceso de Aulas Abiertas desde plataforma Guacurar\u00ed\u201c, indic\u00f3 esta ma\u00f1ana en dialogo con un medio provincial<\/p>\n\n\n\n<p>Por otro lado, record\u00f3 que la presencialidad no es obligatoria y que los padres tiene la facultad de decidir si enviar o no a sus hijos a la escuela, aunque deber\u00e1n informar correspondientemente a las instituciones.<\/p>\n\n\n\n<p>\u201cNosotros en la primera resoluci\u00f3n que dictamos, la resoluci\u00f3n 26 del Ministerio y la adhesi\u00f3n del Consejo General de Educaci\u00f3n, establecimos 90 d\u00edas donde el padre tiene la facultad de enviar o no a sus hijos, siempre comunicando a la escuela cu\u00e1l es la decisi\u00f3n tomada en virtud de alguna patolog\u00eda que pueda existir en el estudiante, o alguna situaci\u00f3n familiar que pueda complicar si el estudiante est\u00e1 en la presencialidad\u201c, explic\u00f3.<\/p>\n\n\n\n<p>Coment\u00f3 que dicha resoluci\u00f3n regir\u00e1 hasta el 31 de mayo, y luego se evaluar\u00e1 la pr\u00f3rroga, aunque \u201cdada las condiciones, nosotros entendemos que si la vamos a prorrogar\u201d, dijo.<\/p>\n\n\n\n<p>Adem\u00e1s Galarza consider\u00f3 que las escuelas \u201cson el lugar m\u00e1s seguro, porque cumplimos distintos protocolos. Hemos cuidado que todas las escuelas tengan los elementos sanitizaci\u00f3n y no hay ni siquiera en redes sociales discusi\u00f3n al respecto\u201c.<\/p>\n\n\n\n<p>\u201cLa comunidad educativa est\u00e1 conforme con todo el esfuerzo hecho por la provincia, que provey\u00f3 de sanitizantes y alcohol en gel, y en cada escuela se colocaron dispenser de alcohol en gel. Distribuimos m\u00e1s de 75.000 litros de alcohol sanitizante, m\u00e1s de 35.000 atomizadores para cada aula, 4.700.000 barbijos, adem\u00e1s se arreglaron los sanitarios, la energ\u00eda y el agua de 750 escuelas en este proceso de vuelta segura a la presencialidad\u201d, detall\u00f3.<\/p>\n","protected":false},"excerpt":{"rendered":"<p>Hab\u00eda inc\u00f3gnitas debido al DNU que restring\u00eda la presencialidad en zonas de \u00abalto riesgo\u00bb. El presidente del CGE Alberto Galarza confirm\u00f3 a un medio provincial que siguen las clases en todo el territorio provincial. Hab\u00eda inc\u00f3gnitas debido al DNU que restring\u00eda la presencialidad en zonas de \u201calto riesgo\u201d. El presidente del CGE Alberto Galarza confirm\u00f3 [&hellip;]<\/p>\n","protected":false},"author":2,"featured_media":5436,"comment_status":"open","ping_status":"open","sticky":false,"template":"","format":"standard","meta":{"footnotes":""},"categories":[26],"tags":[],"class_list":["post-5435","post","type-post","status-publish","format-standard","has-post-thumbnail","hentry","category-educacion"],"yoast_head":"<!-- This site is optimized with the Yoast SEO plugin v27.5 - https:\/\/yoast.com\/product\/yoast-seo-wordpress\/ -->\n<title>Misiones confirm\u00f3 la continuidad de las clases presenciales | CVI NOTICIAS<\/title>\n<meta name=\"robots\" content=\"index, follow, max-snippet:-1, max-image-preview:large, max-video-preview:-1\" \/>\n<link rel=\"canonical\" href=\"https:\/\/cvinoticias.com\/v3\/misiones-confirmo-la-continuidad-de-las-clases-presenciales\/\" \/>\n<meta property=\"og:locale\" content=\"es_ES\" \/>\n<meta property=\"og:type\" content=\"article\" \/>\n<meta property=\"og:title\" content=\"Misiones confirm\u00f3 la continuidad de las clases presenciales | CVI NOTICIAS\" \/>\n<meta property=\"og:description\" content=\"Hab\u00eda inc\u00f3gnitas debido al DNU que restring\u00eda la presencialidad en zonas de \u00abalto riesgo\u00bb. El presidente del CGE Alberto Galarza confirm\u00f3 a un medio provincial que siguen las clases en todo el territorio provincial. Hab\u00eda inc\u00f3gnitas debido al DNU que restring\u00eda la presencialidad en zonas de \u201calto riesgo\u201d. El presidente del CGE Alberto Galarza confirm\u00f3 [&hellip;]\" \/>\n<meta property=\"og:url\" content=\"https:\/\/cvinoticias.com\/v3\/misiones-confirmo-la-continuidad-de-las-clases-presenciales\/\" \/>\n<meta property=\"og:site_name\" content=\"CVI NOTICIAS\" \/>\n<meta property=\"article:publisher\" content=\"https:\/\/www.facebook.com\/cvinoticias\" \/>\n<meta property=\"article:published_time\" content=\"2021-05-26T11:50:31+00:00\" \/>\n<meta property=\"og:image\" content=\"https:\/\/cvinoticias.com\/wp-content\/uploads\/2021\/05\/Clases-2-730x411-1.jpg\" \/>\n\t<meta property=\"og:image:width\" content=\"730\" \/>\n\t<meta property=\"og:image:height\" content=\"411\" \/>\n\t<meta property=\"og:image:type\" content=\"image\/jpeg\" \/>\n<meta name=\"author\" content=\"f1000024\" \/>\n<meta name=\"twitter:card\" content=\"summary_large_image\" \/>\n<meta name=\"twitter:label1\" content=\"Escrito por\" \/>\n\t<meta name=\"twitter:data1\" content=\"f1000024\" \/>\n\t<meta name=\"twitter:label2\" content=\"Tiempo de lectura\" \/>\n\t<meta name=\"twitter:data2\" content=\"3 minutos\" \/>\n<script type=\"application\/ld+json\" class=\"yoast-schema-graph\">{\"@context\":\"https:\\\/\\\/schema.org\",\"@graph\":[{\"@type\":\"Article\",\"@id\":\"https:\\\/\\\/cvinoticias.com\\\/v3\\\/misiones-confirmo-la-continuidad-de-las-clases-presenciales\\\/#article\",\"isPartOf\":{\"@id\":\"https:\\\/\\\/cvinoticias.com\\\/v3\\\/misiones-confirmo-la-continuidad-de-las-clases-presenciales\\\/\"},\"author\":{\"name\":\"f1000024\",\"@id\":\"https:\\\/\\\/cvinoticias.com\\\/v3\\\/#\\\/schema\\\/person\\\/2db77e3c6bc03c538495d7b2b8be9b66\"},\"headline\":\"Misiones confirm\u00f3 la continuidad de las clases presenciales\",\"datePublished\":\"2021-05-26T11:50:31+00:00\",\"mainEntityOfPage\":{\"@id\":\"https:\\\/\\\/cvinoticias.com\\\/v3\\\/misiones-confirmo-la-continuidad-de-las-clases-presenciales\\\/\"},\"wordCount\":550,\"commentCount\":0,\"publisher\":{\"@id\":\"https:\\\/\\\/cvinoticias.com\\\/v3\\\/#organization\"},\"image\":{\"@id\":\"https:\\\/\\\/cvinoticias.com\\\/v3\\\/misiones-confirmo-la-continuidad-de-las-clases-presenciales\\\/#primaryimage\"},\"thumbnailUrl\":\"https:\\\/\\\/cvinoticias.com\\\/wp-content\\\/uploads\\\/2021\\\/05\\\/Clases-2-730x411-1.jpg\",\"articleSection\":[\"Educacion\"],\"inLanguage\":\"es\",\"potentialAction\":[{\"@type\":\"CommentAction\",\"name\":\"Comment\",\"target\":[\"https:\\\/\\\/cvinoticias.com\\\/v3\\\/misiones-confirmo-la-continuidad-de-las-clases-presenciales\\\/#respond\"]}]},{\"@type\":\"WebPage\",\"@id\":\"https:\\\/\\\/cvinoticias.com\\\/v3\\\/misiones-confirmo-la-continuidad-de-las-clases-presenciales\\\/\",\"url\":\"https:\\\/\\\/cvinoticias.com\\\/v3\\\/misiones-confirmo-la-continuidad-de-las-clases-presenciales\\\/\",\"name\":\"Misiones confirm\u00f3 la continuidad de las clases presenciales | CVI NOTICIAS\",\"isPartOf\":{\"@id\":\"https:\\\/\\\/cvinoticias.com\\\/v3\\\/#website\"},\"primaryImageOfPage\":{\"@id\":\"https:\\\/\\\/cvinoticias.com\\\/v3\\\/misiones-confirmo-la-continuidad-de-las-clases-presenciales\\\/#primaryimage\"},\"image\":{\"@id\":\"https:\\\/\\\/cvinoticias.com\\\/v3\\\/misiones-confirmo-la-continuidad-de-las-clases-presenciales\\\/#primaryimage\"},\"thumbnailUrl\":\"https:\\\/\\\/cvinoticias.com\\\/wp-content\\\/uploads\\\/2021\\\/05\\\/Clases-2-730x411-1.jpg\",\"datePublished\":\"2021-05-26T11:50:31+00:00\",\"breadcrumb\":{\"@id\":\"https:\\\/\\\/cvinoticias.com\\\/v3\\\/misiones-confirmo-la-continuidad-de-las-clases-presenciales\\\/#breadcrumb\"},\"inLanguage\":\"es\",\"potentialAction\":[{\"@type\":\"ReadAction\",\"target\":[\"https:\\\/\\\/cvinoticias.com\\\/v3\\\/misiones-confirmo-la-continuidad-de-las-clases-presenciales\\\/\"]}]},{\"@type\":\"ImageObject\",\"inLanguage\":\"es\",\"@id\":\"https:\\\/\\\/cvinoticias.com\\\/v3\\\/misiones-confirmo-la-continuidad-de-las-clases-presenciales\\\/#primaryimage\",\"url\":\"https:\\\/\\\/cvinoticias.com\\\/wp-content\\\/uploads\\\/2021\\\/05\\\/Clases-2-730x411-1.jpg\",\"contentUrl\":\"https:\\\/\\\/cvinoticias.com\\\/wp-content\\\/uploads\\\/2021\\\/05\\\/Clases-2-730x411-1.jpg\",\"width\":730,\"height\":411},{\"@type\":\"BreadcrumbList\",\"@id\":\"https:\\\/\\\/cvinoticias.com\\\/v3\\\/misiones-confirmo-la-continuidad-de-las-clases-presenciales\\\/#breadcrumb\",\"itemListElement\":[{\"@type\":\"ListItem\",\"position\":1,\"name\":\"Portada\",\"item\":\"https:\\\/\\\/cvinoticias.com\\\/v3\\\/\"},{\"@type\":\"ListItem\",\"position\":2,\"name\":\"Misiones confirm\u00f3 la continuidad de las clases presenciales\"}]},{\"@type\":\"WebSite\",\"@id\":\"https:\\\/\\\/cvinoticias.com\\\/v3\\\/#website\",\"url\":\"https:\\\/\\\/cvinoticias.com\\\/v3\\\/\",\"name\":\"CVI NOTICIAS\",\"description\":\"\",\"publisher\":{\"@id\":\"https:\\\/\\\/cvinoticias.com\\\/v3\\\/#organization\"},\"alternateName\":\"CVI\",\"potentialAction\":[{\"@type\":\"SearchAction\",\"target\":{\"@type\":\"EntryPoint\",\"urlTemplate\":\"https:\\\/\\\/cvinoticias.com\\\/v3\\\/?s={search_term_string}\"},\"query-input\":{\"@type\":\"PropertyValueSpecification\",\"valueRequired\":true,\"valueName\":\"search_term_string\"}}],\"inLanguage\":\"es\"},{\"@type\":\"Organization\",\"@id\":\"https:\\\/\\\/cvinoticias.com\\\/v3\\\/#organization\",\"name\":\"CVI NOTICIAS\",\"url\":\"https:\\\/\\\/cvinoticias.com\\\/v3\\\/\",\"logo\":{\"@type\":\"ImageObject\",\"inLanguage\":\"es\",\"@id\":\"https:\\\/\\\/cvinoticias.com\\\/v3\\\/#\\\/schema\\\/logo\\\/image\\\/\",\"url\":\"https:\\\/\\\/cvinoticias.com\\\/wp-content\\\/uploads\\\/2023\\\/04\\\/cropped-cropped-cropped-cropped-cropped-3-1.png\",\"contentUrl\":\"https:\\\/\\\/cvinoticias.com\\\/wp-content\\\/uploads\\\/2023\\\/04\\\/cropped-cropped-cropped-cropped-cropped-3-1.png\",\"width\":95,\"height\":122,\"caption\":\"CVI NOTICIAS\"},\"image\":{\"@id\":\"https:\\\/\\\/cvinoticias.com\\\/v3\\\/#\\\/schema\\\/logo\\\/image\\\/\"},\"sameAs\":[\"https:\\\/\\\/www.facebook.com\\\/cvinoticias\",\"https:\\\/\\\/www.instagram.com\\\/cvinoticias\\\/\",\"https:\\\/\\\/www.youtube.com\\\/@CVINOTICIAS\"]},{\"@type\":\"Person\",\"@id\":\"https:\\\/\\\/cvinoticias.com\\\/v3\\\/#\\\/schema\\\/person\\\/2db77e3c6bc03c538495d7b2b8be9b66\",\"name\":\"f1000024\",\"image\":{\"@type\":\"ImageObject\",\"inLanguage\":\"es\",\"@id\":\"https:\\\/\\\/secure.gravatar.com\\\/avatar\\\/d4fe7459cfc51ff5129ce1a732bbef5928568b8092d412ef95611616376bbeed?s=96&d=mm&r=g\",\"url\":\"https:\\\/\\\/secure.gravatar.com\\\/avatar\\\/d4fe7459cfc51ff5129ce1a732bbef5928568b8092d412ef95611616376bbeed?s=96&d=mm&r=g\",\"contentUrl\":\"https:\\\/\\\/secure.gravatar.com\\\/avatar\\\/d4fe7459cfc51ff5129ce1a732bbef5928568b8092d412ef95611616376bbeed?s=96&d=mm&r=g\",\"caption\":\"f1000024\"},\"url\":\"https:\\\/\\\/cvinoticias.com\\\/v3\\\/author\\\/f1000024\\\/\"}]}<\/script>\n<!-- \/ Yoast SEO plugin. -->","yoast_head_json":{"title":"Misiones confirm\u00f3 la continuidad de las clases presenciales | CVI NOTICIAS","robots":{"index":"index","follow":"follow","max-snippet":"max-snippet:-1","max-image-preview":"max-image-preview:large","max-video-preview":"max-video-preview:-1"},"canonical":"https:\/\/cvinoticias.com\/v3\/misiones-confirmo-la-continuidad-de-las-clases-presenciales\/","og_locale":"es_ES","og_type":"article","og_title":"Misiones confirm\u00f3 la continuidad de las clases presenciales | CVI NOTICIAS","og_description":"Hab\u00eda inc\u00f3gnitas debido al DNU que restring\u00eda la presencialidad en zonas de \u00abalto riesgo\u00bb. El presidente del CGE Alberto Galarza confirm\u00f3 a un medio provincial que siguen las clases en todo el territorio provincial. Hab\u00eda inc\u00f3gnitas debido al DNU que restring\u00eda la presencialidad en zonas de \u201calto riesgo\u201d. El presidente del CGE Alberto Galarza confirm\u00f3 [&hellip;]","og_url":"https:\/\/cvinoticias.com\/v3\/misiones-confirmo-la-continuidad-de-las-clases-presenciales\/","og_site_name":"CVI NOTICIAS","article_publisher":"https:\/\/www.facebook.com\/cvinoticias","article_published_time":"2021-05-26T11:50:31+00:00","og_image":[{"width":730,"height":411,"url":"https:\/\/cvinoticias.com\/wp-content\/uploads\/2021\/05\/Clases-2-730x411-1.jpg","type":"image\/jpeg"}],"author":"f1000024","twitter_card":"summary_large_image","twitter_misc":{"Escrito por":"f1000024","Tiempo de lectura":"3 minutos"},"schema":{"@context":"https:\/\/schema.org","@graph":[{"@type":"Article","@id":"https:\/\/cvinoticias.com\/v3\/misiones-confirmo-la-continuidad-de-las-clases-presenciales\/#article","isPartOf":{"@id":"https:\/\/cvinoticias.com\/v3\/misiones-confirmo-la-continuidad-de-las-clases-presenciales\/"},"author":{"name":"f1000024","@id":"https:\/\/cvinoticias.com\/v3\/#\/schema\/person\/2db77e3c6bc03c538495d7b2b8be9b66"},"headline":"Misiones confirm\u00f3 la continuidad de las clases presenciales","datePublished":"2021-05-26T11:50:31+00:00","mainEntityOfPage":{"@id":"https:\/\/cvinoticias.com\/v3\/misiones-confirmo-la-continuidad-de-las-clases-presenciales\/"},"wordCount":550,"commentCount":0,"publisher":{"@id":"https:\/\/cvinoticias.com\/v3\/#organization"},"image":{"@id":"https:\/\/cvinoticias.com\/v3\/misiones-confirmo-la-continuidad-de-las-clases-presenciales\/#primaryimage"},"thumbnailUrl":"https:\/\/cvinoticias.com\/wp-content\/uploads\/2021\/05\/Clases-2-730x411-1.jpg","articleSection":["Educacion"],"inLanguage":"es","potentialAction":[{"@type":"CommentAction","name":"Comment","target":["https:\/\/cvinoticias.com\/v3\/misiones-confirmo-la-continuidad-de-las-clases-presenciales\/#respond"]}]},{"@type":"WebPage","@id":"https:\/\/cvinoticias.com\/v3\/misiones-confirmo-la-continuidad-de-las-clases-presenciales\/","url":"https:\/\/cvinoticias.com\/v3\/misiones-confirmo-la-continuidad-de-las-clases-presenciales\/","name":"Misiones confirm\u00f3 la continuidad de las clases presenciales | CVI NOTICIAS","isPartOf":{"@id":"https:\/\/cvinoticias.com\/v3\/#website"},"primaryImageOfPage":{"@id":"https:\/\/cvinoticias.com\/v3\/misiones-confirmo-la-continuidad-de-las-clases-presenciales\/#primaryimage"},"image":{"@id":"https:\/\/cvinoticias.com\/v3\/misiones-confirmo-la-continuidad-de-las-clases-presenciales\/#primaryimage"},"thumbnailUrl":"https:\/\/cvinoticias.com\/wp-content\/uploads\/2021\/05\/Clases-2-730x411-1.jpg","datePublished":"2021-05-26T11:50:31+00:00","breadcrumb":{"@id":"https:\/\/cvinoticias.com\/v3\/misiones-confirmo-la-continuidad-de-las-clases-presenciales\/#breadcrumb"},"inLanguage":"es","potentialAction":[{"@type":"ReadAction","target":["https:\/\/cvinoticias.com\/v3\/misiones-confirmo-la-continuidad-de-las-clases-presenciales\/"]}]},{"@type":"ImageObject","inLanguage":"es","@id":"https:\/\/cvinoticias.com\/v3\/misiones-confirmo-la-continuidad-de-las-clases-presenciales\/#primaryimage","url":"https:\/\/cvinoticias.com\/wp-content\/uploads\/2021\/05\/Clases-2-730x411-1.jpg","contentUrl":"https:\/\/cvinoticias.com\/wp-content\/uploads\/2021\/05\/Clases-2-730x411-1.jpg","width":730,"height":411},{"@type":"BreadcrumbList","@id":"https:\/\/cvinoticias.com\/v3\/misiones-confirmo-la-continuidad-de-las-clases-presenciales\/#breadcrumb","itemListElement":[{"@type":"ListItem","position":1,"name":"Portada","item":"https:\/\/cvinoticias.com\/v3\/"},{"@type":"ListItem","position":2,"name":"Misiones confirm\u00f3 la continuidad de las clases presenciales"}]},{"@type":"WebSite","@id":"https:\/\/cvinoticias.com\/v3\/#website","url":"https:\/\/cvinoticias.com\/v3\/","name":"CVI NOTICIAS","description":"","publisher":{"@id":"https:\/\/cvinoticias.com\/v3\/#organization"},"alternateName":"CVI","potentialAction":[{"@type":"SearchAction","target":{"@type":"EntryPoint","urlTemplate":"https:\/\/cvinoticias.com\/v3\/?s={search_term_string}"},"query-input":{"@type":"PropertyValueSpecification","valueRequired":true,"valueName":"search_term_string"}}],"inLanguage":"es"},{"@type":"Organization","@id":"https:\/\/cvinoticias.com\/v3\/#organization","name":"CVI NOTICIAS","url":"https:\/\/cvinoticias.com\/v3\/","logo":{"@type":"ImageObject","inLanguage":"es","@id":"https:\/\/cvinoticias.com\/v3\/#\/schema\/logo\/image\/","url":"https:\/\/cvinoticias.com\/wp-content\/uploads\/2023\/04\/cropped-cropped-cropped-cropped-cropped-3-1.png","contentUrl":"https:\/\/cvinoticias.com\/wp-content\/uploads\/2023\/04\/cropped-cropped-cropped-cropped-cropped-3-1.png","width":95,"height":122,"caption":"CVI NOTICIAS"},"image":{"@id":"https:\/\/cvinoticias.com\/v3\/#\/schema\/logo\/image\/"},"sameAs":["https:\/\/www.facebook.com\/cvinoticias","https:\/\/www.instagram.com\/cvinoticias\/","https:\/\/www.youtube.com\/@CVINOTICIAS"]},{"@type":"Person","@id":"https:\/\/cvinoticias.com\/v3\/#\/schema\/person\/2db77e3c6bc03c538495d7b2b8be9b66","name":"f1000024","image":{"@type":"ImageObject","inLanguage":"es","@id":"https:\/\/secure.gravatar.com\/avatar\/d4fe7459cfc51ff5129ce1a732bbef5928568b8092d412ef95611616376bbeed?s=96&d=mm&r=g","url":"https:\/\/secure.gravatar.com\/avatar\/d4fe7459cfc51ff5129ce1a732bbef5928568b8092d412ef95611616376bbeed?s=96&d=mm&r=g","contentUrl":"https:\/\/secure.gravatar.com\/avatar\/d4fe7459cfc51ff5129ce1a732bbef5928568b8092d412ef95611616376bbeed?s=96&d=mm&r=g","caption":"f1000024"},"url":"https:\/\/cvinoticias.com\/v3\/author\/f1000024\/"}]}},"_links":{"self":[{"href":"https:\/\/cvinoticias.com\/v3\/wp-json\/wp\/v2\/posts\/5435","targetHints":{"allow":["GET"]}}],"collection":[{"href":"https:\/\/cvinoticias.com\/v3\/wp-json\/wp\/v2\/posts"}],"about":[{"href":"https:\/\/cvinoticias.com\/v3\/wp-json\/wp\/v2\/types\/post"}],"author":[{"embeddable":true,"href":"https:\/\/cvinoticias.com\/v3\/wp-json\/wp\/v2\/users\/2"}],"replies":[{"embeddable":true,"href":"https:\/\/cvinoticias.com\/v3\/wp-json\/wp\/v2\/comments?post=5435"}],"version-history":[{"count":1,"href":"https:\/\/cvinoticias.com\/v3\/wp-json\/wp\/v2\/posts\/5435\/revisions"}],"predecessor-version":[{"id":5437,"href":"https:\/\/cvinoticias.com\/v3\/wp-json\/wp\/v2\/posts\/5435\/revisions\/5437"}],"wp:featuredmedia":[{"embeddable":true,"href":"https:\/\/cvinoticias.com\/v3\/wp-json\/wp\/v2\/media\/5436"}],"wp:attachment":[{"href":"https:\/\/cvinoticias.com\/v3\/wp-json\/wp\/v2\/media?parent=5435"}],"wp:term":[{"taxonomy":"category","embeddable":true,"href":"https:\/\/cvinoticias.com\/v3\/wp-json\/wp\/v2\/categories?post=5435"},{"taxonomy":"post_tag","embeddable":true,"href":"https:\/\/cvinoticias.com\/v3\/wp-json\/wp\/v2\/tags?post=5435"}],"curies":[{"name":"wp","href":"https:\/\/api.w.org\/{rel}","templated":true}]}}