{"id":54333,"date":"2026-02-09T13:45:55","date_gmt":"2026-02-09T16:45:55","guid":{"rendered":"https:\/\/cvinoticias.com\/v3\/?p=54333"},"modified":"2026-02-10T07:10:21","modified_gmt":"2026-02-10T10:10:21","slug":"abren-las-inscripciones-para-canto-coral-y-talleres-instrumentales-en-iguazu","status":"publish","type":"post","link":"https:\/\/cvinoticias.com\/v3\/abren-las-inscripciones-para-canto-coral-y-talleres-instrumentales-en-iguazu\/","title":{"rendered":"Abren las inscripciones para canto coral y talleres instrumentales en Iguaz\u00fa"},"content":{"rendered":"\n<p>En di\u00e1logo con CVI Noticias, la profesora Eliana Taborda invit\u00f3 a toda la comunidad a sumarse a las clases de Canto Coral, una iniciativa que busca potenciar el talento vocal de los m\u00e1s j\u00f3venes en un ambiente de aprendizaje compartido.<br>\u200bTaborda destac\u00f3 que la oferta acad\u00e9mica no se limita a la voz, sino que es una puerta de entrada integral al mundo de la m\u00fasica. Los interesados podr\u00e1n inscribirse en talleres de diversos instrumentos, incluyendo violonchelo y guitarra, entre otros, permitiendo que ni\u00f1os y j\u00f3venes exploren sus habilidades musicales desde una base t\u00e9cnica s\u00f3lida.<\/p>\n\n\n\n<figure class=\"wp-block-image size-large\"><a href=\"https:\/\/cvinoticias.com\/wp-content\/uploads\/2026\/02\/1000386024.jpg\"><img decoding=\"async\" width=\"1024\" height=\"576\" data-src=\"https:\/\/cvinoticias.com\/wp-content\/uploads\/2026\/02\/1000386024-1024x576.jpg\" alt=\"\" class=\"wp-image-54336 lazyload\" data-srcset=\"https:\/\/cvinoticias.com\/wp-content\/uploads\/2026\/02\/1000386024-1024x576.jpg 1024w, https:\/\/cvinoticias.com\/wp-content\/uploads\/2026\/02\/1000386024-300x169.jpg 300w, https:\/\/cvinoticias.com\/wp-content\/uploads\/2026\/02\/1000386024-768x432.jpg 768w, https:\/\/cvinoticias.com\/wp-content\/uploads\/2026\/02\/1000386024-1536x864.jpg 1536w, https:\/\/cvinoticias.com\/wp-content\/uploads\/2026\/02\/1000386024.jpg 1600w\" data-sizes=\"(max-width: 1024px) 100vw, 1024px\" src=\"data:image\/svg+xml;base64,PHN2ZyB3aWR0aD0iMSIgaGVpZ2h0PSIxIiB4bWxucz0iaHR0cDovL3d3dy53My5vcmcvMjAwMC9zdmciPjwvc3ZnPg==\" style=\"--smush-placeholder-width: 1024px; --smush-placeholder-aspect-ratio: 1024\/576;\" \/><\/a><\/figure>\n\n\n\n<p>\u200bLas inscripciones para el coro est\u00e1n dirigidas a j\u00f3venes y ni\u00f1os a partir de los 9 a\u00f1os y se abrir\u00e1n oficialmente a partir del mes de marzo. Las actividades se desarrollar\u00e1n en las sedes de la Escuela Nro. 694 y la Escuela Nro. 462.<\/p>\n\n\n\n<p>Aquellas familias interesadas en inscribir a los chicos o recibir m\u00e1s informaci\u00f3n sobre los distintos talleres instrumentales pueden comunicarse al tel\u00e9fono 3757-366399.<\/p>\n\n\n\n<figure class=\"wp-block-image size-large\"><a href=\"https:\/\/cvinoticias.com\/wp-content\/uploads\/2026\/02\/1000386025.jpg\"><img decoding=\"async\" width=\"724\" height=\"1024\" data-src=\"https:\/\/cvinoticias.com\/wp-content\/uploads\/2026\/02\/1000386025-724x1024.jpg\" alt=\"\" class=\"wp-image-54335 lazyload\" data-srcset=\"https:\/\/cvinoticias.com\/wp-content\/uploads\/2026\/02\/1000386025-724x1024.jpg 724w, https:\/\/cvinoticias.com\/wp-content\/uploads\/2026\/02\/1000386025-212x300.jpg 212w, https:\/\/cvinoticias.com\/wp-content\/uploads\/2026\/02\/1000386025-768x1086.jpg 768w, https:\/\/cvinoticias.com\/wp-content\/uploads\/2026\/02\/1000386025-1086x1536.jpg 1086w, https:\/\/cvinoticias.com\/wp-content\/uploads\/2026\/02\/1000386025.jpg 1131w\" data-sizes=\"(max-width: 724px) 100vw, 724px\" src=\"data:image\/svg+xml;base64,PHN2ZyB3aWR0aD0iMSIgaGVpZ2h0PSIxIiB4bWxucz0iaHR0cDovL3d3dy53My5vcmcvMjAwMC9zdmciPjwvc3ZnPg==\" style=\"--smush-placeholder-width: 724px; --smush-placeholder-aspect-ratio: 724\/1024;\" \/><\/a><\/figure>\n\n\n\n<p>Entrevista con: Eliana Taborda (Profesora)<\/p>\n","protected":false},"excerpt":{"rendered":"<p>En di\u00e1logo con CVI Noticias, la profesora Eliana Taborda invit\u00f3 a toda la comunidad a sumarse a las clases de Canto Coral, una iniciativa que busca potenciar el talento vocal de los m\u00e1s j\u00f3venes en un ambiente de aprendizaje compartido.\u200bTaborda destac\u00f3 que la oferta acad\u00e9mica no se limita a la voz, sino que es una [&hellip;]<\/p>\n","protected":false},"author":2,"featured_media":54334,"comment_status":"open","ping_status":"closed","sticky":false,"template":"","format":"standard","meta":{"footnotes":""},"categories":[47],"tags":[5046,3819,313,1114],"class_list":["post-54333","post","type-post","status-publish","format-standard","has-post-thumbnail","hentry","category-sociedad","tag-canto","tag-coral","tag-iguazu","tag-inscripciones"],"yoast_head":"<!-- This site is optimized with the Yoast SEO plugin v27.4 - https:\/\/yoast.com\/product\/yoast-seo-wordpress\/ -->\n<title>Abren inscripciones para canto coral en Iguaz\u00fa | CVI NOTICIAS<\/title>\n<meta name=\"description\" content=\"Desde marzo abren inscripciones para canto coral y talleres instrumentales para ni\u00f1os y j\u00f3venes en Iguaz\u00fa.\" \/>\n<meta name=\"robots\" content=\"index, follow, max-snippet:-1, max-image-preview:large, max-video-preview:-1\" \/>\n<link rel=\"canonical\" href=\"https:\/\/cvinoticias.com\/v3\/abren-las-inscripciones-para-canto-coral-y-talleres-instrumentales-en-iguazu\/\" \/>\n<meta property=\"og:locale\" content=\"es_ES\" \/>\n<meta property=\"og:type\" content=\"article\" \/>\n<meta property=\"og:title\" content=\"Abren inscripciones para canto coral en Iguaz\u00fa | CVI NOTICIAS\" \/>\n<meta property=\"og:description\" content=\"Desde marzo abren inscripciones para canto coral y talleres instrumentales para ni\u00f1os y j\u00f3venes en Iguaz\u00fa.\" \/>\n<meta property=\"og:url\" content=\"https:\/\/cvinoticias.com\/v3\/abren-las-inscripciones-para-canto-coral-y-talleres-instrumentales-en-iguazu\/\" \/>\n<meta property=\"og:site_name\" content=\"CVI NOTICIAS\" \/>\n<meta property=\"article:publisher\" content=\"https:\/\/www.facebook.com\/cvinoticias\" \/>\n<meta property=\"article:published_time\" content=\"2026-02-09T16:45:55+00:00\" \/>\n<meta property=\"article:modified_time\" content=\"2026-02-10T10:10:21+00:00\" \/>\n<meta property=\"og:image\" content=\"https:\/\/cvinoticias.com\/wp-content\/uploads\/2026\/02\/IMG-20260209-WA0024.jpg\" \/>\n\t<meta property=\"og:image:width\" content=\"1600\" \/>\n\t<meta property=\"og:image:height\" content=\"721\" \/>\n\t<meta property=\"og:image:type\" content=\"image\/jpeg\" \/>\n<meta name=\"author\" content=\"f1000024\" \/>\n<meta name=\"twitter:card\" content=\"summary_large_image\" \/>\n<meta name=\"twitter:label1\" content=\"Escrito por\" \/>\n\t<meta name=\"twitter:data1\" content=\"f1000024\" \/>\n\t<meta name=\"twitter:label2\" content=\"Tiempo de lectura\" \/>\n\t<meta name=\"twitter:data2\" content=\"2 minutos\" \/>\n<script type=\"application\/ld+json\" class=\"yoast-schema-graph\">{\"@context\":\"https:\\\/\\\/schema.org\",\"@graph\":[{\"@type\":\"Article\",\"@id\":\"https:\\\/\\\/cvinoticias.com\\\/v3\\\/abren-las-inscripciones-para-canto-coral-y-talleres-instrumentales-en-iguazu\\\/#article\",\"isPartOf\":{\"@id\":\"https:\\\/\\\/cvinoticias.com\\\/v3\\\/abren-las-inscripciones-para-canto-coral-y-talleres-instrumentales-en-iguazu\\\/\"},\"author\":{\"name\":\"f1000024\",\"@id\":\"https:\\\/\\\/cvinoticias.com\\\/v3\\\/#\\\/schema\\\/person\\\/2db77e3c6bc03c538495d7b2b8be9b66\"},\"headline\":\"Abren las inscripciones para canto coral y talleres instrumentales en Iguaz\u00fa\",\"datePublished\":\"2026-02-09T16:45:55+00:00\",\"dateModified\":\"2026-02-10T10:10:21+00:00\",\"mainEntityOfPage\":{\"@id\":\"https:\\\/\\\/cvinoticias.com\\\/v3\\\/abren-las-inscripciones-para-canto-coral-y-talleres-instrumentales-en-iguazu\\\/\"},\"wordCount\":192,\"commentCount\":0,\"publisher\":{\"@id\":\"https:\\\/\\\/cvinoticias.com\\\/v3\\\/#organization\"},\"image\":{\"@id\":\"https:\\\/\\\/cvinoticias.com\\\/v3\\\/abren-las-inscripciones-para-canto-coral-y-talleres-instrumentales-en-iguazu\\\/#primaryimage\"},\"thumbnailUrl\":\"https:\\\/\\\/cvinoticias.com\\\/wp-content\\\/uploads\\\/2026\\\/02\\\/IMG-20260209-WA0024.jpg\",\"keywords\":[\"canto\",\"Coral\",\"Iguaz\u00fa\",\"Inscripciones\"],\"articleSection\":[\"Sociedad\"],\"inLanguage\":\"es\",\"potentialAction\":[{\"@type\":\"CommentAction\",\"name\":\"Comment\",\"target\":[\"https:\\\/\\\/cvinoticias.com\\\/v3\\\/abren-las-inscripciones-para-canto-coral-y-talleres-instrumentales-en-iguazu\\\/#respond\"]}]},{\"@type\":\"WebPage\",\"@id\":\"https:\\\/\\\/cvinoticias.com\\\/v3\\\/abren-las-inscripciones-para-canto-coral-y-talleres-instrumentales-en-iguazu\\\/\",\"url\":\"https:\\\/\\\/cvinoticias.com\\\/v3\\\/abren-las-inscripciones-para-canto-coral-y-talleres-instrumentales-en-iguazu\\\/\",\"name\":\"Abren inscripciones para canto coral en Iguaz\u00fa | CVI NOTICIAS\",\"isPartOf\":{\"@id\":\"https:\\\/\\\/cvinoticias.com\\\/v3\\\/#website\"},\"primaryImageOfPage\":{\"@id\":\"https:\\\/\\\/cvinoticias.com\\\/v3\\\/abren-las-inscripciones-para-canto-coral-y-talleres-instrumentales-en-iguazu\\\/#primaryimage\"},\"image\":{\"@id\":\"https:\\\/\\\/cvinoticias.com\\\/v3\\\/abren-las-inscripciones-para-canto-coral-y-talleres-instrumentales-en-iguazu\\\/#primaryimage\"},\"thumbnailUrl\":\"https:\\\/\\\/cvinoticias.com\\\/wp-content\\\/uploads\\\/2026\\\/02\\\/IMG-20260209-WA0024.jpg\",\"datePublished\":\"2026-02-09T16:45:55+00:00\",\"dateModified\":\"2026-02-10T10:10:21+00:00\",\"description\":\"Desde marzo abren inscripciones para canto coral y talleres instrumentales para ni\u00f1os y j\u00f3venes en Iguaz\u00fa.\",\"breadcrumb\":{\"@id\":\"https:\\\/\\\/cvinoticias.com\\\/v3\\\/abren-las-inscripciones-para-canto-coral-y-talleres-instrumentales-en-iguazu\\\/#breadcrumb\"},\"inLanguage\":\"es\",\"potentialAction\":[{\"@type\":\"ReadAction\",\"target\":[\"https:\\\/\\\/cvinoticias.com\\\/v3\\\/abren-las-inscripciones-para-canto-coral-y-talleres-instrumentales-en-iguazu\\\/\"]}]},{\"@type\":\"ImageObject\",\"inLanguage\":\"es\",\"@id\":\"https:\\\/\\\/cvinoticias.com\\\/v3\\\/abren-las-inscripciones-para-canto-coral-y-talleres-instrumentales-en-iguazu\\\/#primaryimage\",\"url\":\"https:\\\/\\\/cvinoticias.com\\\/wp-content\\\/uploads\\\/2026\\\/02\\\/IMG-20260209-WA0024.jpg\",\"contentUrl\":\"https:\\\/\\\/cvinoticias.com\\\/wp-content\\\/uploads\\\/2026\\\/02\\\/IMG-20260209-WA0024.jpg\",\"width\":1600,\"height\":721},{\"@type\":\"BreadcrumbList\",\"@id\":\"https:\\\/\\\/cvinoticias.com\\\/v3\\\/abren-las-inscripciones-para-canto-coral-y-talleres-instrumentales-en-iguazu\\\/#breadcrumb\",\"itemListElement\":[{\"@type\":\"ListItem\",\"position\":1,\"name\":\"Portada\",\"item\":\"https:\\\/\\\/cvinoticias.com\\\/v3\\\/\"},{\"@type\":\"ListItem\",\"position\":2,\"name\":\"Abren las inscripciones para canto coral y talleres instrumentales en Iguaz\u00fa\"}]},{\"@type\":\"WebSite\",\"@id\":\"https:\\\/\\\/cvinoticias.com\\\/v3\\\/#website\",\"url\":\"https:\\\/\\\/cvinoticias.com\\\/v3\\\/\",\"name\":\"CVI NOTICIAS\",\"description\":\"\",\"publisher\":{\"@id\":\"https:\\\/\\\/cvinoticias.com\\\/v3\\\/#organization\"},\"alternateName\":\"CVI\",\"potentialAction\":[{\"@type\":\"SearchAction\",\"target\":{\"@type\":\"EntryPoint\",\"urlTemplate\":\"https:\\\/\\\/cvinoticias.com\\\/v3\\\/?s={search_term_string}\"},\"query-input\":{\"@type\":\"PropertyValueSpecification\",\"valueRequired\":true,\"valueName\":\"search_term_string\"}}],\"inLanguage\":\"es\"},{\"@type\":\"Organization\",\"@id\":\"https:\\\/\\\/cvinoticias.com\\\/v3\\\/#organization\",\"name\":\"CVI NOTICIAS\",\"url\":\"https:\\\/\\\/cvinoticias.com\\\/v3\\\/\",\"logo\":{\"@type\":\"ImageObject\",\"inLanguage\":\"es\",\"@id\":\"https:\\\/\\\/cvinoticias.com\\\/v3\\\/#\\\/schema\\\/logo\\\/image\\\/\",\"url\":\"https:\\\/\\\/cvinoticias.com\\\/wp-content\\\/uploads\\\/2023\\\/04\\\/cropped-cropped-cropped-cropped-cropped-3-1.png\",\"contentUrl\":\"https:\\\/\\\/cvinoticias.com\\\/wp-content\\\/uploads\\\/2023\\\/04\\\/cropped-cropped-cropped-cropped-cropped-3-1.png\",\"width\":95,\"height\":122,\"caption\":\"CVI NOTICIAS\"},\"image\":{\"@id\":\"https:\\\/\\\/cvinoticias.com\\\/v3\\\/#\\\/schema\\\/logo\\\/image\\\/\"},\"sameAs\":[\"https:\\\/\\\/www.facebook.com\\\/cvinoticias\",\"https:\\\/\\\/www.instagram.com\\\/cvinoticias\\\/\",\"https:\\\/\\\/www.youtube.com\\\/@CVINOTICIAS\"]},{\"@type\":\"Person\",\"@id\":\"https:\\\/\\\/cvinoticias.com\\\/v3\\\/#\\\/schema\\\/person\\\/2db77e3c6bc03c538495d7b2b8be9b66\",\"name\":\"f1000024\",\"image\":{\"@type\":\"ImageObject\",\"inLanguage\":\"es\",\"@id\":\"https:\\\/\\\/secure.gravatar.com\\\/avatar\\\/d4fe7459cfc51ff5129ce1a732bbef5928568b8092d412ef95611616376bbeed?s=96&d=mm&r=g\",\"url\":\"https:\\\/\\\/secure.gravatar.com\\\/avatar\\\/d4fe7459cfc51ff5129ce1a732bbef5928568b8092d412ef95611616376bbeed?s=96&d=mm&r=g\",\"contentUrl\":\"https:\\\/\\\/secure.gravatar.com\\\/avatar\\\/d4fe7459cfc51ff5129ce1a732bbef5928568b8092d412ef95611616376bbeed?s=96&d=mm&r=g\",\"caption\":\"f1000024\"},\"url\":\"https:\\\/\\\/cvinoticias.com\\\/v3\\\/author\\\/f1000024\\\/\"}]}<\/script>\n<!-- \/ Yoast SEO plugin. -->","yoast_head_json":{"title":"Abren inscripciones para canto coral en Iguaz\u00fa | CVI NOTICIAS","description":"Desde marzo abren inscripciones para canto coral y talleres instrumentales para ni\u00f1os y j\u00f3venes en Iguaz\u00fa.","robots":{"index":"index","follow":"follow","max-snippet":"max-snippet:-1","max-image-preview":"max-image-preview:large","max-video-preview":"max-video-preview:-1"},"canonical":"https:\/\/cvinoticias.com\/v3\/abren-las-inscripciones-para-canto-coral-y-talleres-instrumentales-en-iguazu\/","og_locale":"es_ES","og_type":"article","og_title":"Abren inscripciones para canto coral en Iguaz\u00fa | CVI NOTICIAS","og_description":"Desde marzo abren inscripciones para canto coral y talleres instrumentales para ni\u00f1os y j\u00f3venes en Iguaz\u00fa.","og_url":"https:\/\/cvinoticias.com\/v3\/abren-las-inscripciones-para-canto-coral-y-talleres-instrumentales-en-iguazu\/","og_site_name":"CVI NOTICIAS","article_publisher":"https:\/\/www.facebook.com\/cvinoticias","article_published_time":"2026-02-09T16:45:55+00:00","article_modified_time":"2026-02-10T10:10:21+00:00","og_image":[{"width":1600,"height":721,"url":"https:\/\/cvinoticias.com\/wp-content\/uploads\/2026\/02\/IMG-20260209-WA0024.jpg","type":"image\/jpeg"}],"author":"f1000024","twitter_card":"summary_large_image","twitter_misc":{"Escrito por":"f1000024","Tiempo de lectura":"2 minutos"},"schema":{"@context":"https:\/\/schema.org","@graph":[{"@type":"Article","@id":"https:\/\/cvinoticias.com\/v3\/abren-las-inscripciones-para-canto-coral-y-talleres-instrumentales-en-iguazu\/#article","isPartOf":{"@id":"https:\/\/cvinoticias.com\/v3\/abren-las-inscripciones-para-canto-coral-y-talleres-instrumentales-en-iguazu\/"},"author":{"name":"f1000024","@id":"https:\/\/cvinoticias.com\/v3\/#\/schema\/person\/2db77e3c6bc03c538495d7b2b8be9b66"},"headline":"Abren las inscripciones para canto coral y talleres instrumentales en Iguaz\u00fa","datePublished":"2026-02-09T16:45:55+00:00","dateModified":"2026-02-10T10:10:21+00:00","mainEntityOfPage":{"@id":"https:\/\/cvinoticias.com\/v3\/abren-las-inscripciones-para-canto-coral-y-talleres-instrumentales-en-iguazu\/"},"wordCount":192,"commentCount":0,"publisher":{"@id":"https:\/\/cvinoticias.com\/v3\/#organization"},"image":{"@id":"https:\/\/cvinoticias.com\/v3\/abren-las-inscripciones-para-canto-coral-y-talleres-instrumentales-en-iguazu\/#primaryimage"},"thumbnailUrl":"https:\/\/cvinoticias.com\/wp-content\/uploads\/2026\/02\/IMG-20260209-WA0024.jpg","keywords":["canto","Coral","Iguaz\u00fa","Inscripciones"],"articleSection":["Sociedad"],"inLanguage":"es","potentialAction":[{"@type":"CommentAction","name":"Comment","target":["https:\/\/cvinoticias.com\/v3\/abren-las-inscripciones-para-canto-coral-y-talleres-instrumentales-en-iguazu\/#respond"]}]},{"@type":"WebPage","@id":"https:\/\/cvinoticias.com\/v3\/abren-las-inscripciones-para-canto-coral-y-talleres-instrumentales-en-iguazu\/","url":"https:\/\/cvinoticias.com\/v3\/abren-las-inscripciones-para-canto-coral-y-talleres-instrumentales-en-iguazu\/","name":"Abren inscripciones para canto coral en Iguaz\u00fa | CVI NOTICIAS","isPartOf":{"@id":"https:\/\/cvinoticias.com\/v3\/#website"},"primaryImageOfPage":{"@id":"https:\/\/cvinoticias.com\/v3\/abren-las-inscripciones-para-canto-coral-y-talleres-instrumentales-en-iguazu\/#primaryimage"},"image":{"@id":"https:\/\/cvinoticias.com\/v3\/abren-las-inscripciones-para-canto-coral-y-talleres-instrumentales-en-iguazu\/#primaryimage"},"thumbnailUrl":"https:\/\/cvinoticias.com\/wp-content\/uploads\/2026\/02\/IMG-20260209-WA0024.jpg","datePublished":"2026-02-09T16:45:55+00:00","dateModified":"2026-02-10T10:10:21+00:00","description":"Desde marzo abren inscripciones para canto coral y talleres instrumentales para ni\u00f1os y j\u00f3venes en Iguaz\u00fa.","breadcrumb":{"@id":"https:\/\/cvinoticias.com\/v3\/abren-las-inscripciones-para-canto-coral-y-talleres-instrumentales-en-iguazu\/#breadcrumb"},"inLanguage":"es","potentialAction":[{"@type":"ReadAction","target":["https:\/\/cvinoticias.com\/v3\/abren-las-inscripciones-para-canto-coral-y-talleres-instrumentales-en-iguazu\/"]}]},{"@type":"ImageObject","inLanguage":"es","@id":"https:\/\/cvinoticias.com\/v3\/abren-las-inscripciones-para-canto-coral-y-talleres-instrumentales-en-iguazu\/#primaryimage","url":"https:\/\/cvinoticias.com\/wp-content\/uploads\/2026\/02\/IMG-20260209-WA0024.jpg","contentUrl":"https:\/\/cvinoticias.com\/wp-content\/uploads\/2026\/02\/IMG-20260209-WA0024.jpg","width":1600,"height":721},{"@type":"BreadcrumbList","@id":"https:\/\/cvinoticias.com\/v3\/abren-las-inscripciones-para-canto-coral-y-talleres-instrumentales-en-iguazu\/#breadcrumb","itemListElement":[{"@type":"ListItem","position":1,"name":"Portada","item":"https:\/\/cvinoticias.com\/v3\/"},{"@type":"ListItem","position":2,"name":"Abren las inscripciones para canto coral y talleres instrumentales en Iguaz\u00fa"}]},{"@type":"WebSite","@id":"https:\/\/cvinoticias.com\/v3\/#website","url":"https:\/\/cvinoticias.com\/v3\/","name":"CVI NOTICIAS","description":"","publisher":{"@id":"https:\/\/cvinoticias.com\/v3\/#organization"},"alternateName":"CVI","potentialAction":[{"@type":"SearchAction","target":{"@type":"EntryPoint","urlTemplate":"https:\/\/cvinoticias.com\/v3\/?s={search_term_string}"},"query-input":{"@type":"PropertyValueSpecification","valueRequired":true,"valueName":"search_term_string"}}],"inLanguage":"es"},{"@type":"Organization","@id":"https:\/\/cvinoticias.com\/v3\/#organization","name":"CVI NOTICIAS","url":"https:\/\/cvinoticias.com\/v3\/","logo":{"@type":"ImageObject","inLanguage":"es","@id":"https:\/\/cvinoticias.com\/v3\/#\/schema\/logo\/image\/","url":"https:\/\/cvinoticias.com\/wp-content\/uploads\/2023\/04\/cropped-cropped-cropped-cropped-cropped-3-1.png","contentUrl":"https:\/\/cvinoticias.com\/wp-content\/uploads\/2023\/04\/cropped-cropped-cropped-cropped-cropped-3-1.png","width":95,"height":122,"caption":"CVI NOTICIAS"},"image":{"@id":"https:\/\/cvinoticias.com\/v3\/#\/schema\/logo\/image\/"},"sameAs":["https:\/\/www.facebook.com\/cvinoticias","https:\/\/www.instagram.com\/cvinoticias\/","https:\/\/www.youtube.com\/@CVINOTICIAS"]},{"@type":"Person","@id":"https:\/\/cvinoticias.com\/v3\/#\/schema\/person\/2db77e3c6bc03c538495d7b2b8be9b66","name":"f1000024","image":{"@type":"ImageObject","inLanguage":"es","@id":"https:\/\/secure.gravatar.com\/avatar\/d4fe7459cfc51ff5129ce1a732bbef5928568b8092d412ef95611616376bbeed?s=96&d=mm&r=g","url":"https:\/\/secure.gravatar.com\/avatar\/d4fe7459cfc51ff5129ce1a732bbef5928568b8092d412ef95611616376bbeed?s=96&d=mm&r=g","contentUrl":"https:\/\/secure.gravatar.com\/avatar\/d4fe7459cfc51ff5129ce1a732bbef5928568b8092d412ef95611616376bbeed?s=96&d=mm&r=g","caption":"f1000024"},"url":"https:\/\/cvinoticias.com\/v3\/author\/f1000024\/"}]}},"_links":{"self":[{"href":"https:\/\/cvinoticias.com\/v3\/wp-json\/wp\/v2\/posts\/54333","targetHints":{"allow":["GET"]}}],"collection":[{"href":"https:\/\/cvinoticias.com\/v3\/wp-json\/wp\/v2\/posts"}],"about":[{"href":"https:\/\/cvinoticias.com\/v3\/wp-json\/wp\/v2\/types\/post"}],"author":[{"embeddable":true,"href":"https:\/\/cvinoticias.com\/v3\/wp-json\/wp\/v2\/users\/2"}],"replies":[{"embeddable":true,"href":"https:\/\/cvinoticias.com\/v3\/wp-json\/wp\/v2\/comments?post=54333"}],"version-history":[{"count":1,"href":"https:\/\/cvinoticias.com\/v3\/wp-json\/wp\/v2\/posts\/54333\/revisions"}],"predecessor-version":[{"id":54337,"href":"https:\/\/cvinoticias.com\/v3\/wp-json\/wp\/v2\/posts\/54333\/revisions\/54337"}],"wp:featuredmedia":[{"embeddable":true,"href":"https:\/\/cvinoticias.com\/v3\/wp-json\/wp\/v2\/media\/54334"}],"wp:attachment":[{"href":"https:\/\/cvinoticias.com\/v3\/wp-json\/wp\/v2\/media?parent=54333"}],"wp:term":[{"taxonomy":"category","embeddable":true,"href":"https:\/\/cvinoticias.com\/v3\/wp-json\/wp\/v2\/categories?post=54333"},{"taxonomy":"post_tag","embeddable":true,"href":"https:\/\/cvinoticias.com\/v3\/wp-json\/wp\/v2\/tags?post=54333"}],"curies":[{"name":"wp","href":"https:\/\/api.w.org\/{rel}","templated":true}]}}