{"id":5432,"date":"2021-05-26T11:41:08","date_gmt":"2021-05-26T11:41:08","guid":{"rendered":"https:\/\/cvinoticias.com\/v3\/?p=5432"},"modified":"2021-05-26T11:41:08","modified_gmt":"2021-05-26T11:41:08","slug":"vizzottidescarto-que-hayan-acopiado-dosis-para-vacunar-previo-a-las-elecciones-en-misiones","status":"publish","type":"post","link":"https:\/\/cvinoticias.com\/v3\/vizzottidescarto-que-hayan-acopiado-dosis-para-vacunar-previo-a-las-elecciones-en-misiones\/","title":{"rendered":"Vizzotti:\u201cDescarto que hayan acopiado dosis para vacunar previo a las elecciones en Misiones\u201d"},"content":{"rendered":"\n<p><strong><em>La Ministra respondi\u00f3 a las sospechas en torno a la provincia, que registra un 25% de dosis recibidas sin aplicar.<\/em><\/strong><\/p>\n\n\n\n<p>En los \u00faltimos d\u00edas, distintos medios nacionales denunciaron que en Misiones el Gobierno provincial estaba realizando un acopio de las vacunas entregadas por Naci\u00f3n con miras a las elecciones que se celebrar\u00e1n el pr\u00f3ximo 6 de junio. Se tratar\u00eda de unas 85 mil dosis, es decir, un 25 por ciento de las vacunas que a\u00fan no fueron aplicadas. Sin embargo, en los \u00faltimos d\u00edas, el ritmo de la vacunaci\u00f3n se aceler\u00f3.<\/p>\n\n\n\n<p>La ministra de Salud Carla Vizzotti fue categ\u00f3rica al desmentir esta informaci\u00f3n: \u201cDescarto que hayan acopiado dosis para vacunar previo a las elecciones en Misiones\u201d, dijo, y advirti\u00f3 que en los pr\u00f3ximos meses \u201clamentablemente, vamos a ver mezclar la situaci\u00f3n sanitaria con las elecciones. Tenemos que sobrevolar esa grieta para llevarle tranquilidad a la poblaci\u00f3n\u201d.<\/p>\n\n\n\n<p>Vizzotti explic\u00f3 que \u201chay una diferencia entre las vacunas distribuidas, su aplicaci\u00f3n y registro. Lo que estamos viendo en varias provincias, una de ellas es Misiones, es que la notificaciones son menores a las efectivamente aplicadas\u201d.<\/p>\n\n\n\n<p>La funcionaria admiti\u00f3 el desfasaje y asegur\u00f3 que el Ministerio est\u00e1 trabajando en ese punto. \u201cMisiones tiene una poblaci\u00f3n m\u00e1s joven, por eso es posible que hayan cubierto m\u00e1s r\u00e1pidamente a la poblaci\u00f3n mayor de 60 a\u00f1os que se haya anotado voluntariamente\u201d, argument\u00f3.<\/p>\n\n\n\n<p>De acuerdo a la informaci\u00f3n oficial, Misiones comenz\u00f3 una inmunizaci\u00f3n \u201csorpresa\u201d a la poblaci\u00f3n mayor a 40 a\u00f1os, y ya super\u00f3 el 68% de personas vacunadas de entre 18 y 59 a\u00f1os con factores de riesgo. Esta situaci\u00f3n contrasta con lo que ocurre en el resto de la Argentina, que a\u00fan no complet\u00f3 la aplicaci\u00f3n a adultos mayores de 60 a\u00f1os.<\/p>\n","protected":false},"excerpt":{"rendered":"<p>La Ministra respondi\u00f3 a las sospechas en torno a la provincia, que registra un 25% de dosis recibidas sin aplicar. En los \u00faltimos d\u00edas, distintos medios nacionales denunciaron que en Misiones el Gobierno provincial estaba realizando un acopio de las vacunas entregadas por Naci\u00f3n con miras a las elecciones que se celebrar\u00e1n el pr\u00f3ximo 6 [&hellip;]<\/p>\n","protected":false},"author":2,"featured_media":5433,"comment_status":"open","ping_status":"open","sticky":false,"template":"","format":"standard","meta":{"footnotes":""},"categories":[23],"tags":[],"class_list":["post-5432","post","type-post","status-publish","format-standard","has-post-thumbnail","hentry","category-covid-19"],"yoast_head":"<!-- This site is optimized with the Yoast SEO plugin v27.5 - https:\/\/yoast.com\/product\/yoast-seo-wordpress\/ -->\n<title>Vizzotti:\u201cDescarto que hayan acopiado dosis para vacunar previo a las elecciones en Misiones\u201d | CVI NOTICIAS<\/title>\n<meta name=\"robots\" content=\"index, follow, max-snippet:-1, max-image-preview:large, max-video-preview:-1\" \/>\n<link rel=\"canonical\" href=\"https:\/\/cvinoticias.com\/v3\/vizzottidescarto-que-hayan-acopiado-dosis-para-vacunar-previo-a-las-elecciones-en-misiones\/\" \/>\n<meta property=\"og:locale\" content=\"es_ES\" \/>\n<meta property=\"og:type\" content=\"article\" \/>\n<meta property=\"og:title\" content=\"Vizzotti:\u201cDescarto que hayan acopiado dosis para vacunar previo a las elecciones en Misiones\u201d | CVI NOTICIAS\" \/>\n<meta property=\"og:description\" content=\"La Ministra respondi\u00f3 a las sospechas en torno a la provincia, que registra un 25% de dosis recibidas sin aplicar. En los \u00faltimos d\u00edas, distintos medios nacionales denunciaron que en Misiones el Gobierno provincial estaba realizando un acopio de las vacunas entregadas por Naci\u00f3n con miras a las elecciones que se celebrar\u00e1n el pr\u00f3ximo 6 [&hellip;]\" \/>\n<meta property=\"og:url\" content=\"https:\/\/cvinoticias.com\/v3\/vizzottidescarto-que-hayan-acopiado-dosis-para-vacunar-previo-a-las-elecciones-en-misiones\/\" \/>\n<meta property=\"og:site_name\" content=\"CVI NOTICIAS\" \/>\n<meta property=\"article:publisher\" content=\"https:\/\/www.facebook.com\/cvinoticias\" \/>\n<meta property=\"article:published_time\" content=\"2021-05-26T11:41:08+00:00\" \/>\n<meta property=\"og:image\" content=\"https:\/\/cvinoticias.com\/wp-content\/uploads\/2021\/05\/Screenshot_20210526-084008_Facebook.jpg\" \/>\n\t<meta property=\"og:image:width\" content=\"931\" \/>\n\t<meta property=\"og:image:height\" content=\"575\" \/>\n\t<meta property=\"og:image:type\" content=\"image\/jpeg\" \/>\n<meta name=\"author\" content=\"f1000024\" \/>\n<meta name=\"twitter:card\" content=\"summary_large_image\" \/>\n<meta name=\"twitter:label1\" content=\"Escrito por\" \/>\n\t<meta name=\"twitter:data1\" content=\"f1000024\" \/>\n\t<meta name=\"twitter:label2\" content=\"Tiempo de lectura\" \/>\n\t<meta name=\"twitter:data2\" content=\"2 minutos\" \/>\n<script type=\"application\/ld+json\" class=\"yoast-schema-graph\">{\"@context\":\"https:\\\/\\\/schema.org\",\"@graph\":[{\"@type\":\"Article\",\"@id\":\"https:\\\/\\\/cvinoticias.com\\\/v3\\\/vizzottidescarto-que-hayan-acopiado-dosis-para-vacunar-previo-a-las-elecciones-en-misiones\\\/#article\",\"isPartOf\":{\"@id\":\"https:\\\/\\\/cvinoticias.com\\\/v3\\\/vizzottidescarto-que-hayan-acopiado-dosis-para-vacunar-previo-a-las-elecciones-en-misiones\\\/\"},\"author\":{\"name\":\"f1000024\",\"@id\":\"https:\\\/\\\/cvinoticias.com\\\/v3\\\/#\\\/schema\\\/person\\\/2db77e3c6bc03c538495d7b2b8be9b66\"},\"headline\":\"Vizzotti:\u201cDescarto que hayan acopiado dosis para vacunar previo a las elecciones en Misiones\u201d\",\"datePublished\":\"2021-05-26T11:41:08+00:00\",\"mainEntityOfPage\":{\"@id\":\"https:\\\/\\\/cvinoticias.com\\\/v3\\\/vizzottidescarto-que-hayan-acopiado-dosis-para-vacunar-previo-a-las-elecciones-en-misiones\\\/\"},\"wordCount\":319,\"commentCount\":0,\"publisher\":{\"@id\":\"https:\\\/\\\/cvinoticias.com\\\/v3\\\/#organization\"},\"image\":{\"@id\":\"https:\\\/\\\/cvinoticias.com\\\/v3\\\/vizzottidescarto-que-hayan-acopiado-dosis-para-vacunar-previo-a-las-elecciones-en-misiones\\\/#primaryimage\"},\"thumbnailUrl\":\"https:\\\/\\\/cvinoticias.com\\\/wp-content\\\/uploads\\\/2021\\\/05\\\/Screenshot_20210526-084008_Facebook.jpg\",\"articleSection\":[\"Covid-19\"],\"inLanguage\":\"es\",\"potentialAction\":[{\"@type\":\"CommentAction\",\"name\":\"Comment\",\"target\":[\"https:\\\/\\\/cvinoticias.com\\\/v3\\\/vizzottidescarto-que-hayan-acopiado-dosis-para-vacunar-previo-a-las-elecciones-en-misiones\\\/#respond\"]}]},{\"@type\":\"WebPage\",\"@id\":\"https:\\\/\\\/cvinoticias.com\\\/v3\\\/vizzottidescarto-que-hayan-acopiado-dosis-para-vacunar-previo-a-las-elecciones-en-misiones\\\/\",\"url\":\"https:\\\/\\\/cvinoticias.com\\\/v3\\\/vizzottidescarto-que-hayan-acopiado-dosis-para-vacunar-previo-a-las-elecciones-en-misiones\\\/\",\"name\":\"Vizzotti:\u201cDescarto que hayan acopiado dosis para vacunar previo a las elecciones en Misiones\u201d | CVI NOTICIAS\",\"isPartOf\":{\"@id\":\"https:\\\/\\\/cvinoticias.com\\\/v3\\\/#website\"},\"primaryImageOfPage\":{\"@id\":\"https:\\\/\\\/cvinoticias.com\\\/v3\\\/vizzottidescarto-que-hayan-acopiado-dosis-para-vacunar-previo-a-las-elecciones-en-misiones\\\/#primaryimage\"},\"image\":{\"@id\":\"https:\\\/\\\/cvinoticias.com\\\/v3\\\/vizzottidescarto-que-hayan-acopiado-dosis-para-vacunar-previo-a-las-elecciones-en-misiones\\\/#primaryimage\"},\"thumbnailUrl\":\"https:\\\/\\\/cvinoticias.com\\\/wp-content\\\/uploads\\\/2021\\\/05\\\/Screenshot_20210526-084008_Facebook.jpg\",\"datePublished\":\"2021-05-26T11:41:08+00:00\",\"breadcrumb\":{\"@id\":\"https:\\\/\\\/cvinoticias.com\\\/v3\\\/vizzottidescarto-que-hayan-acopiado-dosis-para-vacunar-previo-a-las-elecciones-en-misiones\\\/#breadcrumb\"},\"inLanguage\":\"es\",\"potentialAction\":[{\"@type\":\"ReadAction\",\"target\":[\"https:\\\/\\\/cvinoticias.com\\\/v3\\\/vizzottidescarto-que-hayan-acopiado-dosis-para-vacunar-previo-a-las-elecciones-en-misiones\\\/\"]}]},{\"@type\":\"ImageObject\",\"inLanguage\":\"es\",\"@id\":\"https:\\\/\\\/cvinoticias.com\\\/v3\\\/vizzottidescarto-que-hayan-acopiado-dosis-para-vacunar-previo-a-las-elecciones-en-misiones\\\/#primaryimage\",\"url\":\"https:\\\/\\\/cvinoticias.com\\\/wp-content\\\/uploads\\\/2021\\\/05\\\/Screenshot_20210526-084008_Facebook.jpg\",\"contentUrl\":\"https:\\\/\\\/cvinoticias.com\\\/wp-content\\\/uploads\\\/2021\\\/05\\\/Screenshot_20210526-084008_Facebook.jpg\",\"width\":931,\"height\":575},{\"@type\":\"BreadcrumbList\",\"@id\":\"https:\\\/\\\/cvinoticias.com\\\/v3\\\/vizzottidescarto-que-hayan-acopiado-dosis-para-vacunar-previo-a-las-elecciones-en-misiones\\\/#breadcrumb\",\"itemListElement\":[{\"@type\":\"ListItem\",\"position\":1,\"name\":\"Portada\",\"item\":\"https:\\\/\\\/cvinoticias.com\\\/v3\\\/\"},{\"@type\":\"ListItem\",\"position\":2,\"name\":\"Vizzotti:\u201cDescarto que hayan acopiado dosis para vacunar previo a las elecciones en Misiones\u201d\"}]},{\"@type\":\"WebSite\",\"@id\":\"https:\\\/\\\/cvinoticias.com\\\/v3\\\/#website\",\"url\":\"https:\\\/\\\/cvinoticias.com\\\/v3\\\/\",\"name\":\"CVI NOTICIAS\",\"description\":\"\",\"publisher\":{\"@id\":\"https:\\\/\\\/cvinoticias.com\\\/v3\\\/#organization\"},\"alternateName\":\"CVI\",\"potentialAction\":[{\"@type\":\"SearchAction\",\"target\":{\"@type\":\"EntryPoint\",\"urlTemplate\":\"https:\\\/\\\/cvinoticias.com\\\/v3\\\/?s={search_term_string}\"},\"query-input\":{\"@type\":\"PropertyValueSpecification\",\"valueRequired\":true,\"valueName\":\"search_term_string\"}}],\"inLanguage\":\"es\"},{\"@type\":\"Organization\",\"@id\":\"https:\\\/\\\/cvinoticias.com\\\/v3\\\/#organization\",\"name\":\"CVI NOTICIAS\",\"url\":\"https:\\\/\\\/cvinoticias.com\\\/v3\\\/\",\"logo\":{\"@type\":\"ImageObject\",\"inLanguage\":\"es\",\"@id\":\"https:\\\/\\\/cvinoticias.com\\\/v3\\\/#\\\/schema\\\/logo\\\/image\\\/\",\"url\":\"https:\\\/\\\/cvinoticias.com\\\/wp-content\\\/uploads\\\/2023\\\/04\\\/cropped-cropped-cropped-cropped-cropped-3-1.png\",\"contentUrl\":\"https:\\\/\\\/cvinoticias.com\\\/wp-content\\\/uploads\\\/2023\\\/04\\\/cropped-cropped-cropped-cropped-cropped-3-1.png\",\"width\":95,\"height\":122,\"caption\":\"CVI NOTICIAS\"},\"image\":{\"@id\":\"https:\\\/\\\/cvinoticias.com\\\/v3\\\/#\\\/schema\\\/logo\\\/image\\\/\"},\"sameAs\":[\"https:\\\/\\\/www.facebook.com\\\/cvinoticias\",\"https:\\\/\\\/www.instagram.com\\\/cvinoticias\\\/\",\"https:\\\/\\\/www.youtube.com\\\/@CVINOTICIAS\"]},{\"@type\":\"Person\",\"@id\":\"https:\\\/\\\/cvinoticias.com\\\/v3\\\/#\\\/schema\\\/person\\\/2db77e3c6bc03c538495d7b2b8be9b66\",\"name\":\"f1000024\",\"image\":{\"@type\":\"ImageObject\",\"inLanguage\":\"es\",\"@id\":\"https:\\\/\\\/secure.gravatar.com\\\/avatar\\\/d4fe7459cfc51ff5129ce1a732bbef5928568b8092d412ef95611616376bbeed?s=96&d=mm&r=g\",\"url\":\"https:\\\/\\\/secure.gravatar.com\\\/avatar\\\/d4fe7459cfc51ff5129ce1a732bbef5928568b8092d412ef95611616376bbeed?s=96&d=mm&r=g\",\"contentUrl\":\"https:\\\/\\\/secure.gravatar.com\\\/avatar\\\/d4fe7459cfc51ff5129ce1a732bbef5928568b8092d412ef95611616376bbeed?s=96&d=mm&r=g\",\"caption\":\"f1000024\"},\"url\":\"https:\\\/\\\/cvinoticias.com\\\/v3\\\/author\\\/f1000024\\\/\"}]}<\/script>\n<!-- \/ Yoast SEO plugin. -->","yoast_head_json":{"title":"Vizzotti:\u201cDescarto que hayan acopiado dosis para vacunar previo a las elecciones en Misiones\u201d | CVI NOTICIAS","robots":{"index":"index","follow":"follow","max-snippet":"max-snippet:-1","max-image-preview":"max-image-preview:large","max-video-preview":"max-video-preview:-1"},"canonical":"https:\/\/cvinoticias.com\/v3\/vizzottidescarto-que-hayan-acopiado-dosis-para-vacunar-previo-a-las-elecciones-en-misiones\/","og_locale":"es_ES","og_type":"article","og_title":"Vizzotti:\u201cDescarto que hayan acopiado dosis para vacunar previo a las elecciones en Misiones\u201d | CVI NOTICIAS","og_description":"La Ministra respondi\u00f3 a las sospechas en torno a la provincia, que registra un 25% de dosis recibidas sin aplicar. En los \u00faltimos d\u00edas, distintos medios nacionales denunciaron que en Misiones el Gobierno provincial estaba realizando un acopio de las vacunas entregadas por Naci\u00f3n con miras a las elecciones que se celebrar\u00e1n el pr\u00f3ximo 6 [&hellip;]","og_url":"https:\/\/cvinoticias.com\/v3\/vizzottidescarto-que-hayan-acopiado-dosis-para-vacunar-previo-a-las-elecciones-en-misiones\/","og_site_name":"CVI NOTICIAS","article_publisher":"https:\/\/www.facebook.com\/cvinoticias","article_published_time":"2021-05-26T11:41:08+00:00","og_image":[{"width":931,"height":575,"url":"https:\/\/cvinoticias.com\/wp-content\/uploads\/2021\/05\/Screenshot_20210526-084008_Facebook.jpg","type":"image\/jpeg"}],"author":"f1000024","twitter_card":"summary_large_image","twitter_misc":{"Escrito por":"f1000024","Tiempo de lectura":"2 minutos"},"schema":{"@context":"https:\/\/schema.org","@graph":[{"@type":"Article","@id":"https:\/\/cvinoticias.com\/v3\/vizzottidescarto-que-hayan-acopiado-dosis-para-vacunar-previo-a-las-elecciones-en-misiones\/#article","isPartOf":{"@id":"https:\/\/cvinoticias.com\/v3\/vizzottidescarto-que-hayan-acopiado-dosis-para-vacunar-previo-a-las-elecciones-en-misiones\/"},"author":{"name":"f1000024","@id":"https:\/\/cvinoticias.com\/v3\/#\/schema\/person\/2db77e3c6bc03c538495d7b2b8be9b66"},"headline":"Vizzotti:\u201cDescarto que hayan acopiado dosis para vacunar previo a las elecciones en Misiones\u201d","datePublished":"2021-05-26T11:41:08+00:00","mainEntityOfPage":{"@id":"https:\/\/cvinoticias.com\/v3\/vizzottidescarto-que-hayan-acopiado-dosis-para-vacunar-previo-a-las-elecciones-en-misiones\/"},"wordCount":319,"commentCount":0,"publisher":{"@id":"https:\/\/cvinoticias.com\/v3\/#organization"},"image":{"@id":"https:\/\/cvinoticias.com\/v3\/vizzottidescarto-que-hayan-acopiado-dosis-para-vacunar-previo-a-las-elecciones-en-misiones\/#primaryimage"},"thumbnailUrl":"https:\/\/cvinoticias.com\/wp-content\/uploads\/2021\/05\/Screenshot_20210526-084008_Facebook.jpg","articleSection":["Covid-19"],"inLanguage":"es","potentialAction":[{"@type":"CommentAction","name":"Comment","target":["https:\/\/cvinoticias.com\/v3\/vizzottidescarto-que-hayan-acopiado-dosis-para-vacunar-previo-a-las-elecciones-en-misiones\/#respond"]}]},{"@type":"WebPage","@id":"https:\/\/cvinoticias.com\/v3\/vizzottidescarto-que-hayan-acopiado-dosis-para-vacunar-previo-a-las-elecciones-en-misiones\/","url":"https:\/\/cvinoticias.com\/v3\/vizzottidescarto-que-hayan-acopiado-dosis-para-vacunar-previo-a-las-elecciones-en-misiones\/","name":"Vizzotti:\u201cDescarto que hayan acopiado dosis para vacunar previo a las elecciones en Misiones\u201d | CVI NOTICIAS","isPartOf":{"@id":"https:\/\/cvinoticias.com\/v3\/#website"},"primaryImageOfPage":{"@id":"https:\/\/cvinoticias.com\/v3\/vizzottidescarto-que-hayan-acopiado-dosis-para-vacunar-previo-a-las-elecciones-en-misiones\/#primaryimage"},"image":{"@id":"https:\/\/cvinoticias.com\/v3\/vizzottidescarto-que-hayan-acopiado-dosis-para-vacunar-previo-a-las-elecciones-en-misiones\/#primaryimage"},"thumbnailUrl":"https:\/\/cvinoticias.com\/wp-content\/uploads\/2021\/05\/Screenshot_20210526-084008_Facebook.jpg","datePublished":"2021-05-26T11:41:08+00:00","breadcrumb":{"@id":"https:\/\/cvinoticias.com\/v3\/vizzottidescarto-que-hayan-acopiado-dosis-para-vacunar-previo-a-las-elecciones-en-misiones\/#breadcrumb"},"inLanguage":"es","potentialAction":[{"@type":"ReadAction","target":["https:\/\/cvinoticias.com\/v3\/vizzottidescarto-que-hayan-acopiado-dosis-para-vacunar-previo-a-las-elecciones-en-misiones\/"]}]},{"@type":"ImageObject","inLanguage":"es","@id":"https:\/\/cvinoticias.com\/v3\/vizzottidescarto-que-hayan-acopiado-dosis-para-vacunar-previo-a-las-elecciones-en-misiones\/#primaryimage","url":"https:\/\/cvinoticias.com\/wp-content\/uploads\/2021\/05\/Screenshot_20210526-084008_Facebook.jpg","contentUrl":"https:\/\/cvinoticias.com\/wp-content\/uploads\/2021\/05\/Screenshot_20210526-084008_Facebook.jpg","width":931,"height":575},{"@type":"BreadcrumbList","@id":"https:\/\/cvinoticias.com\/v3\/vizzottidescarto-que-hayan-acopiado-dosis-para-vacunar-previo-a-las-elecciones-en-misiones\/#breadcrumb","itemListElement":[{"@type":"ListItem","position":1,"name":"Portada","item":"https:\/\/cvinoticias.com\/v3\/"},{"@type":"ListItem","position":2,"name":"Vizzotti:\u201cDescarto que hayan acopiado dosis para vacunar previo a las elecciones en Misiones\u201d"}]},{"@type":"WebSite","@id":"https:\/\/cvinoticias.com\/v3\/#website","url":"https:\/\/cvinoticias.com\/v3\/","name":"CVI NOTICIAS","description":"","publisher":{"@id":"https:\/\/cvinoticias.com\/v3\/#organization"},"alternateName":"CVI","potentialAction":[{"@type":"SearchAction","target":{"@type":"EntryPoint","urlTemplate":"https:\/\/cvinoticias.com\/v3\/?s={search_term_string}"},"query-input":{"@type":"PropertyValueSpecification","valueRequired":true,"valueName":"search_term_string"}}],"inLanguage":"es"},{"@type":"Organization","@id":"https:\/\/cvinoticias.com\/v3\/#organization","name":"CVI NOTICIAS","url":"https:\/\/cvinoticias.com\/v3\/","logo":{"@type":"ImageObject","inLanguage":"es","@id":"https:\/\/cvinoticias.com\/v3\/#\/schema\/logo\/image\/","url":"https:\/\/cvinoticias.com\/wp-content\/uploads\/2023\/04\/cropped-cropped-cropped-cropped-cropped-3-1.png","contentUrl":"https:\/\/cvinoticias.com\/wp-content\/uploads\/2023\/04\/cropped-cropped-cropped-cropped-cropped-3-1.png","width":95,"height":122,"caption":"CVI NOTICIAS"},"image":{"@id":"https:\/\/cvinoticias.com\/v3\/#\/schema\/logo\/image\/"},"sameAs":["https:\/\/www.facebook.com\/cvinoticias","https:\/\/www.instagram.com\/cvinoticias\/","https:\/\/www.youtube.com\/@CVINOTICIAS"]},{"@type":"Person","@id":"https:\/\/cvinoticias.com\/v3\/#\/schema\/person\/2db77e3c6bc03c538495d7b2b8be9b66","name":"f1000024","image":{"@type":"ImageObject","inLanguage":"es","@id":"https:\/\/secure.gravatar.com\/avatar\/d4fe7459cfc51ff5129ce1a732bbef5928568b8092d412ef95611616376bbeed?s=96&d=mm&r=g","url":"https:\/\/secure.gravatar.com\/avatar\/d4fe7459cfc51ff5129ce1a732bbef5928568b8092d412ef95611616376bbeed?s=96&d=mm&r=g","contentUrl":"https:\/\/secure.gravatar.com\/avatar\/d4fe7459cfc51ff5129ce1a732bbef5928568b8092d412ef95611616376bbeed?s=96&d=mm&r=g","caption":"f1000024"},"url":"https:\/\/cvinoticias.com\/v3\/author\/f1000024\/"}]}},"_links":{"self":[{"href":"https:\/\/cvinoticias.com\/v3\/wp-json\/wp\/v2\/posts\/5432","targetHints":{"allow":["GET"]}}],"collection":[{"href":"https:\/\/cvinoticias.com\/v3\/wp-json\/wp\/v2\/posts"}],"about":[{"href":"https:\/\/cvinoticias.com\/v3\/wp-json\/wp\/v2\/types\/post"}],"author":[{"embeddable":true,"href":"https:\/\/cvinoticias.com\/v3\/wp-json\/wp\/v2\/users\/2"}],"replies":[{"embeddable":true,"href":"https:\/\/cvinoticias.com\/v3\/wp-json\/wp\/v2\/comments?post=5432"}],"version-history":[{"count":1,"href":"https:\/\/cvinoticias.com\/v3\/wp-json\/wp\/v2\/posts\/5432\/revisions"}],"predecessor-version":[{"id":5434,"href":"https:\/\/cvinoticias.com\/v3\/wp-json\/wp\/v2\/posts\/5432\/revisions\/5434"}],"wp:featuredmedia":[{"embeddable":true,"href":"https:\/\/cvinoticias.com\/v3\/wp-json\/wp\/v2\/media\/5433"}],"wp:attachment":[{"href":"https:\/\/cvinoticias.com\/v3\/wp-json\/wp\/v2\/media?parent=5432"}],"wp:term":[{"taxonomy":"category","embeddable":true,"href":"https:\/\/cvinoticias.com\/v3\/wp-json\/wp\/v2\/categories?post=5432"},{"taxonomy":"post_tag","embeddable":true,"href":"https:\/\/cvinoticias.com\/v3\/wp-json\/wp\/v2\/tags?post=5432"}],"curies":[{"name":"wp","href":"https:\/\/api.w.org\/{rel}","templated":true}]}}