{"id":53980,"date":"2026-01-27T10:04:14","date_gmt":"2026-01-27T13:04:14","guid":{"rendered":"https:\/\/cvinoticias.com\/v3\/?p=53980"},"modified":"2026-01-27T10:04:20","modified_gmt":"2026-01-27T13:04:20","slug":"abren-las-inscripciones-para-la-escuela-de-cadetes-de-bomberos","status":"publish","type":"post","link":"https:\/\/cvinoticias.com\/v3\/abren-las-inscripciones-para-la-escuela-de-cadetes-de-bomberos\/","title":{"rendered":"Abren las inscripciones para la Escuela de Cadetes de Bomberos"},"content":{"rendered":"\n<p>\u200bCon el firme prop\u00f3sito de formar a los \u00abbomberos del ma\u00f1ana\u00bb, el cuerpo de Bomberos Voluntarios de Puerto Iguaz\u00fa anunci\u00f3 la apertura de las inscripciones para su prestigiosa Escuela de Cadetes. Esta convocatoria est\u00e1 dirigida a ni\u00f1os y ni\u00f1as de entre 12 y 17 a\u00f1os que sientan el llamado de la vocaci\u00f3n y deseen dar sus primeros pasos en un entorno basado en la disciplina, el compa\u00f1erismo y el servicio incondicional a la comunidad.<\/p>\n\n\n\n<p>\u200bLa formaci\u00f3n de cadetes representa una etapa fundamental para la instituci\u00f3n, ya que no solo se transmiten conocimientos t\u00e9cnicos sobre emergencias, sino que se trabaja profundamente en la construcci\u00f3n de valores ciudadanos. Los interesados en sumar a sus hijos a este camino de aprendizaje deber\u00e1n acercarse al cuartel, teniendo en cuenta que los formularios de inscripci\u00f3n ser\u00e1n entregados exclusivamente a los tutores responsables y no a los menores de edad, a fin de garantizar la formalidad del ingreso.<\/p>\n\n\n\n<p>\u200bPara brindar una atenci\u00f3n organizada, la guardia de operadores diurnos estar\u00e1 disponible para consultas y entrega de documentaci\u00f3n todos los d\u00edas en el horario de 08:00 a 20:00 horas. Se invita a todas las familias de la ciudad a ser parte de este proyecto que busca transformar el entusiasmo juvenil en un compromiso real con la seguridad y el bienestar de todos los vecinos de Iguaz\u00fa.<\/p>\n","protected":false},"excerpt":{"rendered":"<p>\u200bCon el firme prop\u00f3sito de formar a los \u00abbomberos del ma\u00f1ana\u00bb, el cuerpo de Bomberos Voluntarios de Puerto Iguaz\u00fa anunci\u00f3 la apertura de las inscripciones para su prestigiosa Escuela de Cadetes. Esta convocatoria est\u00e1 dirigida a ni\u00f1os y ni\u00f1as de entre 12 y 17 a\u00f1os que sientan el llamado de la vocaci\u00f3n y deseen dar [&hellip;]<\/p>\n","protected":false},"author":2,"featured_media":53981,"comment_status":"open","ping_status":"closed","sticky":false,"template":"","format":"standard","meta":{"footnotes":""},"categories":[47],"tags":[646,4971,313,1114],"class_list":["post-53980","post","type-post","status-publish","format-standard","has-post-thumbnail","hentry","category-sociedad","tag-bomberos","tag-cadetes","tag-iguazu","tag-inscripciones"],"yoast_head":"<!-- This site is optimized with the Yoast SEO plugin v27.4 - https:\/\/yoast.com\/product\/yoast-seo-wordpress\/ -->\n<title>Abren inscripciones para la Escuela de Cadetes de Bomberos | CVI NOTICIAS<\/title>\n<meta name=\"description\" content=\"Bomberos Voluntarios de Puerto Iguaz\u00fa abrieron la inscripci\u00f3n para la Escuela de Cadetes destinada a chicos y chicas de 12 a 17 a\u00f1os.\" \/>\n<meta name=\"robots\" content=\"index, follow, max-snippet:-1, max-image-preview:large, max-video-preview:-1\" \/>\n<link rel=\"canonical\" href=\"https:\/\/cvinoticias.com\/v3\/abren-las-inscripciones-para-la-escuela-de-cadetes-de-bomberos\/\" \/>\n<meta property=\"og:locale\" content=\"es_ES\" \/>\n<meta property=\"og:type\" content=\"article\" \/>\n<meta property=\"og:title\" content=\"Abren inscripciones para la Escuela de Cadetes de Bomberos | CVI NOTICIAS\" \/>\n<meta property=\"og:description\" content=\"Bomberos Voluntarios de Puerto Iguaz\u00fa abrieron la inscripci\u00f3n para la Escuela de Cadetes destinada a chicos y chicas de 12 a 17 a\u00f1os.\" \/>\n<meta property=\"og:url\" content=\"https:\/\/cvinoticias.com\/v3\/abren-las-inscripciones-para-la-escuela-de-cadetes-de-bomberos\/\" \/>\n<meta property=\"og:site_name\" content=\"CVI NOTICIAS\" \/>\n<meta property=\"article:publisher\" content=\"https:\/\/www.facebook.com\/cvinoticias\" \/>\n<meta property=\"article:published_time\" content=\"2026-01-27T13:04:14+00:00\" \/>\n<meta property=\"article:modified_time\" content=\"2026-01-27T13:04:20+00:00\" \/>\n<meta property=\"og:image\" content=\"https:\/\/cvinoticias.com\/wp-content\/uploads\/2026\/01\/IMG-20260126-WA00081.jpg\" \/>\n\t<meta property=\"og:image:width\" content=\"1024\" \/>\n\t<meta property=\"og:image:height\" content=\"1536\" \/>\n\t<meta property=\"og:image:type\" content=\"image\/jpeg\" \/>\n<meta name=\"author\" content=\"f1000024\" \/>\n<meta name=\"twitter:card\" content=\"summary_large_image\" \/>\n<meta name=\"twitter:label1\" content=\"Escrito por\" \/>\n\t<meta name=\"twitter:data1\" content=\"f1000024\" \/>\n\t<meta name=\"twitter:label2\" content=\"Tiempo de lectura\" \/>\n\t<meta name=\"twitter:data2\" content=\"2 minutos\" \/>\n<script type=\"application\/ld+json\" class=\"yoast-schema-graph\">{\"@context\":\"https:\\\/\\\/schema.org\",\"@graph\":[{\"@type\":\"Article\",\"@id\":\"https:\\\/\\\/cvinoticias.com\\\/v3\\\/abren-las-inscripciones-para-la-escuela-de-cadetes-de-bomberos\\\/#article\",\"isPartOf\":{\"@id\":\"https:\\\/\\\/cvinoticias.com\\\/v3\\\/abren-las-inscripciones-para-la-escuela-de-cadetes-de-bomberos\\\/\"},\"author\":{\"name\":\"f1000024\",\"@id\":\"https:\\\/\\\/cvinoticias.com\\\/v3\\\/#\\\/schema\\\/person\\\/2db77e3c6bc03c538495d7b2b8be9b66\"},\"headline\":\"Abren las inscripciones para la Escuela de Cadetes de Bomberos\",\"datePublished\":\"2026-01-27T13:04:14+00:00\",\"dateModified\":\"2026-01-27T13:04:20+00:00\",\"mainEntityOfPage\":{\"@id\":\"https:\\\/\\\/cvinoticias.com\\\/v3\\\/abren-las-inscripciones-para-la-escuela-de-cadetes-de-bomberos\\\/\"},\"wordCount\":241,\"commentCount\":0,\"publisher\":{\"@id\":\"https:\\\/\\\/cvinoticias.com\\\/v3\\\/#organization\"},\"image\":{\"@id\":\"https:\\\/\\\/cvinoticias.com\\\/v3\\\/abren-las-inscripciones-para-la-escuela-de-cadetes-de-bomberos\\\/#primaryimage\"},\"thumbnailUrl\":\"https:\\\/\\\/cvinoticias.com\\\/wp-content\\\/uploads\\\/2026\\\/01\\\/IMG-20260126-WA00081.jpg\",\"keywords\":[\"Bomberos\",\"cadetes\",\"Iguaz\u00fa\",\"Inscripciones\"],\"articleSection\":[\"Sociedad\"],\"inLanguage\":\"es\",\"potentialAction\":[{\"@type\":\"CommentAction\",\"name\":\"Comment\",\"target\":[\"https:\\\/\\\/cvinoticias.com\\\/v3\\\/abren-las-inscripciones-para-la-escuela-de-cadetes-de-bomberos\\\/#respond\"]}]},{\"@type\":\"WebPage\",\"@id\":\"https:\\\/\\\/cvinoticias.com\\\/v3\\\/abren-las-inscripciones-para-la-escuela-de-cadetes-de-bomberos\\\/\",\"url\":\"https:\\\/\\\/cvinoticias.com\\\/v3\\\/abren-las-inscripciones-para-la-escuela-de-cadetes-de-bomberos\\\/\",\"name\":\"Abren inscripciones para la Escuela de Cadetes de Bomberos | CVI NOTICIAS\",\"isPartOf\":{\"@id\":\"https:\\\/\\\/cvinoticias.com\\\/v3\\\/#website\"},\"primaryImageOfPage\":{\"@id\":\"https:\\\/\\\/cvinoticias.com\\\/v3\\\/abren-las-inscripciones-para-la-escuela-de-cadetes-de-bomberos\\\/#primaryimage\"},\"image\":{\"@id\":\"https:\\\/\\\/cvinoticias.com\\\/v3\\\/abren-las-inscripciones-para-la-escuela-de-cadetes-de-bomberos\\\/#primaryimage\"},\"thumbnailUrl\":\"https:\\\/\\\/cvinoticias.com\\\/wp-content\\\/uploads\\\/2026\\\/01\\\/IMG-20260126-WA00081.jpg\",\"datePublished\":\"2026-01-27T13:04:14+00:00\",\"dateModified\":\"2026-01-27T13:04:20+00:00\",\"description\":\"Bomberos Voluntarios de Puerto Iguaz\u00fa abrieron la inscripci\u00f3n para la Escuela de Cadetes destinada a chicos y chicas de 12 a 17 a\u00f1os.\",\"breadcrumb\":{\"@id\":\"https:\\\/\\\/cvinoticias.com\\\/v3\\\/abren-las-inscripciones-para-la-escuela-de-cadetes-de-bomberos\\\/#breadcrumb\"},\"inLanguage\":\"es\",\"potentialAction\":[{\"@type\":\"ReadAction\",\"target\":[\"https:\\\/\\\/cvinoticias.com\\\/v3\\\/abren-las-inscripciones-para-la-escuela-de-cadetes-de-bomberos\\\/\"]}]},{\"@type\":\"ImageObject\",\"inLanguage\":\"es\",\"@id\":\"https:\\\/\\\/cvinoticias.com\\\/v3\\\/abren-las-inscripciones-para-la-escuela-de-cadetes-de-bomberos\\\/#primaryimage\",\"url\":\"https:\\\/\\\/cvinoticias.com\\\/wp-content\\\/uploads\\\/2026\\\/01\\\/IMG-20260126-WA00081.jpg\",\"contentUrl\":\"https:\\\/\\\/cvinoticias.com\\\/wp-content\\\/uploads\\\/2026\\\/01\\\/IMG-20260126-WA00081.jpg\",\"width\":1024,\"height\":1536},{\"@type\":\"BreadcrumbList\",\"@id\":\"https:\\\/\\\/cvinoticias.com\\\/v3\\\/abren-las-inscripciones-para-la-escuela-de-cadetes-de-bomberos\\\/#breadcrumb\",\"itemListElement\":[{\"@type\":\"ListItem\",\"position\":1,\"name\":\"Portada\",\"item\":\"https:\\\/\\\/cvinoticias.com\\\/v3\\\/\"},{\"@type\":\"ListItem\",\"position\":2,\"name\":\"Abren las inscripciones para la Escuela de Cadetes de Bomberos\"}]},{\"@type\":\"WebSite\",\"@id\":\"https:\\\/\\\/cvinoticias.com\\\/v3\\\/#website\",\"url\":\"https:\\\/\\\/cvinoticias.com\\\/v3\\\/\",\"name\":\"CVI NOTICIAS\",\"description\":\"\",\"publisher\":{\"@id\":\"https:\\\/\\\/cvinoticias.com\\\/v3\\\/#organization\"},\"alternateName\":\"CVI\",\"potentialAction\":[{\"@type\":\"SearchAction\",\"target\":{\"@type\":\"EntryPoint\",\"urlTemplate\":\"https:\\\/\\\/cvinoticias.com\\\/v3\\\/?s={search_term_string}\"},\"query-input\":{\"@type\":\"PropertyValueSpecification\",\"valueRequired\":true,\"valueName\":\"search_term_string\"}}],\"inLanguage\":\"es\"},{\"@type\":\"Organization\",\"@id\":\"https:\\\/\\\/cvinoticias.com\\\/v3\\\/#organization\",\"name\":\"CVI NOTICIAS\",\"url\":\"https:\\\/\\\/cvinoticias.com\\\/v3\\\/\",\"logo\":{\"@type\":\"ImageObject\",\"inLanguage\":\"es\",\"@id\":\"https:\\\/\\\/cvinoticias.com\\\/v3\\\/#\\\/schema\\\/logo\\\/image\\\/\",\"url\":\"https:\\\/\\\/cvinoticias.com\\\/wp-content\\\/uploads\\\/2023\\\/04\\\/cropped-cropped-cropped-cropped-cropped-3-1.png\",\"contentUrl\":\"https:\\\/\\\/cvinoticias.com\\\/wp-content\\\/uploads\\\/2023\\\/04\\\/cropped-cropped-cropped-cropped-cropped-3-1.png\",\"width\":95,\"height\":122,\"caption\":\"CVI NOTICIAS\"},\"image\":{\"@id\":\"https:\\\/\\\/cvinoticias.com\\\/v3\\\/#\\\/schema\\\/logo\\\/image\\\/\"},\"sameAs\":[\"https:\\\/\\\/www.facebook.com\\\/cvinoticias\",\"https:\\\/\\\/www.instagram.com\\\/cvinoticias\\\/\",\"https:\\\/\\\/www.youtube.com\\\/@CVINOTICIAS\"]},{\"@type\":\"Person\",\"@id\":\"https:\\\/\\\/cvinoticias.com\\\/v3\\\/#\\\/schema\\\/person\\\/2db77e3c6bc03c538495d7b2b8be9b66\",\"name\":\"f1000024\",\"image\":{\"@type\":\"ImageObject\",\"inLanguage\":\"es\",\"@id\":\"https:\\\/\\\/secure.gravatar.com\\\/avatar\\\/d4fe7459cfc51ff5129ce1a732bbef5928568b8092d412ef95611616376bbeed?s=96&d=mm&r=g\",\"url\":\"https:\\\/\\\/secure.gravatar.com\\\/avatar\\\/d4fe7459cfc51ff5129ce1a732bbef5928568b8092d412ef95611616376bbeed?s=96&d=mm&r=g\",\"contentUrl\":\"https:\\\/\\\/secure.gravatar.com\\\/avatar\\\/d4fe7459cfc51ff5129ce1a732bbef5928568b8092d412ef95611616376bbeed?s=96&d=mm&r=g\",\"caption\":\"f1000024\"},\"url\":\"https:\\\/\\\/cvinoticias.com\\\/v3\\\/author\\\/f1000024\\\/\"}]}<\/script>\n<!-- \/ Yoast SEO plugin. -->","yoast_head_json":{"title":"Abren inscripciones para la Escuela de Cadetes de Bomberos | CVI NOTICIAS","description":"Bomberos Voluntarios de Puerto Iguaz\u00fa abrieron la inscripci\u00f3n para la Escuela de Cadetes destinada a chicos y chicas de 12 a 17 a\u00f1os.","robots":{"index":"index","follow":"follow","max-snippet":"max-snippet:-1","max-image-preview":"max-image-preview:large","max-video-preview":"max-video-preview:-1"},"canonical":"https:\/\/cvinoticias.com\/v3\/abren-las-inscripciones-para-la-escuela-de-cadetes-de-bomberos\/","og_locale":"es_ES","og_type":"article","og_title":"Abren inscripciones para la Escuela de Cadetes de Bomberos | CVI NOTICIAS","og_description":"Bomberos Voluntarios de Puerto Iguaz\u00fa abrieron la inscripci\u00f3n para la Escuela de Cadetes destinada a chicos y chicas de 12 a 17 a\u00f1os.","og_url":"https:\/\/cvinoticias.com\/v3\/abren-las-inscripciones-para-la-escuela-de-cadetes-de-bomberos\/","og_site_name":"CVI NOTICIAS","article_publisher":"https:\/\/www.facebook.com\/cvinoticias","article_published_time":"2026-01-27T13:04:14+00:00","article_modified_time":"2026-01-27T13:04:20+00:00","og_image":[{"width":1024,"height":1536,"url":"https:\/\/cvinoticias.com\/wp-content\/uploads\/2026\/01\/IMG-20260126-WA00081.jpg","type":"image\/jpeg"}],"author":"f1000024","twitter_card":"summary_large_image","twitter_misc":{"Escrito por":"f1000024","Tiempo de lectura":"2 minutos"},"schema":{"@context":"https:\/\/schema.org","@graph":[{"@type":"Article","@id":"https:\/\/cvinoticias.com\/v3\/abren-las-inscripciones-para-la-escuela-de-cadetes-de-bomberos\/#article","isPartOf":{"@id":"https:\/\/cvinoticias.com\/v3\/abren-las-inscripciones-para-la-escuela-de-cadetes-de-bomberos\/"},"author":{"name":"f1000024","@id":"https:\/\/cvinoticias.com\/v3\/#\/schema\/person\/2db77e3c6bc03c538495d7b2b8be9b66"},"headline":"Abren las inscripciones para la Escuela de Cadetes de Bomberos","datePublished":"2026-01-27T13:04:14+00:00","dateModified":"2026-01-27T13:04:20+00:00","mainEntityOfPage":{"@id":"https:\/\/cvinoticias.com\/v3\/abren-las-inscripciones-para-la-escuela-de-cadetes-de-bomberos\/"},"wordCount":241,"commentCount":0,"publisher":{"@id":"https:\/\/cvinoticias.com\/v3\/#organization"},"image":{"@id":"https:\/\/cvinoticias.com\/v3\/abren-las-inscripciones-para-la-escuela-de-cadetes-de-bomberos\/#primaryimage"},"thumbnailUrl":"https:\/\/cvinoticias.com\/wp-content\/uploads\/2026\/01\/IMG-20260126-WA00081.jpg","keywords":["Bomberos","cadetes","Iguaz\u00fa","Inscripciones"],"articleSection":["Sociedad"],"inLanguage":"es","potentialAction":[{"@type":"CommentAction","name":"Comment","target":["https:\/\/cvinoticias.com\/v3\/abren-las-inscripciones-para-la-escuela-de-cadetes-de-bomberos\/#respond"]}]},{"@type":"WebPage","@id":"https:\/\/cvinoticias.com\/v3\/abren-las-inscripciones-para-la-escuela-de-cadetes-de-bomberos\/","url":"https:\/\/cvinoticias.com\/v3\/abren-las-inscripciones-para-la-escuela-de-cadetes-de-bomberos\/","name":"Abren inscripciones para la Escuela de Cadetes de Bomberos | CVI NOTICIAS","isPartOf":{"@id":"https:\/\/cvinoticias.com\/v3\/#website"},"primaryImageOfPage":{"@id":"https:\/\/cvinoticias.com\/v3\/abren-las-inscripciones-para-la-escuela-de-cadetes-de-bomberos\/#primaryimage"},"image":{"@id":"https:\/\/cvinoticias.com\/v3\/abren-las-inscripciones-para-la-escuela-de-cadetes-de-bomberos\/#primaryimage"},"thumbnailUrl":"https:\/\/cvinoticias.com\/wp-content\/uploads\/2026\/01\/IMG-20260126-WA00081.jpg","datePublished":"2026-01-27T13:04:14+00:00","dateModified":"2026-01-27T13:04:20+00:00","description":"Bomberos Voluntarios de Puerto Iguaz\u00fa abrieron la inscripci\u00f3n para la Escuela de Cadetes destinada a chicos y chicas de 12 a 17 a\u00f1os.","breadcrumb":{"@id":"https:\/\/cvinoticias.com\/v3\/abren-las-inscripciones-para-la-escuela-de-cadetes-de-bomberos\/#breadcrumb"},"inLanguage":"es","potentialAction":[{"@type":"ReadAction","target":["https:\/\/cvinoticias.com\/v3\/abren-las-inscripciones-para-la-escuela-de-cadetes-de-bomberos\/"]}]},{"@type":"ImageObject","inLanguage":"es","@id":"https:\/\/cvinoticias.com\/v3\/abren-las-inscripciones-para-la-escuela-de-cadetes-de-bomberos\/#primaryimage","url":"https:\/\/cvinoticias.com\/wp-content\/uploads\/2026\/01\/IMG-20260126-WA00081.jpg","contentUrl":"https:\/\/cvinoticias.com\/wp-content\/uploads\/2026\/01\/IMG-20260126-WA00081.jpg","width":1024,"height":1536},{"@type":"BreadcrumbList","@id":"https:\/\/cvinoticias.com\/v3\/abren-las-inscripciones-para-la-escuela-de-cadetes-de-bomberos\/#breadcrumb","itemListElement":[{"@type":"ListItem","position":1,"name":"Portada","item":"https:\/\/cvinoticias.com\/v3\/"},{"@type":"ListItem","position":2,"name":"Abren las inscripciones para la Escuela de Cadetes de Bomberos"}]},{"@type":"WebSite","@id":"https:\/\/cvinoticias.com\/v3\/#website","url":"https:\/\/cvinoticias.com\/v3\/","name":"CVI NOTICIAS","description":"","publisher":{"@id":"https:\/\/cvinoticias.com\/v3\/#organization"},"alternateName":"CVI","potentialAction":[{"@type":"SearchAction","target":{"@type":"EntryPoint","urlTemplate":"https:\/\/cvinoticias.com\/v3\/?s={search_term_string}"},"query-input":{"@type":"PropertyValueSpecification","valueRequired":true,"valueName":"search_term_string"}}],"inLanguage":"es"},{"@type":"Organization","@id":"https:\/\/cvinoticias.com\/v3\/#organization","name":"CVI NOTICIAS","url":"https:\/\/cvinoticias.com\/v3\/","logo":{"@type":"ImageObject","inLanguage":"es","@id":"https:\/\/cvinoticias.com\/v3\/#\/schema\/logo\/image\/","url":"https:\/\/cvinoticias.com\/wp-content\/uploads\/2023\/04\/cropped-cropped-cropped-cropped-cropped-3-1.png","contentUrl":"https:\/\/cvinoticias.com\/wp-content\/uploads\/2023\/04\/cropped-cropped-cropped-cropped-cropped-3-1.png","width":95,"height":122,"caption":"CVI NOTICIAS"},"image":{"@id":"https:\/\/cvinoticias.com\/v3\/#\/schema\/logo\/image\/"},"sameAs":["https:\/\/www.facebook.com\/cvinoticias","https:\/\/www.instagram.com\/cvinoticias\/","https:\/\/www.youtube.com\/@CVINOTICIAS"]},{"@type":"Person","@id":"https:\/\/cvinoticias.com\/v3\/#\/schema\/person\/2db77e3c6bc03c538495d7b2b8be9b66","name":"f1000024","image":{"@type":"ImageObject","inLanguage":"es","@id":"https:\/\/secure.gravatar.com\/avatar\/d4fe7459cfc51ff5129ce1a732bbef5928568b8092d412ef95611616376bbeed?s=96&d=mm&r=g","url":"https:\/\/secure.gravatar.com\/avatar\/d4fe7459cfc51ff5129ce1a732bbef5928568b8092d412ef95611616376bbeed?s=96&d=mm&r=g","contentUrl":"https:\/\/secure.gravatar.com\/avatar\/d4fe7459cfc51ff5129ce1a732bbef5928568b8092d412ef95611616376bbeed?s=96&d=mm&r=g","caption":"f1000024"},"url":"https:\/\/cvinoticias.com\/v3\/author\/f1000024\/"}]}},"_links":{"self":[{"href":"https:\/\/cvinoticias.com\/v3\/wp-json\/wp\/v2\/posts\/53980","targetHints":{"allow":["GET"]}}],"collection":[{"href":"https:\/\/cvinoticias.com\/v3\/wp-json\/wp\/v2\/posts"}],"about":[{"href":"https:\/\/cvinoticias.com\/v3\/wp-json\/wp\/v2\/types\/post"}],"author":[{"embeddable":true,"href":"https:\/\/cvinoticias.com\/v3\/wp-json\/wp\/v2\/users\/2"}],"replies":[{"embeddable":true,"href":"https:\/\/cvinoticias.com\/v3\/wp-json\/wp\/v2\/comments?post=53980"}],"version-history":[{"count":1,"href":"https:\/\/cvinoticias.com\/v3\/wp-json\/wp\/v2\/posts\/53980\/revisions"}],"predecessor-version":[{"id":53982,"href":"https:\/\/cvinoticias.com\/v3\/wp-json\/wp\/v2\/posts\/53980\/revisions\/53982"}],"wp:featuredmedia":[{"embeddable":true,"href":"https:\/\/cvinoticias.com\/v3\/wp-json\/wp\/v2\/media\/53981"}],"wp:attachment":[{"href":"https:\/\/cvinoticias.com\/v3\/wp-json\/wp\/v2\/media?parent=53980"}],"wp:term":[{"taxonomy":"category","embeddable":true,"href":"https:\/\/cvinoticias.com\/v3\/wp-json\/wp\/v2\/categories?post=53980"},{"taxonomy":"post_tag","embeddable":true,"href":"https:\/\/cvinoticias.com\/v3\/wp-json\/wp\/v2\/tags?post=53980"}],"curies":[{"name":"wp","href":"https:\/\/api.w.org\/{rel}","templated":true}]}}