{"id":53893,"date":"2026-01-23T07:16:05","date_gmt":"2026-01-23T10:16:05","guid":{"rendered":"https:\/\/cvinoticias.com\/v3\/?p=53893"},"modified":"2026-01-23T07:16:06","modified_gmt":"2026-01-23T10:16:06","slug":"misiones-toma-credito-por-20-000-millones-para-reforzar-su-columna-vertebral-energetica","status":"publish","type":"post","link":"https:\/\/cvinoticias.com\/v3\/misiones-toma-credito-por-20-000-millones-para-reforzar-su-columna-vertebral-energetica\/","title":{"rendered":"Misiones toma cr\u00e9dito por $20.000 millones para reforzar su columna vertebral energ\u00e9tica"},"content":{"rendered":"\n<p>El Gobierno de Misiones aprob\u00f3 la suscripci\u00f3n de un&nbsp;<strong>Contrato de Pr\u00e9stamo y Cesi\u00f3n en Garant\u00eda<\/strong>&nbsp;con&nbsp;<strong>Banco Macro S.A.<\/strong>, por un monto total de&nbsp;<strong>$20.000 millones<\/strong>, destinado a financiar una obra estrat\u00e9gica de infraestructura energ\u00e9tica en el territorio provincial.<\/p>\n\n\n\n<p>La decisi\u00f3n fue formalizada mediante un decreto del Poder Ejecutivo, a partir del expediente N\u00b0 3000-1085\/2025 del Ministerio de Hacienda, Finanzas, Obras y Servicios P\u00fablicos, y autoriza el modelo contractual que regula los aspectos t\u00e9cnicos, financieros y legales de la operatoria.<\/p>\n\n\n\n<p>El pr\u00e9stamo tendr\u00e1 como destino espec\u00edfico la ejecuci\u00f3n de la obra denominada&nbsp;<strong>\u201cMejoras de Infraestructura de Redes El\u00e9ctricas \u2013 L\u00ednea de Alta Tensi\u00f3n 132 kV San Isidro \u2013 Alem \u2013 Ober\u00e1 II y Estaci\u00f3n Transformadora Leandro N. Alem 132\/33\/13,2 kV\u201d<\/strong>, considerada clave para el fortalecimiento del sistema el\u00e9ctrico provincial.<\/p>\n\n\n\n<p>Seg\u00fan se detalla en el decreto, los fondos se aplicar\u00e1n a obras de infraestructura social, con impacto directo en la calidad del servicio el\u00e9ctrico, la expansi\u00f3n de la capacidad de transporte de energ\u00eda y el acompa\u00f1amiento al crecimiento productivo y urbano de la regi\u00f3n centro de Misiones.<\/p>\n\n\n\n<p>El contrato aprobado establece la concesi\u00f3n de un pr\u00e9stamo por hasta&nbsp;<strong>$20.000 millones<\/strong>, y contempla como mecanismo de garant\u00eda y pago la&nbsp;<strong>cesi\u00f3n de derechos de la Provincia sobre los recursos a percibir por el R\u00e9gimen de Coparticipaci\u00f3n de Impuestos Nacionales<\/strong>, conforme a lo establecido en la Ley Nacional N\u00b0 23.548 y el Acuerdo Naci\u00f3n\u2013Provincias ratificado por la Ley N\u00b0 25.570.<\/p>\n\n\n\n<p>La cesi\u00f3n se instrumenta por un monto suficiente para cubrir las obligaciones derivadas del pr\u00e9stamo, en l\u00ednea con la normativa vigente y las pr\u00e1cticas habituales en este tipo de operaciones de financiamiento p\u00fablico.<\/p>\n\n\n\n<p>El decreto se apoya en el&nbsp;<strong>Art\u00edculo 34\u00b0 de la Ley Provincial VII \u2013 N\u00b0 103<\/strong>, que faculta al Poder Ejecutivo a contraer cr\u00e9ditos p\u00fablicos por hasta&nbsp;<strong>100 millones de d\u00f3lares<\/strong>, con destino a inversiones en obras de saneamiento, electrificaci\u00f3n urbana y rural, infraestructura energ\u00e9tica, bienes de capital y proyectos de modernizaci\u00f3n del Estado.<\/p>\n\n\n\n<p>Asimismo, la operatoria cumple con lo dispuesto por el&nbsp;<strong>R\u00e9gimen Federal de Responsabilidad Fiscal<\/strong>&nbsp;(Ley Nacional N\u00b0 25.917), que exige la intervenci\u00f3n del Ministerio del Interior y del Ministerio de Econom\u00eda de la Naci\u00f3n para autorizar operaciones de endeudamiento provincial. En ese marco, el decreto ordena la remisi\u00f3n de copia certificada a ambos organismos nacionales, conforme al Decreto Reglamentario N\u00b0 1.731\/04.<\/p>\n\n\n\n<p>Fuente: Economis<\/p>\n","protected":false},"excerpt":{"rendered":"<p>El Gobierno de Misiones aprob\u00f3 la suscripci\u00f3n de un&nbsp;Contrato de Pr\u00e9stamo y Cesi\u00f3n en Garant\u00eda&nbsp;con&nbsp;Banco Macro S.A., por un monto total de&nbsp;$20.000 millones, destinado a financiar una obra estrat\u00e9gica de infraestructura energ\u00e9tica en el territorio provincial. La decisi\u00f3n fue formalizada mediante un decreto del Poder Ejecutivo, a partir del expediente N\u00b0 3000-1085\/2025 del Ministerio de [&hellip;]<\/p>\n","protected":false},"author":2,"featured_media":53894,"comment_status":"open","ping_status":"closed","sticky":false,"template":"","format":"standard","meta":{"footnotes":""},"categories":[455],"tags":[218,4950,2610],"class_list":["post-53893","post","type-post","status-publish","format-standard","has-post-thumbnail","hentry","category-misiones","tag-credito","tag-energetica-2","tag-reforzar"],"yoast_head":"<!-- This site is optimized with the Yoast SEO plugin v27.4 - https:\/\/yoast.com\/product\/yoast-seo-wordpress\/ -->\n<title>Misiones toma cr\u00e9dito por $20.000 millones para energ\u00eda | CVI NOTICIAS<\/title>\n<meta name=\"description\" content=\"La Provincia acord\u00f3 un cr\u00e9dito con Banco Macro para obras el\u00e9ctricas clave que fortalecer\u00e1n la red energ\u00e9tica en Misiones.\" \/>\n<meta name=\"robots\" content=\"index, follow, max-snippet:-1, max-image-preview:large, max-video-preview:-1\" \/>\n<link rel=\"canonical\" href=\"https:\/\/cvinoticias.com\/v3\/misiones-toma-credito-por-20-000-millones-para-reforzar-su-columna-vertebral-energetica\/\" \/>\n<meta property=\"og:locale\" content=\"es_ES\" \/>\n<meta property=\"og:type\" content=\"article\" \/>\n<meta property=\"og:title\" content=\"Misiones toma cr\u00e9dito por $20.000 millones para energ\u00eda | CVI NOTICIAS\" \/>\n<meta property=\"og:description\" content=\"La Provincia acord\u00f3 un cr\u00e9dito con Banco Macro para obras el\u00e9ctricas clave que fortalecer\u00e1n la red energ\u00e9tica en Misiones.\" \/>\n<meta property=\"og:url\" content=\"https:\/\/cvinoticias.com\/v3\/misiones-toma-credito-por-20-000-millones-para-reforzar-su-columna-vertebral-energetica\/\" \/>\n<meta property=\"og:site_name\" content=\"CVI NOTICIAS\" \/>\n<meta property=\"article:publisher\" content=\"https:\/\/www.facebook.com\/cvinoticias\" \/>\n<meta property=\"article:published_time\" content=\"2026-01-23T10:16:05+00:00\" \/>\n<meta property=\"article:modified_time\" content=\"2026-01-23T10:16:06+00:00\" \/>\n<meta property=\"og:image\" content=\"https:\/\/cvinoticias.com\/wp-content\/uploads\/2026\/01\/energia-electrica.webp\" \/>\n\t<meta property=\"og:image:width\" content=\"506\" \/>\n\t<meta property=\"og:image:height\" content=\"337\" \/>\n\t<meta property=\"og:image:type\" content=\"image\/webp\" \/>\n<meta name=\"author\" content=\"f1000024\" \/>\n<meta name=\"twitter:card\" content=\"summary_large_image\" \/>\n<meta name=\"twitter:label1\" content=\"Escrito por\" \/>\n\t<meta name=\"twitter:data1\" content=\"f1000024\" \/>\n\t<meta name=\"twitter:label2\" content=\"Tiempo de lectura\" \/>\n\t<meta name=\"twitter:data2\" content=\"2 minutos\" \/>\n<script type=\"application\/ld+json\" class=\"yoast-schema-graph\">{\"@context\":\"https:\\\/\\\/schema.org\",\"@graph\":[{\"@type\":\"Article\",\"@id\":\"https:\\\/\\\/cvinoticias.com\\\/v3\\\/misiones-toma-credito-por-20-000-millones-para-reforzar-su-columna-vertebral-energetica\\\/#article\",\"isPartOf\":{\"@id\":\"https:\\\/\\\/cvinoticias.com\\\/v3\\\/misiones-toma-credito-por-20-000-millones-para-reforzar-su-columna-vertebral-energetica\\\/\"},\"author\":{\"name\":\"f1000024\",\"@id\":\"https:\\\/\\\/cvinoticias.com\\\/v3\\\/#\\\/schema\\\/person\\\/2db77e3c6bc03c538495d7b2b8be9b66\"},\"headline\":\"Misiones toma cr\u00e9dito por $20.000 millones para reforzar su columna vertebral energ\u00e9tica\",\"datePublished\":\"2026-01-23T10:16:05+00:00\",\"dateModified\":\"2026-01-23T10:16:06+00:00\",\"mainEntityOfPage\":{\"@id\":\"https:\\\/\\\/cvinoticias.com\\\/v3\\\/misiones-toma-credito-por-20-000-millones-para-reforzar-su-columna-vertebral-energetica\\\/\"},\"wordCount\":447,\"commentCount\":0,\"publisher\":{\"@id\":\"https:\\\/\\\/cvinoticias.com\\\/v3\\\/#organization\"},\"image\":{\"@id\":\"https:\\\/\\\/cvinoticias.com\\\/v3\\\/misiones-toma-credito-por-20-000-millones-para-reforzar-su-columna-vertebral-energetica\\\/#primaryimage\"},\"thumbnailUrl\":\"https:\\\/\\\/cvinoticias.com\\\/wp-content\\\/uploads\\\/2026\\\/01\\\/energia-electrica.webp\",\"keywords\":[\"Cr\u00e9dito\",\"energetica\",\"reforzar\"],\"articleSection\":[\"Misiones\"],\"inLanguage\":\"es\",\"potentialAction\":[{\"@type\":\"CommentAction\",\"name\":\"Comment\",\"target\":[\"https:\\\/\\\/cvinoticias.com\\\/v3\\\/misiones-toma-credito-por-20-000-millones-para-reforzar-su-columna-vertebral-energetica\\\/#respond\"]}]},{\"@type\":\"WebPage\",\"@id\":\"https:\\\/\\\/cvinoticias.com\\\/v3\\\/misiones-toma-credito-por-20-000-millones-para-reforzar-su-columna-vertebral-energetica\\\/\",\"url\":\"https:\\\/\\\/cvinoticias.com\\\/v3\\\/misiones-toma-credito-por-20-000-millones-para-reforzar-su-columna-vertebral-energetica\\\/\",\"name\":\"Misiones toma cr\u00e9dito por $20.000 millones para energ\u00eda | CVI NOTICIAS\",\"isPartOf\":{\"@id\":\"https:\\\/\\\/cvinoticias.com\\\/v3\\\/#website\"},\"primaryImageOfPage\":{\"@id\":\"https:\\\/\\\/cvinoticias.com\\\/v3\\\/misiones-toma-credito-por-20-000-millones-para-reforzar-su-columna-vertebral-energetica\\\/#primaryimage\"},\"image\":{\"@id\":\"https:\\\/\\\/cvinoticias.com\\\/v3\\\/misiones-toma-credito-por-20-000-millones-para-reforzar-su-columna-vertebral-energetica\\\/#primaryimage\"},\"thumbnailUrl\":\"https:\\\/\\\/cvinoticias.com\\\/wp-content\\\/uploads\\\/2026\\\/01\\\/energia-electrica.webp\",\"datePublished\":\"2026-01-23T10:16:05+00:00\",\"dateModified\":\"2026-01-23T10:16:06+00:00\",\"description\":\"La Provincia acord\u00f3 un cr\u00e9dito con Banco Macro para obras el\u00e9ctricas clave que fortalecer\u00e1n la red energ\u00e9tica en Misiones.\",\"breadcrumb\":{\"@id\":\"https:\\\/\\\/cvinoticias.com\\\/v3\\\/misiones-toma-credito-por-20-000-millones-para-reforzar-su-columna-vertebral-energetica\\\/#breadcrumb\"},\"inLanguage\":\"es\",\"potentialAction\":[{\"@type\":\"ReadAction\",\"target\":[\"https:\\\/\\\/cvinoticias.com\\\/v3\\\/misiones-toma-credito-por-20-000-millones-para-reforzar-su-columna-vertebral-energetica\\\/\"]}]},{\"@type\":\"ImageObject\",\"inLanguage\":\"es\",\"@id\":\"https:\\\/\\\/cvinoticias.com\\\/v3\\\/misiones-toma-credito-por-20-000-millones-para-reforzar-su-columna-vertebral-energetica\\\/#primaryimage\",\"url\":\"https:\\\/\\\/cvinoticias.com\\\/wp-content\\\/uploads\\\/2026\\\/01\\\/energia-electrica.webp\",\"contentUrl\":\"https:\\\/\\\/cvinoticias.com\\\/wp-content\\\/uploads\\\/2026\\\/01\\\/energia-electrica.webp\",\"width\":506,\"height\":337},{\"@type\":\"BreadcrumbList\",\"@id\":\"https:\\\/\\\/cvinoticias.com\\\/v3\\\/misiones-toma-credito-por-20-000-millones-para-reforzar-su-columna-vertebral-energetica\\\/#breadcrumb\",\"itemListElement\":[{\"@type\":\"ListItem\",\"position\":1,\"name\":\"Portada\",\"item\":\"https:\\\/\\\/cvinoticias.com\\\/v3\\\/\"},{\"@type\":\"ListItem\",\"position\":2,\"name\":\"Misiones toma cr\u00e9dito por $20.000 millones para reforzar su columna vertebral energ\u00e9tica\"}]},{\"@type\":\"WebSite\",\"@id\":\"https:\\\/\\\/cvinoticias.com\\\/v3\\\/#website\",\"url\":\"https:\\\/\\\/cvinoticias.com\\\/v3\\\/\",\"name\":\"CVI NOTICIAS\",\"description\":\"\",\"publisher\":{\"@id\":\"https:\\\/\\\/cvinoticias.com\\\/v3\\\/#organization\"},\"alternateName\":\"CVI\",\"potentialAction\":[{\"@type\":\"SearchAction\",\"target\":{\"@type\":\"EntryPoint\",\"urlTemplate\":\"https:\\\/\\\/cvinoticias.com\\\/v3\\\/?s={search_term_string}\"},\"query-input\":{\"@type\":\"PropertyValueSpecification\",\"valueRequired\":true,\"valueName\":\"search_term_string\"}}],\"inLanguage\":\"es\"},{\"@type\":\"Organization\",\"@id\":\"https:\\\/\\\/cvinoticias.com\\\/v3\\\/#organization\",\"name\":\"CVI NOTICIAS\",\"url\":\"https:\\\/\\\/cvinoticias.com\\\/v3\\\/\",\"logo\":{\"@type\":\"ImageObject\",\"inLanguage\":\"es\",\"@id\":\"https:\\\/\\\/cvinoticias.com\\\/v3\\\/#\\\/schema\\\/logo\\\/image\\\/\",\"url\":\"https:\\\/\\\/cvinoticias.com\\\/wp-content\\\/uploads\\\/2023\\\/04\\\/cropped-cropped-cropped-cropped-cropped-3-1.png\",\"contentUrl\":\"https:\\\/\\\/cvinoticias.com\\\/wp-content\\\/uploads\\\/2023\\\/04\\\/cropped-cropped-cropped-cropped-cropped-3-1.png\",\"width\":95,\"height\":122,\"caption\":\"CVI NOTICIAS\"},\"image\":{\"@id\":\"https:\\\/\\\/cvinoticias.com\\\/v3\\\/#\\\/schema\\\/logo\\\/image\\\/\"},\"sameAs\":[\"https:\\\/\\\/www.facebook.com\\\/cvinoticias\",\"https:\\\/\\\/www.instagram.com\\\/cvinoticias\\\/\",\"https:\\\/\\\/www.youtube.com\\\/@CVINOTICIAS\"]},{\"@type\":\"Person\",\"@id\":\"https:\\\/\\\/cvinoticias.com\\\/v3\\\/#\\\/schema\\\/person\\\/2db77e3c6bc03c538495d7b2b8be9b66\",\"name\":\"f1000024\",\"image\":{\"@type\":\"ImageObject\",\"inLanguage\":\"es\",\"@id\":\"https:\\\/\\\/secure.gravatar.com\\\/avatar\\\/d4fe7459cfc51ff5129ce1a732bbef5928568b8092d412ef95611616376bbeed?s=96&d=mm&r=g\",\"url\":\"https:\\\/\\\/secure.gravatar.com\\\/avatar\\\/d4fe7459cfc51ff5129ce1a732bbef5928568b8092d412ef95611616376bbeed?s=96&d=mm&r=g\",\"contentUrl\":\"https:\\\/\\\/secure.gravatar.com\\\/avatar\\\/d4fe7459cfc51ff5129ce1a732bbef5928568b8092d412ef95611616376bbeed?s=96&d=mm&r=g\",\"caption\":\"f1000024\"},\"url\":\"https:\\\/\\\/cvinoticias.com\\\/v3\\\/author\\\/f1000024\\\/\"}]}<\/script>\n<!-- \/ Yoast SEO plugin. -->","yoast_head_json":{"title":"Misiones toma cr\u00e9dito por $20.000 millones para energ\u00eda | CVI NOTICIAS","description":"La Provincia acord\u00f3 un cr\u00e9dito con Banco Macro para obras el\u00e9ctricas clave que fortalecer\u00e1n la red energ\u00e9tica en Misiones.","robots":{"index":"index","follow":"follow","max-snippet":"max-snippet:-1","max-image-preview":"max-image-preview:large","max-video-preview":"max-video-preview:-1"},"canonical":"https:\/\/cvinoticias.com\/v3\/misiones-toma-credito-por-20-000-millones-para-reforzar-su-columna-vertebral-energetica\/","og_locale":"es_ES","og_type":"article","og_title":"Misiones toma cr\u00e9dito por $20.000 millones para energ\u00eda | CVI NOTICIAS","og_description":"La Provincia acord\u00f3 un cr\u00e9dito con Banco Macro para obras el\u00e9ctricas clave que fortalecer\u00e1n la red energ\u00e9tica en Misiones.","og_url":"https:\/\/cvinoticias.com\/v3\/misiones-toma-credito-por-20-000-millones-para-reforzar-su-columna-vertebral-energetica\/","og_site_name":"CVI NOTICIAS","article_publisher":"https:\/\/www.facebook.com\/cvinoticias","article_published_time":"2026-01-23T10:16:05+00:00","article_modified_time":"2026-01-23T10:16:06+00:00","og_image":[{"width":506,"height":337,"url":"https:\/\/cvinoticias.com\/wp-content\/uploads\/2026\/01\/energia-electrica.webp","type":"image\/webp"}],"author":"f1000024","twitter_card":"summary_large_image","twitter_misc":{"Escrito por":"f1000024","Tiempo de lectura":"2 minutos"},"schema":{"@context":"https:\/\/schema.org","@graph":[{"@type":"Article","@id":"https:\/\/cvinoticias.com\/v3\/misiones-toma-credito-por-20-000-millones-para-reforzar-su-columna-vertebral-energetica\/#article","isPartOf":{"@id":"https:\/\/cvinoticias.com\/v3\/misiones-toma-credito-por-20-000-millones-para-reforzar-su-columna-vertebral-energetica\/"},"author":{"name":"f1000024","@id":"https:\/\/cvinoticias.com\/v3\/#\/schema\/person\/2db77e3c6bc03c538495d7b2b8be9b66"},"headline":"Misiones toma cr\u00e9dito por $20.000 millones para reforzar su columna vertebral energ\u00e9tica","datePublished":"2026-01-23T10:16:05+00:00","dateModified":"2026-01-23T10:16:06+00:00","mainEntityOfPage":{"@id":"https:\/\/cvinoticias.com\/v3\/misiones-toma-credito-por-20-000-millones-para-reforzar-su-columna-vertebral-energetica\/"},"wordCount":447,"commentCount":0,"publisher":{"@id":"https:\/\/cvinoticias.com\/v3\/#organization"},"image":{"@id":"https:\/\/cvinoticias.com\/v3\/misiones-toma-credito-por-20-000-millones-para-reforzar-su-columna-vertebral-energetica\/#primaryimage"},"thumbnailUrl":"https:\/\/cvinoticias.com\/wp-content\/uploads\/2026\/01\/energia-electrica.webp","keywords":["Cr\u00e9dito","energetica","reforzar"],"articleSection":["Misiones"],"inLanguage":"es","potentialAction":[{"@type":"CommentAction","name":"Comment","target":["https:\/\/cvinoticias.com\/v3\/misiones-toma-credito-por-20-000-millones-para-reforzar-su-columna-vertebral-energetica\/#respond"]}]},{"@type":"WebPage","@id":"https:\/\/cvinoticias.com\/v3\/misiones-toma-credito-por-20-000-millones-para-reforzar-su-columna-vertebral-energetica\/","url":"https:\/\/cvinoticias.com\/v3\/misiones-toma-credito-por-20-000-millones-para-reforzar-su-columna-vertebral-energetica\/","name":"Misiones toma cr\u00e9dito por $20.000 millones para energ\u00eda | CVI NOTICIAS","isPartOf":{"@id":"https:\/\/cvinoticias.com\/v3\/#website"},"primaryImageOfPage":{"@id":"https:\/\/cvinoticias.com\/v3\/misiones-toma-credito-por-20-000-millones-para-reforzar-su-columna-vertebral-energetica\/#primaryimage"},"image":{"@id":"https:\/\/cvinoticias.com\/v3\/misiones-toma-credito-por-20-000-millones-para-reforzar-su-columna-vertebral-energetica\/#primaryimage"},"thumbnailUrl":"https:\/\/cvinoticias.com\/wp-content\/uploads\/2026\/01\/energia-electrica.webp","datePublished":"2026-01-23T10:16:05+00:00","dateModified":"2026-01-23T10:16:06+00:00","description":"La Provincia acord\u00f3 un cr\u00e9dito con Banco Macro para obras el\u00e9ctricas clave que fortalecer\u00e1n la red energ\u00e9tica en Misiones.","breadcrumb":{"@id":"https:\/\/cvinoticias.com\/v3\/misiones-toma-credito-por-20-000-millones-para-reforzar-su-columna-vertebral-energetica\/#breadcrumb"},"inLanguage":"es","potentialAction":[{"@type":"ReadAction","target":["https:\/\/cvinoticias.com\/v3\/misiones-toma-credito-por-20-000-millones-para-reforzar-su-columna-vertebral-energetica\/"]}]},{"@type":"ImageObject","inLanguage":"es","@id":"https:\/\/cvinoticias.com\/v3\/misiones-toma-credito-por-20-000-millones-para-reforzar-su-columna-vertebral-energetica\/#primaryimage","url":"https:\/\/cvinoticias.com\/wp-content\/uploads\/2026\/01\/energia-electrica.webp","contentUrl":"https:\/\/cvinoticias.com\/wp-content\/uploads\/2026\/01\/energia-electrica.webp","width":506,"height":337},{"@type":"BreadcrumbList","@id":"https:\/\/cvinoticias.com\/v3\/misiones-toma-credito-por-20-000-millones-para-reforzar-su-columna-vertebral-energetica\/#breadcrumb","itemListElement":[{"@type":"ListItem","position":1,"name":"Portada","item":"https:\/\/cvinoticias.com\/v3\/"},{"@type":"ListItem","position":2,"name":"Misiones toma cr\u00e9dito por $20.000 millones para reforzar su columna vertebral energ\u00e9tica"}]},{"@type":"WebSite","@id":"https:\/\/cvinoticias.com\/v3\/#website","url":"https:\/\/cvinoticias.com\/v3\/","name":"CVI NOTICIAS","description":"","publisher":{"@id":"https:\/\/cvinoticias.com\/v3\/#organization"},"alternateName":"CVI","potentialAction":[{"@type":"SearchAction","target":{"@type":"EntryPoint","urlTemplate":"https:\/\/cvinoticias.com\/v3\/?s={search_term_string}"},"query-input":{"@type":"PropertyValueSpecification","valueRequired":true,"valueName":"search_term_string"}}],"inLanguage":"es"},{"@type":"Organization","@id":"https:\/\/cvinoticias.com\/v3\/#organization","name":"CVI NOTICIAS","url":"https:\/\/cvinoticias.com\/v3\/","logo":{"@type":"ImageObject","inLanguage":"es","@id":"https:\/\/cvinoticias.com\/v3\/#\/schema\/logo\/image\/","url":"https:\/\/cvinoticias.com\/wp-content\/uploads\/2023\/04\/cropped-cropped-cropped-cropped-cropped-3-1.png","contentUrl":"https:\/\/cvinoticias.com\/wp-content\/uploads\/2023\/04\/cropped-cropped-cropped-cropped-cropped-3-1.png","width":95,"height":122,"caption":"CVI NOTICIAS"},"image":{"@id":"https:\/\/cvinoticias.com\/v3\/#\/schema\/logo\/image\/"},"sameAs":["https:\/\/www.facebook.com\/cvinoticias","https:\/\/www.instagram.com\/cvinoticias\/","https:\/\/www.youtube.com\/@CVINOTICIAS"]},{"@type":"Person","@id":"https:\/\/cvinoticias.com\/v3\/#\/schema\/person\/2db77e3c6bc03c538495d7b2b8be9b66","name":"f1000024","image":{"@type":"ImageObject","inLanguage":"es","@id":"https:\/\/secure.gravatar.com\/avatar\/d4fe7459cfc51ff5129ce1a732bbef5928568b8092d412ef95611616376bbeed?s=96&d=mm&r=g","url":"https:\/\/secure.gravatar.com\/avatar\/d4fe7459cfc51ff5129ce1a732bbef5928568b8092d412ef95611616376bbeed?s=96&d=mm&r=g","contentUrl":"https:\/\/secure.gravatar.com\/avatar\/d4fe7459cfc51ff5129ce1a732bbef5928568b8092d412ef95611616376bbeed?s=96&d=mm&r=g","caption":"f1000024"},"url":"https:\/\/cvinoticias.com\/v3\/author\/f1000024\/"}]}},"_links":{"self":[{"href":"https:\/\/cvinoticias.com\/v3\/wp-json\/wp\/v2\/posts\/53893","targetHints":{"allow":["GET"]}}],"collection":[{"href":"https:\/\/cvinoticias.com\/v3\/wp-json\/wp\/v2\/posts"}],"about":[{"href":"https:\/\/cvinoticias.com\/v3\/wp-json\/wp\/v2\/types\/post"}],"author":[{"embeddable":true,"href":"https:\/\/cvinoticias.com\/v3\/wp-json\/wp\/v2\/users\/2"}],"replies":[{"embeddable":true,"href":"https:\/\/cvinoticias.com\/v3\/wp-json\/wp\/v2\/comments?post=53893"}],"version-history":[{"count":1,"href":"https:\/\/cvinoticias.com\/v3\/wp-json\/wp\/v2\/posts\/53893\/revisions"}],"predecessor-version":[{"id":53895,"href":"https:\/\/cvinoticias.com\/v3\/wp-json\/wp\/v2\/posts\/53893\/revisions\/53895"}],"wp:featuredmedia":[{"embeddable":true,"href":"https:\/\/cvinoticias.com\/v3\/wp-json\/wp\/v2\/media\/53894"}],"wp:attachment":[{"href":"https:\/\/cvinoticias.com\/v3\/wp-json\/wp\/v2\/media?parent=53893"}],"wp:term":[{"taxonomy":"category","embeddable":true,"href":"https:\/\/cvinoticias.com\/v3\/wp-json\/wp\/v2\/categories?post=53893"},{"taxonomy":"post_tag","embeddable":true,"href":"https:\/\/cvinoticias.com\/v3\/wp-json\/wp\/v2\/tags?post=53893"}],"curies":[{"name":"wp","href":"https:\/\/api.w.org\/{rel}","templated":true}]}}