{"id":5388,"date":"2021-05-23T16:41:07","date_gmt":"2021-05-23T16:41:07","guid":{"rendered":"https:\/\/cvinoticias.com\/v3\/?p=5388"},"modified":"2021-05-23T16:41:07","modified_gmt":"2021-05-23T16:41:07","slug":"requirieron-formalmente-que-el-juez-fragueiro-sea-investigado-por-abuso","status":"publish","type":"post","link":"https:\/\/cvinoticias.com\/v3\/requirieron-formalmente-que-el-juez-fragueiro-sea-investigado-por-abuso\/","title":{"rendered":"Requirieron formalmente que el juez Fragueiro sea investigado por abuso"},"content":{"rendered":"\n<p><strong><em>La fiscal subrogante Bibiana Alderice remiti\u00f3 las denuncias al Juzgado de Instrucci\u00f3n de Puerto Iguaz\u00fa. Las acusaciones contra el juez de Familia son por el delito de \u201cabuso sexual simple\u201d.<\/em><\/strong><\/p>\n\n\n\n<p>La fiscal de Instrucci\u00f3n 2 de Eldorado, Bibiana Maria Alderice, present\u00f3 a Mart\u00edn Brites, juez de Instrucci\u00f3n de Puerto Iguaz\u00fa, el requerimiento formal, la acusaci\u00f3n inicial, contra el juez de Familia y Violencia Familiar, Pedro Fragueiro, acusado de\u00a0\u201cabuso sexual simple\u201d por tres mujeres, dos de ellas empleadas judiciales.<\/p>\n\n\n\n<p>Este paso es el primero para que el juez Brites contin\u00fae con los pasos del expediente penal contra Fragueiro, quien\u00a0a su vez, enfrenta el jury que analizar\u00e1 su desempe\u00f1o y pedido de destituci\u00f3n formal. Este tr\u00e1mite est\u00e1 m\u00e1s avanzado y en manos del Jurado de Enjuiciamiento de Magistrados de Misiones, en el que s\u00f3lo resta la presentaci\u00f3n y opini\u00f3n de la defensa para que se fije fecha de inicio de las audiencias respectivas.<\/p>\n\n\n\n<p>El jury se dispar\u00f3 con\u00a0el\u00a0rechazo del gobernador Oscar Herrera Ahuad a la renuncia que present\u00f3 Fragueiro\u00a0pocos d\u00edas despu\u00e9s de concretadas las\u00a0cinco acusaciones penales de v\u00edctimas de presunto acoso y abuso sexual, tres de ellas empleadas judiciales que estuvieron bajo su autoridad en Ober\u00e1 y Puerto Iguaz\u00fa.<\/p>\n\n\n\n<p>Los pedidos de jury a Fragueiro fueron presentados de manera separada y luego unificados y corresponden al presidente y secretaria del Colegio de Abogados de Misiones, Fernando Orbe y Valeria Soczyuk y al legislador provincial, Rafael Pereyra Pigerl.<\/p>\n\n\n\n<p>En cuanto a las denuncias que se presentaron\u00a0en Ober\u00e1,<strong> <\/strong>corresponden al per\u00edodo en que Fragueiro se desempe\u00f1aba como secretario en un Juzgado Civil y Comercial 2 de la Tercera Circunscripci\u00f3n Judicial.<\/p>\n\n\n\n<p>Una de ellas correspondi\u00f3 a una joven que trabajaba como ni\u00f1era de sus tres hijastras entre 2008 y 2009. La restante a una agente del Juzgado obere\u00f1o a quien habr\u00eda acosado en similares circunstancias a las que denunci\u00f3 la muchacha de 23 a principio de mayo en Puerto Iguaz\u00fa, quien hab\u00eda ingresado como auxiliar en febrero de este a\u00f1o al Juzgado de Familia y Violencia Familiar.<\/p>\n\n\n\n<p>Encuadre Legal <\/p>\n\n\n\n<p><em><strong>\u201cAbuso sexual simple\u201d.<\/strong>\u00a0Seg\u00fan el art\u00edculo 119 del C\u00f3digo Penal Argentino \u201cser\u00e1 reprimido con reclusi\u00f3n o prisi\u00f3n de seis meses a cuatro a\u00f1os el que abusare sexualmente de una persona cuando \u00e9sta fuera menor de trece a\u00f1os o cuando mediare violencia, amenaza, abuso coactivo o intimidatorio de una relaci\u00f3n de dependencia, de autoridad, o de poder, o aprovech\u00e1ndose de que la v\u00edctima por cualquier causa no haya podido consentir libremente la acci\u00f3n\u201d.<\/em><\/p>\n\n\n\n<p><\/p>\n\n\n\n<p>Fuente: Primera Edici\u00f3n <\/p>\n","protected":false},"excerpt":{"rendered":"<p>La fiscal subrogante Bibiana Alderice remiti\u00f3 las denuncias al Juzgado de Instrucci\u00f3n de Puerto Iguaz\u00fa. Las acusaciones contra el juez de Familia son por el delito de \u201cabuso sexual simple\u201d. La fiscal de Instrucci\u00f3n 2 de Eldorado, Bibiana Maria Alderice, present\u00f3 a Mart\u00edn Brites, juez de Instrucci\u00f3n de Puerto Iguaz\u00fa, el requerimiento formal, la acusaci\u00f3n [&hellip;]<\/p>\n","protected":false},"author":2,"featured_media":5389,"comment_status":"open","ping_status":"open","sticky":false,"template":"","format":"standard","meta":{"footnotes":""},"categories":[37],"tags":[],"class_list":["post-5388","post","type-post","status-publish","format-standard","has-post-thumbnail","hentry","category-justicia"],"yoast_head":"<!-- This site is optimized with the Yoast SEO plugin v27.5 - https:\/\/yoast.com\/product\/yoast-seo-wordpress\/ -->\n<title>Requirieron formalmente que el juez Fragueiro sea investigado por abuso | CVI NOTICIAS<\/title>\n<meta name=\"robots\" content=\"index, follow, max-snippet:-1, max-image-preview:large, max-video-preview:-1\" \/>\n<link rel=\"canonical\" href=\"https:\/\/cvinoticias.com\/v3\/requirieron-formalmente-que-el-juez-fragueiro-sea-investigado-por-abuso\/\" \/>\n<meta property=\"og:locale\" content=\"es_ES\" \/>\n<meta property=\"og:type\" content=\"article\" \/>\n<meta property=\"og:title\" content=\"Requirieron formalmente que el juez Fragueiro sea investigado por abuso | CVI NOTICIAS\" \/>\n<meta property=\"og:description\" content=\"La fiscal subrogante Bibiana Alderice remiti\u00f3 las denuncias al Juzgado de Instrucci\u00f3n de Puerto Iguaz\u00fa. Las acusaciones contra el juez de Familia son por el delito de \u201cabuso sexual simple\u201d. La fiscal de Instrucci\u00f3n 2 de Eldorado, Bibiana Maria Alderice, present\u00f3 a Mart\u00edn Brites, juez de Instrucci\u00f3n de Puerto Iguaz\u00fa, el requerimiento formal, la acusaci\u00f3n [&hellip;]\" \/>\n<meta property=\"og:url\" content=\"https:\/\/cvinoticias.com\/v3\/requirieron-formalmente-que-el-juez-fragueiro-sea-investigado-por-abuso\/\" \/>\n<meta property=\"og:site_name\" content=\"CVI NOTICIAS\" \/>\n<meta property=\"article:publisher\" content=\"https:\/\/www.facebook.com\/cvinoticias\" \/>\n<meta property=\"article:published_time\" content=\"2021-05-23T16:41:07+00:00\" \/>\n<meta property=\"og:image\" content=\"https:\/\/cvinoticias.com\/wp-content\/uploads\/2021\/05\/Denuncian-al-juez-Fragueiro-de-Puerto-Iguazu-por-abuso-sexual-150x150-1.jpg\" \/>\n\t<meta property=\"og:image:width\" content=\"150\" \/>\n\t<meta property=\"og:image:height\" content=\"150\" \/>\n\t<meta property=\"og:image:type\" content=\"image\/jpeg\" \/>\n<meta name=\"author\" content=\"f1000024\" \/>\n<meta name=\"twitter:card\" content=\"summary_large_image\" \/>\n<meta name=\"twitter:label1\" content=\"Escrito por\" \/>\n\t<meta name=\"twitter:data1\" content=\"f1000024\" \/>\n\t<meta name=\"twitter:label2\" content=\"Tiempo de lectura\" \/>\n\t<meta name=\"twitter:data2\" content=\"2 minutos\" \/>\n<script type=\"application\/ld+json\" class=\"yoast-schema-graph\">{\"@context\":\"https:\\\/\\\/schema.org\",\"@graph\":[{\"@type\":\"Article\",\"@id\":\"https:\\\/\\\/cvinoticias.com\\\/v3\\\/requirieron-formalmente-que-el-juez-fragueiro-sea-investigado-por-abuso\\\/#article\",\"isPartOf\":{\"@id\":\"https:\\\/\\\/cvinoticias.com\\\/v3\\\/requirieron-formalmente-que-el-juez-fragueiro-sea-investigado-por-abuso\\\/\"},\"author\":{\"name\":\"f1000024\",\"@id\":\"https:\\\/\\\/cvinoticias.com\\\/v3\\\/#\\\/schema\\\/person\\\/2db77e3c6bc03c538495d7b2b8be9b66\"},\"headline\":\"Requirieron formalmente que el juez Fragueiro sea investigado por abuso\",\"datePublished\":\"2021-05-23T16:41:07+00:00\",\"mainEntityOfPage\":{\"@id\":\"https:\\\/\\\/cvinoticias.com\\\/v3\\\/requirieron-formalmente-que-el-juez-fragueiro-sea-investigado-por-abuso\\\/\"},\"wordCount\":456,\"commentCount\":0,\"publisher\":{\"@id\":\"https:\\\/\\\/cvinoticias.com\\\/v3\\\/#organization\"},\"image\":{\"@id\":\"https:\\\/\\\/cvinoticias.com\\\/v3\\\/requirieron-formalmente-que-el-juez-fragueiro-sea-investigado-por-abuso\\\/#primaryimage\"},\"thumbnailUrl\":\"https:\\\/\\\/cvinoticias.com\\\/wp-content\\\/uploads\\\/2021\\\/05\\\/Denuncian-al-juez-Fragueiro-de-Puerto-Iguazu-por-abuso-sexual-150x150-1.jpg\",\"articleSection\":[\"Justicia\"],\"inLanguage\":\"es\",\"potentialAction\":[{\"@type\":\"CommentAction\",\"name\":\"Comment\",\"target\":[\"https:\\\/\\\/cvinoticias.com\\\/v3\\\/requirieron-formalmente-que-el-juez-fragueiro-sea-investigado-por-abuso\\\/#respond\"]}]},{\"@type\":\"WebPage\",\"@id\":\"https:\\\/\\\/cvinoticias.com\\\/v3\\\/requirieron-formalmente-que-el-juez-fragueiro-sea-investigado-por-abuso\\\/\",\"url\":\"https:\\\/\\\/cvinoticias.com\\\/v3\\\/requirieron-formalmente-que-el-juez-fragueiro-sea-investigado-por-abuso\\\/\",\"name\":\"Requirieron formalmente que el juez Fragueiro sea investigado por abuso | CVI NOTICIAS\",\"isPartOf\":{\"@id\":\"https:\\\/\\\/cvinoticias.com\\\/v3\\\/#website\"},\"primaryImageOfPage\":{\"@id\":\"https:\\\/\\\/cvinoticias.com\\\/v3\\\/requirieron-formalmente-que-el-juez-fragueiro-sea-investigado-por-abuso\\\/#primaryimage\"},\"image\":{\"@id\":\"https:\\\/\\\/cvinoticias.com\\\/v3\\\/requirieron-formalmente-que-el-juez-fragueiro-sea-investigado-por-abuso\\\/#primaryimage\"},\"thumbnailUrl\":\"https:\\\/\\\/cvinoticias.com\\\/wp-content\\\/uploads\\\/2021\\\/05\\\/Denuncian-al-juez-Fragueiro-de-Puerto-Iguazu-por-abuso-sexual-150x150-1.jpg\",\"datePublished\":\"2021-05-23T16:41:07+00:00\",\"breadcrumb\":{\"@id\":\"https:\\\/\\\/cvinoticias.com\\\/v3\\\/requirieron-formalmente-que-el-juez-fragueiro-sea-investigado-por-abuso\\\/#breadcrumb\"},\"inLanguage\":\"es\",\"potentialAction\":[{\"@type\":\"ReadAction\",\"target\":[\"https:\\\/\\\/cvinoticias.com\\\/v3\\\/requirieron-formalmente-que-el-juez-fragueiro-sea-investigado-por-abuso\\\/\"]}]},{\"@type\":\"ImageObject\",\"inLanguage\":\"es\",\"@id\":\"https:\\\/\\\/cvinoticias.com\\\/v3\\\/requirieron-formalmente-que-el-juez-fragueiro-sea-investigado-por-abuso\\\/#primaryimage\",\"url\":\"https:\\\/\\\/cvinoticias.com\\\/wp-content\\\/uploads\\\/2021\\\/05\\\/Denuncian-al-juez-Fragueiro-de-Puerto-Iguazu-por-abuso-sexual-150x150-1.jpg\",\"contentUrl\":\"https:\\\/\\\/cvinoticias.com\\\/wp-content\\\/uploads\\\/2021\\\/05\\\/Denuncian-al-juez-Fragueiro-de-Puerto-Iguazu-por-abuso-sexual-150x150-1.jpg\",\"width\":150,\"height\":150},{\"@type\":\"BreadcrumbList\",\"@id\":\"https:\\\/\\\/cvinoticias.com\\\/v3\\\/requirieron-formalmente-que-el-juez-fragueiro-sea-investigado-por-abuso\\\/#breadcrumb\",\"itemListElement\":[{\"@type\":\"ListItem\",\"position\":1,\"name\":\"Portada\",\"item\":\"https:\\\/\\\/cvinoticias.com\\\/v3\\\/\"},{\"@type\":\"ListItem\",\"position\":2,\"name\":\"Requirieron formalmente que el juez Fragueiro sea investigado por abuso\"}]},{\"@type\":\"WebSite\",\"@id\":\"https:\\\/\\\/cvinoticias.com\\\/v3\\\/#website\",\"url\":\"https:\\\/\\\/cvinoticias.com\\\/v3\\\/\",\"name\":\"CVI NOTICIAS\",\"description\":\"\",\"publisher\":{\"@id\":\"https:\\\/\\\/cvinoticias.com\\\/v3\\\/#organization\"},\"alternateName\":\"CVI\",\"potentialAction\":[{\"@type\":\"SearchAction\",\"target\":{\"@type\":\"EntryPoint\",\"urlTemplate\":\"https:\\\/\\\/cvinoticias.com\\\/v3\\\/?s={search_term_string}\"},\"query-input\":{\"@type\":\"PropertyValueSpecification\",\"valueRequired\":true,\"valueName\":\"search_term_string\"}}],\"inLanguage\":\"es\"},{\"@type\":\"Organization\",\"@id\":\"https:\\\/\\\/cvinoticias.com\\\/v3\\\/#organization\",\"name\":\"CVI NOTICIAS\",\"url\":\"https:\\\/\\\/cvinoticias.com\\\/v3\\\/\",\"logo\":{\"@type\":\"ImageObject\",\"inLanguage\":\"es\",\"@id\":\"https:\\\/\\\/cvinoticias.com\\\/v3\\\/#\\\/schema\\\/logo\\\/image\\\/\",\"url\":\"https:\\\/\\\/cvinoticias.com\\\/wp-content\\\/uploads\\\/2023\\\/04\\\/cropped-cropped-cropped-cropped-cropped-3-1.png\",\"contentUrl\":\"https:\\\/\\\/cvinoticias.com\\\/wp-content\\\/uploads\\\/2023\\\/04\\\/cropped-cropped-cropped-cropped-cropped-3-1.png\",\"width\":95,\"height\":122,\"caption\":\"CVI NOTICIAS\"},\"image\":{\"@id\":\"https:\\\/\\\/cvinoticias.com\\\/v3\\\/#\\\/schema\\\/logo\\\/image\\\/\"},\"sameAs\":[\"https:\\\/\\\/www.facebook.com\\\/cvinoticias\",\"https:\\\/\\\/www.instagram.com\\\/cvinoticias\\\/\",\"https:\\\/\\\/www.youtube.com\\\/@CVINOTICIAS\"]},{\"@type\":\"Person\",\"@id\":\"https:\\\/\\\/cvinoticias.com\\\/v3\\\/#\\\/schema\\\/person\\\/2db77e3c6bc03c538495d7b2b8be9b66\",\"name\":\"f1000024\",\"image\":{\"@type\":\"ImageObject\",\"inLanguage\":\"es\",\"@id\":\"https:\\\/\\\/secure.gravatar.com\\\/avatar\\\/d4fe7459cfc51ff5129ce1a732bbef5928568b8092d412ef95611616376bbeed?s=96&d=mm&r=g\",\"url\":\"https:\\\/\\\/secure.gravatar.com\\\/avatar\\\/d4fe7459cfc51ff5129ce1a732bbef5928568b8092d412ef95611616376bbeed?s=96&d=mm&r=g\",\"contentUrl\":\"https:\\\/\\\/secure.gravatar.com\\\/avatar\\\/d4fe7459cfc51ff5129ce1a732bbef5928568b8092d412ef95611616376bbeed?s=96&d=mm&r=g\",\"caption\":\"f1000024\"},\"url\":\"https:\\\/\\\/cvinoticias.com\\\/v3\\\/author\\\/f1000024\\\/\"}]}<\/script>\n<!-- \/ Yoast SEO plugin. -->","yoast_head_json":{"title":"Requirieron formalmente que el juez Fragueiro sea investigado por abuso | CVI NOTICIAS","robots":{"index":"index","follow":"follow","max-snippet":"max-snippet:-1","max-image-preview":"max-image-preview:large","max-video-preview":"max-video-preview:-1"},"canonical":"https:\/\/cvinoticias.com\/v3\/requirieron-formalmente-que-el-juez-fragueiro-sea-investigado-por-abuso\/","og_locale":"es_ES","og_type":"article","og_title":"Requirieron formalmente que el juez Fragueiro sea investigado por abuso | CVI NOTICIAS","og_description":"La fiscal subrogante Bibiana Alderice remiti\u00f3 las denuncias al Juzgado de Instrucci\u00f3n de Puerto Iguaz\u00fa. Las acusaciones contra el juez de Familia son por el delito de \u201cabuso sexual simple\u201d. La fiscal de Instrucci\u00f3n 2 de Eldorado, Bibiana Maria Alderice, present\u00f3 a Mart\u00edn Brites, juez de Instrucci\u00f3n de Puerto Iguaz\u00fa, el requerimiento formal, la acusaci\u00f3n [&hellip;]","og_url":"https:\/\/cvinoticias.com\/v3\/requirieron-formalmente-que-el-juez-fragueiro-sea-investigado-por-abuso\/","og_site_name":"CVI NOTICIAS","article_publisher":"https:\/\/www.facebook.com\/cvinoticias","article_published_time":"2021-05-23T16:41:07+00:00","og_image":[{"width":150,"height":150,"url":"https:\/\/cvinoticias.com\/wp-content\/uploads\/2021\/05\/Denuncian-al-juez-Fragueiro-de-Puerto-Iguazu-por-abuso-sexual-150x150-1.jpg","type":"image\/jpeg"}],"author":"f1000024","twitter_card":"summary_large_image","twitter_misc":{"Escrito por":"f1000024","Tiempo de lectura":"2 minutos"},"schema":{"@context":"https:\/\/schema.org","@graph":[{"@type":"Article","@id":"https:\/\/cvinoticias.com\/v3\/requirieron-formalmente-que-el-juez-fragueiro-sea-investigado-por-abuso\/#article","isPartOf":{"@id":"https:\/\/cvinoticias.com\/v3\/requirieron-formalmente-que-el-juez-fragueiro-sea-investigado-por-abuso\/"},"author":{"name":"f1000024","@id":"https:\/\/cvinoticias.com\/v3\/#\/schema\/person\/2db77e3c6bc03c538495d7b2b8be9b66"},"headline":"Requirieron formalmente que el juez Fragueiro sea investigado por abuso","datePublished":"2021-05-23T16:41:07+00:00","mainEntityOfPage":{"@id":"https:\/\/cvinoticias.com\/v3\/requirieron-formalmente-que-el-juez-fragueiro-sea-investigado-por-abuso\/"},"wordCount":456,"commentCount":0,"publisher":{"@id":"https:\/\/cvinoticias.com\/v3\/#organization"},"image":{"@id":"https:\/\/cvinoticias.com\/v3\/requirieron-formalmente-que-el-juez-fragueiro-sea-investigado-por-abuso\/#primaryimage"},"thumbnailUrl":"https:\/\/cvinoticias.com\/wp-content\/uploads\/2021\/05\/Denuncian-al-juez-Fragueiro-de-Puerto-Iguazu-por-abuso-sexual-150x150-1.jpg","articleSection":["Justicia"],"inLanguage":"es","potentialAction":[{"@type":"CommentAction","name":"Comment","target":["https:\/\/cvinoticias.com\/v3\/requirieron-formalmente-que-el-juez-fragueiro-sea-investigado-por-abuso\/#respond"]}]},{"@type":"WebPage","@id":"https:\/\/cvinoticias.com\/v3\/requirieron-formalmente-que-el-juez-fragueiro-sea-investigado-por-abuso\/","url":"https:\/\/cvinoticias.com\/v3\/requirieron-formalmente-que-el-juez-fragueiro-sea-investigado-por-abuso\/","name":"Requirieron formalmente que el juez Fragueiro sea investigado por abuso | CVI NOTICIAS","isPartOf":{"@id":"https:\/\/cvinoticias.com\/v3\/#website"},"primaryImageOfPage":{"@id":"https:\/\/cvinoticias.com\/v3\/requirieron-formalmente-que-el-juez-fragueiro-sea-investigado-por-abuso\/#primaryimage"},"image":{"@id":"https:\/\/cvinoticias.com\/v3\/requirieron-formalmente-que-el-juez-fragueiro-sea-investigado-por-abuso\/#primaryimage"},"thumbnailUrl":"https:\/\/cvinoticias.com\/wp-content\/uploads\/2021\/05\/Denuncian-al-juez-Fragueiro-de-Puerto-Iguazu-por-abuso-sexual-150x150-1.jpg","datePublished":"2021-05-23T16:41:07+00:00","breadcrumb":{"@id":"https:\/\/cvinoticias.com\/v3\/requirieron-formalmente-que-el-juez-fragueiro-sea-investigado-por-abuso\/#breadcrumb"},"inLanguage":"es","potentialAction":[{"@type":"ReadAction","target":["https:\/\/cvinoticias.com\/v3\/requirieron-formalmente-que-el-juez-fragueiro-sea-investigado-por-abuso\/"]}]},{"@type":"ImageObject","inLanguage":"es","@id":"https:\/\/cvinoticias.com\/v3\/requirieron-formalmente-que-el-juez-fragueiro-sea-investigado-por-abuso\/#primaryimage","url":"https:\/\/cvinoticias.com\/wp-content\/uploads\/2021\/05\/Denuncian-al-juez-Fragueiro-de-Puerto-Iguazu-por-abuso-sexual-150x150-1.jpg","contentUrl":"https:\/\/cvinoticias.com\/wp-content\/uploads\/2021\/05\/Denuncian-al-juez-Fragueiro-de-Puerto-Iguazu-por-abuso-sexual-150x150-1.jpg","width":150,"height":150},{"@type":"BreadcrumbList","@id":"https:\/\/cvinoticias.com\/v3\/requirieron-formalmente-que-el-juez-fragueiro-sea-investigado-por-abuso\/#breadcrumb","itemListElement":[{"@type":"ListItem","position":1,"name":"Portada","item":"https:\/\/cvinoticias.com\/v3\/"},{"@type":"ListItem","position":2,"name":"Requirieron formalmente que el juez Fragueiro sea investigado por abuso"}]},{"@type":"WebSite","@id":"https:\/\/cvinoticias.com\/v3\/#website","url":"https:\/\/cvinoticias.com\/v3\/","name":"CVI NOTICIAS","description":"","publisher":{"@id":"https:\/\/cvinoticias.com\/v3\/#organization"},"alternateName":"CVI","potentialAction":[{"@type":"SearchAction","target":{"@type":"EntryPoint","urlTemplate":"https:\/\/cvinoticias.com\/v3\/?s={search_term_string}"},"query-input":{"@type":"PropertyValueSpecification","valueRequired":true,"valueName":"search_term_string"}}],"inLanguage":"es"},{"@type":"Organization","@id":"https:\/\/cvinoticias.com\/v3\/#organization","name":"CVI NOTICIAS","url":"https:\/\/cvinoticias.com\/v3\/","logo":{"@type":"ImageObject","inLanguage":"es","@id":"https:\/\/cvinoticias.com\/v3\/#\/schema\/logo\/image\/","url":"https:\/\/cvinoticias.com\/wp-content\/uploads\/2023\/04\/cropped-cropped-cropped-cropped-cropped-3-1.png","contentUrl":"https:\/\/cvinoticias.com\/wp-content\/uploads\/2023\/04\/cropped-cropped-cropped-cropped-cropped-3-1.png","width":95,"height":122,"caption":"CVI NOTICIAS"},"image":{"@id":"https:\/\/cvinoticias.com\/v3\/#\/schema\/logo\/image\/"},"sameAs":["https:\/\/www.facebook.com\/cvinoticias","https:\/\/www.instagram.com\/cvinoticias\/","https:\/\/www.youtube.com\/@CVINOTICIAS"]},{"@type":"Person","@id":"https:\/\/cvinoticias.com\/v3\/#\/schema\/person\/2db77e3c6bc03c538495d7b2b8be9b66","name":"f1000024","image":{"@type":"ImageObject","inLanguage":"es","@id":"https:\/\/secure.gravatar.com\/avatar\/d4fe7459cfc51ff5129ce1a732bbef5928568b8092d412ef95611616376bbeed?s=96&d=mm&r=g","url":"https:\/\/secure.gravatar.com\/avatar\/d4fe7459cfc51ff5129ce1a732bbef5928568b8092d412ef95611616376bbeed?s=96&d=mm&r=g","contentUrl":"https:\/\/secure.gravatar.com\/avatar\/d4fe7459cfc51ff5129ce1a732bbef5928568b8092d412ef95611616376bbeed?s=96&d=mm&r=g","caption":"f1000024"},"url":"https:\/\/cvinoticias.com\/v3\/author\/f1000024\/"}]}},"_links":{"self":[{"href":"https:\/\/cvinoticias.com\/v3\/wp-json\/wp\/v2\/posts\/5388","targetHints":{"allow":["GET"]}}],"collection":[{"href":"https:\/\/cvinoticias.com\/v3\/wp-json\/wp\/v2\/posts"}],"about":[{"href":"https:\/\/cvinoticias.com\/v3\/wp-json\/wp\/v2\/types\/post"}],"author":[{"embeddable":true,"href":"https:\/\/cvinoticias.com\/v3\/wp-json\/wp\/v2\/users\/2"}],"replies":[{"embeddable":true,"href":"https:\/\/cvinoticias.com\/v3\/wp-json\/wp\/v2\/comments?post=5388"}],"version-history":[{"count":1,"href":"https:\/\/cvinoticias.com\/v3\/wp-json\/wp\/v2\/posts\/5388\/revisions"}],"predecessor-version":[{"id":5390,"href":"https:\/\/cvinoticias.com\/v3\/wp-json\/wp\/v2\/posts\/5388\/revisions\/5390"}],"wp:featuredmedia":[{"embeddable":true,"href":"https:\/\/cvinoticias.com\/v3\/wp-json\/wp\/v2\/media\/5389"}],"wp:attachment":[{"href":"https:\/\/cvinoticias.com\/v3\/wp-json\/wp\/v2\/media?parent=5388"}],"wp:term":[{"taxonomy":"category","embeddable":true,"href":"https:\/\/cvinoticias.com\/v3\/wp-json\/wp\/v2\/categories?post=5388"},{"taxonomy":"post_tag","embeddable":true,"href":"https:\/\/cvinoticias.com\/v3\/wp-json\/wp\/v2\/tags?post=5388"}],"curies":[{"name":"wp","href":"https:\/\/api.w.org\/{rel}","templated":true}]}}