{"id":53812,"date":"2026-01-20T13:44:16","date_gmt":"2026-01-20T16:44:16","guid":{"rendered":"https:\/\/cvinoticias.com\/v3\/?p=53812"},"modified":"2026-01-21T09:04:45","modified_gmt":"2026-01-21T12:04:45","slug":"llega-el-rejunte-acustico-con-transmision-en-vivo","status":"publish","type":"post","link":"https:\/\/cvinoticias.com\/v3\/llega-el-rejunte-acustico-con-transmision-en-vivo\/","title":{"rendered":"Llega el \u201cRejunte Ac\u00fastico\u201d con transmisi\u00f3n en vivo"},"content":{"rendered":"\n<p>Este viernes 23 de enero, a partir de las 20:00 horas, la escena musical de nuestra ciudad tiene una cita imperdible en Sara Bar.<\/p>\n\n\n\n<p>Bajo el nombre de \u00abRejunte Ac\u00fastico\u00bb, se llevar\u00e1 a cabo un encuentro que busca reunir a cantantes y m\u00fasicos locales en un ambiente de improvisaci\u00f3n real y m\u00fasica en crudo.<\/p>\n\n\n\n<p>\u200bLa propuesta se destaca por su esp\u00edritu libre: no hay listas cerradas ni filtros. El escenario estar\u00e1 disponible para todos los artistas que quieran compartir su arte, permitiendo un mix de g\u00e9neros que promete una vibraci\u00f3n aut\u00e9ntica y cercana con el p\u00fablico. Es el espacio ideal tanto para artistas consagrados como para aquellos que buscan dar sus primeros pasos en la escena local.<br>\u200bInnovaci\u00f3n y apoyo al artista<\/p>\n\n\n\n<p>\u200bLa gran novedad de esta edici\u00f3n ser\u00e1 su alcance, ya que por primera vez el evento ser\u00e1 transmitido a trav\u00e9s de streaming en vivo. Esto permitir\u00e1 que el talento de Iguaz\u00fa traspase las fronteras del bar y pueda ser disfrutado desde cualquier lugar, d\u00e1ndole una visibilidad in\u00e9dita a los participantes.<\/p>\n\n\n\n<p>\u200bSi sos m\u00fasico, la invitaci\u00f3n es a sumarte con tu instrumento; y si sos amante de la buena m\u00fasica, el plan es acercarte a disfrutar de una noche diferente donde la improvisaci\u00f3n y el talento local ser\u00e1n los \u00fanicos protagonistas.<\/p>\n","protected":false},"excerpt":{"rendered":"<p>Este viernes 23 de enero, a partir de las 20:00 horas, la escena musical de nuestra ciudad tiene una cita imperdible en Sara Bar. Bajo el nombre de \u00abRejunte Ac\u00fastico\u00bb, se llevar\u00e1 a cabo un encuentro que busca reunir a cantantes y m\u00fasicos locales en un ambiente de improvisaci\u00f3n real y m\u00fasica en crudo. \u200bLa [&hellip;]<\/p>\n","protected":false},"author":2,"featured_media":53813,"comment_status":"open","ping_status":"closed","sticky":false,"template":"","format":"standard","meta":{"footnotes":""},"categories":[47],"tags":[4927,313,4926,4929,4928],"class_list":["post-53812","post","type-post","status-publish","format-standard","has-post-thumbnail","hentry","category-sociedad","tag-acustico","tag-iguazu","tag-rejunte","tag-sara-bar","tag-transmision"],"yoast_head":"<!-- This site is optimized with the Yoast SEO plugin v27.4 - https:\/\/yoast.com\/product\/yoast-seo-wordpress\/ -->\n<title>Rejunte Ac\u00fastico en Iguaz\u00fa: m\u00fasica local con streaming en vivo | CVI NOTICIAS<\/title>\n<meta name=\"description\" content=\"Este viernes 23, m\u00fasicos locales se re\u00fanen en Sara Bar para el Rejunte Ac\u00fastico, con improvisaci\u00f3n y transmisi\u00f3n en vivo.\" \/>\n<meta name=\"robots\" content=\"index, follow, max-snippet:-1, max-image-preview:large, max-video-preview:-1\" \/>\n<link rel=\"canonical\" href=\"https:\/\/cvinoticias.com\/v3\/llega-el-rejunte-acustico-con-transmision-en-vivo\/\" \/>\n<meta property=\"og:locale\" content=\"es_ES\" \/>\n<meta property=\"og:type\" content=\"article\" \/>\n<meta property=\"og:title\" content=\"Rejunte Ac\u00fastico en Iguaz\u00fa: m\u00fasica local con streaming en vivo | CVI NOTICIAS\" \/>\n<meta property=\"og:description\" content=\"Este viernes 23, m\u00fasicos locales se re\u00fanen en Sara Bar para el Rejunte Ac\u00fastico, con improvisaci\u00f3n y transmisi\u00f3n en vivo.\" \/>\n<meta property=\"og:url\" content=\"https:\/\/cvinoticias.com\/v3\/llega-el-rejunte-acustico-con-transmision-en-vivo\/\" \/>\n<meta property=\"og:site_name\" content=\"CVI NOTICIAS\" \/>\n<meta property=\"article:publisher\" content=\"https:\/\/www.facebook.com\/cvinoticias\" \/>\n<meta property=\"article:published_time\" content=\"2026-01-20T16:44:16+00:00\" \/>\n<meta property=\"article:modified_time\" content=\"2026-01-21T12:04:45+00:00\" \/>\n<meta property=\"og:image\" content=\"https:\/\/cvinoticias.com\/wp-content\/uploads\/2026\/01\/497c9225-67d0-42db-a5a1-1cda5ebbe18b.jpeg\" \/>\n\t<meta property=\"og:image:width\" content=\"1076\" \/>\n\t<meta property=\"og:image:height\" content=\"1600\" \/>\n\t<meta property=\"og:image:type\" content=\"image\/jpeg\" \/>\n<meta name=\"author\" content=\"f1000024\" \/>\n<meta name=\"twitter:card\" content=\"summary_large_image\" \/>\n<meta name=\"twitter:label1\" content=\"Escrito por\" \/>\n\t<meta name=\"twitter:data1\" content=\"f1000024\" \/>\n\t<meta name=\"twitter:label2\" content=\"Tiempo de lectura\" \/>\n\t<meta name=\"twitter:data2\" content=\"2 minutos\" \/>\n<script type=\"application\/ld+json\" class=\"yoast-schema-graph\">{\"@context\":\"https:\\\/\\\/schema.org\",\"@graph\":[{\"@type\":\"Article\",\"@id\":\"https:\\\/\\\/cvinoticias.com\\\/v3\\\/llega-el-rejunte-acustico-con-transmision-en-vivo\\\/#article\",\"isPartOf\":{\"@id\":\"https:\\\/\\\/cvinoticias.com\\\/v3\\\/llega-el-rejunte-acustico-con-transmision-en-vivo\\\/\"},\"author\":{\"name\":\"f1000024\",\"@id\":\"https:\\\/\\\/cvinoticias.com\\\/v3\\\/#\\\/schema\\\/person\\\/2db77e3c6bc03c538495d7b2b8be9b66\"},\"headline\":\"Llega el \u201cRejunte Ac\u00fastico\u201d con transmisi\u00f3n en vivo\",\"datePublished\":\"2026-01-20T16:44:16+00:00\",\"dateModified\":\"2026-01-21T12:04:45+00:00\",\"mainEntityOfPage\":{\"@id\":\"https:\\\/\\\/cvinoticias.com\\\/v3\\\/llega-el-rejunte-acustico-con-transmision-en-vivo\\\/\"},\"wordCount\":239,\"commentCount\":0,\"publisher\":{\"@id\":\"https:\\\/\\\/cvinoticias.com\\\/v3\\\/#organization\"},\"image\":{\"@id\":\"https:\\\/\\\/cvinoticias.com\\\/v3\\\/llega-el-rejunte-acustico-con-transmision-en-vivo\\\/#primaryimage\"},\"thumbnailUrl\":\"https:\\\/\\\/cvinoticias.com\\\/wp-content\\\/uploads\\\/2026\\\/01\\\/497c9225-67d0-42db-a5a1-1cda5ebbe18b.jpeg\",\"keywords\":[\"acustico\",\"Iguaz\u00fa\",\"rejunte\",\"Sara Bar\",\"transmisi\u00f3n\"],\"articleSection\":[\"Sociedad\"],\"inLanguage\":\"es\",\"potentialAction\":[{\"@type\":\"CommentAction\",\"name\":\"Comment\",\"target\":[\"https:\\\/\\\/cvinoticias.com\\\/v3\\\/llega-el-rejunte-acustico-con-transmision-en-vivo\\\/#respond\"]}]},{\"@type\":\"WebPage\",\"@id\":\"https:\\\/\\\/cvinoticias.com\\\/v3\\\/llega-el-rejunte-acustico-con-transmision-en-vivo\\\/\",\"url\":\"https:\\\/\\\/cvinoticias.com\\\/v3\\\/llega-el-rejunte-acustico-con-transmision-en-vivo\\\/\",\"name\":\"Rejunte Ac\u00fastico en Iguaz\u00fa: m\u00fasica local con streaming en vivo | CVI NOTICIAS\",\"isPartOf\":{\"@id\":\"https:\\\/\\\/cvinoticias.com\\\/v3\\\/#website\"},\"primaryImageOfPage\":{\"@id\":\"https:\\\/\\\/cvinoticias.com\\\/v3\\\/llega-el-rejunte-acustico-con-transmision-en-vivo\\\/#primaryimage\"},\"image\":{\"@id\":\"https:\\\/\\\/cvinoticias.com\\\/v3\\\/llega-el-rejunte-acustico-con-transmision-en-vivo\\\/#primaryimage\"},\"thumbnailUrl\":\"https:\\\/\\\/cvinoticias.com\\\/wp-content\\\/uploads\\\/2026\\\/01\\\/497c9225-67d0-42db-a5a1-1cda5ebbe18b.jpeg\",\"datePublished\":\"2026-01-20T16:44:16+00:00\",\"dateModified\":\"2026-01-21T12:04:45+00:00\",\"description\":\"Este viernes 23, m\u00fasicos locales se re\u00fanen en Sara Bar para el Rejunte Ac\u00fastico, con improvisaci\u00f3n y transmisi\u00f3n en vivo.\",\"breadcrumb\":{\"@id\":\"https:\\\/\\\/cvinoticias.com\\\/v3\\\/llega-el-rejunte-acustico-con-transmision-en-vivo\\\/#breadcrumb\"},\"inLanguage\":\"es\",\"potentialAction\":[{\"@type\":\"ReadAction\",\"target\":[\"https:\\\/\\\/cvinoticias.com\\\/v3\\\/llega-el-rejunte-acustico-con-transmision-en-vivo\\\/\"]}]},{\"@type\":\"ImageObject\",\"inLanguage\":\"es\",\"@id\":\"https:\\\/\\\/cvinoticias.com\\\/v3\\\/llega-el-rejunte-acustico-con-transmision-en-vivo\\\/#primaryimage\",\"url\":\"https:\\\/\\\/cvinoticias.com\\\/wp-content\\\/uploads\\\/2026\\\/01\\\/497c9225-67d0-42db-a5a1-1cda5ebbe18b.jpeg\",\"contentUrl\":\"https:\\\/\\\/cvinoticias.com\\\/wp-content\\\/uploads\\\/2026\\\/01\\\/497c9225-67d0-42db-a5a1-1cda5ebbe18b.jpeg\",\"width\":1076,\"height\":1600},{\"@type\":\"BreadcrumbList\",\"@id\":\"https:\\\/\\\/cvinoticias.com\\\/v3\\\/llega-el-rejunte-acustico-con-transmision-en-vivo\\\/#breadcrumb\",\"itemListElement\":[{\"@type\":\"ListItem\",\"position\":1,\"name\":\"Portada\",\"item\":\"https:\\\/\\\/cvinoticias.com\\\/v3\\\/\"},{\"@type\":\"ListItem\",\"position\":2,\"name\":\"Llega el \u201cRejunte Ac\u00fastico\u201d con transmisi\u00f3n en vivo\"}]},{\"@type\":\"WebSite\",\"@id\":\"https:\\\/\\\/cvinoticias.com\\\/v3\\\/#website\",\"url\":\"https:\\\/\\\/cvinoticias.com\\\/v3\\\/\",\"name\":\"CVI NOTICIAS\",\"description\":\"\",\"publisher\":{\"@id\":\"https:\\\/\\\/cvinoticias.com\\\/v3\\\/#organization\"},\"alternateName\":\"CVI\",\"potentialAction\":[{\"@type\":\"SearchAction\",\"target\":{\"@type\":\"EntryPoint\",\"urlTemplate\":\"https:\\\/\\\/cvinoticias.com\\\/v3\\\/?s={search_term_string}\"},\"query-input\":{\"@type\":\"PropertyValueSpecification\",\"valueRequired\":true,\"valueName\":\"search_term_string\"}}],\"inLanguage\":\"es\"},{\"@type\":\"Organization\",\"@id\":\"https:\\\/\\\/cvinoticias.com\\\/v3\\\/#organization\",\"name\":\"CVI NOTICIAS\",\"url\":\"https:\\\/\\\/cvinoticias.com\\\/v3\\\/\",\"logo\":{\"@type\":\"ImageObject\",\"inLanguage\":\"es\",\"@id\":\"https:\\\/\\\/cvinoticias.com\\\/v3\\\/#\\\/schema\\\/logo\\\/image\\\/\",\"url\":\"https:\\\/\\\/cvinoticias.com\\\/wp-content\\\/uploads\\\/2023\\\/04\\\/cropped-cropped-cropped-cropped-cropped-3-1.png\",\"contentUrl\":\"https:\\\/\\\/cvinoticias.com\\\/wp-content\\\/uploads\\\/2023\\\/04\\\/cropped-cropped-cropped-cropped-cropped-3-1.png\",\"width\":95,\"height\":122,\"caption\":\"CVI NOTICIAS\"},\"image\":{\"@id\":\"https:\\\/\\\/cvinoticias.com\\\/v3\\\/#\\\/schema\\\/logo\\\/image\\\/\"},\"sameAs\":[\"https:\\\/\\\/www.facebook.com\\\/cvinoticias\",\"https:\\\/\\\/www.instagram.com\\\/cvinoticias\\\/\",\"https:\\\/\\\/www.youtube.com\\\/@CVINOTICIAS\"]},{\"@type\":\"Person\",\"@id\":\"https:\\\/\\\/cvinoticias.com\\\/v3\\\/#\\\/schema\\\/person\\\/2db77e3c6bc03c538495d7b2b8be9b66\",\"name\":\"f1000024\",\"image\":{\"@type\":\"ImageObject\",\"inLanguage\":\"es\",\"@id\":\"https:\\\/\\\/secure.gravatar.com\\\/avatar\\\/d4fe7459cfc51ff5129ce1a732bbef5928568b8092d412ef95611616376bbeed?s=96&d=mm&r=g\",\"url\":\"https:\\\/\\\/secure.gravatar.com\\\/avatar\\\/d4fe7459cfc51ff5129ce1a732bbef5928568b8092d412ef95611616376bbeed?s=96&d=mm&r=g\",\"contentUrl\":\"https:\\\/\\\/secure.gravatar.com\\\/avatar\\\/d4fe7459cfc51ff5129ce1a732bbef5928568b8092d412ef95611616376bbeed?s=96&d=mm&r=g\",\"caption\":\"f1000024\"},\"url\":\"https:\\\/\\\/cvinoticias.com\\\/v3\\\/author\\\/f1000024\\\/\"}]}<\/script>\n<!-- \/ Yoast SEO plugin. -->","yoast_head_json":{"title":"Rejunte Ac\u00fastico en Iguaz\u00fa: m\u00fasica local con streaming en vivo | CVI NOTICIAS","description":"Este viernes 23, m\u00fasicos locales se re\u00fanen en Sara Bar para el Rejunte Ac\u00fastico, con improvisaci\u00f3n y transmisi\u00f3n en vivo.","robots":{"index":"index","follow":"follow","max-snippet":"max-snippet:-1","max-image-preview":"max-image-preview:large","max-video-preview":"max-video-preview:-1"},"canonical":"https:\/\/cvinoticias.com\/v3\/llega-el-rejunte-acustico-con-transmision-en-vivo\/","og_locale":"es_ES","og_type":"article","og_title":"Rejunte Ac\u00fastico en Iguaz\u00fa: m\u00fasica local con streaming en vivo | CVI NOTICIAS","og_description":"Este viernes 23, m\u00fasicos locales se re\u00fanen en Sara Bar para el Rejunte Ac\u00fastico, con improvisaci\u00f3n y transmisi\u00f3n en vivo.","og_url":"https:\/\/cvinoticias.com\/v3\/llega-el-rejunte-acustico-con-transmision-en-vivo\/","og_site_name":"CVI NOTICIAS","article_publisher":"https:\/\/www.facebook.com\/cvinoticias","article_published_time":"2026-01-20T16:44:16+00:00","article_modified_time":"2026-01-21T12:04:45+00:00","og_image":[{"width":1076,"height":1600,"url":"https:\/\/cvinoticias.com\/wp-content\/uploads\/2026\/01\/497c9225-67d0-42db-a5a1-1cda5ebbe18b.jpeg","type":"image\/jpeg"}],"author":"f1000024","twitter_card":"summary_large_image","twitter_misc":{"Escrito por":"f1000024","Tiempo de lectura":"2 minutos"},"schema":{"@context":"https:\/\/schema.org","@graph":[{"@type":"Article","@id":"https:\/\/cvinoticias.com\/v3\/llega-el-rejunte-acustico-con-transmision-en-vivo\/#article","isPartOf":{"@id":"https:\/\/cvinoticias.com\/v3\/llega-el-rejunte-acustico-con-transmision-en-vivo\/"},"author":{"name":"f1000024","@id":"https:\/\/cvinoticias.com\/v3\/#\/schema\/person\/2db77e3c6bc03c538495d7b2b8be9b66"},"headline":"Llega el \u201cRejunte Ac\u00fastico\u201d con transmisi\u00f3n en vivo","datePublished":"2026-01-20T16:44:16+00:00","dateModified":"2026-01-21T12:04:45+00:00","mainEntityOfPage":{"@id":"https:\/\/cvinoticias.com\/v3\/llega-el-rejunte-acustico-con-transmision-en-vivo\/"},"wordCount":239,"commentCount":0,"publisher":{"@id":"https:\/\/cvinoticias.com\/v3\/#organization"},"image":{"@id":"https:\/\/cvinoticias.com\/v3\/llega-el-rejunte-acustico-con-transmision-en-vivo\/#primaryimage"},"thumbnailUrl":"https:\/\/cvinoticias.com\/wp-content\/uploads\/2026\/01\/497c9225-67d0-42db-a5a1-1cda5ebbe18b.jpeg","keywords":["acustico","Iguaz\u00fa","rejunte","Sara Bar","transmisi\u00f3n"],"articleSection":["Sociedad"],"inLanguage":"es","potentialAction":[{"@type":"CommentAction","name":"Comment","target":["https:\/\/cvinoticias.com\/v3\/llega-el-rejunte-acustico-con-transmision-en-vivo\/#respond"]}]},{"@type":"WebPage","@id":"https:\/\/cvinoticias.com\/v3\/llega-el-rejunte-acustico-con-transmision-en-vivo\/","url":"https:\/\/cvinoticias.com\/v3\/llega-el-rejunte-acustico-con-transmision-en-vivo\/","name":"Rejunte Ac\u00fastico en Iguaz\u00fa: m\u00fasica local con streaming en vivo | CVI NOTICIAS","isPartOf":{"@id":"https:\/\/cvinoticias.com\/v3\/#website"},"primaryImageOfPage":{"@id":"https:\/\/cvinoticias.com\/v3\/llega-el-rejunte-acustico-con-transmision-en-vivo\/#primaryimage"},"image":{"@id":"https:\/\/cvinoticias.com\/v3\/llega-el-rejunte-acustico-con-transmision-en-vivo\/#primaryimage"},"thumbnailUrl":"https:\/\/cvinoticias.com\/wp-content\/uploads\/2026\/01\/497c9225-67d0-42db-a5a1-1cda5ebbe18b.jpeg","datePublished":"2026-01-20T16:44:16+00:00","dateModified":"2026-01-21T12:04:45+00:00","description":"Este viernes 23, m\u00fasicos locales se re\u00fanen en Sara Bar para el Rejunte Ac\u00fastico, con improvisaci\u00f3n y transmisi\u00f3n en vivo.","breadcrumb":{"@id":"https:\/\/cvinoticias.com\/v3\/llega-el-rejunte-acustico-con-transmision-en-vivo\/#breadcrumb"},"inLanguage":"es","potentialAction":[{"@type":"ReadAction","target":["https:\/\/cvinoticias.com\/v3\/llega-el-rejunte-acustico-con-transmision-en-vivo\/"]}]},{"@type":"ImageObject","inLanguage":"es","@id":"https:\/\/cvinoticias.com\/v3\/llega-el-rejunte-acustico-con-transmision-en-vivo\/#primaryimage","url":"https:\/\/cvinoticias.com\/wp-content\/uploads\/2026\/01\/497c9225-67d0-42db-a5a1-1cda5ebbe18b.jpeg","contentUrl":"https:\/\/cvinoticias.com\/wp-content\/uploads\/2026\/01\/497c9225-67d0-42db-a5a1-1cda5ebbe18b.jpeg","width":1076,"height":1600},{"@type":"BreadcrumbList","@id":"https:\/\/cvinoticias.com\/v3\/llega-el-rejunte-acustico-con-transmision-en-vivo\/#breadcrumb","itemListElement":[{"@type":"ListItem","position":1,"name":"Portada","item":"https:\/\/cvinoticias.com\/v3\/"},{"@type":"ListItem","position":2,"name":"Llega el \u201cRejunte Ac\u00fastico\u201d con transmisi\u00f3n en vivo"}]},{"@type":"WebSite","@id":"https:\/\/cvinoticias.com\/v3\/#website","url":"https:\/\/cvinoticias.com\/v3\/","name":"CVI NOTICIAS","description":"","publisher":{"@id":"https:\/\/cvinoticias.com\/v3\/#organization"},"alternateName":"CVI","potentialAction":[{"@type":"SearchAction","target":{"@type":"EntryPoint","urlTemplate":"https:\/\/cvinoticias.com\/v3\/?s={search_term_string}"},"query-input":{"@type":"PropertyValueSpecification","valueRequired":true,"valueName":"search_term_string"}}],"inLanguage":"es"},{"@type":"Organization","@id":"https:\/\/cvinoticias.com\/v3\/#organization","name":"CVI NOTICIAS","url":"https:\/\/cvinoticias.com\/v3\/","logo":{"@type":"ImageObject","inLanguage":"es","@id":"https:\/\/cvinoticias.com\/v3\/#\/schema\/logo\/image\/","url":"https:\/\/cvinoticias.com\/wp-content\/uploads\/2023\/04\/cropped-cropped-cropped-cropped-cropped-3-1.png","contentUrl":"https:\/\/cvinoticias.com\/wp-content\/uploads\/2023\/04\/cropped-cropped-cropped-cropped-cropped-3-1.png","width":95,"height":122,"caption":"CVI NOTICIAS"},"image":{"@id":"https:\/\/cvinoticias.com\/v3\/#\/schema\/logo\/image\/"},"sameAs":["https:\/\/www.facebook.com\/cvinoticias","https:\/\/www.instagram.com\/cvinoticias\/","https:\/\/www.youtube.com\/@CVINOTICIAS"]},{"@type":"Person","@id":"https:\/\/cvinoticias.com\/v3\/#\/schema\/person\/2db77e3c6bc03c538495d7b2b8be9b66","name":"f1000024","image":{"@type":"ImageObject","inLanguage":"es","@id":"https:\/\/secure.gravatar.com\/avatar\/d4fe7459cfc51ff5129ce1a732bbef5928568b8092d412ef95611616376bbeed?s=96&d=mm&r=g","url":"https:\/\/secure.gravatar.com\/avatar\/d4fe7459cfc51ff5129ce1a732bbef5928568b8092d412ef95611616376bbeed?s=96&d=mm&r=g","contentUrl":"https:\/\/secure.gravatar.com\/avatar\/d4fe7459cfc51ff5129ce1a732bbef5928568b8092d412ef95611616376bbeed?s=96&d=mm&r=g","caption":"f1000024"},"url":"https:\/\/cvinoticias.com\/v3\/author\/f1000024\/"}]}},"_links":{"self":[{"href":"https:\/\/cvinoticias.com\/v3\/wp-json\/wp\/v2\/posts\/53812","targetHints":{"allow":["GET"]}}],"collection":[{"href":"https:\/\/cvinoticias.com\/v3\/wp-json\/wp\/v2\/posts"}],"about":[{"href":"https:\/\/cvinoticias.com\/v3\/wp-json\/wp\/v2\/types\/post"}],"author":[{"embeddable":true,"href":"https:\/\/cvinoticias.com\/v3\/wp-json\/wp\/v2\/users\/2"}],"replies":[{"embeddable":true,"href":"https:\/\/cvinoticias.com\/v3\/wp-json\/wp\/v2\/comments?post=53812"}],"version-history":[{"count":1,"href":"https:\/\/cvinoticias.com\/v3\/wp-json\/wp\/v2\/posts\/53812\/revisions"}],"predecessor-version":[{"id":53815,"href":"https:\/\/cvinoticias.com\/v3\/wp-json\/wp\/v2\/posts\/53812\/revisions\/53815"}],"wp:featuredmedia":[{"embeddable":true,"href":"https:\/\/cvinoticias.com\/v3\/wp-json\/wp\/v2\/media\/53813"}],"wp:attachment":[{"href":"https:\/\/cvinoticias.com\/v3\/wp-json\/wp\/v2\/media?parent=53812"}],"wp:term":[{"taxonomy":"category","embeddable":true,"href":"https:\/\/cvinoticias.com\/v3\/wp-json\/wp\/v2\/categories?post=53812"},{"taxonomy":"post_tag","embeddable":true,"href":"https:\/\/cvinoticias.com\/v3\/wp-json\/wp\/v2\/tags?post=53812"}],"curies":[{"name":"wp","href":"https:\/\/api.w.org\/{rel}","templated":true}]}}