{"id":53742,"date":"2026-01-19T11:15:04","date_gmt":"2026-01-19T14:15:04","guid":{"rendered":"https:\/\/cvinoticias.com\/v3\/?p=53742"},"modified":"2026-01-19T11:15:30","modified_gmt":"2026-01-19T14:15:30","slug":"la-tv-publica-y-radio-nacional-transmitiran-todos-los-partidos-de-la-seleccion-en-el-mundial-2026","status":"publish","type":"post","link":"https:\/\/cvinoticias.com\/v3\/la-tv-publica-y-radio-nacional-transmitiran-todos-los-partidos-de-la-seleccion-en-el-mundial-2026\/","title":{"rendered":"La TV P\u00fablica y Radio Nacional transmitir\u00e1n todos los partidos de la Selecci\u00f3n en el Mundial 2026"},"content":{"rendered":"\n<p>El Gobierno nacional anunci\u00f3 la&nbsp;<strong>transmisi\u00f3n de todos los partidos de la Selecci\u00f3n en el Mundial 2026 a trav\u00e9s de la TV P\u00fablica y Radio Nacional<\/strong>. La confirmaci\u00f3n lleg\u00f3 este lunes por parte del jefe de Gabinete, Manuel Adorni, quien inform\u00f3 que el acceso a los encuentros se garantizar\u00e1 mediante un acuerdo comercial sin costo para el Estado.<\/p>\n\n\n\n<p>Seg\u00fan explic\u00f3 el funcionario, el entendimiento alcanzado permitir\u00e1 que los derechos de transmisi\u00f3n no se financien con recursos provenientes de los impuestos. En ese marco, expres\u00f3 \u201cgracias a un acuerdo comercial, el costo de los derechos de transmisi\u00f3n no ser\u00e1 afrontado con el dinero de los impuestos. Para todos, sin usar la plata de todos\u201d.<\/p>\n\n\n\n<p>La transmisi\u00f3n de los partidos se realizar\u00e1 durante toda la competencia, que tendr\u00e1 lugar entre el 11 de junio y el 19 de julio. El certamen se disputar\u00e1 en M\u00e9xico, Canad\u00e1 y Estados Unidos, pa\u00edses que compartir\u00e1n la organizaci\u00f3n del evento deportivo.<\/p>\n\n\n\n<h3 class=\"wp-block-heading\">Partidos de Argentina en fase de grupo<\/h3>\n\n\n\n<p>Argentina integrar\u00e1 el&nbsp;<strong>Grupo J<\/strong>&nbsp;y disputar\u00e1 sus tres encuentros en estadios de Estados Unidos.<\/p>\n\n\n\n<p>El debut ser\u00e1 ante Argelia el&nbsp;<strong>martes 16 de junio<\/strong>, desde las&nbsp;<strong>22<\/strong>, en el&nbsp;<strong>Arrowhead Stadium de Kansas<\/strong>. Luego, el seleccionado nacional enfrentar\u00e1 a Austria el&nbsp;<strong>lunes 22 de junio<\/strong>, a las&nbsp;<strong>14<\/strong>, en el&nbsp;<strong>AT&amp;T Stadium de Dallas<\/strong>.<\/p>\n\n\n\n<p>El cierre de la fase de grupos ser\u00e1 frente a Jordania el&nbsp;<strong>s\u00e1bado 27 de junio<\/strong>, a las&nbsp;<strong>23<\/strong>, nuevamente en el&nbsp;<strong>AT&amp;T Stadium de Dallas<\/strong>.<\/p>\n\n\n\n<p>Fuente: Canal 12 Misiones<\/p>\n","protected":false},"excerpt":{"rendered":"<p>El Gobierno nacional anunci\u00f3 la&nbsp;transmisi\u00f3n de todos los partidos de la Selecci\u00f3n en el Mundial 2026 a trav\u00e9s de la TV P\u00fablica y Radio Nacional. La confirmaci\u00f3n lleg\u00f3 este lunes por parte del jefe de Gabinete, Manuel Adorni, quien inform\u00f3 que el acceso a los encuentros se garantizar\u00e1 mediante un acuerdo comercial sin costo para [&hellip;]<\/p>\n","protected":false},"author":2,"featured_media":53743,"comment_status":"open","ping_status":"closed","sticky":false,"template":"","format":"standard","meta":{"footnotes":""},"categories":[24],"tags":[3206,4913,2725,4912],"class_list":["post-53742","post","type-post","status-publish","format-standard","has-post-thumbnail","hentry","category-deportes","tag-mundial","tag-radio-nacional","tag-seleccion","tag-tv-publica"],"yoast_head":"<!-- This site is optimized with the Yoast SEO plugin v27.4 - https:\/\/yoast.com\/product\/yoast-seo-wordpress\/ -->\n<title>La TV P\u00fablica transmitir\u00e1 los partidos de Argentina en 2026 | CVI NOTICIAS<\/title>\n<meta name=\"description\" content=\"La TV P\u00fablica y Radio Nacional pasar\u00e1n todos los partidos de la Selecci\u00f3n en el Mundial 2026, sin costo para el Estado.\" \/>\n<meta name=\"robots\" content=\"index, follow, max-snippet:-1, max-image-preview:large, max-video-preview:-1\" \/>\n<link rel=\"canonical\" href=\"https:\/\/cvinoticias.com\/v3\/la-tv-publica-y-radio-nacional-transmitiran-todos-los-partidos-de-la-seleccion-en-el-mundial-2026\/\" \/>\n<meta property=\"og:locale\" content=\"es_ES\" \/>\n<meta property=\"og:type\" content=\"article\" \/>\n<meta property=\"og:title\" content=\"La TV P\u00fablica transmitir\u00e1 los partidos de Argentina en 2026 | CVI NOTICIAS\" \/>\n<meta property=\"og:description\" content=\"La TV P\u00fablica y Radio Nacional pasar\u00e1n todos los partidos de la Selecci\u00f3n en el Mundial 2026, sin costo para el Estado.\" \/>\n<meta property=\"og:url\" content=\"https:\/\/cvinoticias.com\/v3\/la-tv-publica-y-radio-nacional-transmitiran-todos-los-partidos-de-la-seleccion-en-el-mundial-2026\/\" \/>\n<meta property=\"og:site_name\" content=\"CVI NOTICIAS\" \/>\n<meta property=\"article:publisher\" content=\"https:\/\/www.facebook.com\/cvinoticias\" \/>\n<meta property=\"article:published_time\" content=\"2026-01-19T14:15:04+00:00\" \/>\n<meta property=\"article:modified_time\" content=\"2026-01-19T14:15:30+00:00\" \/>\n<meta property=\"og:image\" content=\"https:\/\/cvinoticias.com\/wp-content\/uploads\/2026\/01\/mundial.webp\" \/>\n\t<meta property=\"og:image:width\" content=\"450\" \/>\n\t<meta property=\"og:image:height\" content=\"253\" \/>\n\t<meta property=\"og:image:type\" content=\"image\/webp\" \/>\n<meta name=\"author\" content=\"f1000024\" \/>\n<meta name=\"twitter:card\" content=\"summary_large_image\" \/>\n<meta name=\"twitter:label1\" content=\"Escrito por\" \/>\n\t<meta name=\"twitter:data1\" content=\"f1000024\" \/>\n\t<meta name=\"twitter:label2\" content=\"Tiempo de lectura\" \/>\n\t<meta name=\"twitter:data2\" content=\"2 minutos\" \/>\n<script type=\"application\/ld+json\" class=\"yoast-schema-graph\">{\"@context\":\"https:\\\/\\\/schema.org\",\"@graph\":[{\"@type\":\"Article\",\"@id\":\"https:\\\/\\\/cvinoticias.com\\\/v3\\\/la-tv-publica-y-radio-nacional-transmitiran-todos-los-partidos-de-la-seleccion-en-el-mundial-2026\\\/#article\",\"isPartOf\":{\"@id\":\"https:\\\/\\\/cvinoticias.com\\\/v3\\\/la-tv-publica-y-radio-nacional-transmitiran-todos-los-partidos-de-la-seleccion-en-el-mundial-2026\\\/\"},\"author\":{\"name\":\"f1000024\",\"@id\":\"https:\\\/\\\/cvinoticias.com\\\/v3\\\/#\\\/schema\\\/person\\\/2db77e3c6bc03c538495d7b2b8be9b66\"},\"headline\":\"La TV P\u00fablica y Radio Nacional transmitir\u00e1n todos los partidos de la Selecci\u00f3n en el Mundial 2026\",\"datePublished\":\"2026-01-19T14:15:04+00:00\",\"dateModified\":\"2026-01-19T14:15:30+00:00\",\"mainEntityOfPage\":{\"@id\":\"https:\\\/\\\/cvinoticias.com\\\/v3\\\/la-tv-publica-y-radio-nacional-transmitiran-todos-los-partidos-de-la-seleccion-en-el-mundial-2026\\\/\"},\"wordCount\":286,\"commentCount\":0,\"publisher\":{\"@id\":\"https:\\\/\\\/cvinoticias.com\\\/v3\\\/#organization\"},\"image\":{\"@id\":\"https:\\\/\\\/cvinoticias.com\\\/v3\\\/la-tv-publica-y-radio-nacional-transmitiran-todos-los-partidos-de-la-seleccion-en-el-mundial-2026\\\/#primaryimage\"},\"thumbnailUrl\":\"https:\\\/\\\/cvinoticias.com\\\/wp-content\\\/uploads\\\/2026\\\/01\\\/mundial.webp\",\"keywords\":[\"Mundial\",\"Radio Nacional\",\"Selecci\u00f3n\",\"TV Publica\"],\"articleSection\":[\"Deportes\"],\"inLanguage\":\"es\",\"potentialAction\":[{\"@type\":\"CommentAction\",\"name\":\"Comment\",\"target\":[\"https:\\\/\\\/cvinoticias.com\\\/v3\\\/la-tv-publica-y-radio-nacional-transmitiran-todos-los-partidos-de-la-seleccion-en-el-mundial-2026\\\/#respond\"]}]},{\"@type\":\"WebPage\",\"@id\":\"https:\\\/\\\/cvinoticias.com\\\/v3\\\/la-tv-publica-y-radio-nacional-transmitiran-todos-los-partidos-de-la-seleccion-en-el-mundial-2026\\\/\",\"url\":\"https:\\\/\\\/cvinoticias.com\\\/v3\\\/la-tv-publica-y-radio-nacional-transmitiran-todos-los-partidos-de-la-seleccion-en-el-mundial-2026\\\/\",\"name\":\"La TV P\u00fablica transmitir\u00e1 los partidos de Argentina en 2026 | CVI NOTICIAS\",\"isPartOf\":{\"@id\":\"https:\\\/\\\/cvinoticias.com\\\/v3\\\/#website\"},\"primaryImageOfPage\":{\"@id\":\"https:\\\/\\\/cvinoticias.com\\\/v3\\\/la-tv-publica-y-radio-nacional-transmitiran-todos-los-partidos-de-la-seleccion-en-el-mundial-2026\\\/#primaryimage\"},\"image\":{\"@id\":\"https:\\\/\\\/cvinoticias.com\\\/v3\\\/la-tv-publica-y-radio-nacional-transmitiran-todos-los-partidos-de-la-seleccion-en-el-mundial-2026\\\/#primaryimage\"},\"thumbnailUrl\":\"https:\\\/\\\/cvinoticias.com\\\/wp-content\\\/uploads\\\/2026\\\/01\\\/mundial.webp\",\"datePublished\":\"2026-01-19T14:15:04+00:00\",\"dateModified\":\"2026-01-19T14:15:30+00:00\",\"description\":\"La TV P\u00fablica y Radio Nacional pasar\u00e1n todos los partidos de la Selecci\u00f3n en el Mundial 2026, sin costo para el Estado.\",\"breadcrumb\":{\"@id\":\"https:\\\/\\\/cvinoticias.com\\\/v3\\\/la-tv-publica-y-radio-nacional-transmitiran-todos-los-partidos-de-la-seleccion-en-el-mundial-2026\\\/#breadcrumb\"},\"inLanguage\":\"es\",\"potentialAction\":[{\"@type\":\"ReadAction\",\"target\":[\"https:\\\/\\\/cvinoticias.com\\\/v3\\\/la-tv-publica-y-radio-nacional-transmitiran-todos-los-partidos-de-la-seleccion-en-el-mundial-2026\\\/\"]}]},{\"@type\":\"ImageObject\",\"inLanguage\":\"es\",\"@id\":\"https:\\\/\\\/cvinoticias.com\\\/v3\\\/la-tv-publica-y-radio-nacional-transmitiran-todos-los-partidos-de-la-seleccion-en-el-mundial-2026\\\/#primaryimage\",\"url\":\"https:\\\/\\\/cvinoticias.com\\\/wp-content\\\/uploads\\\/2026\\\/01\\\/mundial.webp\",\"contentUrl\":\"https:\\\/\\\/cvinoticias.com\\\/wp-content\\\/uploads\\\/2026\\\/01\\\/mundial.webp\",\"width\":450,\"height\":253},{\"@type\":\"BreadcrumbList\",\"@id\":\"https:\\\/\\\/cvinoticias.com\\\/v3\\\/la-tv-publica-y-radio-nacional-transmitiran-todos-los-partidos-de-la-seleccion-en-el-mundial-2026\\\/#breadcrumb\",\"itemListElement\":[{\"@type\":\"ListItem\",\"position\":1,\"name\":\"Portada\",\"item\":\"https:\\\/\\\/cvinoticias.com\\\/v3\\\/\"},{\"@type\":\"ListItem\",\"position\":2,\"name\":\"La TV P\u00fablica y Radio Nacional transmitir\u00e1n todos los partidos de la Selecci\u00f3n en el Mundial 2026\"}]},{\"@type\":\"WebSite\",\"@id\":\"https:\\\/\\\/cvinoticias.com\\\/v3\\\/#website\",\"url\":\"https:\\\/\\\/cvinoticias.com\\\/v3\\\/\",\"name\":\"CVI NOTICIAS\",\"description\":\"\",\"publisher\":{\"@id\":\"https:\\\/\\\/cvinoticias.com\\\/v3\\\/#organization\"},\"alternateName\":\"CVI\",\"potentialAction\":[{\"@type\":\"SearchAction\",\"target\":{\"@type\":\"EntryPoint\",\"urlTemplate\":\"https:\\\/\\\/cvinoticias.com\\\/v3\\\/?s={search_term_string}\"},\"query-input\":{\"@type\":\"PropertyValueSpecification\",\"valueRequired\":true,\"valueName\":\"search_term_string\"}}],\"inLanguage\":\"es\"},{\"@type\":\"Organization\",\"@id\":\"https:\\\/\\\/cvinoticias.com\\\/v3\\\/#organization\",\"name\":\"CVI NOTICIAS\",\"url\":\"https:\\\/\\\/cvinoticias.com\\\/v3\\\/\",\"logo\":{\"@type\":\"ImageObject\",\"inLanguage\":\"es\",\"@id\":\"https:\\\/\\\/cvinoticias.com\\\/v3\\\/#\\\/schema\\\/logo\\\/image\\\/\",\"url\":\"https:\\\/\\\/cvinoticias.com\\\/wp-content\\\/uploads\\\/2023\\\/04\\\/cropped-cropped-cropped-cropped-cropped-3-1.png\",\"contentUrl\":\"https:\\\/\\\/cvinoticias.com\\\/wp-content\\\/uploads\\\/2023\\\/04\\\/cropped-cropped-cropped-cropped-cropped-3-1.png\",\"width\":95,\"height\":122,\"caption\":\"CVI NOTICIAS\"},\"image\":{\"@id\":\"https:\\\/\\\/cvinoticias.com\\\/v3\\\/#\\\/schema\\\/logo\\\/image\\\/\"},\"sameAs\":[\"https:\\\/\\\/www.facebook.com\\\/cvinoticias\",\"https:\\\/\\\/www.instagram.com\\\/cvinoticias\\\/\",\"https:\\\/\\\/www.youtube.com\\\/@CVINOTICIAS\"]},{\"@type\":\"Person\",\"@id\":\"https:\\\/\\\/cvinoticias.com\\\/v3\\\/#\\\/schema\\\/person\\\/2db77e3c6bc03c538495d7b2b8be9b66\",\"name\":\"f1000024\",\"image\":{\"@type\":\"ImageObject\",\"inLanguage\":\"es\",\"@id\":\"https:\\\/\\\/secure.gravatar.com\\\/avatar\\\/d4fe7459cfc51ff5129ce1a732bbef5928568b8092d412ef95611616376bbeed?s=96&d=mm&r=g\",\"url\":\"https:\\\/\\\/secure.gravatar.com\\\/avatar\\\/d4fe7459cfc51ff5129ce1a732bbef5928568b8092d412ef95611616376bbeed?s=96&d=mm&r=g\",\"contentUrl\":\"https:\\\/\\\/secure.gravatar.com\\\/avatar\\\/d4fe7459cfc51ff5129ce1a732bbef5928568b8092d412ef95611616376bbeed?s=96&d=mm&r=g\",\"caption\":\"f1000024\"},\"url\":\"https:\\\/\\\/cvinoticias.com\\\/v3\\\/author\\\/f1000024\\\/\"}]}<\/script>\n<!-- \/ Yoast SEO plugin. -->","yoast_head_json":{"title":"La TV P\u00fablica transmitir\u00e1 los partidos de Argentina en 2026 | CVI NOTICIAS","description":"La TV P\u00fablica y Radio Nacional pasar\u00e1n todos los partidos de la Selecci\u00f3n en el Mundial 2026, sin costo para el Estado.","robots":{"index":"index","follow":"follow","max-snippet":"max-snippet:-1","max-image-preview":"max-image-preview:large","max-video-preview":"max-video-preview:-1"},"canonical":"https:\/\/cvinoticias.com\/v3\/la-tv-publica-y-radio-nacional-transmitiran-todos-los-partidos-de-la-seleccion-en-el-mundial-2026\/","og_locale":"es_ES","og_type":"article","og_title":"La TV P\u00fablica transmitir\u00e1 los partidos de Argentina en 2026 | CVI NOTICIAS","og_description":"La TV P\u00fablica y Radio Nacional pasar\u00e1n todos los partidos de la Selecci\u00f3n en el Mundial 2026, sin costo para el Estado.","og_url":"https:\/\/cvinoticias.com\/v3\/la-tv-publica-y-radio-nacional-transmitiran-todos-los-partidos-de-la-seleccion-en-el-mundial-2026\/","og_site_name":"CVI NOTICIAS","article_publisher":"https:\/\/www.facebook.com\/cvinoticias","article_published_time":"2026-01-19T14:15:04+00:00","article_modified_time":"2026-01-19T14:15:30+00:00","og_image":[{"width":450,"height":253,"url":"https:\/\/cvinoticias.com\/wp-content\/uploads\/2026\/01\/mundial.webp","type":"image\/webp"}],"author":"f1000024","twitter_card":"summary_large_image","twitter_misc":{"Escrito por":"f1000024","Tiempo de lectura":"2 minutos"},"schema":{"@context":"https:\/\/schema.org","@graph":[{"@type":"Article","@id":"https:\/\/cvinoticias.com\/v3\/la-tv-publica-y-radio-nacional-transmitiran-todos-los-partidos-de-la-seleccion-en-el-mundial-2026\/#article","isPartOf":{"@id":"https:\/\/cvinoticias.com\/v3\/la-tv-publica-y-radio-nacional-transmitiran-todos-los-partidos-de-la-seleccion-en-el-mundial-2026\/"},"author":{"name":"f1000024","@id":"https:\/\/cvinoticias.com\/v3\/#\/schema\/person\/2db77e3c6bc03c538495d7b2b8be9b66"},"headline":"La TV P\u00fablica y Radio Nacional transmitir\u00e1n todos los partidos de la Selecci\u00f3n en el Mundial 2026","datePublished":"2026-01-19T14:15:04+00:00","dateModified":"2026-01-19T14:15:30+00:00","mainEntityOfPage":{"@id":"https:\/\/cvinoticias.com\/v3\/la-tv-publica-y-radio-nacional-transmitiran-todos-los-partidos-de-la-seleccion-en-el-mundial-2026\/"},"wordCount":286,"commentCount":0,"publisher":{"@id":"https:\/\/cvinoticias.com\/v3\/#organization"},"image":{"@id":"https:\/\/cvinoticias.com\/v3\/la-tv-publica-y-radio-nacional-transmitiran-todos-los-partidos-de-la-seleccion-en-el-mundial-2026\/#primaryimage"},"thumbnailUrl":"https:\/\/cvinoticias.com\/wp-content\/uploads\/2026\/01\/mundial.webp","keywords":["Mundial","Radio Nacional","Selecci\u00f3n","TV Publica"],"articleSection":["Deportes"],"inLanguage":"es","potentialAction":[{"@type":"CommentAction","name":"Comment","target":["https:\/\/cvinoticias.com\/v3\/la-tv-publica-y-radio-nacional-transmitiran-todos-los-partidos-de-la-seleccion-en-el-mundial-2026\/#respond"]}]},{"@type":"WebPage","@id":"https:\/\/cvinoticias.com\/v3\/la-tv-publica-y-radio-nacional-transmitiran-todos-los-partidos-de-la-seleccion-en-el-mundial-2026\/","url":"https:\/\/cvinoticias.com\/v3\/la-tv-publica-y-radio-nacional-transmitiran-todos-los-partidos-de-la-seleccion-en-el-mundial-2026\/","name":"La TV P\u00fablica transmitir\u00e1 los partidos de Argentina en 2026 | CVI NOTICIAS","isPartOf":{"@id":"https:\/\/cvinoticias.com\/v3\/#website"},"primaryImageOfPage":{"@id":"https:\/\/cvinoticias.com\/v3\/la-tv-publica-y-radio-nacional-transmitiran-todos-los-partidos-de-la-seleccion-en-el-mundial-2026\/#primaryimage"},"image":{"@id":"https:\/\/cvinoticias.com\/v3\/la-tv-publica-y-radio-nacional-transmitiran-todos-los-partidos-de-la-seleccion-en-el-mundial-2026\/#primaryimage"},"thumbnailUrl":"https:\/\/cvinoticias.com\/wp-content\/uploads\/2026\/01\/mundial.webp","datePublished":"2026-01-19T14:15:04+00:00","dateModified":"2026-01-19T14:15:30+00:00","description":"La TV P\u00fablica y Radio Nacional pasar\u00e1n todos los partidos de la Selecci\u00f3n en el Mundial 2026, sin costo para el Estado.","breadcrumb":{"@id":"https:\/\/cvinoticias.com\/v3\/la-tv-publica-y-radio-nacional-transmitiran-todos-los-partidos-de-la-seleccion-en-el-mundial-2026\/#breadcrumb"},"inLanguage":"es","potentialAction":[{"@type":"ReadAction","target":["https:\/\/cvinoticias.com\/v3\/la-tv-publica-y-radio-nacional-transmitiran-todos-los-partidos-de-la-seleccion-en-el-mundial-2026\/"]}]},{"@type":"ImageObject","inLanguage":"es","@id":"https:\/\/cvinoticias.com\/v3\/la-tv-publica-y-radio-nacional-transmitiran-todos-los-partidos-de-la-seleccion-en-el-mundial-2026\/#primaryimage","url":"https:\/\/cvinoticias.com\/wp-content\/uploads\/2026\/01\/mundial.webp","contentUrl":"https:\/\/cvinoticias.com\/wp-content\/uploads\/2026\/01\/mundial.webp","width":450,"height":253},{"@type":"BreadcrumbList","@id":"https:\/\/cvinoticias.com\/v3\/la-tv-publica-y-radio-nacional-transmitiran-todos-los-partidos-de-la-seleccion-en-el-mundial-2026\/#breadcrumb","itemListElement":[{"@type":"ListItem","position":1,"name":"Portada","item":"https:\/\/cvinoticias.com\/v3\/"},{"@type":"ListItem","position":2,"name":"La TV P\u00fablica y Radio Nacional transmitir\u00e1n todos los partidos de la Selecci\u00f3n en el Mundial 2026"}]},{"@type":"WebSite","@id":"https:\/\/cvinoticias.com\/v3\/#website","url":"https:\/\/cvinoticias.com\/v3\/","name":"CVI NOTICIAS","description":"","publisher":{"@id":"https:\/\/cvinoticias.com\/v3\/#organization"},"alternateName":"CVI","potentialAction":[{"@type":"SearchAction","target":{"@type":"EntryPoint","urlTemplate":"https:\/\/cvinoticias.com\/v3\/?s={search_term_string}"},"query-input":{"@type":"PropertyValueSpecification","valueRequired":true,"valueName":"search_term_string"}}],"inLanguage":"es"},{"@type":"Organization","@id":"https:\/\/cvinoticias.com\/v3\/#organization","name":"CVI NOTICIAS","url":"https:\/\/cvinoticias.com\/v3\/","logo":{"@type":"ImageObject","inLanguage":"es","@id":"https:\/\/cvinoticias.com\/v3\/#\/schema\/logo\/image\/","url":"https:\/\/cvinoticias.com\/wp-content\/uploads\/2023\/04\/cropped-cropped-cropped-cropped-cropped-3-1.png","contentUrl":"https:\/\/cvinoticias.com\/wp-content\/uploads\/2023\/04\/cropped-cropped-cropped-cropped-cropped-3-1.png","width":95,"height":122,"caption":"CVI NOTICIAS"},"image":{"@id":"https:\/\/cvinoticias.com\/v3\/#\/schema\/logo\/image\/"},"sameAs":["https:\/\/www.facebook.com\/cvinoticias","https:\/\/www.instagram.com\/cvinoticias\/","https:\/\/www.youtube.com\/@CVINOTICIAS"]},{"@type":"Person","@id":"https:\/\/cvinoticias.com\/v3\/#\/schema\/person\/2db77e3c6bc03c538495d7b2b8be9b66","name":"f1000024","image":{"@type":"ImageObject","inLanguage":"es","@id":"https:\/\/secure.gravatar.com\/avatar\/d4fe7459cfc51ff5129ce1a732bbef5928568b8092d412ef95611616376bbeed?s=96&d=mm&r=g","url":"https:\/\/secure.gravatar.com\/avatar\/d4fe7459cfc51ff5129ce1a732bbef5928568b8092d412ef95611616376bbeed?s=96&d=mm&r=g","contentUrl":"https:\/\/secure.gravatar.com\/avatar\/d4fe7459cfc51ff5129ce1a732bbef5928568b8092d412ef95611616376bbeed?s=96&d=mm&r=g","caption":"f1000024"},"url":"https:\/\/cvinoticias.com\/v3\/author\/f1000024\/"}]}},"_links":{"self":[{"href":"https:\/\/cvinoticias.com\/v3\/wp-json\/wp\/v2\/posts\/53742","targetHints":{"allow":["GET"]}}],"collection":[{"href":"https:\/\/cvinoticias.com\/v3\/wp-json\/wp\/v2\/posts"}],"about":[{"href":"https:\/\/cvinoticias.com\/v3\/wp-json\/wp\/v2\/types\/post"}],"author":[{"embeddable":true,"href":"https:\/\/cvinoticias.com\/v3\/wp-json\/wp\/v2\/users\/2"}],"replies":[{"embeddable":true,"href":"https:\/\/cvinoticias.com\/v3\/wp-json\/wp\/v2\/comments?post=53742"}],"version-history":[{"count":1,"href":"https:\/\/cvinoticias.com\/v3\/wp-json\/wp\/v2\/posts\/53742\/revisions"}],"predecessor-version":[{"id":53744,"href":"https:\/\/cvinoticias.com\/v3\/wp-json\/wp\/v2\/posts\/53742\/revisions\/53744"}],"wp:featuredmedia":[{"embeddable":true,"href":"https:\/\/cvinoticias.com\/v3\/wp-json\/wp\/v2\/media\/53743"}],"wp:attachment":[{"href":"https:\/\/cvinoticias.com\/v3\/wp-json\/wp\/v2\/media?parent=53742"}],"wp:term":[{"taxonomy":"category","embeddable":true,"href":"https:\/\/cvinoticias.com\/v3\/wp-json\/wp\/v2\/categories?post=53742"},{"taxonomy":"post_tag","embeddable":true,"href":"https:\/\/cvinoticias.com\/v3\/wp-json\/wp\/v2\/tags?post=53742"}],"curies":[{"name":"wp","href":"https:\/\/api.w.org\/{rel}","templated":true}]}}