{"id":53720,"date":"2026-01-19T06:33:02","date_gmt":"2026-01-19T09:33:02","guid":{"rendered":"https:\/\/cvinoticias.com\/v3\/?p=53720"},"modified":"2026-01-19T06:33:03","modified_gmt":"2026-01-19T09:33:03","slug":"semana-estable-y-con-calor-en-misiones-asi-estara-el-tiempo-desde-este-lunes","status":"publish","type":"post","link":"https:\/\/cvinoticias.com\/v3\/semana-estable-y-con-calor-en-misiones-asi-estara-el-tiempo-desde-este-lunes\/","title":{"rendered":"Semana estable y con calor en Misiones: as\u00ed estar\u00e1 el tiempo desde este lunes"},"content":{"rendered":"\n<p>La provincia de Misiones inicia la semana con condiciones de tiempo estable y buen tiempo en general, con ma\u00f1anas templadas y tardes que se presentar\u00e1n c\u00e1lidas a calurosas, seg\u00fan el informe de la Direcci\u00f3n General de Alerta Temprana.<\/p>\n\n\n\n<p>Para este lunes 19 de enero, se prev\u00e9 una jornada con nubosidad parcial y escasa variaci\u00f3n t\u00e9rmica. En las zonas sur y centro persistir\u00e1 una mayor cobertura nubosa hasta la media tarde, aunque con una mejora progresiva a lo largo del d\u00eda. Estas condiciones estar\u00e1n dadas por la influencia de un sistema de alta presi\u00f3n ubicado sobre el norte de Paraguay. No se esperan precipitaciones y la probabilidad de lluvias es muy baja. Los vientos soplar\u00e1n del sector sureste, con velocidades moderadas y algunas r\u00e1fagas, mientras que la calidad del aire ser\u00e1 buena. La temperatura m\u00e1xima provincial alcanzar\u00eda los 32 \u00b0C en Montecarlo, con una sensaci\u00f3n t\u00e9rmica de 34 \u00b0C, y la m\u00ednima se registrar\u00eda en San Pedro, con 17 \u00b0C.<\/p>\n\n\n\n<p>El martes 20 de enero continuar\u00e1 el ambiente estable, con cielos parcialmente nublados y pocos cambios en las temperaturas. Una masa de aire seco favorecer\u00e1 el buen tiempo durante toda la jornada. Se espera una tarde calurosa, con ma\u00f1anas y noches algo m\u00e1s agradables gracias a los vientos predominantes del suroeste. Tampoco se prev\u00e9n lluvias para este d\u00eda. La m\u00e1xima provincial rondar\u00eda los 32 \u00b0C en San Pedro, con sensaci\u00f3n t\u00e9rmica cercana a los 34 \u00b0C, mientras que la m\u00ednima descender\u00eda hasta los 13 \u00b0C en Bernardo de Irigoyen. La calidad del aire ser\u00e1 regular.<\/p>\n\n\n\n<p>En tanto, el mi\u00e9rcoles 21 de enero se mantendr\u00e1n las condiciones de estabilidad, con cielos mayormente despejados y un paulatino ascenso de las temperaturas. La rotaci\u00f3n del viento hacia el noreste provocar\u00e1 un aumento de las m\u00e1ximas y un incremento gradual de la humedad, lo que derivar\u00e1 en una tarde de calor agobiante en gran parte de la provincia. No se esperan precipitaciones. La temperatura m\u00e1xima estimada ser\u00e1 de 33 \u00b0C en Posadas, mientras que la m\u00ednima alcanzar\u00eda los 16 \u00b0C en Arist\u00f3bulo del Valle.<\/p>\n\n\n\n<p>Desde el organismo provincial recomiendan tomar precauciones ante las altas temperaturas, especialmente durante las horas de mayor calor, mantenerse hidratado y evitar la exposici\u00f3n prolongada al sol.<\/p>\n\n\n\n<p>Fuente: Direcci\u00f3n General de Alerta Temprana \u2013 Subsecretar\u00eda de Ordenamiento Territorial \u2013 Ministerio de Ecolog\u00eda y Recursos Naturales Renovables de la Provincia de Misiones.<\/p>\n","protected":false},"excerpt":{"rendered":"<p>La provincia de Misiones inicia la semana con condiciones de tiempo estable y buen tiempo en general, con ma\u00f1anas templadas y tardes que se presentar\u00e1n c\u00e1lidas a calurosas, seg\u00fan el informe de la Direcci\u00f3n General de Alerta Temprana. Para este lunes 19 de enero, se prev\u00e9 una jornada con nubosidad parcial y escasa variaci\u00f3n t\u00e9rmica. [&hellip;]<\/p>\n","protected":false},"author":2,"featured_media":53721,"comment_status":"open","ping_status":"closed","sticky":false,"template":"","format":"standard","meta":{"footnotes":""},"categories":[1146],"tags":[1148,313,4906,278,1150],"class_list":["post-53720","post","type-post","status-publish","format-standard","has-post-thumbnail","hentry","category-tiempo","tag-clima","tag-iguazu","tag-inicio","tag-misiones","tag-semana"],"yoast_head":"<!-- This site is optimized with the Yoast SEO plugin v27.4 - https:\/\/yoast.com\/product\/yoast-seo-wordpress\/ -->\n<title>Semana estable y calurosa en Misiones: c\u00f3mo estar\u00e1 el tiempo | CVI NOTICIAS<\/title>\n<meta name=\"description\" content=\"Misiones inicia la semana con tiempo estable, sin lluvias y temperaturas altas, con m\u00e1ximas de hasta 33 \u00b0C.\" \/>\n<meta name=\"robots\" content=\"index, follow, max-snippet:-1, max-image-preview:large, max-video-preview:-1\" \/>\n<link rel=\"canonical\" href=\"https:\/\/cvinoticias.com\/v3\/semana-estable-y-con-calor-en-misiones-asi-estara-el-tiempo-desde-este-lunes\/\" \/>\n<meta property=\"og:locale\" content=\"es_ES\" \/>\n<meta property=\"og:type\" content=\"article\" \/>\n<meta property=\"og:title\" content=\"Semana estable y calurosa en Misiones: c\u00f3mo estar\u00e1 el tiempo | CVI NOTICIAS\" \/>\n<meta property=\"og:description\" content=\"Misiones inicia la semana con tiempo estable, sin lluvias y temperaturas altas, con m\u00e1ximas de hasta 33 \u00b0C.\" \/>\n<meta property=\"og:url\" content=\"https:\/\/cvinoticias.com\/v3\/semana-estable-y-con-calor-en-misiones-asi-estara-el-tiempo-desde-este-lunes\/\" \/>\n<meta property=\"og:site_name\" content=\"CVI NOTICIAS\" \/>\n<meta property=\"article:publisher\" content=\"https:\/\/www.facebook.com\/cvinoticias\" \/>\n<meta property=\"article:published_time\" content=\"2026-01-19T09:33:02+00:00\" \/>\n<meta property=\"article:modified_time\" content=\"2026-01-19T09:33:03+00:00\" \/>\n<meta property=\"og:image\" content=\"https:\/\/cvinoticias.com\/wp-content\/uploads\/2026\/01\/clima-1.jpg\" \/>\n\t<meta property=\"og:image:width\" content=\"2048\" \/>\n\t<meta property=\"og:image:height\" content=\"923\" \/>\n\t<meta property=\"og:image:type\" content=\"image\/jpeg\" \/>\n<meta name=\"author\" content=\"f1000024\" \/>\n<meta name=\"twitter:card\" content=\"summary_large_image\" \/>\n<meta name=\"twitter:label1\" content=\"Escrito por\" \/>\n\t<meta name=\"twitter:data1\" content=\"f1000024\" \/>\n\t<meta name=\"twitter:label2\" content=\"Tiempo de lectura\" \/>\n\t<meta name=\"twitter:data2\" content=\"2 minutos\" \/>\n<script type=\"application\/ld+json\" class=\"yoast-schema-graph\">{\"@context\":\"https:\\\/\\\/schema.org\",\"@graph\":[{\"@type\":\"Article\",\"@id\":\"https:\\\/\\\/cvinoticias.com\\\/v3\\\/semana-estable-y-con-calor-en-misiones-asi-estara-el-tiempo-desde-este-lunes\\\/#article\",\"isPartOf\":{\"@id\":\"https:\\\/\\\/cvinoticias.com\\\/v3\\\/semana-estable-y-con-calor-en-misiones-asi-estara-el-tiempo-desde-este-lunes\\\/\"},\"author\":{\"name\":\"f1000024\",\"@id\":\"https:\\\/\\\/cvinoticias.com\\\/v3\\\/#\\\/schema\\\/person\\\/2db77e3c6bc03c538495d7b2b8be9b66\"},\"headline\":\"Semana estable y con calor en Misiones: as\u00ed estar\u00e1 el tiempo desde este lunes\",\"datePublished\":\"2026-01-19T09:33:02+00:00\",\"dateModified\":\"2026-01-19T09:33:03+00:00\",\"mainEntityOfPage\":{\"@id\":\"https:\\\/\\\/cvinoticias.com\\\/v3\\\/semana-estable-y-con-calor-en-misiones-asi-estara-el-tiempo-desde-este-lunes\\\/\"},\"wordCount\":431,\"commentCount\":0,\"publisher\":{\"@id\":\"https:\\\/\\\/cvinoticias.com\\\/v3\\\/#organization\"},\"image\":{\"@id\":\"https:\\\/\\\/cvinoticias.com\\\/v3\\\/semana-estable-y-con-calor-en-misiones-asi-estara-el-tiempo-desde-este-lunes\\\/#primaryimage\"},\"thumbnailUrl\":\"https:\\\/\\\/cvinoticias.com\\\/wp-content\\\/uploads\\\/2026\\\/01\\\/clima-1.jpg\",\"keywords\":[\"Clima\",\"Iguaz\u00fa\",\"inicio\",\"Misiones\",\"Semana\"],\"articleSection\":[\"Tiempo\"],\"inLanguage\":\"es\",\"potentialAction\":[{\"@type\":\"CommentAction\",\"name\":\"Comment\",\"target\":[\"https:\\\/\\\/cvinoticias.com\\\/v3\\\/semana-estable-y-con-calor-en-misiones-asi-estara-el-tiempo-desde-este-lunes\\\/#respond\"]}]},{\"@type\":\"WebPage\",\"@id\":\"https:\\\/\\\/cvinoticias.com\\\/v3\\\/semana-estable-y-con-calor-en-misiones-asi-estara-el-tiempo-desde-este-lunes\\\/\",\"url\":\"https:\\\/\\\/cvinoticias.com\\\/v3\\\/semana-estable-y-con-calor-en-misiones-asi-estara-el-tiempo-desde-este-lunes\\\/\",\"name\":\"Semana estable y calurosa en Misiones: c\u00f3mo estar\u00e1 el tiempo | CVI NOTICIAS\",\"isPartOf\":{\"@id\":\"https:\\\/\\\/cvinoticias.com\\\/v3\\\/#website\"},\"primaryImageOfPage\":{\"@id\":\"https:\\\/\\\/cvinoticias.com\\\/v3\\\/semana-estable-y-con-calor-en-misiones-asi-estara-el-tiempo-desde-este-lunes\\\/#primaryimage\"},\"image\":{\"@id\":\"https:\\\/\\\/cvinoticias.com\\\/v3\\\/semana-estable-y-con-calor-en-misiones-asi-estara-el-tiempo-desde-este-lunes\\\/#primaryimage\"},\"thumbnailUrl\":\"https:\\\/\\\/cvinoticias.com\\\/wp-content\\\/uploads\\\/2026\\\/01\\\/clima-1.jpg\",\"datePublished\":\"2026-01-19T09:33:02+00:00\",\"dateModified\":\"2026-01-19T09:33:03+00:00\",\"description\":\"Misiones inicia la semana con tiempo estable, sin lluvias y temperaturas altas, con m\u00e1ximas de hasta 33 \u00b0C.\",\"breadcrumb\":{\"@id\":\"https:\\\/\\\/cvinoticias.com\\\/v3\\\/semana-estable-y-con-calor-en-misiones-asi-estara-el-tiempo-desde-este-lunes\\\/#breadcrumb\"},\"inLanguage\":\"es\",\"potentialAction\":[{\"@type\":\"ReadAction\",\"target\":[\"https:\\\/\\\/cvinoticias.com\\\/v3\\\/semana-estable-y-con-calor-en-misiones-asi-estara-el-tiempo-desde-este-lunes\\\/\"]}]},{\"@type\":\"ImageObject\",\"inLanguage\":\"es\",\"@id\":\"https:\\\/\\\/cvinoticias.com\\\/v3\\\/semana-estable-y-con-calor-en-misiones-asi-estara-el-tiempo-desde-este-lunes\\\/#primaryimage\",\"url\":\"https:\\\/\\\/cvinoticias.com\\\/wp-content\\\/uploads\\\/2026\\\/01\\\/clima-1.jpg\",\"contentUrl\":\"https:\\\/\\\/cvinoticias.com\\\/wp-content\\\/uploads\\\/2026\\\/01\\\/clima-1.jpg\",\"width\":2048,\"height\":923},{\"@type\":\"BreadcrumbList\",\"@id\":\"https:\\\/\\\/cvinoticias.com\\\/v3\\\/semana-estable-y-con-calor-en-misiones-asi-estara-el-tiempo-desde-este-lunes\\\/#breadcrumb\",\"itemListElement\":[{\"@type\":\"ListItem\",\"position\":1,\"name\":\"Portada\",\"item\":\"https:\\\/\\\/cvinoticias.com\\\/v3\\\/\"},{\"@type\":\"ListItem\",\"position\":2,\"name\":\"Semana estable y con calor en Misiones: as\u00ed estar\u00e1 el tiempo desde este lunes\"}]},{\"@type\":\"WebSite\",\"@id\":\"https:\\\/\\\/cvinoticias.com\\\/v3\\\/#website\",\"url\":\"https:\\\/\\\/cvinoticias.com\\\/v3\\\/\",\"name\":\"CVI NOTICIAS\",\"description\":\"\",\"publisher\":{\"@id\":\"https:\\\/\\\/cvinoticias.com\\\/v3\\\/#organization\"},\"alternateName\":\"CVI\",\"potentialAction\":[{\"@type\":\"SearchAction\",\"target\":{\"@type\":\"EntryPoint\",\"urlTemplate\":\"https:\\\/\\\/cvinoticias.com\\\/v3\\\/?s={search_term_string}\"},\"query-input\":{\"@type\":\"PropertyValueSpecification\",\"valueRequired\":true,\"valueName\":\"search_term_string\"}}],\"inLanguage\":\"es\"},{\"@type\":\"Organization\",\"@id\":\"https:\\\/\\\/cvinoticias.com\\\/v3\\\/#organization\",\"name\":\"CVI NOTICIAS\",\"url\":\"https:\\\/\\\/cvinoticias.com\\\/v3\\\/\",\"logo\":{\"@type\":\"ImageObject\",\"inLanguage\":\"es\",\"@id\":\"https:\\\/\\\/cvinoticias.com\\\/v3\\\/#\\\/schema\\\/logo\\\/image\\\/\",\"url\":\"https:\\\/\\\/cvinoticias.com\\\/wp-content\\\/uploads\\\/2023\\\/04\\\/cropped-cropped-cropped-cropped-cropped-3-1.png\",\"contentUrl\":\"https:\\\/\\\/cvinoticias.com\\\/wp-content\\\/uploads\\\/2023\\\/04\\\/cropped-cropped-cropped-cropped-cropped-3-1.png\",\"width\":95,\"height\":122,\"caption\":\"CVI NOTICIAS\"},\"image\":{\"@id\":\"https:\\\/\\\/cvinoticias.com\\\/v3\\\/#\\\/schema\\\/logo\\\/image\\\/\"},\"sameAs\":[\"https:\\\/\\\/www.facebook.com\\\/cvinoticias\",\"https:\\\/\\\/www.instagram.com\\\/cvinoticias\\\/\",\"https:\\\/\\\/www.youtube.com\\\/@CVINOTICIAS\"]},{\"@type\":\"Person\",\"@id\":\"https:\\\/\\\/cvinoticias.com\\\/v3\\\/#\\\/schema\\\/person\\\/2db77e3c6bc03c538495d7b2b8be9b66\",\"name\":\"f1000024\",\"image\":{\"@type\":\"ImageObject\",\"inLanguage\":\"es\",\"@id\":\"https:\\\/\\\/secure.gravatar.com\\\/avatar\\\/d4fe7459cfc51ff5129ce1a732bbef5928568b8092d412ef95611616376bbeed?s=96&d=mm&r=g\",\"url\":\"https:\\\/\\\/secure.gravatar.com\\\/avatar\\\/d4fe7459cfc51ff5129ce1a732bbef5928568b8092d412ef95611616376bbeed?s=96&d=mm&r=g\",\"contentUrl\":\"https:\\\/\\\/secure.gravatar.com\\\/avatar\\\/d4fe7459cfc51ff5129ce1a732bbef5928568b8092d412ef95611616376bbeed?s=96&d=mm&r=g\",\"caption\":\"f1000024\"},\"url\":\"https:\\\/\\\/cvinoticias.com\\\/v3\\\/author\\\/f1000024\\\/\"}]}<\/script>\n<!-- \/ Yoast SEO plugin. -->","yoast_head_json":{"title":"Semana estable y calurosa en Misiones: c\u00f3mo estar\u00e1 el tiempo | CVI NOTICIAS","description":"Misiones inicia la semana con tiempo estable, sin lluvias y temperaturas altas, con m\u00e1ximas de hasta 33 \u00b0C.","robots":{"index":"index","follow":"follow","max-snippet":"max-snippet:-1","max-image-preview":"max-image-preview:large","max-video-preview":"max-video-preview:-1"},"canonical":"https:\/\/cvinoticias.com\/v3\/semana-estable-y-con-calor-en-misiones-asi-estara-el-tiempo-desde-este-lunes\/","og_locale":"es_ES","og_type":"article","og_title":"Semana estable y calurosa en Misiones: c\u00f3mo estar\u00e1 el tiempo | CVI NOTICIAS","og_description":"Misiones inicia la semana con tiempo estable, sin lluvias y temperaturas altas, con m\u00e1ximas de hasta 33 \u00b0C.","og_url":"https:\/\/cvinoticias.com\/v3\/semana-estable-y-con-calor-en-misiones-asi-estara-el-tiempo-desde-este-lunes\/","og_site_name":"CVI NOTICIAS","article_publisher":"https:\/\/www.facebook.com\/cvinoticias","article_published_time":"2026-01-19T09:33:02+00:00","article_modified_time":"2026-01-19T09:33:03+00:00","og_image":[{"width":2048,"height":923,"url":"https:\/\/cvinoticias.com\/wp-content\/uploads\/2026\/01\/clima-1.jpg","type":"image\/jpeg"}],"author":"f1000024","twitter_card":"summary_large_image","twitter_misc":{"Escrito por":"f1000024","Tiempo de lectura":"2 minutos"},"schema":{"@context":"https:\/\/schema.org","@graph":[{"@type":"Article","@id":"https:\/\/cvinoticias.com\/v3\/semana-estable-y-con-calor-en-misiones-asi-estara-el-tiempo-desde-este-lunes\/#article","isPartOf":{"@id":"https:\/\/cvinoticias.com\/v3\/semana-estable-y-con-calor-en-misiones-asi-estara-el-tiempo-desde-este-lunes\/"},"author":{"name":"f1000024","@id":"https:\/\/cvinoticias.com\/v3\/#\/schema\/person\/2db77e3c6bc03c538495d7b2b8be9b66"},"headline":"Semana estable y con calor en Misiones: as\u00ed estar\u00e1 el tiempo desde este lunes","datePublished":"2026-01-19T09:33:02+00:00","dateModified":"2026-01-19T09:33:03+00:00","mainEntityOfPage":{"@id":"https:\/\/cvinoticias.com\/v3\/semana-estable-y-con-calor-en-misiones-asi-estara-el-tiempo-desde-este-lunes\/"},"wordCount":431,"commentCount":0,"publisher":{"@id":"https:\/\/cvinoticias.com\/v3\/#organization"},"image":{"@id":"https:\/\/cvinoticias.com\/v3\/semana-estable-y-con-calor-en-misiones-asi-estara-el-tiempo-desde-este-lunes\/#primaryimage"},"thumbnailUrl":"https:\/\/cvinoticias.com\/wp-content\/uploads\/2026\/01\/clima-1.jpg","keywords":["Clima","Iguaz\u00fa","inicio","Misiones","Semana"],"articleSection":["Tiempo"],"inLanguage":"es","potentialAction":[{"@type":"CommentAction","name":"Comment","target":["https:\/\/cvinoticias.com\/v3\/semana-estable-y-con-calor-en-misiones-asi-estara-el-tiempo-desde-este-lunes\/#respond"]}]},{"@type":"WebPage","@id":"https:\/\/cvinoticias.com\/v3\/semana-estable-y-con-calor-en-misiones-asi-estara-el-tiempo-desde-este-lunes\/","url":"https:\/\/cvinoticias.com\/v3\/semana-estable-y-con-calor-en-misiones-asi-estara-el-tiempo-desde-este-lunes\/","name":"Semana estable y calurosa en Misiones: c\u00f3mo estar\u00e1 el tiempo | CVI NOTICIAS","isPartOf":{"@id":"https:\/\/cvinoticias.com\/v3\/#website"},"primaryImageOfPage":{"@id":"https:\/\/cvinoticias.com\/v3\/semana-estable-y-con-calor-en-misiones-asi-estara-el-tiempo-desde-este-lunes\/#primaryimage"},"image":{"@id":"https:\/\/cvinoticias.com\/v3\/semana-estable-y-con-calor-en-misiones-asi-estara-el-tiempo-desde-este-lunes\/#primaryimage"},"thumbnailUrl":"https:\/\/cvinoticias.com\/wp-content\/uploads\/2026\/01\/clima-1.jpg","datePublished":"2026-01-19T09:33:02+00:00","dateModified":"2026-01-19T09:33:03+00:00","description":"Misiones inicia la semana con tiempo estable, sin lluvias y temperaturas altas, con m\u00e1ximas de hasta 33 \u00b0C.","breadcrumb":{"@id":"https:\/\/cvinoticias.com\/v3\/semana-estable-y-con-calor-en-misiones-asi-estara-el-tiempo-desde-este-lunes\/#breadcrumb"},"inLanguage":"es","potentialAction":[{"@type":"ReadAction","target":["https:\/\/cvinoticias.com\/v3\/semana-estable-y-con-calor-en-misiones-asi-estara-el-tiempo-desde-este-lunes\/"]}]},{"@type":"ImageObject","inLanguage":"es","@id":"https:\/\/cvinoticias.com\/v3\/semana-estable-y-con-calor-en-misiones-asi-estara-el-tiempo-desde-este-lunes\/#primaryimage","url":"https:\/\/cvinoticias.com\/wp-content\/uploads\/2026\/01\/clima-1.jpg","contentUrl":"https:\/\/cvinoticias.com\/wp-content\/uploads\/2026\/01\/clima-1.jpg","width":2048,"height":923},{"@type":"BreadcrumbList","@id":"https:\/\/cvinoticias.com\/v3\/semana-estable-y-con-calor-en-misiones-asi-estara-el-tiempo-desde-este-lunes\/#breadcrumb","itemListElement":[{"@type":"ListItem","position":1,"name":"Portada","item":"https:\/\/cvinoticias.com\/v3\/"},{"@type":"ListItem","position":2,"name":"Semana estable y con calor en Misiones: as\u00ed estar\u00e1 el tiempo desde este lunes"}]},{"@type":"WebSite","@id":"https:\/\/cvinoticias.com\/v3\/#website","url":"https:\/\/cvinoticias.com\/v3\/","name":"CVI NOTICIAS","description":"","publisher":{"@id":"https:\/\/cvinoticias.com\/v3\/#organization"},"alternateName":"CVI","potentialAction":[{"@type":"SearchAction","target":{"@type":"EntryPoint","urlTemplate":"https:\/\/cvinoticias.com\/v3\/?s={search_term_string}"},"query-input":{"@type":"PropertyValueSpecification","valueRequired":true,"valueName":"search_term_string"}}],"inLanguage":"es"},{"@type":"Organization","@id":"https:\/\/cvinoticias.com\/v3\/#organization","name":"CVI NOTICIAS","url":"https:\/\/cvinoticias.com\/v3\/","logo":{"@type":"ImageObject","inLanguage":"es","@id":"https:\/\/cvinoticias.com\/v3\/#\/schema\/logo\/image\/","url":"https:\/\/cvinoticias.com\/wp-content\/uploads\/2023\/04\/cropped-cropped-cropped-cropped-cropped-3-1.png","contentUrl":"https:\/\/cvinoticias.com\/wp-content\/uploads\/2023\/04\/cropped-cropped-cropped-cropped-cropped-3-1.png","width":95,"height":122,"caption":"CVI NOTICIAS"},"image":{"@id":"https:\/\/cvinoticias.com\/v3\/#\/schema\/logo\/image\/"},"sameAs":["https:\/\/www.facebook.com\/cvinoticias","https:\/\/www.instagram.com\/cvinoticias\/","https:\/\/www.youtube.com\/@CVINOTICIAS"]},{"@type":"Person","@id":"https:\/\/cvinoticias.com\/v3\/#\/schema\/person\/2db77e3c6bc03c538495d7b2b8be9b66","name":"f1000024","image":{"@type":"ImageObject","inLanguage":"es","@id":"https:\/\/secure.gravatar.com\/avatar\/d4fe7459cfc51ff5129ce1a732bbef5928568b8092d412ef95611616376bbeed?s=96&d=mm&r=g","url":"https:\/\/secure.gravatar.com\/avatar\/d4fe7459cfc51ff5129ce1a732bbef5928568b8092d412ef95611616376bbeed?s=96&d=mm&r=g","contentUrl":"https:\/\/secure.gravatar.com\/avatar\/d4fe7459cfc51ff5129ce1a732bbef5928568b8092d412ef95611616376bbeed?s=96&d=mm&r=g","caption":"f1000024"},"url":"https:\/\/cvinoticias.com\/v3\/author\/f1000024\/"}]}},"_links":{"self":[{"href":"https:\/\/cvinoticias.com\/v3\/wp-json\/wp\/v2\/posts\/53720","targetHints":{"allow":["GET"]}}],"collection":[{"href":"https:\/\/cvinoticias.com\/v3\/wp-json\/wp\/v2\/posts"}],"about":[{"href":"https:\/\/cvinoticias.com\/v3\/wp-json\/wp\/v2\/types\/post"}],"author":[{"embeddable":true,"href":"https:\/\/cvinoticias.com\/v3\/wp-json\/wp\/v2\/users\/2"}],"replies":[{"embeddable":true,"href":"https:\/\/cvinoticias.com\/v3\/wp-json\/wp\/v2\/comments?post=53720"}],"version-history":[{"count":1,"href":"https:\/\/cvinoticias.com\/v3\/wp-json\/wp\/v2\/posts\/53720\/revisions"}],"predecessor-version":[{"id":53722,"href":"https:\/\/cvinoticias.com\/v3\/wp-json\/wp\/v2\/posts\/53720\/revisions\/53722"}],"wp:featuredmedia":[{"embeddable":true,"href":"https:\/\/cvinoticias.com\/v3\/wp-json\/wp\/v2\/media\/53721"}],"wp:attachment":[{"href":"https:\/\/cvinoticias.com\/v3\/wp-json\/wp\/v2\/media?parent=53720"}],"wp:term":[{"taxonomy":"category","embeddable":true,"href":"https:\/\/cvinoticias.com\/v3\/wp-json\/wp\/v2\/categories?post=53720"},{"taxonomy":"post_tag","embeddable":true,"href":"https:\/\/cvinoticias.com\/v3\/wp-json\/wp\/v2\/tags?post=53720"}],"curies":[{"name":"wp","href":"https:\/\/api.w.org\/{rel}","templated":true}]}}