{"id":53710,"date":"2026-01-17T11:07:37","date_gmt":"2026-01-17T14:07:37","guid":{"rendered":"https:\/\/cvinoticias.com\/v3\/?p=53710"},"modified":"2026-01-17T11:07:40","modified_gmt":"2026-01-17T14:07:40","slug":"el-mercosur-y-la-union-europea-sellaran-hoy-un-historico-acuerdo","status":"publish","type":"post","link":"https:\/\/cvinoticias.com\/v3\/el-mercosur-y-la-union-europea-sellaran-hoy-un-historico-acuerdo\/","title":{"rendered":"El Mercosur y la Uni\u00f3n Europea sellar\u00e1n hoy un hist\u00f3rico acuerdo"},"content":{"rendered":"\n<p>Este mediod\u00eda en Asunci\u00f3n, Paraguay,&nbsp;<strong>se terminar\u00e1 de cerrar uno de los acuerdos de asociaci\u00f3n m\u00e1s grandes del mundo.<\/strong>&nbsp;Los cancilleres del&nbsp;<strong>Mercosur<\/strong>&nbsp;y representantes de la&nbsp;<strong>Uni\u00f3n Europea (UE)<\/strong>&nbsp;firmar\u00e1n el documento final que da pie a una alianza que engloba al&nbsp;<strong>25% del PIB e implica un mercado com\u00fan de 780 millones&nbsp;<\/strong>de personas, el cual promete transformar las relaciones de ambas regiones.<\/p>\n\n\n\n<p>La r\u00fabrica del acuerdo de libre comercio entre el Mercosur y la UE<strong>&nbsp;se realizar\u00e1 a las 12 (hora argentina) en el Gran Teatro \u201cJos\u00e9 Asunci\u00f3n Flores\u201d<\/strong>&nbsp;del Banco Central de Paraguay. Ah\u00ed estar\u00e1n presentes el presidente&nbsp;<strong>Javier Milei j<\/strong>unto a sus pares boliviano Rodrigo Paz, uruguayo Yamand\u00fa Orsi y el paraguayo Santiago Pe\u00f1a, quien oficia de anfitri\u00f3n por ser el presidente pro tempore del Mercosur.<\/p>\n\n\n\n<p>El brasile\u00f1o Luiz In\u00e1cio<strong>&nbsp;Lula da Silva es el \u00fanico de los latinoamericanos que estar\u00e1 ausente.&nbsp;<\/strong>El mandatario fue quien m\u00e1s promovi\u00f3 la concreci\u00f3n del acuerdo en el \u00faltimo tiempo y, en el medio de sus tensiones crecientes con Argentina y (en menor medida) Paraguay, decidi\u00f3 armar una foto este viernes con los presidentes de la Comisi\u00f3n Europea, Ursula von der Leyen, y del Consejo Europeo, Antonio Costa, en R\u00edo de Janeiro para consolidar el r\u00e9dito pol\u00edtico de esas gestiones.<\/p>\n\n\n\n<p>Aunque estar\u00e1n presentes los jefes de Estado (incluso el de Panam\u00e1, Jos\u00e9 Ra\u00fal Muli\u00f1o, que se sumar\u00e1 al tratado pese a ser un pa\u00eds asociado del Mercosur), esta firma ser\u00e1 hecha por los cancilleres de todos los Estados Miembro. Esto se debe a que, en el caso de la Uni\u00f3n Europea, los firmantes formales son los ministros.<\/p>\n\n\n\n<p>Ah\u00ed la asistencia ser\u00e1 completa. Estar\u00e1n los cancilleres Rub\u00e9n Ram\u00edrez Lezcano (Paraguay), Pablo Quirno (Argentina), Mauro Vieyra (Brasil), Fernando Aramayo (Bolivia), Mario Lubetkin (Uruguay) y Javier Mart\u00ednez-Acha. Por parte de la Uni\u00f3n Europea, la firma recae en el comisario de Comercio, Maro\u0161 \u0160ef\u010dovi\u010d.<\/p>\n\n\n\n<p><strong>Milei tiene previsto partir desde Buenos Aires a las 9 de la ma\u00f1ana para llegar dos horas m\u00e1s tarde a Asunci\u00f3n.&nbsp;<\/strong>El equipo que lo acompa\u00f1ar\u00e1 all\u00ed estar\u00e1 compuesto por el ministro de Relaciones Exteriores, Pablo Quirno; el secretario de Coordinaci\u00f3n de Producci\u00f3n, Pablo Lavigne; el secretario de Relaciones Econ\u00f3micas Internacionales, Fernando Brun; y el embajador de Argentina en Paraguay, Guillermo Nielsen.<\/p>\n\n\n\n<p>La Casa Rosada tiene en agenda que&nbsp;<strong>Milei dar\u00e1 unas palabras cerca de las 13 para dar sus perspectivas de lo que ser\u00e1 el comercio birregional para los pr\u00f3ximos a\u00f1os.<\/strong>&nbsp;La consecuci\u00f3n de este acuerdo cumple con el pedido de apertura comercial que ven\u00eda esgrimiendo en las \u00faltimas cumbres regionales.<\/p>\n\n\n\n<p>\u201cEl Mercosur ha sido un escollo para el progreso de los argentinos. Consolidarnos en un bloque com\u00fan no solo no nos hizo crecer, sino que nos ha perjudicado. Mientras vecinos se abrieron al mundo y entablaron acuerdos comerciales, nosotros nos encerramos en nuestra propia pecera, tardando m\u00e1s de 20 a\u00f1os en cerrar un acuerdo con el que hoy festejamos, que a\u00fan dista de ser una realidad\u201d, hab\u00eda dicho frente a sus pares y Von der Leyen en la Cumbre del Mercosur que se hizo en Uruguay en 2024.<\/p>\n\n\n\n<p>A excepci\u00f3n del uruguayo Orsi, en esta ocasi\u00f3n Milei estar\u00e1 rodeado de mandatarios con los que coincide ideol\u00f3gicamente y sin Lula. Asimismo, sigue inminente su intenci\u00f3n de realizar un bloque formal de mandatarios y l\u00edderes de derecha o antiprogresistas de la regi\u00f3n. En ese plano, en Casa Rosada mantienen la convicci\u00f3n de que ese espacio podr\u00eda crecer hacia futuro, teniendo como una de sus aspiraciones que en las elecciones de este a\u00f1o en Brasil haya un triunfo de Flavio Bolsonaro, uno de los hijos del expresidente Jair.<\/p>\n\n\n\n<p>La decisi\u00f3n de Lula de convocar a una reuni\u00f3n en R\u00edo de Janeiro con las m\u00e1ximas autoridades de la Uni\u00f3n Europea gener\u00f3 sorpresa y malestar dentro del gobierno argentino. Pese a que en el entorno de Milei salieron a se\u00f1alar que Brasil arm\u00f3 una cumbre paralela \u201ca \u00faltimo momento\u201d, en el pa\u00eds vecino buscan explicar que esta audiencia ya estaba prevista desde finales del a\u00f1o pasado, que Paraguay ya hab\u00eda establecido semanas atr\u00e1s que la firma del acuerdo iba a ser entre cancilleres y que por estos d\u00edas se decidi\u00f3 elevar el evento a nivel presidencial.<\/p>\n\n\n\n<h3 class=\"wp-block-heading\"><strong>\u00bfQu\u00e9 es el Acuerdo Mercosur-Uni\u00f3n Europea?<\/strong><\/h3>\n\n\n\n<p>El acuerdo de asociaci\u00f3n entre e<strong>l Mercosur y la Uni\u00f3n Europea representa una oportunidad estrat\u00e9gica para ambos bloques,<\/strong>&nbsp;con el potencial de transformar el escenario geopol\u00edtico y econ\u00f3mico global. Se trata de un pacto que abarca dimensiones comerciales, pol\u00edticas y de cooperaci\u00f3n, y que origina uno de los espacios econ\u00f3micos integrados m\u00e1s relevantes, con cerca de 745-780 millones de personas y alrededor del 25% del PIB mundial.<\/p>\n\n\n\n<p>El tratado<strong>&nbsp;propone la eliminaci\u00f3n progresiva de m\u00e1s del 90% de los aranceles bilaterales<\/strong>, la reducci\u00f3n de barreras no arancelarias y la unificaci\u00f3n de regulaciones en \u00e1reas como inversiones, propiedad intelectual y est\u00e1ndares sanitarios y t\u00e9cnicos.<\/p>\n\n\n\n<p>El acuerdo&nbsp;<strong>permitir\u00eda al Mercosur acceder de manera preferencial a uno de los mercados de mayor poder adquisitivo del mundo,<\/strong>&nbsp;lo que beneficiar\u00eda sobre todo a su sector agroindustrial y a la exportaci\u00f3n de minerales, alimentos procesados y manufacturas agropecuarias. Para la&nbsp;<strong>Uni\u00f3n Europea<\/strong>, el acuerdo<strong>&nbsp;fortalecer\u00eda su presencia en Am\u00e9rica del Sur y diversificar\u00eda&nbsp;<\/strong>sus proveedores estrat\u00e9gicos, especialmente en un contexto de competencia global creciente. Adem\u00e1s, las empresas europeas podr\u00edan lograr un ahorro anual estimado en hasta 4.000 millones de euros por la reducci\u00f3n de derechos aduaneros, mientras que los flujos de inversi\u00f3n extranjera directa desde Europa hacia el Mercosur podr\u00edan duplicarse.<\/p>\n\n\n\n<p>Hoy el intercambio comercial entre&nbsp;<strong>ambos bloques supera los 111.000 millones de euros,&nbsp;<\/strong>con Europa como un mercado clave para productos agr\u00edcolas sudamericanos, y el Mercosur como destino de maquinaria, autom\u00f3viles, productos qu\u00edmicos y farmac\u00e9uticos europeos. Sin embargo, la relaci\u00f3n no es sim\u00e9trica y existen sectores vulnerables en ambos bloques. Las manufacturas del Mercosur, como textiles, calzado y metalmec\u00e1nica, enfrentar\u00e1n mayor competencia europea, mientras que la agricultura europea teme el impacto de la entrada de productos sudamericanos.<\/p>\n\n\n\n<p>Entre los principales desaf\u00edos se encuentra la necesidad de superar obst\u00e1culos pol\u00edticos y regulatorios, as\u00ed como de articular pol\u00edticas compensatorias y mecanismos de adaptaci\u00f3n para mitigar el impacto sobre sectores sensibles y pymes. El cumplimiento de exigencias ambientales europeas en materia de deforestaci\u00f3n, trazabilidad y derechos laborales tambi\u00e9n exigir\u00e1 inversiones y adaptaciones productivas en el Mercosur.<\/p>\n\n\n\n<p>La consultora ABECEB analiz\u00f3 en uno de sus informes especiales sobre el tema que el acuerdo tiene una fuerte dimensi\u00f3n geopol\u00edtica: 1) para la Uni\u00f3n Europea, el tratado sirve para reducir la dependencia de Asia y reforzar su influencia en Am\u00e9rica del Sur; 2) en tanto, el Mercosur podr\u00e1 diversificar alianzas, reducir la dependencia de China y reposicionarse como actor relevante en el comercio global.<\/p>\n\n\n\n<p>La viabilidad del acuerdo depende de la capacidad de ambos bloques para liderar el proceso en contextos de volatilidad pol\u00edtica y presiones internas. En Europa, la oposici\u00f3n de algunos pa\u00edses mantiene en duda la ratificaci\u00f3n plena, mientras que en el Mercosur la falta de una institucionalidad supranacional obliga a la ratificaci\u00f3n individual de cada Estado miembro. Como alternativa, se contempla un Acuerdo Interino que permitir\u00eda aplicar de inmediato la parte comercial, aunque su entrada en vigor depende de la aprobaci\u00f3n en el Parlamento Europeo y la ratificaci\u00f3n de todos los pa\u00edses del Mercosur.<\/p>\n\n\n\n<p>Fuente: Infobae<\/p>\n","protected":false},"excerpt":{"rendered":"<p>Este mediod\u00eda en Asunci\u00f3n, Paraguay,&nbsp;se terminar\u00e1 de cerrar uno de los acuerdos de asociaci\u00f3n m\u00e1s grandes del mundo.&nbsp;Los cancilleres del&nbsp;Mercosur&nbsp;y representantes de la&nbsp;Uni\u00f3n Europea (UE)&nbsp;firmar\u00e1n el documento final que da pie a una alianza que engloba al&nbsp;25% del PIB e implica un mercado com\u00fan de 780 millones&nbsp;de personas, el cual promete transformar las relaciones de [&hellip;]<\/p>\n","protected":false},"author":2,"featured_media":53711,"comment_status":"open","ping_status":"closed","sticky":false,"template":"","format":"standard","meta":{"footnotes":""},"categories":[36],"tags":[1725,4905,784,4864],"class_list":["post-53710","post","type-post","status-publish","format-standard","has-post-thumbnail","hentry","category-internacionales","tag-acuerdo","tag-historico-2","tag-mercosur","tag-union-europea-2"],"yoast_head":"<!-- This site is optimized with the Yoast SEO plugin v27.4 - https:\/\/yoast.com\/product\/yoast-seo-wordpress\/ -->\n<title>Mercosur y UE firman hoy el acuerdo comercial m\u00e1s grande | CVI NOTICIAS<\/title>\n<meta name=\"description\" content=\"Cancilleres del Mercosur y la UE firmar\u00e1n en Asunci\u00f3n el acuerdo que crea un mercado de 780 millones de personas.\" \/>\n<meta name=\"robots\" content=\"index, follow, max-snippet:-1, max-image-preview:large, max-video-preview:-1\" \/>\n<link rel=\"canonical\" href=\"https:\/\/cvinoticias.com\/v3\/el-mercosur-y-la-union-europea-sellaran-hoy-un-historico-acuerdo\/\" \/>\n<meta property=\"og:locale\" content=\"es_ES\" \/>\n<meta property=\"og:type\" content=\"article\" \/>\n<meta property=\"og:title\" content=\"Mercosur y UE firman hoy el acuerdo comercial m\u00e1s grande | CVI NOTICIAS\" \/>\n<meta property=\"og:description\" content=\"Cancilleres del Mercosur y la UE firmar\u00e1n en Asunci\u00f3n el acuerdo que crea un mercado de 780 millones de personas.\" \/>\n<meta property=\"og:url\" content=\"https:\/\/cvinoticias.com\/v3\/el-mercosur-y-la-union-europea-sellaran-hoy-un-historico-acuerdo\/\" \/>\n<meta property=\"og:site_name\" content=\"CVI NOTICIAS\" \/>\n<meta property=\"article:publisher\" content=\"https:\/\/www.facebook.com\/cvinoticias\" \/>\n<meta property=\"article:published_time\" content=\"2026-01-17T14:07:37+00:00\" \/>\n<meta property=\"article:modified_time\" content=\"2026-01-17T14:07:40+00:00\" \/>\n<meta property=\"og:image\" content=\"https:\/\/cvinoticias.com\/wp-content\/uploads\/2026\/01\/mercosur.png\" \/>\n\t<meta property=\"og:image:width\" content=\"1066\" \/>\n\t<meta property=\"og:image:height\" content=\"568\" \/>\n\t<meta property=\"og:image:type\" content=\"image\/png\" \/>\n<meta name=\"author\" content=\"f1000024\" \/>\n<meta name=\"twitter:card\" content=\"summary_large_image\" \/>\n<meta name=\"twitter:label1\" content=\"Escrito por\" \/>\n\t<meta name=\"twitter:data1\" content=\"f1000024\" \/>\n\t<meta name=\"twitter:label2\" content=\"Tiempo de lectura\" \/>\n\t<meta name=\"twitter:data2\" content=\"6 minutos\" \/>\n<script type=\"application\/ld+json\" class=\"yoast-schema-graph\">{\"@context\":\"https:\\\/\\\/schema.org\",\"@graph\":[{\"@type\":\"Article\",\"@id\":\"https:\\\/\\\/cvinoticias.com\\\/v3\\\/el-mercosur-y-la-union-europea-sellaran-hoy-un-historico-acuerdo\\\/#article\",\"isPartOf\":{\"@id\":\"https:\\\/\\\/cvinoticias.com\\\/v3\\\/el-mercosur-y-la-union-europea-sellaran-hoy-un-historico-acuerdo\\\/\"},\"author\":{\"name\":\"f1000024\",\"@id\":\"https:\\\/\\\/cvinoticias.com\\\/v3\\\/#\\\/schema\\\/person\\\/2db77e3c6bc03c538495d7b2b8be9b66\"},\"headline\":\"El Mercosur y la Uni\u00f3n Europea sellar\u00e1n hoy un hist\u00f3rico acuerdo\",\"datePublished\":\"2026-01-17T14:07:37+00:00\",\"dateModified\":\"2026-01-17T14:07:40+00:00\",\"mainEntityOfPage\":{\"@id\":\"https:\\\/\\\/cvinoticias.com\\\/v3\\\/el-mercosur-y-la-union-europea-sellaran-hoy-un-historico-acuerdo\\\/\"},\"wordCount\":1349,\"commentCount\":0,\"publisher\":{\"@id\":\"https:\\\/\\\/cvinoticias.com\\\/v3\\\/#organization\"},\"image\":{\"@id\":\"https:\\\/\\\/cvinoticias.com\\\/v3\\\/el-mercosur-y-la-union-europea-sellaran-hoy-un-historico-acuerdo\\\/#primaryimage\"},\"thumbnailUrl\":\"https:\\\/\\\/cvinoticias.com\\\/wp-content\\\/uploads\\\/2026\\\/01\\\/mercosur.png\",\"keywords\":[\"Acuerdo\",\"historico\",\"Mercosur\",\"Union Europea\"],\"articleSection\":[\"Internacionales\"],\"inLanguage\":\"es\",\"potentialAction\":[{\"@type\":\"CommentAction\",\"name\":\"Comment\",\"target\":[\"https:\\\/\\\/cvinoticias.com\\\/v3\\\/el-mercosur-y-la-union-europea-sellaran-hoy-un-historico-acuerdo\\\/#respond\"]}]},{\"@type\":\"WebPage\",\"@id\":\"https:\\\/\\\/cvinoticias.com\\\/v3\\\/el-mercosur-y-la-union-europea-sellaran-hoy-un-historico-acuerdo\\\/\",\"url\":\"https:\\\/\\\/cvinoticias.com\\\/v3\\\/el-mercosur-y-la-union-europea-sellaran-hoy-un-historico-acuerdo\\\/\",\"name\":\"Mercosur y UE firman hoy el acuerdo comercial m\u00e1s grande | CVI NOTICIAS\",\"isPartOf\":{\"@id\":\"https:\\\/\\\/cvinoticias.com\\\/v3\\\/#website\"},\"primaryImageOfPage\":{\"@id\":\"https:\\\/\\\/cvinoticias.com\\\/v3\\\/el-mercosur-y-la-union-europea-sellaran-hoy-un-historico-acuerdo\\\/#primaryimage\"},\"image\":{\"@id\":\"https:\\\/\\\/cvinoticias.com\\\/v3\\\/el-mercosur-y-la-union-europea-sellaran-hoy-un-historico-acuerdo\\\/#primaryimage\"},\"thumbnailUrl\":\"https:\\\/\\\/cvinoticias.com\\\/wp-content\\\/uploads\\\/2026\\\/01\\\/mercosur.png\",\"datePublished\":\"2026-01-17T14:07:37+00:00\",\"dateModified\":\"2026-01-17T14:07:40+00:00\",\"description\":\"Cancilleres del Mercosur y la UE firmar\u00e1n en Asunci\u00f3n el acuerdo que crea un mercado de 780 millones de personas.\",\"breadcrumb\":{\"@id\":\"https:\\\/\\\/cvinoticias.com\\\/v3\\\/el-mercosur-y-la-union-europea-sellaran-hoy-un-historico-acuerdo\\\/#breadcrumb\"},\"inLanguage\":\"es\",\"potentialAction\":[{\"@type\":\"ReadAction\",\"target\":[\"https:\\\/\\\/cvinoticias.com\\\/v3\\\/el-mercosur-y-la-union-europea-sellaran-hoy-un-historico-acuerdo\\\/\"]}]},{\"@type\":\"ImageObject\",\"inLanguage\":\"es\",\"@id\":\"https:\\\/\\\/cvinoticias.com\\\/v3\\\/el-mercosur-y-la-union-europea-sellaran-hoy-un-historico-acuerdo\\\/#primaryimage\",\"url\":\"https:\\\/\\\/cvinoticias.com\\\/wp-content\\\/uploads\\\/2026\\\/01\\\/mercosur.png\",\"contentUrl\":\"https:\\\/\\\/cvinoticias.com\\\/wp-content\\\/uploads\\\/2026\\\/01\\\/mercosur.png\",\"width\":1066,\"height\":568},{\"@type\":\"BreadcrumbList\",\"@id\":\"https:\\\/\\\/cvinoticias.com\\\/v3\\\/el-mercosur-y-la-union-europea-sellaran-hoy-un-historico-acuerdo\\\/#breadcrumb\",\"itemListElement\":[{\"@type\":\"ListItem\",\"position\":1,\"name\":\"Portada\",\"item\":\"https:\\\/\\\/cvinoticias.com\\\/v3\\\/\"},{\"@type\":\"ListItem\",\"position\":2,\"name\":\"El Mercosur y la Uni\u00f3n Europea sellar\u00e1n hoy un hist\u00f3rico acuerdo\"}]},{\"@type\":\"WebSite\",\"@id\":\"https:\\\/\\\/cvinoticias.com\\\/v3\\\/#website\",\"url\":\"https:\\\/\\\/cvinoticias.com\\\/v3\\\/\",\"name\":\"CVI NOTICIAS\",\"description\":\"\",\"publisher\":{\"@id\":\"https:\\\/\\\/cvinoticias.com\\\/v3\\\/#organization\"},\"alternateName\":\"CVI\",\"potentialAction\":[{\"@type\":\"SearchAction\",\"target\":{\"@type\":\"EntryPoint\",\"urlTemplate\":\"https:\\\/\\\/cvinoticias.com\\\/v3\\\/?s={search_term_string}\"},\"query-input\":{\"@type\":\"PropertyValueSpecification\",\"valueRequired\":true,\"valueName\":\"search_term_string\"}}],\"inLanguage\":\"es\"},{\"@type\":\"Organization\",\"@id\":\"https:\\\/\\\/cvinoticias.com\\\/v3\\\/#organization\",\"name\":\"CVI NOTICIAS\",\"url\":\"https:\\\/\\\/cvinoticias.com\\\/v3\\\/\",\"logo\":{\"@type\":\"ImageObject\",\"inLanguage\":\"es\",\"@id\":\"https:\\\/\\\/cvinoticias.com\\\/v3\\\/#\\\/schema\\\/logo\\\/image\\\/\",\"url\":\"https:\\\/\\\/cvinoticias.com\\\/wp-content\\\/uploads\\\/2023\\\/04\\\/cropped-cropped-cropped-cropped-cropped-3-1.png\",\"contentUrl\":\"https:\\\/\\\/cvinoticias.com\\\/wp-content\\\/uploads\\\/2023\\\/04\\\/cropped-cropped-cropped-cropped-cropped-3-1.png\",\"width\":95,\"height\":122,\"caption\":\"CVI NOTICIAS\"},\"image\":{\"@id\":\"https:\\\/\\\/cvinoticias.com\\\/v3\\\/#\\\/schema\\\/logo\\\/image\\\/\"},\"sameAs\":[\"https:\\\/\\\/www.facebook.com\\\/cvinoticias\",\"https:\\\/\\\/www.instagram.com\\\/cvinoticias\\\/\",\"https:\\\/\\\/www.youtube.com\\\/@CVINOTICIAS\"]},{\"@type\":\"Person\",\"@id\":\"https:\\\/\\\/cvinoticias.com\\\/v3\\\/#\\\/schema\\\/person\\\/2db77e3c6bc03c538495d7b2b8be9b66\",\"name\":\"f1000024\",\"image\":{\"@type\":\"ImageObject\",\"inLanguage\":\"es\",\"@id\":\"https:\\\/\\\/secure.gravatar.com\\\/avatar\\\/d4fe7459cfc51ff5129ce1a732bbef5928568b8092d412ef95611616376bbeed?s=96&d=mm&r=g\",\"url\":\"https:\\\/\\\/secure.gravatar.com\\\/avatar\\\/d4fe7459cfc51ff5129ce1a732bbef5928568b8092d412ef95611616376bbeed?s=96&d=mm&r=g\",\"contentUrl\":\"https:\\\/\\\/secure.gravatar.com\\\/avatar\\\/d4fe7459cfc51ff5129ce1a732bbef5928568b8092d412ef95611616376bbeed?s=96&d=mm&r=g\",\"caption\":\"f1000024\"},\"url\":\"https:\\\/\\\/cvinoticias.com\\\/v3\\\/author\\\/f1000024\\\/\"}]}<\/script>\n<!-- \/ Yoast SEO plugin. -->","yoast_head_json":{"title":"Mercosur y UE firman hoy el acuerdo comercial m\u00e1s grande | CVI NOTICIAS","description":"Cancilleres del Mercosur y la UE firmar\u00e1n en Asunci\u00f3n el acuerdo que crea un mercado de 780 millones de personas.","robots":{"index":"index","follow":"follow","max-snippet":"max-snippet:-1","max-image-preview":"max-image-preview:large","max-video-preview":"max-video-preview:-1"},"canonical":"https:\/\/cvinoticias.com\/v3\/el-mercosur-y-la-union-europea-sellaran-hoy-un-historico-acuerdo\/","og_locale":"es_ES","og_type":"article","og_title":"Mercosur y UE firman hoy el acuerdo comercial m\u00e1s grande | CVI NOTICIAS","og_description":"Cancilleres del Mercosur y la UE firmar\u00e1n en Asunci\u00f3n el acuerdo que crea un mercado de 780 millones de personas.","og_url":"https:\/\/cvinoticias.com\/v3\/el-mercosur-y-la-union-europea-sellaran-hoy-un-historico-acuerdo\/","og_site_name":"CVI NOTICIAS","article_publisher":"https:\/\/www.facebook.com\/cvinoticias","article_published_time":"2026-01-17T14:07:37+00:00","article_modified_time":"2026-01-17T14:07:40+00:00","og_image":[{"width":1066,"height":568,"url":"https:\/\/cvinoticias.com\/wp-content\/uploads\/2026\/01\/mercosur.png","type":"image\/png"}],"author":"f1000024","twitter_card":"summary_large_image","twitter_misc":{"Escrito por":"f1000024","Tiempo de lectura":"6 minutos"},"schema":{"@context":"https:\/\/schema.org","@graph":[{"@type":"Article","@id":"https:\/\/cvinoticias.com\/v3\/el-mercosur-y-la-union-europea-sellaran-hoy-un-historico-acuerdo\/#article","isPartOf":{"@id":"https:\/\/cvinoticias.com\/v3\/el-mercosur-y-la-union-europea-sellaran-hoy-un-historico-acuerdo\/"},"author":{"name":"f1000024","@id":"https:\/\/cvinoticias.com\/v3\/#\/schema\/person\/2db77e3c6bc03c538495d7b2b8be9b66"},"headline":"El Mercosur y la Uni\u00f3n Europea sellar\u00e1n hoy un hist\u00f3rico acuerdo","datePublished":"2026-01-17T14:07:37+00:00","dateModified":"2026-01-17T14:07:40+00:00","mainEntityOfPage":{"@id":"https:\/\/cvinoticias.com\/v3\/el-mercosur-y-la-union-europea-sellaran-hoy-un-historico-acuerdo\/"},"wordCount":1349,"commentCount":0,"publisher":{"@id":"https:\/\/cvinoticias.com\/v3\/#organization"},"image":{"@id":"https:\/\/cvinoticias.com\/v3\/el-mercosur-y-la-union-europea-sellaran-hoy-un-historico-acuerdo\/#primaryimage"},"thumbnailUrl":"https:\/\/cvinoticias.com\/wp-content\/uploads\/2026\/01\/mercosur.png","keywords":["Acuerdo","historico","Mercosur","Union Europea"],"articleSection":["Internacionales"],"inLanguage":"es","potentialAction":[{"@type":"CommentAction","name":"Comment","target":["https:\/\/cvinoticias.com\/v3\/el-mercosur-y-la-union-europea-sellaran-hoy-un-historico-acuerdo\/#respond"]}]},{"@type":"WebPage","@id":"https:\/\/cvinoticias.com\/v3\/el-mercosur-y-la-union-europea-sellaran-hoy-un-historico-acuerdo\/","url":"https:\/\/cvinoticias.com\/v3\/el-mercosur-y-la-union-europea-sellaran-hoy-un-historico-acuerdo\/","name":"Mercosur y UE firman hoy el acuerdo comercial m\u00e1s grande | CVI NOTICIAS","isPartOf":{"@id":"https:\/\/cvinoticias.com\/v3\/#website"},"primaryImageOfPage":{"@id":"https:\/\/cvinoticias.com\/v3\/el-mercosur-y-la-union-europea-sellaran-hoy-un-historico-acuerdo\/#primaryimage"},"image":{"@id":"https:\/\/cvinoticias.com\/v3\/el-mercosur-y-la-union-europea-sellaran-hoy-un-historico-acuerdo\/#primaryimage"},"thumbnailUrl":"https:\/\/cvinoticias.com\/wp-content\/uploads\/2026\/01\/mercosur.png","datePublished":"2026-01-17T14:07:37+00:00","dateModified":"2026-01-17T14:07:40+00:00","description":"Cancilleres del Mercosur y la UE firmar\u00e1n en Asunci\u00f3n el acuerdo que crea un mercado de 780 millones de personas.","breadcrumb":{"@id":"https:\/\/cvinoticias.com\/v3\/el-mercosur-y-la-union-europea-sellaran-hoy-un-historico-acuerdo\/#breadcrumb"},"inLanguage":"es","potentialAction":[{"@type":"ReadAction","target":["https:\/\/cvinoticias.com\/v3\/el-mercosur-y-la-union-europea-sellaran-hoy-un-historico-acuerdo\/"]}]},{"@type":"ImageObject","inLanguage":"es","@id":"https:\/\/cvinoticias.com\/v3\/el-mercosur-y-la-union-europea-sellaran-hoy-un-historico-acuerdo\/#primaryimage","url":"https:\/\/cvinoticias.com\/wp-content\/uploads\/2026\/01\/mercosur.png","contentUrl":"https:\/\/cvinoticias.com\/wp-content\/uploads\/2026\/01\/mercosur.png","width":1066,"height":568},{"@type":"BreadcrumbList","@id":"https:\/\/cvinoticias.com\/v3\/el-mercosur-y-la-union-europea-sellaran-hoy-un-historico-acuerdo\/#breadcrumb","itemListElement":[{"@type":"ListItem","position":1,"name":"Portada","item":"https:\/\/cvinoticias.com\/v3\/"},{"@type":"ListItem","position":2,"name":"El Mercosur y la Uni\u00f3n Europea sellar\u00e1n hoy un hist\u00f3rico acuerdo"}]},{"@type":"WebSite","@id":"https:\/\/cvinoticias.com\/v3\/#website","url":"https:\/\/cvinoticias.com\/v3\/","name":"CVI NOTICIAS","description":"","publisher":{"@id":"https:\/\/cvinoticias.com\/v3\/#organization"},"alternateName":"CVI","potentialAction":[{"@type":"SearchAction","target":{"@type":"EntryPoint","urlTemplate":"https:\/\/cvinoticias.com\/v3\/?s={search_term_string}"},"query-input":{"@type":"PropertyValueSpecification","valueRequired":true,"valueName":"search_term_string"}}],"inLanguage":"es"},{"@type":"Organization","@id":"https:\/\/cvinoticias.com\/v3\/#organization","name":"CVI NOTICIAS","url":"https:\/\/cvinoticias.com\/v3\/","logo":{"@type":"ImageObject","inLanguage":"es","@id":"https:\/\/cvinoticias.com\/v3\/#\/schema\/logo\/image\/","url":"https:\/\/cvinoticias.com\/wp-content\/uploads\/2023\/04\/cropped-cropped-cropped-cropped-cropped-3-1.png","contentUrl":"https:\/\/cvinoticias.com\/wp-content\/uploads\/2023\/04\/cropped-cropped-cropped-cropped-cropped-3-1.png","width":95,"height":122,"caption":"CVI NOTICIAS"},"image":{"@id":"https:\/\/cvinoticias.com\/v3\/#\/schema\/logo\/image\/"},"sameAs":["https:\/\/www.facebook.com\/cvinoticias","https:\/\/www.instagram.com\/cvinoticias\/","https:\/\/www.youtube.com\/@CVINOTICIAS"]},{"@type":"Person","@id":"https:\/\/cvinoticias.com\/v3\/#\/schema\/person\/2db77e3c6bc03c538495d7b2b8be9b66","name":"f1000024","image":{"@type":"ImageObject","inLanguage":"es","@id":"https:\/\/secure.gravatar.com\/avatar\/d4fe7459cfc51ff5129ce1a732bbef5928568b8092d412ef95611616376bbeed?s=96&d=mm&r=g","url":"https:\/\/secure.gravatar.com\/avatar\/d4fe7459cfc51ff5129ce1a732bbef5928568b8092d412ef95611616376bbeed?s=96&d=mm&r=g","contentUrl":"https:\/\/secure.gravatar.com\/avatar\/d4fe7459cfc51ff5129ce1a732bbef5928568b8092d412ef95611616376bbeed?s=96&d=mm&r=g","caption":"f1000024"},"url":"https:\/\/cvinoticias.com\/v3\/author\/f1000024\/"}]}},"_links":{"self":[{"href":"https:\/\/cvinoticias.com\/v3\/wp-json\/wp\/v2\/posts\/53710","targetHints":{"allow":["GET"]}}],"collection":[{"href":"https:\/\/cvinoticias.com\/v3\/wp-json\/wp\/v2\/posts"}],"about":[{"href":"https:\/\/cvinoticias.com\/v3\/wp-json\/wp\/v2\/types\/post"}],"author":[{"embeddable":true,"href":"https:\/\/cvinoticias.com\/v3\/wp-json\/wp\/v2\/users\/2"}],"replies":[{"embeddable":true,"href":"https:\/\/cvinoticias.com\/v3\/wp-json\/wp\/v2\/comments?post=53710"}],"version-history":[{"count":1,"href":"https:\/\/cvinoticias.com\/v3\/wp-json\/wp\/v2\/posts\/53710\/revisions"}],"predecessor-version":[{"id":53712,"href":"https:\/\/cvinoticias.com\/v3\/wp-json\/wp\/v2\/posts\/53710\/revisions\/53712"}],"wp:featuredmedia":[{"embeddable":true,"href":"https:\/\/cvinoticias.com\/v3\/wp-json\/wp\/v2\/media\/53711"}],"wp:attachment":[{"href":"https:\/\/cvinoticias.com\/v3\/wp-json\/wp\/v2\/media?parent=53710"}],"wp:term":[{"taxonomy":"category","embeddable":true,"href":"https:\/\/cvinoticias.com\/v3\/wp-json\/wp\/v2\/categories?post=53710"},{"taxonomy":"post_tag","embeddable":true,"href":"https:\/\/cvinoticias.com\/v3\/wp-json\/wp\/v2\/tags?post=53710"}],"curies":[{"name":"wp","href":"https:\/\/api.w.org\/{rel}","templated":true}]}}