{"id":53556,"date":"2026-01-12T12:04:26","date_gmt":"2026-01-12T15:04:26","guid":{"rendered":"https:\/\/cvinoticias.com\/v3\/?p=53556"},"modified":"2026-01-12T12:05:13","modified_gmt":"2026-01-12T15:05:13","slug":"maduro-hizo-llegar-su-primer-mensaje-desde-la-prision-en-nueva-york-no-esten-tristes","status":"publish","type":"post","link":"https:\/\/cvinoticias.com\/v3\/maduro-hizo-llegar-su-primer-mensaje-desde-la-prision-en-nueva-york-no-esten-tristes\/","title":{"rendered":"Maduro hizo llegar su primer mensaje desde la prisi\u00f3n en Nueva York: \u00abNo est\u00e9n tristes\u00bb"},"content":{"rendered":"\n<p>El expresidente de Venezuela, Nicol\u00e1s Maduro, cumpli\u00f3 este domingo una semana detenido en Nueva York y envi\u00f3 su primer mensaje p\u00fablico tras la operaci\u00f3n militar de Estados Unidos en territorio caribe\u00f1o, seg\u00fan inform\u00f3 su hijo Nicol\u00e1s Maduro Guerra, quien transmiti\u00f3 las palabras del exmandatario durante un encuentro partidario del chavismo.<\/p>\n\n\n\n<p>El mensaje fue difundido por dirigentes del Partido Socialista Unido de Venezuela (PSUV) a partir del testimonio de su hijo, Nicol\u00e1s Maduro Guerra, conocido como \u201cNicolasito\u201d, quien transmiti\u00f3 lo que su padre habl\u00f3 con sus abogados en Estados Unidos. Es la primera expresi\u00f3n indirecta del exmandatario desde su traslado al pa\u00eds norteamericano.<\/p>\n\n\n\n<p>Durante el acto partidario, Maduro Guerra asegur\u00f3 que su padre busc\u00f3 llevar tranquilidad a su entorno pol\u00edtico y personal. \u201cDijo que \u2018no est\u00e9n tristes, nosotros estamos bien, somos unos luchadores\u2019. Eso dijo Nicol\u00e1s, dijo \u2018soy un luchador\u2019\u201d, expres\u00f3 ante los militantes, en un mensaje que r\u00e1pidamente comenz\u00f3 a circular entre referentes chavistas.<\/p>\n\n\n\n<p>El hijo del exmandatario sostuvo adem\u00e1s que Maduro se encuentra en buen estado an\u00edmico y f\u00edsico mientras enfrenta un proceso judicial en Nueva York. \u201cNo lo vencieron. \u00c9l est\u00e1 fuerte, y nosotros tenemos que estar fuertes. Hoy no estamos quebrados, estamos enteros, estamos s\u00f3lidos. Lo que estamos es tristes y uno se expresa, llora\u201d, manifest\u00f3.<\/p>\n\n\n\n<p>En la misma l\u00ednea, insisti\u00f3 en la idea de resistencia frente a la intervenci\u00f3n estadounidense: \u201cUn hombre que no pudieron vencer por ninguna v\u00eda y tuvieron que usar una fuerza desproporcionada, pero no lo vencieron\u201d.<\/p>\n\n\n\n<p>El mensaje incluy\u00f3 tambi\u00e9n una apelaci\u00f3n directa a la cohesi\u00f3n interna del movimiento chavista. Maduro Guerra cit\u00f3 al expresidente Hugo Ch\u00e1vez y pidi\u00f3 \u201cmantener la unidad\u201d frente al nuevo escenario pol\u00edtico y judicial que atraviesa el espacio.<\/p>\n\n\n\n<p>\u201cLa fortaleza del chavismo est\u00e1 en la unidad. Y pase lo que pase, mantener la unidad entre nosotros. Confianza en Delcy (Rodr\u00edguez), confianza en Jorge (Rodr\u00edguez), confianza en Diosdado (Cabello)\u201d, concluy\u00f3, en un mensaje dirigido tanto a la dirigencia como a la militancia.<\/p>\n\n\n\n<p>Fuente: El Territorio<\/p>\n","protected":false},"excerpt":{"rendered":"<p>El expresidente de Venezuela, Nicol\u00e1s Maduro, cumpli\u00f3 este domingo una semana detenido en Nueva York y envi\u00f3 su primer mensaje p\u00fablico tras la operaci\u00f3n militar de Estados Unidos en territorio caribe\u00f1o, seg\u00fan inform\u00f3 su hijo Nicol\u00e1s Maduro Guerra, quien transmiti\u00f3 las palabras del exmandatario durante un encuentro partidario del chavismo. El mensaje fue difundido por [&hellip;]<\/p>\n","protected":false},"author":2,"featured_media":53557,"comment_status":"open","ping_status":"closed","sticky":false,"template":"","format":"standard","meta":{"footnotes":""},"categories":[36],"tags":[4302,4668,4869],"class_list":["post-53556","post","type-post","status-publish","format-standard","has-post-thumbnail","hentry","category-internacionales","tag-maduro","tag-mensaje","tag-tristes"],"yoast_head":"<!-- This site is optimized with the Yoast SEO plugin v27.4 - https:\/\/yoast.com\/product\/yoast-seo-wordpress\/ -->\n<title>Maduro env\u00eda su primer mensaje desde la c\u00e1rcel en Nueva York\u201d | CVI NOTICIAS<\/title>\n<meta name=\"description\" content=\"Nicol\u00e1s Maduro envi\u00f3 su primer mensaje desde la c\u00e1rcel, difundido por su hijo y dirigentes chavistas, asegurando que \u201cest\u00e1n bien\u201d.\" \/>\n<meta name=\"robots\" content=\"index, follow, max-snippet:-1, max-image-preview:large, max-video-preview:-1\" \/>\n<link rel=\"canonical\" href=\"https:\/\/cvinoticias.com\/v3\/maduro-hizo-llegar-su-primer-mensaje-desde-la-prision-en-nueva-york-no-esten-tristes\/\" \/>\n<meta property=\"og:locale\" content=\"es_ES\" \/>\n<meta property=\"og:type\" content=\"article\" \/>\n<meta property=\"og:title\" content=\"Maduro env\u00eda su primer mensaje desde la c\u00e1rcel en Nueva York\u201d | CVI NOTICIAS\" \/>\n<meta property=\"og:description\" content=\"Nicol\u00e1s Maduro envi\u00f3 su primer mensaje desde la c\u00e1rcel, difundido por su hijo y dirigentes chavistas, asegurando que \u201cest\u00e1n bien\u201d.\" \/>\n<meta property=\"og:url\" content=\"https:\/\/cvinoticias.com\/v3\/maduro-hizo-llegar-su-primer-mensaje-desde-la-prision-en-nueva-york-no-esten-tristes\/\" \/>\n<meta property=\"og:site_name\" content=\"CVI NOTICIAS\" \/>\n<meta property=\"article:publisher\" content=\"https:\/\/www.facebook.com\/cvinoticias\" \/>\n<meta property=\"article:published_time\" content=\"2026-01-12T15:04:26+00:00\" \/>\n<meta property=\"article:modified_time\" content=\"2026-01-12T15:05:13+00:00\" \/>\n<meta property=\"og:image\" content=\"https:\/\/cvinoticias.com\/wp-content\/uploads\/2026\/01\/md-2-1.webp\" \/>\n\t<meta property=\"og:image:width\" content=\"992\" \/>\n\t<meta property=\"og:image:height\" content=\"660\" \/>\n\t<meta property=\"og:image:type\" content=\"image\/webp\" \/>\n<meta name=\"author\" content=\"f1000024\" \/>\n<meta name=\"twitter:card\" content=\"summary_large_image\" \/>\n<meta name=\"twitter:label1\" content=\"Escrito por\" \/>\n\t<meta name=\"twitter:data1\" content=\"f1000024\" \/>\n\t<meta name=\"twitter:label2\" content=\"Tiempo de lectura\" \/>\n\t<meta name=\"twitter:data2\" content=\"2 minutos\" \/>\n<script type=\"application\/ld+json\" class=\"yoast-schema-graph\">{\"@context\":\"https:\\\/\\\/schema.org\",\"@graph\":[{\"@type\":\"Article\",\"@id\":\"https:\\\/\\\/cvinoticias.com\\\/v3\\\/maduro-hizo-llegar-su-primer-mensaje-desde-la-prision-en-nueva-york-no-esten-tristes\\\/#article\",\"isPartOf\":{\"@id\":\"https:\\\/\\\/cvinoticias.com\\\/v3\\\/maduro-hizo-llegar-su-primer-mensaje-desde-la-prision-en-nueva-york-no-esten-tristes\\\/\"},\"author\":{\"name\":\"f1000024\",\"@id\":\"https:\\\/\\\/cvinoticias.com\\\/v3\\\/#\\\/schema\\\/person\\\/2db77e3c6bc03c538495d7b2b8be9b66\"},\"headline\":\"Maduro hizo llegar su primer mensaje desde la prisi\u00f3n en Nueva York: \u00abNo est\u00e9n tristes\u00bb\",\"datePublished\":\"2026-01-12T15:04:26+00:00\",\"dateModified\":\"2026-01-12T15:05:13+00:00\",\"mainEntityOfPage\":{\"@id\":\"https:\\\/\\\/cvinoticias.com\\\/v3\\\/maduro-hizo-llegar-su-primer-mensaje-desde-la-prision-en-nueva-york-no-esten-tristes\\\/\"},\"wordCount\":371,\"commentCount\":0,\"publisher\":{\"@id\":\"https:\\\/\\\/cvinoticias.com\\\/v3\\\/#organization\"},\"image\":{\"@id\":\"https:\\\/\\\/cvinoticias.com\\\/v3\\\/maduro-hizo-llegar-su-primer-mensaje-desde-la-prision-en-nueva-york-no-esten-tristes\\\/#primaryimage\"},\"thumbnailUrl\":\"https:\\\/\\\/cvinoticias.com\\\/wp-content\\\/uploads\\\/2026\\\/01\\\/md-2-1.webp\",\"keywords\":[\"Maduro\",\"mensaje\",\"tristes\"],\"articleSection\":[\"Internacionales\"],\"inLanguage\":\"es\",\"potentialAction\":[{\"@type\":\"CommentAction\",\"name\":\"Comment\",\"target\":[\"https:\\\/\\\/cvinoticias.com\\\/v3\\\/maduro-hizo-llegar-su-primer-mensaje-desde-la-prision-en-nueva-york-no-esten-tristes\\\/#respond\"]}]},{\"@type\":\"WebPage\",\"@id\":\"https:\\\/\\\/cvinoticias.com\\\/v3\\\/maduro-hizo-llegar-su-primer-mensaje-desde-la-prision-en-nueva-york-no-esten-tristes\\\/\",\"url\":\"https:\\\/\\\/cvinoticias.com\\\/v3\\\/maduro-hizo-llegar-su-primer-mensaje-desde-la-prision-en-nueva-york-no-esten-tristes\\\/\",\"name\":\"Maduro env\u00eda su primer mensaje desde la c\u00e1rcel en Nueva York\u201d | CVI NOTICIAS\",\"isPartOf\":{\"@id\":\"https:\\\/\\\/cvinoticias.com\\\/v3\\\/#website\"},\"primaryImageOfPage\":{\"@id\":\"https:\\\/\\\/cvinoticias.com\\\/v3\\\/maduro-hizo-llegar-su-primer-mensaje-desde-la-prision-en-nueva-york-no-esten-tristes\\\/#primaryimage\"},\"image\":{\"@id\":\"https:\\\/\\\/cvinoticias.com\\\/v3\\\/maduro-hizo-llegar-su-primer-mensaje-desde-la-prision-en-nueva-york-no-esten-tristes\\\/#primaryimage\"},\"thumbnailUrl\":\"https:\\\/\\\/cvinoticias.com\\\/wp-content\\\/uploads\\\/2026\\\/01\\\/md-2-1.webp\",\"datePublished\":\"2026-01-12T15:04:26+00:00\",\"dateModified\":\"2026-01-12T15:05:13+00:00\",\"description\":\"Nicol\u00e1s Maduro envi\u00f3 su primer mensaje desde la c\u00e1rcel, difundido por su hijo y dirigentes chavistas, asegurando que \u201cest\u00e1n bien\u201d.\",\"breadcrumb\":{\"@id\":\"https:\\\/\\\/cvinoticias.com\\\/v3\\\/maduro-hizo-llegar-su-primer-mensaje-desde-la-prision-en-nueva-york-no-esten-tristes\\\/#breadcrumb\"},\"inLanguage\":\"es\",\"potentialAction\":[{\"@type\":\"ReadAction\",\"target\":[\"https:\\\/\\\/cvinoticias.com\\\/v3\\\/maduro-hizo-llegar-su-primer-mensaje-desde-la-prision-en-nueva-york-no-esten-tristes\\\/\"]}]},{\"@type\":\"ImageObject\",\"inLanguage\":\"es\",\"@id\":\"https:\\\/\\\/cvinoticias.com\\\/v3\\\/maduro-hizo-llegar-su-primer-mensaje-desde-la-prision-en-nueva-york-no-esten-tristes\\\/#primaryimage\",\"url\":\"https:\\\/\\\/cvinoticias.com\\\/wp-content\\\/uploads\\\/2026\\\/01\\\/md-2-1.webp\",\"contentUrl\":\"https:\\\/\\\/cvinoticias.com\\\/wp-content\\\/uploads\\\/2026\\\/01\\\/md-2-1.webp\",\"width\":992,\"height\":660},{\"@type\":\"BreadcrumbList\",\"@id\":\"https:\\\/\\\/cvinoticias.com\\\/v3\\\/maduro-hizo-llegar-su-primer-mensaje-desde-la-prision-en-nueva-york-no-esten-tristes\\\/#breadcrumb\",\"itemListElement\":[{\"@type\":\"ListItem\",\"position\":1,\"name\":\"Portada\",\"item\":\"https:\\\/\\\/cvinoticias.com\\\/v3\\\/\"},{\"@type\":\"ListItem\",\"position\":2,\"name\":\"Maduro hizo llegar su primer mensaje desde la prisi\u00f3n en Nueva York: \u00abNo est\u00e9n tristes\u00bb\"}]},{\"@type\":\"WebSite\",\"@id\":\"https:\\\/\\\/cvinoticias.com\\\/v3\\\/#website\",\"url\":\"https:\\\/\\\/cvinoticias.com\\\/v3\\\/\",\"name\":\"CVI NOTICIAS\",\"description\":\"\",\"publisher\":{\"@id\":\"https:\\\/\\\/cvinoticias.com\\\/v3\\\/#organization\"},\"alternateName\":\"CVI\",\"potentialAction\":[{\"@type\":\"SearchAction\",\"target\":{\"@type\":\"EntryPoint\",\"urlTemplate\":\"https:\\\/\\\/cvinoticias.com\\\/v3\\\/?s={search_term_string}\"},\"query-input\":{\"@type\":\"PropertyValueSpecification\",\"valueRequired\":true,\"valueName\":\"search_term_string\"}}],\"inLanguage\":\"es\"},{\"@type\":\"Organization\",\"@id\":\"https:\\\/\\\/cvinoticias.com\\\/v3\\\/#organization\",\"name\":\"CVI NOTICIAS\",\"url\":\"https:\\\/\\\/cvinoticias.com\\\/v3\\\/\",\"logo\":{\"@type\":\"ImageObject\",\"inLanguage\":\"es\",\"@id\":\"https:\\\/\\\/cvinoticias.com\\\/v3\\\/#\\\/schema\\\/logo\\\/image\\\/\",\"url\":\"https:\\\/\\\/cvinoticias.com\\\/wp-content\\\/uploads\\\/2023\\\/04\\\/cropped-cropped-cropped-cropped-cropped-3-1.png\",\"contentUrl\":\"https:\\\/\\\/cvinoticias.com\\\/wp-content\\\/uploads\\\/2023\\\/04\\\/cropped-cropped-cropped-cropped-cropped-3-1.png\",\"width\":95,\"height\":122,\"caption\":\"CVI NOTICIAS\"},\"image\":{\"@id\":\"https:\\\/\\\/cvinoticias.com\\\/v3\\\/#\\\/schema\\\/logo\\\/image\\\/\"},\"sameAs\":[\"https:\\\/\\\/www.facebook.com\\\/cvinoticias\",\"https:\\\/\\\/www.instagram.com\\\/cvinoticias\\\/\",\"https:\\\/\\\/www.youtube.com\\\/@CVINOTICIAS\"]},{\"@type\":\"Person\",\"@id\":\"https:\\\/\\\/cvinoticias.com\\\/v3\\\/#\\\/schema\\\/person\\\/2db77e3c6bc03c538495d7b2b8be9b66\",\"name\":\"f1000024\",\"image\":{\"@type\":\"ImageObject\",\"inLanguage\":\"es\",\"@id\":\"https:\\\/\\\/secure.gravatar.com\\\/avatar\\\/d4fe7459cfc51ff5129ce1a732bbef5928568b8092d412ef95611616376bbeed?s=96&d=mm&r=g\",\"url\":\"https:\\\/\\\/secure.gravatar.com\\\/avatar\\\/d4fe7459cfc51ff5129ce1a732bbef5928568b8092d412ef95611616376bbeed?s=96&d=mm&r=g\",\"contentUrl\":\"https:\\\/\\\/secure.gravatar.com\\\/avatar\\\/d4fe7459cfc51ff5129ce1a732bbef5928568b8092d412ef95611616376bbeed?s=96&d=mm&r=g\",\"caption\":\"f1000024\"},\"url\":\"https:\\\/\\\/cvinoticias.com\\\/v3\\\/author\\\/f1000024\\\/\"}]}<\/script>\n<!-- \/ Yoast SEO plugin. -->","yoast_head_json":{"title":"Maduro env\u00eda su primer mensaje desde la c\u00e1rcel en Nueva York\u201d | CVI NOTICIAS","description":"Nicol\u00e1s Maduro envi\u00f3 su primer mensaje desde la c\u00e1rcel, difundido por su hijo y dirigentes chavistas, asegurando que \u201cest\u00e1n bien\u201d.","robots":{"index":"index","follow":"follow","max-snippet":"max-snippet:-1","max-image-preview":"max-image-preview:large","max-video-preview":"max-video-preview:-1"},"canonical":"https:\/\/cvinoticias.com\/v3\/maduro-hizo-llegar-su-primer-mensaje-desde-la-prision-en-nueva-york-no-esten-tristes\/","og_locale":"es_ES","og_type":"article","og_title":"Maduro env\u00eda su primer mensaje desde la c\u00e1rcel en Nueva York\u201d | CVI NOTICIAS","og_description":"Nicol\u00e1s Maduro envi\u00f3 su primer mensaje desde la c\u00e1rcel, difundido por su hijo y dirigentes chavistas, asegurando que \u201cest\u00e1n bien\u201d.","og_url":"https:\/\/cvinoticias.com\/v3\/maduro-hizo-llegar-su-primer-mensaje-desde-la-prision-en-nueva-york-no-esten-tristes\/","og_site_name":"CVI NOTICIAS","article_publisher":"https:\/\/www.facebook.com\/cvinoticias","article_published_time":"2026-01-12T15:04:26+00:00","article_modified_time":"2026-01-12T15:05:13+00:00","og_image":[{"width":992,"height":660,"url":"https:\/\/cvinoticias.com\/wp-content\/uploads\/2026\/01\/md-2-1.webp","type":"image\/webp"}],"author":"f1000024","twitter_card":"summary_large_image","twitter_misc":{"Escrito por":"f1000024","Tiempo de lectura":"2 minutos"},"schema":{"@context":"https:\/\/schema.org","@graph":[{"@type":"Article","@id":"https:\/\/cvinoticias.com\/v3\/maduro-hizo-llegar-su-primer-mensaje-desde-la-prision-en-nueva-york-no-esten-tristes\/#article","isPartOf":{"@id":"https:\/\/cvinoticias.com\/v3\/maduro-hizo-llegar-su-primer-mensaje-desde-la-prision-en-nueva-york-no-esten-tristes\/"},"author":{"name":"f1000024","@id":"https:\/\/cvinoticias.com\/v3\/#\/schema\/person\/2db77e3c6bc03c538495d7b2b8be9b66"},"headline":"Maduro hizo llegar su primer mensaje desde la prisi\u00f3n en Nueva York: \u00abNo est\u00e9n tristes\u00bb","datePublished":"2026-01-12T15:04:26+00:00","dateModified":"2026-01-12T15:05:13+00:00","mainEntityOfPage":{"@id":"https:\/\/cvinoticias.com\/v3\/maduro-hizo-llegar-su-primer-mensaje-desde-la-prision-en-nueva-york-no-esten-tristes\/"},"wordCount":371,"commentCount":0,"publisher":{"@id":"https:\/\/cvinoticias.com\/v3\/#organization"},"image":{"@id":"https:\/\/cvinoticias.com\/v3\/maduro-hizo-llegar-su-primer-mensaje-desde-la-prision-en-nueva-york-no-esten-tristes\/#primaryimage"},"thumbnailUrl":"https:\/\/cvinoticias.com\/wp-content\/uploads\/2026\/01\/md-2-1.webp","keywords":["Maduro","mensaje","tristes"],"articleSection":["Internacionales"],"inLanguage":"es","potentialAction":[{"@type":"CommentAction","name":"Comment","target":["https:\/\/cvinoticias.com\/v3\/maduro-hizo-llegar-su-primer-mensaje-desde-la-prision-en-nueva-york-no-esten-tristes\/#respond"]}]},{"@type":"WebPage","@id":"https:\/\/cvinoticias.com\/v3\/maduro-hizo-llegar-su-primer-mensaje-desde-la-prision-en-nueva-york-no-esten-tristes\/","url":"https:\/\/cvinoticias.com\/v3\/maduro-hizo-llegar-su-primer-mensaje-desde-la-prision-en-nueva-york-no-esten-tristes\/","name":"Maduro env\u00eda su primer mensaje desde la c\u00e1rcel en Nueva York\u201d | CVI NOTICIAS","isPartOf":{"@id":"https:\/\/cvinoticias.com\/v3\/#website"},"primaryImageOfPage":{"@id":"https:\/\/cvinoticias.com\/v3\/maduro-hizo-llegar-su-primer-mensaje-desde-la-prision-en-nueva-york-no-esten-tristes\/#primaryimage"},"image":{"@id":"https:\/\/cvinoticias.com\/v3\/maduro-hizo-llegar-su-primer-mensaje-desde-la-prision-en-nueva-york-no-esten-tristes\/#primaryimage"},"thumbnailUrl":"https:\/\/cvinoticias.com\/wp-content\/uploads\/2026\/01\/md-2-1.webp","datePublished":"2026-01-12T15:04:26+00:00","dateModified":"2026-01-12T15:05:13+00:00","description":"Nicol\u00e1s Maduro envi\u00f3 su primer mensaje desde la c\u00e1rcel, difundido por su hijo y dirigentes chavistas, asegurando que \u201cest\u00e1n bien\u201d.","breadcrumb":{"@id":"https:\/\/cvinoticias.com\/v3\/maduro-hizo-llegar-su-primer-mensaje-desde-la-prision-en-nueva-york-no-esten-tristes\/#breadcrumb"},"inLanguage":"es","potentialAction":[{"@type":"ReadAction","target":["https:\/\/cvinoticias.com\/v3\/maduro-hizo-llegar-su-primer-mensaje-desde-la-prision-en-nueva-york-no-esten-tristes\/"]}]},{"@type":"ImageObject","inLanguage":"es","@id":"https:\/\/cvinoticias.com\/v3\/maduro-hizo-llegar-su-primer-mensaje-desde-la-prision-en-nueva-york-no-esten-tristes\/#primaryimage","url":"https:\/\/cvinoticias.com\/wp-content\/uploads\/2026\/01\/md-2-1.webp","contentUrl":"https:\/\/cvinoticias.com\/wp-content\/uploads\/2026\/01\/md-2-1.webp","width":992,"height":660},{"@type":"BreadcrumbList","@id":"https:\/\/cvinoticias.com\/v3\/maduro-hizo-llegar-su-primer-mensaje-desde-la-prision-en-nueva-york-no-esten-tristes\/#breadcrumb","itemListElement":[{"@type":"ListItem","position":1,"name":"Portada","item":"https:\/\/cvinoticias.com\/v3\/"},{"@type":"ListItem","position":2,"name":"Maduro hizo llegar su primer mensaje desde la prisi\u00f3n en Nueva York: \u00abNo est\u00e9n tristes\u00bb"}]},{"@type":"WebSite","@id":"https:\/\/cvinoticias.com\/v3\/#website","url":"https:\/\/cvinoticias.com\/v3\/","name":"CVI NOTICIAS","description":"","publisher":{"@id":"https:\/\/cvinoticias.com\/v3\/#organization"},"alternateName":"CVI","potentialAction":[{"@type":"SearchAction","target":{"@type":"EntryPoint","urlTemplate":"https:\/\/cvinoticias.com\/v3\/?s={search_term_string}"},"query-input":{"@type":"PropertyValueSpecification","valueRequired":true,"valueName":"search_term_string"}}],"inLanguage":"es"},{"@type":"Organization","@id":"https:\/\/cvinoticias.com\/v3\/#organization","name":"CVI NOTICIAS","url":"https:\/\/cvinoticias.com\/v3\/","logo":{"@type":"ImageObject","inLanguage":"es","@id":"https:\/\/cvinoticias.com\/v3\/#\/schema\/logo\/image\/","url":"https:\/\/cvinoticias.com\/wp-content\/uploads\/2023\/04\/cropped-cropped-cropped-cropped-cropped-3-1.png","contentUrl":"https:\/\/cvinoticias.com\/wp-content\/uploads\/2023\/04\/cropped-cropped-cropped-cropped-cropped-3-1.png","width":95,"height":122,"caption":"CVI NOTICIAS"},"image":{"@id":"https:\/\/cvinoticias.com\/v3\/#\/schema\/logo\/image\/"},"sameAs":["https:\/\/www.facebook.com\/cvinoticias","https:\/\/www.instagram.com\/cvinoticias\/","https:\/\/www.youtube.com\/@CVINOTICIAS"]},{"@type":"Person","@id":"https:\/\/cvinoticias.com\/v3\/#\/schema\/person\/2db77e3c6bc03c538495d7b2b8be9b66","name":"f1000024","image":{"@type":"ImageObject","inLanguage":"es","@id":"https:\/\/secure.gravatar.com\/avatar\/d4fe7459cfc51ff5129ce1a732bbef5928568b8092d412ef95611616376bbeed?s=96&d=mm&r=g","url":"https:\/\/secure.gravatar.com\/avatar\/d4fe7459cfc51ff5129ce1a732bbef5928568b8092d412ef95611616376bbeed?s=96&d=mm&r=g","contentUrl":"https:\/\/secure.gravatar.com\/avatar\/d4fe7459cfc51ff5129ce1a732bbef5928568b8092d412ef95611616376bbeed?s=96&d=mm&r=g","caption":"f1000024"},"url":"https:\/\/cvinoticias.com\/v3\/author\/f1000024\/"}]}},"_links":{"self":[{"href":"https:\/\/cvinoticias.com\/v3\/wp-json\/wp\/v2\/posts\/53556","targetHints":{"allow":["GET"]}}],"collection":[{"href":"https:\/\/cvinoticias.com\/v3\/wp-json\/wp\/v2\/posts"}],"about":[{"href":"https:\/\/cvinoticias.com\/v3\/wp-json\/wp\/v2\/types\/post"}],"author":[{"embeddable":true,"href":"https:\/\/cvinoticias.com\/v3\/wp-json\/wp\/v2\/users\/2"}],"replies":[{"embeddable":true,"href":"https:\/\/cvinoticias.com\/v3\/wp-json\/wp\/v2\/comments?post=53556"}],"version-history":[{"count":1,"href":"https:\/\/cvinoticias.com\/v3\/wp-json\/wp\/v2\/posts\/53556\/revisions"}],"predecessor-version":[{"id":53558,"href":"https:\/\/cvinoticias.com\/v3\/wp-json\/wp\/v2\/posts\/53556\/revisions\/53558"}],"wp:featuredmedia":[{"embeddable":true,"href":"https:\/\/cvinoticias.com\/v3\/wp-json\/wp\/v2\/media\/53557"}],"wp:attachment":[{"href":"https:\/\/cvinoticias.com\/v3\/wp-json\/wp\/v2\/media?parent=53556"}],"wp:term":[{"taxonomy":"category","embeddable":true,"href":"https:\/\/cvinoticias.com\/v3\/wp-json\/wp\/v2\/categories?post=53556"},{"taxonomy":"post_tag","embeddable":true,"href":"https:\/\/cvinoticias.com\/v3\/wp-json\/wp\/v2\/tags?post=53556"}],"curies":[{"name":"wp","href":"https:\/\/api.w.org\/{rel}","templated":true}]}}