{"id":53532,"date":"2026-01-10T11:06:27","date_gmt":"2026-01-10T14:06:27","guid":{"rendered":"https:\/\/cvinoticias.com\/v3\/?p=53532"},"modified":"2026-01-10T11:06:28","modified_gmt":"2026-01-10T14:06:28","slug":"historico-acuerdo-entre-el-mercosur-y-la-union-europea-cuales-seran-los-principales-beneficios","status":"publish","type":"post","link":"https:\/\/cvinoticias.com\/v3\/historico-acuerdo-entre-el-mercosur-y-la-union-europea-cuales-seran-los-principales-beneficios\/","title":{"rendered":"Hist\u00f3rico acuerdo entre el Mercosur y la Uni\u00f3n Europea: cu\u00e1les ser\u00e1n los principales beneficios"},"content":{"rendered":"\n<p>El bloque de los 27 pa\u00edses de la Uni\u00f3n Europea es uno de los socios comerciales m\u00e1s importantes para la Argentina y otros integrantes del Mercosur. En noviembre pasado ocup\u00f3 el tercer lugar y dej\u00f3 un saldo comercial positivo de US$146 millones. Sin embargo, en los once meses transcurridos de 2025, seg\u00fan el Indec, el comercio con la Uni\u00f3n Europea registr\u00f3 un&nbsp;<strong>saldo negativo de US$1703 millones<\/strong>. Esta regi\u00f3n concentr\u00f3 el 10% de las ventas argentinas al exterior y 13,7% de las compras.<\/p>\n\n\n\n<p>Tiene una de las mayores econom\u00edas del mundo y&nbsp;<strong>es el mayor exportador mundial de productos manufacturados y servicios.<\/strong>&nbsp;Representa, aproximadamente, un 14 % del comercio mundial de mercanc\u00edas. El Mercosur, por su parte, de solo cuatro miembros plenos, cuenta con 260 millones de habitantes con un PBI per c\u00e1pita de unos US$10.000, pero solo genera 1,5% del comercio internacional total.<\/p>\n\n\n\n<h3 class=\"wp-block-heading\">Eliminaci\u00f3n de aranceles para el 92% de las exportaciones del Mercosur<\/h3>\n\n\n\n<p>Un informe del Centro de Implementaci\u00f3n de Pol\u00edticas P\u00fablicas para la Equidad y el Crecimiento (Cippec) asegura que el acuerdo \u201csignifica tender un puente econ\u00f3mico, cultural y pol\u00edtico con una regi\u00f3n que representa&nbsp;<strong>el 20% del Producto Bruto Interno (PBI) mundial<\/strong>, con&nbsp;<strong>una poblaci\u00f3n de 500 millones de personas<\/strong>&nbsp;con un&nbsp;<strong>ingreso per c\u00e1pita promedio de US$34.000<\/strong>, alto desarrollo tecnol\u00f3gico y una integraci\u00f3n comunitaria sin paralelo en otras latitudes\u201d.<\/p>\n\n\n\n<h3 class=\"wp-block-heading\">El proceso todav\u00eda no termin\u00f3, aunque hay un avance muy importante<\/h3>\n\n\n\n<p>Seg\u00fan Cippec, hay ventajas, pero tambi\u00e9n grandes desaf\u00edos. \u201cLas principales oportunidades para el Mercosur se centran en la<strong>&nbsp;consolidaci\u00f3n de su base exportadora de productos agropecuarios<\/strong>&nbsp;(materias primas y procesados). Al mismo tiempo, la mayor vinculaci\u00f3n con un bloque econ\u00f3mico de alto ingreso ofrece&nbsp;<strong>oportunidades de desarrollo para actividades de producci\u00f3n de bienes y servicios que hoy encuentran dificultades de acceso<\/strong>. A su vez, los mayores desaf\u00edos habr\u00e1n de venir de la&nbsp;<strong>competencia en productos industriales<\/strong>\u201d, advierte la entidad.<\/p>\n\n\n\n<p>Las ventas argentinas se concentran en productos primarios y Manufacturas de Origen Agropecuario (MOA) como<strong>&nbsp;pellets de soja, oro, biodi\u00e9sel, camarones, carne bovina, man\u00ed, vinos y limones.&nbsp;<\/strong>En noviembre, el 50,7% de las exportaciones a la Uni\u00f3n Europea estuvo constituido por la venta de harina y pellets de la extracci\u00f3n del aceite de soja; aluminio sin alear y carne bovina, fresca o refrigerada, deshuesada.<strong>&nbsp;Se importa maquinaria y elementos el\u00e9ctricos, productos qu\u00edmicos, material de transporte, metales<\/strong>.<\/p>\n\n\n\n<p>Tambi\u00e9n entra en juego un factor que a la Uni\u00f3n Europea le resulta vital y que el Mercosur puede proveer:&nbsp;<strong>la compra de energ\u00eda<\/strong>, especialmente en un contexto global inestable, con amenazas de guerra y destrucci\u00f3n.<\/p>\n\n\n\n<p>El acuerdo contiene un esquema de baja de aranceles, aunque hay que prestar atenci\u00f3n a las barreras no arancelarias que siempre complican al comercio y que a veces son \u201cexcusas\u201d para restringir la entrada de productos.<\/p>\n\n\n\n<h3 class=\"wp-block-heading\">Posibles incrementos comercial entre bloques<\/h3>\n\n\n\n<p>De acuerdo a La Naci\u00f3n,&nbsp;<strong>Marcelo Elizondo<\/strong>, especialista en negocios internacionales, indica que \u201cse estima que&nbsp;<strong>este acuerdo podr\u00eda generar un incremento del comercio entre ambos bloques de hasta 30% en un tiempo prudencial<\/strong>, dadas las altas trabas en frontera existentes en ambos mercados hasta hoy que ser\u00e1n removidas o atenuadas. Se prev\u00e9 que&nbsp;<strong>podr\u00eda incrementarse la inversi\u00f3n extranjera europea en Sudam\u00e9rica<\/strong>, dada la propensi\u00f3n europea en la materia: 25% del stock total de inversi\u00f3n extranjera en el mundo pertenece a empresas europeas (ya hoy la Uni\u00f3n Europea es el mayor inversor externo en Argentina y ello podr\u00eda incrementarse)\u201c, confirma.<\/p>\n\n\n\n<p>Seg\u00fan Elizondo, el pacto prev\u00e9 que -gradualmente y en algunos casos con plazos no menores- la UE eliminar\u00e1 aranceles para el 92% de las exportaciones provenientes desde el Mercosur (la mayor\u00eda, inmediatamente; y una minor\u00eda con plazo diferido) y para el resto prev\u00e9 ingresos desgravados solo para cuotas.<\/p>\n\n\n\n<p><strong>El Mercosur, en tanto, elimina aranceles para 91% de sus importaciones desde la Uni\u00f3n Europea<\/strong>&nbsp;(la mayor\u00eda de manera gradual y en tiempo diferido) y deja excluidos de esos beneficios al 9% restante (por considerarlos productos sensibles).<\/p>\n\n\n\n<p>Adem\u00e1s,&nbsp;<strong>se remueven obst\u00e1culos para el comercio de servicios entre ambos<\/strong>, se permite a empresas sudamericanas participar de compras p\u00fablicas en igualdad de condiciones y se profundiza el compromiso de facilitaci\u00f3n de comercio, eliminando complejidades burocr\u00e1ticas pactadas en la OMC.<\/p>\n\n\n\n<p>Por ende, \u201c<strong>este pacto cambia la matriz del Mercosur y lo internacionaliza.<\/strong>&nbsp;Adem\u00e1s, genera oportunidades para la agroproducci\u00f3n por la apertura de mercados a trav\u00e9s de la reducci\u00f3n arancelaria (aunque las normas no arancelarias europeas, que son complejas siguen vigentes para nuestra oferta) y puede alentar la inversi\u00f3n europea para completar procesos productivos en el Mercosur\u201d, analiza el experto.<\/p>\n\n\n\n<p>Fuente: Canal 12 Misiones<\/p>\n","protected":false},"excerpt":{"rendered":"<p>El bloque de los 27 pa\u00edses de la Uni\u00f3n Europea es uno de los socios comerciales m\u00e1s importantes para la Argentina y otros integrantes del Mercosur. En noviembre pasado ocup\u00f3 el tercer lugar y dej\u00f3 un saldo comercial positivo de US$146 millones. Sin embargo, en los once meses transcurridos de 2025, seg\u00fan el Indec, el [&hellip;]<\/p>\n","protected":false},"author":2,"featured_media":53533,"comment_status":"open","ping_status":"closed","sticky":false,"template":"","format":"standard","meta":{"footnotes":""},"categories":[36],"tags":[1725,784,4864],"class_list":["post-53532","post","type-post","status-publish","format-standard","has-post-thumbnail","hentry","category-internacionales","tag-acuerdo","tag-mercosur","tag-union-europea-2"],"yoast_head":"<!-- This site is optimized with the Yoast SEO plugin v27.4 - https:\/\/yoast.com\/product\/yoast-seo-wordpress\/ -->\n<title>Acuerdo Mercosur\u2013UE: los principales beneficios para Argentina | CVI NOTICIAS<\/title>\n<meta name=\"description\" content=\"El acuerdo entre el Mercosur y la Uni\u00f3n Europea prev\u00e9 baja de aranceles, m\u00e1s comercio, inversiones y oportunidades para la producci\u00f3n regional.\" \/>\n<meta name=\"robots\" content=\"index, follow, max-snippet:-1, max-image-preview:large, max-video-preview:-1\" \/>\n<link rel=\"canonical\" href=\"https:\/\/cvinoticias.com\/v3\/historico-acuerdo-entre-el-mercosur-y-la-union-europea-cuales-seran-los-principales-beneficios\/\" \/>\n<meta property=\"og:locale\" content=\"es_ES\" \/>\n<meta property=\"og:type\" content=\"article\" \/>\n<meta property=\"og:title\" content=\"Acuerdo Mercosur\u2013UE: los principales beneficios para Argentina | CVI NOTICIAS\" \/>\n<meta property=\"og:description\" content=\"El acuerdo entre el Mercosur y la Uni\u00f3n Europea prev\u00e9 baja de aranceles, m\u00e1s comercio, inversiones y oportunidades para la producci\u00f3n regional.\" \/>\n<meta property=\"og:url\" content=\"https:\/\/cvinoticias.com\/v3\/historico-acuerdo-entre-el-mercosur-y-la-union-europea-cuales-seran-los-principales-beneficios\/\" \/>\n<meta property=\"og:site_name\" content=\"CVI NOTICIAS\" \/>\n<meta property=\"article:publisher\" content=\"https:\/\/www.facebook.com\/cvinoticias\" \/>\n<meta property=\"article:published_time\" content=\"2026-01-10T14:06:27+00:00\" \/>\n<meta property=\"article:modified_time\" content=\"2026-01-10T14:06:28+00:00\" \/>\n<meta property=\"og:image\" content=\"https:\/\/cvinoticias.com\/wp-content\/uploads\/2026\/01\/UE-MERCOSUR.jpg\" \/>\n\t<meta property=\"og:image:width\" content=\"999\" \/>\n\t<meta property=\"og:image:height\" content=\"562\" \/>\n\t<meta property=\"og:image:type\" content=\"image\/jpeg\" \/>\n<meta name=\"author\" content=\"f1000024\" \/>\n<meta name=\"twitter:card\" content=\"summary_large_image\" \/>\n<meta name=\"twitter:label1\" content=\"Escrito por\" \/>\n\t<meta name=\"twitter:data1\" content=\"f1000024\" \/>\n\t<meta name=\"twitter:label2\" content=\"Tiempo de lectura\" \/>\n\t<meta name=\"twitter:data2\" content=\"4 minutos\" \/>\n<script type=\"application\/ld+json\" class=\"yoast-schema-graph\">{\"@context\":\"https:\\\/\\\/schema.org\",\"@graph\":[{\"@type\":\"Article\",\"@id\":\"https:\\\/\\\/cvinoticias.com\\\/v3\\\/historico-acuerdo-entre-el-mercosur-y-la-union-europea-cuales-seran-los-principales-beneficios\\\/#article\",\"isPartOf\":{\"@id\":\"https:\\\/\\\/cvinoticias.com\\\/v3\\\/historico-acuerdo-entre-el-mercosur-y-la-union-europea-cuales-seran-los-principales-beneficios\\\/\"},\"author\":{\"name\":\"f1000024\",\"@id\":\"https:\\\/\\\/cvinoticias.com\\\/v3\\\/#\\\/schema\\\/person\\\/2db77e3c6bc03c538495d7b2b8be9b66\"},\"headline\":\"Hist\u00f3rico acuerdo entre el Mercosur y la Uni\u00f3n Europea: cu\u00e1les ser\u00e1n los principales beneficios\",\"datePublished\":\"2026-01-10T14:06:27+00:00\",\"dateModified\":\"2026-01-10T14:06:28+00:00\",\"mainEntityOfPage\":{\"@id\":\"https:\\\/\\\/cvinoticias.com\\\/v3\\\/historico-acuerdo-entre-el-mercosur-y-la-union-europea-cuales-seran-los-principales-beneficios\\\/\"},\"wordCount\":841,\"commentCount\":0,\"publisher\":{\"@id\":\"https:\\\/\\\/cvinoticias.com\\\/v3\\\/#organization\"},\"image\":{\"@id\":\"https:\\\/\\\/cvinoticias.com\\\/v3\\\/historico-acuerdo-entre-el-mercosur-y-la-union-europea-cuales-seran-los-principales-beneficios\\\/#primaryimage\"},\"thumbnailUrl\":\"https:\\\/\\\/cvinoticias.com\\\/wp-content\\\/uploads\\\/2026\\\/01\\\/UE-MERCOSUR.jpg\",\"keywords\":[\"Acuerdo\",\"Mercosur\",\"Union Europea\"],\"articleSection\":[\"Internacionales\"],\"inLanguage\":\"es\",\"potentialAction\":[{\"@type\":\"CommentAction\",\"name\":\"Comment\",\"target\":[\"https:\\\/\\\/cvinoticias.com\\\/v3\\\/historico-acuerdo-entre-el-mercosur-y-la-union-europea-cuales-seran-los-principales-beneficios\\\/#respond\"]}]},{\"@type\":\"WebPage\",\"@id\":\"https:\\\/\\\/cvinoticias.com\\\/v3\\\/historico-acuerdo-entre-el-mercosur-y-la-union-europea-cuales-seran-los-principales-beneficios\\\/\",\"url\":\"https:\\\/\\\/cvinoticias.com\\\/v3\\\/historico-acuerdo-entre-el-mercosur-y-la-union-europea-cuales-seran-los-principales-beneficios\\\/\",\"name\":\"Acuerdo Mercosur\u2013UE: los principales beneficios para Argentina | CVI NOTICIAS\",\"isPartOf\":{\"@id\":\"https:\\\/\\\/cvinoticias.com\\\/v3\\\/#website\"},\"primaryImageOfPage\":{\"@id\":\"https:\\\/\\\/cvinoticias.com\\\/v3\\\/historico-acuerdo-entre-el-mercosur-y-la-union-europea-cuales-seran-los-principales-beneficios\\\/#primaryimage\"},\"image\":{\"@id\":\"https:\\\/\\\/cvinoticias.com\\\/v3\\\/historico-acuerdo-entre-el-mercosur-y-la-union-europea-cuales-seran-los-principales-beneficios\\\/#primaryimage\"},\"thumbnailUrl\":\"https:\\\/\\\/cvinoticias.com\\\/wp-content\\\/uploads\\\/2026\\\/01\\\/UE-MERCOSUR.jpg\",\"datePublished\":\"2026-01-10T14:06:27+00:00\",\"dateModified\":\"2026-01-10T14:06:28+00:00\",\"description\":\"El acuerdo entre el Mercosur y la Uni\u00f3n Europea prev\u00e9 baja de aranceles, m\u00e1s comercio, inversiones y oportunidades para la producci\u00f3n regional.\",\"breadcrumb\":{\"@id\":\"https:\\\/\\\/cvinoticias.com\\\/v3\\\/historico-acuerdo-entre-el-mercosur-y-la-union-europea-cuales-seran-los-principales-beneficios\\\/#breadcrumb\"},\"inLanguage\":\"es\",\"potentialAction\":[{\"@type\":\"ReadAction\",\"target\":[\"https:\\\/\\\/cvinoticias.com\\\/v3\\\/historico-acuerdo-entre-el-mercosur-y-la-union-europea-cuales-seran-los-principales-beneficios\\\/\"]}]},{\"@type\":\"ImageObject\",\"inLanguage\":\"es\",\"@id\":\"https:\\\/\\\/cvinoticias.com\\\/v3\\\/historico-acuerdo-entre-el-mercosur-y-la-union-europea-cuales-seran-los-principales-beneficios\\\/#primaryimage\",\"url\":\"https:\\\/\\\/cvinoticias.com\\\/wp-content\\\/uploads\\\/2026\\\/01\\\/UE-MERCOSUR.jpg\",\"contentUrl\":\"https:\\\/\\\/cvinoticias.com\\\/wp-content\\\/uploads\\\/2026\\\/01\\\/UE-MERCOSUR.jpg\",\"width\":999,\"height\":562},{\"@type\":\"BreadcrumbList\",\"@id\":\"https:\\\/\\\/cvinoticias.com\\\/v3\\\/historico-acuerdo-entre-el-mercosur-y-la-union-europea-cuales-seran-los-principales-beneficios\\\/#breadcrumb\",\"itemListElement\":[{\"@type\":\"ListItem\",\"position\":1,\"name\":\"Portada\",\"item\":\"https:\\\/\\\/cvinoticias.com\\\/v3\\\/\"},{\"@type\":\"ListItem\",\"position\":2,\"name\":\"Hist\u00f3rico acuerdo entre el Mercosur y la Uni\u00f3n Europea: cu\u00e1les ser\u00e1n los principales beneficios\"}]},{\"@type\":\"WebSite\",\"@id\":\"https:\\\/\\\/cvinoticias.com\\\/v3\\\/#website\",\"url\":\"https:\\\/\\\/cvinoticias.com\\\/v3\\\/\",\"name\":\"CVI NOTICIAS\",\"description\":\"\",\"publisher\":{\"@id\":\"https:\\\/\\\/cvinoticias.com\\\/v3\\\/#organization\"},\"alternateName\":\"CVI\",\"potentialAction\":[{\"@type\":\"SearchAction\",\"target\":{\"@type\":\"EntryPoint\",\"urlTemplate\":\"https:\\\/\\\/cvinoticias.com\\\/v3\\\/?s={search_term_string}\"},\"query-input\":{\"@type\":\"PropertyValueSpecification\",\"valueRequired\":true,\"valueName\":\"search_term_string\"}}],\"inLanguage\":\"es\"},{\"@type\":\"Organization\",\"@id\":\"https:\\\/\\\/cvinoticias.com\\\/v3\\\/#organization\",\"name\":\"CVI NOTICIAS\",\"url\":\"https:\\\/\\\/cvinoticias.com\\\/v3\\\/\",\"logo\":{\"@type\":\"ImageObject\",\"inLanguage\":\"es\",\"@id\":\"https:\\\/\\\/cvinoticias.com\\\/v3\\\/#\\\/schema\\\/logo\\\/image\\\/\",\"url\":\"https:\\\/\\\/cvinoticias.com\\\/wp-content\\\/uploads\\\/2023\\\/04\\\/cropped-cropped-cropped-cropped-cropped-3-1.png\",\"contentUrl\":\"https:\\\/\\\/cvinoticias.com\\\/wp-content\\\/uploads\\\/2023\\\/04\\\/cropped-cropped-cropped-cropped-cropped-3-1.png\",\"width\":95,\"height\":122,\"caption\":\"CVI NOTICIAS\"},\"image\":{\"@id\":\"https:\\\/\\\/cvinoticias.com\\\/v3\\\/#\\\/schema\\\/logo\\\/image\\\/\"},\"sameAs\":[\"https:\\\/\\\/www.facebook.com\\\/cvinoticias\",\"https:\\\/\\\/www.instagram.com\\\/cvinoticias\\\/\",\"https:\\\/\\\/www.youtube.com\\\/@CVINOTICIAS\"]},{\"@type\":\"Person\",\"@id\":\"https:\\\/\\\/cvinoticias.com\\\/v3\\\/#\\\/schema\\\/person\\\/2db77e3c6bc03c538495d7b2b8be9b66\",\"name\":\"f1000024\",\"image\":{\"@type\":\"ImageObject\",\"inLanguage\":\"es\",\"@id\":\"https:\\\/\\\/secure.gravatar.com\\\/avatar\\\/d4fe7459cfc51ff5129ce1a732bbef5928568b8092d412ef95611616376bbeed?s=96&d=mm&r=g\",\"url\":\"https:\\\/\\\/secure.gravatar.com\\\/avatar\\\/d4fe7459cfc51ff5129ce1a732bbef5928568b8092d412ef95611616376bbeed?s=96&d=mm&r=g\",\"contentUrl\":\"https:\\\/\\\/secure.gravatar.com\\\/avatar\\\/d4fe7459cfc51ff5129ce1a732bbef5928568b8092d412ef95611616376bbeed?s=96&d=mm&r=g\",\"caption\":\"f1000024\"},\"url\":\"https:\\\/\\\/cvinoticias.com\\\/v3\\\/author\\\/f1000024\\\/\"}]}<\/script>\n<!-- \/ Yoast SEO plugin. -->","yoast_head_json":{"title":"Acuerdo Mercosur\u2013UE: los principales beneficios para Argentina | CVI NOTICIAS","description":"El acuerdo entre el Mercosur y la Uni\u00f3n Europea prev\u00e9 baja de aranceles, m\u00e1s comercio, inversiones y oportunidades para la producci\u00f3n regional.","robots":{"index":"index","follow":"follow","max-snippet":"max-snippet:-1","max-image-preview":"max-image-preview:large","max-video-preview":"max-video-preview:-1"},"canonical":"https:\/\/cvinoticias.com\/v3\/historico-acuerdo-entre-el-mercosur-y-la-union-europea-cuales-seran-los-principales-beneficios\/","og_locale":"es_ES","og_type":"article","og_title":"Acuerdo Mercosur\u2013UE: los principales beneficios para Argentina | CVI NOTICIAS","og_description":"El acuerdo entre el Mercosur y la Uni\u00f3n Europea prev\u00e9 baja de aranceles, m\u00e1s comercio, inversiones y oportunidades para la producci\u00f3n regional.","og_url":"https:\/\/cvinoticias.com\/v3\/historico-acuerdo-entre-el-mercosur-y-la-union-europea-cuales-seran-los-principales-beneficios\/","og_site_name":"CVI NOTICIAS","article_publisher":"https:\/\/www.facebook.com\/cvinoticias","article_published_time":"2026-01-10T14:06:27+00:00","article_modified_time":"2026-01-10T14:06:28+00:00","og_image":[{"width":999,"height":562,"url":"https:\/\/cvinoticias.com\/wp-content\/uploads\/2026\/01\/UE-MERCOSUR.jpg","type":"image\/jpeg"}],"author":"f1000024","twitter_card":"summary_large_image","twitter_misc":{"Escrito por":"f1000024","Tiempo de lectura":"4 minutos"},"schema":{"@context":"https:\/\/schema.org","@graph":[{"@type":"Article","@id":"https:\/\/cvinoticias.com\/v3\/historico-acuerdo-entre-el-mercosur-y-la-union-europea-cuales-seran-los-principales-beneficios\/#article","isPartOf":{"@id":"https:\/\/cvinoticias.com\/v3\/historico-acuerdo-entre-el-mercosur-y-la-union-europea-cuales-seran-los-principales-beneficios\/"},"author":{"name":"f1000024","@id":"https:\/\/cvinoticias.com\/v3\/#\/schema\/person\/2db77e3c6bc03c538495d7b2b8be9b66"},"headline":"Hist\u00f3rico acuerdo entre el Mercosur y la Uni\u00f3n Europea: cu\u00e1les ser\u00e1n los principales beneficios","datePublished":"2026-01-10T14:06:27+00:00","dateModified":"2026-01-10T14:06:28+00:00","mainEntityOfPage":{"@id":"https:\/\/cvinoticias.com\/v3\/historico-acuerdo-entre-el-mercosur-y-la-union-europea-cuales-seran-los-principales-beneficios\/"},"wordCount":841,"commentCount":0,"publisher":{"@id":"https:\/\/cvinoticias.com\/v3\/#organization"},"image":{"@id":"https:\/\/cvinoticias.com\/v3\/historico-acuerdo-entre-el-mercosur-y-la-union-europea-cuales-seran-los-principales-beneficios\/#primaryimage"},"thumbnailUrl":"https:\/\/cvinoticias.com\/wp-content\/uploads\/2026\/01\/UE-MERCOSUR.jpg","keywords":["Acuerdo","Mercosur","Union Europea"],"articleSection":["Internacionales"],"inLanguage":"es","potentialAction":[{"@type":"CommentAction","name":"Comment","target":["https:\/\/cvinoticias.com\/v3\/historico-acuerdo-entre-el-mercosur-y-la-union-europea-cuales-seran-los-principales-beneficios\/#respond"]}]},{"@type":"WebPage","@id":"https:\/\/cvinoticias.com\/v3\/historico-acuerdo-entre-el-mercosur-y-la-union-europea-cuales-seran-los-principales-beneficios\/","url":"https:\/\/cvinoticias.com\/v3\/historico-acuerdo-entre-el-mercosur-y-la-union-europea-cuales-seran-los-principales-beneficios\/","name":"Acuerdo Mercosur\u2013UE: los principales beneficios para Argentina | CVI NOTICIAS","isPartOf":{"@id":"https:\/\/cvinoticias.com\/v3\/#website"},"primaryImageOfPage":{"@id":"https:\/\/cvinoticias.com\/v3\/historico-acuerdo-entre-el-mercosur-y-la-union-europea-cuales-seran-los-principales-beneficios\/#primaryimage"},"image":{"@id":"https:\/\/cvinoticias.com\/v3\/historico-acuerdo-entre-el-mercosur-y-la-union-europea-cuales-seran-los-principales-beneficios\/#primaryimage"},"thumbnailUrl":"https:\/\/cvinoticias.com\/wp-content\/uploads\/2026\/01\/UE-MERCOSUR.jpg","datePublished":"2026-01-10T14:06:27+00:00","dateModified":"2026-01-10T14:06:28+00:00","description":"El acuerdo entre el Mercosur y la Uni\u00f3n Europea prev\u00e9 baja de aranceles, m\u00e1s comercio, inversiones y oportunidades para la producci\u00f3n regional.","breadcrumb":{"@id":"https:\/\/cvinoticias.com\/v3\/historico-acuerdo-entre-el-mercosur-y-la-union-europea-cuales-seran-los-principales-beneficios\/#breadcrumb"},"inLanguage":"es","potentialAction":[{"@type":"ReadAction","target":["https:\/\/cvinoticias.com\/v3\/historico-acuerdo-entre-el-mercosur-y-la-union-europea-cuales-seran-los-principales-beneficios\/"]}]},{"@type":"ImageObject","inLanguage":"es","@id":"https:\/\/cvinoticias.com\/v3\/historico-acuerdo-entre-el-mercosur-y-la-union-europea-cuales-seran-los-principales-beneficios\/#primaryimage","url":"https:\/\/cvinoticias.com\/wp-content\/uploads\/2026\/01\/UE-MERCOSUR.jpg","contentUrl":"https:\/\/cvinoticias.com\/wp-content\/uploads\/2026\/01\/UE-MERCOSUR.jpg","width":999,"height":562},{"@type":"BreadcrumbList","@id":"https:\/\/cvinoticias.com\/v3\/historico-acuerdo-entre-el-mercosur-y-la-union-europea-cuales-seran-los-principales-beneficios\/#breadcrumb","itemListElement":[{"@type":"ListItem","position":1,"name":"Portada","item":"https:\/\/cvinoticias.com\/v3\/"},{"@type":"ListItem","position":2,"name":"Hist\u00f3rico acuerdo entre el Mercosur y la Uni\u00f3n Europea: cu\u00e1les ser\u00e1n los principales beneficios"}]},{"@type":"WebSite","@id":"https:\/\/cvinoticias.com\/v3\/#website","url":"https:\/\/cvinoticias.com\/v3\/","name":"CVI NOTICIAS","description":"","publisher":{"@id":"https:\/\/cvinoticias.com\/v3\/#organization"},"alternateName":"CVI","potentialAction":[{"@type":"SearchAction","target":{"@type":"EntryPoint","urlTemplate":"https:\/\/cvinoticias.com\/v3\/?s={search_term_string}"},"query-input":{"@type":"PropertyValueSpecification","valueRequired":true,"valueName":"search_term_string"}}],"inLanguage":"es"},{"@type":"Organization","@id":"https:\/\/cvinoticias.com\/v3\/#organization","name":"CVI NOTICIAS","url":"https:\/\/cvinoticias.com\/v3\/","logo":{"@type":"ImageObject","inLanguage":"es","@id":"https:\/\/cvinoticias.com\/v3\/#\/schema\/logo\/image\/","url":"https:\/\/cvinoticias.com\/wp-content\/uploads\/2023\/04\/cropped-cropped-cropped-cropped-cropped-3-1.png","contentUrl":"https:\/\/cvinoticias.com\/wp-content\/uploads\/2023\/04\/cropped-cropped-cropped-cropped-cropped-3-1.png","width":95,"height":122,"caption":"CVI NOTICIAS"},"image":{"@id":"https:\/\/cvinoticias.com\/v3\/#\/schema\/logo\/image\/"},"sameAs":["https:\/\/www.facebook.com\/cvinoticias","https:\/\/www.instagram.com\/cvinoticias\/","https:\/\/www.youtube.com\/@CVINOTICIAS"]},{"@type":"Person","@id":"https:\/\/cvinoticias.com\/v3\/#\/schema\/person\/2db77e3c6bc03c538495d7b2b8be9b66","name":"f1000024","image":{"@type":"ImageObject","inLanguage":"es","@id":"https:\/\/secure.gravatar.com\/avatar\/d4fe7459cfc51ff5129ce1a732bbef5928568b8092d412ef95611616376bbeed?s=96&d=mm&r=g","url":"https:\/\/secure.gravatar.com\/avatar\/d4fe7459cfc51ff5129ce1a732bbef5928568b8092d412ef95611616376bbeed?s=96&d=mm&r=g","contentUrl":"https:\/\/secure.gravatar.com\/avatar\/d4fe7459cfc51ff5129ce1a732bbef5928568b8092d412ef95611616376bbeed?s=96&d=mm&r=g","caption":"f1000024"},"url":"https:\/\/cvinoticias.com\/v3\/author\/f1000024\/"}]}},"_links":{"self":[{"href":"https:\/\/cvinoticias.com\/v3\/wp-json\/wp\/v2\/posts\/53532","targetHints":{"allow":["GET"]}}],"collection":[{"href":"https:\/\/cvinoticias.com\/v3\/wp-json\/wp\/v2\/posts"}],"about":[{"href":"https:\/\/cvinoticias.com\/v3\/wp-json\/wp\/v2\/types\/post"}],"author":[{"embeddable":true,"href":"https:\/\/cvinoticias.com\/v3\/wp-json\/wp\/v2\/users\/2"}],"replies":[{"embeddable":true,"href":"https:\/\/cvinoticias.com\/v3\/wp-json\/wp\/v2\/comments?post=53532"}],"version-history":[{"count":1,"href":"https:\/\/cvinoticias.com\/v3\/wp-json\/wp\/v2\/posts\/53532\/revisions"}],"predecessor-version":[{"id":53534,"href":"https:\/\/cvinoticias.com\/v3\/wp-json\/wp\/v2\/posts\/53532\/revisions\/53534"}],"wp:featuredmedia":[{"embeddable":true,"href":"https:\/\/cvinoticias.com\/v3\/wp-json\/wp\/v2\/media\/53533"}],"wp:attachment":[{"href":"https:\/\/cvinoticias.com\/v3\/wp-json\/wp\/v2\/media?parent=53532"}],"wp:term":[{"taxonomy":"category","embeddable":true,"href":"https:\/\/cvinoticias.com\/v3\/wp-json\/wp\/v2\/categories?post=53532"},{"taxonomy":"post_tag","embeddable":true,"href":"https:\/\/cvinoticias.com\/v3\/wp-json\/wp\/v2\/tags?post=53532"}],"curies":[{"name":"wp","href":"https:\/\/api.w.org\/{rel}","templated":true}]}}