{"id":53526,"date":"2026-01-10T11:00:09","date_gmt":"2026-01-10T14:00:09","guid":{"rendered":"https:\/\/cvinoticias.com\/v3\/?p=53526"},"modified":"2026-01-10T11:00:10","modified_gmt":"2026-01-10T14:00:10","slug":"solo-9-excarcelados-continua-la-vigilia-por-presos-politicos-en-venezuela","status":"publish","type":"post","link":"https:\/\/cvinoticias.com\/v3\/solo-9-excarcelados-continua-la-vigilia-por-presos-politicos-en-venezuela\/","title":{"rendered":"Solo 9 excarcelados: contin\u00faa la vigilia por presos pol\u00edticos en Venezuela"},"content":{"rendered":"\n<p>Los familiares de presos pol\u00edticos en Venezuela mantienen una <strong>vigilia de m\u00e1s de 48 horas<\/strong> a la espera de la liberaci\u00f3n de sus seres queridos. La expectativa surgi\u00f3 luego de que el r\u00e9gimen anunciara la excarcelaci\u00f3n de un \u201cn\u00famero importante\u201d de detenidos. Sin embargo, hasta el momento <strong>solo 9 personas recuperaron la libertad<\/strong>, de un total de <strong>820 detenidos<\/strong>, seg\u00fan datos de la ONG Foro Penal.<\/p>\n\n\n\n<h3 class=\"wp-block-heading\">Incertidumbre y reclamos de familiares<\/h3>\n\n\n\n<p>Ante el anuncio oficial, <strong>familiares y activistas de derechos humanos<\/strong> se manifestaron frente a la sede del <strong>Helicoide<\/strong>, en Caracas, para exigir que contin\u00fae la liberaci\u00f3n de presos pol\u00edticos.<br>Foro Penal inform\u00f3 que, hasta el <strong>5 de enero<\/strong>, todav\u00eda contabilizaba <strong>806 personas detenidas por motivos pol\u00edticos<\/strong>. De ese total, <strong>68 permanec\u00edan en paradero desconocido<\/strong> y <strong>9 cumpl\u00edan arresto domiciliario<\/strong>.<\/p>\n\n\n\n<h3 class=\"wp-block-heading\">Principales centros de detenci\u00f3n<\/h3>\n\n\n\n<p>Organizaciones no gubernamentales se\u00f1alaron que <strong>El Rodeo I, Tocor\u00f3n, Ramo Verde, El Helicoide y Yare II<\/strong> concentran la mayor cantidad de presos pol\u00edticos en Venezuela. Estos centros figuran de manera recurrente en los reportes sobre detenciones arbitrarias y excarcelaciones parciales.<\/p>\n\n\n\n<p>No obstante, estos establecimientos forman parte de una red m\u00e1s amplia. En total, <strong>al menos 120 centros de detenci\u00f3n<\/strong> alojan personas encarceladas por razones pol\u00edticas en todo el pa\u00eds.<\/p>\n\n\n\n<h3 class=\"wp-block-heading\">Rodeo I y denuncias de vulnerabilidad<\/h3>\n\n\n\n<p>Foro Penal report\u00f3 que en el <strong>Internado Judicial Rodeo I<\/strong> permanecen <strong>102 presos pol\u00edticos<\/strong>. Entre ellos se encuentra <strong>Rafael Tudares<\/strong>, yerno del l\u00edder opositor Edmundo Gonz\u00e1lez Urrutia, adem\u00e1s de varios ciudadanos extranjeros.<\/p>\n\n\n\n<p>El <strong>Observatorio Venezolano de Prisiones (OVP)<\/strong> denunci\u00f3 a mediados de diciembre la falta de informaci\u00f3n oficial sobre los detenidos en ese penal. Seg\u00fan la organizaci\u00f3n, esta situaci\u00f3n incrementa su <strong>estado de vulnerabilidad<\/strong>.<\/p>\n\n\n\n<p>Adem\u00e1s, el OVP advirti\u00f3 que <strong>cinco presos pol\u00edticos<\/strong> permanecieron durante <strong>49 d\u00edas bajo un r\u00e9gimen de castigo<\/strong>. Ese r\u00e9gimen les impidi\u00f3 recibir visitas y los paquetes enviados por sus familias, incluidos alimentos y medicamentos.<\/p>\n\n\n\n<h3 class=\"wp-block-heading\">Condiciones extremas de detenci\u00f3n<\/h3>\n\n\n\n<p>La ONG denunci\u00f3 que los detenidos <strong>Henryberth Rivas, Antonio Sequea, Juan Carlos Monasterios, Rafael Castro<\/strong> y una persona identificada como <strong>Franco<\/strong> se encontraban en condiciones extremas. Seg\u00fan el informe, permanec\u00edan <strong>esposados de forma permanente<\/strong>, desnudos y con acceso muy limitado a comida y agua.<\/p>\n\n\n\n<h3 class=\"wp-block-heading\">Tocor\u00f3n y otras c\u00e1rceles<\/h3>\n\n\n\n<p>En el <strong>Centro Penitenciario de Aragua<\/strong>, conocido como <strong>Tocor\u00f3n<\/strong>, Foro Penal contabiliz\u00f3 <strong>99 presos pol\u00edticos<\/strong>. Este penal fue reabierto en agosto de 2024 como c\u00e1rcel de \u201cm\u00e1xima seguridad\u201d por orden de <strong>Nicol\u00e1s Maduro<\/strong>. All\u00ed fueron trasladados detenidos tras las protestas posteriores a las elecciones presidenciales de julio.<\/p>\n\n\n\n<p>El gobierno justific\u00f3 la medida con un supuesto plan de \u201creeducaci\u00f3n\u201d y producci\u00f3n. Con el mismo objetivo, reactiv\u00f3 el <strong>Internado Judicial de Carabobo (Tocuyito)<\/strong>, donde se registran <strong>14 presos pol\u00edticos<\/strong>.<\/p>\n\n\n\n<h3 class=\"wp-block-heading\">Ramo Verde y El Helicoide<\/h3>\n\n\n\n<p>El penal militar <strong>Ramo Verde<\/strong> alberga <strong>77 presos pol\u00edticos<\/strong>, lo que lo convierte en la tercera c\u00e1rcel con m\u00e1s detenidos por razones pol\u00edticas. En ese lugar estuvo detenido el general <strong>Ra\u00fal Isa\u00edas Baduel<\/strong>, fallecido bajo custodia en 2021. Tambi\u00e9n cumpli\u00f3 condena all\u00ed el dirigente opositor <strong>Leopoldo L\u00f3pez<\/strong>.<\/p>\n\n\n\n<p>Por su parte, <strong>El Helicoide<\/strong> aloja actualmente a <strong>57 presos pol\u00edticos<\/strong>. Desde ese centro fueron liberados recientemente <strong>Enrique M\u00e1rquez y Biagio Pilieri<\/strong>. Diversas organizaciones describen este lugar como uno de los principales centros de tortura del pa\u00eds.<\/p>\n\n\n\n<h3 class=\"wp-block-heading\">Prisiones femeninas y balance final<\/h3>\n\n\n\n<p>Los centros <strong>Yare II y Yare III<\/strong> albergan <strong>42 y 38 presos pol\u00edticos<\/strong>, respectivamente. A ellos se suma el penal <strong>F\u00e9nix Carabobo<\/strong>, con <strong>20 detenidos<\/strong>.<\/p>\n\n\n\n<p>En cuanto a las prisiones femeninas, <strong>La Cris\u00e1lida<\/strong> registra <strong>20 mujeres detenidas<\/strong> y el <strong>Instituto Nacional de Orientaci\u00f3n Femenina<\/strong>, <strong>16<\/strong>. El resto de los detenidos se distribuye en comisar\u00edas, c\u00e1rceles comunes, instalaciones militares y comandos de la Guardia Nacional.<\/p>\n\n\n\n<p>Desde <strong>2015<\/strong>, el Observatorio Venezolano de Prisiones document\u00f3 la <strong>muerte de 25 presos pol\u00edticos bajo custodia<\/strong>, siendo la m\u00e1s reciente la del exgobernador <strong>Alfredo D\u00edaz<\/strong>.<\/p>\n","protected":false},"excerpt":{"rendered":"<p>Los familiares de presos pol\u00edticos en Venezuela mantienen una vigilia de m\u00e1s de 48 horas a la espera de la liberaci\u00f3n de sus seres queridos. La expectativa surgi\u00f3 luego de que el r\u00e9gimen anunciara la excarcelaci\u00f3n de un \u201cn\u00famero importante\u201d de detenidos. Sin embargo, hasta el momento solo 9 personas recuperaron la libertad, de un [&hellip;]<\/p>\n","protected":false},"author":2,"featured_media":53527,"comment_status":"open","ping_status":"closed","sticky":false,"template":"","format":"standard","meta":{"footnotes":""},"categories":[36],"tags":[4863,2380,4303],"class_list":["post-53526","post","type-post","status-publish","format-standard","has-post-thumbnail","hentry","category-internacionales","tag-politicos","tag-presos","tag-venezuela"],"yoast_head":"<!-- This site is optimized with the Yoast SEO plugin v27.5 - https:\/\/yoast.com\/product\/yoast-seo-wordpress\/ -->\n<title>Solo 9 liberados: crece la vigilia por presos pol\u00edticos en Venezuela | CVI NOTICIAS<\/title>\n<meta name=\"description\" content=\"Familiares y ONG denuncian que solo 9 presos pol\u00edticos fueron excarcelados en Venezuela, pese al anuncio oficial de liberaciones.\" \/>\n<meta name=\"robots\" content=\"index, follow, max-snippet:-1, max-image-preview:large, max-video-preview:-1\" \/>\n<link rel=\"canonical\" href=\"https:\/\/cvinoticias.com\/v3\/solo-9-excarcelados-continua-la-vigilia-por-presos-politicos-en-venezuela\/\" \/>\n<meta property=\"og:locale\" content=\"es_ES\" \/>\n<meta property=\"og:type\" content=\"article\" \/>\n<meta property=\"og:title\" content=\"Solo 9 liberados: crece la vigilia por presos pol\u00edticos en Venezuela | CVI NOTICIAS\" \/>\n<meta property=\"og:description\" content=\"Familiares y ONG denuncian que solo 9 presos pol\u00edticos fueron excarcelados en Venezuela, pese al anuncio oficial de liberaciones.\" \/>\n<meta property=\"og:url\" content=\"https:\/\/cvinoticias.com\/v3\/solo-9-excarcelados-continua-la-vigilia-por-presos-politicos-en-venezuela\/\" \/>\n<meta property=\"og:site_name\" content=\"CVI NOTICIAS\" \/>\n<meta property=\"article:publisher\" content=\"https:\/\/www.facebook.com\/cvinoticias\" \/>\n<meta property=\"article:published_time\" content=\"2026-01-10T14:00:09+00:00\" \/>\n<meta property=\"article:modified_time\" content=\"2026-01-10T14:00:10+00:00\" \/>\n<meta property=\"og:image\" content=\"https:\/\/cvinoticias.com\/wp-content\/uploads\/2026\/01\/venezuela-1.webp\" \/>\n\t<meta property=\"og:image:width\" content=\"992\" \/>\n\t<meta property=\"og:image:height\" content=\"661\" \/>\n\t<meta property=\"og:image:type\" content=\"image\/webp\" \/>\n<meta name=\"author\" content=\"f1000024\" \/>\n<meta name=\"twitter:card\" content=\"summary_large_image\" \/>\n<meta name=\"twitter:label1\" content=\"Escrito por\" \/>\n\t<meta name=\"twitter:data1\" content=\"f1000024\" \/>\n\t<meta name=\"twitter:label2\" content=\"Tiempo de lectura\" \/>\n\t<meta name=\"twitter:data2\" content=\"4 minutos\" \/>\n<script type=\"application\/ld+json\" class=\"yoast-schema-graph\">{\"@context\":\"https:\\\/\\\/schema.org\",\"@graph\":[{\"@type\":\"Article\",\"@id\":\"https:\\\/\\\/cvinoticias.com\\\/v3\\\/solo-9-excarcelados-continua-la-vigilia-por-presos-politicos-en-venezuela\\\/#article\",\"isPartOf\":{\"@id\":\"https:\\\/\\\/cvinoticias.com\\\/v3\\\/solo-9-excarcelados-continua-la-vigilia-por-presos-politicos-en-venezuela\\\/\"},\"author\":{\"name\":\"f1000024\",\"@id\":\"https:\\\/\\\/cvinoticias.com\\\/v3\\\/#\\\/schema\\\/person\\\/2db77e3c6bc03c538495d7b2b8be9b66\"},\"headline\":\"Solo 9 excarcelados: contin\u00faa la vigilia por presos pol\u00edticos en Venezuela\",\"datePublished\":\"2026-01-10T14:00:09+00:00\",\"dateModified\":\"2026-01-10T14:00:10+00:00\",\"mainEntityOfPage\":{\"@id\":\"https:\\\/\\\/cvinoticias.com\\\/v3\\\/solo-9-excarcelados-continua-la-vigilia-por-presos-politicos-en-venezuela\\\/\"},\"wordCount\":676,\"commentCount\":0,\"publisher\":{\"@id\":\"https:\\\/\\\/cvinoticias.com\\\/v3\\\/#organization\"},\"image\":{\"@id\":\"https:\\\/\\\/cvinoticias.com\\\/v3\\\/solo-9-excarcelados-continua-la-vigilia-por-presos-politicos-en-venezuela\\\/#primaryimage\"},\"thumbnailUrl\":\"https:\\\/\\\/cvinoticias.com\\\/wp-content\\\/uploads\\\/2026\\\/01\\\/venezuela-1.webp\",\"keywords\":[\"Politicos\",\"presos\",\"Venezuela\"],\"articleSection\":[\"Internacionales\"],\"inLanguage\":\"es\",\"potentialAction\":[{\"@type\":\"CommentAction\",\"name\":\"Comment\",\"target\":[\"https:\\\/\\\/cvinoticias.com\\\/v3\\\/solo-9-excarcelados-continua-la-vigilia-por-presos-politicos-en-venezuela\\\/#respond\"]}]},{\"@type\":\"WebPage\",\"@id\":\"https:\\\/\\\/cvinoticias.com\\\/v3\\\/solo-9-excarcelados-continua-la-vigilia-por-presos-politicos-en-venezuela\\\/\",\"url\":\"https:\\\/\\\/cvinoticias.com\\\/v3\\\/solo-9-excarcelados-continua-la-vigilia-por-presos-politicos-en-venezuela\\\/\",\"name\":\"Solo 9 liberados: crece la vigilia por presos pol\u00edticos en Venezuela | CVI NOTICIAS\",\"isPartOf\":{\"@id\":\"https:\\\/\\\/cvinoticias.com\\\/v3\\\/#website\"},\"primaryImageOfPage\":{\"@id\":\"https:\\\/\\\/cvinoticias.com\\\/v3\\\/solo-9-excarcelados-continua-la-vigilia-por-presos-politicos-en-venezuela\\\/#primaryimage\"},\"image\":{\"@id\":\"https:\\\/\\\/cvinoticias.com\\\/v3\\\/solo-9-excarcelados-continua-la-vigilia-por-presos-politicos-en-venezuela\\\/#primaryimage\"},\"thumbnailUrl\":\"https:\\\/\\\/cvinoticias.com\\\/wp-content\\\/uploads\\\/2026\\\/01\\\/venezuela-1.webp\",\"datePublished\":\"2026-01-10T14:00:09+00:00\",\"dateModified\":\"2026-01-10T14:00:10+00:00\",\"description\":\"Familiares y ONG denuncian que solo 9 presos pol\u00edticos fueron excarcelados en Venezuela, pese al anuncio oficial de liberaciones.\",\"breadcrumb\":{\"@id\":\"https:\\\/\\\/cvinoticias.com\\\/v3\\\/solo-9-excarcelados-continua-la-vigilia-por-presos-politicos-en-venezuela\\\/#breadcrumb\"},\"inLanguage\":\"es\",\"potentialAction\":[{\"@type\":\"ReadAction\",\"target\":[\"https:\\\/\\\/cvinoticias.com\\\/v3\\\/solo-9-excarcelados-continua-la-vigilia-por-presos-politicos-en-venezuela\\\/\"]}]},{\"@type\":\"ImageObject\",\"inLanguage\":\"es\",\"@id\":\"https:\\\/\\\/cvinoticias.com\\\/v3\\\/solo-9-excarcelados-continua-la-vigilia-por-presos-politicos-en-venezuela\\\/#primaryimage\",\"url\":\"https:\\\/\\\/cvinoticias.com\\\/wp-content\\\/uploads\\\/2026\\\/01\\\/venezuela-1.webp\",\"contentUrl\":\"https:\\\/\\\/cvinoticias.com\\\/wp-content\\\/uploads\\\/2026\\\/01\\\/venezuela-1.webp\",\"width\":992,\"height\":661},{\"@type\":\"BreadcrumbList\",\"@id\":\"https:\\\/\\\/cvinoticias.com\\\/v3\\\/solo-9-excarcelados-continua-la-vigilia-por-presos-politicos-en-venezuela\\\/#breadcrumb\",\"itemListElement\":[{\"@type\":\"ListItem\",\"position\":1,\"name\":\"Portada\",\"item\":\"https:\\\/\\\/cvinoticias.com\\\/v3\\\/\"},{\"@type\":\"ListItem\",\"position\":2,\"name\":\"Solo 9 excarcelados: contin\u00faa la vigilia por presos pol\u00edticos en Venezuela\"}]},{\"@type\":\"WebSite\",\"@id\":\"https:\\\/\\\/cvinoticias.com\\\/v3\\\/#website\",\"url\":\"https:\\\/\\\/cvinoticias.com\\\/v3\\\/\",\"name\":\"CVI NOTICIAS\",\"description\":\"\",\"publisher\":{\"@id\":\"https:\\\/\\\/cvinoticias.com\\\/v3\\\/#organization\"},\"alternateName\":\"CVI\",\"potentialAction\":[{\"@type\":\"SearchAction\",\"target\":{\"@type\":\"EntryPoint\",\"urlTemplate\":\"https:\\\/\\\/cvinoticias.com\\\/v3\\\/?s={search_term_string}\"},\"query-input\":{\"@type\":\"PropertyValueSpecification\",\"valueRequired\":true,\"valueName\":\"search_term_string\"}}],\"inLanguage\":\"es\"},{\"@type\":\"Organization\",\"@id\":\"https:\\\/\\\/cvinoticias.com\\\/v3\\\/#organization\",\"name\":\"CVI NOTICIAS\",\"url\":\"https:\\\/\\\/cvinoticias.com\\\/v3\\\/\",\"logo\":{\"@type\":\"ImageObject\",\"inLanguage\":\"es\",\"@id\":\"https:\\\/\\\/cvinoticias.com\\\/v3\\\/#\\\/schema\\\/logo\\\/image\\\/\",\"url\":\"https:\\\/\\\/cvinoticias.com\\\/wp-content\\\/uploads\\\/2023\\\/04\\\/cropped-cropped-cropped-cropped-cropped-3-1.png\",\"contentUrl\":\"https:\\\/\\\/cvinoticias.com\\\/wp-content\\\/uploads\\\/2023\\\/04\\\/cropped-cropped-cropped-cropped-cropped-3-1.png\",\"width\":95,\"height\":122,\"caption\":\"CVI NOTICIAS\"},\"image\":{\"@id\":\"https:\\\/\\\/cvinoticias.com\\\/v3\\\/#\\\/schema\\\/logo\\\/image\\\/\"},\"sameAs\":[\"https:\\\/\\\/www.facebook.com\\\/cvinoticias\",\"https:\\\/\\\/www.instagram.com\\\/cvinoticias\\\/\",\"https:\\\/\\\/www.youtube.com\\\/@CVINOTICIAS\"]},{\"@type\":\"Person\",\"@id\":\"https:\\\/\\\/cvinoticias.com\\\/v3\\\/#\\\/schema\\\/person\\\/2db77e3c6bc03c538495d7b2b8be9b66\",\"name\":\"f1000024\",\"image\":{\"@type\":\"ImageObject\",\"inLanguage\":\"es\",\"@id\":\"https:\\\/\\\/secure.gravatar.com\\\/avatar\\\/d4fe7459cfc51ff5129ce1a732bbef5928568b8092d412ef95611616376bbeed?s=96&d=mm&r=g\",\"url\":\"https:\\\/\\\/secure.gravatar.com\\\/avatar\\\/d4fe7459cfc51ff5129ce1a732bbef5928568b8092d412ef95611616376bbeed?s=96&d=mm&r=g\",\"contentUrl\":\"https:\\\/\\\/secure.gravatar.com\\\/avatar\\\/d4fe7459cfc51ff5129ce1a732bbef5928568b8092d412ef95611616376bbeed?s=96&d=mm&r=g\",\"caption\":\"f1000024\"},\"url\":\"https:\\\/\\\/cvinoticias.com\\\/v3\\\/author\\\/f1000024\\\/\"}]}<\/script>\n<!-- \/ Yoast SEO plugin. -->","yoast_head_json":{"title":"Solo 9 liberados: crece la vigilia por presos pol\u00edticos en Venezuela | CVI NOTICIAS","description":"Familiares y ONG denuncian que solo 9 presos pol\u00edticos fueron excarcelados en Venezuela, pese al anuncio oficial de liberaciones.","robots":{"index":"index","follow":"follow","max-snippet":"max-snippet:-1","max-image-preview":"max-image-preview:large","max-video-preview":"max-video-preview:-1"},"canonical":"https:\/\/cvinoticias.com\/v3\/solo-9-excarcelados-continua-la-vigilia-por-presos-politicos-en-venezuela\/","og_locale":"es_ES","og_type":"article","og_title":"Solo 9 liberados: crece la vigilia por presos pol\u00edticos en Venezuela | CVI NOTICIAS","og_description":"Familiares y ONG denuncian que solo 9 presos pol\u00edticos fueron excarcelados en Venezuela, pese al anuncio oficial de liberaciones.","og_url":"https:\/\/cvinoticias.com\/v3\/solo-9-excarcelados-continua-la-vigilia-por-presos-politicos-en-venezuela\/","og_site_name":"CVI NOTICIAS","article_publisher":"https:\/\/www.facebook.com\/cvinoticias","article_published_time":"2026-01-10T14:00:09+00:00","article_modified_time":"2026-01-10T14:00:10+00:00","og_image":[{"width":992,"height":661,"url":"https:\/\/cvinoticias.com\/wp-content\/uploads\/2026\/01\/venezuela-1.webp","type":"image\/webp"}],"author":"f1000024","twitter_card":"summary_large_image","twitter_misc":{"Escrito por":"f1000024","Tiempo de lectura":"4 minutos"},"schema":{"@context":"https:\/\/schema.org","@graph":[{"@type":"Article","@id":"https:\/\/cvinoticias.com\/v3\/solo-9-excarcelados-continua-la-vigilia-por-presos-politicos-en-venezuela\/#article","isPartOf":{"@id":"https:\/\/cvinoticias.com\/v3\/solo-9-excarcelados-continua-la-vigilia-por-presos-politicos-en-venezuela\/"},"author":{"name":"f1000024","@id":"https:\/\/cvinoticias.com\/v3\/#\/schema\/person\/2db77e3c6bc03c538495d7b2b8be9b66"},"headline":"Solo 9 excarcelados: contin\u00faa la vigilia por presos pol\u00edticos en Venezuela","datePublished":"2026-01-10T14:00:09+00:00","dateModified":"2026-01-10T14:00:10+00:00","mainEntityOfPage":{"@id":"https:\/\/cvinoticias.com\/v3\/solo-9-excarcelados-continua-la-vigilia-por-presos-politicos-en-venezuela\/"},"wordCount":676,"commentCount":0,"publisher":{"@id":"https:\/\/cvinoticias.com\/v3\/#organization"},"image":{"@id":"https:\/\/cvinoticias.com\/v3\/solo-9-excarcelados-continua-la-vigilia-por-presos-politicos-en-venezuela\/#primaryimage"},"thumbnailUrl":"https:\/\/cvinoticias.com\/wp-content\/uploads\/2026\/01\/venezuela-1.webp","keywords":["Politicos","presos","Venezuela"],"articleSection":["Internacionales"],"inLanguage":"es","potentialAction":[{"@type":"CommentAction","name":"Comment","target":["https:\/\/cvinoticias.com\/v3\/solo-9-excarcelados-continua-la-vigilia-por-presos-politicos-en-venezuela\/#respond"]}]},{"@type":"WebPage","@id":"https:\/\/cvinoticias.com\/v3\/solo-9-excarcelados-continua-la-vigilia-por-presos-politicos-en-venezuela\/","url":"https:\/\/cvinoticias.com\/v3\/solo-9-excarcelados-continua-la-vigilia-por-presos-politicos-en-venezuela\/","name":"Solo 9 liberados: crece la vigilia por presos pol\u00edticos en Venezuela | CVI NOTICIAS","isPartOf":{"@id":"https:\/\/cvinoticias.com\/v3\/#website"},"primaryImageOfPage":{"@id":"https:\/\/cvinoticias.com\/v3\/solo-9-excarcelados-continua-la-vigilia-por-presos-politicos-en-venezuela\/#primaryimage"},"image":{"@id":"https:\/\/cvinoticias.com\/v3\/solo-9-excarcelados-continua-la-vigilia-por-presos-politicos-en-venezuela\/#primaryimage"},"thumbnailUrl":"https:\/\/cvinoticias.com\/wp-content\/uploads\/2026\/01\/venezuela-1.webp","datePublished":"2026-01-10T14:00:09+00:00","dateModified":"2026-01-10T14:00:10+00:00","description":"Familiares y ONG denuncian que solo 9 presos pol\u00edticos fueron excarcelados en Venezuela, pese al anuncio oficial de liberaciones.","breadcrumb":{"@id":"https:\/\/cvinoticias.com\/v3\/solo-9-excarcelados-continua-la-vigilia-por-presos-politicos-en-venezuela\/#breadcrumb"},"inLanguage":"es","potentialAction":[{"@type":"ReadAction","target":["https:\/\/cvinoticias.com\/v3\/solo-9-excarcelados-continua-la-vigilia-por-presos-politicos-en-venezuela\/"]}]},{"@type":"ImageObject","inLanguage":"es","@id":"https:\/\/cvinoticias.com\/v3\/solo-9-excarcelados-continua-la-vigilia-por-presos-politicos-en-venezuela\/#primaryimage","url":"https:\/\/cvinoticias.com\/wp-content\/uploads\/2026\/01\/venezuela-1.webp","contentUrl":"https:\/\/cvinoticias.com\/wp-content\/uploads\/2026\/01\/venezuela-1.webp","width":992,"height":661},{"@type":"BreadcrumbList","@id":"https:\/\/cvinoticias.com\/v3\/solo-9-excarcelados-continua-la-vigilia-por-presos-politicos-en-venezuela\/#breadcrumb","itemListElement":[{"@type":"ListItem","position":1,"name":"Portada","item":"https:\/\/cvinoticias.com\/v3\/"},{"@type":"ListItem","position":2,"name":"Solo 9 excarcelados: contin\u00faa la vigilia por presos pol\u00edticos en Venezuela"}]},{"@type":"WebSite","@id":"https:\/\/cvinoticias.com\/v3\/#website","url":"https:\/\/cvinoticias.com\/v3\/","name":"CVI NOTICIAS","description":"","publisher":{"@id":"https:\/\/cvinoticias.com\/v3\/#organization"},"alternateName":"CVI","potentialAction":[{"@type":"SearchAction","target":{"@type":"EntryPoint","urlTemplate":"https:\/\/cvinoticias.com\/v3\/?s={search_term_string}"},"query-input":{"@type":"PropertyValueSpecification","valueRequired":true,"valueName":"search_term_string"}}],"inLanguage":"es"},{"@type":"Organization","@id":"https:\/\/cvinoticias.com\/v3\/#organization","name":"CVI NOTICIAS","url":"https:\/\/cvinoticias.com\/v3\/","logo":{"@type":"ImageObject","inLanguage":"es","@id":"https:\/\/cvinoticias.com\/v3\/#\/schema\/logo\/image\/","url":"https:\/\/cvinoticias.com\/wp-content\/uploads\/2023\/04\/cropped-cropped-cropped-cropped-cropped-3-1.png","contentUrl":"https:\/\/cvinoticias.com\/wp-content\/uploads\/2023\/04\/cropped-cropped-cropped-cropped-cropped-3-1.png","width":95,"height":122,"caption":"CVI NOTICIAS"},"image":{"@id":"https:\/\/cvinoticias.com\/v3\/#\/schema\/logo\/image\/"},"sameAs":["https:\/\/www.facebook.com\/cvinoticias","https:\/\/www.instagram.com\/cvinoticias\/","https:\/\/www.youtube.com\/@CVINOTICIAS"]},{"@type":"Person","@id":"https:\/\/cvinoticias.com\/v3\/#\/schema\/person\/2db77e3c6bc03c538495d7b2b8be9b66","name":"f1000024","image":{"@type":"ImageObject","inLanguage":"es","@id":"https:\/\/secure.gravatar.com\/avatar\/d4fe7459cfc51ff5129ce1a732bbef5928568b8092d412ef95611616376bbeed?s=96&d=mm&r=g","url":"https:\/\/secure.gravatar.com\/avatar\/d4fe7459cfc51ff5129ce1a732bbef5928568b8092d412ef95611616376bbeed?s=96&d=mm&r=g","contentUrl":"https:\/\/secure.gravatar.com\/avatar\/d4fe7459cfc51ff5129ce1a732bbef5928568b8092d412ef95611616376bbeed?s=96&d=mm&r=g","caption":"f1000024"},"url":"https:\/\/cvinoticias.com\/v3\/author\/f1000024\/"}]}},"_links":{"self":[{"href":"https:\/\/cvinoticias.com\/v3\/wp-json\/wp\/v2\/posts\/53526","targetHints":{"allow":["GET"]}}],"collection":[{"href":"https:\/\/cvinoticias.com\/v3\/wp-json\/wp\/v2\/posts"}],"about":[{"href":"https:\/\/cvinoticias.com\/v3\/wp-json\/wp\/v2\/types\/post"}],"author":[{"embeddable":true,"href":"https:\/\/cvinoticias.com\/v3\/wp-json\/wp\/v2\/users\/2"}],"replies":[{"embeddable":true,"href":"https:\/\/cvinoticias.com\/v3\/wp-json\/wp\/v2\/comments?post=53526"}],"version-history":[{"count":1,"href":"https:\/\/cvinoticias.com\/v3\/wp-json\/wp\/v2\/posts\/53526\/revisions"}],"predecessor-version":[{"id":53528,"href":"https:\/\/cvinoticias.com\/v3\/wp-json\/wp\/v2\/posts\/53526\/revisions\/53528"}],"wp:featuredmedia":[{"embeddable":true,"href":"https:\/\/cvinoticias.com\/v3\/wp-json\/wp\/v2\/media\/53527"}],"wp:attachment":[{"href":"https:\/\/cvinoticias.com\/v3\/wp-json\/wp\/v2\/media?parent=53526"}],"wp:term":[{"taxonomy":"category","embeddable":true,"href":"https:\/\/cvinoticias.com\/v3\/wp-json\/wp\/v2\/categories?post=53526"},{"taxonomy":"post_tag","embeddable":true,"href":"https:\/\/cvinoticias.com\/v3\/wp-json\/wp\/v2\/tags?post=53526"}],"curies":[{"name":"wp","href":"https:\/\/api.w.org\/{rel}","templated":true}]}}