{"id":53511,"date":"2026-01-09T12:04:47","date_gmt":"2026-01-09T15:04:47","guid":{"rendered":"https:\/\/cvinoticias.com\/v3\/?p=53511"},"modified":"2026-01-09T12:05:11","modified_gmt":"2026-01-09T15:05:11","slug":"maria-corina-machado-viajara-a-estados-unidos-la-proxima-semana","status":"publish","type":"post","link":"https:\/\/cvinoticias.com\/v3\/maria-corina-machado-viajara-a-estados-unidos-la-proxima-semana\/","title":{"rendered":"\u200b\u200b\u200b\u200bMar\u00eda Corina Machado viajar\u00e1 a Estados Unidos la pr\u00f3xima semana"},"content":{"rendered":"\n<p>El presidente de Estados Unidos, Donald&nbsp;<strong>Trump<\/strong>, afirm\u00f3 el jueves que la l\u00edder opositora venezolana y premio Nobel de la Paz,&nbsp;<strong>Mar\u00eda Corina Machado<\/strong>, viajar\u00e1 a Washington la pr\u00f3xima semana y dijo estar \u201cimpaciente\u201d por reunirse con ella.<\/p>\n\n\n\n<p>\u201cEntiendo que vendr\u00e1 en alg\u00fan momento la pr\u00f3xima semana. Estoy deseando saludarla\u201d, expres\u00f3 Trump en una entrevista con el periodista Sean Hannity en el canal Fox News, en la que tambi\u00e9n la describi\u00f3 como \u201cuna persona muy agradable\u201d.<\/p>\n\n\n\n<p>Machado se\u00f1al\u00f3 d\u00edas atr\u00e1s, en una entrevista con la misma emisora, que le gustar\u00eda entregar el Nobel de la Paz a Trump por su empe\u00f1o en devolver la democracia a Venezuela. Consultado sobre ese gesto, el mandatario respondi\u00f3: \u201cHe o\u00eddo que quer\u00eda hacerlo. Ser\u00eda un gran honor\u201d.<\/p>\n\n\n\n<p>En la misma entrevista, Trump asegur\u00f3 que la captura de Nicol\u00e1s Maduro \u201cno fue una decisi\u00f3n dif\u00edcil\u201d y lo acus\u00f3 de estar vinculado con el narcotr\u00e1fico y de causar graves da\u00f1os dentro y fuera de Venezuela. \u201cLos dem\u00f3cratas lo quer\u00edan, los republicanos lo quer\u00edan, y nadie ten\u00eda lo necesario para atraparlo o no quer\u00eda hacerlo\u201d, sostuvo al referirse al consenso pol\u00edtico en Washington.<\/p>\n\n\n\n<p>El presidente estadounidense afirm\u00f3 que Maduro \u201cmat\u00f3 a mucha gente\u201d y permiti\u00f3 la salida de personas peligrosas hacia Estados Unidos. Seg\u00fan Trump, el dictador venezolano \u201cvaci\u00f3 sus prisiones\u201d y \u201csus instituciones mentales y manicomios\u201d, lo que facilit\u00f3 la llegada de individuos violentos al pa\u00eds norteamericano.<\/p>\n\n\n\n<p>Trump tambi\u00e9n responsabiliz\u00f3 al r\u00e9gimen venezolano por el narcotr\u00e1fico hacia Estados Unidos y asegur\u00f3 que muchas embarcaciones interceptadas con droga proven\u00edan de Venezuela. \u201cHab\u00eda muchos barcos y mucha droga. Ahora casi no hay barcos\u201d, dijo, al afirmar que su administraci\u00f3n elimin\u00f3 el 97% de las drogas que ingresaban por v\u00eda mar\u00edtima.<\/p>\n\n\n\n<p>En ese contexto, anunci\u00f3 que su gobierno intensificar\u00e1 las acciones contra el tr\u00e1fico de drogas por tierra, especialmente contra los c\u00e1rteles, a los que acus\u00f3 de controlar amplias zonas de M\u00e9xico. \u201cEs muy triste ver lo que le ha pasado a ese pa\u00eds\u201d, expres\u00f3.<\/p>\n\n\n\n<p>El mandatario vincul\u00f3 el narcotr\u00e1fico con la crisis de salud p\u00fablica en Estados Unidos y afirm\u00f3 que entre 250.000 y 300.000 personas mueren cada a\u00f1o por consumo de drogas. \u201cSon familias devastadas\u201d, se\u00f1al\u00f3, aunque sostuvo que los \u00edndices comienzan a descender, al igual que el flujo migratorio en la frontera sur, que calific\u00f3 como \u201cun desastre total\u201d antes de su gesti\u00f3n.<\/p>\n\n\n\n<p>Consultado sobre su objetivo final para la gobernabilidad de Venezuela, Trump asegur\u00f3 que su administraci\u00f3n ya observa resultados concretos, como la liberaci\u00f3n de prisioneros pol\u00edticos. \u201cPrisioneros que nadie pens\u00f3 que volver\u00edan a ver est\u00e1n siendo liberados. En muchos casos entiendo que son buenas personas\u201d, afirm\u00f3, y agreg\u00f3 que Estados Unidos trabajar\u00e1 con ellos y con los l\u00edderes del pa\u00eds.<\/p>\n\n\n\n<p>Trump tambi\u00e9n revel\u00f3 que su gobierno tom\u00f3 control de un buque ruso que operaba en Venezuela y que ahora administra la descarga y comercializaci\u00f3n de petr\u00f3leo. \u201cEstamos tomando miles y miles de d\u00f3lares en petr\u00f3leo, ser\u00e1n cientos de miles de millones de d\u00f3lares, incluso billones\u201d, asegur\u00f3.<\/p>\n\n\n\n<p>Finalmente, sostuvo que Estados Unidos permanecer\u00e1 involucrado en Venezuela \u201chasta que el pa\u00eds se enderece\u201d y adelant\u00f3 que su administraci\u00f3n se reunir\u00e1 en la Casa Blanca con los principales ejecutivos petroleros del mundo.<\/p>\n\n\n\n<p>Seg\u00fan Trump, las 14 empresas m\u00e1s importantes del sector planean invertir al menos 100.000 millones de d\u00f3lares para reconstruir la infraestructura petrolera venezolana. \u201cEs un petr\u00f3leo incre\u00edble, con una calidad y una cantidad incre\u00edbles\u201d, concluy\u00f3.<\/p>\n","protected":false},"excerpt":{"rendered":"<p>El presidente de Estados Unidos, Donald&nbsp;Trump, afirm\u00f3 el jueves que la l\u00edder opositora venezolana y premio Nobel de la Paz,&nbsp;Mar\u00eda Corina Machado, viajar\u00e1 a Washington la pr\u00f3xima semana y dijo estar \u201cimpaciente\u201d por reunirse con ella. \u201cEntiendo que vendr\u00e1 en alg\u00fan momento la pr\u00f3xima semana. Estoy deseando saludarla\u201d, expres\u00f3 Trump en una entrevista con el [&hellip;]<\/p>\n","protected":false},"author":2,"featured_media":53512,"comment_status":"open","ping_status":"closed","sticky":false,"template":"","format":"standard","meta":{"footnotes":""},"categories":[1],"tags":[4812,4861,4860,4303],"class_list":["post-53511","post","type-post","status-publish","format-standard","has-post-thumbnail","hentry","category-sin-categoria","tag-ee-uu","tag-machado","tag-maria","tag-venezuela"],"yoast_head":"<!-- This site is optimized with the Yoast SEO plugin v27.4 - https:\/\/yoast.com\/product\/yoast-seo-wordpress\/ -->\n<title>Machado viajar\u00e1 a EE.UU. y se reunir\u00e1 con Trump | CVI NOTICIAS<\/title>\n<meta name=\"description\" content=\"Trump confirm\u00f3 que Mar\u00eda Corina Machado viajar\u00e1 a Washington la pr\u00f3xima semana para reunirse con \u00e9l.\" \/>\n<meta name=\"robots\" content=\"index, follow, max-snippet:-1, max-image-preview:large, max-video-preview:-1\" \/>\n<link rel=\"canonical\" href=\"https:\/\/cvinoticias.com\/v3\/maria-corina-machado-viajara-a-estados-unidos-la-proxima-semana\/\" \/>\n<meta property=\"og:locale\" content=\"es_ES\" \/>\n<meta property=\"og:type\" content=\"article\" \/>\n<meta property=\"og:title\" content=\"Machado viajar\u00e1 a EE.UU. y se reunir\u00e1 con Trump | CVI NOTICIAS\" \/>\n<meta property=\"og:description\" content=\"Trump confirm\u00f3 que Mar\u00eda Corina Machado viajar\u00e1 a Washington la pr\u00f3xima semana para reunirse con \u00e9l.\" \/>\n<meta property=\"og:url\" content=\"https:\/\/cvinoticias.com\/v3\/maria-corina-machado-viajara-a-estados-unidos-la-proxima-semana\/\" \/>\n<meta property=\"og:site_name\" content=\"CVI NOTICIAS\" \/>\n<meta property=\"article:publisher\" content=\"https:\/\/www.facebook.com\/cvinoticias\" \/>\n<meta property=\"article:published_time\" content=\"2026-01-09T15:04:47+00:00\" \/>\n<meta property=\"article:modified_time\" content=\"2026-01-09T15:05:11+00:00\" \/>\n<meta property=\"og:image\" content=\"https:\/\/cvinoticias.com\/wp-content\/uploads\/2026\/01\/2.webp\" \/>\n\t<meta property=\"og:image:width\" content=\"600\" \/>\n\t<meta property=\"og:image:height\" content=\"455\" \/>\n\t<meta property=\"og:image:type\" content=\"image\/webp\" \/>\n<meta name=\"author\" content=\"f1000024\" \/>\n<meta name=\"twitter:card\" content=\"summary_large_image\" \/>\n<meta name=\"twitter:label1\" content=\"Escrito por\" \/>\n\t<meta name=\"twitter:data1\" content=\"f1000024\" \/>\n\t<meta name=\"twitter:label2\" content=\"Tiempo de lectura\" \/>\n\t<meta name=\"twitter:data2\" content=\"3 minutos\" \/>\n<script type=\"application\/ld+json\" class=\"yoast-schema-graph\">{\"@context\":\"https:\\\/\\\/schema.org\",\"@graph\":[{\"@type\":\"Article\",\"@id\":\"https:\\\/\\\/cvinoticias.com\\\/v3\\\/maria-corina-machado-viajara-a-estados-unidos-la-proxima-semana\\\/#article\",\"isPartOf\":{\"@id\":\"https:\\\/\\\/cvinoticias.com\\\/v3\\\/maria-corina-machado-viajara-a-estados-unidos-la-proxima-semana\\\/\"},\"author\":{\"name\":\"f1000024\",\"@id\":\"https:\\\/\\\/cvinoticias.com\\\/v3\\\/#\\\/schema\\\/person\\\/2db77e3c6bc03c538495d7b2b8be9b66\"},\"headline\":\"\u200b\u200b\u200b\u200bMar\u00eda Corina Machado viajar\u00e1 a Estados Unidos la pr\u00f3xima semana\",\"datePublished\":\"2026-01-09T15:04:47+00:00\",\"dateModified\":\"2026-01-09T15:05:11+00:00\",\"mainEntityOfPage\":{\"@id\":\"https:\\\/\\\/cvinoticias.com\\\/v3\\\/maria-corina-machado-viajara-a-estados-unidos-la-proxima-semana\\\/\"},\"wordCount\":635,\"commentCount\":0,\"publisher\":{\"@id\":\"https:\\\/\\\/cvinoticias.com\\\/v3\\\/#organization\"},\"image\":{\"@id\":\"https:\\\/\\\/cvinoticias.com\\\/v3\\\/maria-corina-machado-viajara-a-estados-unidos-la-proxima-semana\\\/#primaryimage\"},\"thumbnailUrl\":\"https:\\\/\\\/cvinoticias.com\\\/wp-content\\\/uploads\\\/2026\\\/01\\\/2.webp\",\"keywords\":[\"EE.UU\",\"Machado\",\"Mar\u00eda\",\"Venezuela\"],\"inLanguage\":\"es\",\"potentialAction\":[{\"@type\":\"CommentAction\",\"name\":\"Comment\",\"target\":[\"https:\\\/\\\/cvinoticias.com\\\/v3\\\/maria-corina-machado-viajara-a-estados-unidos-la-proxima-semana\\\/#respond\"]}]},{\"@type\":\"WebPage\",\"@id\":\"https:\\\/\\\/cvinoticias.com\\\/v3\\\/maria-corina-machado-viajara-a-estados-unidos-la-proxima-semana\\\/\",\"url\":\"https:\\\/\\\/cvinoticias.com\\\/v3\\\/maria-corina-machado-viajara-a-estados-unidos-la-proxima-semana\\\/\",\"name\":\"Machado viajar\u00e1 a EE.UU. y se reunir\u00e1 con Trump | CVI NOTICIAS\",\"isPartOf\":{\"@id\":\"https:\\\/\\\/cvinoticias.com\\\/v3\\\/#website\"},\"primaryImageOfPage\":{\"@id\":\"https:\\\/\\\/cvinoticias.com\\\/v3\\\/maria-corina-machado-viajara-a-estados-unidos-la-proxima-semana\\\/#primaryimage\"},\"image\":{\"@id\":\"https:\\\/\\\/cvinoticias.com\\\/v3\\\/maria-corina-machado-viajara-a-estados-unidos-la-proxima-semana\\\/#primaryimage\"},\"thumbnailUrl\":\"https:\\\/\\\/cvinoticias.com\\\/wp-content\\\/uploads\\\/2026\\\/01\\\/2.webp\",\"datePublished\":\"2026-01-09T15:04:47+00:00\",\"dateModified\":\"2026-01-09T15:05:11+00:00\",\"description\":\"Trump confirm\u00f3 que Mar\u00eda Corina Machado viajar\u00e1 a Washington la pr\u00f3xima semana para reunirse con \u00e9l.\",\"breadcrumb\":{\"@id\":\"https:\\\/\\\/cvinoticias.com\\\/v3\\\/maria-corina-machado-viajara-a-estados-unidos-la-proxima-semana\\\/#breadcrumb\"},\"inLanguage\":\"es\",\"potentialAction\":[{\"@type\":\"ReadAction\",\"target\":[\"https:\\\/\\\/cvinoticias.com\\\/v3\\\/maria-corina-machado-viajara-a-estados-unidos-la-proxima-semana\\\/\"]}]},{\"@type\":\"ImageObject\",\"inLanguage\":\"es\",\"@id\":\"https:\\\/\\\/cvinoticias.com\\\/v3\\\/maria-corina-machado-viajara-a-estados-unidos-la-proxima-semana\\\/#primaryimage\",\"url\":\"https:\\\/\\\/cvinoticias.com\\\/wp-content\\\/uploads\\\/2026\\\/01\\\/2.webp\",\"contentUrl\":\"https:\\\/\\\/cvinoticias.com\\\/wp-content\\\/uploads\\\/2026\\\/01\\\/2.webp\",\"width\":600,\"height\":455},{\"@type\":\"BreadcrumbList\",\"@id\":\"https:\\\/\\\/cvinoticias.com\\\/v3\\\/maria-corina-machado-viajara-a-estados-unidos-la-proxima-semana\\\/#breadcrumb\",\"itemListElement\":[{\"@type\":\"ListItem\",\"position\":1,\"name\":\"Portada\",\"item\":\"https:\\\/\\\/cvinoticias.com\\\/v3\\\/\"},{\"@type\":\"ListItem\",\"position\":2,\"name\":\"\u200b\u200b\u200b\u200bMar\u00eda Corina Machado viajar\u00e1 a Estados Unidos la pr\u00f3xima semana\"}]},{\"@type\":\"WebSite\",\"@id\":\"https:\\\/\\\/cvinoticias.com\\\/v3\\\/#website\",\"url\":\"https:\\\/\\\/cvinoticias.com\\\/v3\\\/\",\"name\":\"CVI NOTICIAS\",\"description\":\"\",\"publisher\":{\"@id\":\"https:\\\/\\\/cvinoticias.com\\\/v3\\\/#organization\"},\"alternateName\":\"CVI\",\"potentialAction\":[{\"@type\":\"SearchAction\",\"target\":{\"@type\":\"EntryPoint\",\"urlTemplate\":\"https:\\\/\\\/cvinoticias.com\\\/v3\\\/?s={search_term_string}\"},\"query-input\":{\"@type\":\"PropertyValueSpecification\",\"valueRequired\":true,\"valueName\":\"search_term_string\"}}],\"inLanguage\":\"es\"},{\"@type\":\"Organization\",\"@id\":\"https:\\\/\\\/cvinoticias.com\\\/v3\\\/#organization\",\"name\":\"CVI NOTICIAS\",\"url\":\"https:\\\/\\\/cvinoticias.com\\\/v3\\\/\",\"logo\":{\"@type\":\"ImageObject\",\"inLanguage\":\"es\",\"@id\":\"https:\\\/\\\/cvinoticias.com\\\/v3\\\/#\\\/schema\\\/logo\\\/image\\\/\",\"url\":\"https:\\\/\\\/cvinoticias.com\\\/wp-content\\\/uploads\\\/2023\\\/04\\\/cropped-cropped-cropped-cropped-cropped-3-1.png\",\"contentUrl\":\"https:\\\/\\\/cvinoticias.com\\\/wp-content\\\/uploads\\\/2023\\\/04\\\/cropped-cropped-cropped-cropped-cropped-3-1.png\",\"width\":95,\"height\":122,\"caption\":\"CVI NOTICIAS\"},\"image\":{\"@id\":\"https:\\\/\\\/cvinoticias.com\\\/v3\\\/#\\\/schema\\\/logo\\\/image\\\/\"},\"sameAs\":[\"https:\\\/\\\/www.facebook.com\\\/cvinoticias\",\"https:\\\/\\\/www.instagram.com\\\/cvinoticias\\\/\",\"https:\\\/\\\/www.youtube.com\\\/@CVINOTICIAS\"]},{\"@type\":\"Person\",\"@id\":\"https:\\\/\\\/cvinoticias.com\\\/v3\\\/#\\\/schema\\\/person\\\/2db77e3c6bc03c538495d7b2b8be9b66\",\"name\":\"f1000024\",\"image\":{\"@type\":\"ImageObject\",\"inLanguage\":\"es\",\"@id\":\"https:\\\/\\\/secure.gravatar.com\\\/avatar\\\/d4fe7459cfc51ff5129ce1a732bbef5928568b8092d412ef95611616376bbeed?s=96&d=mm&r=g\",\"url\":\"https:\\\/\\\/secure.gravatar.com\\\/avatar\\\/d4fe7459cfc51ff5129ce1a732bbef5928568b8092d412ef95611616376bbeed?s=96&d=mm&r=g\",\"contentUrl\":\"https:\\\/\\\/secure.gravatar.com\\\/avatar\\\/d4fe7459cfc51ff5129ce1a732bbef5928568b8092d412ef95611616376bbeed?s=96&d=mm&r=g\",\"caption\":\"f1000024\"},\"url\":\"https:\\\/\\\/cvinoticias.com\\\/v3\\\/author\\\/f1000024\\\/\"}]}<\/script>\n<!-- \/ Yoast SEO plugin. -->","yoast_head_json":{"title":"Machado viajar\u00e1 a EE.UU. y se reunir\u00e1 con Trump | CVI NOTICIAS","description":"Trump confirm\u00f3 que Mar\u00eda Corina Machado viajar\u00e1 a Washington la pr\u00f3xima semana para reunirse con \u00e9l.","robots":{"index":"index","follow":"follow","max-snippet":"max-snippet:-1","max-image-preview":"max-image-preview:large","max-video-preview":"max-video-preview:-1"},"canonical":"https:\/\/cvinoticias.com\/v3\/maria-corina-machado-viajara-a-estados-unidos-la-proxima-semana\/","og_locale":"es_ES","og_type":"article","og_title":"Machado viajar\u00e1 a EE.UU. y se reunir\u00e1 con Trump | CVI NOTICIAS","og_description":"Trump confirm\u00f3 que Mar\u00eda Corina Machado viajar\u00e1 a Washington la pr\u00f3xima semana para reunirse con \u00e9l.","og_url":"https:\/\/cvinoticias.com\/v3\/maria-corina-machado-viajara-a-estados-unidos-la-proxima-semana\/","og_site_name":"CVI NOTICIAS","article_publisher":"https:\/\/www.facebook.com\/cvinoticias","article_published_time":"2026-01-09T15:04:47+00:00","article_modified_time":"2026-01-09T15:05:11+00:00","og_image":[{"width":600,"height":455,"url":"https:\/\/cvinoticias.com\/wp-content\/uploads\/2026\/01\/2.webp","type":"image\/webp"}],"author":"f1000024","twitter_card":"summary_large_image","twitter_misc":{"Escrito por":"f1000024","Tiempo de lectura":"3 minutos"},"schema":{"@context":"https:\/\/schema.org","@graph":[{"@type":"Article","@id":"https:\/\/cvinoticias.com\/v3\/maria-corina-machado-viajara-a-estados-unidos-la-proxima-semana\/#article","isPartOf":{"@id":"https:\/\/cvinoticias.com\/v3\/maria-corina-machado-viajara-a-estados-unidos-la-proxima-semana\/"},"author":{"name":"f1000024","@id":"https:\/\/cvinoticias.com\/v3\/#\/schema\/person\/2db77e3c6bc03c538495d7b2b8be9b66"},"headline":"\u200b\u200b\u200b\u200bMar\u00eda Corina Machado viajar\u00e1 a Estados Unidos la pr\u00f3xima semana","datePublished":"2026-01-09T15:04:47+00:00","dateModified":"2026-01-09T15:05:11+00:00","mainEntityOfPage":{"@id":"https:\/\/cvinoticias.com\/v3\/maria-corina-machado-viajara-a-estados-unidos-la-proxima-semana\/"},"wordCount":635,"commentCount":0,"publisher":{"@id":"https:\/\/cvinoticias.com\/v3\/#organization"},"image":{"@id":"https:\/\/cvinoticias.com\/v3\/maria-corina-machado-viajara-a-estados-unidos-la-proxima-semana\/#primaryimage"},"thumbnailUrl":"https:\/\/cvinoticias.com\/wp-content\/uploads\/2026\/01\/2.webp","keywords":["EE.UU","Machado","Mar\u00eda","Venezuela"],"inLanguage":"es","potentialAction":[{"@type":"CommentAction","name":"Comment","target":["https:\/\/cvinoticias.com\/v3\/maria-corina-machado-viajara-a-estados-unidos-la-proxima-semana\/#respond"]}]},{"@type":"WebPage","@id":"https:\/\/cvinoticias.com\/v3\/maria-corina-machado-viajara-a-estados-unidos-la-proxima-semana\/","url":"https:\/\/cvinoticias.com\/v3\/maria-corina-machado-viajara-a-estados-unidos-la-proxima-semana\/","name":"Machado viajar\u00e1 a EE.UU. y se reunir\u00e1 con Trump | CVI NOTICIAS","isPartOf":{"@id":"https:\/\/cvinoticias.com\/v3\/#website"},"primaryImageOfPage":{"@id":"https:\/\/cvinoticias.com\/v3\/maria-corina-machado-viajara-a-estados-unidos-la-proxima-semana\/#primaryimage"},"image":{"@id":"https:\/\/cvinoticias.com\/v3\/maria-corina-machado-viajara-a-estados-unidos-la-proxima-semana\/#primaryimage"},"thumbnailUrl":"https:\/\/cvinoticias.com\/wp-content\/uploads\/2026\/01\/2.webp","datePublished":"2026-01-09T15:04:47+00:00","dateModified":"2026-01-09T15:05:11+00:00","description":"Trump confirm\u00f3 que Mar\u00eda Corina Machado viajar\u00e1 a Washington la pr\u00f3xima semana para reunirse con \u00e9l.","breadcrumb":{"@id":"https:\/\/cvinoticias.com\/v3\/maria-corina-machado-viajara-a-estados-unidos-la-proxima-semana\/#breadcrumb"},"inLanguage":"es","potentialAction":[{"@type":"ReadAction","target":["https:\/\/cvinoticias.com\/v3\/maria-corina-machado-viajara-a-estados-unidos-la-proxima-semana\/"]}]},{"@type":"ImageObject","inLanguage":"es","@id":"https:\/\/cvinoticias.com\/v3\/maria-corina-machado-viajara-a-estados-unidos-la-proxima-semana\/#primaryimage","url":"https:\/\/cvinoticias.com\/wp-content\/uploads\/2026\/01\/2.webp","contentUrl":"https:\/\/cvinoticias.com\/wp-content\/uploads\/2026\/01\/2.webp","width":600,"height":455},{"@type":"BreadcrumbList","@id":"https:\/\/cvinoticias.com\/v3\/maria-corina-machado-viajara-a-estados-unidos-la-proxima-semana\/#breadcrumb","itemListElement":[{"@type":"ListItem","position":1,"name":"Portada","item":"https:\/\/cvinoticias.com\/v3\/"},{"@type":"ListItem","position":2,"name":"\u200b\u200b\u200b\u200bMar\u00eda Corina Machado viajar\u00e1 a Estados Unidos la pr\u00f3xima semana"}]},{"@type":"WebSite","@id":"https:\/\/cvinoticias.com\/v3\/#website","url":"https:\/\/cvinoticias.com\/v3\/","name":"CVI NOTICIAS","description":"","publisher":{"@id":"https:\/\/cvinoticias.com\/v3\/#organization"},"alternateName":"CVI","potentialAction":[{"@type":"SearchAction","target":{"@type":"EntryPoint","urlTemplate":"https:\/\/cvinoticias.com\/v3\/?s={search_term_string}"},"query-input":{"@type":"PropertyValueSpecification","valueRequired":true,"valueName":"search_term_string"}}],"inLanguage":"es"},{"@type":"Organization","@id":"https:\/\/cvinoticias.com\/v3\/#organization","name":"CVI NOTICIAS","url":"https:\/\/cvinoticias.com\/v3\/","logo":{"@type":"ImageObject","inLanguage":"es","@id":"https:\/\/cvinoticias.com\/v3\/#\/schema\/logo\/image\/","url":"https:\/\/cvinoticias.com\/wp-content\/uploads\/2023\/04\/cropped-cropped-cropped-cropped-cropped-3-1.png","contentUrl":"https:\/\/cvinoticias.com\/wp-content\/uploads\/2023\/04\/cropped-cropped-cropped-cropped-cropped-3-1.png","width":95,"height":122,"caption":"CVI NOTICIAS"},"image":{"@id":"https:\/\/cvinoticias.com\/v3\/#\/schema\/logo\/image\/"},"sameAs":["https:\/\/www.facebook.com\/cvinoticias","https:\/\/www.instagram.com\/cvinoticias\/","https:\/\/www.youtube.com\/@CVINOTICIAS"]},{"@type":"Person","@id":"https:\/\/cvinoticias.com\/v3\/#\/schema\/person\/2db77e3c6bc03c538495d7b2b8be9b66","name":"f1000024","image":{"@type":"ImageObject","inLanguage":"es","@id":"https:\/\/secure.gravatar.com\/avatar\/d4fe7459cfc51ff5129ce1a732bbef5928568b8092d412ef95611616376bbeed?s=96&d=mm&r=g","url":"https:\/\/secure.gravatar.com\/avatar\/d4fe7459cfc51ff5129ce1a732bbef5928568b8092d412ef95611616376bbeed?s=96&d=mm&r=g","contentUrl":"https:\/\/secure.gravatar.com\/avatar\/d4fe7459cfc51ff5129ce1a732bbef5928568b8092d412ef95611616376bbeed?s=96&d=mm&r=g","caption":"f1000024"},"url":"https:\/\/cvinoticias.com\/v3\/author\/f1000024\/"}]}},"_links":{"self":[{"href":"https:\/\/cvinoticias.com\/v3\/wp-json\/wp\/v2\/posts\/53511","targetHints":{"allow":["GET"]}}],"collection":[{"href":"https:\/\/cvinoticias.com\/v3\/wp-json\/wp\/v2\/posts"}],"about":[{"href":"https:\/\/cvinoticias.com\/v3\/wp-json\/wp\/v2\/types\/post"}],"author":[{"embeddable":true,"href":"https:\/\/cvinoticias.com\/v3\/wp-json\/wp\/v2\/users\/2"}],"replies":[{"embeddable":true,"href":"https:\/\/cvinoticias.com\/v3\/wp-json\/wp\/v2\/comments?post=53511"}],"version-history":[{"count":1,"href":"https:\/\/cvinoticias.com\/v3\/wp-json\/wp\/v2\/posts\/53511\/revisions"}],"predecessor-version":[{"id":53513,"href":"https:\/\/cvinoticias.com\/v3\/wp-json\/wp\/v2\/posts\/53511\/revisions\/53513"}],"wp:featuredmedia":[{"embeddable":true,"href":"https:\/\/cvinoticias.com\/v3\/wp-json\/wp\/v2\/media\/53512"}],"wp:attachment":[{"href":"https:\/\/cvinoticias.com\/v3\/wp-json\/wp\/v2\/media?parent=53511"}],"wp:term":[{"taxonomy":"category","embeddable":true,"href":"https:\/\/cvinoticias.com\/v3\/wp-json\/wp\/v2\/categories?post=53511"},{"taxonomy":"post_tag","embeddable":true,"href":"https:\/\/cvinoticias.com\/v3\/wp-json\/wp\/v2\/tags?post=53511"}],"curies":[{"name":"wp","href":"https:\/\/api.w.org\/{rel}","templated":true}]}}