{"id":53496,"date":"2026-01-09T10:53:31","date_gmt":"2026-01-09T13:53:31","guid":{"rendered":"https:\/\/cvinoticias.com\/v3\/?p=53496"},"modified":"2026-01-09T10:53:31","modified_gmt":"2026-01-09T13:53:31","slug":"los-paises-de-la-union-europea-aprobaron-el-acuerdo-comercial-con-el-mercosur","status":"publish","type":"post","link":"https:\/\/cvinoticias.com\/v3\/los-paises-de-la-union-europea-aprobaron-el-acuerdo-comercial-con-el-mercosur\/","title":{"rendered":"Los pa\u00edses de la Uni\u00f3n Europea aprobaron el acuerdo comercial con el Mercosur"},"content":{"rendered":"\n<p>Los pa\u00edses de la&nbsp;<strong>Uni\u00f3n Europea<\/strong>&nbsp;aprobaron este viernes un acuerdo comercial de gran envergadura, pero divisivo, con el bloque sudamericano Mercosur, seg\u00fan informaron diplom\u00e1ticos, lo que da luz verde a Bruselas para firmar un acuerdo defendido por grupos empresariales, pero detestado por muchos agricultores europeos.<\/p>\n\n\n\n<p>Se espera que la presidenta de la Comisi\u00f3n Europea, Ursula von der Leyen, viaje a Asunci\u00f3n para firmar el lunes el tratado que vincular\u00e1 al bloque europeo con la Argentina, Brasil, Uruguay y Paraguay.<\/p>\n\n\n\n<p>La mayor\u00eda de los 27 pa\u00edses de la Uni\u00f3n Europea votaron a favor del pacto en una reuni\u00f3n de embajadores en Bruselas, a pesar de la oposici\u00f3n de Francia, Irlanda y otros pa\u00edses preocupados por su impacto en el sector agr\u00edcola, seg\u00fan informaron a la agencia de noticias AFP varios diplom\u00e1ticos europeos.<\/p>\n\n\n\n<p>El gobierno franc\u00e9s hab\u00eda manifestado el jueves su rechazo al acuerdo de libre comercio. La decisi\u00f3n fue confirmada por el presidente Emmanuel Macron mediante un mensaje publicado en la red social X, en el que afirm\u00f3: \u201cLa firma del acuerdo no significa el final del proceso\u201d; y reiter\u00f3 que continuar\u00e1 exigiendo el cumplimiento total de los compromisos asumidos por la Comisi\u00f3n Europea (CE) para proteger a los agricultores franceses.<\/p>\n\n\n\n<p><em>Fuente: infobae.<\/em><\/p>\n","protected":false},"excerpt":{"rendered":"<p>Los pa\u00edses de la&nbsp;Uni\u00f3n Europea&nbsp;aprobaron este viernes un acuerdo comercial de gran envergadura, pero divisivo, con el bloque sudamericano Mercosur, seg\u00fan informaron diplom\u00e1ticos, lo que da luz verde a Bruselas para firmar un acuerdo defendido por grupos empresariales, pero detestado por muchos agricultores europeos. Se espera que la presidenta de la Comisi\u00f3n Europea, Ursula von [&hellip;]<\/p>\n","protected":false},"author":2,"featured_media":53497,"comment_status":"open","ping_status":"closed","sticky":false,"template":"","format":"standard","meta":{"footnotes":""},"categories":[36],"tags":[1725,784,4729],"class_list":["post-53496","post","type-post","status-publish","format-standard","has-post-thumbnail","hentry","category-internacionales","tag-acuerdo","tag-mercosur","tag-union-europea"],"yoast_head":"<!-- This site is optimized with the Yoast SEO plugin v27.5 - https:\/\/yoast.com\/product\/yoast-seo-wordpress\/ -->\n<title>La Uni\u00f3n Europea dio luz verde al acuerdo con Mercosur | CVI NOTICIAS<\/title>\n<meta name=\"description\" content=\"La UE aprob\u00f3 el acuerdo comercial con el Mercosur pese a la oposici\u00f3n de Francia y otros pa\u00edses del bloque.\" \/>\n<meta name=\"robots\" content=\"index, follow, max-snippet:-1, max-image-preview:large, max-video-preview:-1\" \/>\n<link rel=\"canonical\" href=\"https:\/\/cvinoticias.com\/v3\/los-paises-de-la-union-europea-aprobaron-el-acuerdo-comercial-con-el-mercosur\/\" \/>\n<meta property=\"og:locale\" content=\"es_ES\" \/>\n<meta property=\"og:type\" content=\"article\" \/>\n<meta property=\"og:title\" content=\"La Uni\u00f3n Europea dio luz verde al acuerdo con Mercosur | CVI NOTICIAS\" \/>\n<meta property=\"og:description\" content=\"La UE aprob\u00f3 el acuerdo comercial con el Mercosur pese a la oposici\u00f3n de Francia y otros pa\u00edses del bloque.\" \/>\n<meta property=\"og:url\" content=\"https:\/\/cvinoticias.com\/v3\/los-paises-de-la-union-europea-aprobaron-el-acuerdo-comercial-con-el-mercosur\/\" \/>\n<meta property=\"og:site_name\" content=\"CVI NOTICIAS\" \/>\n<meta property=\"article:publisher\" content=\"https:\/\/www.facebook.com\/cvinoticias\" \/>\n<meta property=\"article:published_time\" content=\"2026-01-09T13:53:31+00:00\" \/>\n<meta property=\"og:image\" content=\"https:\/\/cvinoticias.com\/wp-content\/uploads\/2026\/01\/union-europea.webp\" \/>\n\t<meta property=\"og:image:width\" content=\"720\" \/>\n\t<meta property=\"og:image:height\" content=\"405\" \/>\n\t<meta property=\"og:image:type\" content=\"image\/webp\" \/>\n<meta name=\"author\" content=\"f1000024\" \/>\n<meta name=\"twitter:card\" content=\"summary_large_image\" \/>\n<meta name=\"twitter:label1\" content=\"Escrito por\" \/>\n\t<meta name=\"twitter:data1\" content=\"f1000024\" \/>\n\t<meta name=\"twitter:label2\" content=\"Tiempo de lectura\" \/>\n\t<meta name=\"twitter:data2\" content=\"2 minutos\" \/>\n<script type=\"application\/ld+json\" class=\"yoast-schema-graph\">{\"@context\":\"https:\\\/\\\/schema.org\",\"@graph\":[{\"@type\":\"Article\",\"@id\":\"https:\\\/\\\/cvinoticias.com\\\/v3\\\/los-paises-de-la-union-europea-aprobaron-el-acuerdo-comercial-con-el-mercosur\\\/#article\",\"isPartOf\":{\"@id\":\"https:\\\/\\\/cvinoticias.com\\\/v3\\\/los-paises-de-la-union-europea-aprobaron-el-acuerdo-comercial-con-el-mercosur\\\/\"},\"author\":{\"name\":\"f1000024\",\"@id\":\"https:\\\/\\\/cvinoticias.com\\\/v3\\\/#\\\/schema\\\/person\\\/2db77e3c6bc03c538495d7b2b8be9b66\"},\"headline\":\"Los pa\u00edses de la Uni\u00f3n Europea aprobaron el acuerdo comercial con el Mercosur\",\"datePublished\":\"2026-01-09T13:53:31+00:00\",\"mainEntityOfPage\":{\"@id\":\"https:\\\/\\\/cvinoticias.com\\\/v3\\\/los-paises-de-la-union-europea-aprobaron-el-acuerdo-comercial-con-el-mercosur\\\/\"},\"wordCount\":238,\"commentCount\":0,\"publisher\":{\"@id\":\"https:\\\/\\\/cvinoticias.com\\\/v3\\\/#organization\"},\"image\":{\"@id\":\"https:\\\/\\\/cvinoticias.com\\\/v3\\\/los-paises-de-la-union-europea-aprobaron-el-acuerdo-comercial-con-el-mercosur\\\/#primaryimage\"},\"thumbnailUrl\":\"https:\\\/\\\/cvinoticias.com\\\/wp-content\\\/uploads\\\/2026\\\/01\\\/union-europea.webp\",\"keywords\":[\"Acuerdo\",\"Mercosur\",\"Uni\u00f3n Europea\"],\"articleSection\":[\"Internacionales\"],\"inLanguage\":\"es\",\"potentialAction\":[{\"@type\":\"CommentAction\",\"name\":\"Comment\",\"target\":[\"https:\\\/\\\/cvinoticias.com\\\/v3\\\/los-paises-de-la-union-europea-aprobaron-el-acuerdo-comercial-con-el-mercosur\\\/#respond\"]}]},{\"@type\":\"WebPage\",\"@id\":\"https:\\\/\\\/cvinoticias.com\\\/v3\\\/los-paises-de-la-union-europea-aprobaron-el-acuerdo-comercial-con-el-mercosur\\\/\",\"url\":\"https:\\\/\\\/cvinoticias.com\\\/v3\\\/los-paises-de-la-union-europea-aprobaron-el-acuerdo-comercial-con-el-mercosur\\\/\",\"name\":\"La Uni\u00f3n Europea dio luz verde al acuerdo con Mercosur | CVI NOTICIAS\",\"isPartOf\":{\"@id\":\"https:\\\/\\\/cvinoticias.com\\\/v3\\\/#website\"},\"primaryImageOfPage\":{\"@id\":\"https:\\\/\\\/cvinoticias.com\\\/v3\\\/los-paises-de-la-union-europea-aprobaron-el-acuerdo-comercial-con-el-mercosur\\\/#primaryimage\"},\"image\":{\"@id\":\"https:\\\/\\\/cvinoticias.com\\\/v3\\\/los-paises-de-la-union-europea-aprobaron-el-acuerdo-comercial-con-el-mercosur\\\/#primaryimage\"},\"thumbnailUrl\":\"https:\\\/\\\/cvinoticias.com\\\/wp-content\\\/uploads\\\/2026\\\/01\\\/union-europea.webp\",\"datePublished\":\"2026-01-09T13:53:31+00:00\",\"description\":\"La UE aprob\u00f3 el acuerdo comercial con el Mercosur pese a la oposici\u00f3n de Francia y otros pa\u00edses del bloque.\",\"breadcrumb\":{\"@id\":\"https:\\\/\\\/cvinoticias.com\\\/v3\\\/los-paises-de-la-union-europea-aprobaron-el-acuerdo-comercial-con-el-mercosur\\\/#breadcrumb\"},\"inLanguage\":\"es\",\"potentialAction\":[{\"@type\":\"ReadAction\",\"target\":[\"https:\\\/\\\/cvinoticias.com\\\/v3\\\/los-paises-de-la-union-europea-aprobaron-el-acuerdo-comercial-con-el-mercosur\\\/\"]}]},{\"@type\":\"ImageObject\",\"inLanguage\":\"es\",\"@id\":\"https:\\\/\\\/cvinoticias.com\\\/v3\\\/los-paises-de-la-union-europea-aprobaron-el-acuerdo-comercial-con-el-mercosur\\\/#primaryimage\",\"url\":\"https:\\\/\\\/cvinoticias.com\\\/wp-content\\\/uploads\\\/2026\\\/01\\\/union-europea.webp\",\"contentUrl\":\"https:\\\/\\\/cvinoticias.com\\\/wp-content\\\/uploads\\\/2026\\\/01\\\/union-europea.webp\",\"width\":720,\"height\":405},{\"@type\":\"BreadcrumbList\",\"@id\":\"https:\\\/\\\/cvinoticias.com\\\/v3\\\/los-paises-de-la-union-europea-aprobaron-el-acuerdo-comercial-con-el-mercosur\\\/#breadcrumb\",\"itemListElement\":[{\"@type\":\"ListItem\",\"position\":1,\"name\":\"Portada\",\"item\":\"https:\\\/\\\/cvinoticias.com\\\/v3\\\/\"},{\"@type\":\"ListItem\",\"position\":2,\"name\":\"Los pa\u00edses de la Uni\u00f3n Europea aprobaron el acuerdo comercial con el Mercosur\"}]},{\"@type\":\"WebSite\",\"@id\":\"https:\\\/\\\/cvinoticias.com\\\/v3\\\/#website\",\"url\":\"https:\\\/\\\/cvinoticias.com\\\/v3\\\/\",\"name\":\"CVI NOTICIAS\",\"description\":\"\",\"publisher\":{\"@id\":\"https:\\\/\\\/cvinoticias.com\\\/v3\\\/#organization\"},\"alternateName\":\"CVI\",\"potentialAction\":[{\"@type\":\"SearchAction\",\"target\":{\"@type\":\"EntryPoint\",\"urlTemplate\":\"https:\\\/\\\/cvinoticias.com\\\/v3\\\/?s={search_term_string}\"},\"query-input\":{\"@type\":\"PropertyValueSpecification\",\"valueRequired\":true,\"valueName\":\"search_term_string\"}}],\"inLanguage\":\"es\"},{\"@type\":\"Organization\",\"@id\":\"https:\\\/\\\/cvinoticias.com\\\/v3\\\/#organization\",\"name\":\"CVI NOTICIAS\",\"url\":\"https:\\\/\\\/cvinoticias.com\\\/v3\\\/\",\"logo\":{\"@type\":\"ImageObject\",\"inLanguage\":\"es\",\"@id\":\"https:\\\/\\\/cvinoticias.com\\\/v3\\\/#\\\/schema\\\/logo\\\/image\\\/\",\"url\":\"https:\\\/\\\/cvinoticias.com\\\/wp-content\\\/uploads\\\/2023\\\/04\\\/cropped-cropped-cropped-cropped-cropped-3-1.png\",\"contentUrl\":\"https:\\\/\\\/cvinoticias.com\\\/wp-content\\\/uploads\\\/2023\\\/04\\\/cropped-cropped-cropped-cropped-cropped-3-1.png\",\"width\":95,\"height\":122,\"caption\":\"CVI NOTICIAS\"},\"image\":{\"@id\":\"https:\\\/\\\/cvinoticias.com\\\/v3\\\/#\\\/schema\\\/logo\\\/image\\\/\"},\"sameAs\":[\"https:\\\/\\\/www.facebook.com\\\/cvinoticias\",\"https:\\\/\\\/www.instagram.com\\\/cvinoticias\\\/\",\"https:\\\/\\\/www.youtube.com\\\/@CVINOTICIAS\"]},{\"@type\":\"Person\",\"@id\":\"https:\\\/\\\/cvinoticias.com\\\/v3\\\/#\\\/schema\\\/person\\\/2db77e3c6bc03c538495d7b2b8be9b66\",\"name\":\"f1000024\",\"image\":{\"@type\":\"ImageObject\",\"inLanguage\":\"es\",\"@id\":\"https:\\\/\\\/secure.gravatar.com\\\/avatar\\\/d4fe7459cfc51ff5129ce1a732bbef5928568b8092d412ef95611616376bbeed?s=96&d=mm&r=g\",\"url\":\"https:\\\/\\\/secure.gravatar.com\\\/avatar\\\/d4fe7459cfc51ff5129ce1a732bbef5928568b8092d412ef95611616376bbeed?s=96&d=mm&r=g\",\"contentUrl\":\"https:\\\/\\\/secure.gravatar.com\\\/avatar\\\/d4fe7459cfc51ff5129ce1a732bbef5928568b8092d412ef95611616376bbeed?s=96&d=mm&r=g\",\"caption\":\"f1000024\"},\"url\":\"https:\\\/\\\/cvinoticias.com\\\/v3\\\/author\\\/f1000024\\\/\"}]}<\/script>\n<!-- \/ Yoast SEO plugin. -->","yoast_head_json":{"title":"La Uni\u00f3n Europea dio luz verde al acuerdo con Mercosur | CVI NOTICIAS","description":"La UE aprob\u00f3 el acuerdo comercial con el Mercosur pese a la oposici\u00f3n de Francia y otros pa\u00edses del bloque.","robots":{"index":"index","follow":"follow","max-snippet":"max-snippet:-1","max-image-preview":"max-image-preview:large","max-video-preview":"max-video-preview:-1"},"canonical":"https:\/\/cvinoticias.com\/v3\/los-paises-de-la-union-europea-aprobaron-el-acuerdo-comercial-con-el-mercosur\/","og_locale":"es_ES","og_type":"article","og_title":"La Uni\u00f3n Europea dio luz verde al acuerdo con Mercosur | CVI NOTICIAS","og_description":"La UE aprob\u00f3 el acuerdo comercial con el Mercosur pese a la oposici\u00f3n de Francia y otros pa\u00edses del bloque.","og_url":"https:\/\/cvinoticias.com\/v3\/los-paises-de-la-union-europea-aprobaron-el-acuerdo-comercial-con-el-mercosur\/","og_site_name":"CVI NOTICIAS","article_publisher":"https:\/\/www.facebook.com\/cvinoticias","article_published_time":"2026-01-09T13:53:31+00:00","og_image":[{"width":720,"height":405,"url":"https:\/\/cvinoticias.com\/wp-content\/uploads\/2026\/01\/union-europea.webp","type":"image\/webp"}],"author":"f1000024","twitter_card":"summary_large_image","twitter_misc":{"Escrito por":"f1000024","Tiempo de lectura":"2 minutos"},"schema":{"@context":"https:\/\/schema.org","@graph":[{"@type":"Article","@id":"https:\/\/cvinoticias.com\/v3\/los-paises-de-la-union-europea-aprobaron-el-acuerdo-comercial-con-el-mercosur\/#article","isPartOf":{"@id":"https:\/\/cvinoticias.com\/v3\/los-paises-de-la-union-europea-aprobaron-el-acuerdo-comercial-con-el-mercosur\/"},"author":{"name":"f1000024","@id":"https:\/\/cvinoticias.com\/v3\/#\/schema\/person\/2db77e3c6bc03c538495d7b2b8be9b66"},"headline":"Los pa\u00edses de la Uni\u00f3n Europea aprobaron el acuerdo comercial con el Mercosur","datePublished":"2026-01-09T13:53:31+00:00","mainEntityOfPage":{"@id":"https:\/\/cvinoticias.com\/v3\/los-paises-de-la-union-europea-aprobaron-el-acuerdo-comercial-con-el-mercosur\/"},"wordCount":238,"commentCount":0,"publisher":{"@id":"https:\/\/cvinoticias.com\/v3\/#organization"},"image":{"@id":"https:\/\/cvinoticias.com\/v3\/los-paises-de-la-union-europea-aprobaron-el-acuerdo-comercial-con-el-mercosur\/#primaryimage"},"thumbnailUrl":"https:\/\/cvinoticias.com\/wp-content\/uploads\/2026\/01\/union-europea.webp","keywords":["Acuerdo","Mercosur","Uni\u00f3n Europea"],"articleSection":["Internacionales"],"inLanguage":"es","potentialAction":[{"@type":"CommentAction","name":"Comment","target":["https:\/\/cvinoticias.com\/v3\/los-paises-de-la-union-europea-aprobaron-el-acuerdo-comercial-con-el-mercosur\/#respond"]}]},{"@type":"WebPage","@id":"https:\/\/cvinoticias.com\/v3\/los-paises-de-la-union-europea-aprobaron-el-acuerdo-comercial-con-el-mercosur\/","url":"https:\/\/cvinoticias.com\/v3\/los-paises-de-la-union-europea-aprobaron-el-acuerdo-comercial-con-el-mercosur\/","name":"La Uni\u00f3n Europea dio luz verde al acuerdo con Mercosur | CVI NOTICIAS","isPartOf":{"@id":"https:\/\/cvinoticias.com\/v3\/#website"},"primaryImageOfPage":{"@id":"https:\/\/cvinoticias.com\/v3\/los-paises-de-la-union-europea-aprobaron-el-acuerdo-comercial-con-el-mercosur\/#primaryimage"},"image":{"@id":"https:\/\/cvinoticias.com\/v3\/los-paises-de-la-union-europea-aprobaron-el-acuerdo-comercial-con-el-mercosur\/#primaryimage"},"thumbnailUrl":"https:\/\/cvinoticias.com\/wp-content\/uploads\/2026\/01\/union-europea.webp","datePublished":"2026-01-09T13:53:31+00:00","description":"La UE aprob\u00f3 el acuerdo comercial con el Mercosur pese a la oposici\u00f3n de Francia y otros pa\u00edses del bloque.","breadcrumb":{"@id":"https:\/\/cvinoticias.com\/v3\/los-paises-de-la-union-europea-aprobaron-el-acuerdo-comercial-con-el-mercosur\/#breadcrumb"},"inLanguage":"es","potentialAction":[{"@type":"ReadAction","target":["https:\/\/cvinoticias.com\/v3\/los-paises-de-la-union-europea-aprobaron-el-acuerdo-comercial-con-el-mercosur\/"]}]},{"@type":"ImageObject","inLanguage":"es","@id":"https:\/\/cvinoticias.com\/v3\/los-paises-de-la-union-europea-aprobaron-el-acuerdo-comercial-con-el-mercosur\/#primaryimage","url":"https:\/\/cvinoticias.com\/wp-content\/uploads\/2026\/01\/union-europea.webp","contentUrl":"https:\/\/cvinoticias.com\/wp-content\/uploads\/2026\/01\/union-europea.webp","width":720,"height":405},{"@type":"BreadcrumbList","@id":"https:\/\/cvinoticias.com\/v3\/los-paises-de-la-union-europea-aprobaron-el-acuerdo-comercial-con-el-mercosur\/#breadcrumb","itemListElement":[{"@type":"ListItem","position":1,"name":"Portada","item":"https:\/\/cvinoticias.com\/v3\/"},{"@type":"ListItem","position":2,"name":"Los pa\u00edses de la Uni\u00f3n Europea aprobaron el acuerdo comercial con el Mercosur"}]},{"@type":"WebSite","@id":"https:\/\/cvinoticias.com\/v3\/#website","url":"https:\/\/cvinoticias.com\/v3\/","name":"CVI NOTICIAS","description":"","publisher":{"@id":"https:\/\/cvinoticias.com\/v3\/#organization"},"alternateName":"CVI","potentialAction":[{"@type":"SearchAction","target":{"@type":"EntryPoint","urlTemplate":"https:\/\/cvinoticias.com\/v3\/?s={search_term_string}"},"query-input":{"@type":"PropertyValueSpecification","valueRequired":true,"valueName":"search_term_string"}}],"inLanguage":"es"},{"@type":"Organization","@id":"https:\/\/cvinoticias.com\/v3\/#organization","name":"CVI NOTICIAS","url":"https:\/\/cvinoticias.com\/v3\/","logo":{"@type":"ImageObject","inLanguage":"es","@id":"https:\/\/cvinoticias.com\/v3\/#\/schema\/logo\/image\/","url":"https:\/\/cvinoticias.com\/wp-content\/uploads\/2023\/04\/cropped-cropped-cropped-cropped-cropped-3-1.png","contentUrl":"https:\/\/cvinoticias.com\/wp-content\/uploads\/2023\/04\/cropped-cropped-cropped-cropped-cropped-3-1.png","width":95,"height":122,"caption":"CVI NOTICIAS"},"image":{"@id":"https:\/\/cvinoticias.com\/v3\/#\/schema\/logo\/image\/"},"sameAs":["https:\/\/www.facebook.com\/cvinoticias","https:\/\/www.instagram.com\/cvinoticias\/","https:\/\/www.youtube.com\/@CVINOTICIAS"]},{"@type":"Person","@id":"https:\/\/cvinoticias.com\/v3\/#\/schema\/person\/2db77e3c6bc03c538495d7b2b8be9b66","name":"f1000024","image":{"@type":"ImageObject","inLanguage":"es","@id":"https:\/\/secure.gravatar.com\/avatar\/d4fe7459cfc51ff5129ce1a732bbef5928568b8092d412ef95611616376bbeed?s=96&d=mm&r=g","url":"https:\/\/secure.gravatar.com\/avatar\/d4fe7459cfc51ff5129ce1a732bbef5928568b8092d412ef95611616376bbeed?s=96&d=mm&r=g","contentUrl":"https:\/\/secure.gravatar.com\/avatar\/d4fe7459cfc51ff5129ce1a732bbef5928568b8092d412ef95611616376bbeed?s=96&d=mm&r=g","caption":"f1000024"},"url":"https:\/\/cvinoticias.com\/v3\/author\/f1000024\/"}]}},"_links":{"self":[{"href":"https:\/\/cvinoticias.com\/v3\/wp-json\/wp\/v2\/posts\/53496","targetHints":{"allow":["GET"]}}],"collection":[{"href":"https:\/\/cvinoticias.com\/v3\/wp-json\/wp\/v2\/posts"}],"about":[{"href":"https:\/\/cvinoticias.com\/v3\/wp-json\/wp\/v2\/types\/post"}],"author":[{"embeddable":true,"href":"https:\/\/cvinoticias.com\/v3\/wp-json\/wp\/v2\/users\/2"}],"replies":[{"embeddable":true,"href":"https:\/\/cvinoticias.com\/v3\/wp-json\/wp\/v2\/comments?post=53496"}],"version-history":[{"count":1,"href":"https:\/\/cvinoticias.com\/v3\/wp-json\/wp\/v2\/posts\/53496\/revisions"}],"predecessor-version":[{"id":53498,"href":"https:\/\/cvinoticias.com\/v3\/wp-json\/wp\/v2\/posts\/53496\/revisions\/53498"}],"wp:featuredmedia":[{"embeddable":true,"href":"https:\/\/cvinoticias.com\/v3\/wp-json\/wp\/v2\/media\/53497"}],"wp:attachment":[{"href":"https:\/\/cvinoticias.com\/v3\/wp-json\/wp\/v2\/media?parent=53496"}],"wp:term":[{"taxonomy":"category","embeddable":true,"href":"https:\/\/cvinoticias.com\/v3\/wp-json\/wp\/v2\/categories?post=53496"},{"taxonomy":"post_tag","embeddable":true,"href":"https:\/\/cvinoticias.com\/v3\/wp-json\/wp\/v2\/tags?post=53496"}],"curies":[{"name":"wp","href":"https:\/\/api.w.org\/{rel}","templated":true}]}}