{"id":53442,"date":"2026-01-07T09:31:14","date_gmt":"2026-01-07T12:31:14","guid":{"rendered":"https:\/\/cvinoticias.com\/v3\/?p=53442"},"modified":"2026-01-07T09:31:17","modified_gmt":"2026-01-07T12:31:17","slug":"milei-descarto-romper-lazos-comerciales-con-china-a-pesar-del-respaldo-a-ee-uu","status":"publish","type":"post","link":"https:\/\/cvinoticias.com\/v3\/milei-descarto-romper-lazos-comerciales-con-china-a-pesar-del-respaldo-a-ee-uu\/","title":{"rendered":"Milei descart\u00f3 romper lazos comerciales con China, a pesar del respaldo a EE.UU."},"content":{"rendered":"\n<p>El presidente<strong>&nbsp;Javier Milei<\/strong>&nbsp;ratific\u00f3 su respaldo a los&nbsp;<strong>Estados Unidos<\/strong>&nbsp;tras la captura del mandatario de Venezuela, Nicol\u00e1s&nbsp;<strong>Maduro<\/strong>, pero descart\u00f3 que vaya a romper lazos comerciales con China.<\/p>\n\n\n\n<p>Milei sostuvo que est\u00e1 \u201cprofundamente alineado geopol\u00edticamente\u201d con la gesti\u00f3n de Donald Trump y remarc\u00f3: \u201cSi uno no es expl\u00edcito, despu\u00e9s hacen lecturas perversas\u201d.<\/p>\n\n\n\n<p>El mandatario argentino dijo que es una \u201cestupidez\u201d que sectores de la pol\u00edtica cuestionen que \u201cEstados Unidos se quiere apropiar del petr\u00f3leo\u201d porque \u201clo que determina la riqueza es el respeto a la propiedad privada, la vida y las instituciones\u201d.<\/p>\n\n\n\n<p>\u201cMurieron 40 personas en esta operaci\u00f3n quir\u00fargica, en un nivel de precisi\u00f3n admirable, y 32 eran cubanos que no estaban de paseo en Venezuela, sino agentes militares. Est\u00e1bamos hablando de una dictadura. Ya en 2007 hab\u00eda empezado a tener grietas este narcoestado terrorista. Hoy el terrorismo tiene distintas facetas y ha financiado a pol\u00edticos, medios de comunicaci\u00f3n, periodistas, empresaurios, Por eso hay tanta gente preocupada por lo que pasa en Venezuela\u201d, detall\u00f3.<\/p>\n\n\n\n<p>En declaraciones por streaming en&nbsp;<em>Neura<\/em>, Milei aval\u00f3 que los Estados Unidos tomen el control del petr\u00f3leo de Venezuela y se\u00f1al\u00f3: \u201cEl tema es para cortarle el suministro a los comunistas. Y no solo por el lado del petr\u00f3leo, porque me parece extra\u00f1o que todos los que se preocupan no dijeron nada cuando se lo llevaban Cuba o Ir\u00e1n. Es raro. No se puede esperar honestidad intelectual de la gente de izquierda\u201d.<\/p>\n\n\n\n<p>\u201cUsaban la log\u00edstica de PDVSA (Petr\u00f3leos de Venezuela) para el narcotr\u00e1fico y el motivo por el cual Estados Unidos lo saca a Maduro de Venezuela tiene que ver con eso\u201d, a\u00f1adi\u00f3 despu\u00e9s.<\/p>\n\n\n\n<p>Milei defini\u00f3 como \u201ccosas dantescas\u201d que grupos de venezolanos que se fueron de su pa\u00eds festejaron la captura de Maduro y sectores de izquierda \u201cse quejaran\u201d.<\/p>\n\n\n\n<p>\u201cNo hay nada m\u00e1s rid\u00edculo que ver a un zurdo que est\u00e1n mal por festejar la ca\u00edda del dictador. Los que vivieron el comunismo lo odian. Solamente lo aman los zurdos con OSDE. No tenemos que dejar de lado el tema de la violaci\u00f3n de los derechos humanos y la tortura. Lo que es el Helicoide. Tampoco se olviden que tenemos a nuestro gendarme Nahuel Gallo\u201d, explic\u00f3.<\/p>\n\n\n\n<p><strong>Tambi\u00e9n destac\u00f3 la aprobaci\u00f3n de los proyectos que envi\u00f3 al Congreso, como la ley de Presupuesto 2026 y de inocencia fiscal,<\/strong>&nbsp;las cuales fueron promulgadas a principio de mes.<\/p>\n\n\n\n<p>\u201cEn la campa\u00f1a promet\u00ed cinco reformas y ya las met\u00ed todas. Terminan las sesiones extraordinarias y est\u00e1n todas dentro\u201d, indic\u00f3.<\/p>\n\n\n\n<p>Asimismo, agreg\u00f3: \u201cEl 1\u00b0 de marzo comenzamos con el Consejo de Mayo, que es una de las partecitas porque, una vez que termine, seguimos con las otras reformas. No vamos a parar\u201d.<\/p>\n\n\n\n<p>En ese sentido, consider\u00f3 vital el resultado de las elecciones legislativas del a\u00f1o pasado, ya que sin el n\u00famero de legisladores que consigui\u00f3 en ambas c\u00e1maras hubiese sido m\u00e1s dif\u00edcil para el oficialismo.<\/p>\n\n\n\n<p>\u201cEn el Senado ya hay dictamen tanto para la modernizaci\u00f3n laboral como para la ley de glaciares. Estimo que va a estar entrando por Diputados la reforma tributaria y el nuevo c\u00f3digo penal\u201d, detall\u00f3.<\/p>\n\n\n\n<p>Y sobre la ley de inocencia fiscal agreg\u00f3: \u201cA los argentinos, desde que existe el Banco Central, se nos estaf\u00f3 con el se\u00f1oraje, que es una falsificaci\u00f3n de dinero\u201d.<\/p>\n\n\n\n<p>Fuente: Canal 12 Misiones<\/p>\n","protected":false},"excerpt":{"rendered":"<p>El presidente&nbsp;Javier Milei&nbsp;ratific\u00f3 su respaldo a los&nbsp;Estados Unidos&nbsp;tras la captura del mandatario de Venezuela, Nicol\u00e1s&nbsp;Maduro, pero descart\u00f3 que vaya a romper lazos comerciales con China. Milei sostuvo que est\u00e1 \u201cprofundamente alineado geopol\u00edticamente\u201d con la gesti\u00f3n de Donald Trump y remarc\u00f3: \u201cSi uno no es expl\u00edcito, despu\u00e9s hacen lecturas perversas\u201d. El mandatario argentino dijo que es [&hellip;]<\/p>\n","protected":false},"author":2,"featured_media":53443,"comment_status":"open","ping_status":"closed","sticky":false,"template":"","format":"standard","meta":{"footnotes":""},"categories":[36],"tags":[4848,4812,564],"class_list":["post-53442","post","type-post","status-publish","format-standard","has-post-thumbnail","hentry","category-internacionales","tag-chna","tag-ee-uu","tag-milei"],"yoast_head":"<!-- This site is optimized with the Yoast SEO plugin v27.5 - https:\/\/yoast.com\/product\/yoast-seo-wordpress\/ -->\n<title>Milei descart\u00f3 romper lazos comerciales con China pese a EE.UU. | CVI NOTICIAS<\/title>\n<meta name=\"description\" content=\"Milei ratific\u00f3 su apoyo a EE.UU. tras captura de Maduro pero asegur\u00f3 que no cortar\u00e1 v\u00ednculos comerciales con China.\" \/>\n<meta name=\"robots\" content=\"index, follow, max-snippet:-1, max-image-preview:large, max-video-preview:-1\" \/>\n<link rel=\"canonical\" href=\"https:\/\/cvinoticias.com\/v3\/milei-descarto-romper-lazos-comerciales-con-china-a-pesar-del-respaldo-a-ee-uu\/\" \/>\n<meta property=\"og:locale\" content=\"es_ES\" \/>\n<meta property=\"og:type\" content=\"article\" \/>\n<meta property=\"og:title\" content=\"Milei descart\u00f3 romper lazos comerciales con China pese a EE.UU. | CVI NOTICIAS\" \/>\n<meta property=\"og:description\" content=\"Milei ratific\u00f3 su apoyo a EE.UU. tras captura de Maduro pero asegur\u00f3 que no cortar\u00e1 v\u00ednculos comerciales con China.\" \/>\n<meta property=\"og:url\" content=\"https:\/\/cvinoticias.com\/v3\/milei-descarto-romper-lazos-comerciales-con-china-a-pesar-del-respaldo-a-ee-uu\/\" \/>\n<meta property=\"og:site_name\" content=\"CVI NOTICIAS\" \/>\n<meta property=\"article:publisher\" content=\"https:\/\/www.facebook.com\/cvinoticias\" \/>\n<meta property=\"article:published_time\" content=\"2026-01-07T12:31:14+00:00\" \/>\n<meta property=\"article:modified_time\" content=\"2026-01-07T12:31:17+00:00\" \/>\n<meta property=\"og:image\" content=\"https:\/\/cvinoticias.com\/wp-content\/uploads\/2026\/01\/milei.webp\" \/>\n\t<meta property=\"og:image:width\" content=\"1089\" \/>\n\t<meta property=\"og:image:height\" content=\"720\" \/>\n\t<meta property=\"og:image:type\" content=\"image\/webp\" \/>\n<meta name=\"author\" content=\"f1000024\" \/>\n<meta name=\"twitter:card\" content=\"summary_large_image\" \/>\n<meta name=\"twitter:label1\" content=\"Escrito por\" \/>\n\t<meta name=\"twitter:data1\" content=\"f1000024\" \/>\n\t<meta name=\"twitter:label2\" content=\"Tiempo de lectura\" \/>\n\t<meta name=\"twitter:data2\" content=\"3 minutos\" \/>\n<script type=\"application\/ld+json\" class=\"yoast-schema-graph\">{\"@context\":\"https:\\\/\\\/schema.org\",\"@graph\":[{\"@type\":\"Article\",\"@id\":\"https:\\\/\\\/cvinoticias.com\\\/v3\\\/milei-descarto-romper-lazos-comerciales-con-china-a-pesar-del-respaldo-a-ee-uu\\\/#article\",\"isPartOf\":{\"@id\":\"https:\\\/\\\/cvinoticias.com\\\/v3\\\/milei-descarto-romper-lazos-comerciales-con-china-a-pesar-del-respaldo-a-ee-uu\\\/\"},\"author\":{\"name\":\"f1000024\",\"@id\":\"https:\\\/\\\/cvinoticias.com\\\/v3\\\/#\\\/schema\\\/person\\\/2db77e3c6bc03c538495d7b2b8be9b66\"},\"headline\":\"Milei descart\u00f3 romper lazos comerciales con China, a pesar del respaldo a EE.UU.\",\"datePublished\":\"2026-01-07T12:31:14+00:00\",\"dateModified\":\"2026-01-07T12:31:17+00:00\",\"mainEntityOfPage\":{\"@id\":\"https:\\\/\\\/cvinoticias.com\\\/v3\\\/milei-descarto-romper-lazos-comerciales-con-china-a-pesar-del-respaldo-a-ee-uu\\\/\"},\"wordCount\":602,\"commentCount\":0,\"publisher\":{\"@id\":\"https:\\\/\\\/cvinoticias.com\\\/v3\\\/#organization\"},\"image\":{\"@id\":\"https:\\\/\\\/cvinoticias.com\\\/v3\\\/milei-descarto-romper-lazos-comerciales-con-china-a-pesar-del-respaldo-a-ee-uu\\\/#primaryimage\"},\"thumbnailUrl\":\"https:\\\/\\\/cvinoticias.com\\\/wp-content\\\/uploads\\\/2026\\\/01\\\/milei.webp\",\"keywords\":[\"Chna\",\"EE.UU\",\"Milei\"],\"articleSection\":[\"Internacionales\"],\"inLanguage\":\"es\",\"potentialAction\":[{\"@type\":\"CommentAction\",\"name\":\"Comment\",\"target\":[\"https:\\\/\\\/cvinoticias.com\\\/v3\\\/milei-descarto-romper-lazos-comerciales-con-china-a-pesar-del-respaldo-a-ee-uu\\\/#respond\"]}]},{\"@type\":\"WebPage\",\"@id\":\"https:\\\/\\\/cvinoticias.com\\\/v3\\\/milei-descarto-romper-lazos-comerciales-con-china-a-pesar-del-respaldo-a-ee-uu\\\/\",\"url\":\"https:\\\/\\\/cvinoticias.com\\\/v3\\\/milei-descarto-romper-lazos-comerciales-con-china-a-pesar-del-respaldo-a-ee-uu\\\/\",\"name\":\"Milei descart\u00f3 romper lazos comerciales con China pese a EE.UU. | CVI NOTICIAS\",\"isPartOf\":{\"@id\":\"https:\\\/\\\/cvinoticias.com\\\/v3\\\/#website\"},\"primaryImageOfPage\":{\"@id\":\"https:\\\/\\\/cvinoticias.com\\\/v3\\\/milei-descarto-romper-lazos-comerciales-con-china-a-pesar-del-respaldo-a-ee-uu\\\/#primaryimage\"},\"image\":{\"@id\":\"https:\\\/\\\/cvinoticias.com\\\/v3\\\/milei-descarto-romper-lazos-comerciales-con-china-a-pesar-del-respaldo-a-ee-uu\\\/#primaryimage\"},\"thumbnailUrl\":\"https:\\\/\\\/cvinoticias.com\\\/wp-content\\\/uploads\\\/2026\\\/01\\\/milei.webp\",\"datePublished\":\"2026-01-07T12:31:14+00:00\",\"dateModified\":\"2026-01-07T12:31:17+00:00\",\"description\":\"Milei ratific\u00f3 su apoyo a EE.UU. tras captura de Maduro pero asegur\u00f3 que no cortar\u00e1 v\u00ednculos comerciales con China.\",\"breadcrumb\":{\"@id\":\"https:\\\/\\\/cvinoticias.com\\\/v3\\\/milei-descarto-romper-lazos-comerciales-con-china-a-pesar-del-respaldo-a-ee-uu\\\/#breadcrumb\"},\"inLanguage\":\"es\",\"potentialAction\":[{\"@type\":\"ReadAction\",\"target\":[\"https:\\\/\\\/cvinoticias.com\\\/v3\\\/milei-descarto-romper-lazos-comerciales-con-china-a-pesar-del-respaldo-a-ee-uu\\\/\"]}]},{\"@type\":\"ImageObject\",\"inLanguage\":\"es\",\"@id\":\"https:\\\/\\\/cvinoticias.com\\\/v3\\\/milei-descarto-romper-lazos-comerciales-con-china-a-pesar-del-respaldo-a-ee-uu\\\/#primaryimage\",\"url\":\"https:\\\/\\\/cvinoticias.com\\\/wp-content\\\/uploads\\\/2026\\\/01\\\/milei.webp\",\"contentUrl\":\"https:\\\/\\\/cvinoticias.com\\\/wp-content\\\/uploads\\\/2026\\\/01\\\/milei.webp\",\"width\":1089,\"height\":720},{\"@type\":\"BreadcrumbList\",\"@id\":\"https:\\\/\\\/cvinoticias.com\\\/v3\\\/milei-descarto-romper-lazos-comerciales-con-china-a-pesar-del-respaldo-a-ee-uu\\\/#breadcrumb\",\"itemListElement\":[{\"@type\":\"ListItem\",\"position\":1,\"name\":\"Portada\",\"item\":\"https:\\\/\\\/cvinoticias.com\\\/v3\\\/\"},{\"@type\":\"ListItem\",\"position\":2,\"name\":\"Milei descart\u00f3 romper lazos comerciales con China, a pesar del respaldo a EE.UU.\"}]},{\"@type\":\"WebSite\",\"@id\":\"https:\\\/\\\/cvinoticias.com\\\/v3\\\/#website\",\"url\":\"https:\\\/\\\/cvinoticias.com\\\/v3\\\/\",\"name\":\"CVI NOTICIAS\",\"description\":\"\",\"publisher\":{\"@id\":\"https:\\\/\\\/cvinoticias.com\\\/v3\\\/#organization\"},\"alternateName\":\"CVI\",\"potentialAction\":[{\"@type\":\"SearchAction\",\"target\":{\"@type\":\"EntryPoint\",\"urlTemplate\":\"https:\\\/\\\/cvinoticias.com\\\/v3\\\/?s={search_term_string}\"},\"query-input\":{\"@type\":\"PropertyValueSpecification\",\"valueRequired\":true,\"valueName\":\"search_term_string\"}}],\"inLanguage\":\"es\"},{\"@type\":\"Organization\",\"@id\":\"https:\\\/\\\/cvinoticias.com\\\/v3\\\/#organization\",\"name\":\"CVI NOTICIAS\",\"url\":\"https:\\\/\\\/cvinoticias.com\\\/v3\\\/\",\"logo\":{\"@type\":\"ImageObject\",\"inLanguage\":\"es\",\"@id\":\"https:\\\/\\\/cvinoticias.com\\\/v3\\\/#\\\/schema\\\/logo\\\/image\\\/\",\"url\":\"https:\\\/\\\/cvinoticias.com\\\/wp-content\\\/uploads\\\/2023\\\/04\\\/cropped-cropped-cropped-cropped-cropped-3-1.png\",\"contentUrl\":\"https:\\\/\\\/cvinoticias.com\\\/wp-content\\\/uploads\\\/2023\\\/04\\\/cropped-cropped-cropped-cropped-cropped-3-1.png\",\"width\":95,\"height\":122,\"caption\":\"CVI NOTICIAS\"},\"image\":{\"@id\":\"https:\\\/\\\/cvinoticias.com\\\/v3\\\/#\\\/schema\\\/logo\\\/image\\\/\"},\"sameAs\":[\"https:\\\/\\\/www.facebook.com\\\/cvinoticias\",\"https:\\\/\\\/www.instagram.com\\\/cvinoticias\\\/\",\"https:\\\/\\\/www.youtube.com\\\/@CVINOTICIAS\"]},{\"@type\":\"Person\",\"@id\":\"https:\\\/\\\/cvinoticias.com\\\/v3\\\/#\\\/schema\\\/person\\\/2db77e3c6bc03c538495d7b2b8be9b66\",\"name\":\"f1000024\",\"image\":{\"@type\":\"ImageObject\",\"inLanguage\":\"es\",\"@id\":\"https:\\\/\\\/secure.gravatar.com\\\/avatar\\\/d4fe7459cfc51ff5129ce1a732bbef5928568b8092d412ef95611616376bbeed?s=96&d=mm&r=g\",\"url\":\"https:\\\/\\\/secure.gravatar.com\\\/avatar\\\/d4fe7459cfc51ff5129ce1a732bbef5928568b8092d412ef95611616376bbeed?s=96&d=mm&r=g\",\"contentUrl\":\"https:\\\/\\\/secure.gravatar.com\\\/avatar\\\/d4fe7459cfc51ff5129ce1a732bbef5928568b8092d412ef95611616376bbeed?s=96&d=mm&r=g\",\"caption\":\"f1000024\"},\"url\":\"https:\\\/\\\/cvinoticias.com\\\/v3\\\/author\\\/f1000024\\\/\"}]}<\/script>\n<!-- \/ Yoast SEO plugin. -->","yoast_head_json":{"title":"Milei descart\u00f3 romper lazos comerciales con China pese a EE.UU. | CVI NOTICIAS","description":"Milei ratific\u00f3 su apoyo a EE.UU. tras captura de Maduro pero asegur\u00f3 que no cortar\u00e1 v\u00ednculos comerciales con China.","robots":{"index":"index","follow":"follow","max-snippet":"max-snippet:-1","max-image-preview":"max-image-preview:large","max-video-preview":"max-video-preview:-1"},"canonical":"https:\/\/cvinoticias.com\/v3\/milei-descarto-romper-lazos-comerciales-con-china-a-pesar-del-respaldo-a-ee-uu\/","og_locale":"es_ES","og_type":"article","og_title":"Milei descart\u00f3 romper lazos comerciales con China pese a EE.UU. | CVI NOTICIAS","og_description":"Milei ratific\u00f3 su apoyo a EE.UU. tras captura de Maduro pero asegur\u00f3 que no cortar\u00e1 v\u00ednculos comerciales con China.","og_url":"https:\/\/cvinoticias.com\/v3\/milei-descarto-romper-lazos-comerciales-con-china-a-pesar-del-respaldo-a-ee-uu\/","og_site_name":"CVI NOTICIAS","article_publisher":"https:\/\/www.facebook.com\/cvinoticias","article_published_time":"2026-01-07T12:31:14+00:00","article_modified_time":"2026-01-07T12:31:17+00:00","og_image":[{"width":1089,"height":720,"url":"https:\/\/cvinoticias.com\/wp-content\/uploads\/2026\/01\/milei.webp","type":"image\/webp"}],"author":"f1000024","twitter_card":"summary_large_image","twitter_misc":{"Escrito por":"f1000024","Tiempo de lectura":"3 minutos"},"schema":{"@context":"https:\/\/schema.org","@graph":[{"@type":"Article","@id":"https:\/\/cvinoticias.com\/v3\/milei-descarto-romper-lazos-comerciales-con-china-a-pesar-del-respaldo-a-ee-uu\/#article","isPartOf":{"@id":"https:\/\/cvinoticias.com\/v3\/milei-descarto-romper-lazos-comerciales-con-china-a-pesar-del-respaldo-a-ee-uu\/"},"author":{"name":"f1000024","@id":"https:\/\/cvinoticias.com\/v3\/#\/schema\/person\/2db77e3c6bc03c538495d7b2b8be9b66"},"headline":"Milei descart\u00f3 romper lazos comerciales con China, a pesar del respaldo a EE.UU.","datePublished":"2026-01-07T12:31:14+00:00","dateModified":"2026-01-07T12:31:17+00:00","mainEntityOfPage":{"@id":"https:\/\/cvinoticias.com\/v3\/milei-descarto-romper-lazos-comerciales-con-china-a-pesar-del-respaldo-a-ee-uu\/"},"wordCount":602,"commentCount":0,"publisher":{"@id":"https:\/\/cvinoticias.com\/v3\/#organization"},"image":{"@id":"https:\/\/cvinoticias.com\/v3\/milei-descarto-romper-lazos-comerciales-con-china-a-pesar-del-respaldo-a-ee-uu\/#primaryimage"},"thumbnailUrl":"https:\/\/cvinoticias.com\/wp-content\/uploads\/2026\/01\/milei.webp","keywords":["Chna","EE.UU","Milei"],"articleSection":["Internacionales"],"inLanguage":"es","potentialAction":[{"@type":"CommentAction","name":"Comment","target":["https:\/\/cvinoticias.com\/v3\/milei-descarto-romper-lazos-comerciales-con-china-a-pesar-del-respaldo-a-ee-uu\/#respond"]}]},{"@type":"WebPage","@id":"https:\/\/cvinoticias.com\/v3\/milei-descarto-romper-lazos-comerciales-con-china-a-pesar-del-respaldo-a-ee-uu\/","url":"https:\/\/cvinoticias.com\/v3\/milei-descarto-romper-lazos-comerciales-con-china-a-pesar-del-respaldo-a-ee-uu\/","name":"Milei descart\u00f3 romper lazos comerciales con China pese a EE.UU. | CVI NOTICIAS","isPartOf":{"@id":"https:\/\/cvinoticias.com\/v3\/#website"},"primaryImageOfPage":{"@id":"https:\/\/cvinoticias.com\/v3\/milei-descarto-romper-lazos-comerciales-con-china-a-pesar-del-respaldo-a-ee-uu\/#primaryimage"},"image":{"@id":"https:\/\/cvinoticias.com\/v3\/milei-descarto-romper-lazos-comerciales-con-china-a-pesar-del-respaldo-a-ee-uu\/#primaryimage"},"thumbnailUrl":"https:\/\/cvinoticias.com\/wp-content\/uploads\/2026\/01\/milei.webp","datePublished":"2026-01-07T12:31:14+00:00","dateModified":"2026-01-07T12:31:17+00:00","description":"Milei ratific\u00f3 su apoyo a EE.UU. tras captura de Maduro pero asegur\u00f3 que no cortar\u00e1 v\u00ednculos comerciales con China.","breadcrumb":{"@id":"https:\/\/cvinoticias.com\/v3\/milei-descarto-romper-lazos-comerciales-con-china-a-pesar-del-respaldo-a-ee-uu\/#breadcrumb"},"inLanguage":"es","potentialAction":[{"@type":"ReadAction","target":["https:\/\/cvinoticias.com\/v3\/milei-descarto-romper-lazos-comerciales-con-china-a-pesar-del-respaldo-a-ee-uu\/"]}]},{"@type":"ImageObject","inLanguage":"es","@id":"https:\/\/cvinoticias.com\/v3\/milei-descarto-romper-lazos-comerciales-con-china-a-pesar-del-respaldo-a-ee-uu\/#primaryimage","url":"https:\/\/cvinoticias.com\/wp-content\/uploads\/2026\/01\/milei.webp","contentUrl":"https:\/\/cvinoticias.com\/wp-content\/uploads\/2026\/01\/milei.webp","width":1089,"height":720},{"@type":"BreadcrumbList","@id":"https:\/\/cvinoticias.com\/v3\/milei-descarto-romper-lazos-comerciales-con-china-a-pesar-del-respaldo-a-ee-uu\/#breadcrumb","itemListElement":[{"@type":"ListItem","position":1,"name":"Portada","item":"https:\/\/cvinoticias.com\/v3\/"},{"@type":"ListItem","position":2,"name":"Milei descart\u00f3 romper lazos comerciales con China, a pesar del respaldo a EE.UU."}]},{"@type":"WebSite","@id":"https:\/\/cvinoticias.com\/v3\/#website","url":"https:\/\/cvinoticias.com\/v3\/","name":"CVI NOTICIAS","description":"","publisher":{"@id":"https:\/\/cvinoticias.com\/v3\/#organization"},"alternateName":"CVI","potentialAction":[{"@type":"SearchAction","target":{"@type":"EntryPoint","urlTemplate":"https:\/\/cvinoticias.com\/v3\/?s={search_term_string}"},"query-input":{"@type":"PropertyValueSpecification","valueRequired":true,"valueName":"search_term_string"}}],"inLanguage":"es"},{"@type":"Organization","@id":"https:\/\/cvinoticias.com\/v3\/#organization","name":"CVI NOTICIAS","url":"https:\/\/cvinoticias.com\/v3\/","logo":{"@type":"ImageObject","inLanguage":"es","@id":"https:\/\/cvinoticias.com\/v3\/#\/schema\/logo\/image\/","url":"https:\/\/cvinoticias.com\/wp-content\/uploads\/2023\/04\/cropped-cropped-cropped-cropped-cropped-3-1.png","contentUrl":"https:\/\/cvinoticias.com\/wp-content\/uploads\/2023\/04\/cropped-cropped-cropped-cropped-cropped-3-1.png","width":95,"height":122,"caption":"CVI NOTICIAS"},"image":{"@id":"https:\/\/cvinoticias.com\/v3\/#\/schema\/logo\/image\/"},"sameAs":["https:\/\/www.facebook.com\/cvinoticias","https:\/\/www.instagram.com\/cvinoticias\/","https:\/\/www.youtube.com\/@CVINOTICIAS"]},{"@type":"Person","@id":"https:\/\/cvinoticias.com\/v3\/#\/schema\/person\/2db77e3c6bc03c538495d7b2b8be9b66","name":"f1000024","image":{"@type":"ImageObject","inLanguage":"es","@id":"https:\/\/secure.gravatar.com\/avatar\/d4fe7459cfc51ff5129ce1a732bbef5928568b8092d412ef95611616376bbeed?s=96&d=mm&r=g","url":"https:\/\/secure.gravatar.com\/avatar\/d4fe7459cfc51ff5129ce1a732bbef5928568b8092d412ef95611616376bbeed?s=96&d=mm&r=g","contentUrl":"https:\/\/secure.gravatar.com\/avatar\/d4fe7459cfc51ff5129ce1a732bbef5928568b8092d412ef95611616376bbeed?s=96&d=mm&r=g","caption":"f1000024"},"url":"https:\/\/cvinoticias.com\/v3\/author\/f1000024\/"}]}},"_links":{"self":[{"href":"https:\/\/cvinoticias.com\/v3\/wp-json\/wp\/v2\/posts\/53442","targetHints":{"allow":["GET"]}}],"collection":[{"href":"https:\/\/cvinoticias.com\/v3\/wp-json\/wp\/v2\/posts"}],"about":[{"href":"https:\/\/cvinoticias.com\/v3\/wp-json\/wp\/v2\/types\/post"}],"author":[{"embeddable":true,"href":"https:\/\/cvinoticias.com\/v3\/wp-json\/wp\/v2\/users\/2"}],"replies":[{"embeddable":true,"href":"https:\/\/cvinoticias.com\/v3\/wp-json\/wp\/v2\/comments?post=53442"}],"version-history":[{"count":1,"href":"https:\/\/cvinoticias.com\/v3\/wp-json\/wp\/v2\/posts\/53442\/revisions"}],"predecessor-version":[{"id":53444,"href":"https:\/\/cvinoticias.com\/v3\/wp-json\/wp\/v2\/posts\/53442\/revisions\/53444"}],"wp:featuredmedia":[{"embeddable":true,"href":"https:\/\/cvinoticias.com\/v3\/wp-json\/wp\/v2\/media\/53443"}],"wp:attachment":[{"href":"https:\/\/cvinoticias.com\/v3\/wp-json\/wp\/v2\/media?parent=53442"}],"wp:term":[{"taxonomy":"category","embeddable":true,"href":"https:\/\/cvinoticias.com\/v3\/wp-json\/wp\/v2\/categories?post=53442"},{"taxonomy":"post_tag","embeddable":true,"href":"https:\/\/cvinoticias.com\/v3\/wp-json\/wp\/v2\/tags?post=53442"}],"curies":[{"name":"wp","href":"https:\/\/api.w.org\/{rel}","templated":true}]}}