{"id":53436,"date":"2026-01-07T09:23:11","date_gmt":"2026-01-07T12:23:11","guid":{"rendered":"https:\/\/cvinoticias.com\/v3\/?p=53436"},"modified":"2026-01-07T09:23:14","modified_gmt":"2026-01-07T12:23:14","slug":"ciclo-lectivo-2026-asi-sera-el-calendario-escolar-en-misiones","status":"publish","type":"post","link":"https:\/\/cvinoticias.com\/v3\/ciclo-lectivo-2026-asi-sera-el-calendario-escolar-en-misiones\/","title":{"rendered":"Ciclo lectivo 2026: as\u00ed ser\u00e1 el calendario escolar en Misiones"},"content":{"rendered":"\n<p>El&nbsp;<strong>Ministerio de Capital Humano<\/strong>, a trav\u00e9s de la&nbsp;<strong>Secretar\u00eda de Educaci\u00f3n<\/strong>, dio a conocer este martes el calendario escolar para el&nbsp;<strong>ciclo lectivo 2026<\/strong>&nbsp;en todo el pa\u00eds. La definici\u00f3n se realiz\u00f3 tras la confirmaci\u00f3n de los feriados nacionales y provinciales.<\/p>\n\n\n\n<p>Los ministros de las 24 jurisdicciones se comprometieron a garantizar los&nbsp;<strong>190 d\u00edas de clase efectivos<\/strong>, tal como establece la normativa vigente. En este sentido, las fechas de inicio var\u00edan seg\u00fan cada provincia y se distribuyen entre febrero y marzo.<\/p>\n\n\n\n<p>Las clases comenzar\u00e1n el 18 de febrero en&nbsp;<strong>Santiago del Estero<\/strong>, mientras que en&nbsp;<strong>Tierra del Fuego<\/strong>&nbsp;ser\u00e1 el 24. En la&nbsp;<strong>Ciudad de Buenos Aires<\/strong>,&nbsp;<strong>Mendoza<\/strong>,&nbsp;<strong>Neuqu\u00e9n<\/strong>&nbsp;y&nbsp;<strong>Santa Cruz<\/strong>&nbsp;el inicio est\u00e1 previsto para el 25 de febrero. Por su parte,&nbsp;<strong>Chubut<\/strong>,&nbsp;<strong>Jujuy<\/strong>&nbsp;y&nbsp;<strong>San Luis<\/strong>&nbsp;iniciar\u00e1n el 23 de febrero.<\/p>\n\n\n\n<figure class=\"wp-block-image\"><img decoding=\"async\" data-src=\"https:\/\/www.canal12misiones.com\/wp-content\/uploads\/2025\/06\/comienzo-de-clases-escuela-docentes-16-1024x683.jpg\" alt=\"\" class=\"wp-image-522645 lazyload\" src=\"data:image\/svg+xml;base64,PHN2ZyB3aWR0aD0iMSIgaGVpZ2h0PSIxIiB4bWxucz0iaHR0cDovL3d3dy53My5vcmcvMjAwMC9zdmciPjwvc3ZnPg==\" style=\"--smush-placeholder-width: 1024px; --smush-placeholder-aspect-ratio: 1024\/683;\" \/><\/figure>\n\n\n\n<p>El 2 de marzo dar\u00e1n inicio al ciclo lectivo las provincias de&nbsp;<strong>Buenos Aires<\/strong>,&nbsp;<strong>Catamarca<\/strong>,&nbsp;<strong>Chaco<\/strong>,&nbsp;<strong>C\u00f3rdoba<\/strong>,&nbsp;<strong>Corrientes<\/strong>,&nbsp;<strong>Entre R\u00edos<\/strong>,&nbsp;<strong>Formosa<\/strong>,&nbsp;<strong>La Pampa<\/strong>,&nbsp;<strong>La Rioja<\/strong>,&nbsp;<strong>R\u00edo Negro<\/strong>,&nbsp;<strong>Salta<\/strong>,&nbsp;<strong>San Juan<\/strong>,&nbsp;<strong>Santa Fe<\/strong>&nbsp;y&nbsp;<strong>Tucum\u00e1n<\/strong>. En tanto, el receso invernal ser\u00e1 del 20 al 31 de julio en Buenos Aires, Ciudad de Buenos Aires, Santiago del Estero y Chaco.<\/p>\n\n\n\n<p>Las vacaciones de invierno se desarrollar\u00e1n entre el 6 y el 17 de julio en&nbsp;<strong>C\u00f3rdoba<\/strong>,&nbsp;<strong>Entre R\u00edos<\/strong>,&nbsp;<strong>Jujuy<\/strong>,&nbsp;<strong>Mendoza<\/strong>,&nbsp;<strong>San Juan<\/strong>,&nbsp;<strong>San Luis<\/strong>&nbsp;y&nbsp;<strong>Santa Fe<\/strong>. Mientras que en&nbsp;<strong>Corrientes<\/strong>,&nbsp;<strong>Formosa<\/strong>,&nbsp;<strong>La Pampa<\/strong>,&nbsp;<strong>La Rioja<\/strong>,&nbsp;<strong>Neuqu\u00e9n<\/strong>,&nbsp;<strong>R\u00edo Negro<\/strong>,&nbsp;<strong>Salta<\/strong>,&nbsp;<strong>Santa Cruz<\/strong>,&nbsp;<strong>Tierra del Fuego<\/strong>&nbsp;y&nbsp;<strong>Tucum\u00e1n<\/strong>&nbsp;se extender\u00e1n del 13 al 24 de julio.<\/p>\n\n\n\n<p>Respecto al cierre del ciclo, en&nbsp;<strong>Formosa<\/strong>&nbsp;ser\u00e1 el 17 de diciembre, en gran parte de las provincias el 18, mientras que en&nbsp;<strong>Buenos Aires<\/strong>&nbsp;y&nbsp;<strong>Mendoza<\/strong>&nbsp;finalizar\u00e1 el 22 de diciembre. En&nbsp;<strong>La Pampa<\/strong>, el \u00faltimo d\u00eda de clases ser\u00e1 el 23 de diciembre.<\/p>\n\n\n\n<h2 class=\"wp-block-heading\">\u00bfEn Misiones?<\/h2>\n\n\n\n<p>En la provincia el calendario escolar iniciar\u00e1 el&nbsp;<strong>2 de marzo<\/strong>, mientras que el receso de invierno ser\u00e1 del&nbsp;<strong>13 al 24 de julio<\/strong>, en tanto que el ciclo lectivo finalizar\u00e1 el<strong>&nbsp;22 de diciembre<\/strong>.<\/p>\n\n\n\n<p>Fuente: Canal 12 Misiones<\/p>\n","protected":false},"excerpt":{"rendered":"<p>El&nbsp;Ministerio de Capital Humano, a trav\u00e9s de la&nbsp;Secretar\u00eda de Educaci\u00f3n, dio a conocer este martes el calendario escolar para el&nbsp;ciclo lectivo 2026&nbsp;en todo el pa\u00eds. La definici\u00f3n se realiz\u00f3 tras la confirmaci\u00f3n de los feriados nacionales y provinciales. Los ministros de las 24 jurisdicciones se comprometieron a garantizar los&nbsp;190 d\u00edas de clase efectivos, tal como [&hellip;]<\/p>\n","protected":false},"author":2,"featured_media":53437,"comment_status":"open","ping_status":"closed","sticky":false,"template":"","format":"standard","meta":{"footnotes":""},"categories":[493],"tags":[3386,1307,2573,4846],"class_list":["post-53436","post","type-post","status-publish","format-standard","has-post-thumbnail","hentry","category-educacion-2","tag-3386","tag-calendario","tag-ciclo","tag-lectivo"],"yoast_head":"<!-- This site is optimized with the Yoast SEO plugin v27.5 - https:\/\/yoast.com\/product\/yoast-seo-wordpress\/ -->\n<title>Ciclo lectivo 2026: calendario escolar en Misiones | CVI NOTICIAS<\/title>\n<meta name=\"description\" content=\"En Misiones, el ciclo lectivo 2026 comienza el 2 de marzo, con receso de invierno del 13 al 24 de julio.\" \/>\n<meta name=\"robots\" content=\"index, follow, max-snippet:-1, max-image-preview:large, max-video-preview:-1\" \/>\n<link rel=\"canonical\" href=\"https:\/\/cvinoticias.com\/v3\/ciclo-lectivo-2026-asi-sera-el-calendario-escolar-en-misiones\/\" \/>\n<meta property=\"og:locale\" content=\"es_ES\" \/>\n<meta property=\"og:type\" content=\"article\" \/>\n<meta property=\"og:title\" content=\"Ciclo lectivo 2026: calendario escolar en Misiones | CVI NOTICIAS\" \/>\n<meta property=\"og:description\" content=\"En Misiones, el ciclo lectivo 2026 comienza el 2 de marzo, con receso de invierno del 13 al 24 de julio.\" \/>\n<meta property=\"og:url\" content=\"https:\/\/cvinoticias.com\/v3\/ciclo-lectivo-2026-asi-sera-el-calendario-escolar-en-misiones\/\" \/>\n<meta property=\"og:site_name\" content=\"CVI NOTICIAS\" \/>\n<meta property=\"article:publisher\" content=\"https:\/\/www.facebook.com\/cvinoticias\" \/>\n<meta property=\"article:published_time\" content=\"2026-01-07T12:23:11+00:00\" \/>\n<meta property=\"article:modified_time\" content=\"2026-01-07T12:23:14+00:00\" \/>\n<meta property=\"og:image\" content=\"https:\/\/cvinoticias.com\/wp-content\/uploads\/2026\/01\/Inicio-de-clases-escuela-aula-20-1.webp\" \/>\n\t<meta property=\"og:image:width\" content=\"1089\" \/>\n\t<meta property=\"og:image:height\" content=\"730\" \/>\n\t<meta property=\"og:image:type\" content=\"image\/webp\" \/>\n<meta name=\"author\" content=\"f1000024\" \/>\n<meta name=\"twitter:card\" content=\"summary_large_image\" \/>\n<meta name=\"twitter:label1\" content=\"Escrito por\" \/>\n\t<meta name=\"twitter:data1\" content=\"f1000024\" \/>\n\t<meta name=\"twitter:label2\" content=\"Tiempo de lectura\" \/>\n\t<meta name=\"twitter:data2\" content=\"2 minutos\" \/>\n<script type=\"application\/ld+json\" class=\"yoast-schema-graph\">{\"@context\":\"https:\\\/\\\/schema.org\",\"@graph\":[{\"@type\":\"Article\",\"@id\":\"https:\\\/\\\/cvinoticias.com\\\/v3\\\/ciclo-lectivo-2026-asi-sera-el-calendario-escolar-en-misiones\\\/#article\",\"isPartOf\":{\"@id\":\"https:\\\/\\\/cvinoticias.com\\\/v3\\\/ciclo-lectivo-2026-asi-sera-el-calendario-escolar-en-misiones\\\/\"},\"author\":{\"name\":\"f1000024\",\"@id\":\"https:\\\/\\\/cvinoticias.com\\\/v3\\\/#\\\/schema\\\/person\\\/2db77e3c6bc03c538495d7b2b8be9b66\"},\"headline\":\"Ciclo lectivo 2026: as\u00ed ser\u00e1 el calendario escolar en Misiones\",\"datePublished\":\"2026-01-07T12:23:11+00:00\",\"dateModified\":\"2026-01-07T12:23:14+00:00\",\"mainEntityOfPage\":{\"@id\":\"https:\\\/\\\/cvinoticias.com\\\/v3\\\/ciclo-lectivo-2026-asi-sera-el-calendario-escolar-en-misiones\\\/\"},\"wordCount\":409,\"commentCount\":0,\"publisher\":{\"@id\":\"https:\\\/\\\/cvinoticias.com\\\/v3\\\/#organization\"},\"image\":{\"@id\":\"https:\\\/\\\/cvinoticias.com\\\/v3\\\/ciclo-lectivo-2026-asi-sera-el-calendario-escolar-en-misiones\\\/#primaryimage\"},\"thumbnailUrl\":\"https:\\\/\\\/cvinoticias.com\\\/wp-content\\\/uploads\\\/2026\\\/01\\\/Inicio-de-clases-escuela-aula-20-1.webp\",\"keywords\":[\"2026\",\"Calendario\",\"ciclo\",\"lectivo\"],\"articleSection\":[\"Educaci\u00f3n\"],\"inLanguage\":\"es\",\"potentialAction\":[{\"@type\":\"CommentAction\",\"name\":\"Comment\",\"target\":[\"https:\\\/\\\/cvinoticias.com\\\/v3\\\/ciclo-lectivo-2026-asi-sera-el-calendario-escolar-en-misiones\\\/#respond\"]}]},{\"@type\":\"WebPage\",\"@id\":\"https:\\\/\\\/cvinoticias.com\\\/v3\\\/ciclo-lectivo-2026-asi-sera-el-calendario-escolar-en-misiones\\\/\",\"url\":\"https:\\\/\\\/cvinoticias.com\\\/v3\\\/ciclo-lectivo-2026-asi-sera-el-calendario-escolar-en-misiones\\\/\",\"name\":\"Ciclo lectivo 2026: calendario escolar en Misiones | CVI NOTICIAS\",\"isPartOf\":{\"@id\":\"https:\\\/\\\/cvinoticias.com\\\/v3\\\/#website\"},\"primaryImageOfPage\":{\"@id\":\"https:\\\/\\\/cvinoticias.com\\\/v3\\\/ciclo-lectivo-2026-asi-sera-el-calendario-escolar-en-misiones\\\/#primaryimage\"},\"image\":{\"@id\":\"https:\\\/\\\/cvinoticias.com\\\/v3\\\/ciclo-lectivo-2026-asi-sera-el-calendario-escolar-en-misiones\\\/#primaryimage\"},\"thumbnailUrl\":\"https:\\\/\\\/cvinoticias.com\\\/wp-content\\\/uploads\\\/2026\\\/01\\\/Inicio-de-clases-escuela-aula-20-1.webp\",\"datePublished\":\"2026-01-07T12:23:11+00:00\",\"dateModified\":\"2026-01-07T12:23:14+00:00\",\"description\":\"En Misiones, el ciclo lectivo 2026 comienza el 2 de marzo, con receso de invierno del 13 al 24 de julio.\",\"breadcrumb\":{\"@id\":\"https:\\\/\\\/cvinoticias.com\\\/v3\\\/ciclo-lectivo-2026-asi-sera-el-calendario-escolar-en-misiones\\\/#breadcrumb\"},\"inLanguage\":\"es\",\"potentialAction\":[{\"@type\":\"ReadAction\",\"target\":[\"https:\\\/\\\/cvinoticias.com\\\/v3\\\/ciclo-lectivo-2026-asi-sera-el-calendario-escolar-en-misiones\\\/\"]}]},{\"@type\":\"ImageObject\",\"inLanguage\":\"es\",\"@id\":\"https:\\\/\\\/cvinoticias.com\\\/v3\\\/ciclo-lectivo-2026-asi-sera-el-calendario-escolar-en-misiones\\\/#primaryimage\",\"url\":\"https:\\\/\\\/cvinoticias.com\\\/wp-content\\\/uploads\\\/2026\\\/01\\\/Inicio-de-clases-escuela-aula-20-1.webp\",\"contentUrl\":\"https:\\\/\\\/cvinoticias.com\\\/wp-content\\\/uploads\\\/2026\\\/01\\\/Inicio-de-clases-escuela-aula-20-1.webp\",\"width\":1089,\"height\":730},{\"@type\":\"BreadcrumbList\",\"@id\":\"https:\\\/\\\/cvinoticias.com\\\/v3\\\/ciclo-lectivo-2026-asi-sera-el-calendario-escolar-en-misiones\\\/#breadcrumb\",\"itemListElement\":[{\"@type\":\"ListItem\",\"position\":1,\"name\":\"Portada\",\"item\":\"https:\\\/\\\/cvinoticias.com\\\/v3\\\/\"},{\"@type\":\"ListItem\",\"position\":2,\"name\":\"Ciclo lectivo 2026: as\u00ed ser\u00e1 el calendario escolar en Misiones\"}]},{\"@type\":\"WebSite\",\"@id\":\"https:\\\/\\\/cvinoticias.com\\\/v3\\\/#website\",\"url\":\"https:\\\/\\\/cvinoticias.com\\\/v3\\\/\",\"name\":\"CVI NOTICIAS\",\"description\":\"\",\"publisher\":{\"@id\":\"https:\\\/\\\/cvinoticias.com\\\/v3\\\/#organization\"},\"alternateName\":\"CVI\",\"potentialAction\":[{\"@type\":\"SearchAction\",\"target\":{\"@type\":\"EntryPoint\",\"urlTemplate\":\"https:\\\/\\\/cvinoticias.com\\\/v3\\\/?s={search_term_string}\"},\"query-input\":{\"@type\":\"PropertyValueSpecification\",\"valueRequired\":true,\"valueName\":\"search_term_string\"}}],\"inLanguage\":\"es\"},{\"@type\":\"Organization\",\"@id\":\"https:\\\/\\\/cvinoticias.com\\\/v3\\\/#organization\",\"name\":\"CVI NOTICIAS\",\"url\":\"https:\\\/\\\/cvinoticias.com\\\/v3\\\/\",\"logo\":{\"@type\":\"ImageObject\",\"inLanguage\":\"es\",\"@id\":\"https:\\\/\\\/cvinoticias.com\\\/v3\\\/#\\\/schema\\\/logo\\\/image\\\/\",\"url\":\"https:\\\/\\\/cvinoticias.com\\\/wp-content\\\/uploads\\\/2023\\\/04\\\/cropped-cropped-cropped-cropped-cropped-3-1.png\",\"contentUrl\":\"https:\\\/\\\/cvinoticias.com\\\/wp-content\\\/uploads\\\/2023\\\/04\\\/cropped-cropped-cropped-cropped-cropped-3-1.png\",\"width\":95,\"height\":122,\"caption\":\"CVI NOTICIAS\"},\"image\":{\"@id\":\"https:\\\/\\\/cvinoticias.com\\\/v3\\\/#\\\/schema\\\/logo\\\/image\\\/\"},\"sameAs\":[\"https:\\\/\\\/www.facebook.com\\\/cvinoticias\",\"https:\\\/\\\/www.instagram.com\\\/cvinoticias\\\/\",\"https:\\\/\\\/www.youtube.com\\\/@CVINOTICIAS\"]},{\"@type\":\"Person\",\"@id\":\"https:\\\/\\\/cvinoticias.com\\\/v3\\\/#\\\/schema\\\/person\\\/2db77e3c6bc03c538495d7b2b8be9b66\",\"name\":\"f1000024\",\"image\":{\"@type\":\"ImageObject\",\"inLanguage\":\"es\",\"@id\":\"https:\\\/\\\/secure.gravatar.com\\\/avatar\\\/d4fe7459cfc51ff5129ce1a732bbef5928568b8092d412ef95611616376bbeed?s=96&d=mm&r=g\",\"url\":\"https:\\\/\\\/secure.gravatar.com\\\/avatar\\\/d4fe7459cfc51ff5129ce1a732bbef5928568b8092d412ef95611616376bbeed?s=96&d=mm&r=g\",\"contentUrl\":\"https:\\\/\\\/secure.gravatar.com\\\/avatar\\\/d4fe7459cfc51ff5129ce1a732bbef5928568b8092d412ef95611616376bbeed?s=96&d=mm&r=g\",\"caption\":\"f1000024\"},\"url\":\"https:\\\/\\\/cvinoticias.com\\\/v3\\\/author\\\/f1000024\\\/\"}]}<\/script>\n<!-- \/ Yoast SEO plugin. -->","yoast_head_json":{"title":"Ciclo lectivo 2026: calendario escolar en Misiones | CVI NOTICIAS","description":"En Misiones, el ciclo lectivo 2026 comienza el 2 de marzo, con receso de invierno del 13 al 24 de julio.","robots":{"index":"index","follow":"follow","max-snippet":"max-snippet:-1","max-image-preview":"max-image-preview:large","max-video-preview":"max-video-preview:-1"},"canonical":"https:\/\/cvinoticias.com\/v3\/ciclo-lectivo-2026-asi-sera-el-calendario-escolar-en-misiones\/","og_locale":"es_ES","og_type":"article","og_title":"Ciclo lectivo 2026: calendario escolar en Misiones | CVI NOTICIAS","og_description":"En Misiones, el ciclo lectivo 2026 comienza el 2 de marzo, con receso de invierno del 13 al 24 de julio.","og_url":"https:\/\/cvinoticias.com\/v3\/ciclo-lectivo-2026-asi-sera-el-calendario-escolar-en-misiones\/","og_site_name":"CVI NOTICIAS","article_publisher":"https:\/\/www.facebook.com\/cvinoticias","article_published_time":"2026-01-07T12:23:11+00:00","article_modified_time":"2026-01-07T12:23:14+00:00","og_image":[{"width":1089,"height":730,"url":"https:\/\/cvinoticias.com\/wp-content\/uploads\/2026\/01\/Inicio-de-clases-escuela-aula-20-1.webp","type":"image\/webp"}],"author":"f1000024","twitter_card":"summary_large_image","twitter_misc":{"Escrito por":"f1000024","Tiempo de lectura":"2 minutos"},"schema":{"@context":"https:\/\/schema.org","@graph":[{"@type":"Article","@id":"https:\/\/cvinoticias.com\/v3\/ciclo-lectivo-2026-asi-sera-el-calendario-escolar-en-misiones\/#article","isPartOf":{"@id":"https:\/\/cvinoticias.com\/v3\/ciclo-lectivo-2026-asi-sera-el-calendario-escolar-en-misiones\/"},"author":{"name":"f1000024","@id":"https:\/\/cvinoticias.com\/v3\/#\/schema\/person\/2db77e3c6bc03c538495d7b2b8be9b66"},"headline":"Ciclo lectivo 2026: as\u00ed ser\u00e1 el calendario escolar en Misiones","datePublished":"2026-01-07T12:23:11+00:00","dateModified":"2026-01-07T12:23:14+00:00","mainEntityOfPage":{"@id":"https:\/\/cvinoticias.com\/v3\/ciclo-lectivo-2026-asi-sera-el-calendario-escolar-en-misiones\/"},"wordCount":409,"commentCount":0,"publisher":{"@id":"https:\/\/cvinoticias.com\/v3\/#organization"},"image":{"@id":"https:\/\/cvinoticias.com\/v3\/ciclo-lectivo-2026-asi-sera-el-calendario-escolar-en-misiones\/#primaryimage"},"thumbnailUrl":"https:\/\/cvinoticias.com\/wp-content\/uploads\/2026\/01\/Inicio-de-clases-escuela-aula-20-1.webp","keywords":["2026","Calendario","ciclo","lectivo"],"articleSection":["Educaci\u00f3n"],"inLanguage":"es","potentialAction":[{"@type":"CommentAction","name":"Comment","target":["https:\/\/cvinoticias.com\/v3\/ciclo-lectivo-2026-asi-sera-el-calendario-escolar-en-misiones\/#respond"]}]},{"@type":"WebPage","@id":"https:\/\/cvinoticias.com\/v3\/ciclo-lectivo-2026-asi-sera-el-calendario-escolar-en-misiones\/","url":"https:\/\/cvinoticias.com\/v3\/ciclo-lectivo-2026-asi-sera-el-calendario-escolar-en-misiones\/","name":"Ciclo lectivo 2026: calendario escolar en Misiones | CVI NOTICIAS","isPartOf":{"@id":"https:\/\/cvinoticias.com\/v3\/#website"},"primaryImageOfPage":{"@id":"https:\/\/cvinoticias.com\/v3\/ciclo-lectivo-2026-asi-sera-el-calendario-escolar-en-misiones\/#primaryimage"},"image":{"@id":"https:\/\/cvinoticias.com\/v3\/ciclo-lectivo-2026-asi-sera-el-calendario-escolar-en-misiones\/#primaryimage"},"thumbnailUrl":"https:\/\/cvinoticias.com\/wp-content\/uploads\/2026\/01\/Inicio-de-clases-escuela-aula-20-1.webp","datePublished":"2026-01-07T12:23:11+00:00","dateModified":"2026-01-07T12:23:14+00:00","description":"En Misiones, el ciclo lectivo 2026 comienza el 2 de marzo, con receso de invierno del 13 al 24 de julio.","breadcrumb":{"@id":"https:\/\/cvinoticias.com\/v3\/ciclo-lectivo-2026-asi-sera-el-calendario-escolar-en-misiones\/#breadcrumb"},"inLanguage":"es","potentialAction":[{"@type":"ReadAction","target":["https:\/\/cvinoticias.com\/v3\/ciclo-lectivo-2026-asi-sera-el-calendario-escolar-en-misiones\/"]}]},{"@type":"ImageObject","inLanguage":"es","@id":"https:\/\/cvinoticias.com\/v3\/ciclo-lectivo-2026-asi-sera-el-calendario-escolar-en-misiones\/#primaryimage","url":"https:\/\/cvinoticias.com\/wp-content\/uploads\/2026\/01\/Inicio-de-clases-escuela-aula-20-1.webp","contentUrl":"https:\/\/cvinoticias.com\/wp-content\/uploads\/2026\/01\/Inicio-de-clases-escuela-aula-20-1.webp","width":1089,"height":730},{"@type":"BreadcrumbList","@id":"https:\/\/cvinoticias.com\/v3\/ciclo-lectivo-2026-asi-sera-el-calendario-escolar-en-misiones\/#breadcrumb","itemListElement":[{"@type":"ListItem","position":1,"name":"Portada","item":"https:\/\/cvinoticias.com\/v3\/"},{"@type":"ListItem","position":2,"name":"Ciclo lectivo 2026: as\u00ed ser\u00e1 el calendario escolar en Misiones"}]},{"@type":"WebSite","@id":"https:\/\/cvinoticias.com\/v3\/#website","url":"https:\/\/cvinoticias.com\/v3\/","name":"CVI NOTICIAS","description":"","publisher":{"@id":"https:\/\/cvinoticias.com\/v3\/#organization"},"alternateName":"CVI","potentialAction":[{"@type":"SearchAction","target":{"@type":"EntryPoint","urlTemplate":"https:\/\/cvinoticias.com\/v3\/?s={search_term_string}"},"query-input":{"@type":"PropertyValueSpecification","valueRequired":true,"valueName":"search_term_string"}}],"inLanguage":"es"},{"@type":"Organization","@id":"https:\/\/cvinoticias.com\/v3\/#organization","name":"CVI NOTICIAS","url":"https:\/\/cvinoticias.com\/v3\/","logo":{"@type":"ImageObject","inLanguage":"es","@id":"https:\/\/cvinoticias.com\/v3\/#\/schema\/logo\/image\/","url":"https:\/\/cvinoticias.com\/wp-content\/uploads\/2023\/04\/cropped-cropped-cropped-cropped-cropped-3-1.png","contentUrl":"https:\/\/cvinoticias.com\/wp-content\/uploads\/2023\/04\/cropped-cropped-cropped-cropped-cropped-3-1.png","width":95,"height":122,"caption":"CVI NOTICIAS"},"image":{"@id":"https:\/\/cvinoticias.com\/v3\/#\/schema\/logo\/image\/"},"sameAs":["https:\/\/www.facebook.com\/cvinoticias","https:\/\/www.instagram.com\/cvinoticias\/","https:\/\/www.youtube.com\/@CVINOTICIAS"]},{"@type":"Person","@id":"https:\/\/cvinoticias.com\/v3\/#\/schema\/person\/2db77e3c6bc03c538495d7b2b8be9b66","name":"f1000024","image":{"@type":"ImageObject","inLanguage":"es","@id":"https:\/\/secure.gravatar.com\/avatar\/d4fe7459cfc51ff5129ce1a732bbef5928568b8092d412ef95611616376bbeed?s=96&d=mm&r=g","url":"https:\/\/secure.gravatar.com\/avatar\/d4fe7459cfc51ff5129ce1a732bbef5928568b8092d412ef95611616376bbeed?s=96&d=mm&r=g","contentUrl":"https:\/\/secure.gravatar.com\/avatar\/d4fe7459cfc51ff5129ce1a732bbef5928568b8092d412ef95611616376bbeed?s=96&d=mm&r=g","caption":"f1000024"},"url":"https:\/\/cvinoticias.com\/v3\/author\/f1000024\/"}]}},"_links":{"self":[{"href":"https:\/\/cvinoticias.com\/v3\/wp-json\/wp\/v2\/posts\/53436","targetHints":{"allow":["GET"]}}],"collection":[{"href":"https:\/\/cvinoticias.com\/v3\/wp-json\/wp\/v2\/posts"}],"about":[{"href":"https:\/\/cvinoticias.com\/v3\/wp-json\/wp\/v2\/types\/post"}],"author":[{"embeddable":true,"href":"https:\/\/cvinoticias.com\/v3\/wp-json\/wp\/v2\/users\/2"}],"replies":[{"embeddable":true,"href":"https:\/\/cvinoticias.com\/v3\/wp-json\/wp\/v2\/comments?post=53436"}],"version-history":[{"count":1,"href":"https:\/\/cvinoticias.com\/v3\/wp-json\/wp\/v2\/posts\/53436\/revisions"}],"predecessor-version":[{"id":53438,"href":"https:\/\/cvinoticias.com\/v3\/wp-json\/wp\/v2\/posts\/53436\/revisions\/53438"}],"wp:featuredmedia":[{"embeddable":true,"href":"https:\/\/cvinoticias.com\/v3\/wp-json\/wp\/v2\/media\/53437"}],"wp:attachment":[{"href":"https:\/\/cvinoticias.com\/v3\/wp-json\/wp\/v2\/media?parent=53436"}],"wp:term":[{"taxonomy":"category","embeddable":true,"href":"https:\/\/cvinoticias.com\/v3\/wp-json\/wp\/v2\/categories?post=53436"},{"taxonomy":"post_tag","embeddable":true,"href":"https:\/\/cvinoticias.com\/v3\/wp-json\/wp\/v2\/tags?post=53436"}],"curies":[{"name":"wp","href":"https:\/\/api.w.org\/{rel}","templated":true}]}}