{"id":53433,"date":"2026-01-07T08:48:20","date_gmt":"2026-01-07T11:48:20","guid":{"rendered":"https:\/\/cvinoticias.com\/v3\/?p=53433"},"modified":"2026-01-07T08:48:21","modified_gmt":"2026-01-07T11:48:21","slug":"el-gobierno-argentino-ratifico-en-la-oea-su-apoyo-a-la-intervencion-militar-de-estados-unidos","status":"publish","type":"post","link":"https:\/\/cvinoticias.com\/v3\/el-gobierno-argentino-ratifico-en-la-oea-su-apoyo-a-la-intervencion-militar-de-estados-unidos\/","title":{"rendered":"El gobierno argentino ratific\u00f3 en la OEA su apoyo a la intervenci\u00f3n militar de Estados Unidos"},"content":{"rendered":"\n<p>El gobierno argentino reafirm\u00f3 este martes su respaldo a la operaci\u00f3n militar de Estados Unidos en Venezuela y a la detenci\u00f3n del presidente Nicol\u00e1s Maduro, durante una reuni\u00f3n del Consejo Permanente de la Organizaci\u00f3n de los Estados Americanos (OEA). <\/p>\n\n\n\n<p>Carlos Cherniak, representante argentino ante la OEA, sostuvo que la administraci\u00f3n de Estados Unidos actu\u00f3 con \u201cdecisi\u00f3n y determinaci\u00f3n\u201d al llevar adelante el ataque que culmin\u00f3 con la captura de Maduro, l\u00edder del llamado \u201cCartel de los Soles\u201d, declarado organizaci\u00f3n terrorista por Argentina en 2025 junto con el Tren de Aragua. <\/p>\n\n\n\n<p>Durante su exposici\u00f3n, Cherniak vincul\u00f3 a Maduro con el \u201cnarcoterrorismo\u201d y lo describi\u00f3 como una \u201camenaza para el hemisferio\u201d. Tambi\u00e9n destac\u00f3 la importancia de que estos hechos puedan abrir una etapa de recuperaci\u00f3n de la democracia y el respeto de los derechos humanos en Venezuela.<\/p>\n\n\n\n<p>El diplom\u00e1tico argentino tambi\u00e9n reclam\u00f3 la liberaci\u00f3n de Nahuel Gallo, un gendarme argentino detenido en Venezuela desde diciembre de 2024, y pidi\u00f3 a la Comisi\u00f3n Interamericana de Derechos Humanos (CIDH) que verifique la situaci\u00f3n de presos pol\u00edticos en ese pa\u00eds<\/p>\n\n\n\n<p>Fuente: El Terriotorio<\/p>\n","protected":false},"excerpt":{"rendered":"<p>El gobierno argentino reafirm\u00f3 este martes su respaldo a la operaci\u00f3n militar de Estados Unidos en Venezuela y a la detenci\u00f3n del presidente Nicol\u00e1s Maduro, durante una reuni\u00f3n del Consejo Permanente de la Organizaci\u00f3n de los Estados Americanos (OEA). Carlos Cherniak, representante argentino ante la OEA, sostuvo que la administraci\u00f3n de Estados Unidos actu\u00f3 con [&hellip;]<\/p>\n","protected":false},"author":2,"featured_media":53434,"comment_status":"open","ping_status":"closed","sticky":false,"template":"","format":"standard","meta":{"footnotes":""},"categories":[36],"tags":[773,276,4845],"class_list":["post-53433","post","type-post","status-publish","format-standard","has-post-thumbnail","hentry","category-internacionales","tag-apoyo","tag-argentina","tag-oea"],"yoast_head":"<!-- This site is optimized with the Yoast SEO plugin v27.5 - https:\/\/yoast.com\/product\/yoast-seo-wordpress\/ -->\n<title>Argentina ratifica en la OEA apoyo a intervenci\u00f3n de EE.UU. | CVI NOTICIAS<\/title>\n<meta name=\"description\" content=\"El gobierno argentino reafirm\u00f3 en la OEA su respaldo al operativo estadounidense que captur\u00f3 a Nicol\u00e1s Maduro.\" \/>\n<meta name=\"robots\" content=\"index, follow, max-snippet:-1, max-image-preview:large, max-video-preview:-1\" \/>\n<link rel=\"canonical\" href=\"https:\/\/cvinoticias.com\/v3\/el-gobierno-argentino-ratifico-en-la-oea-su-apoyo-a-la-intervencion-militar-de-estados-unidos\/\" \/>\n<meta property=\"og:locale\" content=\"es_ES\" \/>\n<meta property=\"og:type\" content=\"article\" \/>\n<meta property=\"og:title\" content=\"Argentina ratifica en la OEA apoyo a intervenci\u00f3n de EE.UU. | CVI NOTICIAS\" \/>\n<meta property=\"og:description\" content=\"El gobierno argentino reafirm\u00f3 en la OEA su respaldo al operativo estadounidense que captur\u00f3 a Nicol\u00e1s Maduro.\" \/>\n<meta property=\"og:url\" content=\"https:\/\/cvinoticias.com\/v3\/el-gobierno-argentino-ratifico-en-la-oea-su-apoyo-a-la-intervencion-militar-de-estados-unidos\/\" \/>\n<meta property=\"og:site_name\" content=\"CVI NOTICIAS\" \/>\n<meta property=\"article:publisher\" content=\"https:\/\/www.facebook.com\/cvinoticias\" \/>\n<meta property=\"article:published_time\" content=\"2026-01-07T11:48:20+00:00\" \/>\n<meta property=\"article:modified_time\" content=\"2026-01-07T11:48:21+00:00\" \/>\n<meta property=\"og:image\" content=\"https:\/\/cvinoticias.com\/wp-content\/uploads\/2026\/01\/md-1-3.webp\" \/>\n\t<meta property=\"og:image:width\" content=\"992\" \/>\n\t<meta property=\"og:image:height\" content=\"557\" \/>\n\t<meta property=\"og:image:type\" content=\"image\/webp\" \/>\n<meta name=\"author\" content=\"f1000024\" \/>\n<meta name=\"twitter:card\" content=\"summary_large_image\" \/>\n<meta name=\"twitter:label1\" content=\"Escrito por\" \/>\n\t<meta name=\"twitter:data1\" content=\"f1000024\" \/>\n\t<meta name=\"twitter:label2\" content=\"Tiempo de lectura\" \/>\n\t<meta name=\"twitter:data2\" content=\"2 minutos\" \/>\n<script type=\"application\/ld+json\" class=\"yoast-schema-graph\">{\"@context\":\"https:\\\/\\\/schema.org\",\"@graph\":[{\"@type\":\"Article\",\"@id\":\"https:\\\/\\\/cvinoticias.com\\\/v3\\\/el-gobierno-argentino-ratifico-en-la-oea-su-apoyo-a-la-intervencion-militar-de-estados-unidos\\\/#article\",\"isPartOf\":{\"@id\":\"https:\\\/\\\/cvinoticias.com\\\/v3\\\/el-gobierno-argentino-ratifico-en-la-oea-su-apoyo-a-la-intervencion-militar-de-estados-unidos\\\/\"},\"author\":{\"name\":\"f1000024\",\"@id\":\"https:\\\/\\\/cvinoticias.com\\\/v3\\\/#\\\/schema\\\/person\\\/2db77e3c6bc03c538495d7b2b8be9b66\"},\"headline\":\"El gobierno argentino ratific\u00f3 en la OEA su apoyo a la intervenci\u00f3n militar de Estados Unidos\",\"datePublished\":\"2026-01-07T11:48:20+00:00\",\"dateModified\":\"2026-01-07T11:48:21+00:00\",\"mainEntityOfPage\":{\"@id\":\"https:\\\/\\\/cvinoticias.com\\\/v3\\\/el-gobierno-argentino-ratifico-en-la-oea-su-apoyo-a-la-intervencion-militar-de-estados-unidos\\\/\"},\"wordCount\":213,\"commentCount\":0,\"publisher\":{\"@id\":\"https:\\\/\\\/cvinoticias.com\\\/v3\\\/#organization\"},\"image\":{\"@id\":\"https:\\\/\\\/cvinoticias.com\\\/v3\\\/el-gobierno-argentino-ratifico-en-la-oea-su-apoyo-a-la-intervencion-militar-de-estados-unidos\\\/#primaryimage\"},\"thumbnailUrl\":\"https:\\\/\\\/cvinoticias.com\\\/wp-content\\\/uploads\\\/2026\\\/01\\\/md-1-3.webp\",\"keywords\":[\"Apoyo\",\"Argentina\",\"OEA\"],\"articleSection\":[\"Internacionales\"],\"inLanguage\":\"es\",\"potentialAction\":[{\"@type\":\"CommentAction\",\"name\":\"Comment\",\"target\":[\"https:\\\/\\\/cvinoticias.com\\\/v3\\\/el-gobierno-argentino-ratifico-en-la-oea-su-apoyo-a-la-intervencion-militar-de-estados-unidos\\\/#respond\"]}]},{\"@type\":\"WebPage\",\"@id\":\"https:\\\/\\\/cvinoticias.com\\\/v3\\\/el-gobierno-argentino-ratifico-en-la-oea-su-apoyo-a-la-intervencion-militar-de-estados-unidos\\\/\",\"url\":\"https:\\\/\\\/cvinoticias.com\\\/v3\\\/el-gobierno-argentino-ratifico-en-la-oea-su-apoyo-a-la-intervencion-militar-de-estados-unidos\\\/\",\"name\":\"Argentina ratifica en la OEA apoyo a intervenci\u00f3n de EE.UU. | CVI NOTICIAS\",\"isPartOf\":{\"@id\":\"https:\\\/\\\/cvinoticias.com\\\/v3\\\/#website\"},\"primaryImageOfPage\":{\"@id\":\"https:\\\/\\\/cvinoticias.com\\\/v3\\\/el-gobierno-argentino-ratifico-en-la-oea-su-apoyo-a-la-intervencion-militar-de-estados-unidos\\\/#primaryimage\"},\"image\":{\"@id\":\"https:\\\/\\\/cvinoticias.com\\\/v3\\\/el-gobierno-argentino-ratifico-en-la-oea-su-apoyo-a-la-intervencion-militar-de-estados-unidos\\\/#primaryimage\"},\"thumbnailUrl\":\"https:\\\/\\\/cvinoticias.com\\\/wp-content\\\/uploads\\\/2026\\\/01\\\/md-1-3.webp\",\"datePublished\":\"2026-01-07T11:48:20+00:00\",\"dateModified\":\"2026-01-07T11:48:21+00:00\",\"description\":\"El gobierno argentino reafirm\u00f3 en la OEA su respaldo al operativo estadounidense que captur\u00f3 a Nicol\u00e1s Maduro.\",\"breadcrumb\":{\"@id\":\"https:\\\/\\\/cvinoticias.com\\\/v3\\\/el-gobierno-argentino-ratifico-en-la-oea-su-apoyo-a-la-intervencion-militar-de-estados-unidos\\\/#breadcrumb\"},\"inLanguage\":\"es\",\"potentialAction\":[{\"@type\":\"ReadAction\",\"target\":[\"https:\\\/\\\/cvinoticias.com\\\/v3\\\/el-gobierno-argentino-ratifico-en-la-oea-su-apoyo-a-la-intervencion-militar-de-estados-unidos\\\/\"]}]},{\"@type\":\"ImageObject\",\"inLanguage\":\"es\",\"@id\":\"https:\\\/\\\/cvinoticias.com\\\/v3\\\/el-gobierno-argentino-ratifico-en-la-oea-su-apoyo-a-la-intervencion-militar-de-estados-unidos\\\/#primaryimage\",\"url\":\"https:\\\/\\\/cvinoticias.com\\\/wp-content\\\/uploads\\\/2026\\\/01\\\/md-1-3.webp\",\"contentUrl\":\"https:\\\/\\\/cvinoticias.com\\\/wp-content\\\/uploads\\\/2026\\\/01\\\/md-1-3.webp\",\"width\":992,\"height\":557},{\"@type\":\"BreadcrumbList\",\"@id\":\"https:\\\/\\\/cvinoticias.com\\\/v3\\\/el-gobierno-argentino-ratifico-en-la-oea-su-apoyo-a-la-intervencion-militar-de-estados-unidos\\\/#breadcrumb\",\"itemListElement\":[{\"@type\":\"ListItem\",\"position\":1,\"name\":\"Portada\",\"item\":\"https:\\\/\\\/cvinoticias.com\\\/v3\\\/\"},{\"@type\":\"ListItem\",\"position\":2,\"name\":\"El gobierno argentino ratific\u00f3 en la OEA su apoyo a la intervenci\u00f3n militar de Estados Unidos\"}]},{\"@type\":\"WebSite\",\"@id\":\"https:\\\/\\\/cvinoticias.com\\\/v3\\\/#website\",\"url\":\"https:\\\/\\\/cvinoticias.com\\\/v3\\\/\",\"name\":\"CVI NOTICIAS\",\"description\":\"\",\"publisher\":{\"@id\":\"https:\\\/\\\/cvinoticias.com\\\/v3\\\/#organization\"},\"alternateName\":\"CVI\",\"potentialAction\":[{\"@type\":\"SearchAction\",\"target\":{\"@type\":\"EntryPoint\",\"urlTemplate\":\"https:\\\/\\\/cvinoticias.com\\\/v3\\\/?s={search_term_string}\"},\"query-input\":{\"@type\":\"PropertyValueSpecification\",\"valueRequired\":true,\"valueName\":\"search_term_string\"}}],\"inLanguage\":\"es\"},{\"@type\":\"Organization\",\"@id\":\"https:\\\/\\\/cvinoticias.com\\\/v3\\\/#organization\",\"name\":\"CVI NOTICIAS\",\"url\":\"https:\\\/\\\/cvinoticias.com\\\/v3\\\/\",\"logo\":{\"@type\":\"ImageObject\",\"inLanguage\":\"es\",\"@id\":\"https:\\\/\\\/cvinoticias.com\\\/v3\\\/#\\\/schema\\\/logo\\\/image\\\/\",\"url\":\"https:\\\/\\\/cvinoticias.com\\\/wp-content\\\/uploads\\\/2023\\\/04\\\/cropped-cropped-cropped-cropped-cropped-3-1.png\",\"contentUrl\":\"https:\\\/\\\/cvinoticias.com\\\/wp-content\\\/uploads\\\/2023\\\/04\\\/cropped-cropped-cropped-cropped-cropped-3-1.png\",\"width\":95,\"height\":122,\"caption\":\"CVI NOTICIAS\"},\"image\":{\"@id\":\"https:\\\/\\\/cvinoticias.com\\\/v3\\\/#\\\/schema\\\/logo\\\/image\\\/\"},\"sameAs\":[\"https:\\\/\\\/www.facebook.com\\\/cvinoticias\",\"https:\\\/\\\/www.instagram.com\\\/cvinoticias\\\/\",\"https:\\\/\\\/www.youtube.com\\\/@CVINOTICIAS\"]},{\"@type\":\"Person\",\"@id\":\"https:\\\/\\\/cvinoticias.com\\\/v3\\\/#\\\/schema\\\/person\\\/2db77e3c6bc03c538495d7b2b8be9b66\",\"name\":\"f1000024\",\"image\":{\"@type\":\"ImageObject\",\"inLanguage\":\"es\",\"@id\":\"https:\\\/\\\/secure.gravatar.com\\\/avatar\\\/d4fe7459cfc51ff5129ce1a732bbef5928568b8092d412ef95611616376bbeed?s=96&d=mm&r=g\",\"url\":\"https:\\\/\\\/secure.gravatar.com\\\/avatar\\\/d4fe7459cfc51ff5129ce1a732bbef5928568b8092d412ef95611616376bbeed?s=96&d=mm&r=g\",\"contentUrl\":\"https:\\\/\\\/secure.gravatar.com\\\/avatar\\\/d4fe7459cfc51ff5129ce1a732bbef5928568b8092d412ef95611616376bbeed?s=96&d=mm&r=g\",\"caption\":\"f1000024\"},\"url\":\"https:\\\/\\\/cvinoticias.com\\\/v3\\\/author\\\/f1000024\\\/\"}]}<\/script>\n<!-- \/ Yoast SEO plugin. -->","yoast_head_json":{"title":"Argentina ratifica en la OEA apoyo a intervenci\u00f3n de EE.UU. | CVI NOTICIAS","description":"El gobierno argentino reafirm\u00f3 en la OEA su respaldo al operativo estadounidense que captur\u00f3 a Nicol\u00e1s Maduro.","robots":{"index":"index","follow":"follow","max-snippet":"max-snippet:-1","max-image-preview":"max-image-preview:large","max-video-preview":"max-video-preview:-1"},"canonical":"https:\/\/cvinoticias.com\/v3\/el-gobierno-argentino-ratifico-en-la-oea-su-apoyo-a-la-intervencion-militar-de-estados-unidos\/","og_locale":"es_ES","og_type":"article","og_title":"Argentina ratifica en la OEA apoyo a intervenci\u00f3n de EE.UU. | CVI NOTICIAS","og_description":"El gobierno argentino reafirm\u00f3 en la OEA su respaldo al operativo estadounidense que captur\u00f3 a Nicol\u00e1s Maduro.","og_url":"https:\/\/cvinoticias.com\/v3\/el-gobierno-argentino-ratifico-en-la-oea-su-apoyo-a-la-intervencion-militar-de-estados-unidos\/","og_site_name":"CVI NOTICIAS","article_publisher":"https:\/\/www.facebook.com\/cvinoticias","article_published_time":"2026-01-07T11:48:20+00:00","article_modified_time":"2026-01-07T11:48:21+00:00","og_image":[{"width":992,"height":557,"url":"https:\/\/cvinoticias.com\/wp-content\/uploads\/2026\/01\/md-1-3.webp","type":"image\/webp"}],"author":"f1000024","twitter_card":"summary_large_image","twitter_misc":{"Escrito por":"f1000024","Tiempo de lectura":"2 minutos"},"schema":{"@context":"https:\/\/schema.org","@graph":[{"@type":"Article","@id":"https:\/\/cvinoticias.com\/v3\/el-gobierno-argentino-ratifico-en-la-oea-su-apoyo-a-la-intervencion-militar-de-estados-unidos\/#article","isPartOf":{"@id":"https:\/\/cvinoticias.com\/v3\/el-gobierno-argentino-ratifico-en-la-oea-su-apoyo-a-la-intervencion-militar-de-estados-unidos\/"},"author":{"name":"f1000024","@id":"https:\/\/cvinoticias.com\/v3\/#\/schema\/person\/2db77e3c6bc03c538495d7b2b8be9b66"},"headline":"El gobierno argentino ratific\u00f3 en la OEA su apoyo a la intervenci\u00f3n militar de Estados Unidos","datePublished":"2026-01-07T11:48:20+00:00","dateModified":"2026-01-07T11:48:21+00:00","mainEntityOfPage":{"@id":"https:\/\/cvinoticias.com\/v3\/el-gobierno-argentino-ratifico-en-la-oea-su-apoyo-a-la-intervencion-militar-de-estados-unidos\/"},"wordCount":213,"commentCount":0,"publisher":{"@id":"https:\/\/cvinoticias.com\/v3\/#organization"},"image":{"@id":"https:\/\/cvinoticias.com\/v3\/el-gobierno-argentino-ratifico-en-la-oea-su-apoyo-a-la-intervencion-militar-de-estados-unidos\/#primaryimage"},"thumbnailUrl":"https:\/\/cvinoticias.com\/wp-content\/uploads\/2026\/01\/md-1-3.webp","keywords":["Apoyo","Argentina","OEA"],"articleSection":["Internacionales"],"inLanguage":"es","potentialAction":[{"@type":"CommentAction","name":"Comment","target":["https:\/\/cvinoticias.com\/v3\/el-gobierno-argentino-ratifico-en-la-oea-su-apoyo-a-la-intervencion-militar-de-estados-unidos\/#respond"]}]},{"@type":"WebPage","@id":"https:\/\/cvinoticias.com\/v3\/el-gobierno-argentino-ratifico-en-la-oea-su-apoyo-a-la-intervencion-militar-de-estados-unidos\/","url":"https:\/\/cvinoticias.com\/v3\/el-gobierno-argentino-ratifico-en-la-oea-su-apoyo-a-la-intervencion-militar-de-estados-unidos\/","name":"Argentina ratifica en la OEA apoyo a intervenci\u00f3n de EE.UU. | CVI NOTICIAS","isPartOf":{"@id":"https:\/\/cvinoticias.com\/v3\/#website"},"primaryImageOfPage":{"@id":"https:\/\/cvinoticias.com\/v3\/el-gobierno-argentino-ratifico-en-la-oea-su-apoyo-a-la-intervencion-militar-de-estados-unidos\/#primaryimage"},"image":{"@id":"https:\/\/cvinoticias.com\/v3\/el-gobierno-argentino-ratifico-en-la-oea-su-apoyo-a-la-intervencion-militar-de-estados-unidos\/#primaryimage"},"thumbnailUrl":"https:\/\/cvinoticias.com\/wp-content\/uploads\/2026\/01\/md-1-3.webp","datePublished":"2026-01-07T11:48:20+00:00","dateModified":"2026-01-07T11:48:21+00:00","description":"El gobierno argentino reafirm\u00f3 en la OEA su respaldo al operativo estadounidense que captur\u00f3 a Nicol\u00e1s Maduro.","breadcrumb":{"@id":"https:\/\/cvinoticias.com\/v3\/el-gobierno-argentino-ratifico-en-la-oea-su-apoyo-a-la-intervencion-militar-de-estados-unidos\/#breadcrumb"},"inLanguage":"es","potentialAction":[{"@type":"ReadAction","target":["https:\/\/cvinoticias.com\/v3\/el-gobierno-argentino-ratifico-en-la-oea-su-apoyo-a-la-intervencion-militar-de-estados-unidos\/"]}]},{"@type":"ImageObject","inLanguage":"es","@id":"https:\/\/cvinoticias.com\/v3\/el-gobierno-argentino-ratifico-en-la-oea-su-apoyo-a-la-intervencion-militar-de-estados-unidos\/#primaryimage","url":"https:\/\/cvinoticias.com\/wp-content\/uploads\/2026\/01\/md-1-3.webp","contentUrl":"https:\/\/cvinoticias.com\/wp-content\/uploads\/2026\/01\/md-1-3.webp","width":992,"height":557},{"@type":"BreadcrumbList","@id":"https:\/\/cvinoticias.com\/v3\/el-gobierno-argentino-ratifico-en-la-oea-su-apoyo-a-la-intervencion-militar-de-estados-unidos\/#breadcrumb","itemListElement":[{"@type":"ListItem","position":1,"name":"Portada","item":"https:\/\/cvinoticias.com\/v3\/"},{"@type":"ListItem","position":2,"name":"El gobierno argentino ratific\u00f3 en la OEA su apoyo a la intervenci\u00f3n militar de Estados Unidos"}]},{"@type":"WebSite","@id":"https:\/\/cvinoticias.com\/v3\/#website","url":"https:\/\/cvinoticias.com\/v3\/","name":"CVI NOTICIAS","description":"","publisher":{"@id":"https:\/\/cvinoticias.com\/v3\/#organization"},"alternateName":"CVI","potentialAction":[{"@type":"SearchAction","target":{"@type":"EntryPoint","urlTemplate":"https:\/\/cvinoticias.com\/v3\/?s={search_term_string}"},"query-input":{"@type":"PropertyValueSpecification","valueRequired":true,"valueName":"search_term_string"}}],"inLanguage":"es"},{"@type":"Organization","@id":"https:\/\/cvinoticias.com\/v3\/#organization","name":"CVI NOTICIAS","url":"https:\/\/cvinoticias.com\/v3\/","logo":{"@type":"ImageObject","inLanguage":"es","@id":"https:\/\/cvinoticias.com\/v3\/#\/schema\/logo\/image\/","url":"https:\/\/cvinoticias.com\/wp-content\/uploads\/2023\/04\/cropped-cropped-cropped-cropped-cropped-3-1.png","contentUrl":"https:\/\/cvinoticias.com\/wp-content\/uploads\/2023\/04\/cropped-cropped-cropped-cropped-cropped-3-1.png","width":95,"height":122,"caption":"CVI NOTICIAS"},"image":{"@id":"https:\/\/cvinoticias.com\/v3\/#\/schema\/logo\/image\/"},"sameAs":["https:\/\/www.facebook.com\/cvinoticias","https:\/\/www.instagram.com\/cvinoticias\/","https:\/\/www.youtube.com\/@CVINOTICIAS"]},{"@type":"Person","@id":"https:\/\/cvinoticias.com\/v3\/#\/schema\/person\/2db77e3c6bc03c538495d7b2b8be9b66","name":"f1000024","image":{"@type":"ImageObject","inLanguage":"es","@id":"https:\/\/secure.gravatar.com\/avatar\/d4fe7459cfc51ff5129ce1a732bbef5928568b8092d412ef95611616376bbeed?s=96&d=mm&r=g","url":"https:\/\/secure.gravatar.com\/avatar\/d4fe7459cfc51ff5129ce1a732bbef5928568b8092d412ef95611616376bbeed?s=96&d=mm&r=g","contentUrl":"https:\/\/secure.gravatar.com\/avatar\/d4fe7459cfc51ff5129ce1a732bbef5928568b8092d412ef95611616376bbeed?s=96&d=mm&r=g","caption":"f1000024"},"url":"https:\/\/cvinoticias.com\/v3\/author\/f1000024\/"}]}},"_links":{"self":[{"href":"https:\/\/cvinoticias.com\/v3\/wp-json\/wp\/v2\/posts\/53433","targetHints":{"allow":["GET"]}}],"collection":[{"href":"https:\/\/cvinoticias.com\/v3\/wp-json\/wp\/v2\/posts"}],"about":[{"href":"https:\/\/cvinoticias.com\/v3\/wp-json\/wp\/v2\/types\/post"}],"author":[{"embeddable":true,"href":"https:\/\/cvinoticias.com\/v3\/wp-json\/wp\/v2\/users\/2"}],"replies":[{"embeddable":true,"href":"https:\/\/cvinoticias.com\/v3\/wp-json\/wp\/v2\/comments?post=53433"}],"version-history":[{"count":1,"href":"https:\/\/cvinoticias.com\/v3\/wp-json\/wp\/v2\/posts\/53433\/revisions"}],"predecessor-version":[{"id":53435,"href":"https:\/\/cvinoticias.com\/v3\/wp-json\/wp\/v2\/posts\/53433\/revisions\/53435"}],"wp:featuredmedia":[{"embeddable":true,"href":"https:\/\/cvinoticias.com\/v3\/wp-json\/wp\/v2\/media\/53434"}],"wp:attachment":[{"href":"https:\/\/cvinoticias.com\/v3\/wp-json\/wp\/v2\/media?parent=53433"}],"wp:term":[{"taxonomy":"category","embeddable":true,"href":"https:\/\/cvinoticias.com\/v3\/wp-json\/wp\/v2\/categories?post=53433"},{"taxonomy":"post_tag","embeddable":true,"href":"https:\/\/cvinoticias.com\/v3\/wp-json\/wp\/v2\/tags?post=53433"}],"curies":[{"name":"wp","href":"https:\/\/api.w.org\/{rel}","templated":true}]}}