{"id":53415,"date":"2026-01-06T12:17:46","date_gmt":"2026-01-06T15:17:46","guid":{"rendered":"https:\/\/cvinoticias.com\/v3\/?p=53415"},"modified":"2026-01-06T12:17:47","modified_gmt":"2026-01-06T15:17:47","slug":"crisis-en-venezuela-liberaron-a-los-catorce-periodistas-que-habian-sido-detenidos","status":"publish","type":"post","link":"https:\/\/cvinoticias.com\/v3\/crisis-en-venezuela-liberaron-a-los-catorce-periodistas-que-habian-sido-detenidos\/","title":{"rendered":"Crisis en Venezuela: liberaron a los catorce periodistas que hab\u00edan sido detenidos"},"content":{"rendered":"\n<p>El&nbsp;<strong>Sindicato Nacional de Trabajadores de la Prensa (SNTP)<\/strong>&nbsp;de Venezuela inform\u00f3 este lunes que los 14 periodistas previamente detenidos fueron liberados, en una jornada en la que la Asamblea Nacional (AN, Parlamento) inici\u00f3 en Caracas su legislatura 2026-2031.<\/p>\n\n\n\n<p>A trav\u00e9s de X, el SNTP indic\u00f3 que uno de los periodistas fue deportado y a\u00fan se espera la liberaci\u00f3n de dos trabajadores del gremio que, asegur\u00f3, fueron detenidos por la Direcci\u00f3n General de Contrainteligencia Militar (DGCIM).<\/p>\n\n\n\n<p>Previamente, la agremiaci\u00f3n inform\u00f3 que, de los 14 trabajadores de la prensa, la mayor\u00eda eran de agencias y medios internacionales y uno de ellos de un medio local.<\/p>\n\n\n\n<p>Por su parte, la ONG Comit\u00e9 por la Libertad de los Presos Pol\u00edticos (Clipp) alert\u00f3 a la comunidad internacional y a los organismos de derechos humanos de Naciones Unidas sobre una \u201cescalada represiva\u201d en Venezuela.<\/p>\n\n\n\n<p>\u201cPeriodistas de agencias internacionales han sido hostigados, detenidos y sometidos a maltratos, incluyendo el borrado de material audiovisual, por ejercer su labor informativa en zonas fronterizas\u201d, se\u00f1al\u00f3 la ONG en X.<\/p>\n\n\n\n<p>Adem\u00e1s, advirti\u00f3 que los presos pol\u00edticos se encuentran en situaci\u00f3n de incomunicaci\u00f3n, con visitas familiares y legales suspendidas, lo que, se\u00f1al\u00f3, agrava su \u201cestado de vulnerabilidad, incrementa el riesgo sobre su integridad f\u00edsica y psicol\u00f3gica y constituye una grave violaci\u00f3n al debido proceso y a las garant\u00edas m\u00ednimas\u201d.<\/p>\n\n\n\n<p>La Asamblea Nacional comenz\u00f3 este lunes una nueva legislatura de cinco a\u00f1os bajo el control del chavismo y la ausencia del poder de Nicol\u00e1s Maduro, quien fue capturado el s\u00e1bado junto a su esposa, la diputada Cilia Flores, por fuerzas estadounidenses y hoy compareci\u00f3 ante un tribunal de Nueva York para su primera audiencia en el pa\u00eds norteamericano.<\/p>\n\n\n\n<p>Durante el primer a\u00f1o del quinquenio, la junta directiva de la Asamblea Nacional (AN) quedar\u00e1 \u00edntegramente en manos del chavismo, encabezada por el diputado y jefe negociador oficialista, Jorge Rodr\u00edguez, cuya hermana, Delcy Rodr\u00edguez, ejerce ahora como presidenta encargada del pa\u00eds por designaci\u00f3n del Tribunal Supremo de Justicia (TSJ).<\/p>\n\n\n\n<p>Fuente: Canal 12 Misiones<\/p>\n","protected":false},"excerpt":{"rendered":"<p>El&nbsp;Sindicato Nacional de Trabajadores de la Prensa (SNTP)&nbsp;de Venezuela inform\u00f3 este lunes que los 14 periodistas previamente detenidos fueron liberados, en una jornada en la que la Asamblea Nacional (AN, Parlamento) inici\u00f3 en Caracas su legislatura 2026-2031. A trav\u00e9s de X, el SNTP indic\u00f3 que uno de los periodistas fue deportado y a\u00fan se espera [&hellip;]<\/p>\n","protected":false},"author":2,"featured_media":53416,"comment_status":"open","ping_status":"closed","sticky":false,"template":"","format":"standard","meta":{"footnotes":""},"categories":[36],"tags":[4839,4840,4303],"class_list":["post-53415","post","type-post","status-publish","format-standard","has-post-thumbnail","hentry","category-internacionales","tag-liberaron","tag-prensa","tag-venezuela"],"yoast_head":"<!-- This site is optimized with the Yoast SEO plugin v27.5 - https:\/\/yoast.com\/product\/yoast-seo-wordpress\/ -->\n<title>Liberaron a 14 periodistas detenidos en Venezuela | CVI NOTICIAS<\/title>\n<meta name=\"description\" content=\"El SNTP confirm\u00f3 la liberaci\u00f3n de 14 periodistas en Venezuela; uno fue deportado y dos contin\u00faan detenidos.\" \/>\n<meta name=\"robots\" content=\"index, follow, max-snippet:-1, max-image-preview:large, max-video-preview:-1\" \/>\n<link rel=\"canonical\" href=\"https:\/\/cvinoticias.com\/v3\/crisis-en-venezuela-liberaron-a-los-catorce-periodistas-que-habian-sido-detenidos\/\" \/>\n<meta property=\"og:locale\" content=\"es_ES\" \/>\n<meta property=\"og:type\" content=\"article\" \/>\n<meta property=\"og:title\" content=\"Liberaron a 14 periodistas detenidos en Venezuela | CVI NOTICIAS\" \/>\n<meta property=\"og:description\" content=\"El SNTP confirm\u00f3 la liberaci\u00f3n de 14 periodistas en Venezuela; uno fue deportado y dos contin\u00faan detenidos.\" \/>\n<meta property=\"og:url\" content=\"https:\/\/cvinoticias.com\/v3\/crisis-en-venezuela-liberaron-a-los-catorce-periodistas-que-habian-sido-detenidos\/\" \/>\n<meta property=\"og:site_name\" content=\"CVI NOTICIAS\" \/>\n<meta property=\"article:publisher\" content=\"https:\/\/www.facebook.com\/cvinoticias\" \/>\n<meta property=\"article:published_time\" content=\"2026-01-06T15:17:46+00:00\" \/>\n<meta property=\"article:modified_time\" content=\"2026-01-06T15:17:47+00:00\" \/>\n<meta property=\"og:image\" content=\"https:\/\/cvinoticias.com\/wp-content\/uploads\/2026\/01\/Libertaddeprensa-1200x640-1.webp\" \/>\n\t<meta property=\"og:image:width\" content=\"1089\" \/>\n\t<meta property=\"og:image:height\" content=\"640\" \/>\n\t<meta property=\"og:image:type\" content=\"image\/webp\" \/>\n<meta name=\"author\" content=\"f1000024\" \/>\n<meta name=\"twitter:card\" content=\"summary_large_image\" \/>\n<meta name=\"twitter:label1\" content=\"Escrito por\" \/>\n\t<meta name=\"twitter:data1\" content=\"f1000024\" \/>\n\t<meta name=\"twitter:label2\" content=\"Tiempo de lectura\" \/>\n\t<meta name=\"twitter:data2\" content=\"2 minutos\" \/>\n<script type=\"application\/ld+json\" class=\"yoast-schema-graph\">{\"@context\":\"https:\\\/\\\/schema.org\",\"@graph\":[{\"@type\":\"Article\",\"@id\":\"https:\\\/\\\/cvinoticias.com\\\/v3\\\/crisis-en-venezuela-liberaron-a-los-catorce-periodistas-que-habian-sido-detenidos\\\/#article\",\"isPartOf\":{\"@id\":\"https:\\\/\\\/cvinoticias.com\\\/v3\\\/crisis-en-venezuela-liberaron-a-los-catorce-periodistas-que-habian-sido-detenidos\\\/\"},\"author\":{\"name\":\"f1000024\",\"@id\":\"https:\\\/\\\/cvinoticias.com\\\/v3\\\/#\\\/schema\\\/person\\\/2db77e3c6bc03c538495d7b2b8be9b66\"},\"headline\":\"Crisis en Venezuela: liberaron a los catorce periodistas que hab\u00edan sido detenidos\",\"datePublished\":\"2026-01-06T15:17:46+00:00\",\"dateModified\":\"2026-01-06T15:17:47+00:00\",\"mainEntityOfPage\":{\"@id\":\"https:\\\/\\\/cvinoticias.com\\\/v3\\\/crisis-en-venezuela-liberaron-a-los-catorce-periodistas-que-habian-sido-detenidos\\\/\"},\"wordCount\":368,\"commentCount\":0,\"publisher\":{\"@id\":\"https:\\\/\\\/cvinoticias.com\\\/v3\\\/#organization\"},\"image\":{\"@id\":\"https:\\\/\\\/cvinoticias.com\\\/v3\\\/crisis-en-venezuela-liberaron-a-los-catorce-periodistas-que-habian-sido-detenidos\\\/#primaryimage\"},\"thumbnailUrl\":\"https:\\\/\\\/cvinoticias.com\\\/wp-content\\\/uploads\\\/2026\\\/01\\\/Libertaddeprensa-1200x640-1.webp\",\"keywords\":[\"liberaron\",\"prensa\",\"Venezuela\"],\"articleSection\":[\"Internacionales\"],\"inLanguage\":\"es\",\"potentialAction\":[{\"@type\":\"CommentAction\",\"name\":\"Comment\",\"target\":[\"https:\\\/\\\/cvinoticias.com\\\/v3\\\/crisis-en-venezuela-liberaron-a-los-catorce-periodistas-que-habian-sido-detenidos\\\/#respond\"]}]},{\"@type\":\"WebPage\",\"@id\":\"https:\\\/\\\/cvinoticias.com\\\/v3\\\/crisis-en-venezuela-liberaron-a-los-catorce-periodistas-que-habian-sido-detenidos\\\/\",\"url\":\"https:\\\/\\\/cvinoticias.com\\\/v3\\\/crisis-en-venezuela-liberaron-a-los-catorce-periodistas-que-habian-sido-detenidos\\\/\",\"name\":\"Liberaron a 14 periodistas detenidos en Venezuela | CVI NOTICIAS\",\"isPartOf\":{\"@id\":\"https:\\\/\\\/cvinoticias.com\\\/v3\\\/#website\"},\"primaryImageOfPage\":{\"@id\":\"https:\\\/\\\/cvinoticias.com\\\/v3\\\/crisis-en-venezuela-liberaron-a-los-catorce-periodistas-que-habian-sido-detenidos\\\/#primaryimage\"},\"image\":{\"@id\":\"https:\\\/\\\/cvinoticias.com\\\/v3\\\/crisis-en-venezuela-liberaron-a-los-catorce-periodistas-que-habian-sido-detenidos\\\/#primaryimage\"},\"thumbnailUrl\":\"https:\\\/\\\/cvinoticias.com\\\/wp-content\\\/uploads\\\/2026\\\/01\\\/Libertaddeprensa-1200x640-1.webp\",\"datePublished\":\"2026-01-06T15:17:46+00:00\",\"dateModified\":\"2026-01-06T15:17:47+00:00\",\"description\":\"El SNTP confirm\u00f3 la liberaci\u00f3n de 14 periodistas en Venezuela; uno fue deportado y dos contin\u00faan detenidos.\",\"breadcrumb\":{\"@id\":\"https:\\\/\\\/cvinoticias.com\\\/v3\\\/crisis-en-venezuela-liberaron-a-los-catorce-periodistas-que-habian-sido-detenidos\\\/#breadcrumb\"},\"inLanguage\":\"es\",\"potentialAction\":[{\"@type\":\"ReadAction\",\"target\":[\"https:\\\/\\\/cvinoticias.com\\\/v3\\\/crisis-en-venezuela-liberaron-a-los-catorce-periodistas-que-habian-sido-detenidos\\\/\"]}]},{\"@type\":\"ImageObject\",\"inLanguage\":\"es\",\"@id\":\"https:\\\/\\\/cvinoticias.com\\\/v3\\\/crisis-en-venezuela-liberaron-a-los-catorce-periodistas-que-habian-sido-detenidos\\\/#primaryimage\",\"url\":\"https:\\\/\\\/cvinoticias.com\\\/wp-content\\\/uploads\\\/2026\\\/01\\\/Libertaddeprensa-1200x640-1.webp\",\"contentUrl\":\"https:\\\/\\\/cvinoticias.com\\\/wp-content\\\/uploads\\\/2026\\\/01\\\/Libertaddeprensa-1200x640-1.webp\",\"width\":1089,\"height\":640},{\"@type\":\"BreadcrumbList\",\"@id\":\"https:\\\/\\\/cvinoticias.com\\\/v3\\\/crisis-en-venezuela-liberaron-a-los-catorce-periodistas-que-habian-sido-detenidos\\\/#breadcrumb\",\"itemListElement\":[{\"@type\":\"ListItem\",\"position\":1,\"name\":\"Portada\",\"item\":\"https:\\\/\\\/cvinoticias.com\\\/v3\\\/\"},{\"@type\":\"ListItem\",\"position\":2,\"name\":\"Crisis en Venezuela: liberaron a los catorce periodistas que hab\u00edan sido detenidos\"}]},{\"@type\":\"WebSite\",\"@id\":\"https:\\\/\\\/cvinoticias.com\\\/v3\\\/#website\",\"url\":\"https:\\\/\\\/cvinoticias.com\\\/v3\\\/\",\"name\":\"CVI NOTICIAS\",\"description\":\"\",\"publisher\":{\"@id\":\"https:\\\/\\\/cvinoticias.com\\\/v3\\\/#organization\"},\"alternateName\":\"CVI\",\"potentialAction\":[{\"@type\":\"SearchAction\",\"target\":{\"@type\":\"EntryPoint\",\"urlTemplate\":\"https:\\\/\\\/cvinoticias.com\\\/v3\\\/?s={search_term_string}\"},\"query-input\":{\"@type\":\"PropertyValueSpecification\",\"valueRequired\":true,\"valueName\":\"search_term_string\"}}],\"inLanguage\":\"es\"},{\"@type\":\"Organization\",\"@id\":\"https:\\\/\\\/cvinoticias.com\\\/v3\\\/#organization\",\"name\":\"CVI NOTICIAS\",\"url\":\"https:\\\/\\\/cvinoticias.com\\\/v3\\\/\",\"logo\":{\"@type\":\"ImageObject\",\"inLanguage\":\"es\",\"@id\":\"https:\\\/\\\/cvinoticias.com\\\/v3\\\/#\\\/schema\\\/logo\\\/image\\\/\",\"url\":\"https:\\\/\\\/cvinoticias.com\\\/wp-content\\\/uploads\\\/2023\\\/04\\\/cropped-cropped-cropped-cropped-cropped-3-1.png\",\"contentUrl\":\"https:\\\/\\\/cvinoticias.com\\\/wp-content\\\/uploads\\\/2023\\\/04\\\/cropped-cropped-cropped-cropped-cropped-3-1.png\",\"width\":95,\"height\":122,\"caption\":\"CVI NOTICIAS\"},\"image\":{\"@id\":\"https:\\\/\\\/cvinoticias.com\\\/v3\\\/#\\\/schema\\\/logo\\\/image\\\/\"},\"sameAs\":[\"https:\\\/\\\/www.facebook.com\\\/cvinoticias\",\"https:\\\/\\\/www.instagram.com\\\/cvinoticias\\\/\",\"https:\\\/\\\/www.youtube.com\\\/@CVINOTICIAS\"]},{\"@type\":\"Person\",\"@id\":\"https:\\\/\\\/cvinoticias.com\\\/v3\\\/#\\\/schema\\\/person\\\/2db77e3c6bc03c538495d7b2b8be9b66\",\"name\":\"f1000024\",\"image\":{\"@type\":\"ImageObject\",\"inLanguage\":\"es\",\"@id\":\"https:\\\/\\\/secure.gravatar.com\\\/avatar\\\/d4fe7459cfc51ff5129ce1a732bbef5928568b8092d412ef95611616376bbeed?s=96&d=mm&r=g\",\"url\":\"https:\\\/\\\/secure.gravatar.com\\\/avatar\\\/d4fe7459cfc51ff5129ce1a732bbef5928568b8092d412ef95611616376bbeed?s=96&d=mm&r=g\",\"contentUrl\":\"https:\\\/\\\/secure.gravatar.com\\\/avatar\\\/d4fe7459cfc51ff5129ce1a732bbef5928568b8092d412ef95611616376bbeed?s=96&d=mm&r=g\",\"caption\":\"f1000024\"},\"url\":\"https:\\\/\\\/cvinoticias.com\\\/v3\\\/author\\\/f1000024\\\/\"}]}<\/script>\n<!-- \/ Yoast SEO plugin. -->","yoast_head_json":{"title":"Liberaron a 14 periodistas detenidos en Venezuela | CVI NOTICIAS","description":"El SNTP confirm\u00f3 la liberaci\u00f3n de 14 periodistas en Venezuela; uno fue deportado y dos contin\u00faan detenidos.","robots":{"index":"index","follow":"follow","max-snippet":"max-snippet:-1","max-image-preview":"max-image-preview:large","max-video-preview":"max-video-preview:-1"},"canonical":"https:\/\/cvinoticias.com\/v3\/crisis-en-venezuela-liberaron-a-los-catorce-periodistas-que-habian-sido-detenidos\/","og_locale":"es_ES","og_type":"article","og_title":"Liberaron a 14 periodistas detenidos en Venezuela | CVI NOTICIAS","og_description":"El SNTP confirm\u00f3 la liberaci\u00f3n de 14 periodistas en Venezuela; uno fue deportado y dos contin\u00faan detenidos.","og_url":"https:\/\/cvinoticias.com\/v3\/crisis-en-venezuela-liberaron-a-los-catorce-periodistas-que-habian-sido-detenidos\/","og_site_name":"CVI NOTICIAS","article_publisher":"https:\/\/www.facebook.com\/cvinoticias","article_published_time":"2026-01-06T15:17:46+00:00","article_modified_time":"2026-01-06T15:17:47+00:00","og_image":[{"width":1089,"height":640,"url":"https:\/\/cvinoticias.com\/wp-content\/uploads\/2026\/01\/Libertaddeprensa-1200x640-1.webp","type":"image\/webp"}],"author":"f1000024","twitter_card":"summary_large_image","twitter_misc":{"Escrito por":"f1000024","Tiempo de lectura":"2 minutos"},"schema":{"@context":"https:\/\/schema.org","@graph":[{"@type":"Article","@id":"https:\/\/cvinoticias.com\/v3\/crisis-en-venezuela-liberaron-a-los-catorce-periodistas-que-habian-sido-detenidos\/#article","isPartOf":{"@id":"https:\/\/cvinoticias.com\/v3\/crisis-en-venezuela-liberaron-a-los-catorce-periodistas-que-habian-sido-detenidos\/"},"author":{"name":"f1000024","@id":"https:\/\/cvinoticias.com\/v3\/#\/schema\/person\/2db77e3c6bc03c538495d7b2b8be9b66"},"headline":"Crisis en Venezuela: liberaron a los catorce periodistas que hab\u00edan sido detenidos","datePublished":"2026-01-06T15:17:46+00:00","dateModified":"2026-01-06T15:17:47+00:00","mainEntityOfPage":{"@id":"https:\/\/cvinoticias.com\/v3\/crisis-en-venezuela-liberaron-a-los-catorce-periodistas-que-habian-sido-detenidos\/"},"wordCount":368,"commentCount":0,"publisher":{"@id":"https:\/\/cvinoticias.com\/v3\/#organization"},"image":{"@id":"https:\/\/cvinoticias.com\/v3\/crisis-en-venezuela-liberaron-a-los-catorce-periodistas-que-habian-sido-detenidos\/#primaryimage"},"thumbnailUrl":"https:\/\/cvinoticias.com\/wp-content\/uploads\/2026\/01\/Libertaddeprensa-1200x640-1.webp","keywords":["liberaron","prensa","Venezuela"],"articleSection":["Internacionales"],"inLanguage":"es","potentialAction":[{"@type":"CommentAction","name":"Comment","target":["https:\/\/cvinoticias.com\/v3\/crisis-en-venezuela-liberaron-a-los-catorce-periodistas-que-habian-sido-detenidos\/#respond"]}]},{"@type":"WebPage","@id":"https:\/\/cvinoticias.com\/v3\/crisis-en-venezuela-liberaron-a-los-catorce-periodistas-que-habian-sido-detenidos\/","url":"https:\/\/cvinoticias.com\/v3\/crisis-en-venezuela-liberaron-a-los-catorce-periodistas-que-habian-sido-detenidos\/","name":"Liberaron a 14 periodistas detenidos en Venezuela | CVI NOTICIAS","isPartOf":{"@id":"https:\/\/cvinoticias.com\/v3\/#website"},"primaryImageOfPage":{"@id":"https:\/\/cvinoticias.com\/v3\/crisis-en-venezuela-liberaron-a-los-catorce-periodistas-que-habian-sido-detenidos\/#primaryimage"},"image":{"@id":"https:\/\/cvinoticias.com\/v3\/crisis-en-venezuela-liberaron-a-los-catorce-periodistas-que-habian-sido-detenidos\/#primaryimage"},"thumbnailUrl":"https:\/\/cvinoticias.com\/wp-content\/uploads\/2026\/01\/Libertaddeprensa-1200x640-1.webp","datePublished":"2026-01-06T15:17:46+00:00","dateModified":"2026-01-06T15:17:47+00:00","description":"El SNTP confirm\u00f3 la liberaci\u00f3n de 14 periodistas en Venezuela; uno fue deportado y dos contin\u00faan detenidos.","breadcrumb":{"@id":"https:\/\/cvinoticias.com\/v3\/crisis-en-venezuela-liberaron-a-los-catorce-periodistas-que-habian-sido-detenidos\/#breadcrumb"},"inLanguage":"es","potentialAction":[{"@type":"ReadAction","target":["https:\/\/cvinoticias.com\/v3\/crisis-en-venezuela-liberaron-a-los-catorce-periodistas-que-habian-sido-detenidos\/"]}]},{"@type":"ImageObject","inLanguage":"es","@id":"https:\/\/cvinoticias.com\/v3\/crisis-en-venezuela-liberaron-a-los-catorce-periodistas-que-habian-sido-detenidos\/#primaryimage","url":"https:\/\/cvinoticias.com\/wp-content\/uploads\/2026\/01\/Libertaddeprensa-1200x640-1.webp","contentUrl":"https:\/\/cvinoticias.com\/wp-content\/uploads\/2026\/01\/Libertaddeprensa-1200x640-1.webp","width":1089,"height":640},{"@type":"BreadcrumbList","@id":"https:\/\/cvinoticias.com\/v3\/crisis-en-venezuela-liberaron-a-los-catorce-periodistas-que-habian-sido-detenidos\/#breadcrumb","itemListElement":[{"@type":"ListItem","position":1,"name":"Portada","item":"https:\/\/cvinoticias.com\/v3\/"},{"@type":"ListItem","position":2,"name":"Crisis en Venezuela: liberaron a los catorce periodistas que hab\u00edan sido detenidos"}]},{"@type":"WebSite","@id":"https:\/\/cvinoticias.com\/v3\/#website","url":"https:\/\/cvinoticias.com\/v3\/","name":"CVI NOTICIAS","description":"","publisher":{"@id":"https:\/\/cvinoticias.com\/v3\/#organization"},"alternateName":"CVI","potentialAction":[{"@type":"SearchAction","target":{"@type":"EntryPoint","urlTemplate":"https:\/\/cvinoticias.com\/v3\/?s={search_term_string}"},"query-input":{"@type":"PropertyValueSpecification","valueRequired":true,"valueName":"search_term_string"}}],"inLanguage":"es"},{"@type":"Organization","@id":"https:\/\/cvinoticias.com\/v3\/#organization","name":"CVI NOTICIAS","url":"https:\/\/cvinoticias.com\/v3\/","logo":{"@type":"ImageObject","inLanguage":"es","@id":"https:\/\/cvinoticias.com\/v3\/#\/schema\/logo\/image\/","url":"https:\/\/cvinoticias.com\/wp-content\/uploads\/2023\/04\/cropped-cropped-cropped-cropped-cropped-3-1.png","contentUrl":"https:\/\/cvinoticias.com\/wp-content\/uploads\/2023\/04\/cropped-cropped-cropped-cropped-cropped-3-1.png","width":95,"height":122,"caption":"CVI NOTICIAS"},"image":{"@id":"https:\/\/cvinoticias.com\/v3\/#\/schema\/logo\/image\/"},"sameAs":["https:\/\/www.facebook.com\/cvinoticias","https:\/\/www.instagram.com\/cvinoticias\/","https:\/\/www.youtube.com\/@CVINOTICIAS"]},{"@type":"Person","@id":"https:\/\/cvinoticias.com\/v3\/#\/schema\/person\/2db77e3c6bc03c538495d7b2b8be9b66","name":"f1000024","image":{"@type":"ImageObject","inLanguage":"es","@id":"https:\/\/secure.gravatar.com\/avatar\/d4fe7459cfc51ff5129ce1a732bbef5928568b8092d412ef95611616376bbeed?s=96&d=mm&r=g","url":"https:\/\/secure.gravatar.com\/avatar\/d4fe7459cfc51ff5129ce1a732bbef5928568b8092d412ef95611616376bbeed?s=96&d=mm&r=g","contentUrl":"https:\/\/secure.gravatar.com\/avatar\/d4fe7459cfc51ff5129ce1a732bbef5928568b8092d412ef95611616376bbeed?s=96&d=mm&r=g","caption":"f1000024"},"url":"https:\/\/cvinoticias.com\/v3\/author\/f1000024\/"}]}},"_links":{"self":[{"href":"https:\/\/cvinoticias.com\/v3\/wp-json\/wp\/v2\/posts\/53415","targetHints":{"allow":["GET"]}}],"collection":[{"href":"https:\/\/cvinoticias.com\/v3\/wp-json\/wp\/v2\/posts"}],"about":[{"href":"https:\/\/cvinoticias.com\/v3\/wp-json\/wp\/v2\/types\/post"}],"author":[{"embeddable":true,"href":"https:\/\/cvinoticias.com\/v3\/wp-json\/wp\/v2\/users\/2"}],"replies":[{"embeddable":true,"href":"https:\/\/cvinoticias.com\/v3\/wp-json\/wp\/v2\/comments?post=53415"}],"version-history":[{"count":1,"href":"https:\/\/cvinoticias.com\/v3\/wp-json\/wp\/v2\/posts\/53415\/revisions"}],"predecessor-version":[{"id":53417,"href":"https:\/\/cvinoticias.com\/v3\/wp-json\/wp\/v2\/posts\/53415\/revisions\/53417"}],"wp:featuredmedia":[{"embeddable":true,"href":"https:\/\/cvinoticias.com\/v3\/wp-json\/wp\/v2\/media\/53416"}],"wp:attachment":[{"href":"https:\/\/cvinoticias.com\/v3\/wp-json\/wp\/v2\/media?parent=53415"}],"wp:term":[{"taxonomy":"category","embeddable":true,"href":"https:\/\/cvinoticias.com\/v3\/wp-json\/wp\/v2\/categories?post=53415"},{"taxonomy":"post_tag","embeddable":true,"href":"https:\/\/cvinoticias.com\/v3\/wp-json\/wp\/v2\/tags?post=53415"}],"curies":[{"name":"wp","href":"https:\/\/api.w.org\/{rel}","templated":true}]}}