{"id":53362,"date":"2026-01-05T10:08:24","date_gmt":"2026-01-05T13:08:24","guid":{"rendered":"https:\/\/cvinoticias.com\/v3\/?p=53362"},"modified":"2026-01-05T10:10:56","modified_gmt":"2026-01-05T13:10:56","slug":"el-gobierno-nacional-designo-a-alejandro-henke-como-vicepresidente-del-banco-nacion","status":"publish","type":"post","link":"https:\/\/cvinoticias.com\/v3\/el-gobierno-nacional-designo-a-alejandro-henke-como-vicepresidente-del-banco-nacion\/","title":{"rendered":"El Gobierno nacional design\u00f3 a Alejandro Henke como vicepresidente del Banco Naci\u00f3n"},"content":{"rendered":"\n<p>El Gobierno&nbsp;design\u00f3 a Alejandro Henke como vicepresidente del Banco Naci\u00f3n&nbsp;(BNA), tras quedar vacante el puesto por el ascenso de Dar\u00edo Wassermann&nbsp;a la presidencia de la entidad.<\/p>\n\n\n\n<p>El nombramiento se formaliz\u00f3 mediante el Decreto 1\/2026, publicado este lunes en el Bolet\u00edn Oficial. Hasta el nuevo encargo, Henke se desempe\u00f1aba como director del banco estatal&nbsp;desde enero de 2024, cuando iniciaba la gesti\u00f3n de Javier Milei.<\/p>\n\n\n\n<figure class=\"wp-block-image\"><img decoding=\"async\" data-src=\"https:\/\/www.canal12misiones.com\/wp-content\/uploads\/2026\/01\/720-4-1024x683.webp\" alt=\"\" class=\"wp-image-626174 lazyload\" src=\"data:image\/svg+xml;base64,PHN2ZyB3aWR0aD0iMSIgaGVpZ2h0PSIxIiB4bWxucz0iaHR0cDovL3d3dy53My5vcmcvMjAwMC9zdmciPjwvc3ZnPg==\" style=\"--smush-placeholder-width: 1024px; --smush-placeholder-aspect-ratio: 1024\/683;\" \/><\/figure>\n\n\n\n<h2 class=\"wp-block-heading\">La trayectoria de Alejandro Henke<\/h2>\n\n\n\n<p>Henke es un&nbsp;hombre cercano al ministro de Econom\u00eda, Luis Caputo, quien lo acerc\u00f3 nuevamente al directorio del banco en la actual administraci\u00f3n libertaria luego de haber ocupado ese puesto entre 2015 y 2017.<\/p>\n\n\n\n<p>Anteriormente era director ejecutivo de Proficio Investment, donde recal\u00f3 luego de su paso por la gesti\u00f3n p\u00fablica. Desde 1994 fue gerente del Banco Central (BCRA) y entre 2002 y 2003 fue director, economista jefe y vice superintendente de la autoridad monetaria.<\/p>\n\n\n\n<p>Con esta designaci\u00f3n se completa la reestructuraci\u00f3n de cargos en el&nbsp;BNA, que previamente tuvo la salida del ex titular, Daniel Tillard, el ascenso de Wassermann a la conducci\u00f3n de la entidad y la incorporaci\u00f3n de Carolina P\u00edparo&nbsp;como directora.<\/p>\n\n\n\n<p>Fuente: Canal 12 Misiones<\/p>\n\n\n\n<p><\/p>\n","protected":false},"excerpt":{"rendered":"<p>El Gobierno&nbsp;design\u00f3 a Alejandro Henke como vicepresidente del Banco Naci\u00f3n&nbsp;(BNA), tras quedar vacante el puesto por el ascenso de Dar\u00edo Wassermann&nbsp;a la presidencia de la entidad. El nombramiento se formaliz\u00f3 mediante el Decreto 1\/2026, publicado este lunes en el Bolet\u00edn Oficial. Hasta el nuevo encargo, Henke se desempe\u00f1aba como director del banco estatal&nbsp;desde enero de [&hellip;]<\/p>\n","protected":false},"author":2,"featured_media":53363,"comment_status":"open","ping_status":"closed","sticky":false,"template":"","format":"standard","meta":{"footnotes":""},"categories":[39],"tags":[4826,331,4825],"class_list":["post-53362","post","type-post","status-publish","format-standard","has-post-thumbnail","hentry","category-nacionales","tag-bna","tag-gobierno","tag-vicepresidente"],"yoast_head":"<!-- This site is optimized with the Yoast SEO plugin v27.5 - https:\/\/yoast.com\/product\/yoast-seo-wordpress\/ -->\n<title>Alejandro Henke es designado vicepresidente del Banco Naci\u00f3n | CVI NOTICIAS<\/title>\n<meta name=\"description\" content=\"El Gobierno nombr\u00f3 a Alejandro Henke vicepresidente del Banco Naci\u00f3n mediante decreto publicado en el Bolet\u00edn Oficial.\" \/>\n<meta name=\"robots\" content=\"index, follow, max-snippet:-1, max-image-preview:large, max-video-preview:-1\" \/>\n<link rel=\"canonical\" href=\"https:\/\/cvinoticias.com\/v3\/el-gobierno-nacional-designo-a-alejandro-henke-como-vicepresidente-del-banco-nacion\/\" \/>\n<meta property=\"og:locale\" content=\"es_ES\" \/>\n<meta property=\"og:type\" content=\"article\" \/>\n<meta property=\"og:title\" content=\"Alejandro Henke es designado vicepresidente del Banco Naci\u00f3n | CVI NOTICIAS\" \/>\n<meta property=\"og:description\" content=\"El Gobierno nombr\u00f3 a Alejandro Henke vicepresidente del Banco Naci\u00f3n mediante decreto publicado en el Bolet\u00edn Oficial.\" \/>\n<meta property=\"og:url\" content=\"https:\/\/cvinoticias.com\/v3\/el-gobierno-nacional-designo-a-alejandro-henke-como-vicepresidente-del-banco-nacion\/\" \/>\n<meta property=\"og:site_name\" content=\"CVI NOTICIAS\" \/>\n<meta property=\"article:publisher\" content=\"https:\/\/www.facebook.com\/cvinoticias\" \/>\n<meta property=\"article:published_time\" content=\"2026-01-05T13:08:24+00:00\" \/>\n<meta property=\"article:modified_time\" content=\"2026-01-05T13:10:56+00:00\" \/>\n<meta property=\"og:image\" content=\"https:\/\/cvinoticias.com\/wp-content\/uploads\/2026\/01\/720-3.webp\" \/>\n\t<meta property=\"og:image:width\" content=\"1080\" \/>\n\t<meta property=\"og:image:height\" content=\"720\" \/>\n\t<meta property=\"og:image:type\" content=\"image\/webp\" \/>\n<meta name=\"author\" content=\"f1000024\" \/>\n<meta name=\"twitter:card\" content=\"summary_large_image\" \/>\n<meta name=\"twitter:label1\" content=\"Escrito por\" \/>\n\t<meta name=\"twitter:data1\" content=\"f1000024\" \/>\n\t<meta name=\"twitter:label2\" content=\"Tiempo de lectura\" \/>\n\t<meta name=\"twitter:data2\" content=\"2 minutos\" \/>\n<script type=\"application\/ld+json\" class=\"yoast-schema-graph\">{\"@context\":\"https:\\\/\\\/schema.org\",\"@graph\":[{\"@type\":\"Article\",\"@id\":\"https:\\\/\\\/cvinoticias.com\\\/v3\\\/el-gobierno-nacional-designo-a-alejandro-henke-como-vicepresidente-del-banco-nacion\\\/#article\",\"isPartOf\":{\"@id\":\"https:\\\/\\\/cvinoticias.com\\\/v3\\\/el-gobierno-nacional-designo-a-alejandro-henke-como-vicepresidente-del-banco-nacion\\\/\"},\"author\":{\"name\":\"f1000024\",\"@id\":\"https:\\\/\\\/cvinoticias.com\\\/v3\\\/#\\\/schema\\\/person\\\/2db77e3c6bc03c538495d7b2b8be9b66\"},\"headline\":\"El Gobierno nacional design\u00f3 a Alejandro Henke como vicepresidente del Banco Naci\u00f3n\",\"datePublished\":\"2026-01-05T13:08:24+00:00\",\"dateModified\":\"2026-01-05T13:10:56+00:00\",\"mainEntityOfPage\":{\"@id\":\"https:\\\/\\\/cvinoticias.com\\\/v3\\\/el-gobierno-nacional-designo-a-alejandro-henke-como-vicepresidente-del-banco-nacion\\\/\"},\"wordCount\":217,\"commentCount\":0,\"publisher\":{\"@id\":\"https:\\\/\\\/cvinoticias.com\\\/v3\\\/#organization\"},\"image\":{\"@id\":\"https:\\\/\\\/cvinoticias.com\\\/v3\\\/el-gobierno-nacional-designo-a-alejandro-henke-como-vicepresidente-del-banco-nacion\\\/#primaryimage\"},\"thumbnailUrl\":\"https:\\\/\\\/cvinoticias.com\\\/wp-content\\\/uploads\\\/2026\\\/01\\\/720-3.webp\",\"keywords\":[\"BNA\",\"Gobierno\",\"vicepresidente\"],\"articleSection\":[\"Nacionales\"],\"inLanguage\":\"es\",\"potentialAction\":[{\"@type\":\"CommentAction\",\"name\":\"Comment\",\"target\":[\"https:\\\/\\\/cvinoticias.com\\\/v3\\\/el-gobierno-nacional-designo-a-alejandro-henke-como-vicepresidente-del-banco-nacion\\\/#respond\"]}]},{\"@type\":\"WebPage\",\"@id\":\"https:\\\/\\\/cvinoticias.com\\\/v3\\\/el-gobierno-nacional-designo-a-alejandro-henke-como-vicepresidente-del-banco-nacion\\\/\",\"url\":\"https:\\\/\\\/cvinoticias.com\\\/v3\\\/el-gobierno-nacional-designo-a-alejandro-henke-como-vicepresidente-del-banco-nacion\\\/\",\"name\":\"Alejandro Henke es designado vicepresidente del Banco Naci\u00f3n | CVI NOTICIAS\",\"isPartOf\":{\"@id\":\"https:\\\/\\\/cvinoticias.com\\\/v3\\\/#website\"},\"primaryImageOfPage\":{\"@id\":\"https:\\\/\\\/cvinoticias.com\\\/v3\\\/el-gobierno-nacional-designo-a-alejandro-henke-como-vicepresidente-del-banco-nacion\\\/#primaryimage\"},\"image\":{\"@id\":\"https:\\\/\\\/cvinoticias.com\\\/v3\\\/el-gobierno-nacional-designo-a-alejandro-henke-como-vicepresidente-del-banco-nacion\\\/#primaryimage\"},\"thumbnailUrl\":\"https:\\\/\\\/cvinoticias.com\\\/wp-content\\\/uploads\\\/2026\\\/01\\\/720-3.webp\",\"datePublished\":\"2026-01-05T13:08:24+00:00\",\"dateModified\":\"2026-01-05T13:10:56+00:00\",\"description\":\"El Gobierno nombr\u00f3 a Alejandro Henke vicepresidente del Banco Naci\u00f3n mediante decreto publicado en el Bolet\u00edn Oficial.\",\"breadcrumb\":{\"@id\":\"https:\\\/\\\/cvinoticias.com\\\/v3\\\/el-gobierno-nacional-designo-a-alejandro-henke-como-vicepresidente-del-banco-nacion\\\/#breadcrumb\"},\"inLanguage\":\"es\",\"potentialAction\":[{\"@type\":\"ReadAction\",\"target\":[\"https:\\\/\\\/cvinoticias.com\\\/v3\\\/el-gobierno-nacional-designo-a-alejandro-henke-como-vicepresidente-del-banco-nacion\\\/\"]}]},{\"@type\":\"ImageObject\",\"inLanguage\":\"es\",\"@id\":\"https:\\\/\\\/cvinoticias.com\\\/v3\\\/el-gobierno-nacional-designo-a-alejandro-henke-como-vicepresidente-del-banco-nacion\\\/#primaryimage\",\"url\":\"https:\\\/\\\/cvinoticias.com\\\/wp-content\\\/uploads\\\/2026\\\/01\\\/720-3.webp\",\"contentUrl\":\"https:\\\/\\\/cvinoticias.com\\\/wp-content\\\/uploads\\\/2026\\\/01\\\/720-3.webp\",\"width\":1080,\"height\":720},{\"@type\":\"BreadcrumbList\",\"@id\":\"https:\\\/\\\/cvinoticias.com\\\/v3\\\/el-gobierno-nacional-designo-a-alejandro-henke-como-vicepresidente-del-banco-nacion\\\/#breadcrumb\",\"itemListElement\":[{\"@type\":\"ListItem\",\"position\":1,\"name\":\"Portada\",\"item\":\"https:\\\/\\\/cvinoticias.com\\\/v3\\\/\"},{\"@type\":\"ListItem\",\"position\":2,\"name\":\"El Gobierno nacional design\u00f3 a Alejandro Henke como vicepresidente del Banco Naci\u00f3n\"}]},{\"@type\":\"WebSite\",\"@id\":\"https:\\\/\\\/cvinoticias.com\\\/v3\\\/#website\",\"url\":\"https:\\\/\\\/cvinoticias.com\\\/v3\\\/\",\"name\":\"CVI NOTICIAS\",\"description\":\"\",\"publisher\":{\"@id\":\"https:\\\/\\\/cvinoticias.com\\\/v3\\\/#organization\"},\"alternateName\":\"CVI\",\"potentialAction\":[{\"@type\":\"SearchAction\",\"target\":{\"@type\":\"EntryPoint\",\"urlTemplate\":\"https:\\\/\\\/cvinoticias.com\\\/v3\\\/?s={search_term_string}\"},\"query-input\":{\"@type\":\"PropertyValueSpecification\",\"valueRequired\":true,\"valueName\":\"search_term_string\"}}],\"inLanguage\":\"es\"},{\"@type\":\"Organization\",\"@id\":\"https:\\\/\\\/cvinoticias.com\\\/v3\\\/#organization\",\"name\":\"CVI NOTICIAS\",\"url\":\"https:\\\/\\\/cvinoticias.com\\\/v3\\\/\",\"logo\":{\"@type\":\"ImageObject\",\"inLanguage\":\"es\",\"@id\":\"https:\\\/\\\/cvinoticias.com\\\/v3\\\/#\\\/schema\\\/logo\\\/image\\\/\",\"url\":\"https:\\\/\\\/cvinoticias.com\\\/wp-content\\\/uploads\\\/2023\\\/04\\\/cropped-cropped-cropped-cropped-cropped-3-1.png\",\"contentUrl\":\"https:\\\/\\\/cvinoticias.com\\\/wp-content\\\/uploads\\\/2023\\\/04\\\/cropped-cropped-cropped-cropped-cropped-3-1.png\",\"width\":95,\"height\":122,\"caption\":\"CVI NOTICIAS\"},\"image\":{\"@id\":\"https:\\\/\\\/cvinoticias.com\\\/v3\\\/#\\\/schema\\\/logo\\\/image\\\/\"},\"sameAs\":[\"https:\\\/\\\/www.facebook.com\\\/cvinoticias\",\"https:\\\/\\\/www.instagram.com\\\/cvinoticias\\\/\",\"https:\\\/\\\/www.youtube.com\\\/@CVINOTICIAS\"]},{\"@type\":\"Person\",\"@id\":\"https:\\\/\\\/cvinoticias.com\\\/v3\\\/#\\\/schema\\\/person\\\/2db77e3c6bc03c538495d7b2b8be9b66\",\"name\":\"f1000024\",\"image\":{\"@type\":\"ImageObject\",\"inLanguage\":\"es\",\"@id\":\"https:\\\/\\\/secure.gravatar.com\\\/avatar\\\/d4fe7459cfc51ff5129ce1a732bbef5928568b8092d412ef95611616376bbeed?s=96&d=mm&r=g\",\"url\":\"https:\\\/\\\/secure.gravatar.com\\\/avatar\\\/d4fe7459cfc51ff5129ce1a732bbef5928568b8092d412ef95611616376bbeed?s=96&d=mm&r=g\",\"contentUrl\":\"https:\\\/\\\/secure.gravatar.com\\\/avatar\\\/d4fe7459cfc51ff5129ce1a732bbef5928568b8092d412ef95611616376bbeed?s=96&d=mm&r=g\",\"caption\":\"f1000024\"},\"url\":\"https:\\\/\\\/cvinoticias.com\\\/v3\\\/author\\\/f1000024\\\/\"}]}<\/script>\n<!-- \/ Yoast SEO plugin. -->","yoast_head_json":{"title":"Alejandro Henke es designado vicepresidente del Banco Naci\u00f3n | CVI NOTICIAS","description":"El Gobierno nombr\u00f3 a Alejandro Henke vicepresidente del Banco Naci\u00f3n mediante decreto publicado en el Bolet\u00edn Oficial.","robots":{"index":"index","follow":"follow","max-snippet":"max-snippet:-1","max-image-preview":"max-image-preview:large","max-video-preview":"max-video-preview:-1"},"canonical":"https:\/\/cvinoticias.com\/v3\/el-gobierno-nacional-designo-a-alejandro-henke-como-vicepresidente-del-banco-nacion\/","og_locale":"es_ES","og_type":"article","og_title":"Alejandro Henke es designado vicepresidente del Banco Naci\u00f3n | CVI NOTICIAS","og_description":"El Gobierno nombr\u00f3 a Alejandro Henke vicepresidente del Banco Naci\u00f3n mediante decreto publicado en el Bolet\u00edn Oficial.","og_url":"https:\/\/cvinoticias.com\/v3\/el-gobierno-nacional-designo-a-alejandro-henke-como-vicepresidente-del-banco-nacion\/","og_site_name":"CVI NOTICIAS","article_publisher":"https:\/\/www.facebook.com\/cvinoticias","article_published_time":"2026-01-05T13:08:24+00:00","article_modified_time":"2026-01-05T13:10:56+00:00","og_image":[{"width":1080,"height":720,"url":"https:\/\/cvinoticias.com\/wp-content\/uploads\/2026\/01\/720-3.webp","type":"image\/webp"}],"author":"f1000024","twitter_card":"summary_large_image","twitter_misc":{"Escrito por":"f1000024","Tiempo de lectura":"2 minutos"},"schema":{"@context":"https:\/\/schema.org","@graph":[{"@type":"Article","@id":"https:\/\/cvinoticias.com\/v3\/el-gobierno-nacional-designo-a-alejandro-henke-como-vicepresidente-del-banco-nacion\/#article","isPartOf":{"@id":"https:\/\/cvinoticias.com\/v3\/el-gobierno-nacional-designo-a-alejandro-henke-como-vicepresidente-del-banco-nacion\/"},"author":{"name":"f1000024","@id":"https:\/\/cvinoticias.com\/v3\/#\/schema\/person\/2db77e3c6bc03c538495d7b2b8be9b66"},"headline":"El Gobierno nacional design\u00f3 a Alejandro Henke como vicepresidente del Banco Naci\u00f3n","datePublished":"2026-01-05T13:08:24+00:00","dateModified":"2026-01-05T13:10:56+00:00","mainEntityOfPage":{"@id":"https:\/\/cvinoticias.com\/v3\/el-gobierno-nacional-designo-a-alejandro-henke-como-vicepresidente-del-banco-nacion\/"},"wordCount":217,"commentCount":0,"publisher":{"@id":"https:\/\/cvinoticias.com\/v3\/#organization"},"image":{"@id":"https:\/\/cvinoticias.com\/v3\/el-gobierno-nacional-designo-a-alejandro-henke-como-vicepresidente-del-banco-nacion\/#primaryimage"},"thumbnailUrl":"https:\/\/cvinoticias.com\/wp-content\/uploads\/2026\/01\/720-3.webp","keywords":["BNA","Gobierno","vicepresidente"],"articleSection":["Nacionales"],"inLanguage":"es","potentialAction":[{"@type":"CommentAction","name":"Comment","target":["https:\/\/cvinoticias.com\/v3\/el-gobierno-nacional-designo-a-alejandro-henke-como-vicepresidente-del-banco-nacion\/#respond"]}]},{"@type":"WebPage","@id":"https:\/\/cvinoticias.com\/v3\/el-gobierno-nacional-designo-a-alejandro-henke-como-vicepresidente-del-banco-nacion\/","url":"https:\/\/cvinoticias.com\/v3\/el-gobierno-nacional-designo-a-alejandro-henke-como-vicepresidente-del-banco-nacion\/","name":"Alejandro Henke es designado vicepresidente del Banco Naci\u00f3n | CVI NOTICIAS","isPartOf":{"@id":"https:\/\/cvinoticias.com\/v3\/#website"},"primaryImageOfPage":{"@id":"https:\/\/cvinoticias.com\/v3\/el-gobierno-nacional-designo-a-alejandro-henke-como-vicepresidente-del-banco-nacion\/#primaryimage"},"image":{"@id":"https:\/\/cvinoticias.com\/v3\/el-gobierno-nacional-designo-a-alejandro-henke-como-vicepresidente-del-banco-nacion\/#primaryimage"},"thumbnailUrl":"https:\/\/cvinoticias.com\/wp-content\/uploads\/2026\/01\/720-3.webp","datePublished":"2026-01-05T13:08:24+00:00","dateModified":"2026-01-05T13:10:56+00:00","description":"El Gobierno nombr\u00f3 a Alejandro Henke vicepresidente del Banco Naci\u00f3n mediante decreto publicado en el Bolet\u00edn Oficial.","breadcrumb":{"@id":"https:\/\/cvinoticias.com\/v3\/el-gobierno-nacional-designo-a-alejandro-henke-como-vicepresidente-del-banco-nacion\/#breadcrumb"},"inLanguage":"es","potentialAction":[{"@type":"ReadAction","target":["https:\/\/cvinoticias.com\/v3\/el-gobierno-nacional-designo-a-alejandro-henke-como-vicepresidente-del-banco-nacion\/"]}]},{"@type":"ImageObject","inLanguage":"es","@id":"https:\/\/cvinoticias.com\/v3\/el-gobierno-nacional-designo-a-alejandro-henke-como-vicepresidente-del-banco-nacion\/#primaryimage","url":"https:\/\/cvinoticias.com\/wp-content\/uploads\/2026\/01\/720-3.webp","contentUrl":"https:\/\/cvinoticias.com\/wp-content\/uploads\/2026\/01\/720-3.webp","width":1080,"height":720},{"@type":"BreadcrumbList","@id":"https:\/\/cvinoticias.com\/v3\/el-gobierno-nacional-designo-a-alejandro-henke-como-vicepresidente-del-banco-nacion\/#breadcrumb","itemListElement":[{"@type":"ListItem","position":1,"name":"Portada","item":"https:\/\/cvinoticias.com\/v3\/"},{"@type":"ListItem","position":2,"name":"El Gobierno nacional design\u00f3 a Alejandro Henke como vicepresidente del Banco Naci\u00f3n"}]},{"@type":"WebSite","@id":"https:\/\/cvinoticias.com\/v3\/#website","url":"https:\/\/cvinoticias.com\/v3\/","name":"CVI NOTICIAS","description":"","publisher":{"@id":"https:\/\/cvinoticias.com\/v3\/#organization"},"alternateName":"CVI","potentialAction":[{"@type":"SearchAction","target":{"@type":"EntryPoint","urlTemplate":"https:\/\/cvinoticias.com\/v3\/?s={search_term_string}"},"query-input":{"@type":"PropertyValueSpecification","valueRequired":true,"valueName":"search_term_string"}}],"inLanguage":"es"},{"@type":"Organization","@id":"https:\/\/cvinoticias.com\/v3\/#organization","name":"CVI NOTICIAS","url":"https:\/\/cvinoticias.com\/v3\/","logo":{"@type":"ImageObject","inLanguage":"es","@id":"https:\/\/cvinoticias.com\/v3\/#\/schema\/logo\/image\/","url":"https:\/\/cvinoticias.com\/wp-content\/uploads\/2023\/04\/cropped-cropped-cropped-cropped-cropped-3-1.png","contentUrl":"https:\/\/cvinoticias.com\/wp-content\/uploads\/2023\/04\/cropped-cropped-cropped-cropped-cropped-3-1.png","width":95,"height":122,"caption":"CVI NOTICIAS"},"image":{"@id":"https:\/\/cvinoticias.com\/v3\/#\/schema\/logo\/image\/"},"sameAs":["https:\/\/www.facebook.com\/cvinoticias","https:\/\/www.instagram.com\/cvinoticias\/","https:\/\/www.youtube.com\/@CVINOTICIAS"]},{"@type":"Person","@id":"https:\/\/cvinoticias.com\/v3\/#\/schema\/person\/2db77e3c6bc03c538495d7b2b8be9b66","name":"f1000024","image":{"@type":"ImageObject","inLanguage":"es","@id":"https:\/\/secure.gravatar.com\/avatar\/d4fe7459cfc51ff5129ce1a732bbef5928568b8092d412ef95611616376bbeed?s=96&d=mm&r=g","url":"https:\/\/secure.gravatar.com\/avatar\/d4fe7459cfc51ff5129ce1a732bbef5928568b8092d412ef95611616376bbeed?s=96&d=mm&r=g","contentUrl":"https:\/\/secure.gravatar.com\/avatar\/d4fe7459cfc51ff5129ce1a732bbef5928568b8092d412ef95611616376bbeed?s=96&d=mm&r=g","caption":"f1000024"},"url":"https:\/\/cvinoticias.com\/v3\/author\/f1000024\/"}]}},"_links":{"self":[{"href":"https:\/\/cvinoticias.com\/v3\/wp-json\/wp\/v2\/posts\/53362","targetHints":{"allow":["GET"]}}],"collection":[{"href":"https:\/\/cvinoticias.com\/v3\/wp-json\/wp\/v2\/posts"}],"about":[{"href":"https:\/\/cvinoticias.com\/v3\/wp-json\/wp\/v2\/types\/post"}],"author":[{"embeddable":true,"href":"https:\/\/cvinoticias.com\/v3\/wp-json\/wp\/v2\/users\/2"}],"replies":[{"embeddable":true,"href":"https:\/\/cvinoticias.com\/v3\/wp-json\/wp\/v2\/comments?post=53362"}],"version-history":[{"count":2,"href":"https:\/\/cvinoticias.com\/v3\/wp-json\/wp\/v2\/posts\/53362\/revisions"}],"predecessor-version":[{"id":53366,"href":"https:\/\/cvinoticias.com\/v3\/wp-json\/wp\/v2\/posts\/53362\/revisions\/53366"}],"wp:featuredmedia":[{"embeddable":true,"href":"https:\/\/cvinoticias.com\/v3\/wp-json\/wp\/v2\/media\/53363"}],"wp:attachment":[{"href":"https:\/\/cvinoticias.com\/v3\/wp-json\/wp\/v2\/media?parent=53362"}],"wp:term":[{"taxonomy":"category","embeddable":true,"href":"https:\/\/cvinoticias.com\/v3\/wp-json\/wp\/v2\/categories?post=53362"},{"taxonomy":"post_tag","embeddable":true,"href":"https:\/\/cvinoticias.com\/v3\/wp-json\/wp\/v2\/tags?post=53362"}],"curies":[{"name":"wp","href":"https:\/\/api.w.org\/{rel}","templated":true}]}}