{"id":53275,"date":"2026-01-02T13:43:28","date_gmt":"2026-01-02T16:43:28","guid":{"rendered":"https:\/\/cvinoticias.com\/v3\/?p=53275"},"modified":"2026-01-02T13:43:29","modified_gmt":"2026-01-02T16:43:29","slug":"el-gobierno-nacional-aumento-los-sueldos-de-ministros-y-funcionarios-de-alta-jerarquia-por-decreto","status":"publish","type":"post","link":"https:\/\/cvinoticias.com\/v3\/el-gobierno-nacional-aumento-los-sueldos-de-ministros-y-funcionarios-de-alta-jerarquia-por-decreto\/","title":{"rendered":"El Gobierno nacional aument\u00f3 los sueldos de ministros y funcionarios de alta jerarqu\u00eda por decreto"},"content":{"rendered":"\n<p>Tras dos a\u00f1os de congelamiento en los haberes, el Gobierno nacional dispuso este viernes el aumento de sueldos de ministros y funcionarios de alta jerarqu\u00eda del Poder Ejecutivo, de acuerdo al&nbsp;<strong>Decreto 931\/2025<\/strong>&nbsp;publicado este 2 de enero en el Bolet\u00edn Oficial. Seg\u00fan la norma, el incremento no ser\u00e1 retroactivo, quedar\u00e1 sujeto a la continuidad del super\u00e1vit fiscal y del aumento quedaron&nbsp;<strong>excluidos el presidente Javier Milei y su vice, Victoria Villarruel.<\/strong><\/p>\n\n\n\n<p>El texto primero hizo hincapi\u00e9 en la situaci\u00f3n al momento de la asunci\u00f3n de la administraci\u00f3n libertaria, con inflaci\u00f3n y pobreza en aumento, y la declaraci\u00f3n de la emergencia econ\u00f3mica. As\u00ed, se instruy\u00f3 al<strong>&nbsp;Ministerio de Desregulaci\u00f3n y Transformaci\u00f3n del Estado, a cargo de Federico Sturzenegger,<\/strong>&nbsp;a que dise\u00f1e e implemente \u201cun nuevo sistema de empleo p\u00fablico basado en los principios de m\u00e9rito, capacidad, competencia e igualdad de oportunidades\u201d.<\/p>\n\n\n\n<p>De esta manera, la medida alcanzar\u00e1 a ministros, secretarios y subsecretarios del Poder Ejecutivo, autoridades superiores, y funcionarios con rango y jerarqu\u00eda equivalente.<\/p>\n\n\n\n<p>Sin embargo, el decreto&nbsp;<strong>no mencion\u00f3 el porcentaje de recomposici\u00f3n ni en cu\u00e1nto quedan los sueldos.<\/strong><\/p>\n\n\n\n<p>La estimaci\u00f3n oficial de la desactualizaci\u00f3n que sufrieron los haberes de los funcionarios en los \u00faltimos dos a\u00f1os ronda el 60% en cuanto a poder adquisitivo en base a la inflaci\u00f3n acumulada desde diciembre de 2023.<\/p>\n\n\n\n<p>El monto final del aumento no est\u00e1 a\u00fan precisado y se prev\u00e9 que vaya acorde a los aumentos que fueron recibiendo los empleados estatales a ra\u00edz de las paritarias vigentes.<\/p>\n\n\n\n<p>Se trata del primer aumento de Milei a sus funcionarios desde que asumi\u00f3 el poder en diciembre de 2023 y va en l\u00ednea con un pedido extendido entre buena parte de los secretarios y directores de \u00e1reas, por lo desactualizados que fueron quedando sus sueldos.<\/p>\n\n\n\n<h3 class=\"wp-block-heading\"><strong>Cu\u00e1nto ganan los funcionarios<\/strong><\/h3>\n\n\n\n<p>Los sueldos en bruto de los funcionarios, con informaci\u00f3n de la p\u00e1gina oficial del Gobierno, son los siguientes:<\/p>\n\n\n\n<p>-El presidente cobra $4.066.018<\/p>\n\n\n\n<p>-La vicepresidenta cobra $3.764.820<\/p>\n\n\n\n<p>-Un ministro cobra $3.584.006<\/p>\n\n\n\n<p>-Un secretario cobra $3.282.709<\/p>\n\n\n\n<p>-Un subsecretario cobra $2.981.513<\/p>\n\n\n\n<h3 class=\"wp-block-heading\"><strong>Quejas por los sueldos<\/strong><\/h3>\n\n\n\n<p>Desde antes de las elecciones se acumulan quejas en las distintas carteras por el congelamiento y el desfase entre los funcionarios de alto rango con las l\u00edneas m\u00e1s bajas.<\/p>\n\n\n\n<p>Entre Navidad y A\u00f1o Nuevo una alt\u00edsima fuente del Gobierno ya hab\u00eda anticipado a este diario que se iba a concretar. Esta postura era impensable antes del 26 de octubre. Por ese entonces, el ministro de Desregulaci\u00f3n, Federico Sturzenegger, fue a decirle al Presidente que se le complicaba contratar gente id\u00f3nea o sostenerla en su cartera, ya que por el bajo nivel de sueldos nadie quer\u00eda trabajar para la Casa Rosada y se iban al privado. Entonces Milei no se hizo eco y descart\u00f3 de plano subir los salarios durante esa charla.<\/p>\n\n\n\n<p>En tanto en estos m\u00e1s de dos a\u00f1os hubo quejas de parte del mandatario y sus ministros para los constantes aumentos en el Congreso, sobre todo de parte de los senadores. En marzo de 2024, Milei debi\u00f3 anular una suba salarial que se hab\u00eda otorgado para \u00e9l y sus ministros, despu\u00e9s de que recibiera cr\u00edticas desde todos los sectores de la oposici\u00f3n. El Presidente atribuy\u00f3 el aumento a la aplicaci\u00f3n autom\u00e1tica de un decreto firmado en 2010 por Cristina Kirchner y dijo que desconoc\u00eda la medida para aplacar el revuelo pol\u00edtico.<\/p>\n\n\n\n<p>Finalmente, no se aument\u00f3 el sueldo pero s\u00ed a sus ministros. Respecto a Villarruel, que tambi\u00e9n qued\u00f3 afuera, en p\u00fablico se quej\u00f3 por la cuesti\u00f3n. \u201cEn breve me pagan dos chirolas y soy vice\u201d, arremeti\u00f3, a principios de 2025, en un comentario en su cuenta de Instagram.<\/p>\n\n\n\n<p>Fuente: Canal 12 Misiones<\/p>\n","protected":false},"excerpt":{"rendered":"<p>Tras dos a\u00f1os de congelamiento en los haberes, el Gobierno nacional dispuso este viernes el aumento de sueldos de ministros y funcionarios de alta jerarqu\u00eda del Poder Ejecutivo, de acuerdo al&nbsp;Decreto 931\/2025&nbsp;publicado este 2 de enero en el Bolet\u00edn Oficial. Seg\u00fan la norma, el incremento no ser\u00e1 retroactivo, quedar\u00e1 sujeto a la continuidad del super\u00e1vit [&hellip;]<\/p>\n","protected":false},"author":2,"featured_media":53277,"comment_status":"open","ping_status":"closed","sticky":false,"template":"","format":"standard","meta":{"footnotes":""},"categories":[39],"tags":[375,4804,331,4805],"class_list":["post-53275","post","type-post","status-publish","format-standard","has-post-thumbnail","hentry","category-nacionales","tag-aumento","tag-funcionarios","tag-gobierno","tag-ministros"],"yoast_head":"<!-- This site is optimized with the Yoast SEO plugin v27.5 - https:\/\/yoast.com\/product\/yoast-seo-wordpress\/ -->\n<title>El Gobierno aument\u00f3 los sueldos de ministros y funcionarios | CVI NOTICIAS<\/title>\n<meta name=\"description\" content=\"Por decreto, el Gobierno dispuso un aumento salarial para ministros y funcionarios de alta jerarqu\u00eda, sin incluir a Milei.\" \/>\n<meta name=\"robots\" content=\"index, follow, max-snippet:-1, max-image-preview:large, max-video-preview:-1\" \/>\n<link rel=\"canonical\" href=\"https:\/\/cvinoticias.com\/v3\/el-gobierno-nacional-aumento-los-sueldos-de-ministros-y-funcionarios-de-alta-jerarquia-por-decreto\/\" \/>\n<meta property=\"og:locale\" content=\"es_ES\" \/>\n<meta property=\"og:type\" content=\"article\" \/>\n<meta property=\"og:title\" content=\"El Gobierno aument\u00f3 los sueldos de ministros y funcionarios | CVI NOTICIAS\" \/>\n<meta property=\"og:description\" content=\"Por decreto, el Gobierno dispuso un aumento salarial para ministros y funcionarios de alta jerarqu\u00eda, sin incluir a Milei.\" \/>\n<meta property=\"og:url\" content=\"https:\/\/cvinoticias.com\/v3\/el-gobierno-nacional-aumento-los-sueldos-de-ministros-y-funcionarios-de-alta-jerarquia-por-decreto\/\" \/>\n<meta property=\"og:site_name\" content=\"CVI NOTICIAS\" \/>\n<meta property=\"article:publisher\" content=\"https:\/\/www.facebook.com\/cvinoticias\" \/>\n<meta property=\"article:published_time\" content=\"2026-01-02T16:43:28+00:00\" \/>\n<meta property=\"article:modified_time\" content=\"2026-01-02T16:43:29+00:00\" \/>\n<meta property=\"og:image\" content=\"https:\/\/cvinoticias.com\/wp-content\/uploads\/2026\/01\/javier-milei-aumentos-funcionarios.jpg-1068x601-1.jpeg\" \/>\n\t<meta property=\"og:image:width\" content=\"1068\" \/>\n\t<meta property=\"og:image:height\" content=\"601\" \/>\n\t<meta property=\"og:image:type\" content=\"image\/jpeg\" \/>\n<meta name=\"author\" content=\"f1000024\" \/>\n<meta name=\"twitter:card\" content=\"summary_large_image\" \/>\n<meta name=\"twitter:label1\" content=\"Escrito por\" \/>\n\t<meta name=\"twitter:data1\" content=\"f1000024\" \/>\n\t<meta name=\"twitter:label2\" content=\"Tiempo de lectura\" \/>\n\t<meta name=\"twitter:data2\" content=\"3 minutos\" \/>\n<script type=\"application\/ld+json\" class=\"yoast-schema-graph\">{\"@context\":\"https:\\\/\\\/schema.org\",\"@graph\":[{\"@type\":\"Article\",\"@id\":\"https:\\\/\\\/cvinoticias.com\\\/v3\\\/el-gobierno-nacional-aumento-los-sueldos-de-ministros-y-funcionarios-de-alta-jerarquia-por-decreto\\\/#article\",\"isPartOf\":{\"@id\":\"https:\\\/\\\/cvinoticias.com\\\/v3\\\/el-gobierno-nacional-aumento-los-sueldos-de-ministros-y-funcionarios-de-alta-jerarquia-por-decreto\\\/\"},\"author\":{\"name\":\"f1000024\",\"@id\":\"https:\\\/\\\/cvinoticias.com\\\/v3\\\/#\\\/schema\\\/person\\\/2db77e3c6bc03c538495d7b2b8be9b66\"},\"headline\":\"El Gobierno nacional aument\u00f3 los sueldos de ministros y funcionarios de alta jerarqu\u00eda por decreto\",\"datePublished\":\"2026-01-02T16:43:28+00:00\",\"dateModified\":\"2026-01-02T16:43:29+00:00\",\"mainEntityOfPage\":{\"@id\":\"https:\\\/\\\/cvinoticias.com\\\/v3\\\/el-gobierno-nacional-aumento-los-sueldos-de-ministros-y-funcionarios-de-alta-jerarquia-por-decreto\\\/\"},\"wordCount\":657,\"commentCount\":0,\"publisher\":{\"@id\":\"https:\\\/\\\/cvinoticias.com\\\/v3\\\/#organization\"},\"image\":{\"@id\":\"https:\\\/\\\/cvinoticias.com\\\/v3\\\/el-gobierno-nacional-aumento-los-sueldos-de-ministros-y-funcionarios-de-alta-jerarquia-por-decreto\\\/#primaryimage\"},\"thumbnailUrl\":\"https:\\\/\\\/cvinoticias.com\\\/wp-content\\\/uploads\\\/2026\\\/01\\\/javier-milei-aumentos-funcionarios.jpg-1068x601-1.jpeg\",\"keywords\":[\"aumento\",\"funcionarios\",\"Gobierno\",\"ministros\"],\"articleSection\":[\"Nacionales\"],\"inLanguage\":\"es\",\"potentialAction\":[{\"@type\":\"CommentAction\",\"name\":\"Comment\",\"target\":[\"https:\\\/\\\/cvinoticias.com\\\/v3\\\/el-gobierno-nacional-aumento-los-sueldos-de-ministros-y-funcionarios-de-alta-jerarquia-por-decreto\\\/#respond\"]}]},{\"@type\":\"WebPage\",\"@id\":\"https:\\\/\\\/cvinoticias.com\\\/v3\\\/el-gobierno-nacional-aumento-los-sueldos-de-ministros-y-funcionarios-de-alta-jerarquia-por-decreto\\\/\",\"url\":\"https:\\\/\\\/cvinoticias.com\\\/v3\\\/el-gobierno-nacional-aumento-los-sueldos-de-ministros-y-funcionarios-de-alta-jerarquia-por-decreto\\\/\",\"name\":\"El Gobierno aument\u00f3 los sueldos de ministros y funcionarios | CVI NOTICIAS\",\"isPartOf\":{\"@id\":\"https:\\\/\\\/cvinoticias.com\\\/v3\\\/#website\"},\"primaryImageOfPage\":{\"@id\":\"https:\\\/\\\/cvinoticias.com\\\/v3\\\/el-gobierno-nacional-aumento-los-sueldos-de-ministros-y-funcionarios-de-alta-jerarquia-por-decreto\\\/#primaryimage\"},\"image\":{\"@id\":\"https:\\\/\\\/cvinoticias.com\\\/v3\\\/el-gobierno-nacional-aumento-los-sueldos-de-ministros-y-funcionarios-de-alta-jerarquia-por-decreto\\\/#primaryimage\"},\"thumbnailUrl\":\"https:\\\/\\\/cvinoticias.com\\\/wp-content\\\/uploads\\\/2026\\\/01\\\/javier-milei-aumentos-funcionarios.jpg-1068x601-1.jpeg\",\"datePublished\":\"2026-01-02T16:43:28+00:00\",\"dateModified\":\"2026-01-02T16:43:29+00:00\",\"description\":\"Por decreto, el Gobierno dispuso un aumento salarial para ministros y funcionarios de alta jerarqu\u00eda, sin incluir a Milei.\",\"breadcrumb\":{\"@id\":\"https:\\\/\\\/cvinoticias.com\\\/v3\\\/el-gobierno-nacional-aumento-los-sueldos-de-ministros-y-funcionarios-de-alta-jerarquia-por-decreto\\\/#breadcrumb\"},\"inLanguage\":\"es\",\"potentialAction\":[{\"@type\":\"ReadAction\",\"target\":[\"https:\\\/\\\/cvinoticias.com\\\/v3\\\/el-gobierno-nacional-aumento-los-sueldos-de-ministros-y-funcionarios-de-alta-jerarquia-por-decreto\\\/\"]}]},{\"@type\":\"ImageObject\",\"inLanguage\":\"es\",\"@id\":\"https:\\\/\\\/cvinoticias.com\\\/v3\\\/el-gobierno-nacional-aumento-los-sueldos-de-ministros-y-funcionarios-de-alta-jerarquia-por-decreto\\\/#primaryimage\",\"url\":\"https:\\\/\\\/cvinoticias.com\\\/wp-content\\\/uploads\\\/2026\\\/01\\\/javier-milei-aumentos-funcionarios.jpg-1068x601-1.jpeg\",\"contentUrl\":\"https:\\\/\\\/cvinoticias.com\\\/wp-content\\\/uploads\\\/2026\\\/01\\\/javier-milei-aumentos-funcionarios.jpg-1068x601-1.jpeg\",\"width\":1068,\"height\":601},{\"@type\":\"BreadcrumbList\",\"@id\":\"https:\\\/\\\/cvinoticias.com\\\/v3\\\/el-gobierno-nacional-aumento-los-sueldos-de-ministros-y-funcionarios-de-alta-jerarquia-por-decreto\\\/#breadcrumb\",\"itemListElement\":[{\"@type\":\"ListItem\",\"position\":1,\"name\":\"Portada\",\"item\":\"https:\\\/\\\/cvinoticias.com\\\/v3\\\/\"},{\"@type\":\"ListItem\",\"position\":2,\"name\":\"El Gobierno nacional aument\u00f3 los sueldos de ministros y funcionarios de alta jerarqu\u00eda por decreto\"}]},{\"@type\":\"WebSite\",\"@id\":\"https:\\\/\\\/cvinoticias.com\\\/v3\\\/#website\",\"url\":\"https:\\\/\\\/cvinoticias.com\\\/v3\\\/\",\"name\":\"CVI NOTICIAS\",\"description\":\"\",\"publisher\":{\"@id\":\"https:\\\/\\\/cvinoticias.com\\\/v3\\\/#organization\"},\"alternateName\":\"CVI\",\"potentialAction\":[{\"@type\":\"SearchAction\",\"target\":{\"@type\":\"EntryPoint\",\"urlTemplate\":\"https:\\\/\\\/cvinoticias.com\\\/v3\\\/?s={search_term_string}\"},\"query-input\":{\"@type\":\"PropertyValueSpecification\",\"valueRequired\":true,\"valueName\":\"search_term_string\"}}],\"inLanguage\":\"es\"},{\"@type\":\"Organization\",\"@id\":\"https:\\\/\\\/cvinoticias.com\\\/v3\\\/#organization\",\"name\":\"CVI NOTICIAS\",\"url\":\"https:\\\/\\\/cvinoticias.com\\\/v3\\\/\",\"logo\":{\"@type\":\"ImageObject\",\"inLanguage\":\"es\",\"@id\":\"https:\\\/\\\/cvinoticias.com\\\/v3\\\/#\\\/schema\\\/logo\\\/image\\\/\",\"url\":\"https:\\\/\\\/cvinoticias.com\\\/wp-content\\\/uploads\\\/2023\\\/04\\\/cropped-cropped-cropped-cropped-cropped-3-1.png\",\"contentUrl\":\"https:\\\/\\\/cvinoticias.com\\\/wp-content\\\/uploads\\\/2023\\\/04\\\/cropped-cropped-cropped-cropped-cropped-3-1.png\",\"width\":95,\"height\":122,\"caption\":\"CVI NOTICIAS\"},\"image\":{\"@id\":\"https:\\\/\\\/cvinoticias.com\\\/v3\\\/#\\\/schema\\\/logo\\\/image\\\/\"},\"sameAs\":[\"https:\\\/\\\/www.facebook.com\\\/cvinoticias\",\"https:\\\/\\\/www.instagram.com\\\/cvinoticias\\\/\",\"https:\\\/\\\/www.youtube.com\\\/@CVINOTICIAS\"]},{\"@type\":\"Person\",\"@id\":\"https:\\\/\\\/cvinoticias.com\\\/v3\\\/#\\\/schema\\\/person\\\/2db77e3c6bc03c538495d7b2b8be9b66\",\"name\":\"f1000024\",\"image\":{\"@type\":\"ImageObject\",\"inLanguage\":\"es\",\"@id\":\"https:\\\/\\\/secure.gravatar.com\\\/avatar\\\/d4fe7459cfc51ff5129ce1a732bbef5928568b8092d412ef95611616376bbeed?s=96&d=mm&r=g\",\"url\":\"https:\\\/\\\/secure.gravatar.com\\\/avatar\\\/d4fe7459cfc51ff5129ce1a732bbef5928568b8092d412ef95611616376bbeed?s=96&d=mm&r=g\",\"contentUrl\":\"https:\\\/\\\/secure.gravatar.com\\\/avatar\\\/d4fe7459cfc51ff5129ce1a732bbef5928568b8092d412ef95611616376bbeed?s=96&d=mm&r=g\",\"caption\":\"f1000024\"},\"url\":\"https:\\\/\\\/cvinoticias.com\\\/v3\\\/author\\\/f1000024\\\/\"}]}<\/script>\n<!-- \/ Yoast SEO plugin. -->","yoast_head_json":{"title":"El Gobierno aument\u00f3 los sueldos de ministros y funcionarios | CVI NOTICIAS","description":"Por decreto, el Gobierno dispuso un aumento salarial para ministros y funcionarios de alta jerarqu\u00eda, sin incluir a Milei.","robots":{"index":"index","follow":"follow","max-snippet":"max-snippet:-1","max-image-preview":"max-image-preview:large","max-video-preview":"max-video-preview:-1"},"canonical":"https:\/\/cvinoticias.com\/v3\/el-gobierno-nacional-aumento-los-sueldos-de-ministros-y-funcionarios-de-alta-jerarquia-por-decreto\/","og_locale":"es_ES","og_type":"article","og_title":"El Gobierno aument\u00f3 los sueldos de ministros y funcionarios | CVI NOTICIAS","og_description":"Por decreto, el Gobierno dispuso un aumento salarial para ministros y funcionarios de alta jerarqu\u00eda, sin incluir a Milei.","og_url":"https:\/\/cvinoticias.com\/v3\/el-gobierno-nacional-aumento-los-sueldos-de-ministros-y-funcionarios-de-alta-jerarquia-por-decreto\/","og_site_name":"CVI NOTICIAS","article_publisher":"https:\/\/www.facebook.com\/cvinoticias","article_published_time":"2026-01-02T16:43:28+00:00","article_modified_time":"2026-01-02T16:43:29+00:00","og_image":[{"width":1068,"height":601,"url":"https:\/\/cvinoticias.com\/wp-content\/uploads\/2026\/01\/javier-milei-aumentos-funcionarios.jpg-1068x601-1.jpeg","type":"image\/jpeg"}],"author":"f1000024","twitter_card":"summary_large_image","twitter_misc":{"Escrito por":"f1000024","Tiempo de lectura":"3 minutos"},"schema":{"@context":"https:\/\/schema.org","@graph":[{"@type":"Article","@id":"https:\/\/cvinoticias.com\/v3\/el-gobierno-nacional-aumento-los-sueldos-de-ministros-y-funcionarios-de-alta-jerarquia-por-decreto\/#article","isPartOf":{"@id":"https:\/\/cvinoticias.com\/v3\/el-gobierno-nacional-aumento-los-sueldos-de-ministros-y-funcionarios-de-alta-jerarquia-por-decreto\/"},"author":{"name":"f1000024","@id":"https:\/\/cvinoticias.com\/v3\/#\/schema\/person\/2db77e3c6bc03c538495d7b2b8be9b66"},"headline":"El Gobierno nacional aument\u00f3 los sueldos de ministros y funcionarios de alta jerarqu\u00eda por decreto","datePublished":"2026-01-02T16:43:28+00:00","dateModified":"2026-01-02T16:43:29+00:00","mainEntityOfPage":{"@id":"https:\/\/cvinoticias.com\/v3\/el-gobierno-nacional-aumento-los-sueldos-de-ministros-y-funcionarios-de-alta-jerarquia-por-decreto\/"},"wordCount":657,"commentCount":0,"publisher":{"@id":"https:\/\/cvinoticias.com\/v3\/#organization"},"image":{"@id":"https:\/\/cvinoticias.com\/v3\/el-gobierno-nacional-aumento-los-sueldos-de-ministros-y-funcionarios-de-alta-jerarquia-por-decreto\/#primaryimage"},"thumbnailUrl":"https:\/\/cvinoticias.com\/wp-content\/uploads\/2026\/01\/javier-milei-aumentos-funcionarios.jpg-1068x601-1.jpeg","keywords":["aumento","funcionarios","Gobierno","ministros"],"articleSection":["Nacionales"],"inLanguage":"es","potentialAction":[{"@type":"CommentAction","name":"Comment","target":["https:\/\/cvinoticias.com\/v3\/el-gobierno-nacional-aumento-los-sueldos-de-ministros-y-funcionarios-de-alta-jerarquia-por-decreto\/#respond"]}]},{"@type":"WebPage","@id":"https:\/\/cvinoticias.com\/v3\/el-gobierno-nacional-aumento-los-sueldos-de-ministros-y-funcionarios-de-alta-jerarquia-por-decreto\/","url":"https:\/\/cvinoticias.com\/v3\/el-gobierno-nacional-aumento-los-sueldos-de-ministros-y-funcionarios-de-alta-jerarquia-por-decreto\/","name":"El Gobierno aument\u00f3 los sueldos de ministros y funcionarios | CVI NOTICIAS","isPartOf":{"@id":"https:\/\/cvinoticias.com\/v3\/#website"},"primaryImageOfPage":{"@id":"https:\/\/cvinoticias.com\/v3\/el-gobierno-nacional-aumento-los-sueldos-de-ministros-y-funcionarios-de-alta-jerarquia-por-decreto\/#primaryimage"},"image":{"@id":"https:\/\/cvinoticias.com\/v3\/el-gobierno-nacional-aumento-los-sueldos-de-ministros-y-funcionarios-de-alta-jerarquia-por-decreto\/#primaryimage"},"thumbnailUrl":"https:\/\/cvinoticias.com\/wp-content\/uploads\/2026\/01\/javier-milei-aumentos-funcionarios.jpg-1068x601-1.jpeg","datePublished":"2026-01-02T16:43:28+00:00","dateModified":"2026-01-02T16:43:29+00:00","description":"Por decreto, el Gobierno dispuso un aumento salarial para ministros y funcionarios de alta jerarqu\u00eda, sin incluir a Milei.","breadcrumb":{"@id":"https:\/\/cvinoticias.com\/v3\/el-gobierno-nacional-aumento-los-sueldos-de-ministros-y-funcionarios-de-alta-jerarquia-por-decreto\/#breadcrumb"},"inLanguage":"es","potentialAction":[{"@type":"ReadAction","target":["https:\/\/cvinoticias.com\/v3\/el-gobierno-nacional-aumento-los-sueldos-de-ministros-y-funcionarios-de-alta-jerarquia-por-decreto\/"]}]},{"@type":"ImageObject","inLanguage":"es","@id":"https:\/\/cvinoticias.com\/v3\/el-gobierno-nacional-aumento-los-sueldos-de-ministros-y-funcionarios-de-alta-jerarquia-por-decreto\/#primaryimage","url":"https:\/\/cvinoticias.com\/wp-content\/uploads\/2026\/01\/javier-milei-aumentos-funcionarios.jpg-1068x601-1.jpeg","contentUrl":"https:\/\/cvinoticias.com\/wp-content\/uploads\/2026\/01\/javier-milei-aumentos-funcionarios.jpg-1068x601-1.jpeg","width":1068,"height":601},{"@type":"BreadcrumbList","@id":"https:\/\/cvinoticias.com\/v3\/el-gobierno-nacional-aumento-los-sueldos-de-ministros-y-funcionarios-de-alta-jerarquia-por-decreto\/#breadcrumb","itemListElement":[{"@type":"ListItem","position":1,"name":"Portada","item":"https:\/\/cvinoticias.com\/v3\/"},{"@type":"ListItem","position":2,"name":"El Gobierno nacional aument\u00f3 los sueldos de ministros y funcionarios de alta jerarqu\u00eda por decreto"}]},{"@type":"WebSite","@id":"https:\/\/cvinoticias.com\/v3\/#website","url":"https:\/\/cvinoticias.com\/v3\/","name":"CVI NOTICIAS","description":"","publisher":{"@id":"https:\/\/cvinoticias.com\/v3\/#organization"},"alternateName":"CVI","potentialAction":[{"@type":"SearchAction","target":{"@type":"EntryPoint","urlTemplate":"https:\/\/cvinoticias.com\/v3\/?s={search_term_string}"},"query-input":{"@type":"PropertyValueSpecification","valueRequired":true,"valueName":"search_term_string"}}],"inLanguage":"es"},{"@type":"Organization","@id":"https:\/\/cvinoticias.com\/v3\/#organization","name":"CVI NOTICIAS","url":"https:\/\/cvinoticias.com\/v3\/","logo":{"@type":"ImageObject","inLanguage":"es","@id":"https:\/\/cvinoticias.com\/v3\/#\/schema\/logo\/image\/","url":"https:\/\/cvinoticias.com\/wp-content\/uploads\/2023\/04\/cropped-cropped-cropped-cropped-cropped-3-1.png","contentUrl":"https:\/\/cvinoticias.com\/wp-content\/uploads\/2023\/04\/cropped-cropped-cropped-cropped-cropped-3-1.png","width":95,"height":122,"caption":"CVI NOTICIAS"},"image":{"@id":"https:\/\/cvinoticias.com\/v3\/#\/schema\/logo\/image\/"},"sameAs":["https:\/\/www.facebook.com\/cvinoticias","https:\/\/www.instagram.com\/cvinoticias\/","https:\/\/www.youtube.com\/@CVINOTICIAS"]},{"@type":"Person","@id":"https:\/\/cvinoticias.com\/v3\/#\/schema\/person\/2db77e3c6bc03c538495d7b2b8be9b66","name":"f1000024","image":{"@type":"ImageObject","inLanguage":"es","@id":"https:\/\/secure.gravatar.com\/avatar\/d4fe7459cfc51ff5129ce1a732bbef5928568b8092d412ef95611616376bbeed?s=96&d=mm&r=g","url":"https:\/\/secure.gravatar.com\/avatar\/d4fe7459cfc51ff5129ce1a732bbef5928568b8092d412ef95611616376bbeed?s=96&d=mm&r=g","contentUrl":"https:\/\/secure.gravatar.com\/avatar\/d4fe7459cfc51ff5129ce1a732bbef5928568b8092d412ef95611616376bbeed?s=96&d=mm&r=g","caption":"f1000024"},"url":"https:\/\/cvinoticias.com\/v3\/author\/f1000024\/"}]}},"_links":{"self":[{"href":"https:\/\/cvinoticias.com\/v3\/wp-json\/wp\/v2\/posts\/53275","targetHints":{"allow":["GET"]}}],"collection":[{"href":"https:\/\/cvinoticias.com\/v3\/wp-json\/wp\/v2\/posts"}],"about":[{"href":"https:\/\/cvinoticias.com\/v3\/wp-json\/wp\/v2\/types\/post"}],"author":[{"embeddable":true,"href":"https:\/\/cvinoticias.com\/v3\/wp-json\/wp\/v2\/users\/2"}],"replies":[{"embeddable":true,"href":"https:\/\/cvinoticias.com\/v3\/wp-json\/wp\/v2\/comments?post=53275"}],"version-history":[{"count":1,"href":"https:\/\/cvinoticias.com\/v3\/wp-json\/wp\/v2\/posts\/53275\/revisions"}],"predecessor-version":[{"id":53278,"href":"https:\/\/cvinoticias.com\/v3\/wp-json\/wp\/v2\/posts\/53275\/revisions\/53278"}],"wp:featuredmedia":[{"embeddable":true,"href":"https:\/\/cvinoticias.com\/v3\/wp-json\/wp\/v2\/media\/53277"}],"wp:attachment":[{"href":"https:\/\/cvinoticias.com\/v3\/wp-json\/wp\/v2\/media?parent=53275"}],"wp:term":[{"taxonomy":"category","embeddable":true,"href":"https:\/\/cvinoticias.com\/v3\/wp-json\/wp\/v2\/categories?post=53275"},{"taxonomy":"post_tag","embeddable":true,"href":"https:\/\/cvinoticias.com\/v3\/wp-json\/wp\/v2\/tags?post=53275"}],"curies":[{"name":"wp","href":"https:\/\/api.w.org\/{rel}","templated":true}]}}