{"id":53268,"date":"2026-01-02T13:09:59","date_gmt":"2026-01-02T16:09:59","guid":{"rendered":"https:\/\/cvinoticias.com\/v3\/?p=53268"},"modified":"2026-01-02T13:10:01","modified_gmt":"2026-01-02T16:10:01","slug":"reforma-de-la-ley-de-inteligencia-mas-poder-a-la-side-y-nuevo-esquema-de-ciberseguridad-nacional","status":"publish","type":"post","link":"https:\/\/cvinoticias.com\/v3\/reforma-de-la-ley-de-inteligencia-mas-poder-a-la-side-y-nuevo-esquema-de-ciberseguridad-nacional\/","title":{"rendered":"Reforma de la Ley de Inteligencia: m\u00e1s poder a la SIDE y nuevo esquema de ciberseguridad nacional"},"content":{"rendered":"\n<p>El Poder Ejecutivo Nacional dispuso una reforma integral del Sistema de Inteligencia Nacional (SIN) mediante el&nbsp;<strong><a href=\"https:\/\/www.boletinoficial.gob.ar\/detalleAviso\/primera\/337032\/20260102\" target=\"_blank\" rel=\"noreferrer noopener\">Decreto de Necesidad y Urgencia 941\/2025<\/a><\/strong>, publicado el&nbsp;<strong>2 de enero de 2026<\/strong>&nbsp;en el Bolet\u00edn Oficial. La norma&nbsp;<strong>modifica la Ley de Inteligencia Nacional N\u00b0 25.520<\/strong>, redefine competencias clave, reorganiza organismos existentes y&nbsp;<strong>crea el Centro Nacional de Ciberseguridad (CNC)<\/strong>&nbsp;como nueva autoridad nacional en la materia. El objetivo declarado es&nbsp;<strong>reducir superposiciones, centralizar la conducci\u00f3n estrat\u00e9gica, fortalecer la contrainteligencia y mejorar la articulaci\u00f3n interinstitucional<\/strong>, en un contexto de amenazas multidimensionales, cibercriminalidad y riesgos estrat\u00e9gicos crecientes.<\/p>\n\n\n\n<p>La medida entra en vigencia desde su publicaci\u00f3n y ser\u00e1 remitida a la&nbsp;<strong>Comisi\u00f3n Bicameral Permanente del Congreso<\/strong>, conforme lo establece la&nbsp;<strong>Ley N\u00b0 26.122<\/strong>, para su an\u00e1lisis legislativo.<\/p>\n\n\n\n<h2 class=\"wp-block-heading\">Reordenamiento del sistema de inteligencia y nuevo enfoque en contrainteligencia<\/h2>\n\n\n\n<p>El DNU redefine la arquitectura del SIN al&nbsp;<strong>ratificar a la Secretar\u00eda de Inteligencia de Estado (SIDE)<\/strong>&nbsp;como \u00f3rgano superior del sistema y reorganizar sus dependencias. En ese marco, se establece que&nbsp;<strong>todas las actividades de Inteligencia Nacional revisten car\u00e1cter encubierto<\/strong>, \u201ccon el fin de minimizar el Riesgo Estrat\u00e9gico Nacional\u201d (nuevo&nbsp;<strong>art\u00edculo 2\u00b0 bis<\/strong>).<\/p>\n\n\n\n<p>Uno de los cambios centrales es la&nbsp;<strong>transformaci\u00f3n de la Agencia de Seguridad Nacional (ASN) en la Agencia Nacional de Contrainteligencia (ANC)<\/strong>, con un enfoque preventivo orientado a identificar y analizar amenazas como&nbsp;<strong>espionaje, sabotaje, injerencia, interferencia e influencia<\/strong>&nbsp;sobre el proceso decisorio del sistema republicano. La norma precisa que la contrainteligencia incluye&nbsp;<strong>medidas pasivas de seguridad<\/strong>, cuya adopci\u00f3n ser\u00e1 obligatoria en todo el Sector P\u00fablico Nacional bajo responsabilidad de los titulares de cada organismo.<\/p>\n\n\n\n<p>En paralelo, la&nbsp;<strong>Divisi\u00f3n de Asuntos Internos (DAI)<\/strong>&nbsp;pasa a denominarse&nbsp;<strong>Inspector\u00eda General de Inteligencia (IGI)<\/strong>, con funciones ampliadas de auditor\u00eda, control de desempe\u00f1o, evaluaci\u00f3n de eficacia y uso de recursos dentro del sistema.<\/p>\n\n\n\n<p>El decreto tambi\u00e9n&nbsp;<strong>disuelve la Direcci\u00f3n Nacional de Inteligencia Estrat\u00e9gica Militar<\/strong>, transfiriendo sus bienes, presupuesto y funciones a la&nbsp;<strong>Direcci\u00f3n General de Inteligencia del Estado Mayor Conjunto de las Fuerzas Armadas (DGIEMCO)<\/strong>, para evitar superposici\u00f3n de estructuras y optimizar la producci\u00f3n de inteligencia estrat\u00e9gica militar.<\/p>\n\n\n\n<h2 class=\"wp-block-heading\">Ciberseguridad y ciberinteligencia: separaci\u00f3n de funciones y nuevo organismo rector<\/h2>\n\n\n\n<p>Otro eje central del DNU es la&nbsp;<strong>separaci\u00f3n funcional entre ciberseguridad y ciberinteligencia<\/strong>. Para ello, se crea el&nbsp;<strong>Centro Nacional de Ciberseguridad (CNC)<\/strong>&nbsp;como organismo descentralizado en la \u00f3rbita de la&nbsp;<strong>Secretar\u00eda de Innovaci\u00f3n, Ciencia y Tecnolog\u00eda de la Jefatura de Gabinete<\/strong>, que ser\u00e1 la&nbsp;<strong>autoridad nacional en materia de ciberseguridad<\/strong>.<\/p>\n\n\n\n<p>El CNC tendr\u00e1 a su cargo la&nbsp;<strong>protecci\u00f3n del ciberespacio de inter\u00e9s nacional<\/strong>, las infraestructuras cr\u00edticas de informaci\u00f3n, los activos digitales estrat\u00e9gicos del Estado y los sistemas tecnol\u00f3gicos vinculados a servicios p\u00fablicos esenciales. Entre sus funciones se destacan la elaboraci\u00f3n de la pol\u00edtica nacional de ciberseguridad, la coordinaci\u00f3n del&nbsp;<strong>CERT.AR<\/strong>, el monitoreo y respuesta a incidentes inform\u00e1ticos, la definici\u00f3n de est\u00e1ndares, la articulaci\u00f3n federal y la promoci\u00f3n de buenas pr\u00e1cticas internacionales.<\/p>\n\n\n\n<p>Como consecuencia, la&nbsp;<strong>Agencia Federal de Ciberseguridad<\/strong>&nbsp;pasa a denominarse&nbsp;<strong>Agencia Federal de Ciberinteligencia (AFC)<\/strong>, con competencia espec\u00edfica en la&nbsp;<strong>producci\u00f3n de inteligencia en el dominio del ciberespacio y el espacio radioel\u00e9ctrico<\/strong>, enfocada en amenazas que afecten la seguridad nacional, la soberan\u00eda tecnol\u00f3gica y la integridad de la informaci\u00f3n p\u00fablica y privada.<\/p>\n\n\n\n<p>El personal del CNC se regir\u00e1 por la&nbsp;<strong>Ley Marco de Empleo P\u00fablico N\u00b0 25.164<\/strong>&nbsp;y se crea una&nbsp;<strong>Asignaci\u00f3n por Responsabilidad en Tareas de Ciberseguridad<\/strong>, de car\u00e1cter remunerativo y no bonificable, cuyo monto ser\u00e1 definido por la Secretar\u00eda de Transformaci\u00f3n del Estado y Funci\u00f3n P\u00fablica, con intervenci\u00f3n de la Comisi\u00f3n T\u00e9cnica Asesora de Pol\u00edtica Salarial.<\/p>\n\n\n\n<h2 class=\"wp-block-heading\">Comunidades de Inteligencia e Informativa: m\u00e1s coordinaci\u00f3n y centralizaci\u00f3n<\/h2>\n\n\n\n<p>El decreto introduce adem\u00e1s dos nuevas figuras institucionales: la&nbsp;<strong>Comunidad de Inteligencia Nacional (CITN)<\/strong>&nbsp;y la&nbsp;<strong>Comunidad Informativa Nacional (CIFN)<\/strong>. Ambas funcionar\u00e1n bajo la direcci\u00f3n de la SIDE y tendr\u00e1n como finalidad&nbsp;<strong>integrar, coordinar y compartir informaci\u00f3n estrat\u00e9gica<\/strong>&nbsp;entre organismos del Estado.<\/p>\n\n\n\n<p>La CITN estar\u00e1 integrada por los \u00f3rganos del SIN, las \u00e1reas de inteligencia de las fuerzas federales y armadas, la&nbsp;<strong>Unidad de Informaci\u00f3n Financiera (UIF)<\/strong>&nbsp;y otros organismos nacionales, provinciales y de la Ciudad Aut\u00f3noma de Buenos Aires que se incorporen mediante convenios. En tanto, la CIFN reunir\u00e1 a ministerios, agencias y entes clave como&nbsp;<strong>Canciller\u00eda, Seguridad, Justicia, Migraciones, RENAPER, Aduanas, CONAE, ARN y CNEA<\/strong>, entre otros.<\/p>\n\n\n\n<p>El texto subraya que el intercambio de informaci\u00f3n deber\u00e1 realizarse&nbsp;<strong>con estrictos est\u00e1ndares de seguridad, trazabilidad y protecci\u00f3n de datos personales<\/strong>, y reafirma la prohibici\u00f3n de producir inteligencia sobre personas por razones ideol\u00f3gicas, religiosas, pol\u00edticas o por actividades l\u00edcitas.<\/p>\n\n\n\n<p>Fuente: Economis<\/p>\n","protected":false},"excerpt":{"rendered":"<p>El Poder Ejecutivo Nacional dispuso una reforma integral del Sistema de Inteligencia Nacional (SIN) mediante el&nbsp;Decreto de Necesidad y Urgencia 941\/2025, publicado el&nbsp;2 de enero de 2026&nbsp;en el Bolet\u00edn Oficial. La norma&nbsp;modifica la Ley de Inteligencia Nacional N\u00b0 25.520, redefine competencias clave, reorganiza organismos existentes y&nbsp;crea el Centro Nacional de Ciberseguridad (CNC)&nbsp;como nueva autoridad nacional [&hellip;]<\/p>\n","protected":false},"author":2,"featured_media":53269,"comment_status":"open","ping_status":"closed","sticky":false,"template":"","format":"standard","meta":{"footnotes":""},"categories":[39],"tags":[331,108,2655,165],"class_list":["post-53268","post","type-post","status-publish","format-standard","has-post-thumbnail","hentry","category-nacionales","tag-gobierno","tag-ley","tag-reforma","tag-seguridad"],"yoast_head":"<!-- This site is optimized with the Yoast SEO plugin v27.5 - https:\/\/yoast.com\/product\/yoast-seo-wordpress\/ -->\n<title>Reforma de la Ley de Inteligencia: m\u00e1s poder a la SIDE | CVI NOTICIAS<\/title>\n<meta name=\"description\" content=\"El Gobierno reform\u00f3 la Ley de Inteligencia, reforz\u00f3 la SIDE y cre\u00f3 el Centro Nacional de Ciberseguridad por DNU.\" \/>\n<meta name=\"robots\" content=\"index, follow, max-snippet:-1, max-image-preview:large, max-video-preview:-1\" \/>\n<link rel=\"canonical\" href=\"https:\/\/cvinoticias.com\/v3\/reforma-de-la-ley-de-inteligencia-mas-poder-a-la-side-y-nuevo-esquema-de-ciberseguridad-nacional\/\" \/>\n<meta property=\"og:locale\" content=\"es_ES\" \/>\n<meta property=\"og:type\" content=\"article\" \/>\n<meta property=\"og:title\" content=\"Reforma de la Ley de Inteligencia: m\u00e1s poder a la SIDE | CVI NOTICIAS\" \/>\n<meta property=\"og:description\" content=\"El Gobierno reform\u00f3 la Ley de Inteligencia, reforz\u00f3 la SIDE y cre\u00f3 el Centro Nacional de Ciberseguridad por DNU.\" \/>\n<meta property=\"og:url\" content=\"https:\/\/cvinoticias.com\/v3\/reforma-de-la-ley-de-inteligencia-mas-poder-a-la-side-y-nuevo-esquema-de-ciberseguridad-nacional\/\" \/>\n<meta property=\"og:site_name\" content=\"CVI NOTICIAS\" \/>\n<meta property=\"article:publisher\" content=\"https:\/\/www.facebook.com\/cvinoticias\" \/>\n<meta property=\"article:published_time\" content=\"2026-01-02T16:09:59+00:00\" \/>\n<meta property=\"article:modified_time\" content=\"2026-01-02T16:10:01+00:00\" \/>\n<meta property=\"og:image\" content=\"https:\/\/cvinoticias.com\/wp-content\/uploads\/2026\/01\/side-1024x683-1.webp\" \/>\n\t<meta property=\"og:image:width\" content=\"1024\" \/>\n\t<meta property=\"og:image:height\" content=\"683\" \/>\n\t<meta property=\"og:image:type\" content=\"image\/webp\" \/>\n<meta name=\"author\" content=\"f1000024\" \/>\n<meta name=\"twitter:card\" content=\"summary_large_image\" \/>\n<meta name=\"twitter:label1\" content=\"Escrito por\" \/>\n\t<meta name=\"twitter:data1\" content=\"f1000024\" \/>\n\t<meta name=\"twitter:label2\" content=\"Tiempo de lectura\" \/>\n\t<meta name=\"twitter:data2\" content=\"4 minutos\" \/>\n<script type=\"application\/ld+json\" class=\"yoast-schema-graph\">{\"@context\":\"https:\\\/\\\/schema.org\",\"@graph\":[{\"@type\":\"Article\",\"@id\":\"https:\\\/\\\/cvinoticias.com\\\/v3\\\/reforma-de-la-ley-de-inteligencia-mas-poder-a-la-side-y-nuevo-esquema-de-ciberseguridad-nacional\\\/#article\",\"isPartOf\":{\"@id\":\"https:\\\/\\\/cvinoticias.com\\\/v3\\\/reforma-de-la-ley-de-inteligencia-mas-poder-a-la-side-y-nuevo-esquema-de-ciberseguridad-nacional\\\/\"},\"author\":{\"name\":\"f1000024\",\"@id\":\"https:\\\/\\\/cvinoticias.com\\\/v3\\\/#\\\/schema\\\/person\\\/2db77e3c6bc03c538495d7b2b8be9b66\"},\"headline\":\"Reforma de la Ley de Inteligencia: m\u00e1s poder a la SIDE y nuevo esquema de ciberseguridad nacional\",\"datePublished\":\"2026-01-02T16:09:59+00:00\",\"dateModified\":\"2026-01-02T16:10:01+00:00\",\"mainEntityOfPage\":{\"@id\":\"https:\\\/\\\/cvinoticias.com\\\/v3\\\/reforma-de-la-ley-de-inteligencia-mas-poder-a-la-side-y-nuevo-esquema-de-ciberseguridad-nacional\\\/\"},\"wordCount\":881,\"commentCount\":0,\"publisher\":{\"@id\":\"https:\\\/\\\/cvinoticias.com\\\/v3\\\/#organization\"},\"image\":{\"@id\":\"https:\\\/\\\/cvinoticias.com\\\/v3\\\/reforma-de-la-ley-de-inteligencia-mas-poder-a-la-side-y-nuevo-esquema-de-ciberseguridad-nacional\\\/#primaryimage\"},\"thumbnailUrl\":\"https:\\\/\\\/cvinoticias.com\\\/wp-content\\\/uploads\\\/2026\\\/01\\\/side-1024x683-1.webp\",\"keywords\":[\"Gobierno\",\"ley\",\"reforma\",\"seguridad\"],\"articleSection\":[\"Nacionales\"],\"inLanguage\":\"es\",\"potentialAction\":[{\"@type\":\"CommentAction\",\"name\":\"Comment\",\"target\":[\"https:\\\/\\\/cvinoticias.com\\\/v3\\\/reforma-de-la-ley-de-inteligencia-mas-poder-a-la-side-y-nuevo-esquema-de-ciberseguridad-nacional\\\/#respond\"]}]},{\"@type\":\"WebPage\",\"@id\":\"https:\\\/\\\/cvinoticias.com\\\/v3\\\/reforma-de-la-ley-de-inteligencia-mas-poder-a-la-side-y-nuevo-esquema-de-ciberseguridad-nacional\\\/\",\"url\":\"https:\\\/\\\/cvinoticias.com\\\/v3\\\/reforma-de-la-ley-de-inteligencia-mas-poder-a-la-side-y-nuevo-esquema-de-ciberseguridad-nacional\\\/\",\"name\":\"Reforma de la Ley de Inteligencia: m\u00e1s poder a la SIDE | CVI NOTICIAS\",\"isPartOf\":{\"@id\":\"https:\\\/\\\/cvinoticias.com\\\/v3\\\/#website\"},\"primaryImageOfPage\":{\"@id\":\"https:\\\/\\\/cvinoticias.com\\\/v3\\\/reforma-de-la-ley-de-inteligencia-mas-poder-a-la-side-y-nuevo-esquema-de-ciberseguridad-nacional\\\/#primaryimage\"},\"image\":{\"@id\":\"https:\\\/\\\/cvinoticias.com\\\/v3\\\/reforma-de-la-ley-de-inteligencia-mas-poder-a-la-side-y-nuevo-esquema-de-ciberseguridad-nacional\\\/#primaryimage\"},\"thumbnailUrl\":\"https:\\\/\\\/cvinoticias.com\\\/wp-content\\\/uploads\\\/2026\\\/01\\\/side-1024x683-1.webp\",\"datePublished\":\"2026-01-02T16:09:59+00:00\",\"dateModified\":\"2026-01-02T16:10:01+00:00\",\"description\":\"El Gobierno reform\u00f3 la Ley de Inteligencia, reforz\u00f3 la SIDE y cre\u00f3 el Centro Nacional de Ciberseguridad por DNU.\",\"breadcrumb\":{\"@id\":\"https:\\\/\\\/cvinoticias.com\\\/v3\\\/reforma-de-la-ley-de-inteligencia-mas-poder-a-la-side-y-nuevo-esquema-de-ciberseguridad-nacional\\\/#breadcrumb\"},\"inLanguage\":\"es\",\"potentialAction\":[{\"@type\":\"ReadAction\",\"target\":[\"https:\\\/\\\/cvinoticias.com\\\/v3\\\/reforma-de-la-ley-de-inteligencia-mas-poder-a-la-side-y-nuevo-esquema-de-ciberseguridad-nacional\\\/\"]}]},{\"@type\":\"ImageObject\",\"inLanguage\":\"es\",\"@id\":\"https:\\\/\\\/cvinoticias.com\\\/v3\\\/reforma-de-la-ley-de-inteligencia-mas-poder-a-la-side-y-nuevo-esquema-de-ciberseguridad-nacional\\\/#primaryimage\",\"url\":\"https:\\\/\\\/cvinoticias.com\\\/wp-content\\\/uploads\\\/2026\\\/01\\\/side-1024x683-1.webp\",\"contentUrl\":\"https:\\\/\\\/cvinoticias.com\\\/wp-content\\\/uploads\\\/2026\\\/01\\\/side-1024x683-1.webp\",\"width\":1024,\"height\":683},{\"@type\":\"BreadcrumbList\",\"@id\":\"https:\\\/\\\/cvinoticias.com\\\/v3\\\/reforma-de-la-ley-de-inteligencia-mas-poder-a-la-side-y-nuevo-esquema-de-ciberseguridad-nacional\\\/#breadcrumb\",\"itemListElement\":[{\"@type\":\"ListItem\",\"position\":1,\"name\":\"Portada\",\"item\":\"https:\\\/\\\/cvinoticias.com\\\/v3\\\/\"},{\"@type\":\"ListItem\",\"position\":2,\"name\":\"Reforma de la Ley de Inteligencia: m\u00e1s poder a la SIDE y nuevo esquema de ciberseguridad nacional\"}]},{\"@type\":\"WebSite\",\"@id\":\"https:\\\/\\\/cvinoticias.com\\\/v3\\\/#website\",\"url\":\"https:\\\/\\\/cvinoticias.com\\\/v3\\\/\",\"name\":\"CVI NOTICIAS\",\"description\":\"\",\"publisher\":{\"@id\":\"https:\\\/\\\/cvinoticias.com\\\/v3\\\/#organization\"},\"alternateName\":\"CVI\",\"potentialAction\":[{\"@type\":\"SearchAction\",\"target\":{\"@type\":\"EntryPoint\",\"urlTemplate\":\"https:\\\/\\\/cvinoticias.com\\\/v3\\\/?s={search_term_string}\"},\"query-input\":{\"@type\":\"PropertyValueSpecification\",\"valueRequired\":true,\"valueName\":\"search_term_string\"}}],\"inLanguage\":\"es\"},{\"@type\":\"Organization\",\"@id\":\"https:\\\/\\\/cvinoticias.com\\\/v3\\\/#organization\",\"name\":\"CVI NOTICIAS\",\"url\":\"https:\\\/\\\/cvinoticias.com\\\/v3\\\/\",\"logo\":{\"@type\":\"ImageObject\",\"inLanguage\":\"es\",\"@id\":\"https:\\\/\\\/cvinoticias.com\\\/v3\\\/#\\\/schema\\\/logo\\\/image\\\/\",\"url\":\"https:\\\/\\\/cvinoticias.com\\\/wp-content\\\/uploads\\\/2023\\\/04\\\/cropped-cropped-cropped-cropped-cropped-3-1.png\",\"contentUrl\":\"https:\\\/\\\/cvinoticias.com\\\/wp-content\\\/uploads\\\/2023\\\/04\\\/cropped-cropped-cropped-cropped-cropped-3-1.png\",\"width\":95,\"height\":122,\"caption\":\"CVI NOTICIAS\"},\"image\":{\"@id\":\"https:\\\/\\\/cvinoticias.com\\\/v3\\\/#\\\/schema\\\/logo\\\/image\\\/\"},\"sameAs\":[\"https:\\\/\\\/www.facebook.com\\\/cvinoticias\",\"https:\\\/\\\/www.instagram.com\\\/cvinoticias\\\/\",\"https:\\\/\\\/www.youtube.com\\\/@CVINOTICIAS\"]},{\"@type\":\"Person\",\"@id\":\"https:\\\/\\\/cvinoticias.com\\\/v3\\\/#\\\/schema\\\/person\\\/2db77e3c6bc03c538495d7b2b8be9b66\",\"name\":\"f1000024\",\"image\":{\"@type\":\"ImageObject\",\"inLanguage\":\"es\",\"@id\":\"https:\\\/\\\/secure.gravatar.com\\\/avatar\\\/d4fe7459cfc51ff5129ce1a732bbef5928568b8092d412ef95611616376bbeed?s=96&d=mm&r=g\",\"url\":\"https:\\\/\\\/secure.gravatar.com\\\/avatar\\\/d4fe7459cfc51ff5129ce1a732bbef5928568b8092d412ef95611616376bbeed?s=96&d=mm&r=g\",\"contentUrl\":\"https:\\\/\\\/secure.gravatar.com\\\/avatar\\\/d4fe7459cfc51ff5129ce1a732bbef5928568b8092d412ef95611616376bbeed?s=96&d=mm&r=g\",\"caption\":\"f1000024\"},\"url\":\"https:\\\/\\\/cvinoticias.com\\\/v3\\\/author\\\/f1000024\\\/\"}]}<\/script>\n<!-- \/ Yoast SEO plugin. -->","yoast_head_json":{"title":"Reforma de la Ley de Inteligencia: m\u00e1s poder a la SIDE | CVI NOTICIAS","description":"El Gobierno reform\u00f3 la Ley de Inteligencia, reforz\u00f3 la SIDE y cre\u00f3 el Centro Nacional de Ciberseguridad por DNU.","robots":{"index":"index","follow":"follow","max-snippet":"max-snippet:-1","max-image-preview":"max-image-preview:large","max-video-preview":"max-video-preview:-1"},"canonical":"https:\/\/cvinoticias.com\/v3\/reforma-de-la-ley-de-inteligencia-mas-poder-a-la-side-y-nuevo-esquema-de-ciberseguridad-nacional\/","og_locale":"es_ES","og_type":"article","og_title":"Reforma de la Ley de Inteligencia: m\u00e1s poder a la SIDE | CVI NOTICIAS","og_description":"El Gobierno reform\u00f3 la Ley de Inteligencia, reforz\u00f3 la SIDE y cre\u00f3 el Centro Nacional de Ciberseguridad por DNU.","og_url":"https:\/\/cvinoticias.com\/v3\/reforma-de-la-ley-de-inteligencia-mas-poder-a-la-side-y-nuevo-esquema-de-ciberseguridad-nacional\/","og_site_name":"CVI NOTICIAS","article_publisher":"https:\/\/www.facebook.com\/cvinoticias","article_published_time":"2026-01-02T16:09:59+00:00","article_modified_time":"2026-01-02T16:10:01+00:00","og_image":[{"width":1024,"height":683,"url":"https:\/\/cvinoticias.com\/wp-content\/uploads\/2026\/01\/side-1024x683-1.webp","type":"image\/webp"}],"author":"f1000024","twitter_card":"summary_large_image","twitter_misc":{"Escrito por":"f1000024","Tiempo de lectura":"4 minutos"},"schema":{"@context":"https:\/\/schema.org","@graph":[{"@type":"Article","@id":"https:\/\/cvinoticias.com\/v3\/reforma-de-la-ley-de-inteligencia-mas-poder-a-la-side-y-nuevo-esquema-de-ciberseguridad-nacional\/#article","isPartOf":{"@id":"https:\/\/cvinoticias.com\/v3\/reforma-de-la-ley-de-inteligencia-mas-poder-a-la-side-y-nuevo-esquema-de-ciberseguridad-nacional\/"},"author":{"name":"f1000024","@id":"https:\/\/cvinoticias.com\/v3\/#\/schema\/person\/2db77e3c6bc03c538495d7b2b8be9b66"},"headline":"Reforma de la Ley de Inteligencia: m\u00e1s poder a la SIDE y nuevo esquema de ciberseguridad nacional","datePublished":"2026-01-02T16:09:59+00:00","dateModified":"2026-01-02T16:10:01+00:00","mainEntityOfPage":{"@id":"https:\/\/cvinoticias.com\/v3\/reforma-de-la-ley-de-inteligencia-mas-poder-a-la-side-y-nuevo-esquema-de-ciberseguridad-nacional\/"},"wordCount":881,"commentCount":0,"publisher":{"@id":"https:\/\/cvinoticias.com\/v3\/#organization"},"image":{"@id":"https:\/\/cvinoticias.com\/v3\/reforma-de-la-ley-de-inteligencia-mas-poder-a-la-side-y-nuevo-esquema-de-ciberseguridad-nacional\/#primaryimage"},"thumbnailUrl":"https:\/\/cvinoticias.com\/wp-content\/uploads\/2026\/01\/side-1024x683-1.webp","keywords":["Gobierno","ley","reforma","seguridad"],"articleSection":["Nacionales"],"inLanguage":"es","potentialAction":[{"@type":"CommentAction","name":"Comment","target":["https:\/\/cvinoticias.com\/v3\/reforma-de-la-ley-de-inteligencia-mas-poder-a-la-side-y-nuevo-esquema-de-ciberseguridad-nacional\/#respond"]}]},{"@type":"WebPage","@id":"https:\/\/cvinoticias.com\/v3\/reforma-de-la-ley-de-inteligencia-mas-poder-a-la-side-y-nuevo-esquema-de-ciberseguridad-nacional\/","url":"https:\/\/cvinoticias.com\/v3\/reforma-de-la-ley-de-inteligencia-mas-poder-a-la-side-y-nuevo-esquema-de-ciberseguridad-nacional\/","name":"Reforma de la Ley de Inteligencia: m\u00e1s poder a la SIDE | CVI NOTICIAS","isPartOf":{"@id":"https:\/\/cvinoticias.com\/v3\/#website"},"primaryImageOfPage":{"@id":"https:\/\/cvinoticias.com\/v3\/reforma-de-la-ley-de-inteligencia-mas-poder-a-la-side-y-nuevo-esquema-de-ciberseguridad-nacional\/#primaryimage"},"image":{"@id":"https:\/\/cvinoticias.com\/v3\/reforma-de-la-ley-de-inteligencia-mas-poder-a-la-side-y-nuevo-esquema-de-ciberseguridad-nacional\/#primaryimage"},"thumbnailUrl":"https:\/\/cvinoticias.com\/wp-content\/uploads\/2026\/01\/side-1024x683-1.webp","datePublished":"2026-01-02T16:09:59+00:00","dateModified":"2026-01-02T16:10:01+00:00","description":"El Gobierno reform\u00f3 la Ley de Inteligencia, reforz\u00f3 la SIDE y cre\u00f3 el Centro Nacional de Ciberseguridad por DNU.","breadcrumb":{"@id":"https:\/\/cvinoticias.com\/v3\/reforma-de-la-ley-de-inteligencia-mas-poder-a-la-side-y-nuevo-esquema-de-ciberseguridad-nacional\/#breadcrumb"},"inLanguage":"es","potentialAction":[{"@type":"ReadAction","target":["https:\/\/cvinoticias.com\/v3\/reforma-de-la-ley-de-inteligencia-mas-poder-a-la-side-y-nuevo-esquema-de-ciberseguridad-nacional\/"]}]},{"@type":"ImageObject","inLanguage":"es","@id":"https:\/\/cvinoticias.com\/v3\/reforma-de-la-ley-de-inteligencia-mas-poder-a-la-side-y-nuevo-esquema-de-ciberseguridad-nacional\/#primaryimage","url":"https:\/\/cvinoticias.com\/wp-content\/uploads\/2026\/01\/side-1024x683-1.webp","contentUrl":"https:\/\/cvinoticias.com\/wp-content\/uploads\/2026\/01\/side-1024x683-1.webp","width":1024,"height":683},{"@type":"BreadcrumbList","@id":"https:\/\/cvinoticias.com\/v3\/reforma-de-la-ley-de-inteligencia-mas-poder-a-la-side-y-nuevo-esquema-de-ciberseguridad-nacional\/#breadcrumb","itemListElement":[{"@type":"ListItem","position":1,"name":"Portada","item":"https:\/\/cvinoticias.com\/v3\/"},{"@type":"ListItem","position":2,"name":"Reforma de la Ley de Inteligencia: m\u00e1s poder a la SIDE y nuevo esquema de ciberseguridad nacional"}]},{"@type":"WebSite","@id":"https:\/\/cvinoticias.com\/v3\/#website","url":"https:\/\/cvinoticias.com\/v3\/","name":"CVI NOTICIAS","description":"","publisher":{"@id":"https:\/\/cvinoticias.com\/v3\/#organization"},"alternateName":"CVI","potentialAction":[{"@type":"SearchAction","target":{"@type":"EntryPoint","urlTemplate":"https:\/\/cvinoticias.com\/v3\/?s={search_term_string}"},"query-input":{"@type":"PropertyValueSpecification","valueRequired":true,"valueName":"search_term_string"}}],"inLanguage":"es"},{"@type":"Organization","@id":"https:\/\/cvinoticias.com\/v3\/#organization","name":"CVI NOTICIAS","url":"https:\/\/cvinoticias.com\/v3\/","logo":{"@type":"ImageObject","inLanguage":"es","@id":"https:\/\/cvinoticias.com\/v3\/#\/schema\/logo\/image\/","url":"https:\/\/cvinoticias.com\/wp-content\/uploads\/2023\/04\/cropped-cropped-cropped-cropped-cropped-3-1.png","contentUrl":"https:\/\/cvinoticias.com\/wp-content\/uploads\/2023\/04\/cropped-cropped-cropped-cropped-cropped-3-1.png","width":95,"height":122,"caption":"CVI NOTICIAS"},"image":{"@id":"https:\/\/cvinoticias.com\/v3\/#\/schema\/logo\/image\/"},"sameAs":["https:\/\/www.facebook.com\/cvinoticias","https:\/\/www.instagram.com\/cvinoticias\/","https:\/\/www.youtube.com\/@CVINOTICIAS"]},{"@type":"Person","@id":"https:\/\/cvinoticias.com\/v3\/#\/schema\/person\/2db77e3c6bc03c538495d7b2b8be9b66","name":"f1000024","image":{"@type":"ImageObject","inLanguage":"es","@id":"https:\/\/secure.gravatar.com\/avatar\/d4fe7459cfc51ff5129ce1a732bbef5928568b8092d412ef95611616376bbeed?s=96&d=mm&r=g","url":"https:\/\/secure.gravatar.com\/avatar\/d4fe7459cfc51ff5129ce1a732bbef5928568b8092d412ef95611616376bbeed?s=96&d=mm&r=g","contentUrl":"https:\/\/secure.gravatar.com\/avatar\/d4fe7459cfc51ff5129ce1a732bbef5928568b8092d412ef95611616376bbeed?s=96&d=mm&r=g","caption":"f1000024"},"url":"https:\/\/cvinoticias.com\/v3\/author\/f1000024\/"}]}},"_links":{"self":[{"href":"https:\/\/cvinoticias.com\/v3\/wp-json\/wp\/v2\/posts\/53268","targetHints":{"allow":["GET"]}}],"collection":[{"href":"https:\/\/cvinoticias.com\/v3\/wp-json\/wp\/v2\/posts"}],"about":[{"href":"https:\/\/cvinoticias.com\/v3\/wp-json\/wp\/v2\/types\/post"}],"author":[{"embeddable":true,"href":"https:\/\/cvinoticias.com\/v3\/wp-json\/wp\/v2\/users\/2"}],"replies":[{"embeddable":true,"href":"https:\/\/cvinoticias.com\/v3\/wp-json\/wp\/v2\/comments?post=53268"}],"version-history":[{"count":1,"href":"https:\/\/cvinoticias.com\/v3\/wp-json\/wp\/v2\/posts\/53268\/revisions"}],"predecessor-version":[{"id":53270,"href":"https:\/\/cvinoticias.com\/v3\/wp-json\/wp\/v2\/posts\/53268\/revisions\/53270"}],"wp:featuredmedia":[{"embeddable":true,"href":"https:\/\/cvinoticias.com\/v3\/wp-json\/wp\/v2\/media\/53269"}],"wp:attachment":[{"href":"https:\/\/cvinoticias.com\/v3\/wp-json\/wp\/v2\/media?parent=53268"}],"wp:term":[{"taxonomy":"category","embeddable":true,"href":"https:\/\/cvinoticias.com\/v3\/wp-json\/wp\/v2\/categories?post=53268"},{"taxonomy":"post_tag","embeddable":true,"href":"https:\/\/cvinoticias.com\/v3\/wp-json\/wp\/v2\/tags?post=53268"}],"curies":[{"name":"wp","href":"https:\/\/api.w.org\/{rel}","templated":true}]}}