{"id":53252,"date":"2026-01-02T12:20:06","date_gmt":"2026-01-02T15:20:06","guid":{"rendered":"https:\/\/cvinoticias.com\/v3\/?p=53252"},"modified":"2026-01-02T12:20:12","modified_gmt":"2026-01-02T15:20:12","slug":"accidente-en-ruta-nacional-n-o-12","status":"publish","type":"post","link":"https:\/\/cvinoticias.com\/v3\/accidente-en-ruta-nacional-n-o-12\/","title":{"rendered":"Accidente en Ruta Nacional N.\u00ba 12"},"content":{"rendered":"\n<p>En horas de la ma\u00f1ana del d\u00eda de hoy, viernes 2 de enero, la Guardia de Bomberos Voluntarios de Iguaz\u00fa recibi\u00f3 un llamado alertando sobre un siniestro vial ocurrido sobre la Ruta Nacional N.\u00ba 12, en sentido Iguaz\u00fa\u2013Cataratas, con dos veh\u00edculos involucrados.<\/p>\n\n\n\n<p>De manera inmediata, se despacharon varias dotaciones al lugar. Por causas que se desconocen y que son materia de investigaci\u00f3n, un veh\u00edculo de menor porte (rodado menor, remis) colision\u00f3 con la parte trasera de una camioneta perteneciente a una empresa que presta servicios en la zona de Cataratas. Como consecuencia del impacto, el rodado mayor despist\u00f3 y termin\u00f3 intern\u00e1ndose en una zona de monte, quedando su conductor atrapado en el interior del habit\u00e1culo. Las dem\u00e1s v\u00edctimas lograron salir por sus propios medios.<\/p>\n\n\n\n<p>Personal de Bomberos trabaj\u00f3 con herramientas hidr\u00e1ulicas para la liberaci\u00f3n del conductor de la camioneta, procediendo posteriormente a su inmovilizaci\u00f3n y a la prestaci\u00f3n de primeros auxilios. El mismo fue trasladado al hospital local para su atenci\u00f3n m\u00e9dica.<\/p>\n\n\n\n<p>El siniestro dej\u00f3 un total de tres personas involucradas. Dos de ellas fueron derivadas al hospital, mientras que la conductora del rodado menor, una mujer mayor de edad, no presentaba lesiones ni dolencias al momento de la asistencia.<\/p>\n\n\n\n<figure class=\"wp-block-gallery has-nested-images columns-default is-cropped wp-block-gallery-1 is-layout-flex wp-block-gallery-is-layout-flex\">\n<figure class=\"wp-block-image size-large\"><a href=\"https:\/\/cvinoticias.com\/wp-content\/uploads\/2026\/01\/1-1.jpeg\"><img decoding=\"async\" width=\"1024\" height=\"768\" data-id=\"53254\" data-src=\"https:\/\/cvinoticias.com\/wp-content\/uploads\/2026\/01\/1-1-1024x768.jpeg\" alt=\"\" class=\"wp-image-53254 lazyload\" data-srcset=\"https:\/\/cvinoticias.com\/wp-content\/uploads\/2026\/01\/1-1-1024x768.jpeg 1024w, https:\/\/cvinoticias.com\/wp-content\/uploads\/2026\/01\/1-1-300x225.jpeg 300w, https:\/\/cvinoticias.com\/wp-content\/uploads\/2026\/01\/1-1-768x576.jpeg 768w, https:\/\/cvinoticias.com\/wp-content\/uploads\/2026\/01\/1-1.jpeg 1280w\" data-sizes=\"(max-width: 1024px) 100vw, 1024px\" src=\"data:image\/svg+xml;base64,PHN2ZyB3aWR0aD0iMSIgaGVpZ2h0PSIxIiB4bWxucz0iaHR0cDovL3d3dy53My5vcmcvMjAwMC9zdmciPjwvc3ZnPg==\" style=\"--smush-placeholder-width: 1024px; --smush-placeholder-aspect-ratio: 1024\/768;\" \/><\/a><\/figure>\n\n\n\n<figure class=\"wp-block-image size-large\"><a href=\"https:\/\/cvinoticias.com\/wp-content\/uploads\/2026\/01\/2-1.jpeg\"><img decoding=\"async\" width=\"1024\" height=\"768\" data-id=\"53255\" data-src=\"https:\/\/cvinoticias.com\/wp-content\/uploads\/2026\/01\/2-1-1024x768.jpeg\" alt=\"\" class=\"wp-image-53255 lazyload\" data-srcset=\"https:\/\/cvinoticias.com\/wp-content\/uploads\/2026\/01\/2-1-1024x768.jpeg 1024w, https:\/\/cvinoticias.com\/wp-content\/uploads\/2026\/01\/2-1-300x225.jpeg 300w, https:\/\/cvinoticias.com\/wp-content\/uploads\/2026\/01\/2-1-768x576.jpeg 768w, https:\/\/cvinoticias.com\/wp-content\/uploads\/2026\/01\/2-1.jpeg 1280w\" data-sizes=\"(max-width: 1024px) 100vw, 1024px\" src=\"data:image\/svg+xml;base64,PHN2ZyB3aWR0aD0iMSIgaGVpZ2h0PSIxIiB4bWxucz0iaHR0cDovL3d3dy53My5vcmcvMjAwMC9zdmciPjwvc3ZnPg==\" style=\"--smush-placeholder-width: 1024px; --smush-placeholder-aspect-ratio: 1024\/768;\" \/><\/a><\/figure>\n\n\n\n<figure class=\"wp-block-image size-large\"><a href=\"https:\/\/cvinoticias.com\/wp-content\/uploads\/2026\/01\/3-1.jpeg\"><img decoding=\"async\" width=\"1024\" height=\"768\" data-id=\"53256\" data-src=\"https:\/\/cvinoticias.com\/wp-content\/uploads\/2026\/01\/3-1-1024x768.jpeg\" alt=\"\" class=\"wp-image-53256 lazyload\" data-srcset=\"https:\/\/cvinoticias.com\/wp-content\/uploads\/2026\/01\/3-1-1024x768.jpeg 1024w, https:\/\/cvinoticias.com\/wp-content\/uploads\/2026\/01\/3-1-300x225.jpeg 300w, https:\/\/cvinoticias.com\/wp-content\/uploads\/2026\/01\/3-1-768x576.jpeg 768w, https:\/\/cvinoticias.com\/wp-content\/uploads\/2026\/01\/3-1.jpeg 1280w\" data-sizes=\"(max-width: 1024px) 100vw, 1024px\" src=\"data:image\/svg+xml;base64,PHN2ZyB3aWR0aD0iMSIgaGVpZ2h0PSIxIiB4bWxucz0iaHR0cDovL3d3dy53My5vcmcvMjAwMC9zdmciPjwvc3ZnPg==\" style=\"--smush-placeholder-width: 1024px; --smush-placeholder-aspect-ratio: 1024\/768;\" \/><\/a><\/figure>\n<\/figure>\n\n\n\n<p>El conductor y el acompa\u00f1ante del rodado mayor, ambos masculinos y mayores de edad, resultaron con lesiones de consideraci\u00f3n y fueron trasladados para su evaluaci\u00f3n m\u00e9dica.<\/p>\n\n\n\n<p>En el lugar trabajaron Bomberos Voluntarios de Iguaz\u00fa junto a los servicios de emergencia y fuerzas de seguridad.<\/p>\n\n\n\n<p>Bomberos contin\u00faan trabajando en el lugar<\/p>\n\n\n\n<figure class=\"wp-block-image size-large\"><a href=\"https:\/\/cvinoticias.com\/wp-content\/uploads\/2026\/01\/portada-1.jpeg\"><img decoding=\"async\" width=\"1024\" height=\"768\" data-src=\"https:\/\/cvinoticias.com\/wp-content\/uploads\/2026\/01\/portada-1-1024x768.jpeg\" alt=\"\" class=\"wp-image-53257 lazyload\" data-srcset=\"https:\/\/cvinoticias.com\/wp-content\/uploads\/2026\/01\/portada-1-1024x768.jpeg 1024w, https:\/\/cvinoticias.com\/wp-content\/uploads\/2026\/01\/portada-1-300x225.jpeg 300w, https:\/\/cvinoticias.com\/wp-content\/uploads\/2026\/01\/portada-1-768x576.jpeg 768w, https:\/\/cvinoticias.com\/wp-content\/uploads\/2026\/01\/portada-1.jpeg 1280w\" data-sizes=\"(max-width: 1024px) 100vw, 1024px\" src=\"data:image\/svg+xml;base64,PHN2ZyB3aWR0aD0iMSIgaGVpZ2h0PSIxIiB4bWxucz0iaHR0cDovL3d3dy53My5vcmcvMjAwMC9zdmciPjwvc3ZnPg==\" style=\"--smush-placeholder-width: 1024px; --smush-placeholder-aspect-ratio: 1024\/768;\" \/><\/a><\/figure>\n","protected":false},"excerpt":{"rendered":"<p>En horas de la ma\u00f1ana del d\u00eda de hoy, viernes 2 de enero, la Guardia de Bomberos Voluntarios de Iguaz\u00fa recibi\u00f3 un llamado alertando sobre un siniestro vial ocurrido sobre la Ruta Nacional N.\u00ba 12, en sentido Iguaz\u00fa\u2013Cataratas, con dos veh\u00edculos involucrados. De manera inmediata, se despacharon varias dotaciones al lugar. Por causas que se [&hellip;]<\/p>\n","protected":false},"author":2,"featured_media":53253,"comment_status":"open","ping_status":"closed","sticky":false,"template":"","format":"standard","meta":{"footnotes":""},"categories":[41],"tags":[170,646,4802],"class_list":["post-53252","post","type-post","status-publish","format-standard","has-post-thumbnail","hentry","category-policiales","tag-accidente","tag-bomberos","tag-n-o-12"],"yoast_head":"<!-- This site is optimized with the Yoast SEO plugin v27.4 - https:\/\/yoast.com\/product\/yoast-seo-wordpress\/ -->\n<title>Accidente en la Ruta Nacional 12 en Iguaz\u00fa | CVI NOTICIAS<\/title>\n<meta name=\"description\" content=\"Choque entre dos veh\u00edculos en la Ruta 12 dej\u00f3 tres personas involucradas y dos trasladadas al hospital en Iguaz\u00fa.\" \/>\n<meta name=\"robots\" content=\"index, follow, max-snippet:-1, max-image-preview:large, max-video-preview:-1\" \/>\n<link rel=\"canonical\" href=\"https:\/\/cvinoticias.com\/v3\/accidente-en-ruta-nacional-n-o-12\/\" \/>\n<meta property=\"og:locale\" content=\"es_ES\" \/>\n<meta property=\"og:type\" content=\"article\" \/>\n<meta property=\"og:title\" content=\"Accidente en la Ruta Nacional 12 en Iguaz\u00fa | CVI NOTICIAS\" \/>\n<meta property=\"og:description\" content=\"Choque entre dos veh\u00edculos en la Ruta 12 dej\u00f3 tres personas involucradas y dos trasladadas al hospital en Iguaz\u00fa.\" \/>\n<meta property=\"og:url\" content=\"https:\/\/cvinoticias.com\/v3\/accidente-en-ruta-nacional-n-o-12\/\" \/>\n<meta property=\"og:site_name\" content=\"CVI NOTICIAS\" \/>\n<meta property=\"article:publisher\" content=\"https:\/\/www.facebook.com\/cvinoticias\" \/>\n<meta property=\"article:published_time\" content=\"2026-01-02T15:20:06+00:00\" \/>\n<meta property=\"article:modified_time\" content=\"2026-01-02T15:20:12+00:00\" \/>\n<meta property=\"og:image\" content=\"https:\/\/cvinoticias.com\/wp-content\/uploads\/2026\/01\/portada.jpeg\" \/>\n\t<meta property=\"og:image:width\" content=\"1280\" \/>\n\t<meta property=\"og:image:height\" content=\"960\" \/>\n\t<meta property=\"og:image:type\" content=\"image\/jpeg\" \/>\n<meta name=\"author\" content=\"f1000024\" \/>\n<meta name=\"twitter:card\" content=\"summary_large_image\" \/>\n<meta name=\"twitter:label1\" content=\"Escrito por\" \/>\n\t<meta name=\"twitter:data1\" content=\"f1000024\" \/>\n\t<meta name=\"twitter:label2\" content=\"Tiempo de lectura\" \/>\n\t<meta name=\"twitter:data2\" content=\"3 minutos\" \/>\n<script type=\"application\/ld+json\" class=\"yoast-schema-graph\">{\"@context\":\"https:\\\/\\\/schema.org\",\"@graph\":[{\"@type\":\"Article\",\"@id\":\"https:\\\/\\\/cvinoticias.com\\\/v3\\\/accidente-en-ruta-nacional-n-o-12\\\/#article\",\"isPartOf\":{\"@id\":\"https:\\\/\\\/cvinoticias.com\\\/v3\\\/accidente-en-ruta-nacional-n-o-12\\\/\"},\"author\":{\"name\":\"f1000024\",\"@id\":\"https:\\\/\\\/cvinoticias.com\\\/v3\\\/#\\\/schema\\\/person\\\/2db77e3c6bc03c538495d7b2b8be9b66\"},\"headline\":\"Accidente en Ruta Nacional N.\u00ba 12\",\"datePublished\":\"2026-01-02T15:20:06+00:00\",\"dateModified\":\"2026-01-02T15:20:12+00:00\",\"mainEntityOfPage\":{\"@id\":\"https:\\\/\\\/cvinoticias.com\\\/v3\\\/accidente-en-ruta-nacional-n-o-12\\\/\"},\"wordCount\":274,\"commentCount\":0,\"publisher\":{\"@id\":\"https:\\\/\\\/cvinoticias.com\\\/v3\\\/#organization\"},\"image\":{\"@id\":\"https:\\\/\\\/cvinoticias.com\\\/v3\\\/accidente-en-ruta-nacional-n-o-12\\\/#primaryimage\"},\"thumbnailUrl\":\"https:\\\/\\\/cvinoticias.com\\\/wp-content\\\/uploads\\\/2026\\\/01\\\/portada.jpeg\",\"keywords\":[\"accidente\",\"Bomberos\",\"N.\u00ba 12\"],\"articleSection\":[\"Policiales\"],\"inLanguage\":\"es\",\"potentialAction\":[{\"@type\":\"CommentAction\",\"name\":\"Comment\",\"target\":[\"https:\\\/\\\/cvinoticias.com\\\/v3\\\/accidente-en-ruta-nacional-n-o-12\\\/#respond\"]}]},{\"@type\":\"WebPage\",\"@id\":\"https:\\\/\\\/cvinoticias.com\\\/v3\\\/accidente-en-ruta-nacional-n-o-12\\\/\",\"url\":\"https:\\\/\\\/cvinoticias.com\\\/v3\\\/accidente-en-ruta-nacional-n-o-12\\\/\",\"name\":\"Accidente en la Ruta Nacional 12 en Iguaz\u00fa | CVI NOTICIAS\",\"isPartOf\":{\"@id\":\"https:\\\/\\\/cvinoticias.com\\\/v3\\\/#website\"},\"primaryImageOfPage\":{\"@id\":\"https:\\\/\\\/cvinoticias.com\\\/v3\\\/accidente-en-ruta-nacional-n-o-12\\\/#primaryimage\"},\"image\":{\"@id\":\"https:\\\/\\\/cvinoticias.com\\\/v3\\\/accidente-en-ruta-nacional-n-o-12\\\/#primaryimage\"},\"thumbnailUrl\":\"https:\\\/\\\/cvinoticias.com\\\/wp-content\\\/uploads\\\/2026\\\/01\\\/portada.jpeg\",\"datePublished\":\"2026-01-02T15:20:06+00:00\",\"dateModified\":\"2026-01-02T15:20:12+00:00\",\"description\":\"Choque entre dos veh\u00edculos en la Ruta 12 dej\u00f3 tres personas involucradas y dos trasladadas al hospital en Iguaz\u00fa.\",\"breadcrumb\":{\"@id\":\"https:\\\/\\\/cvinoticias.com\\\/v3\\\/accidente-en-ruta-nacional-n-o-12\\\/#breadcrumb\"},\"inLanguage\":\"es\",\"potentialAction\":[{\"@type\":\"ReadAction\",\"target\":[\"https:\\\/\\\/cvinoticias.com\\\/v3\\\/accidente-en-ruta-nacional-n-o-12\\\/\"]}]},{\"@type\":\"ImageObject\",\"inLanguage\":\"es\",\"@id\":\"https:\\\/\\\/cvinoticias.com\\\/v3\\\/accidente-en-ruta-nacional-n-o-12\\\/#primaryimage\",\"url\":\"https:\\\/\\\/cvinoticias.com\\\/wp-content\\\/uploads\\\/2026\\\/01\\\/portada.jpeg\",\"contentUrl\":\"https:\\\/\\\/cvinoticias.com\\\/wp-content\\\/uploads\\\/2026\\\/01\\\/portada.jpeg\",\"width\":1280,\"height\":960},{\"@type\":\"BreadcrumbList\",\"@id\":\"https:\\\/\\\/cvinoticias.com\\\/v3\\\/accidente-en-ruta-nacional-n-o-12\\\/#breadcrumb\",\"itemListElement\":[{\"@type\":\"ListItem\",\"position\":1,\"name\":\"Portada\",\"item\":\"https:\\\/\\\/cvinoticias.com\\\/v3\\\/\"},{\"@type\":\"ListItem\",\"position\":2,\"name\":\"Accidente en Ruta Nacional N.\u00ba 12\"}]},{\"@type\":\"WebSite\",\"@id\":\"https:\\\/\\\/cvinoticias.com\\\/v3\\\/#website\",\"url\":\"https:\\\/\\\/cvinoticias.com\\\/v3\\\/\",\"name\":\"CVI NOTICIAS\",\"description\":\"\",\"publisher\":{\"@id\":\"https:\\\/\\\/cvinoticias.com\\\/v3\\\/#organization\"},\"alternateName\":\"CVI\",\"potentialAction\":[{\"@type\":\"SearchAction\",\"target\":{\"@type\":\"EntryPoint\",\"urlTemplate\":\"https:\\\/\\\/cvinoticias.com\\\/v3\\\/?s={search_term_string}\"},\"query-input\":{\"@type\":\"PropertyValueSpecification\",\"valueRequired\":true,\"valueName\":\"search_term_string\"}}],\"inLanguage\":\"es\"},{\"@type\":\"Organization\",\"@id\":\"https:\\\/\\\/cvinoticias.com\\\/v3\\\/#organization\",\"name\":\"CVI NOTICIAS\",\"url\":\"https:\\\/\\\/cvinoticias.com\\\/v3\\\/\",\"logo\":{\"@type\":\"ImageObject\",\"inLanguage\":\"es\",\"@id\":\"https:\\\/\\\/cvinoticias.com\\\/v3\\\/#\\\/schema\\\/logo\\\/image\\\/\",\"url\":\"https:\\\/\\\/cvinoticias.com\\\/wp-content\\\/uploads\\\/2023\\\/04\\\/cropped-cropped-cropped-cropped-cropped-3-1.png\",\"contentUrl\":\"https:\\\/\\\/cvinoticias.com\\\/wp-content\\\/uploads\\\/2023\\\/04\\\/cropped-cropped-cropped-cropped-cropped-3-1.png\",\"width\":95,\"height\":122,\"caption\":\"CVI NOTICIAS\"},\"image\":{\"@id\":\"https:\\\/\\\/cvinoticias.com\\\/v3\\\/#\\\/schema\\\/logo\\\/image\\\/\"},\"sameAs\":[\"https:\\\/\\\/www.facebook.com\\\/cvinoticias\",\"https:\\\/\\\/www.instagram.com\\\/cvinoticias\\\/\",\"https:\\\/\\\/www.youtube.com\\\/@CVINOTICIAS\"]},{\"@type\":\"Person\",\"@id\":\"https:\\\/\\\/cvinoticias.com\\\/v3\\\/#\\\/schema\\\/person\\\/2db77e3c6bc03c538495d7b2b8be9b66\",\"name\":\"f1000024\",\"image\":{\"@type\":\"ImageObject\",\"inLanguage\":\"es\",\"@id\":\"https:\\\/\\\/secure.gravatar.com\\\/avatar\\\/d4fe7459cfc51ff5129ce1a732bbef5928568b8092d412ef95611616376bbeed?s=96&d=mm&r=g\",\"url\":\"https:\\\/\\\/secure.gravatar.com\\\/avatar\\\/d4fe7459cfc51ff5129ce1a732bbef5928568b8092d412ef95611616376bbeed?s=96&d=mm&r=g\",\"contentUrl\":\"https:\\\/\\\/secure.gravatar.com\\\/avatar\\\/d4fe7459cfc51ff5129ce1a732bbef5928568b8092d412ef95611616376bbeed?s=96&d=mm&r=g\",\"caption\":\"f1000024\"},\"url\":\"https:\\\/\\\/cvinoticias.com\\\/v3\\\/author\\\/f1000024\\\/\"}]}<\/script>\n<!-- \/ Yoast SEO plugin. -->","yoast_head_json":{"title":"Accidente en la Ruta Nacional 12 en Iguaz\u00fa | CVI NOTICIAS","description":"Choque entre dos veh\u00edculos en la Ruta 12 dej\u00f3 tres personas involucradas y dos trasladadas al hospital en Iguaz\u00fa.","robots":{"index":"index","follow":"follow","max-snippet":"max-snippet:-1","max-image-preview":"max-image-preview:large","max-video-preview":"max-video-preview:-1"},"canonical":"https:\/\/cvinoticias.com\/v3\/accidente-en-ruta-nacional-n-o-12\/","og_locale":"es_ES","og_type":"article","og_title":"Accidente en la Ruta Nacional 12 en Iguaz\u00fa | CVI NOTICIAS","og_description":"Choque entre dos veh\u00edculos en la Ruta 12 dej\u00f3 tres personas involucradas y dos trasladadas al hospital en Iguaz\u00fa.","og_url":"https:\/\/cvinoticias.com\/v3\/accidente-en-ruta-nacional-n-o-12\/","og_site_name":"CVI NOTICIAS","article_publisher":"https:\/\/www.facebook.com\/cvinoticias","article_published_time":"2026-01-02T15:20:06+00:00","article_modified_time":"2026-01-02T15:20:12+00:00","og_image":[{"width":1280,"height":960,"url":"https:\/\/cvinoticias.com\/wp-content\/uploads\/2026\/01\/portada.jpeg","type":"image\/jpeg"}],"author":"f1000024","twitter_card":"summary_large_image","twitter_misc":{"Escrito por":"f1000024","Tiempo de lectura":"3 minutos"},"schema":{"@context":"https:\/\/schema.org","@graph":[{"@type":"Article","@id":"https:\/\/cvinoticias.com\/v3\/accidente-en-ruta-nacional-n-o-12\/#article","isPartOf":{"@id":"https:\/\/cvinoticias.com\/v3\/accidente-en-ruta-nacional-n-o-12\/"},"author":{"name":"f1000024","@id":"https:\/\/cvinoticias.com\/v3\/#\/schema\/person\/2db77e3c6bc03c538495d7b2b8be9b66"},"headline":"Accidente en Ruta Nacional N.\u00ba 12","datePublished":"2026-01-02T15:20:06+00:00","dateModified":"2026-01-02T15:20:12+00:00","mainEntityOfPage":{"@id":"https:\/\/cvinoticias.com\/v3\/accidente-en-ruta-nacional-n-o-12\/"},"wordCount":274,"commentCount":0,"publisher":{"@id":"https:\/\/cvinoticias.com\/v3\/#organization"},"image":{"@id":"https:\/\/cvinoticias.com\/v3\/accidente-en-ruta-nacional-n-o-12\/#primaryimage"},"thumbnailUrl":"https:\/\/cvinoticias.com\/wp-content\/uploads\/2026\/01\/portada.jpeg","keywords":["accidente","Bomberos","N.\u00ba 12"],"articleSection":["Policiales"],"inLanguage":"es","potentialAction":[{"@type":"CommentAction","name":"Comment","target":["https:\/\/cvinoticias.com\/v3\/accidente-en-ruta-nacional-n-o-12\/#respond"]}]},{"@type":"WebPage","@id":"https:\/\/cvinoticias.com\/v3\/accidente-en-ruta-nacional-n-o-12\/","url":"https:\/\/cvinoticias.com\/v3\/accidente-en-ruta-nacional-n-o-12\/","name":"Accidente en la Ruta Nacional 12 en Iguaz\u00fa | CVI NOTICIAS","isPartOf":{"@id":"https:\/\/cvinoticias.com\/v3\/#website"},"primaryImageOfPage":{"@id":"https:\/\/cvinoticias.com\/v3\/accidente-en-ruta-nacional-n-o-12\/#primaryimage"},"image":{"@id":"https:\/\/cvinoticias.com\/v3\/accidente-en-ruta-nacional-n-o-12\/#primaryimage"},"thumbnailUrl":"https:\/\/cvinoticias.com\/wp-content\/uploads\/2026\/01\/portada.jpeg","datePublished":"2026-01-02T15:20:06+00:00","dateModified":"2026-01-02T15:20:12+00:00","description":"Choque entre dos veh\u00edculos en la Ruta 12 dej\u00f3 tres personas involucradas y dos trasladadas al hospital en Iguaz\u00fa.","breadcrumb":{"@id":"https:\/\/cvinoticias.com\/v3\/accidente-en-ruta-nacional-n-o-12\/#breadcrumb"},"inLanguage":"es","potentialAction":[{"@type":"ReadAction","target":["https:\/\/cvinoticias.com\/v3\/accidente-en-ruta-nacional-n-o-12\/"]}]},{"@type":"ImageObject","inLanguage":"es","@id":"https:\/\/cvinoticias.com\/v3\/accidente-en-ruta-nacional-n-o-12\/#primaryimage","url":"https:\/\/cvinoticias.com\/wp-content\/uploads\/2026\/01\/portada.jpeg","contentUrl":"https:\/\/cvinoticias.com\/wp-content\/uploads\/2026\/01\/portada.jpeg","width":1280,"height":960},{"@type":"BreadcrumbList","@id":"https:\/\/cvinoticias.com\/v3\/accidente-en-ruta-nacional-n-o-12\/#breadcrumb","itemListElement":[{"@type":"ListItem","position":1,"name":"Portada","item":"https:\/\/cvinoticias.com\/v3\/"},{"@type":"ListItem","position":2,"name":"Accidente en Ruta Nacional N.\u00ba 12"}]},{"@type":"WebSite","@id":"https:\/\/cvinoticias.com\/v3\/#website","url":"https:\/\/cvinoticias.com\/v3\/","name":"CVI NOTICIAS","description":"","publisher":{"@id":"https:\/\/cvinoticias.com\/v3\/#organization"},"alternateName":"CVI","potentialAction":[{"@type":"SearchAction","target":{"@type":"EntryPoint","urlTemplate":"https:\/\/cvinoticias.com\/v3\/?s={search_term_string}"},"query-input":{"@type":"PropertyValueSpecification","valueRequired":true,"valueName":"search_term_string"}}],"inLanguage":"es"},{"@type":"Organization","@id":"https:\/\/cvinoticias.com\/v3\/#organization","name":"CVI NOTICIAS","url":"https:\/\/cvinoticias.com\/v3\/","logo":{"@type":"ImageObject","inLanguage":"es","@id":"https:\/\/cvinoticias.com\/v3\/#\/schema\/logo\/image\/","url":"https:\/\/cvinoticias.com\/wp-content\/uploads\/2023\/04\/cropped-cropped-cropped-cropped-cropped-3-1.png","contentUrl":"https:\/\/cvinoticias.com\/wp-content\/uploads\/2023\/04\/cropped-cropped-cropped-cropped-cropped-3-1.png","width":95,"height":122,"caption":"CVI NOTICIAS"},"image":{"@id":"https:\/\/cvinoticias.com\/v3\/#\/schema\/logo\/image\/"},"sameAs":["https:\/\/www.facebook.com\/cvinoticias","https:\/\/www.instagram.com\/cvinoticias\/","https:\/\/www.youtube.com\/@CVINOTICIAS"]},{"@type":"Person","@id":"https:\/\/cvinoticias.com\/v3\/#\/schema\/person\/2db77e3c6bc03c538495d7b2b8be9b66","name":"f1000024","image":{"@type":"ImageObject","inLanguage":"es","@id":"https:\/\/secure.gravatar.com\/avatar\/d4fe7459cfc51ff5129ce1a732bbef5928568b8092d412ef95611616376bbeed?s=96&d=mm&r=g","url":"https:\/\/secure.gravatar.com\/avatar\/d4fe7459cfc51ff5129ce1a732bbef5928568b8092d412ef95611616376bbeed?s=96&d=mm&r=g","contentUrl":"https:\/\/secure.gravatar.com\/avatar\/d4fe7459cfc51ff5129ce1a732bbef5928568b8092d412ef95611616376bbeed?s=96&d=mm&r=g","caption":"f1000024"},"url":"https:\/\/cvinoticias.com\/v3\/author\/f1000024\/"}]}},"_links":{"self":[{"href":"https:\/\/cvinoticias.com\/v3\/wp-json\/wp\/v2\/posts\/53252","targetHints":{"allow":["GET"]}}],"collection":[{"href":"https:\/\/cvinoticias.com\/v3\/wp-json\/wp\/v2\/posts"}],"about":[{"href":"https:\/\/cvinoticias.com\/v3\/wp-json\/wp\/v2\/types\/post"}],"author":[{"embeddable":true,"href":"https:\/\/cvinoticias.com\/v3\/wp-json\/wp\/v2\/users\/2"}],"replies":[{"embeddable":true,"href":"https:\/\/cvinoticias.com\/v3\/wp-json\/wp\/v2\/comments?post=53252"}],"version-history":[{"count":1,"href":"https:\/\/cvinoticias.com\/v3\/wp-json\/wp\/v2\/posts\/53252\/revisions"}],"predecessor-version":[{"id":53258,"href":"https:\/\/cvinoticias.com\/v3\/wp-json\/wp\/v2\/posts\/53252\/revisions\/53258"}],"wp:featuredmedia":[{"embeddable":true,"href":"https:\/\/cvinoticias.com\/v3\/wp-json\/wp\/v2\/media\/53253"}],"wp:attachment":[{"href":"https:\/\/cvinoticias.com\/v3\/wp-json\/wp\/v2\/media?parent=53252"}],"wp:term":[{"taxonomy":"category","embeddable":true,"href":"https:\/\/cvinoticias.com\/v3\/wp-json\/wp\/v2\/categories?post=53252"},{"taxonomy":"post_tag","embeddable":true,"href":"https:\/\/cvinoticias.com\/v3\/wp-json\/wp\/v2\/tags?post=53252"}],"curies":[{"name":"wp","href":"https:\/\/api.w.org\/{rel}","templated":true}]}}