{"id":53154,"date":"2025-12-29T10:17:08","date_gmt":"2025-12-29T13:17:08","guid":{"rendered":"https:\/\/cvinoticias.com\/v3\/?p=53154"},"modified":"2025-12-29T10:17:09","modified_gmt":"2025-12-29T13:17:09","slug":"passalacqua-anuncio-la-fecha-de-pago-de-haberes-para-trabajadores-estatales","status":"publish","type":"post","link":"https:\/\/cvinoticias.com\/v3\/passalacqua-anuncio-la-fecha-de-pago-de-haberes-para-trabajadores-estatales\/","title":{"rendered":"Passalacqua anunci\u00f3 la fecha de pago de haberes para trabajadores estatales"},"content":{"rendered":"\n<p>A trav\u00e9s de sus redes sociales, el gobernador Hugo&nbsp;<strong>Passalacqua<\/strong>, inform\u00f3 que el pr\u00f3ximo&nbsp;<strong>mi\u00e9rcoles 31 de diciembre&nbsp;<\/strong>estar\u00e1n acreditados los haberes correspondientes a los trabajadores activos de la Administraci\u00f3n P\u00fablica provincial, as\u00ed como de los jubilados, pensionados y retirados del Instituto de Previsi\u00f3n Social (IPS).<\/p>\n\n\n\n<figure class=\"wp-block-embed is-type-rich is-provider-twitter wp-block-embed-twitter\"><div class=\"wp-block-embed__wrapper\">\n<blockquote class=\"twitter-tweet\" data-width=\"550\" data-dnt=\"true\"><p lang=\"es\" dir=\"ltr\">Informo que este mi\u00e9rcoles 31 de diciembre estar\u00e1n acreditados los haberes de los trabajadores activos del Estado provincial y de los jubilados, pensionados y retirados del IPS.<\/p>&mdash; Hugo Passalacqua (@passalacquaok) <a href=\"https:\/\/twitter.com\/passalacquaok\/status\/2005591176909566117?ref_src=twsrc%5Etfw\">December 29, 2025<\/a><\/blockquote><script async src=\"https:\/\/platform.twitter.com\/widgets.js\" charset=\"utf-8\"><\/script>\n<\/div><\/figure>\n\n\n\n<p>\u201cInform\u00f3 que este mi\u00e9rcoles 31 de diciembre estar\u00e1n acreditados los haberes de los trabajadores activos del Estado provincial y de los jubilados, pensionados y retirados del IPS\u201d, anunci\u00f3.<\/p>\n\n\n\n<h2 class=\"wp-block-heading\">Previsibilidad y orden econ\u00f3mico<\/h2>\n\n\n\n<p>El pago del aguinaldo en Misiones, concretado el pasado 20 de diciembre, expuso una estrategia pol\u00edtica sostenida en la previsibilidad y el orden econ\u00f3mico. El manejo presupuestario permiti\u00f3 cumplir con esta obligaci\u00f3n sin sobresaltos, aun en un escenario nacional marcado por la escasez de recursos. La administraci\u00f3n provincial sostuvo una planificaci\u00f3n que prioriz\u00f3 los gastos esenciales y garantiz\u00f3 el cumplimiento de compromisos salariales, lo que reflej\u00f3 una conducci\u00f3n madura y una clara definici\u00f3n de prioridades en el uso de los fondos p\u00fablicos.<\/p>\n\n\n\n<p>Fuente: Canal 12 Misiones<\/p>\n","protected":false},"excerpt":{"rendered":"<p>A trav\u00e9s de sus redes sociales, el gobernador Hugo&nbsp;Passalacqua, inform\u00f3 que el pr\u00f3ximo&nbsp;mi\u00e9rcoles 31 de diciembre&nbsp;estar\u00e1n acreditados los haberes correspondientes a los trabajadores activos de la Administraci\u00f3n P\u00fablica provincial, as\u00ed como de los jubilados, pensionados y retirados del Instituto de Previsi\u00f3n Social (IPS). \u201cInform\u00f3 que este mi\u00e9rcoles 31 de diciembre estar\u00e1n acreditados los haberes de [&hellip;]<\/p>\n","protected":false},"author":2,"featured_media":53155,"comment_status":"open","ping_status":"closed","sticky":false,"template":"","format":"standard","meta":{"footnotes":""},"categories":[455],"tags":[4041,2145,269,1431],"class_list":["post-53154","post","type-post","status-publish","format-standard","has-post-thumbnail","hentry","category-misiones","tag-fecha","tag-haberes","tag-pago","tag-passalacqua"],"yoast_head":"<!-- This site is optimized with the Yoast SEO plugin v27.4 - https:\/\/yoast.com\/product\/yoast-seo-wordpress\/ -->\n<title>Passalacqua anunci\u00f3 la fecha de pago de haberes estatales | CVI NOTICIAS<\/title>\n<meta name=\"description\" content=\"El gobernador confirm\u00f3 que el 31 de diciembre se acreditar\u00e1n los haberes de estatales y jubilados del IPS.\" \/>\n<meta name=\"robots\" content=\"index, follow, max-snippet:-1, max-image-preview:large, max-video-preview:-1\" \/>\n<link rel=\"canonical\" href=\"https:\/\/cvinoticias.com\/v3\/passalacqua-anuncio-la-fecha-de-pago-de-haberes-para-trabajadores-estatales\/\" \/>\n<meta property=\"og:locale\" content=\"es_ES\" \/>\n<meta property=\"og:type\" content=\"article\" \/>\n<meta property=\"og:title\" content=\"Passalacqua anunci\u00f3 la fecha de pago de haberes estatales | CVI NOTICIAS\" \/>\n<meta property=\"og:description\" content=\"El gobernador confirm\u00f3 que el 31 de diciembre se acreditar\u00e1n los haberes de estatales y jubilados del IPS.\" \/>\n<meta property=\"og:url\" content=\"https:\/\/cvinoticias.com\/v3\/passalacqua-anuncio-la-fecha-de-pago-de-haberes-para-trabajadores-estatales\/\" \/>\n<meta property=\"og:site_name\" content=\"CVI NOTICIAS\" \/>\n<meta property=\"article:publisher\" content=\"https:\/\/www.facebook.com\/cvinoticias\" \/>\n<meta property=\"article:published_time\" content=\"2025-12-29T13:17:08+00:00\" \/>\n<meta property=\"article:modified_time\" content=\"2025-12-29T13:17:09+00:00\" \/>\n<meta property=\"og:image\" content=\"https:\/\/cvinoticias.com\/wp-content\/uploads\/2025\/12\/1-53.jpeg\" \/>\n\t<meta property=\"og:image:width\" content=\"500\" \/>\n\t<meta property=\"og:image:height\" content=\"333\" \/>\n\t<meta property=\"og:image:type\" content=\"image\/jpeg\" \/>\n<meta name=\"author\" content=\"f1000024\" \/>\n<meta name=\"twitter:card\" content=\"summary_large_image\" \/>\n<meta name=\"twitter:label1\" content=\"Escrito por\" \/>\n\t<meta name=\"twitter:data1\" content=\"f1000024\" \/>\n\t<meta name=\"twitter:label2\" content=\"Tiempo de lectura\" \/>\n\t<meta name=\"twitter:data2\" content=\"1 minuto\" \/>\n<script type=\"application\/ld+json\" class=\"yoast-schema-graph\">{\"@context\":\"https:\\\/\\\/schema.org\",\"@graph\":[{\"@type\":\"Article\",\"@id\":\"https:\\\/\\\/cvinoticias.com\\\/v3\\\/passalacqua-anuncio-la-fecha-de-pago-de-haberes-para-trabajadores-estatales\\\/#article\",\"isPartOf\":{\"@id\":\"https:\\\/\\\/cvinoticias.com\\\/v3\\\/passalacqua-anuncio-la-fecha-de-pago-de-haberes-para-trabajadores-estatales\\\/\"},\"author\":{\"name\":\"f1000024\",\"@id\":\"https:\\\/\\\/cvinoticias.com\\\/v3\\\/#\\\/schema\\\/person\\\/2db77e3c6bc03c538495d7b2b8be9b66\"},\"headline\":\"Passalacqua anunci\u00f3 la fecha de pago de haberes para trabajadores estatales\",\"datePublished\":\"2025-12-29T13:17:08+00:00\",\"dateModified\":\"2025-12-29T13:17:09+00:00\",\"mainEntityOfPage\":{\"@id\":\"https:\\\/\\\/cvinoticias.com\\\/v3\\\/passalacqua-anuncio-la-fecha-de-pago-de-haberes-para-trabajadores-estatales\\\/\"},\"wordCount\":198,\"commentCount\":0,\"publisher\":{\"@id\":\"https:\\\/\\\/cvinoticias.com\\\/v3\\\/#organization\"},\"image\":{\"@id\":\"https:\\\/\\\/cvinoticias.com\\\/v3\\\/passalacqua-anuncio-la-fecha-de-pago-de-haberes-para-trabajadores-estatales\\\/#primaryimage\"},\"thumbnailUrl\":\"https:\\\/\\\/cvinoticias.com\\\/wp-content\\\/uploads\\\/2025\\\/12\\\/1-53.jpeg\",\"keywords\":[\"Fecha\",\"haberes\",\"Pago\",\"Passalacqua\"],\"articleSection\":[\"Misiones\"],\"inLanguage\":\"es\",\"potentialAction\":[{\"@type\":\"CommentAction\",\"name\":\"Comment\",\"target\":[\"https:\\\/\\\/cvinoticias.com\\\/v3\\\/passalacqua-anuncio-la-fecha-de-pago-de-haberes-para-trabajadores-estatales\\\/#respond\"]}]},{\"@type\":\"WebPage\",\"@id\":\"https:\\\/\\\/cvinoticias.com\\\/v3\\\/passalacqua-anuncio-la-fecha-de-pago-de-haberes-para-trabajadores-estatales\\\/\",\"url\":\"https:\\\/\\\/cvinoticias.com\\\/v3\\\/passalacqua-anuncio-la-fecha-de-pago-de-haberes-para-trabajadores-estatales\\\/\",\"name\":\"Passalacqua anunci\u00f3 la fecha de pago de haberes estatales | CVI NOTICIAS\",\"isPartOf\":{\"@id\":\"https:\\\/\\\/cvinoticias.com\\\/v3\\\/#website\"},\"primaryImageOfPage\":{\"@id\":\"https:\\\/\\\/cvinoticias.com\\\/v3\\\/passalacqua-anuncio-la-fecha-de-pago-de-haberes-para-trabajadores-estatales\\\/#primaryimage\"},\"image\":{\"@id\":\"https:\\\/\\\/cvinoticias.com\\\/v3\\\/passalacqua-anuncio-la-fecha-de-pago-de-haberes-para-trabajadores-estatales\\\/#primaryimage\"},\"thumbnailUrl\":\"https:\\\/\\\/cvinoticias.com\\\/wp-content\\\/uploads\\\/2025\\\/12\\\/1-53.jpeg\",\"datePublished\":\"2025-12-29T13:17:08+00:00\",\"dateModified\":\"2025-12-29T13:17:09+00:00\",\"description\":\"El gobernador confirm\u00f3 que el 31 de diciembre se acreditar\u00e1n los haberes de estatales y jubilados del IPS.\",\"breadcrumb\":{\"@id\":\"https:\\\/\\\/cvinoticias.com\\\/v3\\\/passalacqua-anuncio-la-fecha-de-pago-de-haberes-para-trabajadores-estatales\\\/#breadcrumb\"},\"inLanguage\":\"es\",\"potentialAction\":[{\"@type\":\"ReadAction\",\"target\":[\"https:\\\/\\\/cvinoticias.com\\\/v3\\\/passalacqua-anuncio-la-fecha-de-pago-de-haberes-para-trabajadores-estatales\\\/\"]}]},{\"@type\":\"ImageObject\",\"inLanguage\":\"es\",\"@id\":\"https:\\\/\\\/cvinoticias.com\\\/v3\\\/passalacqua-anuncio-la-fecha-de-pago-de-haberes-para-trabajadores-estatales\\\/#primaryimage\",\"url\":\"https:\\\/\\\/cvinoticias.com\\\/wp-content\\\/uploads\\\/2025\\\/12\\\/1-53.jpeg\",\"contentUrl\":\"https:\\\/\\\/cvinoticias.com\\\/wp-content\\\/uploads\\\/2025\\\/12\\\/1-53.jpeg\",\"width\":500,\"height\":333},{\"@type\":\"BreadcrumbList\",\"@id\":\"https:\\\/\\\/cvinoticias.com\\\/v3\\\/passalacqua-anuncio-la-fecha-de-pago-de-haberes-para-trabajadores-estatales\\\/#breadcrumb\",\"itemListElement\":[{\"@type\":\"ListItem\",\"position\":1,\"name\":\"Portada\",\"item\":\"https:\\\/\\\/cvinoticias.com\\\/v3\\\/\"},{\"@type\":\"ListItem\",\"position\":2,\"name\":\"Passalacqua anunci\u00f3 la fecha de pago de haberes para trabajadores estatales\"}]},{\"@type\":\"WebSite\",\"@id\":\"https:\\\/\\\/cvinoticias.com\\\/v3\\\/#website\",\"url\":\"https:\\\/\\\/cvinoticias.com\\\/v3\\\/\",\"name\":\"CVI NOTICIAS\",\"description\":\"\",\"publisher\":{\"@id\":\"https:\\\/\\\/cvinoticias.com\\\/v3\\\/#organization\"},\"alternateName\":\"CVI\",\"potentialAction\":[{\"@type\":\"SearchAction\",\"target\":{\"@type\":\"EntryPoint\",\"urlTemplate\":\"https:\\\/\\\/cvinoticias.com\\\/v3\\\/?s={search_term_string}\"},\"query-input\":{\"@type\":\"PropertyValueSpecification\",\"valueRequired\":true,\"valueName\":\"search_term_string\"}}],\"inLanguage\":\"es\"},{\"@type\":\"Organization\",\"@id\":\"https:\\\/\\\/cvinoticias.com\\\/v3\\\/#organization\",\"name\":\"CVI NOTICIAS\",\"url\":\"https:\\\/\\\/cvinoticias.com\\\/v3\\\/\",\"logo\":{\"@type\":\"ImageObject\",\"inLanguage\":\"es\",\"@id\":\"https:\\\/\\\/cvinoticias.com\\\/v3\\\/#\\\/schema\\\/logo\\\/image\\\/\",\"url\":\"https:\\\/\\\/cvinoticias.com\\\/wp-content\\\/uploads\\\/2023\\\/04\\\/cropped-cropped-cropped-cropped-cropped-3-1.png\",\"contentUrl\":\"https:\\\/\\\/cvinoticias.com\\\/wp-content\\\/uploads\\\/2023\\\/04\\\/cropped-cropped-cropped-cropped-cropped-3-1.png\",\"width\":95,\"height\":122,\"caption\":\"CVI NOTICIAS\"},\"image\":{\"@id\":\"https:\\\/\\\/cvinoticias.com\\\/v3\\\/#\\\/schema\\\/logo\\\/image\\\/\"},\"sameAs\":[\"https:\\\/\\\/www.facebook.com\\\/cvinoticias\",\"https:\\\/\\\/www.instagram.com\\\/cvinoticias\\\/\",\"https:\\\/\\\/www.youtube.com\\\/@CVINOTICIAS\"]},{\"@type\":\"Person\",\"@id\":\"https:\\\/\\\/cvinoticias.com\\\/v3\\\/#\\\/schema\\\/person\\\/2db77e3c6bc03c538495d7b2b8be9b66\",\"name\":\"f1000024\",\"image\":{\"@type\":\"ImageObject\",\"inLanguage\":\"es\",\"@id\":\"https:\\\/\\\/secure.gravatar.com\\\/avatar\\\/d4fe7459cfc51ff5129ce1a732bbef5928568b8092d412ef95611616376bbeed?s=96&d=mm&r=g\",\"url\":\"https:\\\/\\\/secure.gravatar.com\\\/avatar\\\/d4fe7459cfc51ff5129ce1a732bbef5928568b8092d412ef95611616376bbeed?s=96&d=mm&r=g\",\"contentUrl\":\"https:\\\/\\\/secure.gravatar.com\\\/avatar\\\/d4fe7459cfc51ff5129ce1a732bbef5928568b8092d412ef95611616376bbeed?s=96&d=mm&r=g\",\"caption\":\"f1000024\"},\"url\":\"https:\\\/\\\/cvinoticias.com\\\/v3\\\/author\\\/f1000024\\\/\"}]}<\/script>\n<!-- \/ Yoast SEO plugin. -->","yoast_head_json":{"title":"Passalacqua anunci\u00f3 la fecha de pago de haberes estatales | CVI NOTICIAS","description":"El gobernador confirm\u00f3 que el 31 de diciembre se acreditar\u00e1n los haberes de estatales y jubilados del IPS.","robots":{"index":"index","follow":"follow","max-snippet":"max-snippet:-1","max-image-preview":"max-image-preview:large","max-video-preview":"max-video-preview:-1"},"canonical":"https:\/\/cvinoticias.com\/v3\/passalacqua-anuncio-la-fecha-de-pago-de-haberes-para-trabajadores-estatales\/","og_locale":"es_ES","og_type":"article","og_title":"Passalacqua anunci\u00f3 la fecha de pago de haberes estatales | CVI NOTICIAS","og_description":"El gobernador confirm\u00f3 que el 31 de diciembre se acreditar\u00e1n los haberes de estatales y jubilados del IPS.","og_url":"https:\/\/cvinoticias.com\/v3\/passalacqua-anuncio-la-fecha-de-pago-de-haberes-para-trabajadores-estatales\/","og_site_name":"CVI NOTICIAS","article_publisher":"https:\/\/www.facebook.com\/cvinoticias","article_published_time":"2025-12-29T13:17:08+00:00","article_modified_time":"2025-12-29T13:17:09+00:00","og_image":[{"width":500,"height":333,"url":"https:\/\/cvinoticias.com\/wp-content\/uploads\/2025\/12\/1-53.jpeg","type":"image\/jpeg"}],"author":"f1000024","twitter_card":"summary_large_image","twitter_misc":{"Escrito por":"f1000024","Tiempo de lectura":"1 minuto"},"schema":{"@context":"https:\/\/schema.org","@graph":[{"@type":"Article","@id":"https:\/\/cvinoticias.com\/v3\/passalacqua-anuncio-la-fecha-de-pago-de-haberes-para-trabajadores-estatales\/#article","isPartOf":{"@id":"https:\/\/cvinoticias.com\/v3\/passalacqua-anuncio-la-fecha-de-pago-de-haberes-para-trabajadores-estatales\/"},"author":{"name":"f1000024","@id":"https:\/\/cvinoticias.com\/v3\/#\/schema\/person\/2db77e3c6bc03c538495d7b2b8be9b66"},"headline":"Passalacqua anunci\u00f3 la fecha de pago de haberes para trabajadores estatales","datePublished":"2025-12-29T13:17:08+00:00","dateModified":"2025-12-29T13:17:09+00:00","mainEntityOfPage":{"@id":"https:\/\/cvinoticias.com\/v3\/passalacqua-anuncio-la-fecha-de-pago-de-haberes-para-trabajadores-estatales\/"},"wordCount":198,"commentCount":0,"publisher":{"@id":"https:\/\/cvinoticias.com\/v3\/#organization"},"image":{"@id":"https:\/\/cvinoticias.com\/v3\/passalacqua-anuncio-la-fecha-de-pago-de-haberes-para-trabajadores-estatales\/#primaryimage"},"thumbnailUrl":"https:\/\/cvinoticias.com\/wp-content\/uploads\/2025\/12\/1-53.jpeg","keywords":["Fecha","haberes","Pago","Passalacqua"],"articleSection":["Misiones"],"inLanguage":"es","potentialAction":[{"@type":"CommentAction","name":"Comment","target":["https:\/\/cvinoticias.com\/v3\/passalacqua-anuncio-la-fecha-de-pago-de-haberes-para-trabajadores-estatales\/#respond"]}]},{"@type":"WebPage","@id":"https:\/\/cvinoticias.com\/v3\/passalacqua-anuncio-la-fecha-de-pago-de-haberes-para-trabajadores-estatales\/","url":"https:\/\/cvinoticias.com\/v3\/passalacqua-anuncio-la-fecha-de-pago-de-haberes-para-trabajadores-estatales\/","name":"Passalacqua anunci\u00f3 la fecha de pago de haberes estatales | CVI NOTICIAS","isPartOf":{"@id":"https:\/\/cvinoticias.com\/v3\/#website"},"primaryImageOfPage":{"@id":"https:\/\/cvinoticias.com\/v3\/passalacqua-anuncio-la-fecha-de-pago-de-haberes-para-trabajadores-estatales\/#primaryimage"},"image":{"@id":"https:\/\/cvinoticias.com\/v3\/passalacqua-anuncio-la-fecha-de-pago-de-haberes-para-trabajadores-estatales\/#primaryimage"},"thumbnailUrl":"https:\/\/cvinoticias.com\/wp-content\/uploads\/2025\/12\/1-53.jpeg","datePublished":"2025-12-29T13:17:08+00:00","dateModified":"2025-12-29T13:17:09+00:00","description":"El gobernador confirm\u00f3 que el 31 de diciembre se acreditar\u00e1n los haberes de estatales y jubilados del IPS.","breadcrumb":{"@id":"https:\/\/cvinoticias.com\/v3\/passalacqua-anuncio-la-fecha-de-pago-de-haberes-para-trabajadores-estatales\/#breadcrumb"},"inLanguage":"es","potentialAction":[{"@type":"ReadAction","target":["https:\/\/cvinoticias.com\/v3\/passalacqua-anuncio-la-fecha-de-pago-de-haberes-para-trabajadores-estatales\/"]}]},{"@type":"ImageObject","inLanguage":"es","@id":"https:\/\/cvinoticias.com\/v3\/passalacqua-anuncio-la-fecha-de-pago-de-haberes-para-trabajadores-estatales\/#primaryimage","url":"https:\/\/cvinoticias.com\/wp-content\/uploads\/2025\/12\/1-53.jpeg","contentUrl":"https:\/\/cvinoticias.com\/wp-content\/uploads\/2025\/12\/1-53.jpeg","width":500,"height":333},{"@type":"BreadcrumbList","@id":"https:\/\/cvinoticias.com\/v3\/passalacqua-anuncio-la-fecha-de-pago-de-haberes-para-trabajadores-estatales\/#breadcrumb","itemListElement":[{"@type":"ListItem","position":1,"name":"Portada","item":"https:\/\/cvinoticias.com\/v3\/"},{"@type":"ListItem","position":2,"name":"Passalacqua anunci\u00f3 la fecha de pago de haberes para trabajadores estatales"}]},{"@type":"WebSite","@id":"https:\/\/cvinoticias.com\/v3\/#website","url":"https:\/\/cvinoticias.com\/v3\/","name":"CVI NOTICIAS","description":"","publisher":{"@id":"https:\/\/cvinoticias.com\/v3\/#organization"},"alternateName":"CVI","potentialAction":[{"@type":"SearchAction","target":{"@type":"EntryPoint","urlTemplate":"https:\/\/cvinoticias.com\/v3\/?s={search_term_string}"},"query-input":{"@type":"PropertyValueSpecification","valueRequired":true,"valueName":"search_term_string"}}],"inLanguage":"es"},{"@type":"Organization","@id":"https:\/\/cvinoticias.com\/v3\/#organization","name":"CVI NOTICIAS","url":"https:\/\/cvinoticias.com\/v3\/","logo":{"@type":"ImageObject","inLanguage":"es","@id":"https:\/\/cvinoticias.com\/v3\/#\/schema\/logo\/image\/","url":"https:\/\/cvinoticias.com\/wp-content\/uploads\/2023\/04\/cropped-cropped-cropped-cropped-cropped-3-1.png","contentUrl":"https:\/\/cvinoticias.com\/wp-content\/uploads\/2023\/04\/cropped-cropped-cropped-cropped-cropped-3-1.png","width":95,"height":122,"caption":"CVI NOTICIAS"},"image":{"@id":"https:\/\/cvinoticias.com\/v3\/#\/schema\/logo\/image\/"},"sameAs":["https:\/\/www.facebook.com\/cvinoticias","https:\/\/www.instagram.com\/cvinoticias\/","https:\/\/www.youtube.com\/@CVINOTICIAS"]},{"@type":"Person","@id":"https:\/\/cvinoticias.com\/v3\/#\/schema\/person\/2db77e3c6bc03c538495d7b2b8be9b66","name":"f1000024","image":{"@type":"ImageObject","inLanguage":"es","@id":"https:\/\/secure.gravatar.com\/avatar\/d4fe7459cfc51ff5129ce1a732bbef5928568b8092d412ef95611616376bbeed?s=96&d=mm&r=g","url":"https:\/\/secure.gravatar.com\/avatar\/d4fe7459cfc51ff5129ce1a732bbef5928568b8092d412ef95611616376bbeed?s=96&d=mm&r=g","contentUrl":"https:\/\/secure.gravatar.com\/avatar\/d4fe7459cfc51ff5129ce1a732bbef5928568b8092d412ef95611616376bbeed?s=96&d=mm&r=g","caption":"f1000024"},"url":"https:\/\/cvinoticias.com\/v3\/author\/f1000024\/"}]}},"_links":{"self":[{"href":"https:\/\/cvinoticias.com\/v3\/wp-json\/wp\/v2\/posts\/53154","targetHints":{"allow":["GET"]}}],"collection":[{"href":"https:\/\/cvinoticias.com\/v3\/wp-json\/wp\/v2\/posts"}],"about":[{"href":"https:\/\/cvinoticias.com\/v3\/wp-json\/wp\/v2\/types\/post"}],"author":[{"embeddable":true,"href":"https:\/\/cvinoticias.com\/v3\/wp-json\/wp\/v2\/users\/2"}],"replies":[{"embeddable":true,"href":"https:\/\/cvinoticias.com\/v3\/wp-json\/wp\/v2\/comments?post=53154"}],"version-history":[{"count":1,"href":"https:\/\/cvinoticias.com\/v3\/wp-json\/wp\/v2\/posts\/53154\/revisions"}],"predecessor-version":[{"id":53156,"href":"https:\/\/cvinoticias.com\/v3\/wp-json\/wp\/v2\/posts\/53154\/revisions\/53156"}],"wp:featuredmedia":[{"embeddable":true,"href":"https:\/\/cvinoticias.com\/v3\/wp-json\/wp\/v2\/media\/53155"}],"wp:attachment":[{"href":"https:\/\/cvinoticias.com\/v3\/wp-json\/wp\/v2\/media?parent=53154"}],"wp:term":[{"taxonomy":"category","embeddable":true,"href":"https:\/\/cvinoticias.com\/v3\/wp-json\/wp\/v2\/categories?post=53154"},{"taxonomy":"post_tag","embeddable":true,"href":"https:\/\/cvinoticias.com\/v3\/wp-json\/wp\/v2\/tags?post=53154"}],"curies":[{"name":"wp","href":"https:\/\/api.w.org\/{rel}","templated":true}]}}