{"id":53123,"date":"2025-12-26T20:15:32","date_gmt":"2025-12-26T23:15:32","guid":{"rendered":"https:\/\/cvinoticias.com\/v3\/?p=53123"},"modified":"2025-12-28T12:38:54","modified_gmt":"2025-12-28T15:38:54","slug":"acto-de-entrega-de-personeria-juridica-y-regularizacion-de-asociaciones-civiles-de-iguazu","status":"publish","type":"post","link":"https:\/\/cvinoticias.com\/v3\/acto-de-entrega-de-personeria-juridica-y-regularizacion-de-asociaciones-civiles-de-iguazu\/","title":{"rendered":"Acto de entrega de personer\u00eda jur\u00eddica y regularizaci\u00f3n de asociaciones civiles de Iguaz\u00fa"},"content":{"rendered":"\n<p>En el marco de las actividades de cierre del a\u00f1o 2025, el SUM del ITUREM fue escenario de una jornada trascendental para la vida civil de nuestra ciudad. La Subsecretar\u00eda de Coordinaci\u00f3n Municipal, a trav\u00e9s de su Oficina de Regularizaci\u00f3n de Asociaciones Civiles, concret\u00f3 la entrega de documentaci\u00f3n t\u00e9cnica y resoluciones de personer\u00eda jur\u00eddica a seis instituciones de gran arraigo local.<\/p>\n\n\n\n<p>\u200bEntre las entidades que alcanzaron este estatus legal se encuentran la Asociaci\u00f3n del Centro de Jubilados, el Club Social y Deportivo 8 de Noviembre y la Comparsa Yaguaret\u00e9, instituciones que cumplen un rol fundamental en la contenci\u00f3n social, deportiva y cultural de los vecinos. Asimismo, el proceso de regularizaci\u00f3n alcanz\u00f3 al \u00e1mbito religioso con la iglesia evang\u00e9lica \u00abAsamblea de Dios\u00bb, y a sectores del trabajo y la solidaridad con la Asociaci\u00f3n de Feriantes de Puerto Iguaz\u00fa y la Fundaci\u00f3n Mano a Mano con el Pueblo.<\/p>\n\n\n\n<figure class=\"wp-block-gallery has-nested-images columns-default is-cropped wp-block-gallery-1 is-layout-flex wp-block-gallery-is-layout-flex\">\n<figure class=\"wp-block-image size-large\"><a href=\"https:\/\/cvinoticias.com\/wp-content\/uploads\/2025\/12\/1-51.jpeg\"><img decoding=\"async\" width=\"1024\" height=\"576\" data-id=\"53126\" data-src=\"https:\/\/cvinoticias.com\/wp-content\/uploads\/2025\/12\/1-51-1024x576.jpeg\" alt=\"\" class=\"wp-image-53126 lazyload\" data-srcset=\"https:\/\/cvinoticias.com\/wp-content\/uploads\/2025\/12\/1-51-1024x576.jpeg 1024w, https:\/\/cvinoticias.com\/wp-content\/uploads\/2025\/12\/1-51-300x169.jpeg 300w, https:\/\/cvinoticias.com\/wp-content\/uploads\/2025\/12\/1-51-768x432.jpeg 768w, https:\/\/cvinoticias.com\/wp-content\/uploads\/2025\/12\/1-51.jpeg 1280w\" data-sizes=\"(max-width: 1024px) 100vw, 1024px\" src=\"data:image\/svg+xml;base64,PHN2ZyB3aWR0aD0iMSIgaGVpZ2h0PSIxIiB4bWxucz0iaHR0cDovL3d3dy53My5vcmcvMjAwMC9zdmciPjwvc3ZnPg==\" style=\"--smush-placeholder-width: 1024px; --smush-placeholder-aspect-ratio: 1024\/576;\" \/><\/a><\/figure>\n\n\n\n<figure class=\"wp-block-image size-large\"><a href=\"https:\/\/cvinoticias.com\/wp-content\/uploads\/2025\/12\/2-37.jpeg\"><img decoding=\"async\" width=\"1024\" height=\"576\" data-id=\"53127\" data-src=\"https:\/\/cvinoticias.com\/wp-content\/uploads\/2025\/12\/2-37-1024x576.jpeg\" alt=\"\" class=\"wp-image-53127 lazyload\" data-srcset=\"https:\/\/cvinoticias.com\/wp-content\/uploads\/2025\/12\/2-37-1024x576.jpeg 1024w, https:\/\/cvinoticias.com\/wp-content\/uploads\/2025\/12\/2-37-300x169.jpeg 300w, https:\/\/cvinoticias.com\/wp-content\/uploads\/2025\/12\/2-37-768x432.jpeg 768w, https:\/\/cvinoticias.com\/wp-content\/uploads\/2025\/12\/2-37.jpeg 1280w\" data-sizes=\"(max-width: 1024px) 100vw, 1024px\" src=\"data:image\/svg+xml;base64,PHN2ZyB3aWR0aD0iMSIgaGVpZ2h0PSIxIiB4bWxucz0iaHR0cDovL3d3dy53My5vcmcvMjAwMC9zdmciPjwvc3ZnPg==\" style=\"--smush-placeholder-width: 1024px; --smush-placeholder-aspect-ratio: 1024\/576;\" \/><\/a><\/figure>\n\n\n\n<figure class=\"wp-block-image size-large\"><a href=\"https:\/\/cvinoticias.com\/wp-content\/uploads\/2025\/12\/3-22.jpeg\"><img decoding=\"async\" width=\"1024\" height=\"576\" data-id=\"53128\" data-src=\"https:\/\/cvinoticias.com\/wp-content\/uploads\/2025\/12\/3-22-1024x576.jpeg\" alt=\"\" class=\"wp-image-53128 lazyload\" data-srcset=\"https:\/\/cvinoticias.com\/wp-content\/uploads\/2025\/12\/3-22-1024x576.jpeg 1024w, https:\/\/cvinoticias.com\/wp-content\/uploads\/2025\/12\/3-22-300x169.jpeg 300w, https:\/\/cvinoticias.com\/wp-content\/uploads\/2025\/12\/3-22-768x432.jpeg 768w, https:\/\/cvinoticias.com\/wp-content\/uploads\/2025\/12\/3-22.jpeg 1280w\" data-sizes=\"(max-width: 1024px) 100vw, 1024px\" src=\"data:image\/svg+xml;base64,PHN2ZyB3aWR0aD0iMSIgaGVpZ2h0PSIxIiB4bWxucz0iaHR0cDovL3d3dy53My5vcmcvMjAwMC9zdmciPjwvc3ZnPg==\" style=\"--smush-placeholder-width: 1024px; --smush-placeholder-aspect-ratio: 1024\/576;\" \/><\/a><\/figure>\n<\/figure>\n\n\n\n<p>\u200bEn di\u00e1logo con CVI Noticias, el subsecretario de Coordinaci\u00f3n Municipal, Domingo Mart\u00ednez expres\u00f3 su profunda satisfacci\u00f3n por la culminaci\u00f3n de estos procesos administrativos, subrayando que este acompa\u00f1amiento es una responsabilidad central de su funci\u00f3n. El funcionario manifest\u00f3 que el objetivo es dotar a estas organizaciones de las herramientas legales necesarias para que puedan proyectar su crecimiento, gestionar recursos y funcionar con total respaldo institucional: \u00abEstamos s\u00faper felices de concluir esta etapa con todo el cari\u00f1o y el amor que nuestra tarea requiere\u00bb concluy\u00f3.<\/p>\n\n\n\n<figure class=\"wp-block-gallery has-nested-images columns-default is-cropped wp-block-gallery-2 is-layout-flex wp-block-gallery-is-layout-flex\">\n<figure class=\"wp-block-image size-large\"><a href=\"https:\/\/cvinoticias.com\/wp-content\/uploads\/2025\/12\/4-7.jpeg\"><img decoding=\"async\" width=\"1024\" height=\"576\" data-id=\"53129\" data-src=\"https:\/\/cvinoticias.com\/wp-content\/uploads\/2025\/12\/4-7-1024x576.jpeg\" alt=\"\" class=\"wp-image-53129 lazyload\" data-srcset=\"https:\/\/cvinoticias.com\/wp-content\/uploads\/2025\/12\/4-7-1024x576.jpeg 1024w, https:\/\/cvinoticias.com\/wp-content\/uploads\/2025\/12\/4-7-300x169.jpeg 300w, https:\/\/cvinoticias.com\/wp-content\/uploads\/2025\/12\/4-7-768x432.jpeg 768w, https:\/\/cvinoticias.com\/wp-content\/uploads\/2025\/12\/4-7.jpeg 1280w\" data-sizes=\"(max-width: 1024px) 100vw, 1024px\" src=\"data:image\/svg+xml;base64,PHN2ZyB3aWR0aD0iMSIgaGVpZ2h0PSIxIiB4bWxucz0iaHR0cDovL3d3dy53My5vcmcvMjAwMC9zdmciPjwvc3ZnPg==\" style=\"--smush-placeholder-width: 1024px; --smush-placeholder-aspect-ratio: 1024\/576;\" \/><\/a><\/figure>\n\n\n\n<figure class=\"wp-block-image size-large\"><a href=\"https:\/\/cvinoticias.com\/wp-content\/uploads\/2025\/12\/5-6.jpeg\"><img decoding=\"async\" width=\"1024\" height=\"576\" data-id=\"53130\" data-src=\"https:\/\/cvinoticias.com\/wp-content\/uploads\/2025\/12\/5-6-1024x576.jpeg\" alt=\"\" class=\"wp-image-53130 lazyload\" data-srcset=\"https:\/\/cvinoticias.com\/wp-content\/uploads\/2025\/12\/5-6-1024x576.jpeg 1024w, https:\/\/cvinoticias.com\/wp-content\/uploads\/2025\/12\/5-6-300x169.jpeg 300w, https:\/\/cvinoticias.com\/wp-content\/uploads\/2025\/12\/5-6-768x432.jpeg 768w, https:\/\/cvinoticias.com\/wp-content\/uploads\/2025\/12\/5-6.jpeg 1280w\" data-sizes=\"(max-width: 1024px) 100vw, 1024px\" src=\"data:image\/svg+xml;base64,PHN2ZyB3aWR0aD0iMSIgaGVpZ2h0PSIxIiB4bWxucz0iaHR0cDovL3d3dy53My5vcmcvMjAwMC9zdmciPjwvc3ZnPg==\" style=\"--smush-placeholder-width: 1024px; --smush-placeholder-aspect-ratio: 1024\/576;\" \/><\/a><\/figure>\n\n\n\n<figure class=\"wp-block-image size-large\"><a href=\"https:\/\/cvinoticias.com\/wp-content\/uploads\/2025\/12\/6-4.jpeg\"><img decoding=\"async\" width=\"1024\" height=\"576\" data-id=\"53131\" data-src=\"https:\/\/cvinoticias.com\/wp-content\/uploads\/2025\/12\/6-4-1024x576.jpeg\" alt=\"\" class=\"wp-image-53131 lazyload\" data-srcset=\"https:\/\/cvinoticias.com\/wp-content\/uploads\/2025\/12\/6-4-1024x576.jpeg 1024w, https:\/\/cvinoticias.com\/wp-content\/uploads\/2025\/12\/6-4-300x169.jpeg 300w, https:\/\/cvinoticias.com\/wp-content\/uploads\/2025\/12\/6-4-768x432.jpeg 768w, https:\/\/cvinoticias.com\/wp-content\/uploads\/2025\/12\/6-4.jpeg 1280w\" data-sizes=\"(max-width: 1024px) 100vw, 1024px\" src=\"data:image\/svg+xml;base64,PHN2ZyB3aWR0aD0iMSIgaGVpZ2h0PSIxIiB4bWxucz0iaHR0cDovL3d3dy53My5vcmcvMjAwMC9zdmciPjwvc3ZnPg==\" style=\"--smush-placeholder-width: 1024px; --smush-placeholder-aspect-ratio: 1024\/576;\" \/><\/a><\/figure>\n<\/figure>\n\n\n\n<p>Entrevista con: Domingo Mart\u00ednez (Subsecretario de Coordinaci\u00f3n Municipal)<\/p>\n","protected":false},"excerpt":{"rendered":"<p>En el marco de las actividades de cierre del a\u00f1o 2025, el SUM del ITUREM fue escenario de una jornada trascendental para la vida civil de nuestra ciudad. La Subsecretar\u00eda de Coordinaci\u00f3n Municipal, a trav\u00e9s de su Oficina de Regularizaci\u00f3n de Asociaciones Civiles, concret\u00f3 la entrega de documentaci\u00f3n t\u00e9cnica y resoluciones de personer\u00eda jur\u00eddica a [&hellip;]<\/p>\n","protected":false},"author":2,"featured_media":53125,"comment_status":"open","ping_status":"closed","sticky":false,"template":"","format":"standard","meta":{"footnotes":""},"categories":[47],"tags":[2552,4784,4783],"class_list":["post-53123","post","type-post","status-publish","format-standard","has-post-thumbnail","hentry","category-sociedad","tag-acto","tag-juridica","tag-personeria"],"yoast_head":"<!-- This site is optimized with the Yoast SEO plugin v27.5 - https:\/\/yoast.com\/product\/yoast-seo-wordpress\/ -->\n<title>Iguaz\u00fa entreg\u00f3 personer\u00edas jur\u00eddicas a asociaciones civiles | CVI NOTICIAS<\/title>\n<meta name=\"description\" content=\"Entregaron personer\u00edas jur\u00eddicas y regularizaron asociaciones civiles de Iguaz\u00fa en un acto realizado en el ITUREM.\" \/>\n<meta name=\"robots\" content=\"index, follow, max-snippet:-1, max-image-preview:large, max-video-preview:-1\" \/>\n<link rel=\"canonical\" href=\"https:\/\/cvinoticias.com\/v3\/acto-de-entrega-de-personeria-juridica-y-regularizacion-de-asociaciones-civiles-de-iguazu\/\" \/>\n<meta property=\"og:locale\" content=\"es_ES\" \/>\n<meta property=\"og:type\" content=\"article\" \/>\n<meta property=\"og:title\" content=\"Iguaz\u00fa entreg\u00f3 personer\u00edas jur\u00eddicas a asociaciones civiles | CVI NOTICIAS\" \/>\n<meta property=\"og:description\" content=\"Entregaron personer\u00edas jur\u00eddicas y regularizaron asociaciones civiles de Iguaz\u00fa en un acto realizado en el ITUREM.\" \/>\n<meta property=\"og:url\" content=\"https:\/\/cvinoticias.com\/v3\/acto-de-entrega-de-personeria-juridica-y-regularizacion-de-asociaciones-civiles-de-iguazu\/\" \/>\n<meta property=\"og:site_name\" content=\"CVI NOTICIAS\" \/>\n<meta property=\"article:publisher\" content=\"https:\/\/www.facebook.com\/cvinoticias\" \/>\n<meta property=\"article:published_time\" content=\"2025-12-26T23:15:32+00:00\" \/>\n<meta property=\"article:modified_time\" content=\"2025-12-28T15:38:54+00:00\" \/>\n<meta property=\"og:image\" content=\"https:\/\/cvinoticias.com\/wp-content\/uploads\/2025\/12\/1-50.jpeg\" \/>\n\t<meta property=\"og:image:width\" content=\"1280\" \/>\n\t<meta property=\"og:image:height\" content=\"720\" \/>\n\t<meta property=\"og:image:type\" content=\"image\/jpeg\" \/>\n<meta name=\"author\" content=\"f1000024\" \/>\n<meta name=\"twitter:card\" content=\"summary_large_image\" \/>\n<meta name=\"twitter:label1\" content=\"Escrito por\" \/>\n\t<meta name=\"twitter:data1\" content=\"f1000024\" \/>\n\t<meta name=\"twitter:label2\" content=\"Tiempo de lectura\" \/>\n\t<meta name=\"twitter:data2\" content=\"3 minutos\" \/>\n<script type=\"application\/ld+json\" class=\"yoast-schema-graph\">{\"@context\":\"https:\\\/\\\/schema.org\",\"@graph\":[{\"@type\":\"Article\",\"@id\":\"https:\\\/\\\/cvinoticias.com\\\/v3\\\/acto-de-entrega-de-personeria-juridica-y-regularizacion-de-asociaciones-civiles-de-iguazu\\\/#article\",\"isPartOf\":{\"@id\":\"https:\\\/\\\/cvinoticias.com\\\/v3\\\/acto-de-entrega-de-personeria-juridica-y-regularizacion-de-asociaciones-civiles-de-iguazu\\\/\"},\"author\":{\"name\":\"f1000024\",\"@id\":\"https:\\\/\\\/cvinoticias.com\\\/v3\\\/#\\\/schema\\\/person\\\/2db77e3c6bc03c538495d7b2b8be9b66\"},\"headline\":\"Acto de entrega de personer\u00eda jur\u00eddica y regularizaci\u00f3n de asociaciones civiles de Iguaz\u00fa\",\"datePublished\":\"2025-12-26T23:15:32+00:00\",\"dateModified\":\"2025-12-28T15:38:54+00:00\",\"mainEntityOfPage\":{\"@id\":\"https:\\\/\\\/cvinoticias.com\\\/v3\\\/acto-de-entrega-de-personeria-juridica-y-regularizacion-de-asociaciones-civiles-de-iguazu\\\/\"},\"wordCount\":277,\"commentCount\":0,\"publisher\":{\"@id\":\"https:\\\/\\\/cvinoticias.com\\\/v3\\\/#organization\"},\"image\":{\"@id\":\"https:\\\/\\\/cvinoticias.com\\\/v3\\\/acto-de-entrega-de-personeria-juridica-y-regularizacion-de-asociaciones-civiles-de-iguazu\\\/#primaryimage\"},\"thumbnailUrl\":\"https:\\\/\\\/cvinoticias.com\\\/wp-content\\\/uploads\\\/2025\\\/12\\\/1-50.jpeg\",\"keywords\":[\"acto\",\"jur\u00eddica\",\"personer\u00eda\"],\"articleSection\":[\"Sociedad\"],\"inLanguage\":\"es\",\"potentialAction\":[{\"@type\":\"CommentAction\",\"name\":\"Comment\",\"target\":[\"https:\\\/\\\/cvinoticias.com\\\/v3\\\/acto-de-entrega-de-personeria-juridica-y-regularizacion-de-asociaciones-civiles-de-iguazu\\\/#respond\"]}]},{\"@type\":\"WebPage\",\"@id\":\"https:\\\/\\\/cvinoticias.com\\\/v3\\\/acto-de-entrega-de-personeria-juridica-y-regularizacion-de-asociaciones-civiles-de-iguazu\\\/\",\"url\":\"https:\\\/\\\/cvinoticias.com\\\/v3\\\/acto-de-entrega-de-personeria-juridica-y-regularizacion-de-asociaciones-civiles-de-iguazu\\\/\",\"name\":\"Iguaz\u00fa entreg\u00f3 personer\u00edas jur\u00eddicas a asociaciones civiles | CVI NOTICIAS\",\"isPartOf\":{\"@id\":\"https:\\\/\\\/cvinoticias.com\\\/v3\\\/#website\"},\"primaryImageOfPage\":{\"@id\":\"https:\\\/\\\/cvinoticias.com\\\/v3\\\/acto-de-entrega-de-personeria-juridica-y-regularizacion-de-asociaciones-civiles-de-iguazu\\\/#primaryimage\"},\"image\":{\"@id\":\"https:\\\/\\\/cvinoticias.com\\\/v3\\\/acto-de-entrega-de-personeria-juridica-y-regularizacion-de-asociaciones-civiles-de-iguazu\\\/#primaryimage\"},\"thumbnailUrl\":\"https:\\\/\\\/cvinoticias.com\\\/wp-content\\\/uploads\\\/2025\\\/12\\\/1-50.jpeg\",\"datePublished\":\"2025-12-26T23:15:32+00:00\",\"dateModified\":\"2025-12-28T15:38:54+00:00\",\"description\":\"Entregaron personer\u00edas jur\u00eddicas y regularizaron asociaciones civiles de Iguaz\u00fa en un acto realizado en el ITUREM.\",\"breadcrumb\":{\"@id\":\"https:\\\/\\\/cvinoticias.com\\\/v3\\\/acto-de-entrega-de-personeria-juridica-y-regularizacion-de-asociaciones-civiles-de-iguazu\\\/#breadcrumb\"},\"inLanguage\":\"es\",\"potentialAction\":[{\"@type\":\"ReadAction\",\"target\":[\"https:\\\/\\\/cvinoticias.com\\\/v3\\\/acto-de-entrega-de-personeria-juridica-y-regularizacion-de-asociaciones-civiles-de-iguazu\\\/\"]}]},{\"@type\":\"ImageObject\",\"inLanguage\":\"es\",\"@id\":\"https:\\\/\\\/cvinoticias.com\\\/v3\\\/acto-de-entrega-de-personeria-juridica-y-regularizacion-de-asociaciones-civiles-de-iguazu\\\/#primaryimage\",\"url\":\"https:\\\/\\\/cvinoticias.com\\\/wp-content\\\/uploads\\\/2025\\\/12\\\/1-50.jpeg\",\"contentUrl\":\"https:\\\/\\\/cvinoticias.com\\\/wp-content\\\/uploads\\\/2025\\\/12\\\/1-50.jpeg\",\"width\":1280,\"height\":720},{\"@type\":\"BreadcrumbList\",\"@id\":\"https:\\\/\\\/cvinoticias.com\\\/v3\\\/acto-de-entrega-de-personeria-juridica-y-regularizacion-de-asociaciones-civiles-de-iguazu\\\/#breadcrumb\",\"itemListElement\":[{\"@type\":\"ListItem\",\"position\":1,\"name\":\"Portada\",\"item\":\"https:\\\/\\\/cvinoticias.com\\\/v3\\\/\"},{\"@type\":\"ListItem\",\"position\":2,\"name\":\"Acto de entrega de personer\u00eda jur\u00eddica y regularizaci\u00f3n de asociaciones civiles de Iguaz\u00fa\"}]},{\"@type\":\"WebSite\",\"@id\":\"https:\\\/\\\/cvinoticias.com\\\/v3\\\/#website\",\"url\":\"https:\\\/\\\/cvinoticias.com\\\/v3\\\/\",\"name\":\"CVI NOTICIAS\",\"description\":\"\",\"publisher\":{\"@id\":\"https:\\\/\\\/cvinoticias.com\\\/v3\\\/#organization\"},\"alternateName\":\"CVI\",\"potentialAction\":[{\"@type\":\"SearchAction\",\"target\":{\"@type\":\"EntryPoint\",\"urlTemplate\":\"https:\\\/\\\/cvinoticias.com\\\/v3\\\/?s={search_term_string}\"},\"query-input\":{\"@type\":\"PropertyValueSpecification\",\"valueRequired\":true,\"valueName\":\"search_term_string\"}}],\"inLanguage\":\"es\"},{\"@type\":\"Organization\",\"@id\":\"https:\\\/\\\/cvinoticias.com\\\/v3\\\/#organization\",\"name\":\"CVI NOTICIAS\",\"url\":\"https:\\\/\\\/cvinoticias.com\\\/v3\\\/\",\"logo\":{\"@type\":\"ImageObject\",\"inLanguage\":\"es\",\"@id\":\"https:\\\/\\\/cvinoticias.com\\\/v3\\\/#\\\/schema\\\/logo\\\/image\\\/\",\"url\":\"https:\\\/\\\/cvinoticias.com\\\/wp-content\\\/uploads\\\/2023\\\/04\\\/cropped-cropped-cropped-cropped-cropped-3-1.png\",\"contentUrl\":\"https:\\\/\\\/cvinoticias.com\\\/wp-content\\\/uploads\\\/2023\\\/04\\\/cropped-cropped-cropped-cropped-cropped-3-1.png\",\"width\":95,\"height\":122,\"caption\":\"CVI NOTICIAS\"},\"image\":{\"@id\":\"https:\\\/\\\/cvinoticias.com\\\/v3\\\/#\\\/schema\\\/logo\\\/image\\\/\"},\"sameAs\":[\"https:\\\/\\\/www.facebook.com\\\/cvinoticias\",\"https:\\\/\\\/www.instagram.com\\\/cvinoticias\\\/\",\"https:\\\/\\\/www.youtube.com\\\/@CVINOTICIAS\"]},{\"@type\":\"Person\",\"@id\":\"https:\\\/\\\/cvinoticias.com\\\/v3\\\/#\\\/schema\\\/person\\\/2db77e3c6bc03c538495d7b2b8be9b66\",\"name\":\"f1000024\",\"image\":{\"@type\":\"ImageObject\",\"inLanguage\":\"es\",\"@id\":\"https:\\\/\\\/secure.gravatar.com\\\/avatar\\\/d4fe7459cfc51ff5129ce1a732bbef5928568b8092d412ef95611616376bbeed?s=96&d=mm&r=g\",\"url\":\"https:\\\/\\\/secure.gravatar.com\\\/avatar\\\/d4fe7459cfc51ff5129ce1a732bbef5928568b8092d412ef95611616376bbeed?s=96&d=mm&r=g\",\"contentUrl\":\"https:\\\/\\\/secure.gravatar.com\\\/avatar\\\/d4fe7459cfc51ff5129ce1a732bbef5928568b8092d412ef95611616376bbeed?s=96&d=mm&r=g\",\"caption\":\"f1000024\"},\"url\":\"https:\\\/\\\/cvinoticias.com\\\/v3\\\/author\\\/f1000024\\\/\"}]}<\/script>\n<!-- \/ Yoast SEO plugin. -->","yoast_head_json":{"title":"Iguaz\u00fa entreg\u00f3 personer\u00edas jur\u00eddicas a asociaciones civiles | CVI NOTICIAS","description":"Entregaron personer\u00edas jur\u00eddicas y regularizaron asociaciones civiles de Iguaz\u00fa en un acto realizado en el ITUREM.","robots":{"index":"index","follow":"follow","max-snippet":"max-snippet:-1","max-image-preview":"max-image-preview:large","max-video-preview":"max-video-preview:-1"},"canonical":"https:\/\/cvinoticias.com\/v3\/acto-de-entrega-de-personeria-juridica-y-regularizacion-de-asociaciones-civiles-de-iguazu\/","og_locale":"es_ES","og_type":"article","og_title":"Iguaz\u00fa entreg\u00f3 personer\u00edas jur\u00eddicas a asociaciones civiles | CVI NOTICIAS","og_description":"Entregaron personer\u00edas jur\u00eddicas y regularizaron asociaciones civiles de Iguaz\u00fa en un acto realizado en el ITUREM.","og_url":"https:\/\/cvinoticias.com\/v3\/acto-de-entrega-de-personeria-juridica-y-regularizacion-de-asociaciones-civiles-de-iguazu\/","og_site_name":"CVI NOTICIAS","article_publisher":"https:\/\/www.facebook.com\/cvinoticias","article_published_time":"2025-12-26T23:15:32+00:00","article_modified_time":"2025-12-28T15:38:54+00:00","og_image":[{"width":1280,"height":720,"url":"https:\/\/cvinoticias.com\/wp-content\/uploads\/2025\/12\/1-50.jpeg","type":"image\/jpeg"}],"author":"f1000024","twitter_card":"summary_large_image","twitter_misc":{"Escrito por":"f1000024","Tiempo de lectura":"3 minutos"},"schema":{"@context":"https:\/\/schema.org","@graph":[{"@type":"Article","@id":"https:\/\/cvinoticias.com\/v3\/acto-de-entrega-de-personeria-juridica-y-regularizacion-de-asociaciones-civiles-de-iguazu\/#article","isPartOf":{"@id":"https:\/\/cvinoticias.com\/v3\/acto-de-entrega-de-personeria-juridica-y-regularizacion-de-asociaciones-civiles-de-iguazu\/"},"author":{"name":"f1000024","@id":"https:\/\/cvinoticias.com\/v3\/#\/schema\/person\/2db77e3c6bc03c538495d7b2b8be9b66"},"headline":"Acto de entrega de personer\u00eda jur\u00eddica y regularizaci\u00f3n de asociaciones civiles de Iguaz\u00fa","datePublished":"2025-12-26T23:15:32+00:00","dateModified":"2025-12-28T15:38:54+00:00","mainEntityOfPage":{"@id":"https:\/\/cvinoticias.com\/v3\/acto-de-entrega-de-personeria-juridica-y-regularizacion-de-asociaciones-civiles-de-iguazu\/"},"wordCount":277,"commentCount":0,"publisher":{"@id":"https:\/\/cvinoticias.com\/v3\/#organization"},"image":{"@id":"https:\/\/cvinoticias.com\/v3\/acto-de-entrega-de-personeria-juridica-y-regularizacion-de-asociaciones-civiles-de-iguazu\/#primaryimage"},"thumbnailUrl":"https:\/\/cvinoticias.com\/wp-content\/uploads\/2025\/12\/1-50.jpeg","keywords":["acto","jur\u00eddica","personer\u00eda"],"articleSection":["Sociedad"],"inLanguage":"es","potentialAction":[{"@type":"CommentAction","name":"Comment","target":["https:\/\/cvinoticias.com\/v3\/acto-de-entrega-de-personeria-juridica-y-regularizacion-de-asociaciones-civiles-de-iguazu\/#respond"]}]},{"@type":"WebPage","@id":"https:\/\/cvinoticias.com\/v3\/acto-de-entrega-de-personeria-juridica-y-regularizacion-de-asociaciones-civiles-de-iguazu\/","url":"https:\/\/cvinoticias.com\/v3\/acto-de-entrega-de-personeria-juridica-y-regularizacion-de-asociaciones-civiles-de-iguazu\/","name":"Iguaz\u00fa entreg\u00f3 personer\u00edas jur\u00eddicas a asociaciones civiles | CVI NOTICIAS","isPartOf":{"@id":"https:\/\/cvinoticias.com\/v3\/#website"},"primaryImageOfPage":{"@id":"https:\/\/cvinoticias.com\/v3\/acto-de-entrega-de-personeria-juridica-y-regularizacion-de-asociaciones-civiles-de-iguazu\/#primaryimage"},"image":{"@id":"https:\/\/cvinoticias.com\/v3\/acto-de-entrega-de-personeria-juridica-y-regularizacion-de-asociaciones-civiles-de-iguazu\/#primaryimage"},"thumbnailUrl":"https:\/\/cvinoticias.com\/wp-content\/uploads\/2025\/12\/1-50.jpeg","datePublished":"2025-12-26T23:15:32+00:00","dateModified":"2025-12-28T15:38:54+00:00","description":"Entregaron personer\u00edas jur\u00eddicas y regularizaron asociaciones civiles de Iguaz\u00fa en un acto realizado en el ITUREM.","breadcrumb":{"@id":"https:\/\/cvinoticias.com\/v3\/acto-de-entrega-de-personeria-juridica-y-regularizacion-de-asociaciones-civiles-de-iguazu\/#breadcrumb"},"inLanguage":"es","potentialAction":[{"@type":"ReadAction","target":["https:\/\/cvinoticias.com\/v3\/acto-de-entrega-de-personeria-juridica-y-regularizacion-de-asociaciones-civiles-de-iguazu\/"]}]},{"@type":"ImageObject","inLanguage":"es","@id":"https:\/\/cvinoticias.com\/v3\/acto-de-entrega-de-personeria-juridica-y-regularizacion-de-asociaciones-civiles-de-iguazu\/#primaryimage","url":"https:\/\/cvinoticias.com\/wp-content\/uploads\/2025\/12\/1-50.jpeg","contentUrl":"https:\/\/cvinoticias.com\/wp-content\/uploads\/2025\/12\/1-50.jpeg","width":1280,"height":720},{"@type":"BreadcrumbList","@id":"https:\/\/cvinoticias.com\/v3\/acto-de-entrega-de-personeria-juridica-y-regularizacion-de-asociaciones-civiles-de-iguazu\/#breadcrumb","itemListElement":[{"@type":"ListItem","position":1,"name":"Portada","item":"https:\/\/cvinoticias.com\/v3\/"},{"@type":"ListItem","position":2,"name":"Acto de entrega de personer\u00eda jur\u00eddica y regularizaci\u00f3n de asociaciones civiles de Iguaz\u00fa"}]},{"@type":"WebSite","@id":"https:\/\/cvinoticias.com\/v3\/#website","url":"https:\/\/cvinoticias.com\/v3\/","name":"CVI NOTICIAS","description":"","publisher":{"@id":"https:\/\/cvinoticias.com\/v3\/#organization"},"alternateName":"CVI","potentialAction":[{"@type":"SearchAction","target":{"@type":"EntryPoint","urlTemplate":"https:\/\/cvinoticias.com\/v3\/?s={search_term_string}"},"query-input":{"@type":"PropertyValueSpecification","valueRequired":true,"valueName":"search_term_string"}}],"inLanguage":"es"},{"@type":"Organization","@id":"https:\/\/cvinoticias.com\/v3\/#organization","name":"CVI NOTICIAS","url":"https:\/\/cvinoticias.com\/v3\/","logo":{"@type":"ImageObject","inLanguage":"es","@id":"https:\/\/cvinoticias.com\/v3\/#\/schema\/logo\/image\/","url":"https:\/\/cvinoticias.com\/wp-content\/uploads\/2023\/04\/cropped-cropped-cropped-cropped-cropped-3-1.png","contentUrl":"https:\/\/cvinoticias.com\/wp-content\/uploads\/2023\/04\/cropped-cropped-cropped-cropped-cropped-3-1.png","width":95,"height":122,"caption":"CVI NOTICIAS"},"image":{"@id":"https:\/\/cvinoticias.com\/v3\/#\/schema\/logo\/image\/"},"sameAs":["https:\/\/www.facebook.com\/cvinoticias","https:\/\/www.instagram.com\/cvinoticias\/","https:\/\/www.youtube.com\/@CVINOTICIAS"]},{"@type":"Person","@id":"https:\/\/cvinoticias.com\/v3\/#\/schema\/person\/2db77e3c6bc03c538495d7b2b8be9b66","name":"f1000024","image":{"@type":"ImageObject","inLanguage":"es","@id":"https:\/\/secure.gravatar.com\/avatar\/d4fe7459cfc51ff5129ce1a732bbef5928568b8092d412ef95611616376bbeed?s=96&d=mm&r=g","url":"https:\/\/secure.gravatar.com\/avatar\/d4fe7459cfc51ff5129ce1a732bbef5928568b8092d412ef95611616376bbeed?s=96&d=mm&r=g","contentUrl":"https:\/\/secure.gravatar.com\/avatar\/d4fe7459cfc51ff5129ce1a732bbef5928568b8092d412ef95611616376bbeed?s=96&d=mm&r=g","caption":"f1000024"},"url":"https:\/\/cvinoticias.com\/v3\/author\/f1000024\/"}]}},"_links":{"self":[{"href":"https:\/\/cvinoticias.com\/v3\/wp-json\/wp\/v2\/posts\/53123","targetHints":{"allow":["GET"]}}],"collection":[{"href":"https:\/\/cvinoticias.com\/v3\/wp-json\/wp\/v2\/posts"}],"about":[{"href":"https:\/\/cvinoticias.com\/v3\/wp-json\/wp\/v2\/types\/post"}],"author":[{"embeddable":true,"href":"https:\/\/cvinoticias.com\/v3\/wp-json\/wp\/v2\/users\/2"}],"replies":[{"embeddable":true,"href":"https:\/\/cvinoticias.com\/v3\/wp-json\/wp\/v2\/comments?post=53123"}],"version-history":[{"count":1,"href":"https:\/\/cvinoticias.com\/v3\/wp-json\/wp\/v2\/posts\/53123\/revisions"}],"predecessor-version":[{"id":53132,"href":"https:\/\/cvinoticias.com\/v3\/wp-json\/wp\/v2\/posts\/53123\/revisions\/53132"}],"wp:featuredmedia":[{"embeddable":true,"href":"https:\/\/cvinoticias.com\/v3\/wp-json\/wp\/v2\/media\/53125"}],"wp:attachment":[{"href":"https:\/\/cvinoticias.com\/v3\/wp-json\/wp\/v2\/media?parent=53123"}],"wp:term":[{"taxonomy":"category","embeddable":true,"href":"https:\/\/cvinoticias.com\/v3\/wp-json\/wp\/v2\/categories?post=53123"},{"taxonomy":"post_tag","embeddable":true,"href":"https:\/\/cvinoticias.com\/v3\/wp-json\/wp\/v2\/tags?post=53123"}],"curies":[{"name":"wp","href":"https:\/\/api.w.org\/{rel}","templated":true}]}}