{"id":53090,"date":"2025-12-25T13:01:49","date_gmt":"2025-12-25T16:01:49","guid":{"rendered":"https:\/\/cvinoticias.com\/v3\/?p=53090"},"modified":"2025-12-28T11:18:18","modified_gmt":"2025-12-28T14:18:18","slug":"navidad-en-cataratas-llego-el-visitante-1-500-000","status":"publish","type":"post","link":"https:\/\/cvinoticias.com\/v3\/navidad-en-cataratas-llego-el-visitante-1-500-000\/","title":{"rendered":"Navidad en Cataratas: lleg\u00f3 el visitante 1.500.000"},"content":{"rendered":"\n<p>El Parque Nacional Iguaz\u00fa y el \u00c1rea Cataratas celebraron la Navidad con la llegada de su visitante n\u00famero 1.500.000 en 2025, un hito que refleja el crecimiento sostenido del turismo en la regi\u00f3n. Las estad\u00edsticas muestran una diversidad de procedencias: argentinos de distintas provincias, misioneros, brasile\u00f1os y turistas internacionales que consolidan a las Cataratas como uno de los destinos m\u00e1s elegidos del mundo. El flujo de visitantes extranjeros, especialmente de pa\u00edses del Mercosur, se complementa con un fuerte aporte nacional, donde residentes locales y jubilados tambi\u00e9n forman parte de este r\u00e9cord hist\u00f3rico.<\/p>\n\n\n\n<p>Este logro est\u00e1 acompa\u00f1ado de un plan de mejoras en infraestructura y mantenimiento de los espacios, que garantizan excelencia y disfrute en cada visita. Se han reforzado senderos, \u00e1reas de descanso y servicios, con el objetivo de preservar la experiencia de contemplar las Cataratas en un entorno seguro y cuidado. La combinaci\u00f3n de r\u00e9cord tur\u00edstico y compromiso con la calidad convierte al Parque Nacional Iguaz\u00fa en un referente mundial de conservaci\u00f3n y hospitalidad.<\/p>\n","protected":false},"excerpt":{"rendered":"<p>El Parque Nacional Iguaz\u00fa y el \u00c1rea Cataratas celebraron la Navidad con la llegada de su visitante n\u00famero 1.500.000 en 2025, un hito que refleja el crecimiento sostenido del turismo en la regi\u00f3n. Las estad\u00edsticas muestran una diversidad de procedencias: argentinos de distintas provincias, misioneros, brasile\u00f1os y turistas internacionales que consolidan a las Cataratas como [&hellip;]<\/p>\n","protected":false},"author":2,"featured_media":53091,"comment_status":"open","ping_status":"closed","sticky":false,"template":"","format":"standard","meta":{"footnotes":""},"categories":[50],"tags":[74,76,1801,3656],"class_list":["post-53090","post","type-post","status-publish","format-standard","has-post-thumbnail","hentry","category-turismo","tag-cataratas","tag-navidad","tag-record","tag-visitante"],"yoast_head":"<!-- This site is optimized with the Yoast SEO plugin v27.5 - https:\/\/yoast.com\/product\/yoast-seo-wordpress\/ -->\n<title>Navidad en Cataratas: lleg\u00f3 el visitante 1.500.000 | CVI NOTICIAS<\/title>\n<meta name=\"description\" content=\"Cataratas celebr\u00f3 la Navidad con la llegada del visitante 1.500.000 y un r\u00e9cord tur\u00edstico hist\u00f3rico en 2025.\" \/>\n<meta name=\"robots\" content=\"index, follow, max-snippet:-1, max-image-preview:large, max-video-preview:-1\" \/>\n<link rel=\"canonical\" href=\"https:\/\/cvinoticias.com\/v3\/navidad-en-cataratas-llego-el-visitante-1-500-000\/\" \/>\n<meta property=\"og:locale\" content=\"es_ES\" \/>\n<meta property=\"og:type\" content=\"article\" \/>\n<meta property=\"og:title\" content=\"Navidad en Cataratas: lleg\u00f3 el visitante 1.500.000 | CVI NOTICIAS\" \/>\n<meta property=\"og:description\" content=\"Cataratas celebr\u00f3 la Navidad con la llegada del visitante 1.500.000 y un r\u00e9cord tur\u00edstico hist\u00f3rico en 2025.\" \/>\n<meta property=\"og:url\" content=\"https:\/\/cvinoticias.com\/v3\/navidad-en-cataratas-llego-el-visitante-1-500-000\/\" \/>\n<meta property=\"og:site_name\" content=\"CVI NOTICIAS\" \/>\n<meta property=\"article:publisher\" content=\"https:\/\/www.facebook.com\/cvinoticias\" \/>\n<meta property=\"article:published_time\" content=\"2025-12-25T16:01:49+00:00\" \/>\n<meta property=\"article:modified_time\" content=\"2025-12-28T14:18:18+00:00\" \/>\n<meta property=\"og:image\" content=\"https:\/\/cvinoticias.com\/wp-content\/uploads\/2025\/12\/cataratas.jpeg\" \/>\n\t<meta property=\"og:image:width\" content=\"1600\" \/>\n\t<meta property=\"og:image:height\" content=\"1600\" \/>\n\t<meta property=\"og:image:type\" content=\"image\/jpeg\" \/>\n<meta name=\"author\" content=\"f1000024\" \/>\n<meta name=\"twitter:card\" content=\"summary_large_image\" \/>\n<meta name=\"twitter:label1\" content=\"Escrito por\" \/>\n\t<meta name=\"twitter:data1\" content=\"f1000024\" \/>\n\t<meta name=\"twitter:label2\" content=\"Tiempo de lectura\" \/>\n\t<meta name=\"twitter:data2\" content=\"1 minuto\" \/>\n<script type=\"application\/ld+json\" class=\"yoast-schema-graph\">{\"@context\":\"https:\\\/\\\/schema.org\",\"@graph\":[{\"@type\":\"Article\",\"@id\":\"https:\\\/\\\/cvinoticias.com\\\/v3\\\/navidad-en-cataratas-llego-el-visitante-1-500-000\\\/#article\",\"isPartOf\":{\"@id\":\"https:\\\/\\\/cvinoticias.com\\\/v3\\\/navidad-en-cataratas-llego-el-visitante-1-500-000\\\/\"},\"author\":{\"name\":\"f1000024\",\"@id\":\"https:\\\/\\\/cvinoticias.com\\\/v3\\\/#\\\/schema\\\/person\\\/2db77e3c6bc03c538495d7b2b8be9b66\"},\"headline\":\"Navidad en Cataratas: lleg\u00f3 el visitante 1.500.000\",\"datePublished\":\"2025-12-25T16:01:49+00:00\",\"dateModified\":\"2025-12-28T14:18:18+00:00\",\"mainEntityOfPage\":{\"@id\":\"https:\\\/\\\/cvinoticias.com\\\/v3\\\/navidad-en-cataratas-llego-el-visitante-1-500-000\\\/\"},\"wordCount\":183,\"commentCount\":0,\"publisher\":{\"@id\":\"https:\\\/\\\/cvinoticias.com\\\/v3\\\/#organization\"},\"image\":{\"@id\":\"https:\\\/\\\/cvinoticias.com\\\/v3\\\/navidad-en-cataratas-llego-el-visitante-1-500-000\\\/#primaryimage\"},\"thumbnailUrl\":\"https:\\\/\\\/cvinoticias.com\\\/wp-content\\\/uploads\\\/2025\\\/12\\\/cataratas.jpeg\",\"keywords\":[\"cataratas\",\"navidad\",\"Record\",\"visitante\"],\"articleSection\":[\"Turismo\"],\"inLanguage\":\"es\",\"potentialAction\":[{\"@type\":\"CommentAction\",\"name\":\"Comment\",\"target\":[\"https:\\\/\\\/cvinoticias.com\\\/v3\\\/navidad-en-cataratas-llego-el-visitante-1-500-000\\\/#respond\"]}]},{\"@type\":\"WebPage\",\"@id\":\"https:\\\/\\\/cvinoticias.com\\\/v3\\\/navidad-en-cataratas-llego-el-visitante-1-500-000\\\/\",\"url\":\"https:\\\/\\\/cvinoticias.com\\\/v3\\\/navidad-en-cataratas-llego-el-visitante-1-500-000\\\/\",\"name\":\"Navidad en Cataratas: lleg\u00f3 el visitante 1.500.000 | CVI NOTICIAS\",\"isPartOf\":{\"@id\":\"https:\\\/\\\/cvinoticias.com\\\/v3\\\/#website\"},\"primaryImageOfPage\":{\"@id\":\"https:\\\/\\\/cvinoticias.com\\\/v3\\\/navidad-en-cataratas-llego-el-visitante-1-500-000\\\/#primaryimage\"},\"image\":{\"@id\":\"https:\\\/\\\/cvinoticias.com\\\/v3\\\/navidad-en-cataratas-llego-el-visitante-1-500-000\\\/#primaryimage\"},\"thumbnailUrl\":\"https:\\\/\\\/cvinoticias.com\\\/wp-content\\\/uploads\\\/2025\\\/12\\\/cataratas.jpeg\",\"datePublished\":\"2025-12-25T16:01:49+00:00\",\"dateModified\":\"2025-12-28T14:18:18+00:00\",\"description\":\"Cataratas celebr\u00f3 la Navidad con la llegada del visitante 1.500.000 y un r\u00e9cord tur\u00edstico hist\u00f3rico en 2025.\",\"breadcrumb\":{\"@id\":\"https:\\\/\\\/cvinoticias.com\\\/v3\\\/navidad-en-cataratas-llego-el-visitante-1-500-000\\\/#breadcrumb\"},\"inLanguage\":\"es\",\"potentialAction\":[{\"@type\":\"ReadAction\",\"target\":[\"https:\\\/\\\/cvinoticias.com\\\/v3\\\/navidad-en-cataratas-llego-el-visitante-1-500-000\\\/\"]}]},{\"@type\":\"ImageObject\",\"inLanguage\":\"es\",\"@id\":\"https:\\\/\\\/cvinoticias.com\\\/v3\\\/navidad-en-cataratas-llego-el-visitante-1-500-000\\\/#primaryimage\",\"url\":\"https:\\\/\\\/cvinoticias.com\\\/wp-content\\\/uploads\\\/2025\\\/12\\\/cataratas.jpeg\",\"contentUrl\":\"https:\\\/\\\/cvinoticias.com\\\/wp-content\\\/uploads\\\/2025\\\/12\\\/cataratas.jpeg\",\"width\":1600,\"height\":1600},{\"@type\":\"BreadcrumbList\",\"@id\":\"https:\\\/\\\/cvinoticias.com\\\/v3\\\/navidad-en-cataratas-llego-el-visitante-1-500-000\\\/#breadcrumb\",\"itemListElement\":[{\"@type\":\"ListItem\",\"position\":1,\"name\":\"Portada\",\"item\":\"https:\\\/\\\/cvinoticias.com\\\/v3\\\/\"},{\"@type\":\"ListItem\",\"position\":2,\"name\":\"Navidad en Cataratas: lleg\u00f3 el visitante 1.500.000\"}]},{\"@type\":\"WebSite\",\"@id\":\"https:\\\/\\\/cvinoticias.com\\\/v3\\\/#website\",\"url\":\"https:\\\/\\\/cvinoticias.com\\\/v3\\\/\",\"name\":\"CVI NOTICIAS\",\"description\":\"\",\"publisher\":{\"@id\":\"https:\\\/\\\/cvinoticias.com\\\/v3\\\/#organization\"},\"alternateName\":\"CVI\",\"potentialAction\":[{\"@type\":\"SearchAction\",\"target\":{\"@type\":\"EntryPoint\",\"urlTemplate\":\"https:\\\/\\\/cvinoticias.com\\\/v3\\\/?s={search_term_string}\"},\"query-input\":{\"@type\":\"PropertyValueSpecification\",\"valueRequired\":true,\"valueName\":\"search_term_string\"}}],\"inLanguage\":\"es\"},{\"@type\":\"Organization\",\"@id\":\"https:\\\/\\\/cvinoticias.com\\\/v3\\\/#organization\",\"name\":\"CVI NOTICIAS\",\"url\":\"https:\\\/\\\/cvinoticias.com\\\/v3\\\/\",\"logo\":{\"@type\":\"ImageObject\",\"inLanguage\":\"es\",\"@id\":\"https:\\\/\\\/cvinoticias.com\\\/v3\\\/#\\\/schema\\\/logo\\\/image\\\/\",\"url\":\"https:\\\/\\\/cvinoticias.com\\\/wp-content\\\/uploads\\\/2023\\\/04\\\/cropped-cropped-cropped-cropped-cropped-3-1.png\",\"contentUrl\":\"https:\\\/\\\/cvinoticias.com\\\/wp-content\\\/uploads\\\/2023\\\/04\\\/cropped-cropped-cropped-cropped-cropped-3-1.png\",\"width\":95,\"height\":122,\"caption\":\"CVI NOTICIAS\"},\"image\":{\"@id\":\"https:\\\/\\\/cvinoticias.com\\\/v3\\\/#\\\/schema\\\/logo\\\/image\\\/\"},\"sameAs\":[\"https:\\\/\\\/www.facebook.com\\\/cvinoticias\",\"https:\\\/\\\/www.instagram.com\\\/cvinoticias\\\/\",\"https:\\\/\\\/www.youtube.com\\\/@CVINOTICIAS\"]},{\"@type\":\"Person\",\"@id\":\"https:\\\/\\\/cvinoticias.com\\\/v3\\\/#\\\/schema\\\/person\\\/2db77e3c6bc03c538495d7b2b8be9b66\",\"name\":\"f1000024\",\"image\":{\"@type\":\"ImageObject\",\"inLanguage\":\"es\",\"@id\":\"https:\\\/\\\/secure.gravatar.com\\\/avatar\\\/d4fe7459cfc51ff5129ce1a732bbef5928568b8092d412ef95611616376bbeed?s=96&d=mm&r=g\",\"url\":\"https:\\\/\\\/secure.gravatar.com\\\/avatar\\\/d4fe7459cfc51ff5129ce1a732bbef5928568b8092d412ef95611616376bbeed?s=96&d=mm&r=g\",\"contentUrl\":\"https:\\\/\\\/secure.gravatar.com\\\/avatar\\\/d4fe7459cfc51ff5129ce1a732bbef5928568b8092d412ef95611616376bbeed?s=96&d=mm&r=g\",\"caption\":\"f1000024\"},\"url\":\"https:\\\/\\\/cvinoticias.com\\\/v3\\\/author\\\/f1000024\\\/\"}]}<\/script>\n<!-- \/ Yoast SEO plugin. -->","yoast_head_json":{"title":"Navidad en Cataratas: lleg\u00f3 el visitante 1.500.000 | CVI NOTICIAS","description":"Cataratas celebr\u00f3 la Navidad con la llegada del visitante 1.500.000 y un r\u00e9cord tur\u00edstico hist\u00f3rico en 2025.","robots":{"index":"index","follow":"follow","max-snippet":"max-snippet:-1","max-image-preview":"max-image-preview:large","max-video-preview":"max-video-preview:-1"},"canonical":"https:\/\/cvinoticias.com\/v3\/navidad-en-cataratas-llego-el-visitante-1-500-000\/","og_locale":"es_ES","og_type":"article","og_title":"Navidad en Cataratas: lleg\u00f3 el visitante 1.500.000 | CVI NOTICIAS","og_description":"Cataratas celebr\u00f3 la Navidad con la llegada del visitante 1.500.000 y un r\u00e9cord tur\u00edstico hist\u00f3rico en 2025.","og_url":"https:\/\/cvinoticias.com\/v3\/navidad-en-cataratas-llego-el-visitante-1-500-000\/","og_site_name":"CVI NOTICIAS","article_publisher":"https:\/\/www.facebook.com\/cvinoticias","article_published_time":"2025-12-25T16:01:49+00:00","article_modified_time":"2025-12-28T14:18:18+00:00","og_image":[{"width":1600,"height":1600,"url":"https:\/\/cvinoticias.com\/wp-content\/uploads\/2025\/12\/cataratas.jpeg","type":"image\/jpeg"}],"author":"f1000024","twitter_card":"summary_large_image","twitter_misc":{"Escrito por":"f1000024","Tiempo de lectura":"1 minuto"},"schema":{"@context":"https:\/\/schema.org","@graph":[{"@type":"Article","@id":"https:\/\/cvinoticias.com\/v3\/navidad-en-cataratas-llego-el-visitante-1-500-000\/#article","isPartOf":{"@id":"https:\/\/cvinoticias.com\/v3\/navidad-en-cataratas-llego-el-visitante-1-500-000\/"},"author":{"name":"f1000024","@id":"https:\/\/cvinoticias.com\/v3\/#\/schema\/person\/2db77e3c6bc03c538495d7b2b8be9b66"},"headline":"Navidad en Cataratas: lleg\u00f3 el visitante 1.500.000","datePublished":"2025-12-25T16:01:49+00:00","dateModified":"2025-12-28T14:18:18+00:00","mainEntityOfPage":{"@id":"https:\/\/cvinoticias.com\/v3\/navidad-en-cataratas-llego-el-visitante-1-500-000\/"},"wordCount":183,"commentCount":0,"publisher":{"@id":"https:\/\/cvinoticias.com\/v3\/#organization"},"image":{"@id":"https:\/\/cvinoticias.com\/v3\/navidad-en-cataratas-llego-el-visitante-1-500-000\/#primaryimage"},"thumbnailUrl":"https:\/\/cvinoticias.com\/wp-content\/uploads\/2025\/12\/cataratas.jpeg","keywords":["cataratas","navidad","Record","visitante"],"articleSection":["Turismo"],"inLanguage":"es","potentialAction":[{"@type":"CommentAction","name":"Comment","target":["https:\/\/cvinoticias.com\/v3\/navidad-en-cataratas-llego-el-visitante-1-500-000\/#respond"]}]},{"@type":"WebPage","@id":"https:\/\/cvinoticias.com\/v3\/navidad-en-cataratas-llego-el-visitante-1-500-000\/","url":"https:\/\/cvinoticias.com\/v3\/navidad-en-cataratas-llego-el-visitante-1-500-000\/","name":"Navidad en Cataratas: lleg\u00f3 el visitante 1.500.000 | CVI NOTICIAS","isPartOf":{"@id":"https:\/\/cvinoticias.com\/v3\/#website"},"primaryImageOfPage":{"@id":"https:\/\/cvinoticias.com\/v3\/navidad-en-cataratas-llego-el-visitante-1-500-000\/#primaryimage"},"image":{"@id":"https:\/\/cvinoticias.com\/v3\/navidad-en-cataratas-llego-el-visitante-1-500-000\/#primaryimage"},"thumbnailUrl":"https:\/\/cvinoticias.com\/wp-content\/uploads\/2025\/12\/cataratas.jpeg","datePublished":"2025-12-25T16:01:49+00:00","dateModified":"2025-12-28T14:18:18+00:00","description":"Cataratas celebr\u00f3 la Navidad con la llegada del visitante 1.500.000 y un r\u00e9cord tur\u00edstico hist\u00f3rico en 2025.","breadcrumb":{"@id":"https:\/\/cvinoticias.com\/v3\/navidad-en-cataratas-llego-el-visitante-1-500-000\/#breadcrumb"},"inLanguage":"es","potentialAction":[{"@type":"ReadAction","target":["https:\/\/cvinoticias.com\/v3\/navidad-en-cataratas-llego-el-visitante-1-500-000\/"]}]},{"@type":"ImageObject","inLanguage":"es","@id":"https:\/\/cvinoticias.com\/v3\/navidad-en-cataratas-llego-el-visitante-1-500-000\/#primaryimage","url":"https:\/\/cvinoticias.com\/wp-content\/uploads\/2025\/12\/cataratas.jpeg","contentUrl":"https:\/\/cvinoticias.com\/wp-content\/uploads\/2025\/12\/cataratas.jpeg","width":1600,"height":1600},{"@type":"BreadcrumbList","@id":"https:\/\/cvinoticias.com\/v3\/navidad-en-cataratas-llego-el-visitante-1-500-000\/#breadcrumb","itemListElement":[{"@type":"ListItem","position":1,"name":"Portada","item":"https:\/\/cvinoticias.com\/v3\/"},{"@type":"ListItem","position":2,"name":"Navidad en Cataratas: lleg\u00f3 el visitante 1.500.000"}]},{"@type":"WebSite","@id":"https:\/\/cvinoticias.com\/v3\/#website","url":"https:\/\/cvinoticias.com\/v3\/","name":"CVI NOTICIAS","description":"","publisher":{"@id":"https:\/\/cvinoticias.com\/v3\/#organization"},"alternateName":"CVI","potentialAction":[{"@type":"SearchAction","target":{"@type":"EntryPoint","urlTemplate":"https:\/\/cvinoticias.com\/v3\/?s={search_term_string}"},"query-input":{"@type":"PropertyValueSpecification","valueRequired":true,"valueName":"search_term_string"}}],"inLanguage":"es"},{"@type":"Organization","@id":"https:\/\/cvinoticias.com\/v3\/#organization","name":"CVI NOTICIAS","url":"https:\/\/cvinoticias.com\/v3\/","logo":{"@type":"ImageObject","inLanguage":"es","@id":"https:\/\/cvinoticias.com\/v3\/#\/schema\/logo\/image\/","url":"https:\/\/cvinoticias.com\/wp-content\/uploads\/2023\/04\/cropped-cropped-cropped-cropped-cropped-3-1.png","contentUrl":"https:\/\/cvinoticias.com\/wp-content\/uploads\/2023\/04\/cropped-cropped-cropped-cropped-cropped-3-1.png","width":95,"height":122,"caption":"CVI NOTICIAS"},"image":{"@id":"https:\/\/cvinoticias.com\/v3\/#\/schema\/logo\/image\/"},"sameAs":["https:\/\/www.facebook.com\/cvinoticias","https:\/\/www.instagram.com\/cvinoticias\/","https:\/\/www.youtube.com\/@CVINOTICIAS"]},{"@type":"Person","@id":"https:\/\/cvinoticias.com\/v3\/#\/schema\/person\/2db77e3c6bc03c538495d7b2b8be9b66","name":"f1000024","image":{"@type":"ImageObject","inLanguage":"es","@id":"https:\/\/secure.gravatar.com\/avatar\/d4fe7459cfc51ff5129ce1a732bbef5928568b8092d412ef95611616376bbeed?s=96&d=mm&r=g","url":"https:\/\/secure.gravatar.com\/avatar\/d4fe7459cfc51ff5129ce1a732bbef5928568b8092d412ef95611616376bbeed?s=96&d=mm&r=g","contentUrl":"https:\/\/secure.gravatar.com\/avatar\/d4fe7459cfc51ff5129ce1a732bbef5928568b8092d412ef95611616376bbeed?s=96&d=mm&r=g","caption":"f1000024"},"url":"https:\/\/cvinoticias.com\/v3\/author\/f1000024\/"}]}},"_links":{"self":[{"href":"https:\/\/cvinoticias.com\/v3\/wp-json\/wp\/v2\/posts\/53090","targetHints":{"allow":["GET"]}}],"collection":[{"href":"https:\/\/cvinoticias.com\/v3\/wp-json\/wp\/v2\/posts"}],"about":[{"href":"https:\/\/cvinoticias.com\/v3\/wp-json\/wp\/v2\/types\/post"}],"author":[{"embeddable":true,"href":"https:\/\/cvinoticias.com\/v3\/wp-json\/wp\/v2\/users\/2"}],"replies":[{"embeddable":true,"href":"https:\/\/cvinoticias.com\/v3\/wp-json\/wp\/v2\/comments?post=53090"}],"version-history":[{"count":1,"href":"https:\/\/cvinoticias.com\/v3\/wp-json\/wp\/v2\/posts\/53090\/revisions"}],"predecessor-version":[{"id":53092,"href":"https:\/\/cvinoticias.com\/v3\/wp-json\/wp\/v2\/posts\/53090\/revisions\/53092"}],"wp:featuredmedia":[{"embeddable":true,"href":"https:\/\/cvinoticias.com\/v3\/wp-json\/wp\/v2\/media\/53091"}],"wp:attachment":[{"href":"https:\/\/cvinoticias.com\/v3\/wp-json\/wp\/v2\/media?parent=53090"}],"wp:term":[{"taxonomy":"category","embeddable":true,"href":"https:\/\/cvinoticias.com\/v3\/wp-json\/wp\/v2\/categories?post=53090"},{"taxonomy":"post_tag","embeddable":true,"href":"https:\/\/cvinoticias.com\/v3\/wp-json\/wp\/v2\/tags?post=53090"}],"curies":[{"name":"wp","href":"https:\/\/api.w.org\/{rel}","templated":true}]}}