{"id":53073,"date":"2025-12-24T07:26:00","date_gmt":"2025-12-24T10:26:00","guid":{"rendered":"https:\/\/cvinoticias.com\/v3\/?p=53073"},"modified":"2025-12-24T07:26:01","modified_gmt":"2025-12-24T10:26:01","slug":"passalacqua-le-dio-la-bienvenida-al-nuevo-comandante-de-la-brigada-de-monte-xii","status":"publish","type":"post","link":"https:\/\/cvinoticias.com\/v3\/passalacqua-le-dio-la-bienvenida-al-nuevo-comandante-de-la-brigada-de-monte-xii\/","title":{"rendered":"Passalacqua le dio la bienvenida al nuevo comandante de la Brigada de Monte XII"},"content":{"rendered":"\n<p>El gobernador<strong>&nbsp;Hugo Passalacqua<\/strong>&nbsp;recibi\u00f3 al coronel&nbsp;<strong>Carlos Rodrigo Surraco<\/strong>, nuevo comandante de la<strong>&nbsp;XII Brigada de Monte<\/strong>, en el marco del proceso de recambio de autoridades dispuesto por el Ej\u00e9rcito Argentino. Del encuentro particip\u00f3 tambi\u00e9n el coronel mayor&nbsp;<strong>Carlos Julio Sanmill\u00e1n<\/strong>, comandante saliente de la brigada con asiento en la capital misionera.<\/p>\n\n\n\n<figure class=\"wp-block-image\"><img decoding=\"async\" data-src=\"https:\/\/www.canal12misiones.com\/wp-content\/uploads\/2025\/12\/image-376-1024x770.png\" alt=\"\" class=\"wp-image-621541 lazyload\" src=\"data:image\/svg+xml;base64,PHN2ZyB3aWR0aD0iMSIgaGVpZ2h0PSIxIiB4bWxucz0iaHR0cDovL3d3dy53My5vcmcvMjAwMC9zdmciPjwvc3ZnPg==\" style=\"--smush-placeholder-width: 1024px; --smush-placeholder-aspect-ratio: 1024\/770;\" \/><\/figure>\n\n\n\n<p>Durante la reuni\u00f3n, el mandatario dio la<strong>&nbsp;bienvenida formal al nuevo jefe militar<\/strong>&nbsp;y puso en valor el significado hist\u00f3rico e institucional de las unidades del Ej\u00e9rcito Argentino con presencia y arraigo en Misiones. En ese contexto, record\u00f3 que \u201cen la provincia confluyen dos tradiciones militares profundamente emblem\u00e1ticas: la de los Blandengues de Andresito, las milicias criollas comandadas por el caudillo guaran\u00ed Andr\u00e9s Guacurar\u00ed y Artigas a comienzos del siglo XIX, y la del Regimiento de Infanter\u00eda 1 \u2018Patricios\u2019, la unidad m\u00e1s antigua del Ej\u00e9rcito Argentino, creada en 1806\u201d.<\/p>\n\n\n\n<p>El funcionario destac\u00f3 que ambas referencias forman parte de<strong>&nbsp;la identidad hist\u00f3rica y federal del territorio misionero<\/strong>, y subray\u00f3 la continuidad institucional que une ese pasado con el presente del Ej\u00e9rcito en la provincia. Adem\u00e1s, la reuni\u00f3n se desarroll\u00f3 en un clima de cordialidad y respeto institucional, en el que se abordaron aspectos vinculados al rol del Ej\u00e9rcito Argentino en Misiones y a la continuidad del trabajo articulado con el Gobierno provincial.<\/p>\n\n\n\n<p>Al finalizar el encuentro, Passalacqua acompa\u00f1\u00f3 a las autoridades militares hasta la salida de Casa de Gobierno, comparti\u00f3 una breve rese\u00f1a sobre la historia del edificio y su significado como sede del Poder Ejecutivo provincial.<\/p>\n\n\n\n<figure class=\"wp-block-image\"><img decoding=\"async\" data-src=\"https:\/\/www.canal12misiones.com\/wp-content\/uploads\/2025\/12\/image-377-1024x768.png\" alt=\"\" class=\"wp-image-621542 lazyload\" src=\"data:image\/svg+xml;base64,PHN2ZyB3aWR0aD0iMSIgaGVpZ2h0PSIxIiB4bWxucz0iaHR0cDovL3d3dy53My5vcmcvMjAwMC9zdmciPjwvc3ZnPg==\" style=\"--smush-placeholder-width: 1024px; --smush-placeholder-aspect-ratio: 1024\/768;\" \/><\/figure>\n\n\n\n<h3 class=\"wp-block-heading\">El nuevo jefe de la XII Brigada de Monte<\/h3>\n\n\n\n<p>Carlos Rodrigo Surraco se desempe\u00f1\u00f3 durante dos a\u00f1os al frente del&nbsp;<strong>Regimiento de Artiller\u00eda 1 \u201cBrigadier General Tom\u00e1s de Iriarte\u201d<\/strong>, con asiento en Campo de Mayo, provincia de Buenos Aires. Tras esa funci\u00f3n, qued\u00f3 asignado como responsable de la XII Brigada de Monte. La designaci\u00f3n se enmarca en el proceso de reorganizaci\u00f3n dispuesto por la fuerza en el nivel de conducci\u00f3n.<\/p>\n\n\n\n<p>En la nueva estructura de mando, el coronel Gustavo Daniel Barroso ocupar\u00e1 el cargo de&nbsp;<strong>segundo comandante y jefe de Estado Mayor&nbsp;<\/strong>de la brigada.<\/p>\n\n\n\n<figure class=\"wp-block-image\"><img decoding=\"async\" data-src=\"https:\/\/www.canal12misiones.com\/wp-content\/uploads\/2025\/12\/image-378-1024x770.png\" alt=\"\" class=\"wp-image-621543 lazyload\" src=\"data:image\/svg+xml;base64,PHN2ZyB3aWR0aD0iMSIgaGVpZ2h0PSIxIiB4bWxucz0iaHR0cDovL3d3dy53My5vcmcvMjAwMC9zdmciPjwvc3ZnPg==\" style=\"--smush-placeholder-width: 1024px; --smush-placeholder-aspect-ratio: 1024\/770;\" \/><\/figure>\n\n\n\n<h3 class=\"wp-block-heading\">Una brigada con gran trayectoria en la Provincia<\/h3>\n\n\n\n<p>La historia de la Brigada de Monte XII se vincula a las reorganizaciones del Ej\u00e9rcito Argentino durante el&nbsp;<strong>siglo XX<\/strong>, cuando se inici\u00f3 el asentamiento progresivo de unidades en el nordeste del pa\u00eds. Ese proceso tuvo un punto decisivo el 26 de noviembre de 1979, con la creaci\u00f3n del n\u00facleo de la Brigada de Infanter\u00eda XII, integrada por unidades de infanter\u00eda, artiller\u00eda, caballer\u00eda, ingenieros y comunicaciones.<\/p>\n\n\n\n<p>Su primer asiento funcion\u00f3 en dependencias de la Divisi\u00f3n Reclutamiento y Movilizaci\u00f3n \u201cMisiones\u201d, con Cuartel General en Posadas, y en 1981 se traslad\u00f3 a su edificio definitivo, con jurisdicci\u00f3n sobre Misiones, norte de Corrientes, Chaco y Formosa.<\/p>\n\n\n\n<p>La especializaci\u00f3n en operaciones de monte avanz\u00f3 desde 1986 con el primer Curso de Cazadores de Monte y la posterior incorporaci\u00f3n de instancias formativas espec\u00edficas. En 1991 se estableci\u00f3 la Aptitud Especial de Monte, con el Comando como autoridad de coordinaci\u00f3n educativa, y en enero de 1992 la unidad adopt\u00f3 la denominaci\u00f3n Brigada de Monte XII, etapa que incluy\u00f3 acciones orientadas a sostener su capacidad operativa en el ambiente selv\u00e1tico propio de la regi\u00f3n.<\/p>\n\n\n\n<p>Fuente: Canal 12 Misiones<\/p>\n","protected":false},"excerpt":{"rendered":"<p>El gobernador&nbsp;Hugo Passalacqua&nbsp;recibi\u00f3 al coronel&nbsp;Carlos Rodrigo Surraco, nuevo comandante de la&nbsp;XII Brigada de Monte, en el marco del proceso de recambio de autoridades dispuesto por el Ej\u00e9rcito Argentino. Del encuentro particip\u00f3 tambi\u00e9n el coronel mayor&nbsp;Carlos Julio Sanmill\u00e1n, comandante saliente de la brigada con asiento en la capital misionera. Durante la reuni\u00f3n, el mandatario dio la&nbsp;bienvenida [&hellip;]<\/p>\n","protected":false},"author":2,"featured_media":53074,"comment_status":"open","ping_status":"closed","sticky":false,"template":"","format":"standard","meta":{"footnotes":""},"categories":[455],"tags":[4583,4765,4764,1431],"class_list":["post-53073","post","type-post","status-publish","format-standard","has-post-thumbnail","hentry","category-misiones","tag-bienvenida","tag-brigada","tag-conmandante","tag-passalacqua"],"yoast_head":"<!-- This site is optimized with the Yoast SEO plugin v27.4 - https:\/\/yoast.com\/product\/yoast-seo-wordpress\/ -->\n<title>Passalacqua dio la bienvenida al nuevo comandante de la Brigada de Monte XII | CVI NOTICIAS<\/title>\n<meta name=\"description\" content=\"Passalacqua recibi\u00f3 al nuevo comandante de la Brigada de Monte XII en el marco del recambio de autoridades del Ej\u00e9rcito.\" \/>\n<meta name=\"robots\" content=\"index, follow, max-snippet:-1, max-image-preview:large, max-video-preview:-1\" \/>\n<link rel=\"canonical\" href=\"https:\/\/cvinoticias.com\/v3\/passalacqua-le-dio-la-bienvenida-al-nuevo-comandante-de-la-brigada-de-monte-xii\/\" \/>\n<meta property=\"og:locale\" content=\"es_ES\" \/>\n<meta property=\"og:type\" content=\"article\" \/>\n<meta property=\"og:title\" content=\"Passalacqua dio la bienvenida al nuevo comandante de la Brigada de Monte XII | CVI NOTICIAS\" \/>\n<meta property=\"og:description\" content=\"Passalacqua recibi\u00f3 al nuevo comandante de la Brigada de Monte XII en el marco del recambio de autoridades del Ej\u00e9rcito.\" \/>\n<meta property=\"og:url\" content=\"https:\/\/cvinoticias.com\/v3\/passalacqua-le-dio-la-bienvenida-al-nuevo-comandante-de-la-brigada-de-monte-xii\/\" \/>\n<meta property=\"og:site_name\" content=\"CVI NOTICIAS\" \/>\n<meta property=\"article:publisher\" content=\"https:\/\/www.facebook.com\/cvinoticias\" \/>\n<meta property=\"article:published_time\" content=\"2025-12-24T10:26:00+00:00\" \/>\n<meta property=\"article:modified_time\" content=\"2025-12-24T10:26:01+00:00\" \/>\n<meta property=\"og:image\" content=\"https:\/\/cvinoticias.com\/wp-content\/uploads\/2025\/12\/image-375.webp\" \/>\n\t<meta property=\"og:image:width\" content=\"1089\" \/>\n\t<meta property=\"og:image:height\" content=\"730\" \/>\n\t<meta property=\"og:image:type\" content=\"image\/webp\" \/>\n<meta name=\"author\" content=\"f1000024\" \/>\n<meta name=\"twitter:card\" content=\"summary_large_image\" \/>\n<meta name=\"twitter:label1\" content=\"Escrito por\" \/>\n\t<meta name=\"twitter:data1\" content=\"f1000024\" \/>\n\t<meta name=\"twitter:label2\" content=\"Tiempo de lectura\" \/>\n\t<meta name=\"twitter:data2\" content=\"4 minutos\" \/>\n<script type=\"application\/ld+json\" class=\"yoast-schema-graph\">{\"@context\":\"https:\\\/\\\/schema.org\",\"@graph\":[{\"@type\":\"Article\",\"@id\":\"https:\\\/\\\/cvinoticias.com\\\/v3\\\/passalacqua-le-dio-la-bienvenida-al-nuevo-comandante-de-la-brigada-de-monte-xii\\\/#article\",\"isPartOf\":{\"@id\":\"https:\\\/\\\/cvinoticias.com\\\/v3\\\/passalacqua-le-dio-la-bienvenida-al-nuevo-comandante-de-la-brigada-de-monte-xii\\\/\"},\"author\":{\"name\":\"f1000024\",\"@id\":\"https:\\\/\\\/cvinoticias.com\\\/v3\\\/#\\\/schema\\\/person\\\/2db77e3c6bc03c538495d7b2b8be9b66\"},\"headline\":\"Passalacqua le dio la bienvenida al nuevo comandante de la Brigada de Monte XII\",\"datePublished\":\"2025-12-24T10:26:00+00:00\",\"dateModified\":\"2025-12-24T10:26:01+00:00\",\"mainEntityOfPage\":{\"@id\":\"https:\\\/\\\/cvinoticias.com\\\/v3\\\/passalacqua-le-dio-la-bienvenida-al-nuevo-comandante-de-la-brigada-de-monte-xii\\\/\"},\"wordCount\":591,\"commentCount\":0,\"publisher\":{\"@id\":\"https:\\\/\\\/cvinoticias.com\\\/v3\\\/#organization\"},\"image\":{\"@id\":\"https:\\\/\\\/cvinoticias.com\\\/v3\\\/passalacqua-le-dio-la-bienvenida-al-nuevo-comandante-de-la-brigada-de-monte-xii\\\/#primaryimage\"},\"thumbnailUrl\":\"https:\\\/\\\/cvinoticias.com\\\/wp-content\\\/uploads\\\/2025\\\/12\\\/image-375.webp\",\"keywords\":[\"bienvenida\",\"brigada\",\"conmandante\",\"Passalacqua\"],\"articleSection\":[\"Misiones\"],\"inLanguage\":\"es\",\"potentialAction\":[{\"@type\":\"CommentAction\",\"name\":\"Comment\",\"target\":[\"https:\\\/\\\/cvinoticias.com\\\/v3\\\/passalacqua-le-dio-la-bienvenida-al-nuevo-comandante-de-la-brigada-de-monte-xii\\\/#respond\"]}]},{\"@type\":\"WebPage\",\"@id\":\"https:\\\/\\\/cvinoticias.com\\\/v3\\\/passalacqua-le-dio-la-bienvenida-al-nuevo-comandante-de-la-brigada-de-monte-xii\\\/\",\"url\":\"https:\\\/\\\/cvinoticias.com\\\/v3\\\/passalacqua-le-dio-la-bienvenida-al-nuevo-comandante-de-la-brigada-de-monte-xii\\\/\",\"name\":\"Passalacqua dio la bienvenida al nuevo comandante de la Brigada de Monte XII | CVI NOTICIAS\",\"isPartOf\":{\"@id\":\"https:\\\/\\\/cvinoticias.com\\\/v3\\\/#website\"},\"primaryImageOfPage\":{\"@id\":\"https:\\\/\\\/cvinoticias.com\\\/v3\\\/passalacqua-le-dio-la-bienvenida-al-nuevo-comandante-de-la-brigada-de-monte-xii\\\/#primaryimage\"},\"image\":{\"@id\":\"https:\\\/\\\/cvinoticias.com\\\/v3\\\/passalacqua-le-dio-la-bienvenida-al-nuevo-comandante-de-la-brigada-de-monte-xii\\\/#primaryimage\"},\"thumbnailUrl\":\"https:\\\/\\\/cvinoticias.com\\\/wp-content\\\/uploads\\\/2025\\\/12\\\/image-375.webp\",\"datePublished\":\"2025-12-24T10:26:00+00:00\",\"dateModified\":\"2025-12-24T10:26:01+00:00\",\"description\":\"Passalacqua recibi\u00f3 al nuevo comandante de la Brigada de Monte XII en el marco del recambio de autoridades del Ej\u00e9rcito.\",\"breadcrumb\":{\"@id\":\"https:\\\/\\\/cvinoticias.com\\\/v3\\\/passalacqua-le-dio-la-bienvenida-al-nuevo-comandante-de-la-brigada-de-monte-xii\\\/#breadcrumb\"},\"inLanguage\":\"es\",\"potentialAction\":[{\"@type\":\"ReadAction\",\"target\":[\"https:\\\/\\\/cvinoticias.com\\\/v3\\\/passalacqua-le-dio-la-bienvenida-al-nuevo-comandante-de-la-brigada-de-monte-xii\\\/\"]}]},{\"@type\":\"ImageObject\",\"inLanguage\":\"es\",\"@id\":\"https:\\\/\\\/cvinoticias.com\\\/v3\\\/passalacqua-le-dio-la-bienvenida-al-nuevo-comandante-de-la-brigada-de-monte-xii\\\/#primaryimage\",\"url\":\"https:\\\/\\\/cvinoticias.com\\\/wp-content\\\/uploads\\\/2025\\\/12\\\/image-375.webp\",\"contentUrl\":\"https:\\\/\\\/cvinoticias.com\\\/wp-content\\\/uploads\\\/2025\\\/12\\\/image-375.webp\",\"width\":1089,\"height\":730},{\"@type\":\"BreadcrumbList\",\"@id\":\"https:\\\/\\\/cvinoticias.com\\\/v3\\\/passalacqua-le-dio-la-bienvenida-al-nuevo-comandante-de-la-brigada-de-monte-xii\\\/#breadcrumb\",\"itemListElement\":[{\"@type\":\"ListItem\",\"position\":1,\"name\":\"Portada\",\"item\":\"https:\\\/\\\/cvinoticias.com\\\/v3\\\/\"},{\"@type\":\"ListItem\",\"position\":2,\"name\":\"Passalacqua le dio la bienvenida al nuevo comandante de la Brigada de Monte XII\"}]},{\"@type\":\"WebSite\",\"@id\":\"https:\\\/\\\/cvinoticias.com\\\/v3\\\/#website\",\"url\":\"https:\\\/\\\/cvinoticias.com\\\/v3\\\/\",\"name\":\"CVI NOTICIAS\",\"description\":\"\",\"publisher\":{\"@id\":\"https:\\\/\\\/cvinoticias.com\\\/v3\\\/#organization\"},\"alternateName\":\"CVI\",\"potentialAction\":[{\"@type\":\"SearchAction\",\"target\":{\"@type\":\"EntryPoint\",\"urlTemplate\":\"https:\\\/\\\/cvinoticias.com\\\/v3\\\/?s={search_term_string}\"},\"query-input\":{\"@type\":\"PropertyValueSpecification\",\"valueRequired\":true,\"valueName\":\"search_term_string\"}}],\"inLanguage\":\"es\"},{\"@type\":\"Organization\",\"@id\":\"https:\\\/\\\/cvinoticias.com\\\/v3\\\/#organization\",\"name\":\"CVI NOTICIAS\",\"url\":\"https:\\\/\\\/cvinoticias.com\\\/v3\\\/\",\"logo\":{\"@type\":\"ImageObject\",\"inLanguage\":\"es\",\"@id\":\"https:\\\/\\\/cvinoticias.com\\\/v3\\\/#\\\/schema\\\/logo\\\/image\\\/\",\"url\":\"https:\\\/\\\/cvinoticias.com\\\/wp-content\\\/uploads\\\/2023\\\/04\\\/cropped-cropped-cropped-cropped-cropped-3-1.png\",\"contentUrl\":\"https:\\\/\\\/cvinoticias.com\\\/wp-content\\\/uploads\\\/2023\\\/04\\\/cropped-cropped-cropped-cropped-cropped-3-1.png\",\"width\":95,\"height\":122,\"caption\":\"CVI NOTICIAS\"},\"image\":{\"@id\":\"https:\\\/\\\/cvinoticias.com\\\/v3\\\/#\\\/schema\\\/logo\\\/image\\\/\"},\"sameAs\":[\"https:\\\/\\\/www.facebook.com\\\/cvinoticias\",\"https:\\\/\\\/www.instagram.com\\\/cvinoticias\\\/\",\"https:\\\/\\\/www.youtube.com\\\/@CVINOTICIAS\"]},{\"@type\":\"Person\",\"@id\":\"https:\\\/\\\/cvinoticias.com\\\/v3\\\/#\\\/schema\\\/person\\\/2db77e3c6bc03c538495d7b2b8be9b66\",\"name\":\"f1000024\",\"image\":{\"@type\":\"ImageObject\",\"inLanguage\":\"es\",\"@id\":\"https:\\\/\\\/secure.gravatar.com\\\/avatar\\\/d4fe7459cfc51ff5129ce1a732bbef5928568b8092d412ef95611616376bbeed?s=96&d=mm&r=g\",\"url\":\"https:\\\/\\\/secure.gravatar.com\\\/avatar\\\/d4fe7459cfc51ff5129ce1a732bbef5928568b8092d412ef95611616376bbeed?s=96&d=mm&r=g\",\"contentUrl\":\"https:\\\/\\\/secure.gravatar.com\\\/avatar\\\/d4fe7459cfc51ff5129ce1a732bbef5928568b8092d412ef95611616376bbeed?s=96&d=mm&r=g\",\"caption\":\"f1000024\"},\"url\":\"https:\\\/\\\/cvinoticias.com\\\/v3\\\/author\\\/f1000024\\\/\"}]}<\/script>\n<!-- \/ Yoast SEO plugin. -->","yoast_head_json":{"title":"Passalacqua dio la bienvenida al nuevo comandante de la Brigada de Monte XII | CVI NOTICIAS","description":"Passalacqua recibi\u00f3 al nuevo comandante de la Brigada de Monte XII en el marco del recambio de autoridades del Ej\u00e9rcito.","robots":{"index":"index","follow":"follow","max-snippet":"max-snippet:-1","max-image-preview":"max-image-preview:large","max-video-preview":"max-video-preview:-1"},"canonical":"https:\/\/cvinoticias.com\/v3\/passalacqua-le-dio-la-bienvenida-al-nuevo-comandante-de-la-brigada-de-monte-xii\/","og_locale":"es_ES","og_type":"article","og_title":"Passalacqua dio la bienvenida al nuevo comandante de la Brigada de Monte XII | CVI NOTICIAS","og_description":"Passalacqua recibi\u00f3 al nuevo comandante de la Brigada de Monte XII en el marco del recambio de autoridades del Ej\u00e9rcito.","og_url":"https:\/\/cvinoticias.com\/v3\/passalacqua-le-dio-la-bienvenida-al-nuevo-comandante-de-la-brigada-de-monte-xii\/","og_site_name":"CVI NOTICIAS","article_publisher":"https:\/\/www.facebook.com\/cvinoticias","article_published_time":"2025-12-24T10:26:00+00:00","article_modified_time":"2025-12-24T10:26:01+00:00","og_image":[{"width":1089,"height":730,"url":"https:\/\/cvinoticias.com\/wp-content\/uploads\/2025\/12\/image-375.webp","type":"image\/webp"}],"author":"f1000024","twitter_card":"summary_large_image","twitter_misc":{"Escrito por":"f1000024","Tiempo de lectura":"4 minutos"},"schema":{"@context":"https:\/\/schema.org","@graph":[{"@type":"Article","@id":"https:\/\/cvinoticias.com\/v3\/passalacqua-le-dio-la-bienvenida-al-nuevo-comandante-de-la-brigada-de-monte-xii\/#article","isPartOf":{"@id":"https:\/\/cvinoticias.com\/v3\/passalacqua-le-dio-la-bienvenida-al-nuevo-comandante-de-la-brigada-de-monte-xii\/"},"author":{"name":"f1000024","@id":"https:\/\/cvinoticias.com\/v3\/#\/schema\/person\/2db77e3c6bc03c538495d7b2b8be9b66"},"headline":"Passalacqua le dio la bienvenida al nuevo comandante de la Brigada de Monte XII","datePublished":"2025-12-24T10:26:00+00:00","dateModified":"2025-12-24T10:26:01+00:00","mainEntityOfPage":{"@id":"https:\/\/cvinoticias.com\/v3\/passalacqua-le-dio-la-bienvenida-al-nuevo-comandante-de-la-brigada-de-monte-xii\/"},"wordCount":591,"commentCount":0,"publisher":{"@id":"https:\/\/cvinoticias.com\/v3\/#organization"},"image":{"@id":"https:\/\/cvinoticias.com\/v3\/passalacqua-le-dio-la-bienvenida-al-nuevo-comandante-de-la-brigada-de-monte-xii\/#primaryimage"},"thumbnailUrl":"https:\/\/cvinoticias.com\/wp-content\/uploads\/2025\/12\/image-375.webp","keywords":["bienvenida","brigada","conmandante","Passalacqua"],"articleSection":["Misiones"],"inLanguage":"es","potentialAction":[{"@type":"CommentAction","name":"Comment","target":["https:\/\/cvinoticias.com\/v3\/passalacqua-le-dio-la-bienvenida-al-nuevo-comandante-de-la-brigada-de-monte-xii\/#respond"]}]},{"@type":"WebPage","@id":"https:\/\/cvinoticias.com\/v3\/passalacqua-le-dio-la-bienvenida-al-nuevo-comandante-de-la-brigada-de-monte-xii\/","url":"https:\/\/cvinoticias.com\/v3\/passalacqua-le-dio-la-bienvenida-al-nuevo-comandante-de-la-brigada-de-monte-xii\/","name":"Passalacqua dio la bienvenida al nuevo comandante de la Brigada de Monte XII | CVI NOTICIAS","isPartOf":{"@id":"https:\/\/cvinoticias.com\/v3\/#website"},"primaryImageOfPage":{"@id":"https:\/\/cvinoticias.com\/v3\/passalacqua-le-dio-la-bienvenida-al-nuevo-comandante-de-la-brigada-de-monte-xii\/#primaryimage"},"image":{"@id":"https:\/\/cvinoticias.com\/v3\/passalacqua-le-dio-la-bienvenida-al-nuevo-comandante-de-la-brigada-de-monte-xii\/#primaryimage"},"thumbnailUrl":"https:\/\/cvinoticias.com\/wp-content\/uploads\/2025\/12\/image-375.webp","datePublished":"2025-12-24T10:26:00+00:00","dateModified":"2025-12-24T10:26:01+00:00","description":"Passalacqua recibi\u00f3 al nuevo comandante de la Brigada de Monte XII en el marco del recambio de autoridades del Ej\u00e9rcito.","breadcrumb":{"@id":"https:\/\/cvinoticias.com\/v3\/passalacqua-le-dio-la-bienvenida-al-nuevo-comandante-de-la-brigada-de-monte-xii\/#breadcrumb"},"inLanguage":"es","potentialAction":[{"@type":"ReadAction","target":["https:\/\/cvinoticias.com\/v3\/passalacqua-le-dio-la-bienvenida-al-nuevo-comandante-de-la-brigada-de-monte-xii\/"]}]},{"@type":"ImageObject","inLanguage":"es","@id":"https:\/\/cvinoticias.com\/v3\/passalacqua-le-dio-la-bienvenida-al-nuevo-comandante-de-la-brigada-de-monte-xii\/#primaryimage","url":"https:\/\/cvinoticias.com\/wp-content\/uploads\/2025\/12\/image-375.webp","contentUrl":"https:\/\/cvinoticias.com\/wp-content\/uploads\/2025\/12\/image-375.webp","width":1089,"height":730},{"@type":"BreadcrumbList","@id":"https:\/\/cvinoticias.com\/v3\/passalacqua-le-dio-la-bienvenida-al-nuevo-comandante-de-la-brigada-de-monte-xii\/#breadcrumb","itemListElement":[{"@type":"ListItem","position":1,"name":"Portada","item":"https:\/\/cvinoticias.com\/v3\/"},{"@type":"ListItem","position":2,"name":"Passalacqua le dio la bienvenida al nuevo comandante de la Brigada de Monte XII"}]},{"@type":"WebSite","@id":"https:\/\/cvinoticias.com\/v3\/#website","url":"https:\/\/cvinoticias.com\/v3\/","name":"CVI NOTICIAS","description":"","publisher":{"@id":"https:\/\/cvinoticias.com\/v3\/#organization"},"alternateName":"CVI","potentialAction":[{"@type":"SearchAction","target":{"@type":"EntryPoint","urlTemplate":"https:\/\/cvinoticias.com\/v3\/?s={search_term_string}"},"query-input":{"@type":"PropertyValueSpecification","valueRequired":true,"valueName":"search_term_string"}}],"inLanguage":"es"},{"@type":"Organization","@id":"https:\/\/cvinoticias.com\/v3\/#organization","name":"CVI NOTICIAS","url":"https:\/\/cvinoticias.com\/v3\/","logo":{"@type":"ImageObject","inLanguage":"es","@id":"https:\/\/cvinoticias.com\/v3\/#\/schema\/logo\/image\/","url":"https:\/\/cvinoticias.com\/wp-content\/uploads\/2023\/04\/cropped-cropped-cropped-cropped-cropped-3-1.png","contentUrl":"https:\/\/cvinoticias.com\/wp-content\/uploads\/2023\/04\/cropped-cropped-cropped-cropped-cropped-3-1.png","width":95,"height":122,"caption":"CVI NOTICIAS"},"image":{"@id":"https:\/\/cvinoticias.com\/v3\/#\/schema\/logo\/image\/"},"sameAs":["https:\/\/www.facebook.com\/cvinoticias","https:\/\/www.instagram.com\/cvinoticias\/","https:\/\/www.youtube.com\/@CVINOTICIAS"]},{"@type":"Person","@id":"https:\/\/cvinoticias.com\/v3\/#\/schema\/person\/2db77e3c6bc03c538495d7b2b8be9b66","name":"f1000024","image":{"@type":"ImageObject","inLanguage":"es","@id":"https:\/\/secure.gravatar.com\/avatar\/d4fe7459cfc51ff5129ce1a732bbef5928568b8092d412ef95611616376bbeed?s=96&d=mm&r=g","url":"https:\/\/secure.gravatar.com\/avatar\/d4fe7459cfc51ff5129ce1a732bbef5928568b8092d412ef95611616376bbeed?s=96&d=mm&r=g","contentUrl":"https:\/\/secure.gravatar.com\/avatar\/d4fe7459cfc51ff5129ce1a732bbef5928568b8092d412ef95611616376bbeed?s=96&d=mm&r=g","caption":"f1000024"},"url":"https:\/\/cvinoticias.com\/v3\/author\/f1000024\/"}]}},"_links":{"self":[{"href":"https:\/\/cvinoticias.com\/v3\/wp-json\/wp\/v2\/posts\/53073","targetHints":{"allow":["GET"]}}],"collection":[{"href":"https:\/\/cvinoticias.com\/v3\/wp-json\/wp\/v2\/posts"}],"about":[{"href":"https:\/\/cvinoticias.com\/v3\/wp-json\/wp\/v2\/types\/post"}],"author":[{"embeddable":true,"href":"https:\/\/cvinoticias.com\/v3\/wp-json\/wp\/v2\/users\/2"}],"replies":[{"embeddable":true,"href":"https:\/\/cvinoticias.com\/v3\/wp-json\/wp\/v2\/comments?post=53073"}],"version-history":[{"count":1,"href":"https:\/\/cvinoticias.com\/v3\/wp-json\/wp\/v2\/posts\/53073\/revisions"}],"predecessor-version":[{"id":53075,"href":"https:\/\/cvinoticias.com\/v3\/wp-json\/wp\/v2\/posts\/53073\/revisions\/53075"}],"wp:featuredmedia":[{"embeddable":true,"href":"https:\/\/cvinoticias.com\/v3\/wp-json\/wp\/v2\/media\/53074"}],"wp:attachment":[{"href":"https:\/\/cvinoticias.com\/v3\/wp-json\/wp\/v2\/media?parent=53073"}],"wp:term":[{"taxonomy":"category","embeddable":true,"href":"https:\/\/cvinoticias.com\/v3\/wp-json\/wp\/v2\/categories?post=53073"},{"taxonomy":"post_tag","embeddable":true,"href":"https:\/\/cvinoticias.com\/v3\/wp-json\/wp\/v2\/tags?post=53073"}],"curies":[{"name":"wp","href":"https:\/\/api.w.org\/{rel}","templated":true}]}}