{"id":53040,"date":"2025-12-23T14:08:39","date_gmt":"2025-12-23T17:08:39","guid":{"rendered":"https:\/\/cvinoticias.com\/v3\/?p=53040"},"modified":"2025-12-24T06:31:00","modified_gmt":"2025-12-24T09:31:00","slug":"desde-el-arbol-real-agradecieron-el-apoyo-de-la-comunidad-tras-un-ano-positivo-y-de-cercania","status":"publish","type":"post","link":"https:\/\/cvinoticias.com\/v3\/desde-el-arbol-real-agradecieron-el-apoyo-de-la-comunidad-tras-un-ano-positivo-y-de-cercania\/","title":{"rendered":"Desde el Arbol Real agradecieron el apoyo de la comunidad tras un a\u00f1o positivo y de cercan\u00eda"},"content":{"rendered":"\n<p>En di\u00e1logo con CVI Noticias, la representante del Arbol Real, Marta Da Mota, envi\u00f3 un especial saludo a los vecinos que a\u00f1o tras a\u00f1o eligen y apoyan tanto a la casa central como a sus diferentes sucursales.<br>\u200bAl realizar un balance de la gesti\u00f3n, Da Mota calific\u00f3 el 2025 como positivo. Resalt\u00f3 que la empresa logr\u00f3 fortalecer su v\u00ednculo con la sociedad a trav\u00e9s de la presencia en grandes eventos y la participaci\u00f3n activa en diversos espacios de la ciudad, donde el p\u00fablico les manifest\u00f3 su afecto de manera constante. Para el Arbol Real, este ida y vuelta con el cliente ha sido el pilar fundamental para consolidar su crecimiento en la regi\u00f3n.<\/p>\n\n\n\n<p>\u200bFinalmente, Marta Da Mota hizo extensivo su saludo a todo el cuerpo de empleados, personal operativo y directivos que integran la familia de Arbol Real, reconociendo el esfuerzo de quienes estuvieron presentes para hacer posible el \u00e9xito de este a\u00f1o. Con un mensaje de unidad, la empresa reafirma su compromiso de seguir brindando la mejor atenci\u00f3n a los iguazuenses en el pr\u00f3ximo a\u00f1o que comienza.<\/p>\n\n\n\n<p>Entrevista con: Marta Da Mota (Representante del Arbol Real)<\/p>\n","protected":false},"excerpt":{"rendered":"<p>En di\u00e1logo con CVI Noticias, la representante del Arbol Real, Marta Da Mota, envi\u00f3 un especial saludo a los vecinos que a\u00f1o tras a\u00f1o eligen y apoyan tanto a la casa central como a sus diferentes sucursales.\u200bAl realizar un balance de la gesti\u00f3n, Da Mota calific\u00f3 el 2025 como positivo. Resalt\u00f3 que la empresa logr\u00f3 [&hellip;]<\/p>\n","protected":false},"author":2,"featured_media":53041,"comment_status":"open","ping_status":"closed","sticky":false,"template":"","format":"standard","meta":{"footnotes":""},"categories":[47],"tags":[1950,313],"class_list":["post-53040","post","type-post","status-publish","format-standard","has-post-thumbnail","hentry","category-sociedad","tag-arbol-real","tag-iguazu"],"yoast_head":"<!-- This site is optimized with the Yoast SEO plugin v27.5 - https:\/\/yoast.com\/product\/yoast-seo-wordpress\/ -->\n<title>Desde el Arbol Real agradecieron el apoyo de la comunidad | CVI NOTICIAS<\/title>\n<meta name=\"description\" content=\"La representante del Arbol Real, Marta Da Mota, envi\u00f3 un especial saludo a los vecinos que a\u00f1o tras a\u00f1o eligen y apoyan tanto a la casa central como a sus diferentes sucursales\" \/>\n<meta name=\"robots\" content=\"index, follow, max-snippet:-1, max-image-preview:large, max-video-preview:-1\" \/>\n<link rel=\"canonical\" href=\"https:\/\/cvinoticias.com\/v3\/desde-el-arbol-real-agradecieron-el-apoyo-de-la-comunidad-tras-un-ano-positivo-y-de-cercania\/\" \/>\n<meta property=\"og:locale\" content=\"es_ES\" \/>\n<meta property=\"og:type\" content=\"article\" \/>\n<meta property=\"og:title\" content=\"Desde el Arbol Real agradecieron el apoyo de la comunidad | CVI NOTICIAS\" \/>\n<meta property=\"og:description\" content=\"La representante del Arbol Real, Marta Da Mota, envi\u00f3 un especial saludo a los vecinos que a\u00f1o tras a\u00f1o eligen y apoyan tanto a la casa central como a sus diferentes sucursales\" \/>\n<meta property=\"og:url\" content=\"https:\/\/cvinoticias.com\/v3\/desde-el-arbol-real-agradecieron-el-apoyo-de-la-comunidad-tras-un-ano-positivo-y-de-cercania\/\" \/>\n<meta property=\"og:site_name\" content=\"CVI NOTICIAS\" \/>\n<meta property=\"article:publisher\" content=\"https:\/\/www.facebook.com\/cvinoticias\" \/>\n<meta property=\"article:published_time\" content=\"2025-12-23T17:08:39+00:00\" \/>\n<meta property=\"article:modified_time\" content=\"2025-12-24T09:31:00+00:00\" \/>\n<meta property=\"og:image\" content=\"https:\/\/cvinoticias.com\/wp-content\/uploads\/2025\/12\/2-35.jpeg\" \/>\n\t<meta property=\"og:image:width\" content=\"1280\" \/>\n\t<meta property=\"og:image:height\" content=\"720\" \/>\n\t<meta property=\"og:image:type\" content=\"image\/jpeg\" \/>\n<meta name=\"author\" content=\"f1000024\" \/>\n<meta name=\"twitter:card\" content=\"summary_large_image\" \/>\n<meta name=\"twitter:label1\" content=\"Escrito por\" \/>\n\t<meta name=\"twitter:data1\" content=\"f1000024\" \/>\n\t<meta name=\"twitter:label2\" content=\"Tiempo de lectura\" \/>\n\t<meta name=\"twitter:data2\" content=\"2 minutos\" \/>\n<script type=\"application\/ld+json\" class=\"yoast-schema-graph\">{\"@context\":\"https:\\\/\\\/schema.org\",\"@graph\":[{\"@type\":\"Article\",\"@id\":\"https:\\\/\\\/cvinoticias.com\\\/v3\\\/desde-el-arbol-real-agradecieron-el-apoyo-de-la-comunidad-tras-un-ano-positivo-y-de-cercania\\\/#article\",\"isPartOf\":{\"@id\":\"https:\\\/\\\/cvinoticias.com\\\/v3\\\/desde-el-arbol-real-agradecieron-el-apoyo-de-la-comunidad-tras-un-ano-positivo-y-de-cercania\\\/\"},\"author\":{\"name\":\"f1000024\",\"@id\":\"https:\\\/\\\/cvinoticias.com\\\/v3\\\/#\\\/schema\\\/person\\\/2db77e3c6bc03c538495d7b2b8be9b66\"},\"headline\":\"Desde el Arbol Real agradecieron el apoyo de la comunidad tras un a\u00f1o positivo y de cercan\u00eda\",\"datePublished\":\"2025-12-23T17:08:39+00:00\",\"dateModified\":\"2025-12-24T09:31:00+00:00\",\"mainEntityOfPage\":{\"@id\":\"https:\\\/\\\/cvinoticias.com\\\/v3\\\/desde-el-arbol-real-agradecieron-el-apoyo-de-la-comunidad-tras-un-ano-positivo-y-de-cercania\\\/\"},\"wordCount\":218,\"commentCount\":0,\"publisher\":{\"@id\":\"https:\\\/\\\/cvinoticias.com\\\/v3\\\/#organization\"},\"image\":{\"@id\":\"https:\\\/\\\/cvinoticias.com\\\/v3\\\/desde-el-arbol-real-agradecieron-el-apoyo-de-la-comunidad-tras-un-ano-positivo-y-de-cercania\\\/#primaryimage\"},\"thumbnailUrl\":\"https:\\\/\\\/cvinoticias.com\\\/wp-content\\\/uploads\\\/2025\\\/12\\\/2-35.jpeg\",\"keywords\":[\"\u00c1rbol Real\",\"Iguaz\u00fa\"],\"articleSection\":[\"Sociedad\"],\"inLanguage\":\"es\",\"potentialAction\":[{\"@type\":\"CommentAction\",\"name\":\"Comment\",\"target\":[\"https:\\\/\\\/cvinoticias.com\\\/v3\\\/desde-el-arbol-real-agradecieron-el-apoyo-de-la-comunidad-tras-un-ano-positivo-y-de-cercania\\\/#respond\"]}]},{\"@type\":\"WebPage\",\"@id\":\"https:\\\/\\\/cvinoticias.com\\\/v3\\\/desde-el-arbol-real-agradecieron-el-apoyo-de-la-comunidad-tras-un-ano-positivo-y-de-cercania\\\/\",\"url\":\"https:\\\/\\\/cvinoticias.com\\\/v3\\\/desde-el-arbol-real-agradecieron-el-apoyo-de-la-comunidad-tras-un-ano-positivo-y-de-cercania\\\/\",\"name\":\"Desde el Arbol Real agradecieron el apoyo de la comunidad | CVI NOTICIAS\",\"isPartOf\":{\"@id\":\"https:\\\/\\\/cvinoticias.com\\\/v3\\\/#website\"},\"primaryImageOfPage\":{\"@id\":\"https:\\\/\\\/cvinoticias.com\\\/v3\\\/desde-el-arbol-real-agradecieron-el-apoyo-de-la-comunidad-tras-un-ano-positivo-y-de-cercania\\\/#primaryimage\"},\"image\":{\"@id\":\"https:\\\/\\\/cvinoticias.com\\\/v3\\\/desde-el-arbol-real-agradecieron-el-apoyo-de-la-comunidad-tras-un-ano-positivo-y-de-cercania\\\/#primaryimage\"},\"thumbnailUrl\":\"https:\\\/\\\/cvinoticias.com\\\/wp-content\\\/uploads\\\/2025\\\/12\\\/2-35.jpeg\",\"datePublished\":\"2025-12-23T17:08:39+00:00\",\"dateModified\":\"2025-12-24T09:31:00+00:00\",\"description\":\"La representante del Arbol Real, Marta Da Mota, envi\u00f3 un especial saludo a los vecinos que a\u00f1o tras a\u00f1o eligen y apoyan tanto a la casa central como a sus diferentes sucursales\",\"breadcrumb\":{\"@id\":\"https:\\\/\\\/cvinoticias.com\\\/v3\\\/desde-el-arbol-real-agradecieron-el-apoyo-de-la-comunidad-tras-un-ano-positivo-y-de-cercania\\\/#breadcrumb\"},\"inLanguage\":\"es\",\"potentialAction\":[{\"@type\":\"ReadAction\",\"target\":[\"https:\\\/\\\/cvinoticias.com\\\/v3\\\/desde-el-arbol-real-agradecieron-el-apoyo-de-la-comunidad-tras-un-ano-positivo-y-de-cercania\\\/\"]}]},{\"@type\":\"ImageObject\",\"inLanguage\":\"es\",\"@id\":\"https:\\\/\\\/cvinoticias.com\\\/v3\\\/desde-el-arbol-real-agradecieron-el-apoyo-de-la-comunidad-tras-un-ano-positivo-y-de-cercania\\\/#primaryimage\",\"url\":\"https:\\\/\\\/cvinoticias.com\\\/wp-content\\\/uploads\\\/2025\\\/12\\\/2-35.jpeg\",\"contentUrl\":\"https:\\\/\\\/cvinoticias.com\\\/wp-content\\\/uploads\\\/2025\\\/12\\\/2-35.jpeg\",\"width\":1280,\"height\":720},{\"@type\":\"BreadcrumbList\",\"@id\":\"https:\\\/\\\/cvinoticias.com\\\/v3\\\/desde-el-arbol-real-agradecieron-el-apoyo-de-la-comunidad-tras-un-ano-positivo-y-de-cercania\\\/#breadcrumb\",\"itemListElement\":[{\"@type\":\"ListItem\",\"position\":1,\"name\":\"Portada\",\"item\":\"https:\\\/\\\/cvinoticias.com\\\/v3\\\/\"},{\"@type\":\"ListItem\",\"position\":2,\"name\":\"Desde el Arbol Real agradecieron el apoyo de la comunidad tras un a\u00f1o positivo y de cercan\u00eda\"}]},{\"@type\":\"WebSite\",\"@id\":\"https:\\\/\\\/cvinoticias.com\\\/v3\\\/#website\",\"url\":\"https:\\\/\\\/cvinoticias.com\\\/v3\\\/\",\"name\":\"CVI NOTICIAS\",\"description\":\"\",\"publisher\":{\"@id\":\"https:\\\/\\\/cvinoticias.com\\\/v3\\\/#organization\"},\"alternateName\":\"CVI\",\"potentialAction\":[{\"@type\":\"SearchAction\",\"target\":{\"@type\":\"EntryPoint\",\"urlTemplate\":\"https:\\\/\\\/cvinoticias.com\\\/v3\\\/?s={search_term_string}\"},\"query-input\":{\"@type\":\"PropertyValueSpecification\",\"valueRequired\":true,\"valueName\":\"search_term_string\"}}],\"inLanguage\":\"es\"},{\"@type\":\"Organization\",\"@id\":\"https:\\\/\\\/cvinoticias.com\\\/v3\\\/#organization\",\"name\":\"CVI NOTICIAS\",\"url\":\"https:\\\/\\\/cvinoticias.com\\\/v3\\\/\",\"logo\":{\"@type\":\"ImageObject\",\"inLanguage\":\"es\",\"@id\":\"https:\\\/\\\/cvinoticias.com\\\/v3\\\/#\\\/schema\\\/logo\\\/image\\\/\",\"url\":\"https:\\\/\\\/cvinoticias.com\\\/wp-content\\\/uploads\\\/2023\\\/04\\\/cropped-cropped-cropped-cropped-cropped-3-1.png\",\"contentUrl\":\"https:\\\/\\\/cvinoticias.com\\\/wp-content\\\/uploads\\\/2023\\\/04\\\/cropped-cropped-cropped-cropped-cropped-3-1.png\",\"width\":95,\"height\":122,\"caption\":\"CVI NOTICIAS\"},\"image\":{\"@id\":\"https:\\\/\\\/cvinoticias.com\\\/v3\\\/#\\\/schema\\\/logo\\\/image\\\/\"},\"sameAs\":[\"https:\\\/\\\/www.facebook.com\\\/cvinoticias\",\"https:\\\/\\\/www.instagram.com\\\/cvinoticias\\\/\",\"https:\\\/\\\/www.youtube.com\\\/@CVINOTICIAS\"]},{\"@type\":\"Person\",\"@id\":\"https:\\\/\\\/cvinoticias.com\\\/v3\\\/#\\\/schema\\\/person\\\/2db77e3c6bc03c538495d7b2b8be9b66\",\"name\":\"f1000024\",\"image\":{\"@type\":\"ImageObject\",\"inLanguage\":\"es\",\"@id\":\"https:\\\/\\\/secure.gravatar.com\\\/avatar\\\/d4fe7459cfc51ff5129ce1a732bbef5928568b8092d412ef95611616376bbeed?s=96&d=mm&r=g\",\"url\":\"https:\\\/\\\/secure.gravatar.com\\\/avatar\\\/d4fe7459cfc51ff5129ce1a732bbef5928568b8092d412ef95611616376bbeed?s=96&d=mm&r=g\",\"contentUrl\":\"https:\\\/\\\/secure.gravatar.com\\\/avatar\\\/d4fe7459cfc51ff5129ce1a732bbef5928568b8092d412ef95611616376bbeed?s=96&d=mm&r=g\",\"caption\":\"f1000024\"},\"url\":\"https:\\\/\\\/cvinoticias.com\\\/v3\\\/author\\\/f1000024\\\/\"}]}<\/script>\n<!-- \/ Yoast SEO plugin. -->","yoast_head_json":{"title":"Desde el Arbol Real agradecieron el apoyo de la comunidad | CVI NOTICIAS","description":"La representante del Arbol Real, Marta Da Mota, envi\u00f3 un especial saludo a los vecinos que a\u00f1o tras a\u00f1o eligen y apoyan tanto a la casa central como a sus diferentes sucursales","robots":{"index":"index","follow":"follow","max-snippet":"max-snippet:-1","max-image-preview":"max-image-preview:large","max-video-preview":"max-video-preview:-1"},"canonical":"https:\/\/cvinoticias.com\/v3\/desde-el-arbol-real-agradecieron-el-apoyo-de-la-comunidad-tras-un-ano-positivo-y-de-cercania\/","og_locale":"es_ES","og_type":"article","og_title":"Desde el Arbol Real agradecieron el apoyo de la comunidad | CVI NOTICIAS","og_description":"La representante del Arbol Real, Marta Da Mota, envi\u00f3 un especial saludo a los vecinos que a\u00f1o tras a\u00f1o eligen y apoyan tanto a la casa central como a sus diferentes sucursales","og_url":"https:\/\/cvinoticias.com\/v3\/desde-el-arbol-real-agradecieron-el-apoyo-de-la-comunidad-tras-un-ano-positivo-y-de-cercania\/","og_site_name":"CVI NOTICIAS","article_publisher":"https:\/\/www.facebook.com\/cvinoticias","article_published_time":"2025-12-23T17:08:39+00:00","article_modified_time":"2025-12-24T09:31:00+00:00","og_image":[{"width":1280,"height":720,"url":"https:\/\/cvinoticias.com\/wp-content\/uploads\/2025\/12\/2-35.jpeg","type":"image\/jpeg"}],"author":"f1000024","twitter_card":"summary_large_image","twitter_misc":{"Escrito por":"f1000024","Tiempo de lectura":"2 minutos"},"schema":{"@context":"https:\/\/schema.org","@graph":[{"@type":"Article","@id":"https:\/\/cvinoticias.com\/v3\/desde-el-arbol-real-agradecieron-el-apoyo-de-la-comunidad-tras-un-ano-positivo-y-de-cercania\/#article","isPartOf":{"@id":"https:\/\/cvinoticias.com\/v3\/desde-el-arbol-real-agradecieron-el-apoyo-de-la-comunidad-tras-un-ano-positivo-y-de-cercania\/"},"author":{"name":"f1000024","@id":"https:\/\/cvinoticias.com\/v3\/#\/schema\/person\/2db77e3c6bc03c538495d7b2b8be9b66"},"headline":"Desde el Arbol Real agradecieron el apoyo de la comunidad tras un a\u00f1o positivo y de cercan\u00eda","datePublished":"2025-12-23T17:08:39+00:00","dateModified":"2025-12-24T09:31:00+00:00","mainEntityOfPage":{"@id":"https:\/\/cvinoticias.com\/v3\/desde-el-arbol-real-agradecieron-el-apoyo-de-la-comunidad-tras-un-ano-positivo-y-de-cercania\/"},"wordCount":218,"commentCount":0,"publisher":{"@id":"https:\/\/cvinoticias.com\/v3\/#organization"},"image":{"@id":"https:\/\/cvinoticias.com\/v3\/desde-el-arbol-real-agradecieron-el-apoyo-de-la-comunidad-tras-un-ano-positivo-y-de-cercania\/#primaryimage"},"thumbnailUrl":"https:\/\/cvinoticias.com\/wp-content\/uploads\/2025\/12\/2-35.jpeg","keywords":["\u00c1rbol Real","Iguaz\u00fa"],"articleSection":["Sociedad"],"inLanguage":"es","potentialAction":[{"@type":"CommentAction","name":"Comment","target":["https:\/\/cvinoticias.com\/v3\/desde-el-arbol-real-agradecieron-el-apoyo-de-la-comunidad-tras-un-ano-positivo-y-de-cercania\/#respond"]}]},{"@type":"WebPage","@id":"https:\/\/cvinoticias.com\/v3\/desde-el-arbol-real-agradecieron-el-apoyo-de-la-comunidad-tras-un-ano-positivo-y-de-cercania\/","url":"https:\/\/cvinoticias.com\/v3\/desde-el-arbol-real-agradecieron-el-apoyo-de-la-comunidad-tras-un-ano-positivo-y-de-cercania\/","name":"Desde el Arbol Real agradecieron el apoyo de la comunidad | CVI NOTICIAS","isPartOf":{"@id":"https:\/\/cvinoticias.com\/v3\/#website"},"primaryImageOfPage":{"@id":"https:\/\/cvinoticias.com\/v3\/desde-el-arbol-real-agradecieron-el-apoyo-de-la-comunidad-tras-un-ano-positivo-y-de-cercania\/#primaryimage"},"image":{"@id":"https:\/\/cvinoticias.com\/v3\/desde-el-arbol-real-agradecieron-el-apoyo-de-la-comunidad-tras-un-ano-positivo-y-de-cercania\/#primaryimage"},"thumbnailUrl":"https:\/\/cvinoticias.com\/wp-content\/uploads\/2025\/12\/2-35.jpeg","datePublished":"2025-12-23T17:08:39+00:00","dateModified":"2025-12-24T09:31:00+00:00","description":"La representante del Arbol Real, Marta Da Mota, envi\u00f3 un especial saludo a los vecinos que a\u00f1o tras a\u00f1o eligen y apoyan tanto a la casa central como a sus diferentes sucursales","breadcrumb":{"@id":"https:\/\/cvinoticias.com\/v3\/desde-el-arbol-real-agradecieron-el-apoyo-de-la-comunidad-tras-un-ano-positivo-y-de-cercania\/#breadcrumb"},"inLanguage":"es","potentialAction":[{"@type":"ReadAction","target":["https:\/\/cvinoticias.com\/v3\/desde-el-arbol-real-agradecieron-el-apoyo-de-la-comunidad-tras-un-ano-positivo-y-de-cercania\/"]}]},{"@type":"ImageObject","inLanguage":"es","@id":"https:\/\/cvinoticias.com\/v3\/desde-el-arbol-real-agradecieron-el-apoyo-de-la-comunidad-tras-un-ano-positivo-y-de-cercania\/#primaryimage","url":"https:\/\/cvinoticias.com\/wp-content\/uploads\/2025\/12\/2-35.jpeg","contentUrl":"https:\/\/cvinoticias.com\/wp-content\/uploads\/2025\/12\/2-35.jpeg","width":1280,"height":720},{"@type":"BreadcrumbList","@id":"https:\/\/cvinoticias.com\/v3\/desde-el-arbol-real-agradecieron-el-apoyo-de-la-comunidad-tras-un-ano-positivo-y-de-cercania\/#breadcrumb","itemListElement":[{"@type":"ListItem","position":1,"name":"Portada","item":"https:\/\/cvinoticias.com\/v3\/"},{"@type":"ListItem","position":2,"name":"Desde el Arbol Real agradecieron el apoyo de la comunidad tras un a\u00f1o positivo y de cercan\u00eda"}]},{"@type":"WebSite","@id":"https:\/\/cvinoticias.com\/v3\/#website","url":"https:\/\/cvinoticias.com\/v3\/","name":"CVI NOTICIAS","description":"","publisher":{"@id":"https:\/\/cvinoticias.com\/v3\/#organization"},"alternateName":"CVI","potentialAction":[{"@type":"SearchAction","target":{"@type":"EntryPoint","urlTemplate":"https:\/\/cvinoticias.com\/v3\/?s={search_term_string}"},"query-input":{"@type":"PropertyValueSpecification","valueRequired":true,"valueName":"search_term_string"}}],"inLanguage":"es"},{"@type":"Organization","@id":"https:\/\/cvinoticias.com\/v3\/#organization","name":"CVI NOTICIAS","url":"https:\/\/cvinoticias.com\/v3\/","logo":{"@type":"ImageObject","inLanguage":"es","@id":"https:\/\/cvinoticias.com\/v3\/#\/schema\/logo\/image\/","url":"https:\/\/cvinoticias.com\/wp-content\/uploads\/2023\/04\/cropped-cropped-cropped-cropped-cropped-3-1.png","contentUrl":"https:\/\/cvinoticias.com\/wp-content\/uploads\/2023\/04\/cropped-cropped-cropped-cropped-cropped-3-1.png","width":95,"height":122,"caption":"CVI NOTICIAS"},"image":{"@id":"https:\/\/cvinoticias.com\/v3\/#\/schema\/logo\/image\/"},"sameAs":["https:\/\/www.facebook.com\/cvinoticias","https:\/\/www.instagram.com\/cvinoticias\/","https:\/\/www.youtube.com\/@CVINOTICIAS"]},{"@type":"Person","@id":"https:\/\/cvinoticias.com\/v3\/#\/schema\/person\/2db77e3c6bc03c538495d7b2b8be9b66","name":"f1000024","image":{"@type":"ImageObject","inLanguage":"es","@id":"https:\/\/secure.gravatar.com\/avatar\/d4fe7459cfc51ff5129ce1a732bbef5928568b8092d412ef95611616376bbeed?s=96&d=mm&r=g","url":"https:\/\/secure.gravatar.com\/avatar\/d4fe7459cfc51ff5129ce1a732bbef5928568b8092d412ef95611616376bbeed?s=96&d=mm&r=g","contentUrl":"https:\/\/secure.gravatar.com\/avatar\/d4fe7459cfc51ff5129ce1a732bbef5928568b8092d412ef95611616376bbeed?s=96&d=mm&r=g","caption":"f1000024"},"url":"https:\/\/cvinoticias.com\/v3\/author\/f1000024\/"}]}},"_links":{"self":[{"href":"https:\/\/cvinoticias.com\/v3\/wp-json\/wp\/v2\/posts\/53040","targetHints":{"allow":["GET"]}}],"collection":[{"href":"https:\/\/cvinoticias.com\/v3\/wp-json\/wp\/v2\/posts"}],"about":[{"href":"https:\/\/cvinoticias.com\/v3\/wp-json\/wp\/v2\/types\/post"}],"author":[{"embeddable":true,"href":"https:\/\/cvinoticias.com\/v3\/wp-json\/wp\/v2\/users\/2"}],"replies":[{"embeddable":true,"href":"https:\/\/cvinoticias.com\/v3\/wp-json\/wp\/v2\/comments?post=53040"}],"version-history":[{"count":1,"href":"https:\/\/cvinoticias.com\/v3\/wp-json\/wp\/v2\/posts\/53040\/revisions"}],"predecessor-version":[{"id":53042,"href":"https:\/\/cvinoticias.com\/v3\/wp-json\/wp\/v2\/posts\/53040\/revisions\/53042"}],"wp:featuredmedia":[{"embeddable":true,"href":"https:\/\/cvinoticias.com\/v3\/wp-json\/wp\/v2\/media\/53041"}],"wp:attachment":[{"href":"https:\/\/cvinoticias.com\/v3\/wp-json\/wp\/v2\/media?parent=53040"}],"wp:term":[{"taxonomy":"category","embeddable":true,"href":"https:\/\/cvinoticias.com\/v3\/wp-json\/wp\/v2\/categories?post=53040"},{"taxonomy":"post_tag","embeddable":true,"href":"https:\/\/cvinoticias.com\/v3\/wp-json\/wp\/v2\/tags?post=53040"}],"curies":[{"name":"wp","href":"https:\/\/api.w.org\/{rel}","templated":true}]}}