{"id":53004,"date":"2025-12-22T15:29:04","date_gmt":"2025-12-22T18:29:04","guid":{"rendered":"https:\/\/cvinoticias.com\/v3\/?p=53004"},"modified":"2025-12-23T08:11:28","modified_gmt":"2025-12-23T11:11:28","slug":"dia-del-empleado-de-farmacia-giofarma-a-la-vanguardia-en-el-servicio-y-atencion-a-la-comunidad","status":"publish","type":"post","link":"https:\/\/cvinoticias.com\/v3\/dia-del-empleado-de-farmacia-giofarma-a-la-vanguardia-en-el-servicio-y-atencion-a-la-comunidad\/","title":{"rendered":"D\u00eda del Empleado de Farmacia: Giofarma a la vanguardia en el servicio y atenci\u00f3n a la comunidad"},"content":{"rendered":"\n<p>Este 22 de diciembre, la Argentina celebra el D\u00eda del Empleado de Farmacia, una jornada que rinde homenaje a quienes son el primer eslab\u00f3n de atenci\u00f3n en el sistema sanitario. En nuestra ciudad, Giofarma se posiciona a la vanguardia, no solo por su amplia red de sucursales, sino por el profesionalismo de su capital humano.<\/p>\n\n\n\n<p>\u200bEn di\u00e1logo con CVI Noticias, Victoria Calatayud, integrante del equipo de Giofarma, envi\u00f3 un especial saludo a todos sus compa\u00f1eros y colegas de la ciudad, resaltando la importancia de la capacitaci\u00f3n constante para brindar una respuesta eficiente a los vecinos.<\/p>\n\n\n\n<p>\u200bM\u00e1s all\u00e1 de la conmemoraci\u00f3n, la referente invit\u00f3 a la comunidad a visitar los locales de la firma, que hoy lidera la oferta de productos para el cuidado integral. Con la mirada puesta en las vacaciones, destac\u00f3 que Giofarma cuenta con promociones exclusivas para la temporada de verano, reforzando su compromiso de estar siempre cerca de los clientes con calidad y beneficios directos. \u00abLos esperamos en nuestras sucursales para conocer todo lo nuevo que tenemos para esta \u00e9poca\u00bb, concluy\u00f3<\/p>\n\n\n\n<p>Entrevista con: Victoria Calatayud (Atencion al cliente)<\/p>\n","protected":false},"excerpt":{"rendered":"<p>Este 22 de diciembre, la Argentina celebra el D\u00eda del Empleado de Farmacia, una jornada que rinde homenaje a quienes son el primer eslab\u00f3n de atenci\u00f3n en el sistema sanitario. En nuestra ciudad, Giofarma se posiciona a la vanguardia, no solo por su amplia red de sucursales, sino por el profesionalismo de su capital humano. [&hellip;]<\/p>\n","protected":false},"author":2,"featured_media":53005,"comment_status":"open","ping_status":"closed","sticky":false,"template":"","format":"standard","meta":{"footnotes":""},"categories":[47],"tags":[554,3984,4743],"class_list":["post-53004","post","type-post","status-publish","format-standard","has-post-thumbnail","hentry","category-sociedad","tag-dia","tag-empleado","tag-farmacia"],"yoast_head":"<!-- This site is optimized with the Yoast SEO plugin v27.5 - https:\/\/yoast.com\/product\/yoast-seo-wordpress\/ -->\n<title>D\u00eda del Empleado de Farmacia: Giofarma a la vanguardia | CVI NOTICIAS<\/title>\n<meta name=\"description\" content=\"Este 22 de diciembre se celebra el D\u00eda del Empleado de Farmacia y Giofarma destaca por su servicio y atenci\u00f3n.\" \/>\n<meta name=\"robots\" content=\"index, follow, max-snippet:-1, max-image-preview:large, max-video-preview:-1\" \/>\n<link rel=\"canonical\" href=\"https:\/\/cvinoticias.com\/v3\/dia-del-empleado-de-farmacia-giofarma-a-la-vanguardia-en-el-servicio-y-atencion-a-la-comunidad\/\" \/>\n<meta property=\"og:locale\" content=\"es_ES\" \/>\n<meta property=\"og:type\" content=\"article\" \/>\n<meta property=\"og:title\" content=\"D\u00eda del Empleado de Farmacia: Giofarma a la vanguardia | CVI NOTICIAS\" \/>\n<meta property=\"og:description\" content=\"Este 22 de diciembre se celebra el D\u00eda del Empleado de Farmacia y Giofarma destaca por su servicio y atenci\u00f3n.\" \/>\n<meta property=\"og:url\" content=\"https:\/\/cvinoticias.com\/v3\/dia-del-empleado-de-farmacia-giofarma-a-la-vanguardia-en-el-servicio-y-atencion-a-la-comunidad\/\" \/>\n<meta property=\"og:site_name\" content=\"CVI NOTICIAS\" \/>\n<meta property=\"article:publisher\" content=\"https:\/\/www.facebook.com\/cvinoticias\" \/>\n<meta property=\"article:published_time\" content=\"2025-12-22T18:29:04+00:00\" \/>\n<meta property=\"article:modified_time\" content=\"2025-12-23T11:11:28+00:00\" \/>\n<meta property=\"og:image\" content=\"https:\/\/cvinoticias.com\/wp-content\/uploads\/2025\/12\/1-43.jpeg\" \/>\n\t<meta property=\"og:image:width\" content=\"1280\" \/>\n\t<meta property=\"og:image:height\" content=\"960\" \/>\n\t<meta property=\"og:image:type\" content=\"image\/jpeg\" \/>\n<meta name=\"author\" content=\"f1000024\" \/>\n<meta name=\"twitter:card\" content=\"summary_large_image\" \/>\n<meta name=\"twitter:label1\" content=\"Escrito por\" \/>\n\t<meta name=\"twitter:data1\" content=\"f1000024\" \/>\n\t<meta name=\"twitter:label2\" content=\"Tiempo de lectura\" \/>\n\t<meta name=\"twitter:data2\" content=\"2 minutos\" \/>\n<script type=\"application\/ld+json\" class=\"yoast-schema-graph\">{\"@context\":\"https:\\\/\\\/schema.org\",\"@graph\":[{\"@type\":\"Article\",\"@id\":\"https:\\\/\\\/cvinoticias.com\\\/v3\\\/dia-del-empleado-de-farmacia-giofarma-a-la-vanguardia-en-el-servicio-y-atencion-a-la-comunidad\\\/#article\",\"isPartOf\":{\"@id\":\"https:\\\/\\\/cvinoticias.com\\\/v3\\\/dia-del-empleado-de-farmacia-giofarma-a-la-vanguardia-en-el-servicio-y-atencion-a-la-comunidad\\\/\"},\"author\":{\"name\":\"f1000024\",\"@id\":\"https:\\\/\\\/cvinoticias.com\\\/v3\\\/#\\\/schema\\\/person\\\/2db77e3c6bc03c538495d7b2b8be9b66\"},\"headline\":\"D\u00eda del Empleado de Farmacia: Giofarma a la vanguardia en el servicio y atenci\u00f3n a la comunidad\",\"datePublished\":\"2025-12-22T18:29:04+00:00\",\"dateModified\":\"2025-12-23T11:11:28+00:00\",\"mainEntityOfPage\":{\"@id\":\"https:\\\/\\\/cvinoticias.com\\\/v3\\\/dia-del-empleado-de-farmacia-giofarma-a-la-vanguardia-en-el-servicio-y-atencion-a-la-comunidad\\\/\"},\"wordCount\":207,\"commentCount\":0,\"publisher\":{\"@id\":\"https:\\\/\\\/cvinoticias.com\\\/v3\\\/#organization\"},\"image\":{\"@id\":\"https:\\\/\\\/cvinoticias.com\\\/v3\\\/dia-del-empleado-de-farmacia-giofarma-a-la-vanguardia-en-el-servicio-y-atencion-a-la-comunidad\\\/#primaryimage\"},\"thumbnailUrl\":\"https:\\\/\\\/cvinoticias.com\\\/wp-content\\\/uploads\\\/2025\\\/12\\\/1-43.jpeg\",\"keywords\":[\"D\u00eda\",\"Empleado\",\"farmacia\"],\"articleSection\":[\"Sociedad\"],\"inLanguage\":\"es\",\"potentialAction\":[{\"@type\":\"CommentAction\",\"name\":\"Comment\",\"target\":[\"https:\\\/\\\/cvinoticias.com\\\/v3\\\/dia-del-empleado-de-farmacia-giofarma-a-la-vanguardia-en-el-servicio-y-atencion-a-la-comunidad\\\/#respond\"]}]},{\"@type\":\"WebPage\",\"@id\":\"https:\\\/\\\/cvinoticias.com\\\/v3\\\/dia-del-empleado-de-farmacia-giofarma-a-la-vanguardia-en-el-servicio-y-atencion-a-la-comunidad\\\/\",\"url\":\"https:\\\/\\\/cvinoticias.com\\\/v3\\\/dia-del-empleado-de-farmacia-giofarma-a-la-vanguardia-en-el-servicio-y-atencion-a-la-comunidad\\\/\",\"name\":\"D\u00eda del Empleado de Farmacia: Giofarma a la vanguardia | CVI NOTICIAS\",\"isPartOf\":{\"@id\":\"https:\\\/\\\/cvinoticias.com\\\/v3\\\/#website\"},\"primaryImageOfPage\":{\"@id\":\"https:\\\/\\\/cvinoticias.com\\\/v3\\\/dia-del-empleado-de-farmacia-giofarma-a-la-vanguardia-en-el-servicio-y-atencion-a-la-comunidad\\\/#primaryimage\"},\"image\":{\"@id\":\"https:\\\/\\\/cvinoticias.com\\\/v3\\\/dia-del-empleado-de-farmacia-giofarma-a-la-vanguardia-en-el-servicio-y-atencion-a-la-comunidad\\\/#primaryimage\"},\"thumbnailUrl\":\"https:\\\/\\\/cvinoticias.com\\\/wp-content\\\/uploads\\\/2025\\\/12\\\/1-43.jpeg\",\"datePublished\":\"2025-12-22T18:29:04+00:00\",\"dateModified\":\"2025-12-23T11:11:28+00:00\",\"description\":\"Este 22 de diciembre se celebra el D\u00eda del Empleado de Farmacia y Giofarma destaca por su servicio y atenci\u00f3n.\",\"breadcrumb\":{\"@id\":\"https:\\\/\\\/cvinoticias.com\\\/v3\\\/dia-del-empleado-de-farmacia-giofarma-a-la-vanguardia-en-el-servicio-y-atencion-a-la-comunidad\\\/#breadcrumb\"},\"inLanguage\":\"es\",\"potentialAction\":[{\"@type\":\"ReadAction\",\"target\":[\"https:\\\/\\\/cvinoticias.com\\\/v3\\\/dia-del-empleado-de-farmacia-giofarma-a-la-vanguardia-en-el-servicio-y-atencion-a-la-comunidad\\\/\"]}]},{\"@type\":\"ImageObject\",\"inLanguage\":\"es\",\"@id\":\"https:\\\/\\\/cvinoticias.com\\\/v3\\\/dia-del-empleado-de-farmacia-giofarma-a-la-vanguardia-en-el-servicio-y-atencion-a-la-comunidad\\\/#primaryimage\",\"url\":\"https:\\\/\\\/cvinoticias.com\\\/wp-content\\\/uploads\\\/2025\\\/12\\\/1-43.jpeg\",\"contentUrl\":\"https:\\\/\\\/cvinoticias.com\\\/wp-content\\\/uploads\\\/2025\\\/12\\\/1-43.jpeg\",\"width\":1280,\"height\":960},{\"@type\":\"BreadcrumbList\",\"@id\":\"https:\\\/\\\/cvinoticias.com\\\/v3\\\/dia-del-empleado-de-farmacia-giofarma-a-la-vanguardia-en-el-servicio-y-atencion-a-la-comunidad\\\/#breadcrumb\",\"itemListElement\":[{\"@type\":\"ListItem\",\"position\":1,\"name\":\"Portada\",\"item\":\"https:\\\/\\\/cvinoticias.com\\\/v3\\\/\"},{\"@type\":\"ListItem\",\"position\":2,\"name\":\"D\u00eda del Empleado de Farmacia: Giofarma a la vanguardia en el servicio y atenci\u00f3n a la comunidad\"}]},{\"@type\":\"WebSite\",\"@id\":\"https:\\\/\\\/cvinoticias.com\\\/v3\\\/#website\",\"url\":\"https:\\\/\\\/cvinoticias.com\\\/v3\\\/\",\"name\":\"CVI NOTICIAS\",\"description\":\"\",\"publisher\":{\"@id\":\"https:\\\/\\\/cvinoticias.com\\\/v3\\\/#organization\"},\"alternateName\":\"CVI\",\"potentialAction\":[{\"@type\":\"SearchAction\",\"target\":{\"@type\":\"EntryPoint\",\"urlTemplate\":\"https:\\\/\\\/cvinoticias.com\\\/v3\\\/?s={search_term_string}\"},\"query-input\":{\"@type\":\"PropertyValueSpecification\",\"valueRequired\":true,\"valueName\":\"search_term_string\"}}],\"inLanguage\":\"es\"},{\"@type\":\"Organization\",\"@id\":\"https:\\\/\\\/cvinoticias.com\\\/v3\\\/#organization\",\"name\":\"CVI NOTICIAS\",\"url\":\"https:\\\/\\\/cvinoticias.com\\\/v3\\\/\",\"logo\":{\"@type\":\"ImageObject\",\"inLanguage\":\"es\",\"@id\":\"https:\\\/\\\/cvinoticias.com\\\/v3\\\/#\\\/schema\\\/logo\\\/image\\\/\",\"url\":\"https:\\\/\\\/cvinoticias.com\\\/wp-content\\\/uploads\\\/2023\\\/04\\\/cropped-cropped-cropped-cropped-cropped-3-1.png\",\"contentUrl\":\"https:\\\/\\\/cvinoticias.com\\\/wp-content\\\/uploads\\\/2023\\\/04\\\/cropped-cropped-cropped-cropped-cropped-3-1.png\",\"width\":95,\"height\":122,\"caption\":\"CVI NOTICIAS\"},\"image\":{\"@id\":\"https:\\\/\\\/cvinoticias.com\\\/v3\\\/#\\\/schema\\\/logo\\\/image\\\/\"},\"sameAs\":[\"https:\\\/\\\/www.facebook.com\\\/cvinoticias\",\"https:\\\/\\\/www.instagram.com\\\/cvinoticias\\\/\",\"https:\\\/\\\/www.youtube.com\\\/@CVINOTICIAS\"]},{\"@type\":\"Person\",\"@id\":\"https:\\\/\\\/cvinoticias.com\\\/v3\\\/#\\\/schema\\\/person\\\/2db77e3c6bc03c538495d7b2b8be9b66\",\"name\":\"f1000024\",\"image\":{\"@type\":\"ImageObject\",\"inLanguage\":\"es\",\"@id\":\"https:\\\/\\\/secure.gravatar.com\\\/avatar\\\/d4fe7459cfc51ff5129ce1a732bbef5928568b8092d412ef95611616376bbeed?s=96&d=mm&r=g\",\"url\":\"https:\\\/\\\/secure.gravatar.com\\\/avatar\\\/d4fe7459cfc51ff5129ce1a732bbef5928568b8092d412ef95611616376bbeed?s=96&d=mm&r=g\",\"contentUrl\":\"https:\\\/\\\/secure.gravatar.com\\\/avatar\\\/d4fe7459cfc51ff5129ce1a732bbef5928568b8092d412ef95611616376bbeed?s=96&d=mm&r=g\",\"caption\":\"f1000024\"},\"url\":\"https:\\\/\\\/cvinoticias.com\\\/v3\\\/author\\\/f1000024\\\/\"}]}<\/script>\n<!-- \/ Yoast SEO plugin. -->","yoast_head_json":{"title":"D\u00eda del Empleado de Farmacia: Giofarma a la vanguardia | CVI NOTICIAS","description":"Este 22 de diciembre se celebra el D\u00eda del Empleado de Farmacia y Giofarma destaca por su servicio y atenci\u00f3n.","robots":{"index":"index","follow":"follow","max-snippet":"max-snippet:-1","max-image-preview":"max-image-preview:large","max-video-preview":"max-video-preview:-1"},"canonical":"https:\/\/cvinoticias.com\/v3\/dia-del-empleado-de-farmacia-giofarma-a-la-vanguardia-en-el-servicio-y-atencion-a-la-comunidad\/","og_locale":"es_ES","og_type":"article","og_title":"D\u00eda del Empleado de Farmacia: Giofarma a la vanguardia | CVI NOTICIAS","og_description":"Este 22 de diciembre se celebra el D\u00eda del Empleado de Farmacia y Giofarma destaca por su servicio y atenci\u00f3n.","og_url":"https:\/\/cvinoticias.com\/v3\/dia-del-empleado-de-farmacia-giofarma-a-la-vanguardia-en-el-servicio-y-atencion-a-la-comunidad\/","og_site_name":"CVI NOTICIAS","article_publisher":"https:\/\/www.facebook.com\/cvinoticias","article_published_time":"2025-12-22T18:29:04+00:00","article_modified_time":"2025-12-23T11:11:28+00:00","og_image":[{"width":1280,"height":960,"url":"https:\/\/cvinoticias.com\/wp-content\/uploads\/2025\/12\/1-43.jpeg","type":"image\/jpeg"}],"author":"f1000024","twitter_card":"summary_large_image","twitter_misc":{"Escrito por":"f1000024","Tiempo de lectura":"2 minutos"},"schema":{"@context":"https:\/\/schema.org","@graph":[{"@type":"Article","@id":"https:\/\/cvinoticias.com\/v3\/dia-del-empleado-de-farmacia-giofarma-a-la-vanguardia-en-el-servicio-y-atencion-a-la-comunidad\/#article","isPartOf":{"@id":"https:\/\/cvinoticias.com\/v3\/dia-del-empleado-de-farmacia-giofarma-a-la-vanguardia-en-el-servicio-y-atencion-a-la-comunidad\/"},"author":{"name":"f1000024","@id":"https:\/\/cvinoticias.com\/v3\/#\/schema\/person\/2db77e3c6bc03c538495d7b2b8be9b66"},"headline":"D\u00eda del Empleado de Farmacia: Giofarma a la vanguardia en el servicio y atenci\u00f3n a la comunidad","datePublished":"2025-12-22T18:29:04+00:00","dateModified":"2025-12-23T11:11:28+00:00","mainEntityOfPage":{"@id":"https:\/\/cvinoticias.com\/v3\/dia-del-empleado-de-farmacia-giofarma-a-la-vanguardia-en-el-servicio-y-atencion-a-la-comunidad\/"},"wordCount":207,"commentCount":0,"publisher":{"@id":"https:\/\/cvinoticias.com\/v3\/#organization"},"image":{"@id":"https:\/\/cvinoticias.com\/v3\/dia-del-empleado-de-farmacia-giofarma-a-la-vanguardia-en-el-servicio-y-atencion-a-la-comunidad\/#primaryimage"},"thumbnailUrl":"https:\/\/cvinoticias.com\/wp-content\/uploads\/2025\/12\/1-43.jpeg","keywords":["D\u00eda","Empleado","farmacia"],"articleSection":["Sociedad"],"inLanguage":"es","potentialAction":[{"@type":"CommentAction","name":"Comment","target":["https:\/\/cvinoticias.com\/v3\/dia-del-empleado-de-farmacia-giofarma-a-la-vanguardia-en-el-servicio-y-atencion-a-la-comunidad\/#respond"]}]},{"@type":"WebPage","@id":"https:\/\/cvinoticias.com\/v3\/dia-del-empleado-de-farmacia-giofarma-a-la-vanguardia-en-el-servicio-y-atencion-a-la-comunidad\/","url":"https:\/\/cvinoticias.com\/v3\/dia-del-empleado-de-farmacia-giofarma-a-la-vanguardia-en-el-servicio-y-atencion-a-la-comunidad\/","name":"D\u00eda del Empleado de Farmacia: Giofarma a la vanguardia | CVI NOTICIAS","isPartOf":{"@id":"https:\/\/cvinoticias.com\/v3\/#website"},"primaryImageOfPage":{"@id":"https:\/\/cvinoticias.com\/v3\/dia-del-empleado-de-farmacia-giofarma-a-la-vanguardia-en-el-servicio-y-atencion-a-la-comunidad\/#primaryimage"},"image":{"@id":"https:\/\/cvinoticias.com\/v3\/dia-del-empleado-de-farmacia-giofarma-a-la-vanguardia-en-el-servicio-y-atencion-a-la-comunidad\/#primaryimage"},"thumbnailUrl":"https:\/\/cvinoticias.com\/wp-content\/uploads\/2025\/12\/1-43.jpeg","datePublished":"2025-12-22T18:29:04+00:00","dateModified":"2025-12-23T11:11:28+00:00","description":"Este 22 de diciembre se celebra el D\u00eda del Empleado de Farmacia y Giofarma destaca por su servicio y atenci\u00f3n.","breadcrumb":{"@id":"https:\/\/cvinoticias.com\/v3\/dia-del-empleado-de-farmacia-giofarma-a-la-vanguardia-en-el-servicio-y-atencion-a-la-comunidad\/#breadcrumb"},"inLanguage":"es","potentialAction":[{"@type":"ReadAction","target":["https:\/\/cvinoticias.com\/v3\/dia-del-empleado-de-farmacia-giofarma-a-la-vanguardia-en-el-servicio-y-atencion-a-la-comunidad\/"]}]},{"@type":"ImageObject","inLanguage":"es","@id":"https:\/\/cvinoticias.com\/v3\/dia-del-empleado-de-farmacia-giofarma-a-la-vanguardia-en-el-servicio-y-atencion-a-la-comunidad\/#primaryimage","url":"https:\/\/cvinoticias.com\/wp-content\/uploads\/2025\/12\/1-43.jpeg","contentUrl":"https:\/\/cvinoticias.com\/wp-content\/uploads\/2025\/12\/1-43.jpeg","width":1280,"height":960},{"@type":"BreadcrumbList","@id":"https:\/\/cvinoticias.com\/v3\/dia-del-empleado-de-farmacia-giofarma-a-la-vanguardia-en-el-servicio-y-atencion-a-la-comunidad\/#breadcrumb","itemListElement":[{"@type":"ListItem","position":1,"name":"Portada","item":"https:\/\/cvinoticias.com\/v3\/"},{"@type":"ListItem","position":2,"name":"D\u00eda del Empleado de Farmacia: Giofarma a la vanguardia en el servicio y atenci\u00f3n a la comunidad"}]},{"@type":"WebSite","@id":"https:\/\/cvinoticias.com\/v3\/#website","url":"https:\/\/cvinoticias.com\/v3\/","name":"CVI NOTICIAS","description":"","publisher":{"@id":"https:\/\/cvinoticias.com\/v3\/#organization"},"alternateName":"CVI","potentialAction":[{"@type":"SearchAction","target":{"@type":"EntryPoint","urlTemplate":"https:\/\/cvinoticias.com\/v3\/?s={search_term_string}"},"query-input":{"@type":"PropertyValueSpecification","valueRequired":true,"valueName":"search_term_string"}}],"inLanguage":"es"},{"@type":"Organization","@id":"https:\/\/cvinoticias.com\/v3\/#organization","name":"CVI NOTICIAS","url":"https:\/\/cvinoticias.com\/v3\/","logo":{"@type":"ImageObject","inLanguage":"es","@id":"https:\/\/cvinoticias.com\/v3\/#\/schema\/logo\/image\/","url":"https:\/\/cvinoticias.com\/wp-content\/uploads\/2023\/04\/cropped-cropped-cropped-cropped-cropped-3-1.png","contentUrl":"https:\/\/cvinoticias.com\/wp-content\/uploads\/2023\/04\/cropped-cropped-cropped-cropped-cropped-3-1.png","width":95,"height":122,"caption":"CVI NOTICIAS"},"image":{"@id":"https:\/\/cvinoticias.com\/v3\/#\/schema\/logo\/image\/"},"sameAs":["https:\/\/www.facebook.com\/cvinoticias","https:\/\/www.instagram.com\/cvinoticias\/","https:\/\/www.youtube.com\/@CVINOTICIAS"]},{"@type":"Person","@id":"https:\/\/cvinoticias.com\/v3\/#\/schema\/person\/2db77e3c6bc03c538495d7b2b8be9b66","name":"f1000024","image":{"@type":"ImageObject","inLanguage":"es","@id":"https:\/\/secure.gravatar.com\/avatar\/d4fe7459cfc51ff5129ce1a732bbef5928568b8092d412ef95611616376bbeed?s=96&d=mm&r=g","url":"https:\/\/secure.gravatar.com\/avatar\/d4fe7459cfc51ff5129ce1a732bbef5928568b8092d412ef95611616376bbeed?s=96&d=mm&r=g","contentUrl":"https:\/\/secure.gravatar.com\/avatar\/d4fe7459cfc51ff5129ce1a732bbef5928568b8092d412ef95611616376bbeed?s=96&d=mm&r=g","caption":"f1000024"},"url":"https:\/\/cvinoticias.com\/v3\/author\/f1000024\/"}]}},"_links":{"self":[{"href":"https:\/\/cvinoticias.com\/v3\/wp-json\/wp\/v2\/posts\/53004","targetHints":{"allow":["GET"]}}],"collection":[{"href":"https:\/\/cvinoticias.com\/v3\/wp-json\/wp\/v2\/posts"}],"about":[{"href":"https:\/\/cvinoticias.com\/v3\/wp-json\/wp\/v2\/types\/post"}],"author":[{"embeddable":true,"href":"https:\/\/cvinoticias.com\/v3\/wp-json\/wp\/v2\/users\/2"}],"replies":[{"embeddable":true,"href":"https:\/\/cvinoticias.com\/v3\/wp-json\/wp\/v2\/comments?post=53004"}],"version-history":[{"count":1,"href":"https:\/\/cvinoticias.com\/v3\/wp-json\/wp\/v2\/posts\/53004\/revisions"}],"predecessor-version":[{"id":53006,"href":"https:\/\/cvinoticias.com\/v3\/wp-json\/wp\/v2\/posts\/53004\/revisions\/53006"}],"wp:featuredmedia":[{"embeddable":true,"href":"https:\/\/cvinoticias.com\/v3\/wp-json\/wp\/v2\/media\/53005"}],"wp:attachment":[{"href":"https:\/\/cvinoticias.com\/v3\/wp-json\/wp\/v2\/media?parent=53004"}],"wp:term":[{"taxonomy":"category","embeddable":true,"href":"https:\/\/cvinoticias.com\/v3\/wp-json\/wp\/v2\/categories?post=53004"},{"taxonomy":"post_tag","embeddable":true,"href":"https:\/\/cvinoticias.com\/v3\/wp-json\/wp\/v2\/tags?post=53004"}],"curies":[{"name":"wp","href":"https:\/\/api.w.org\/{rel}","templated":true}]}}