{"id":52902,"date":"2025-12-18T14:45:55","date_gmt":"2025-12-18T17:45:55","guid":{"rendered":"https:\/\/cvinoticias.com\/v3\/?p=52902"},"modified":"2025-12-19T08:40:11","modified_gmt":"2025-12-19T11:40:11","slug":"jornada-del-cge-sobre-modernizacion-administrativa-y-seguridad-educativa","status":"publish","type":"post","link":"https:\/\/cvinoticias.com\/v3\/jornada-del-cge-sobre-modernizacion-administrativa-y-seguridad-educativa\/","title":{"rendered":"Jornada del CGE sobre modernizaci\u00f3n administrativa y seguridad educativa"},"content":{"rendered":"\n<p>Se llev\u00f3 a cabo en nuestra ciudad una importante jornada informativa destinada a docentes y equipos interdisciplinarios con el fin de fortalecer el sistema educativo provincial. En di\u00e1logo con CVI Noticias, la presidenta del Consejo General de Educaci\u00f3n, Daniela L\u00f3pez, se\u00f1al\u00f3 que el encuentro fue fundamental para abordar temas centrales como la modernizaci\u00f3n administrativa y la seguridad educativa, brindando herramientas y claridad a los profesionales frente a los procesos de digitalizaci\u00f3n que requiere el sistema actual.<\/p>\n\n\n\n<p>\u200bDurante la actividad se avanz\u00f3 en la implementaci\u00f3n de recursos digitales clave como el RADP (Registro Anual de Desempe\u00f1o Profesional) y el SiRyC (Sistema de Registros y Codificaci\u00f3n de Certificados). Asimismo, se trabajaron los protocolos de prevenci\u00f3n de conductas suicidas, los lineamientos para garantizar viajes estudiantiles seguros y los alcances de t\u00edtulos que se debaten en las mesas t\u00e9cnicas pedag\u00f3gicas, reforzando la responsabilidad del Estado en acompa\u00f1ar estos procesos con herramientas concretas.<\/p>\n\n\n\n<p>\u200bPor su parte, Damaris Fern\u00e1ndez, integrante del Gabinete Pedag\u00f3gico Interdisciplinario (GPI), puso especial \u00e9nfasis en la salud mental y la din\u00e1mica de trabajo con el cuerpo docente. Fern\u00e1ndez destac\u00f3 que el objetivo principal es abordar las diferentes problem\u00e1ticas que suceden en el \u00e1mbito escolar de manera integral, poni\u00e9ndose a disposici\u00f3n de las instituciones para acompa\u00f1ar a los equipos durante el pr\u00f3ximo ciclo lectivo 2026 y asegurar un entorno de contenci\u00f3n dentro de las escuelas.<\/p>\n\n\n\n<figure class=\"wp-block-gallery has-nested-images columns-default is-cropped wp-block-gallery-1 is-layout-flex wp-block-gallery-is-layout-flex\">\n<figure class=\"wp-block-image size-large\"><a href=\"https:\/\/cvinoticias.com\/wp-content\/uploads\/2025\/12\/2-28.jpeg\"><img decoding=\"async\" width=\"1024\" height=\"576\" data-id=\"52904\" data-src=\"https:\/\/cvinoticias.com\/wp-content\/uploads\/2025\/12\/2-28-1024x576.jpeg\" alt=\"\" class=\"wp-image-52904 lazyload\" data-srcset=\"https:\/\/cvinoticias.com\/wp-content\/uploads\/2025\/12\/2-28-1024x576.jpeg 1024w, https:\/\/cvinoticias.com\/wp-content\/uploads\/2025\/12\/2-28-300x169.jpeg 300w, https:\/\/cvinoticias.com\/wp-content\/uploads\/2025\/12\/2-28-768x432.jpeg 768w, https:\/\/cvinoticias.com\/wp-content\/uploads\/2025\/12\/2-28.jpeg 1280w\" data-sizes=\"(max-width: 1024px) 100vw, 1024px\" src=\"data:image\/svg+xml;base64,PHN2ZyB3aWR0aD0iMSIgaGVpZ2h0PSIxIiB4bWxucz0iaHR0cDovL3d3dy53My5vcmcvMjAwMC9zdmciPjwvc3ZnPg==\" style=\"--smush-placeholder-width: 1024px; --smush-placeholder-aspect-ratio: 1024\/576;\" \/><\/a><\/figure>\n\n\n\n<figure class=\"wp-block-image size-large\"><a href=\"https:\/\/cvinoticias.com\/wp-content\/uploads\/2025\/12\/3-18.jpeg\"><img decoding=\"async\" width=\"1024\" height=\"576\" data-id=\"52905\" data-src=\"https:\/\/cvinoticias.com\/wp-content\/uploads\/2025\/12\/3-18-1024x576.jpeg\" alt=\"\" class=\"wp-image-52905 lazyload\" data-srcset=\"https:\/\/cvinoticias.com\/wp-content\/uploads\/2025\/12\/3-18-1024x576.jpeg 1024w, https:\/\/cvinoticias.com\/wp-content\/uploads\/2025\/12\/3-18-300x169.jpeg 300w, https:\/\/cvinoticias.com\/wp-content\/uploads\/2025\/12\/3-18-768x432.jpeg 768w, https:\/\/cvinoticias.com\/wp-content\/uploads\/2025\/12\/3-18.jpeg 1280w\" data-sizes=\"(max-width: 1024px) 100vw, 1024px\" src=\"data:image\/svg+xml;base64,PHN2ZyB3aWR0aD0iMSIgaGVpZ2h0PSIxIiB4bWxucz0iaHR0cDovL3d3dy53My5vcmcvMjAwMC9zdmciPjwvc3ZnPg==\" style=\"--smush-placeholder-width: 1024px; --smush-placeholder-aspect-ratio: 1024\/576;\" \/><\/a><\/figure>\n<\/figure>\n\n\n\n<p>Entrevista con: Daniela L\u00f3pez (Pdte. Consejo General de Educaci\u00f3n) y Damaris Fernandez (Integrante del Gabinete Pedag\u00f3gico Interdisciplinario)<\/p>\n","protected":false},"excerpt":{"rendered":"<p>Se llev\u00f3 a cabo en nuestra ciudad una importante jornada informativa destinada a docentes y equipos interdisciplinarios con el fin de fortalecer el sistema educativo provincial. En di\u00e1logo con CVI Noticias, la presidenta del Consejo General de Educaci\u00f3n, Daniela L\u00f3pez, se\u00f1al\u00f3 que el encuentro fue fundamental para abordar temas centrales como la modernizaci\u00f3n administrativa y [&hellip;]<\/p>\n","protected":false},"author":2,"featured_media":52903,"comment_status":"open","ping_status":"closed","sticky":false,"template":"","format":"standard","meta":{"footnotes":""},"categories":[47],"tags":[3816,1644,165],"class_list":["post-52902","post","type-post","status-publish","format-standard","has-post-thumbnail","hentry","category-sociedad","tag-educativa","tag-jornada","tag-seguridad"],"yoast_head":"<!-- This site is optimized with the Yoast SEO plugin v27.5 - https:\/\/yoast.com\/product\/yoast-seo-wordpress\/ -->\n<title>Jornada del CGE sobre modernizaci\u00f3n y seguridad educativa | CVI NOTICIAS<\/title>\n<meta name=\"robots\" content=\"index, follow, max-snippet:-1, max-image-preview:large, max-video-preview:-1\" \/>\n<link rel=\"canonical\" href=\"https:\/\/cvinoticias.com\/v3\/jornada-del-cge-sobre-modernizacion-administrativa-y-seguridad-educativa\/\" \/>\n<meta property=\"og:locale\" content=\"es_ES\" \/>\n<meta property=\"og:type\" content=\"article\" \/>\n<meta property=\"og:title\" content=\"Jornada del CGE sobre modernizaci\u00f3n y seguridad educativa | CVI NOTICIAS\" \/>\n<meta property=\"og:description\" content=\"Se llev\u00f3 a cabo en nuestra ciudad una importante jornada informativa destinada a docentes y equipos interdisciplinarios con el fin de fortalecer el sistema educativo provincial. En di\u00e1logo con CVI Noticias, la presidenta del Consejo General de Educaci\u00f3n, Daniela L\u00f3pez, se\u00f1al\u00f3 que el encuentro fue fundamental para abordar temas centrales como la modernizaci\u00f3n administrativa y [&hellip;]\" \/>\n<meta property=\"og:url\" content=\"https:\/\/cvinoticias.com\/v3\/jornada-del-cge-sobre-modernizacion-administrativa-y-seguridad-educativa\/\" \/>\n<meta property=\"og:site_name\" content=\"CVI NOTICIAS\" \/>\n<meta property=\"article:publisher\" content=\"https:\/\/www.facebook.com\/cvinoticias\" \/>\n<meta property=\"article:published_time\" content=\"2025-12-18T17:45:55+00:00\" \/>\n<meta property=\"article:modified_time\" content=\"2025-12-19T11:40:11+00:00\" \/>\n<meta property=\"og:image\" content=\"https:\/\/cvinoticias.com\/wp-content\/uploads\/2025\/12\/1-37.jpeg\" \/>\n\t<meta property=\"og:image:width\" content=\"1280\" \/>\n\t<meta property=\"og:image:height\" content=\"720\" \/>\n\t<meta property=\"og:image:type\" content=\"image\/jpeg\" \/>\n<meta name=\"author\" content=\"f1000024\" \/>\n<meta name=\"twitter:card\" content=\"summary_large_image\" \/>\n<meta name=\"twitter:label1\" content=\"Escrito por\" \/>\n\t<meta name=\"twitter:data1\" content=\"f1000024\" \/>\n\t<meta name=\"twitter:label2\" content=\"Tiempo de lectura\" \/>\n\t<meta name=\"twitter:data2\" content=\"2 minutos\" \/>\n<script type=\"application\/ld+json\" class=\"yoast-schema-graph\">{\"@context\":\"https:\\\/\\\/schema.org\",\"@graph\":[{\"@type\":\"Article\",\"@id\":\"https:\\\/\\\/cvinoticias.com\\\/v3\\\/jornada-del-cge-sobre-modernizacion-administrativa-y-seguridad-educativa\\\/#article\",\"isPartOf\":{\"@id\":\"https:\\\/\\\/cvinoticias.com\\\/v3\\\/jornada-del-cge-sobre-modernizacion-administrativa-y-seguridad-educativa\\\/\"},\"author\":{\"name\":\"f1000024\",\"@id\":\"https:\\\/\\\/cvinoticias.com\\\/v3\\\/#\\\/schema\\\/person\\\/2db77e3c6bc03c538495d7b2b8be9b66\"},\"headline\":\"Jornada del CGE sobre modernizaci\u00f3n administrativa y seguridad educativa\",\"datePublished\":\"2025-12-18T17:45:55+00:00\",\"dateModified\":\"2025-12-19T11:40:11+00:00\",\"mainEntityOfPage\":{\"@id\":\"https:\\\/\\\/cvinoticias.com\\\/v3\\\/jornada-del-cge-sobre-modernizacion-administrativa-y-seguridad-educativa\\\/\"},\"wordCount\":275,\"commentCount\":0,\"publisher\":{\"@id\":\"https:\\\/\\\/cvinoticias.com\\\/v3\\\/#organization\"},\"image\":{\"@id\":\"https:\\\/\\\/cvinoticias.com\\\/v3\\\/jornada-del-cge-sobre-modernizacion-administrativa-y-seguridad-educativa\\\/#primaryimage\"},\"thumbnailUrl\":\"https:\\\/\\\/cvinoticias.com\\\/wp-content\\\/uploads\\\/2025\\\/12\\\/1-37.jpeg\",\"keywords\":[\"educativa\",\"jornada\",\"seguridad\"],\"articleSection\":[\"Sociedad\"],\"inLanguage\":\"es\",\"potentialAction\":[{\"@type\":\"CommentAction\",\"name\":\"Comment\",\"target\":[\"https:\\\/\\\/cvinoticias.com\\\/v3\\\/jornada-del-cge-sobre-modernizacion-administrativa-y-seguridad-educativa\\\/#respond\"]}]},{\"@type\":\"WebPage\",\"@id\":\"https:\\\/\\\/cvinoticias.com\\\/v3\\\/jornada-del-cge-sobre-modernizacion-administrativa-y-seguridad-educativa\\\/\",\"url\":\"https:\\\/\\\/cvinoticias.com\\\/v3\\\/jornada-del-cge-sobre-modernizacion-administrativa-y-seguridad-educativa\\\/\",\"name\":\"Jornada del CGE sobre modernizaci\u00f3n y seguridad educativa | CVI NOTICIAS\",\"isPartOf\":{\"@id\":\"https:\\\/\\\/cvinoticias.com\\\/v3\\\/#website\"},\"primaryImageOfPage\":{\"@id\":\"https:\\\/\\\/cvinoticias.com\\\/v3\\\/jornada-del-cge-sobre-modernizacion-administrativa-y-seguridad-educativa\\\/#primaryimage\"},\"image\":{\"@id\":\"https:\\\/\\\/cvinoticias.com\\\/v3\\\/jornada-del-cge-sobre-modernizacion-administrativa-y-seguridad-educativa\\\/#primaryimage\"},\"thumbnailUrl\":\"https:\\\/\\\/cvinoticias.com\\\/wp-content\\\/uploads\\\/2025\\\/12\\\/1-37.jpeg\",\"datePublished\":\"2025-12-18T17:45:55+00:00\",\"dateModified\":\"2025-12-19T11:40:11+00:00\",\"breadcrumb\":{\"@id\":\"https:\\\/\\\/cvinoticias.com\\\/v3\\\/jornada-del-cge-sobre-modernizacion-administrativa-y-seguridad-educativa\\\/#breadcrumb\"},\"inLanguage\":\"es\",\"potentialAction\":[{\"@type\":\"ReadAction\",\"target\":[\"https:\\\/\\\/cvinoticias.com\\\/v3\\\/jornada-del-cge-sobre-modernizacion-administrativa-y-seguridad-educativa\\\/\"]}]},{\"@type\":\"ImageObject\",\"inLanguage\":\"es\",\"@id\":\"https:\\\/\\\/cvinoticias.com\\\/v3\\\/jornada-del-cge-sobre-modernizacion-administrativa-y-seguridad-educativa\\\/#primaryimage\",\"url\":\"https:\\\/\\\/cvinoticias.com\\\/wp-content\\\/uploads\\\/2025\\\/12\\\/1-37.jpeg\",\"contentUrl\":\"https:\\\/\\\/cvinoticias.com\\\/wp-content\\\/uploads\\\/2025\\\/12\\\/1-37.jpeg\",\"width\":1280,\"height\":720},{\"@type\":\"BreadcrumbList\",\"@id\":\"https:\\\/\\\/cvinoticias.com\\\/v3\\\/jornada-del-cge-sobre-modernizacion-administrativa-y-seguridad-educativa\\\/#breadcrumb\",\"itemListElement\":[{\"@type\":\"ListItem\",\"position\":1,\"name\":\"Portada\",\"item\":\"https:\\\/\\\/cvinoticias.com\\\/v3\\\/\"},{\"@type\":\"ListItem\",\"position\":2,\"name\":\"Jornada del CGE sobre modernizaci\u00f3n administrativa y seguridad educativa\"}]},{\"@type\":\"WebSite\",\"@id\":\"https:\\\/\\\/cvinoticias.com\\\/v3\\\/#website\",\"url\":\"https:\\\/\\\/cvinoticias.com\\\/v3\\\/\",\"name\":\"CVI NOTICIAS\",\"description\":\"\",\"publisher\":{\"@id\":\"https:\\\/\\\/cvinoticias.com\\\/v3\\\/#organization\"},\"alternateName\":\"CVI\",\"potentialAction\":[{\"@type\":\"SearchAction\",\"target\":{\"@type\":\"EntryPoint\",\"urlTemplate\":\"https:\\\/\\\/cvinoticias.com\\\/v3\\\/?s={search_term_string}\"},\"query-input\":{\"@type\":\"PropertyValueSpecification\",\"valueRequired\":true,\"valueName\":\"search_term_string\"}}],\"inLanguage\":\"es\"},{\"@type\":\"Organization\",\"@id\":\"https:\\\/\\\/cvinoticias.com\\\/v3\\\/#organization\",\"name\":\"CVI NOTICIAS\",\"url\":\"https:\\\/\\\/cvinoticias.com\\\/v3\\\/\",\"logo\":{\"@type\":\"ImageObject\",\"inLanguage\":\"es\",\"@id\":\"https:\\\/\\\/cvinoticias.com\\\/v3\\\/#\\\/schema\\\/logo\\\/image\\\/\",\"url\":\"https:\\\/\\\/cvinoticias.com\\\/wp-content\\\/uploads\\\/2023\\\/04\\\/cropped-cropped-cropped-cropped-cropped-3-1.png\",\"contentUrl\":\"https:\\\/\\\/cvinoticias.com\\\/wp-content\\\/uploads\\\/2023\\\/04\\\/cropped-cropped-cropped-cropped-cropped-3-1.png\",\"width\":95,\"height\":122,\"caption\":\"CVI NOTICIAS\"},\"image\":{\"@id\":\"https:\\\/\\\/cvinoticias.com\\\/v3\\\/#\\\/schema\\\/logo\\\/image\\\/\"},\"sameAs\":[\"https:\\\/\\\/www.facebook.com\\\/cvinoticias\",\"https:\\\/\\\/www.instagram.com\\\/cvinoticias\\\/\",\"https:\\\/\\\/www.youtube.com\\\/@CVINOTICIAS\"]},{\"@type\":\"Person\",\"@id\":\"https:\\\/\\\/cvinoticias.com\\\/v3\\\/#\\\/schema\\\/person\\\/2db77e3c6bc03c538495d7b2b8be9b66\",\"name\":\"f1000024\",\"image\":{\"@type\":\"ImageObject\",\"inLanguage\":\"es\",\"@id\":\"https:\\\/\\\/secure.gravatar.com\\\/avatar\\\/d4fe7459cfc51ff5129ce1a732bbef5928568b8092d412ef95611616376bbeed?s=96&d=mm&r=g\",\"url\":\"https:\\\/\\\/secure.gravatar.com\\\/avatar\\\/d4fe7459cfc51ff5129ce1a732bbef5928568b8092d412ef95611616376bbeed?s=96&d=mm&r=g\",\"contentUrl\":\"https:\\\/\\\/secure.gravatar.com\\\/avatar\\\/d4fe7459cfc51ff5129ce1a732bbef5928568b8092d412ef95611616376bbeed?s=96&d=mm&r=g\",\"caption\":\"f1000024\"},\"url\":\"https:\\\/\\\/cvinoticias.com\\\/v3\\\/author\\\/f1000024\\\/\"}]}<\/script>\n<!-- \/ Yoast SEO plugin. -->","yoast_head_json":{"title":"Jornada del CGE sobre modernizaci\u00f3n y seguridad educativa | CVI NOTICIAS","robots":{"index":"index","follow":"follow","max-snippet":"max-snippet:-1","max-image-preview":"max-image-preview:large","max-video-preview":"max-video-preview:-1"},"canonical":"https:\/\/cvinoticias.com\/v3\/jornada-del-cge-sobre-modernizacion-administrativa-y-seguridad-educativa\/","og_locale":"es_ES","og_type":"article","og_title":"Jornada del CGE sobre modernizaci\u00f3n y seguridad educativa | CVI NOTICIAS","og_description":"Se llev\u00f3 a cabo en nuestra ciudad una importante jornada informativa destinada a docentes y equipos interdisciplinarios con el fin de fortalecer el sistema educativo provincial. En di\u00e1logo con CVI Noticias, la presidenta del Consejo General de Educaci\u00f3n, Daniela L\u00f3pez, se\u00f1al\u00f3 que el encuentro fue fundamental para abordar temas centrales como la modernizaci\u00f3n administrativa y [&hellip;]","og_url":"https:\/\/cvinoticias.com\/v3\/jornada-del-cge-sobre-modernizacion-administrativa-y-seguridad-educativa\/","og_site_name":"CVI NOTICIAS","article_publisher":"https:\/\/www.facebook.com\/cvinoticias","article_published_time":"2025-12-18T17:45:55+00:00","article_modified_time":"2025-12-19T11:40:11+00:00","og_image":[{"width":1280,"height":720,"url":"https:\/\/cvinoticias.com\/wp-content\/uploads\/2025\/12\/1-37.jpeg","type":"image\/jpeg"}],"author":"f1000024","twitter_card":"summary_large_image","twitter_misc":{"Escrito por":"f1000024","Tiempo de lectura":"2 minutos"},"schema":{"@context":"https:\/\/schema.org","@graph":[{"@type":"Article","@id":"https:\/\/cvinoticias.com\/v3\/jornada-del-cge-sobre-modernizacion-administrativa-y-seguridad-educativa\/#article","isPartOf":{"@id":"https:\/\/cvinoticias.com\/v3\/jornada-del-cge-sobre-modernizacion-administrativa-y-seguridad-educativa\/"},"author":{"name":"f1000024","@id":"https:\/\/cvinoticias.com\/v3\/#\/schema\/person\/2db77e3c6bc03c538495d7b2b8be9b66"},"headline":"Jornada del CGE sobre modernizaci\u00f3n administrativa y seguridad educativa","datePublished":"2025-12-18T17:45:55+00:00","dateModified":"2025-12-19T11:40:11+00:00","mainEntityOfPage":{"@id":"https:\/\/cvinoticias.com\/v3\/jornada-del-cge-sobre-modernizacion-administrativa-y-seguridad-educativa\/"},"wordCount":275,"commentCount":0,"publisher":{"@id":"https:\/\/cvinoticias.com\/v3\/#organization"},"image":{"@id":"https:\/\/cvinoticias.com\/v3\/jornada-del-cge-sobre-modernizacion-administrativa-y-seguridad-educativa\/#primaryimage"},"thumbnailUrl":"https:\/\/cvinoticias.com\/wp-content\/uploads\/2025\/12\/1-37.jpeg","keywords":["educativa","jornada","seguridad"],"articleSection":["Sociedad"],"inLanguage":"es","potentialAction":[{"@type":"CommentAction","name":"Comment","target":["https:\/\/cvinoticias.com\/v3\/jornada-del-cge-sobre-modernizacion-administrativa-y-seguridad-educativa\/#respond"]}]},{"@type":"WebPage","@id":"https:\/\/cvinoticias.com\/v3\/jornada-del-cge-sobre-modernizacion-administrativa-y-seguridad-educativa\/","url":"https:\/\/cvinoticias.com\/v3\/jornada-del-cge-sobre-modernizacion-administrativa-y-seguridad-educativa\/","name":"Jornada del CGE sobre modernizaci\u00f3n y seguridad educativa | CVI NOTICIAS","isPartOf":{"@id":"https:\/\/cvinoticias.com\/v3\/#website"},"primaryImageOfPage":{"@id":"https:\/\/cvinoticias.com\/v3\/jornada-del-cge-sobre-modernizacion-administrativa-y-seguridad-educativa\/#primaryimage"},"image":{"@id":"https:\/\/cvinoticias.com\/v3\/jornada-del-cge-sobre-modernizacion-administrativa-y-seguridad-educativa\/#primaryimage"},"thumbnailUrl":"https:\/\/cvinoticias.com\/wp-content\/uploads\/2025\/12\/1-37.jpeg","datePublished":"2025-12-18T17:45:55+00:00","dateModified":"2025-12-19T11:40:11+00:00","breadcrumb":{"@id":"https:\/\/cvinoticias.com\/v3\/jornada-del-cge-sobre-modernizacion-administrativa-y-seguridad-educativa\/#breadcrumb"},"inLanguage":"es","potentialAction":[{"@type":"ReadAction","target":["https:\/\/cvinoticias.com\/v3\/jornada-del-cge-sobre-modernizacion-administrativa-y-seguridad-educativa\/"]}]},{"@type":"ImageObject","inLanguage":"es","@id":"https:\/\/cvinoticias.com\/v3\/jornada-del-cge-sobre-modernizacion-administrativa-y-seguridad-educativa\/#primaryimage","url":"https:\/\/cvinoticias.com\/wp-content\/uploads\/2025\/12\/1-37.jpeg","contentUrl":"https:\/\/cvinoticias.com\/wp-content\/uploads\/2025\/12\/1-37.jpeg","width":1280,"height":720},{"@type":"BreadcrumbList","@id":"https:\/\/cvinoticias.com\/v3\/jornada-del-cge-sobre-modernizacion-administrativa-y-seguridad-educativa\/#breadcrumb","itemListElement":[{"@type":"ListItem","position":1,"name":"Portada","item":"https:\/\/cvinoticias.com\/v3\/"},{"@type":"ListItem","position":2,"name":"Jornada del CGE sobre modernizaci\u00f3n administrativa y seguridad educativa"}]},{"@type":"WebSite","@id":"https:\/\/cvinoticias.com\/v3\/#website","url":"https:\/\/cvinoticias.com\/v3\/","name":"CVI NOTICIAS","description":"","publisher":{"@id":"https:\/\/cvinoticias.com\/v3\/#organization"},"alternateName":"CVI","potentialAction":[{"@type":"SearchAction","target":{"@type":"EntryPoint","urlTemplate":"https:\/\/cvinoticias.com\/v3\/?s={search_term_string}"},"query-input":{"@type":"PropertyValueSpecification","valueRequired":true,"valueName":"search_term_string"}}],"inLanguage":"es"},{"@type":"Organization","@id":"https:\/\/cvinoticias.com\/v3\/#organization","name":"CVI NOTICIAS","url":"https:\/\/cvinoticias.com\/v3\/","logo":{"@type":"ImageObject","inLanguage":"es","@id":"https:\/\/cvinoticias.com\/v3\/#\/schema\/logo\/image\/","url":"https:\/\/cvinoticias.com\/wp-content\/uploads\/2023\/04\/cropped-cropped-cropped-cropped-cropped-3-1.png","contentUrl":"https:\/\/cvinoticias.com\/wp-content\/uploads\/2023\/04\/cropped-cropped-cropped-cropped-cropped-3-1.png","width":95,"height":122,"caption":"CVI NOTICIAS"},"image":{"@id":"https:\/\/cvinoticias.com\/v3\/#\/schema\/logo\/image\/"},"sameAs":["https:\/\/www.facebook.com\/cvinoticias","https:\/\/www.instagram.com\/cvinoticias\/","https:\/\/www.youtube.com\/@CVINOTICIAS"]},{"@type":"Person","@id":"https:\/\/cvinoticias.com\/v3\/#\/schema\/person\/2db77e3c6bc03c538495d7b2b8be9b66","name":"f1000024","image":{"@type":"ImageObject","inLanguage":"es","@id":"https:\/\/secure.gravatar.com\/avatar\/d4fe7459cfc51ff5129ce1a732bbef5928568b8092d412ef95611616376bbeed?s=96&d=mm&r=g","url":"https:\/\/secure.gravatar.com\/avatar\/d4fe7459cfc51ff5129ce1a732bbef5928568b8092d412ef95611616376bbeed?s=96&d=mm&r=g","contentUrl":"https:\/\/secure.gravatar.com\/avatar\/d4fe7459cfc51ff5129ce1a732bbef5928568b8092d412ef95611616376bbeed?s=96&d=mm&r=g","caption":"f1000024"},"url":"https:\/\/cvinoticias.com\/v3\/author\/f1000024\/"}]}},"_links":{"self":[{"href":"https:\/\/cvinoticias.com\/v3\/wp-json\/wp\/v2\/posts\/52902","targetHints":{"allow":["GET"]}}],"collection":[{"href":"https:\/\/cvinoticias.com\/v3\/wp-json\/wp\/v2\/posts"}],"about":[{"href":"https:\/\/cvinoticias.com\/v3\/wp-json\/wp\/v2\/types\/post"}],"author":[{"embeddable":true,"href":"https:\/\/cvinoticias.com\/v3\/wp-json\/wp\/v2\/users\/2"}],"replies":[{"embeddable":true,"href":"https:\/\/cvinoticias.com\/v3\/wp-json\/wp\/v2\/comments?post=52902"}],"version-history":[{"count":1,"href":"https:\/\/cvinoticias.com\/v3\/wp-json\/wp\/v2\/posts\/52902\/revisions"}],"predecessor-version":[{"id":52906,"href":"https:\/\/cvinoticias.com\/v3\/wp-json\/wp\/v2\/posts\/52902\/revisions\/52906"}],"wp:featuredmedia":[{"embeddable":true,"href":"https:\/\/cvinoticias.com\/v3\/wp-json\/wp\/v2\/media\/52903"}],"wp:attachment":[{"href":"https:\/\/cvinoticias.com\/v3\/wp-json\/wp\/v2\/media?parent=52902"}],"wp:term":[{"taxonomy":"category","embeddable":true,"href":"https:\/\/cvinoticias.com\/v3\/wp-json\/wp\/v2\/categories?post=52902"},{"taxonomy":"post_tag","embeddable":true,"href":"https:\/\/cvinoticias.com\/v3\/wp-json\/wp\/v2\/tags?post=52902"}],"curies":[{"name":"wp","href":"https:\/\/api.w.org\/{rel}","templated":true}]}}