{"id":52896,"date":"2025-12-18T14:23:33","date_gmt":"2025-12-18T17:23:33","guid":{"rendered":"https:\/\/cvinoticias.com\/v3\/?p=52896"},"modified":"2025-12-19T08:31:52","modified_gmt":"2025-12-19T11:31:52","slug":"todo-listo-para-la-cuarta-edicion-de-la-motopapanoelada","status":"publish","type":"post","link":"https:\/\/cvinoticias.com\/v3\/todo-listo-para-la-cuarta-edicion-de-la-motopapanoelada\/","title":{"rendered":"Todo listo para la cuarta edici\u00f3n de la Motopapanoelada"},"content":{"rendered":"\n<p>La ciudad se prepara para vivir una de las jornadas m\u00e1s esperadas y solidarias del a\u00f1o. En una entrevista exclusiva con CVI Noticias, el propio Pap\u00e1 Noel extendi\u00f3 la invitaci\u00f3n a todos los vecinos y familias de Iguaz\u00fa para participar de la tercera edici\u00f3n de la \u00abMotoPapanoelada\u00bb, que se llevar\u00e1 a cabo este 20 de diciembre a partir de las 17:00 horas.<\/p>\n\n\n\n<p>\u200bLa jornada comenzar\u00e1 con una colorida caravana de motociclistas vestidos de rojo, que partir\u00e1 desde el centro comercial Punto Iguaz\u00fa con destino al Anfiteatro Ram\u00f3n Ayala. En este punto de llegada se desarrollar\u00e1 el evento central, dise\u00f1ado para el disfrute de los m\u00e1s peque\u00f1os, quienes podr\u00e1n encontrarse con Pap\u00e1 Noel y participar de una tarde cargada de sorpresas.<\/p>\n\n\n\n<p>\u200bDurante el encuentro en el anfiteatro, habr\u00e1 presentaciones de artistas locales, sesiones de baile, castillos inflables, entrega de regalos y sorteos especiales. Los organizadores destacaron que el objetivo principal sigue siendo llevar alegr\u00eda a los ni\u00f1os de la comunidad y fortalecer el esp\u00edritu solidario a trav\u00e9s de esta iniciativa que ya se ha convertido en un cl\u00e1sico de la temporada navide\u00f1a en la ciudad.<\/p>\n\n\n\n<figure class=\"wp-block-gallery has-nested-images columns-default is-cropped wp-block-gallery-1 is-layout-flex wp-block-gallery-is-layout-flex\">\n<figure class=\"wp-block-image size-large\"><a href=\"https:\/\/cvinoticias.com\/wp-content\/uploads\/2025\/12\/1-36.jpeg\"><img decoding=\"async\" width=\"1024\" height=\"683\" data-id=\"52899\" data-src=\"https:\/\/cvinoticias.com\/wp-content\/uploads\/2025\/12\/1-36-1024x683.jpeg\" alt=\"\" class=\"wp-image-52899 lazyload\" data-srcset=\"https:\/\/cvinoticias.com\/wp-content\/uploads\/2025\/12\/1-36-1024x683.jpeg 1024w, https:\/\/cvinoticias.com\/wp-content\/uploads\/2025\/12\/1-36-300x200.jpeg 300w, https:\/\/cvinoticias.com\/wp-content\/uploads\/2025\/12\/1-36-768x512.jpeg 768w, https:\/\/cvinoticias.com\/wp-content\/uploads\/2025\/12\/1-36-1536x1024.jpeg 1536w, https:\/\/cvinoticias.com\/wp-content\/uploads\/2025\/12\/1-36.jpeg 1599w\" data-sizes=\"(max-width: 1024px) 100vw, 1024px\" src=\"data:image\/svg+xml;base64,PHN2ZyB3aWR0aD0iMSIgaGVpZ2h0PSIxIiB4bWxucz0iaHR0cDovL3d3dy53My5vcmcvMjAwMC9zdmciPjwvc3ZnPg==\" style=\"--smush-placeholder-width: 1024px; --smush-placeholder-aspect-ratio: 1024\/683;\" \/><\/a><\/figure>\n\n\n\n<figure class=\"wp-block-image size-large\"><a href=\"https:\/\/cvinoticias.com\/wp-content\/uploads\/2025\/12\/2-27.jpeg\"><img decoding=\"async\" width=\"1024\" height=\"683\" data-id=\"52900\" data-src=\"https:\/\/cvinoticias.com\/wp-content\/uploads\/2025\/12\/2-27-1024x683.jpeg\" alt=\"\" class=\"wp-image-52900 lazyload\" data-srcset=\"https:\/\/cvinoticias.com\/wp-content\/uploads\/2025\/12\/2-27-1024x683.jpeg 1024w, https:\/\/cvinoticias.com\/wp-content\/uploads\/2025\/12\/2-27-300x200.jpeg 300w, https:\/\/cvinoticias.com\/wp-content\/uploads\/2025\/12\/2-27-768x512.jpeg 768w, https:\/\/cvinoticias.com\/wp-content\/uploads\/2025\/12\/2-27-1536x1024.jpeg 1536w, https:\/\/cvinoticias.com\/wp-content\/uploads\/2025\/12\/2-27.jpeg 1599w\" data-sizes=\"(max-width: 1024px) 100vw, 1024px\" src=\"data:image\/svg+xml;base64,PHN2ZyB3aWR0aD0iMSIgaGVpZ2h0PSIxIiB4bWxucz0iaHR0cDovL3d3dy53My5vcmcvMjAwMC9zdmciPjwvc3ZnPg==\" style=\"--smush-placeholder-width: 1024px; --smush-placeholder-aspect-ratio: 1024\/683;\" \/><\/a><\/figure>\n\n\n\n<figure class=\"wp-block-image size-large\"><a href=\"https:\/\/cvinoticias.com\/wp-content\/uploads\/2025\/12\/3-17.jpeg\"><img decoding=\"async\" width=\"682\" height=\"1024\" data-id=\"52898\" data-src=\"https:\/\/cvinoticias.com\/wp-content\/uploads\/2025\/12\/3-17-682x1024.jpeg\" alt=\"\" class=\"wp-image-52898 lazyload\" data-srcset=\"https:\/\/cvinoticias.com\/wp-content\/uploads\/2025\/12\/3-17-682x1024.jpeg 682w, https:\/\/cvinoticias.com\/wp-content\/uploads\/2025\/12\/3-17-200x300.jpeg 200w, https:\/\/cvinoticias.com\/wp-content\/uploads\/2025\/12\/3-17-768x1152.jpeg 768w, https:\/\/cvinoticias.com\/wp-content\/uploads\/2025\/12\/3-17.jpeg 853w\" data-sizes=\"(max-width: 682px) 100vw, 682px\" src=\"data:image\/svg+xml;base64,PHN2ZyB3aWR0aD0iMSIgaGVpZ2h0PSIxIiB4bWxucz0iaHR0cDovL3d3dy53My5vcmcvMjAwMC9zdmciPjwvc3ZnPg==\" style=\"--smush-placeholder-width: 682px; --smush-placeholder-aspect-ratio: 682\/1024;\" \/><\/a><\/figure>\n<\/figure>\n\n\n\n<p>Entrevista con: Pap\u00e1 Noel<\/p>\n","protected":false},"excerpt":{"rendered":"<p>La ciudad se prepara para vivir una de las jornadas m\u00e1s esperadas y solidarias del a\u00f1o. En una entrevista exclusiva con CVI Noticias, el propio Pap\u00e1 Noel extendi\u00f3 la invitaci\u00f3n a todos los vecinos y familias de Iguaz\u00fa para participar de la tercera edici\u00f3n de la \u00abMotoPapanoelada\u00bb, que se llevar\u00e1 a cabo este 20 de [&hellip;]<\/p>\n","protected":false},"author":2,"featured_media":52897,"comment_status":"open","ping_status":"closed","sticky":false,"template":"","format":"standard","meta":{"footnotes":""},"categories":[47],"tags":[313,633,4720],"class_list":["post-52896","post","type-post","status-publish","format-standard","has-post-thumbnail","hentry","category-sociedad","tag-iguazu","tag-moto","tag-papanoelada"],"yoast_head":"<!-- This site is optimized with the Yoast SEO plugin v27.5 - https:\/\/yoast.com\/product\/yoast-seo-wordpress\/ -->\n<title>Todo listo para la cuarta edici\u00f3n de la Motopapanoelada en Iguaz\u00fa | CVI NOTICIAS<\/title>\n<meta name=\"description\" content=\"Este 20 de diciembre se realizar\u00e1 en Iguaz\u00fa la cuarta Motopapanoelada, con caravana, shows y actividades para ni\u00f1os.\" \/>\n<meta name=\"robots\" content=\"index, follow, max-snippet:-1, max-image-preview:large, max-video-preview:-1\" \/>\n<link rel=\"canonical\" href=\"https:\/\/cvinoticias.com\/v3\/todo-listo-para-la-cuarta-edicion-de-la-motopapanoelada\/\" \/>\n<meta property=\"og:locale\" content=\"es_ES\" \/>\n<meta property=\"og:type\" content=\"article\" \/>\n<meta property=\"og:title\" content=\"Todo listo para la cuarta edici\u00f3n de la Motopapanoelada en Iguaz\u00fa | CVI NOTICIAS\" \/>\n<meta property=\"og:description\" content=\"Este 20 de diciembre se realizar\u00e1 en Iguaz\u00fa la cuarta Motopapanoelada, con caravana, shows y actividades para ni\u00f1os.\" \/>\n<meta property=\"og:url\" content=\"https:\/\/cvinoticias.com\/v3\/todo-listo-para-la-cuarta-edicion-de-la-motopapanoelada\/\" \/>\n<meta property=\"og:site_name\" content=\"CVI NOTICIAS\" \/>\n<meta property=\"article:publisher\" content=\"https:\/\/www.facebook.com\/cvinoticias\" \/>\n<meta property=\"article:published_time\" content=\"2025-12-18T17:23:33+00:00\" \/>\n<meta property=\"article:modified_time\" content=\"2025-12-19T11:31:52+00:00\" \/>\n<meta property=\"og:image\" content=\"https:\/\/cvinoticias.com\/wp-content\/uploads\/2025\/12\/moto-papanoela.jpeg\" \/>\n\t<meta property=\"og:image:width\" content=\"1280\" \/>\n\t<meta property=\"og:image:height\" content=\"720\" \/>\n\t<meta property=\"og:image:type\" content=\"image\/jpeg\" \/>\n<meta name=\"author\" content=\"f1000024\" \/>\n<meta name=\"twitter:card\" content=\"summary_large_image\" \/>\n<meta name=\"twitter:label1\" content=\"Escrito por\" \/>\n\t<meta name=\"twitter:data1\" content=\"f1000024\" \/>\n\t<meta name=\"twitter:label2\" content=\"Tiempo de lectura\" \/>\n\t<meta name=\"twitter:data2\" content=\"2 minutos\" \/>\n<script type=\"application\/ld+json\" class=\"yoast-schema-graph\">{\"@context\":\"https:\\\/\\\/schema.org\",\"@graph\":[{\"@type\":\"Article\",\"@id\":\"https:\\\/\\\/cvinoticias.com\\\/v3\\\/todo-listo-para-la-cuarta-edicion-de-la-motopapanoelada\\\/#article\",\"isPartOf\":{\"@id\":\"https:\\\/\\\/cvinoticias.com\\\/v3\\\/todo-listo-para-la-cuarta-edicion-de-la-motopapanoelada\\\/\"},\"author\":{\"name\":\"f1000024\",\"@id\":\"https:\\\/\\\/cvinoticias.com\\\/v3\\\/#\\\/schema\\\/person\\\/2db77e3c6bc03c538495d7b2b8be9b66\"},\"headline\":\"Todo listo para la cuarta edici\u00f3n de la Motopapanoelada\",\"datePublished\":\"2025-12-18T17:23:33+00:00\",\"dateModified\":\"2025-12-19T11:31:52+00:00\",\"mainEntityOfPage\":{\"@id\":\"https:\\\/\\\/cvinoticias.com\\\/v3\\\/todo-listo-para-la-cuarta-edicion-de-la-motopapanoelada\\\/\"},\"wordCount\":211,\"commentCount\":0,\"publisher\":{\"@id\":\"https:\\\/\\\/cvinoticias.com\\\/v3\\\/#organization\"},\"image\":{\"@id\":\"https:\\\/\\\/cvinoticias.com\\\/v3\\\/todo-listo-para-la-cuarta-edicion-de-la-motopapanoelada\\\/#primaryimage\"},\"thumbnailUrl\":\"https:\\\/\\\/cvinoticias.com\\\/wp-content\\\/uploads\\\/2025\\\/12\\\/moto-papanoela.jpeg\",\"keywords\":[\"Iguaz\u00fa\",\"Moto\",\"papanoelada\"],\"articleSection\":[\"Sociedad\"],\"inLanguage\":\"es\",\"potentialAction\":[{\"@type\":\"CommentAction\",\"name\":\"Comment\",\"target\":[\"https:\\\/\\\/cvinoticias.com\\\/v3\\\/todo-listo-para-la-cuarta-edicion-de-la-motopapanoelada\\\/#respond\"]}]},{\"@type\":\"WebPage\",\"@id\":\"https:\\\/\\\/cvinoticias.com\\\/v3\\\/todo-listo-para-la-cuarta-edicion-de-la-motopapanoelada\\\/\",\"url\":\"https:\\\/\\\/cvinoticias.com\\\/v3\\\/todo-listo-para-la-cuarta-edicion-de-la-motopapanoelada\\\/\",\"name\":\"Todo listo para la cuarta edici\u00f3n de la Motopapanoelada en Iguaz\u00fa | CVI NOTICIAS\",\"isPartOf\":{\"@id\":\"https:\\\/\\\/cvinoticias.com\\\/v3\\\/#website\"},\"primaryImageOfPage\":{\"@id\":\"https:\\\/\\\/cvinoticias.com\\\/v3\\\/todo-listo-para-la-cuarta-edicion-de-la-motopapanoelada\\\/#primaryimage\"},\"image\":{\"@id\":\"https:\\\/\\\/cvinoticias.com\\\/v3\\\/todo-listo-para-la-cuarta-edicion-de-la-motopapanoelada\\\/#primaryimage\"},\"thumbnailUrl\":\"https:\\\/\\\/cvinoticias.com\\\/wp-content\\\/uploads\\\/2025\\\/12\\\/moto-papanoela.jpeg\",\"datePublished\":\"2025-12-18T17:23:33+00:00\",\"dateModified\":\"2025-12-19T11:31:52+00:00\",\"description\":\"Este 20 de diciembre se realizar\u00e1 en Iguaz\u00fa la cuarta Motopapanoelada, con caravana, shows y actividades para ni\u00f1os.\",\"breadcrumb\":{\"@id\":\"https:\\\/\\\/cvinoticias.com\\\/v3\\\/todo-listo-para-la-cuarta-edicion-de-la-motopapanoelada\\\/#breadcrumb\"},\"inLanguage\":\"es\",\"potentialAction\":[{\"@type\":\"ReadAction\",\"target\":[\"https:\\\/\\\/cvinoticias.com\\\/v3\\\/todo-listo-para-la-cuarta-edicion-de-la-motopapanoelada\\\/\"]}]},{\"@type\":\"ImageObject\",\"inLanguage\":\"es\",\"@id\":\"https:\\\/\\\/cvinoticias.com\\\/v3\\\/todo-listo-para-la-cuarta-edicion-de-la-motopapanoelada\\\/#primaryimage\",\"url\":\"https:\\\/\\\/cvinoticias.com\\\/wp-content\\\/uploads\\\/2025\\\/12\\\/moto-papanoela.jpeg\",\"contentUrl\":\"https:\\\/\\\/cvinoticias.com\\\/wp-content\\\/uploads\\\/2025\\\/12\\\/moto-papanoela.jpeg\",\"width\":1280,\"height\":720},{\"@type\":\"BreadcrumbList\",\"@id\":\"https:\\\/\\\/cvinoticias.com\\\/v3\\\/todo-listo-para-la-cuarta-edicion-de-la-motopapanoelada\\\/#breadcrumb\",\"itemListElement\":[{\"@type\":\"ListItem\",\"position\":1,\"name\":\"Portada\",\"item\":\"https:\\\/\\\/cvinoticias.com\\\/v3\\\/\"},{\"@type\":\"ListItem\",\"position\":2,\"name\":\"Todo listo para la cuarta edici\u00f3n de la Motopapanoelada\"}]},{\"@type\":\"WebSite\",\"@id\":\"https:\\\/\\\/cvinoticias.com\\\/v3\\\/#website\",\"url\":\"https:\\\/\\\/cvinoticias.com\\\/v3\\\/\",\"name\":\"CVI NOTICIAS\",\"description\":\"\",\"publisher\":{\"@id\":\"https:\\\/\\\/cvinoticias.com\\\/v3\\\/#organization\"},\"alternateName\":\"CVI\",\"potentialAction\":[{\"@type\":\"SearchAction\",\"target\":{\"@type\":\"EntryPoint\",\"urlTemplate\":\"https:\\\/\\\/cvinoticias.com\\\/v3\\\/?s={search_term_string}\"},\"query-input\":{\"@type\":\"PropertyValueSpecification\",\"valueRequired\":true,\"valueName\":\"search_term_string\"}}],\"inLanguage\":\"es\"},{\"@type\":\"Organization\",\"@id\":\"https:\\\/\\\/cvinoticias.com\\\/v3\\\/#organization\",\"name\":\"CVI NOTICIAS\",\"url\":\"https:\\\/\\\/cvinoticias.com\\\/v3\\\/\",\"logo\":{\"@type\":\"ImageObject\",\"inLanguage\":\"es\",\"@id\":\"https:\\\/\\\/cvinoticias.com\\\/v3\\\/#\\\/schema\\\/logo\\\/image\\\/\",\"url\":\"https:\\\/\\\/cvinoticias.com\\\/wp-content\\\/uploads\\\/2023\\\/04\\\/cropped-cropped-cropped-cropped-cropped-3-1.png\",\"contentUrl\":\"https:\\\/\\\/cvinoticias.com\\\/wp-content\\\/uploads\\\/2023\\\/04\\\/cropped-cropped-cropped-cropped-cropped-3-1.png\",\"width\":95,\"height\":122,\"caption\":\"CVI NOTICIAS\"},\"image\":{\"@id\":\"https:\\\/\\\/cvinoticias.com\\\/v3\\\/#\\\/schema\\\/logo\\\/image\\\/\"},\"sameAs\":[\"https:\\\/\\\/www.facebook.com\\\/cvinoticias\",\"https:\\\/\\\/www.instagram.com\\\/cvinoticias\\\/\",\"https:\\\/\\\/www.youtube.com\\\/@CVINOTICIAS\"]},{\"@type\":\"Person\",\"@id\":\"https:\\\/\\\/cvinoticias.com\\\/v3\\\/#\\\/schema\\\/person\\\/2db77e3c6bc03c538495d7b2b8be9b66\",\"name\":\"f1000024\",\"image\":{\"@type\":\"ImageObject\",\"inLanguage\":\"es\",\"@id\":\"https:\\\/\\\/secure.gravatar.com\\\/avatar\\\/d4fe7459cfc51ff5129ce1a732bbef5928568b8092d412ef95611616376bbeed?s=96&d=mm&r=g\",\"url\":\"https:\\\/\\\/secure.gravatar.com\\\/avatar\\\/d4fe7459cfc51ff5129ce1a732bbef5928568b8092d412ef95611616376bbeed?s=96&d=mm&r=g\",\"contentUrl\":\"https:\\\/\\\/secure.gravatar.com\\\/avatar\\\/d4fe7459cfc51ff5129ce1a732bbef5928568b8092d412ef95611616376bbeed?s=96&d=mm&r=g\",\"caption\":\"f1000024\"},\"url\":\"https:\\\/\\\/cvinoticias.com\\\/v3\\\/author\\\/f1000024\\\/\"}]}<\/script>\n<!-- \/ Yoast SEO plugin. -->","yoast_head_json":{"title":"Todo listo para la cuarta edici\u00f3n de la Motopapanoelada en Iguaz\u00fa | CVI NOTICIAS","description":"Este 20 de diciembre se realizar\u00e1 en Iguaz\u00fa la cuarta Motopapanoelada, con caravana, shows y actividades para ni\u00f1os.","robots":{"index":"index","follow":"follow","max-snippet":"max-snippet:-1","max-image-preview":"max-image-preview:large","max-video-preview":"max-video-preview:-1"},"canonical":"https:\/\/cvinoticias.com\/v3\/todo-listo-para-la-cuarta-edicion-de-la-motopapanoelada\/","og_locale":"es_ES","og_type":"article","og_title":"Todo listo para la cuarta edici\u00f3n de la Motopapanoelada en Iguaz\u00fa | CVI NOTICIAS","og_description":"Este 20 de diciembre se realizar\u00e1 en Iguaz\u00fa la cuarta Motopapanoelada, con caravana, shows y actividades para ni\u00f1os.","og_url":"https:\/\/cvinoticias.com\/v3\/todo-listo-para-la-cuarta-edicion-de-la-motopapanoelada\/","og_site_name":"CVI NOTICIAS","article_publisher":"https:\/\/www.facebook.com\/cvinoticias","article_published_time":"2025-12-18T17:23:33+00:00","article_modified_time":"2025-12-19T11:31:52+00:00","og_image":[{"width":1280,"height":720,"url":"https:\/\/cvinoticias.com\/wp-content\/uploads\/2025\/12\/moto-papanoela.jpeg","type":"image\/jpeg"}],"author":"f1000024","twitter_card":"summary_large_image","twitter_misc":{"Escrito por":"f1000024","Tiempo de lectura":"2 minutos"},"schema":{"@context":"https:\/\/schema.org","@graph":[{"@type":"Article","@id":"https:\/\/cvinoticias.com\/v3\/todo-listo-para-la-cuarta-edicion-de-la-motopapanoelada\/#article","isPartOf":{"@id":"https:\/\/cvinoticias.com\/v3\/todo-listo-para-la-cuarta-edicion-de-la-motopapanoelada\/"},"author":{"name":"f1000024","@id":"https:\/\/cvinoticias.com\/v3\/#\/schema\/person\/2db77e3c6bc03c538495d7b2b8be9b66"},"headline":"Todo listo para la cuarta edici\u00f3n de la Motopapanoelada","datePublished":"2025-12-18T17:23:33+00:00","dateModified":"2025-12-19T11:31:52+00:00","mainEntityOfPage":{"@id":"https:\/\/cvinoticias.com\/v3\/todo-listo-para-la-cuarta-edicion-de-la-motopapanoelada\/"},"wordCount":211,"commentCount":0,"publisher":{"@id":"https:\/\/cvinoticias.com\/v3\/#organization"},"image":{"@id":"https:\/\/cvinoticias.com\/v3\/todo-listo-para-la-cuarta-edicion-de-la-motopapanoelada\/#primaryimage"},"thumbnailUrl":"https:\/\/cvinoticias.com\/wp-content\/uploads\/2025\/12\/moto-papanoela.jpeg","keywords":["Iguaz\u00fa","Moto","papanoelada"],"articleSection":["Sociedad"],"inLanguage":"es","potentialAction":[{"@type":"CommentAction","name":"Comment","target":["https:\/\/cvinoticias.com\/v3\/todo-listo-para-la-cuarta-edicion-de-la-motopapanoelada\/#respond"]}]},{"@type":"WebPage","@id":"https:\/\/cvinoticias.com\/v3\/todo-listo-para-la-cuarta-edicion-de-la-motopapanoelada\/","url":"https:\/\/cvinoticias.com\/v3\/todo-listo-para-la-cuarta-edicion-de-la-motopapanoelada\/","name":"Todo listo para la cuarta edici\u00f3n de la Motopapanoelada en Iguaz\u00fa | CVI NOTICIAS","isPartOf":{"@id":"https:\/\/cvinoticias.com\/v3\/#website"},"primaryImageOfPage":{"@id":"https:\/\/cvinoticias.com\/v3\/todo-listo-para-la-cuarta-edicion-de-la-motopapanoelada\/#primaryimage"},"image":{"@id":"https:\/\/cvinoticias.com\/v3\/todo-listo-para-la-cuarta-edicion-de-la-motopapanoelada\/#primaryimage"},"thumbnailUrl":"https:\/\/cvinoticias.com\/wp-content\/uploads\/2025\/12\/moto-papanoela.jpeg","datePublished":"2025-12-18T17:23:33+00:00","dateModified":"2025-12-19T11:31:52+00:00","description":"Este 20 de diciembre se realizar\u00e1 en Iguaz\u00fa la cuarta Motopapanoelada, con caravana, shows y actividades para ni\u00f1os.","breadcrumb":{"@id":"https:\/\/cvinoticias.com\/v3\/todo-listo-para-la-cuarta-edicion-de-la-motopapanoelada\/#breadcrumb"},"inLanguage":"es","potentialAction":[{"@type":"ReadAction","target":["https:\/\/cvinoticias.com\/v3\/todo-listo-para-la-cuarta-edicion-de-la-motopapanoelada\/"]}]},{"@type":"ImageObject","inLanguage":"es","@id":"https:\/\/cvinoticias.com\/v3\/todo-listo-para-la-cuarta-edicion-de-la-motopapanoelada\/#primaryimage","url":"https:\/\/cvinoticias.com\/wp-content\/uploads\/2025\/12\/moto-papanoela.jpeg","contentUrl":"https:\/\/cvinoticias.com\/wp-content\/uploads\/2025\/12\/moto-papanoela.jpeg","width":1280,"height":720},{"@type":"BreadcrumbList","@id":"https:\/\/cvinoticias.com\/v3\/todo-listo-para-la-cuarta-edicion-de-la-motopapanoelada\/#breadcrumb","itemListElement":[{"@type":"ListItem","position":1,"name":"Portada","item":"https:\/\/cvinoticias.com\/v3\/"},{"@type":"ListItem","position":2,"name":"Todo listo para la cuarta edici\u00f3n de la Motopapanoelada"}]},{"@type":"WebSite","@id":"https:\/\/cvinoticias.com\/v3\/#website","url":"https:\/\/cvinoticias.com\/v3\/","name":"CVI NOTICIAS","description":"","publisher":{"@id":"https:\/\/cvinoticias.com\/v3\/#organization"},"alternateName":"CVI","potentialAction":[{"@type":"SearchAction","target":{"@type":"EntryPoint","urlTemplate":"https:\/\/cvinoticias.com\/v3\/?s={search_term_string}"},"query-input":{"@type":"PropertyValueSpecification","valueRequired":true,"valueName":"search_term_string"}}],"inLanguage":"es"},{"@type":"Organization","@id":"https:\/\/cvinoticias.com\/v3\/#organization","name":"CVI NOTICIAS","url":"https:\/\/cvinoticias.com\/v3\/","logo":{"@type":"ImageObject","inLanguage":"es","@id":"https:\/\/cvinoticias.com\/v3\/#\/schema\/logo\/image\/","url":"https:\/\/cvinoticias.com\/wp-content\/uploads\/2023\/04\/cropped-cropped-cropped-cropped-cropped-3-1.png","contentUrl":"https:\/\/cvinoticias.com\/wp-content\/uploads\/2023\/04\/cropped-cropped-cropped-cropped-cropped-3-1.png","width":95,"height":122,"caption":"CVI NOTICIAS"},"image":{"@id":"https:\/\/cvinoticias.com\/v3\/#\/schema\/logo\/image\/"},"sameAs":["https:\/\/www.facebook.com\/cvinoticias","https:\/\/www.instagram.com\/cvinoticias\/","https:\/\/www.youtube.com\/@CVINOTICIAS"]},{"@type":"Person","@id":"https:\/\/cvinoticias.com\/v3\/#\/schema\/person\/2db77e3c6bc03c538495d7b2b8be9b66","name":"f1000024","image":{"@type":"ImageObject","inLanguage":"es","@id":"https:\/\/secure.gravatar.com\/avatar\/d4fe7459cfc51ff5129ce1a732bbef5928568b8092d412ef95611616376bbeed?s=96&d=mm&r=g","url":"https:\/\/secure.gravatar.com\/avatar\/d4fe7459cfc51ff5129ce1a732bbef5928568b8092d412ef95611616376bbeed?s=96&d=mm&r=g","contentUrl":"https:\/\/secure.gravatar.com\/avatar\/d4fe7459cfc51ff5129ce1a732bbef5928568b8092d412ef95611616376bbeed?s=96&d=mm&r=g","caption":"f1000024"},"url":"https:\/\/cvinoticias.com\/v3\/author\/f1000024\/"}]}},"_links":{"self":[{"href":"https:\/\/cvinoticias.com\/v3\/wp-json\/wp\/v2\/posts\/52896","targetHints":{"allow":["GET"]}}],"collection":[{"href":"https:\/\/cvinoticias.com\/v3\/wp-json\/wp\/v2\/posts"}],"about":[{"href":"https:\/\/cvinoticias.com\/v3\/wp-json\/wp\/v2\/types\/post"}],"author":[{"embeddable":true,"href":"https:\/\/cvinoticias.com\/v3\/wp-json\/wp\/v2\/users\/2"}],"replies":[{"embeddable":true,"href":"https:\/\/cvinoticias.com\/v3\/wp-json\/wp\/v2\/comments?post=52896"}],"version-history":[{"count":1,"href":"https:\/\/cvinoticias.com\/v3\/wp-json\/wp\/v2\/posts\/52896\/revisions"}],"predecessor-version":[{"id":52901,"href":"https:\/\/cvinoticias.com\/v3\/wp-json\/wp\/v2\/posts\/52896\/revisions\/52901"}],"wp:featuredmedia":[{"embeddable":true,"href":"https:\/\/cvinoticias.com\/v3\/wp-json\/wp\/v2\/media\/52897"}],"wp:attachment":[{"href":"https:\/\/cvinoticias.com\/v3\/wp-json\/wp\/v2\/media?parent=52896"}],"wp:term":[{"taxonomy":"category","embeddable":true,"href":"https:\/\/cvinoticias.com\/v3\/wp-json\/wp\/v2\/categories?post=52896"},{"taxonomy":"post_tag","embeddable":true,"href":"https:\/\/cvinoticias.com\/v3\/wp-json\/wp\/v2\/tags?post=52896"}],"curies":[{"name":"wp","href":"https:\/\/api.w.org\/{rel}","templated":true}]}}