{"id":52889,"date":"2025-12-18T14:15:31","date_gmt":"2025-12-18T17:15:31","guid":{"rendered":"https:\/\/cvinoticias.com\/v3\/?p=52889"},"modified":"2025-12-19T08:22:53","modified_gmt":"2025-12-19T11:22:53","slug":"el-senor-de-los-quesos-inauguro-su-nuevo-local-con-una-moto-0-km-de-premio","status":"publish","type":"post","link":"https:\/\/cvinoticias.com\/v3\/el-senor-de-los-quesos-inauguro-su-nuevo-local-con-una-moto-0-km-de-premio\/","title":{"rendered":"El Se\u00f1or de los Quesos inaugur\u00f3 su nuevo local con una moto 0 km de premio"},"content":{"rendered":"\n<p>En la jornada de hoy qued\u00f3 oficialmente inaugurada la nueva etapa de El Se\u00f1or de los Quesos, que ahora funciona en una alianza estrat\u00e9gica con Casa de la Carne. El local, ubicado sobre la calle Mart\u00edn Miguel de G\u00fcemes 48, recibi\u00f3 a los primeros clientes que se acercaron a conocer la amplia variedad de productos y los precios competitivos que ofrece esta nueva sociedad comercial.<\/p>\n\n\n\n<p>\u200bYohana Rotela, responsable del emprendimiento, destac\u00f3 que la propuesta busca brindar una experiencia integral de compra. Desde hoy, los vecinos de Iguaz\u00fa pueden encontrar en un solo lugar carnes de primera calidad, pescados, una extensa selecci\u00f3n de fiambres y una variada bodega de bebidas, todo con promociones especiales por la reapertura.<\/p>\n\n\n\n<figure class=\"wp-block-image size-large\"><a href=\"https:\/\/cvinoticias.com\/wp-content\/uploads\/2025\/12\/2-26.jpeg\"><img decoding=\"async\" width=\"1024\" height=\"576\" data-src=\"https:\/\/cvinoticias.com\/wp-content\/uploads\/2025\/12\/2-26-1024x576.jpeg\" alt=\"\" class=\"wp-image-52891 lazyload\" data-srcset=\"https:\/\/cvinoticias.com\/wp-content\/uploads\/2025\/12\/2-26-1024x576.jpeg 1024w, https:\/\/cvinoticias.com\/wp-content\/uploads\/2025\/12\/2-26-300x169.jpeg 300w, https:\/\/cvinoticias.com\/wp-content\/uploads\/2025\/12\/2-26-768x432.jpeg 768w, https:\/\/cvinoticias.com\/wp-content\/uploads\/2025\/12\/2-26.jpeg 1280w\" data-sizes=\"(max-width: 1024px) 100vw, 1024px\" src=\"data:image\/svg+xml;base64,PHN2ZyB3aWR0aD0iMSIgaGVpZ2h0PSIxIiB4bWxucz0iaHR0cDovL3d3dy53My5vcmcvMjAwMC9zdmciPjwvc3ZnPg==\" style=\"--smush-placeholder-width: 1024px; --smush-placeholder-aspect-ratio: 1024\/576;\" \/><\/a><\/figure>\n\n\n\n<p>\u200bEl principal atractivo del d\u00eda ha sido la promoci\u00f3n de lanzamiento: con una compra m\u00ednima de tan solo $100 pesos, los clientes reciben una \u00abraspadita\u00bb que les permite participar por una moto 0km. Adem\u00e1s del premio mayor, se est\u00e1n entregando numerosos reconocimientos y sorpresas a quienes se acercan a celebrar esta nueva apuesta al crecimiento comercial de la ciudad.<\/p>\n\n\n\n<figure class=\"wp-block-image size-large\"><a href=\"https:\/\/cvinoticias.com\/wp-content\/uploads\/2025\/12\/3-16.jpeg\"><img decoding=\"async\" width=\"1024\" height=\"576\" data-src=\"https:\/\/cvinoticias.com\/wp-content\/uploads\/2025\/12\/3-16-1024x576.jpeg\" alt=\"\" class=\"wp-image-52892 lazyload\" data-srcset=\"https:\/\/cvinoticias.com\/wp-content\/uploads\/2025\/12\/3-16-1024x576.jpeg 1024w, https:\/\/cvinoticias.com\/wp-content\/uploads\/2025\/12\/3-16-300x169.jpeg 300w, https:\/\/cvinoticias.com\/wp-content\/uploads\/2025\/12\/3-16-768x432.jpeg 768w, https:\/\/cvinoticias.com\/wp-content\/uploads\/2025\/12\/3-16.jpeg 1280w\" data-sizes=\"(max-width: 1024px) 100vw, 1024px\" src=\"data:image\/svg+xml;base64,PHN2ZyB3aWR0aD0iMSIgaGVpZ2h0PSIxIiB4bWxucz0iaHR0cDovL3d3dy53My5vcmcvMjAwMC9zdmciPjwvc3ZnPg==\" style=\"--smush-placeholder-width: 1024px; --smush-placeholder-aspect-ratio: 1024\/576;\" \/><\/a><\/figure>\n\n\n\n<p>Entrevista con: Yohana Rotela (Propietaria)<\/p>\n","protected":false},"excerpt":{"rendered":"<p>En la jornada de hoy qued\u00f3 oficialmente inaugurada la nueva etapa de El Se\u00f1or de los Quesos, que ahora funciona en una alianza estrat\u00e9gica con Casa de la Carne. El local, ubicado sobre la calle Mart\u00edn Miguel de G\u00fcemes 48, recibi\u00f3 a los primeros clientes que se acercaron a conocer la amplia variedad de productos [&hellip;]<\/p>\n","protected":false},"author":2,"featured_media":52890,"comment_status":"open","ping_status":"closed","sticky":false,"template":"","format":"standard","meta":{"footnotes":""},"categories":[47],"tags":[313,3173,73,4689,4688],"class_list":["post-52889","post","type-post","status-publish","format-standard","has-post-thumbnail","hentry","category-sociedad","tag-iguazu","tag-inauguro","tag-local","tag-quesos","tag-senor"],"yoast_head":"<!-- This site is optimized with the Yoast SEO plugin v27.5 - https:\/\/yoast.com\/product\/yoast-seo-wordpress\/ -->\n<title>El Se\u00f1or de los Quesos inaugur\u00f3 su nuevo local en Iguaz\u00fa | CVI NOTICIAS<\/title>\n<meta name=\"description\" content=\"El Se\u00f1or de los Quesos inaugur\u00f3 su nuevo local en Iguaz\u00fa con promos especiales y el sorteo de una moto 0km.\" \/>\n<meta name=\"robots\" content=\"index, follow, max-snippet:-1, max-image-preview:large, max-video-preview:-1\" \/>\n<link rel=\"canonical\" href=\"https:\/\/cvinoticias.com\/v3\/el-senor-de-los-quesos-inauguro-su-nuevo-local-con-una-moto-0-km-de-premio\/\" \/>\n<meta property=\"og:locale\" content=\"es_ES\" \/>\n<meta property=\"og:type\" content=\"article\" \/>\n<meta property=\"og:title\" content=\"El Se\u00f1or de los Quesos inaugur\u00f3 su nuevo local en Iguaz\u00fa | CVI NOTICIAS\" \/>\n<meta property=\"og:description\" content=\"El Se\u00f1or de los Quesos inaugur\u00f3 su nuevo local en Iguaz\u00fa con promos especiales y el sorteo de una moto 0km.\" \/>\n<meta property=\"og:url\" content=\"https:\/\/cvinoticias.com\/v3\/el-senor-de-los-quesos-inauguro-su-nuevo-local-con-una-moto-0-km-de-premio\/\" \/>\n<meta property=\"og:site_name\" content=\"CVI NOTICIAS\" \/>\n<meta property=\"article:publisher\" content=\"https:\/\/www.facebook.com\/cvinoticias\" \/>\n<meta property=\"article:published_time\" content=\"2025-12-18T17:15:31+00:00\" \/>\n<meta property=\"article:modified_time\" content=\"2025-12-19T11:22:53+00:00\" \/>\n<meta property=\"og:image\" content=\"https:\/\/cvinoticias.com\/wp-content\/uploads\/2025\/12\/1-35.jpeg\" \/>\n\t<meta property=\"og:image:width\" content=\"1280\" \/>\n\t<meta property=\"og:image:height\" content=\"720\" \/>\n\t<meta property=\"og:image:type\" content=\"image\/jpeg\" \/>\n<meta name=\"author\" content=\"f1000024\" \/>\n<meta name=\"twitter:card\" content=\"summary_large_image\" \/>\n<meta name=\"twitter:label1\" content=\"Escrito por\" \/>\n\t<meta name=\"twitter:data1\" content=\"f1000024\" \/>\n\t<meta name=\"twitter:label2\" content=\"Tiempo de lectura\" \/>\n\t<meta name=\"twitter:data2\" content=\"2 minutos\" \/>\n<script type=\"application\/ld+json\" class=\"yoast-schema-graph\">{\"@context\":\"https:\\\/\\\/schema.org\",\"@graph\":[{\"@type\":\"Article\",\"@id\":\"https:\\\/\\\/cvinoticias.com\\\/v3\\\/el-senor-de-los-quesos-inauguro-su-nuevo-local-con-una-moto-0-km-de-premio\\\/#article\",\"isPartOf\":{\"@id\":\"https:\\\/\\\/cvinoticias.com\\\/v3\\\/el-senor-de-los-quesos-inauguro-su-nuevo-local-con-una-moto-0-km-de-premio\\\/\"},\"author\":{\"name\":\"f1000024\",\"@id\":\"https:\\\/\\\/cvinoticias.com\\\/v3\\\/#\\\/schema\\\/person\\\/2db77e3c6bc03c538495d7b2b8be9b66\"},\"headline\":\"El Se\u00f1or de los Quesos inaugur\u00f3 su nuevo local con una moto 0 km de premio\",\"datePublished\":\"2025-12-18T17:15:31+00:00\",\"dateModified\":\"2025-12-19T11:22:53+00:00\",\"mainEntityOfPage\":{\"@id\":\"https:\\\/\\\/cvinoticias.com\\\/v3\\\/el-senor-de-los-quesos-inauguro-su-nuevo-local-con-una-moto-0-km-de-premio\\\/\"},\"wordCount\":204,\"commentCount\":0,\"publisher\":{\"@id\":\"https:\\\/\\\/cvinoticias.com\\\/v3\\\/#organization\"},\"image\":{\"@id\":\"https:\\\/\\\/cvinoticias.com\\\/v3\\\/el-senor-de-los-quesos-inauguro-su-nuevo-local-con-una-moto-0-km-de-premio\\\/#primaryimage\"},\"thumbnailUrl\":\"https:\\\/\\\/cvinoticias.com\\\/wp-content\\\/uploads\\\/2025\\\/12\\\/1-35.jpeg\",\"keywords\":[\"Iguaz\u00fa\",\"inaugur\u00f3\",\"local\",\"quesos\",\"se\u00f1or\"],\"articleSection\":[\"Sociedad\"],\"inLanguage\":\"es\",\"potentialAction\":[{\"@type\":\"CommentAction\",\"name\":\"Comment\",\"target\":[\"https:\\\/\\\/cvinoticias.com\\\/v3\\\/el-senor-de-los-quesos-inauguro-su-nuevo-local-con-una-moto-0-km-de-premio\\\/#respond\"]}]},{\"@type\":\"WebPage\",\"@id\":\"https:\\\/\\\/cvinoticias.com\\\/v3\\\/el-senor-de-los-quesos-inauguro-su-nuevo-local-con-una-moto-0-km-de-premio\\\/\",\"url\":\"https:\\\/\\\/cvinoticias.com\\\/v3\\\/el-senor-de-los-quesos-inauguro-su-nuevo-local-con-una-moto-0-km-de-premio\\\/\",\"name\":\"El Se\u00f1or de los Quesos inaugur\u00f3 su nuevo local en Iguaz\u00fa | CVI NOTICIAS\",\"isPartOf\":{\"@id\":\"https:\\\/\\\/cvinoticias.com\\\/v3\\\/#website\"},\"primaryImageOfPage\":{\"@id\":\"https:\\\/\\\/cvinoticias.com\\\/v3\\\/el-senor-de-los-quesos-inauguro-su-nuevo-local-con-una-moto-0-km-de-premio\\\/#primaryimage\"},\"image\":{\"@id\":\"https:\\\/\\\/cvinoticias.com\\\/v3\\\/el-senor-de-los-quesos-inauguro-su-nuevo-local-con-una-moto-0-km-de-premio\\\/#primaryimage\"},\"thumbnailUrl\":\"https:\\\/\\\/cvinoticias.com\\\/wp-content\\\/uploads\\\/2025\\\/12\\\/1-35.jpeg\",\"datePublished\":\"2025-12-18T17:15:31+00:00\",\"dateModified\":\"2025-12-19T11:22:53+00:00\",\"description\":\"El Se\u00f1or de los Quesos inaugur\u00f3 su nuevo local en Iguaz\u00fa con promos especiales y el sorteo de una moto 0km.\",\"breadcrumb\":{\"@id\":\"https:\\\/\\\/cvinoticias.com\\\/v3\\\/el-senor-de-los-quesos-inauguro-su-nuevo-local-con-una-moto-0-km-de-premio\\\/#breadcrumb\"},\"inLanguage\":\"es\",\"potentialAction\":[{\"@type\":\"ReadAction\",\"target\":[\"https:\\\/\\\/cvinoticias.com\\\/v3\\\/el-senor-de-los-quesos-inauguro-su-nuevo-local-con-una-moto-0-km-de-premio\\\/\"]}]},{\"@type\":\"ImageObject\",\"inLanguage\":\"es\",\"@id\":\"https:\\\/\\\/cvinoticias.com\\\/v3\\\/el-senor-de-los-quesos-inauguro-su-nuevo-local-con-una-moto-0-km-de-premio\\\/#primaryimage\",\"url\":\"https:\\\/\\\/cvinoticias.com\\\/wp-content\\\/uploads\\\/2025\\\/12\\\/1-35.jpeg\",\"contentUrl\":\"https:\\\/\\\/cvinoticias.com\\\/wp-content\\\/uploads\\\/2025\\\/12\\\/1-35.jpeg\",\"width\":1280,\"height\":720},{\"@type\":\"BreadcrumbList\",\"@id\":\"https:\\\/\\\/cvinoticias.com\\\/v3\\\/el-senor-de-los-quesos-inauguro-su-nuevo-local-con-una-moto-0-km-de-premio\\\/#breadcrumb\",\"itemListElement\":[{\"@type\":\"ListItem\",\"position\":1,\"name\":\"Portada\",\"item\":\"https:\\\/\\\/cvinoticias.com\\\/v3\\\/\"},{\"@type\":\"ListItem\",\"position\":2,\"name\":\"El Se\u00f1or de los Quesos inaugur\u00f3 su nuevo local con una moto 0 km de premio\"}]},{\"@type\":\"WebSite\",\"@id\":\"https:\\\/\\\/cvinoticias.com\\\/v3\\\/#website\",\"url\":\"https:\\\/\\\/cvinoticias.com\\\/v3\\\/\",\"name\":\"CVI NOTICIAS\",\"description\":\"\",\"publisher\":{\"@id\":\"https:\\\/\\\/cvinoticias.com\\\/v3\\\/#organization\"},\"alternateName\":\"CVI\",\"potentialAction\":[{\"@type\":\"SearchAction\",\"target\":{\"@type\":\"EntryPoint\",\"urlTemplate\":\"https:\\\/\\\/cvinoticias.com\\\/v3\\\/?s={search_term_string}\"},\"query-input\":{\"@type\":\"PropertyValueSpecification\",\"valueRequired\":true,\"valueName\":\"search_term_string\"}}],\"inLanguage\":\"es\"},{\"@type\":\"Organization\",\"@id\":\"https:\\\/\\\/cvinoticias.com\\\/v3\\\/#organization\",\"name\":\"CVI NOTICIAS\",\"url\":\"https:\\\/\\\/cvinoticias.com\\\/v3\\\/\",\"logo\":{\"@type\":\"ImageObject\",\"inLanguage\":\"es\",\"@id\":\"https:\\\/\\\/cvinoticias.com\\\/v3\\\/#\\\/schema\\\/logo\\\/image\\\/\",\"url\":\"https:\\\/\\\/cvinoticias.com\\\/wp-content\\\/uploads\\\/2023\\\/04\\\/cropped-cropped-cropped-cropped-cropped-3-1.png\",\"contentUrl\":\"https:\\\/\\\/cvinoticias.com\\\/wp-content\\\/uploads\\\/2023\\\/04\\\/cropped-cropped-cropped-cropped-cropped-3-1.png\",\"width\":95,\"height\":122,\"caption\":\"CVI NOTICIAS\"},\"image\":{\"@id\":\"https:\\\/\\\/cvinoticias.com\\\/v3\\\/#\\\/schema\\\/logo\\\/image\\\/\"},\"sameAs\":[\"https:\\\/\\\/www.facebook.com\\\/cvinoticias\",\"https:\\\/\\\/www.instagram.com\\\/cvinoticias\\\/\",\"https:\\\/\\\/www.youtube.com\\\/@CVINOTICIAS\"]},{\"@type\":\"Person\",\"@id\":\"https:\\\/\\\/cvinoticias.com\\\/v3\\\/#\\\/schema\\\/person\\\/2db77e3c6bc03c538495d7b2b8be9b66\",\"name\":\"f1000024\",\"image\":{\"@type\":\"ImageObject\",\"inLanguage\":\"es\",\"@id\":\"https:\\\/\\\/secure.gravatar.com\\\/avatar\\\/d4fe7459cfc51ff5129ce1a732bbef5928568b8092d412ef95611616376bbeed?s=96&d=mm&r=g\",\"url\":\"https:\\\/\\\/secure.gravatar.com\\\/avatar\\\/d4fe7459cfc51ff5129ce1a732bbef5928568b8092d412ef95611616376bbeed?s=96&d=mm&r=g\",\"contentUrl\":\"https:\\\/\\\/secure.gravatar.com\\\/avatar\\\/d4fe7459cfc51ff5129ce1a732bbef5928568b8092d412ef95611616376bbeed?s=96&d=mm&r=g\",\"caption\":\"f1000024\"},\"url\":\"https:\\\/\\\/cvinoticias.com\\\/v3\\\/author\\\/f1000024\\\/\"}]}<\/script>\n<!-- \/ Yoast SEO plugin. -->","yoast_head_json":{"title":"El Se\u00f1or de los Quesos inaugur\u00f3 su nuevo local en Iguaz\u00fa | CVI NOTICIAS","description":"El Se\u00f1or de los Quesos inaugur\u00f3 su nuevo local en Iguaz\u00fa con promos especiales y el sorteo de una moto 0km.","robots":{"index":"index","follow":"follow","max-snippet":"max-snippet:-1","max-image-preview":"max-image-preview:large","max-video-preview":"max-video-preview:-1"},"canonical":"https:\/\/cvinoticias.com\/v3\/el-senor-de-los-quesos-inauguro-su-nuevo-local-con-una-moto-0-km-de-premio\/","og_locale":"es_ES","og_type":"article","og_title":"El Se\u00f1or de los Quesos inaugur\u00f3 su nuevo local en Iguaz\u00fa | CVI NOTICIAS","og_description":"El Se\u00f1or de los Quesos inaugur\u00f3 su nuevo local en Iguaz\u00fa con promos especiales y el sorteo de una moto 0km.","og_url":"https:\/\/cvinoticias.com\/v3\/el-senor-de-los-quesos-inauguro-su-nuevo-local-con-una-moto-0-km-de-premio\/","og_site_name":"CVI NOTICIAS","article_publisher":"https:\/\/www.facebook.com\/cvinoticias","article_published_time":"2025-12-18T17:15:31+00:00","article_modified_time":"2025-12-19T11:22:53+00:00","og_image":[{"width":1280,"height":720,"url":"https:\/\/cvinoticias.com\/wp-content\/uploads\/2025\/12\/1-35.jpeg","type":"image\/jpeg"}],"author":"f1000024","twitter_card":"summary_large_image","twitter_misc":{"Escrito por":"f1000024","Tiempo de lectura":"2 minutos"},"schema":{"@context":"https:\/\/schema.org","@graph":[{"@type":"Article","@id":"https:\/\/cvinoticias.com\/v3\/el-senor-de-los-quesos-inauguro-su-nuevo-local-con-una-moto-0-km-de-premio\/#article","isPartOf":{"@id":"https:\/\/cvinoticias.com\/v3\/el-senor-de-los-quesos-inauguro-su-nuevo-local-con-una-moto-0-km-de-premio\/"},"author":{"name":"f1000024","@id":"https:\/\/cvinoticias.com\/v3\/#\/schema\/person\/2db77e3c6bc03c538495d7b2b8be9b66"},"headline":"El Se\u00f1or de los Quesos inaugur\u00f3 su nuevo local con una moto 0 km de premio","datePublished":"2025-12-18T17:15:31+00:00","dateModified":"2025-12-19T11:22:53+00:00","mainEntityOfPage":{"@id":"https:\/\/cvinoticias.com\/v3\/el-senor-de-los-quesos-inauguro-su-nuevo-local-con-una-moto-0-km-de-premio\/"},"wordCount":204,"commentCount":0,"publisher":{"@id":"https:\/\/cvinoticias.com\/v3\/#organization"},"image":{"@id":"https:\/\/cvinoticias.com\/v3\/el-senor-de-los-quesos-inauguro-su-nuevo-local-con-una-moto-0-km-de-premio\/#primaryimage"},"thumbnailUrl":"https:\/\/cvinoticias.com\/wp-content\/uploads\/2025\/12\/1-35.jpeg","keywords":["Iguaz\u00fa","inaugur\u00f3","local","quesos","se\u00f1or"],"articleSection":["Sociedad"],"inLanguage":"es","potentialAction":[{"@type":"CommentAction","name":"Comment","target":["https:\/\/cvinoticias.com\/v3\/el-senor-de-los-quesos-inauguro-su-nuevo-local-con-una-moto-0-km-de-premio\/#respond"]}]},{"@type":"WebPage","@id":"https:\/\/cvinoticias.com\/v3\/el-senor-de-los-quesos-inauguro-su-nuevo-local-con-una-moto-0-km-de-premio\/","url":"https:\/\/cvinoticias.com\/v3\/el-senor-de-los-quesos-inauguro-su-nuevo-local-con-una-moto-0-km-de-premio\/","name":"El Se\u00f1or de los Quesos inaugur\u00f3 su nuevo local en Iguaz\u00fa | CVI NOTICIAS","isPartOf":{"@id":"https:\/\/cvinoticias.com\/v3\/#website"},"primaryImageOfPage":{"@id":"https:\/\/cvinoticias.com\/v3\/el-senor-de-los-quesos-inauguro-su-nuevo-local-con-una-moto-0-km-de-premio\/#primaryimage"},"image":{"@id":"https:\/\/cvinoticias.com\/v3\/el-senor-de-los-quesos-inauguro-su-nuevo-local-con-una-moto-0-km-de-premio\/#primaryimage"},"thumbnailUrl":"https:\/\/cvinoticias.com\/wp-content\/uploads\/2025\/12\/1-35.jpeg","datePublished":"2025-12-18T17:15:31+00:00","dateModified":"2025-12-19T11:22:53+00:00","description":"El Se\u00f1or de los Quesos inaugur\u00f3 su nuevo local en Iguaz\u00fa con promos especiales y el sorteo de una moto 0km.","breadcrumb":{"@id":"https:\/\/cvinoticias.com\/v3\/el-senor-de-los-quesos-inauguro-su-nuevo-local-con-una-moto-0-km-de-premio\/#breadcrumb"},"inLanguage":"es","potentialAction":[{"@type":"ReadAction","target":["https:\/\/cvinoticias.com\/v3\/el-senor-de-los-quesos-inauguro-su-nuevo-local-con-una-moto-0-km-de-premio\/"]}]},{"@type":"ImageObject","inLanguage":"es","@id":"https:\/\/cvinoticias.com\/v3\/el-senor-de-los-quesos-inauguro-su-nuevo-local-con-una-moto-0-km-de-premio\/#primaryimage","url":"https:\/\/cvinoticias.com\/wp-content\/uploads\/2025\/12\/1-35.jpeg","contentUrl":"https:\/\/cvinoticias.com\/wp-content\/uploads\/2025\/12\/1-35.jpeg","width":1280,"height":720},{"@type":"BreadcrumbList","@id":"https:\/\/cvinoticias.com\/v3\/el-senor-de-los-quesos-inauguro-su-nuevo-local-con-una-moto-0-km-de-premio\/#breadcrumb","itemListElement":[{"@type":"ListItem","position":1,"name":"Portada","item":"https:\/\/cvinoticias.com\/v3\/"},{"@type":"ListItem","position":2,"name":"El Se\u00f1or de los Quesos inaugur\u00f3 su nuevo local con una moto 0 km de premio"}]},{"@type":"WebSite","@id":"https:\/\/cvinoticias.com\/v3\/#website","url":"https:\/\/cvinoticias.com\/v3\/","name":"CVI NOTICIAS","description":"","publisher":{"@id":"https:\/\/cvinoticias.com\/v3\/#organization"},"alternateName":"CVI","potentialAction":[{"@type":"SearchAction","target":{"@type":"EntryPoint","urlTemplate":"https:\/\/cvinoticias.com\/v3\/?s={search_term_string}"},"query-input":{"@type":"PropertyValueSpecification","valueRequired":true,"valueName":"search_term_string"}}],"inLanguage":"es"},{"@type":"Organization","@id":"https:\/\/cvinoticias.com\/v3\/#organization","name":"CVI NOTICIAS","url":"https:\/\/cvinoticias.com\/v3\/","logo":{"@type":"ImageObject","inLanguage":"es","@id":"https:\/\/cvinoticias.com\/v3\/#\/schema\/logo\/image\/","url":"https:\/\/cvinoticias.com\/wp-content\/uploads\/2023\/04\/cropped-cropped-cropped-cropped-cropped-3-1.png","contentUrl":"https:\/\/cvinoticias.com\/wp-content\/uploads\/2023\/04\/cropped-cropped-cropped-cropped-cropped-3-1.png","width":95,"height":122,"caption":"CVI NOTICIAS"},"image":{"@id":"https:\/\/cvinoticias.com\/v3\/#\/schema\/logo\/image\/"},"sameAs":["https:\/\/www.facebook.com\/cvinoticias","https:\/\/www.instagram.com\/cvinoticias\/","https:\/\/www.youtube.com\/@CVINOTICIAS"]},{"@type":"Person","@id":"https:\/\/cvinoticias.com\/v3\/#\/schema\/person\/2db77e3c6bc03c538495d7b2b8be9b66","name":"f1000024","image":{"@type":"ImageObject","inLanguage":"es","@id":"https:\/\/secure.gravatar.com\/avatar\/d4fe7459cfc51ff5129ce1a732bbef5928568b8092d412ef95611616376bbeed?s=96&d=mm&r=g","url":"https:\/\/secure.gravatar.com\/avatar\/d4fe7459cfc51ff5129ce1a732bbef5928568b8092d412ef95611616376bbeed?s=96&d=mm&r=g","contentUrl":"https:\/\/secure.gravatar.com\/avatar\/d4fe7459cfc51ff5129ce1a732bbef5928568b8092d412ef95611616376bbeed?s=96&d=mm&r=g","caption":"f1000024"},"url":"https:\/\/cvinoticias.com\/v3\/author\/f1000024\/"}]}},"_links":{"self":[{"href":"https:\/\/cvinoticias.com\/v3\/wp-json\/wp\/v2\/posts\/52889","targetHints":{"allow":["GET"]}}],"collection":[{"href":"https:\/\/cvinoticias.com\/v3\/wp-json\/wp\/v2\/posts"}],"about":[{"href":"https:\/\/cvinoticias.com\/v3\/wp-json\/wp\/v2\/types\/post"}],"author":[{"embeddable":true,"href":"https:\/\/cvinoticias.com\/v3\/wp-json\/wp\/v2\/users\/2"}],"replies":[{"embeddable":true,"href":"https:\/\/cvinoticias.com\/v3\/wp-json\/wp\/v2\/comments?post=52889"}],"version-history":[{"count":1,"href":"https:\/\/cvinoticias.com\/v3\/wp-json\/wp\/v2\/posts\/52889\/revisions"}],"predecessor-version":[{"id":52893,"href":"https:\/\/cvinoticias.com\/v3\/wp-json\/wp\/v2\/posts\/52889\/revisions\/52893"}],"wp:featuredmedia":[{"embeddable":true,"href":"https:\/\/cvinoticias.com\/v3\/wp-json\/wp\/v2\/media\/52890"}],"wp:attachment":[{"href":"https:\/\/cvinoticias.com\/v3\/wp-json\/wp\/v2\/media?parent=52889"}],"wp:term":[{"taxonomy":"category","embeddable":true,"href":"https:\/\/cvinoticias.com\/v3\/wp-json\/wp\/v2\/categories?post=52889"},{"taxonomy":"post_tag","embeddable":true,"href":"https:\/\/cvinoticias.com\/v3\/wp-json\/wp\/v2\/tags?post=52889"}],"curies":[{"name":"wp","href":"https:\/\/api.w.org\/{rel}","templated":true}]}}