{"id":52859,"date":"2025-12-18T09:27:12","date_gmt":"2025-12-18T12:27:12","guid":{"rendered":"https:\/\/cvinoticias.com\/v3\/?p=52859"},"modified":"2025-12-18T09:27:15","modified_gmt":"2025-12-18T12:27:15","slug":"con-votos-ajustados-diputados-dio-media-sancion-a-la-ley-de-inocencia-fiscal","status":"publish","type":"post","link":"https:\/\/cvinoticias.com\/v3\/con-votos-ajustados-diputados-dio-media-sancion-a-la-ley-de-inocencia-fiscal\/","title":{"rendered":"Con votos ajustados, Diputados dio media sanci\u00f3n a la ley de Inocencia Fiscal"},"content":{"rendered":"\n<p>Diputados aprob\u00f3 el proyecto de \u201cInocencia Fiscal\u201d y lo gir\u00f3 al Senado: reforma penal tributaria y blanqueo impl\u00edcito de d\u00f3lares no declarados<\/p>\n\n\n\n<p>En su primera sesi\u00f3n con la nueva composici\u00f3n y tras sancionar el&nbsp;<strong>Presupuesto 2026<\/strong>, la&nbsp;<strong>C\u00e1mara de Diputados<\/strong>&nbsp;aprob\u00f3 y gir\u00f3 al&nbsp;<strong>Senado<\/strong>&nbsp;el proyecto de ley de&nbsp;<strong>\u201cInocencia Fiscal\u201d<\/strong>, una iniciativa del Gobierno orientada a incentivar el uso de d\u00f3lares no declarados \u2014conocidos como \u201cd\u00f3lares del colch\u00f3n\u201d\u2014 y a reformar en profundidad el&nbsp;<strong>R\u00e9gimen Penal Tributario<\/strong>. La norma obtuvo&nbsp;<strong>130 votos a favor<\/strong>,&nbsp;<strong>107 en contra<\/strong>&nbsp;y&nbsp;<strong>2 abstenciones<\/strong>, en un debate marcado por fuertes cruces pol\u00edticos y denuncias de la oposici\u00f3n.<\/p>\n\n\n\n<h3 class=\"wp-block-heading\">Cambio de paradigma tributario: presunci\u00f3n de inocencia y foco en la \u201cevasi\u00f3n relevante\u201d<\/h3>\n\n\n\n<p>El proyecto introduce una&nbsp;<strong>reforma integral del sistema tributario y del R\u00e9gimen Penal Tributario<\/strong>, con un cambio estructural en la relaci\u00f3n entre el Estado y los contribuyentes, basado en la&nbsp;<strong>presunci\u00f3n de inocencia<\/strong>. El texto redefine los criterios para la configuraci\u00f3n de los delitos fiscales y&nbsp;<strong>prioriza la intervenci\u00f3n penal en los casos de \u201cevasi\u00f3n relevante\u201d<\/strong>, con el objetivo expl\u00edcito de&nbsp;<strong>descomprimir el sistema judicial<\/strong>&nbsp;y concentrar los recursos estatales en conductas consideradas verdaderamente lesivas.<\/p>\n\n\n\n<p>Entre los ejes centrales, la iniciativa habilita la&nbsp;<strong>extinci\u00f3n de la acci\u00f3n penal<\/strong>&nbsp;cuando el contribuyente&nbsp;<strong>regularice su situaci\u00f3n fiscal<\/strong>, y establece&nbsp;<strong>l\u00edmites precisos<\/strong>&nbsp;para el inicio y la continuidad de procesos penales cuando las&nbsp;<strong>facultades del fisco se encuentren prescriptas<\/strong>. A su vez, incorpora una&nbsp;<strong>presunci\u00f3n de exactitud<\/strong>&nbsp;de las declaraciones juradas presentadas en tiempo y forma, salvo inconsistencias relevantes, con la finalidad de&nbsp;<strong>reducir la discrecionalidad<\/strong>&nbsp;en los procesos de fiscalizaci\u00f3n y mejorar la previsibilidad.<\/p>\n\n\n\n<p>En l\u00ednea con ese enfoque, se crea un&nbsp;<strong>R\u00e9gimen Simplificado de Declaraci\u00f3n Jurada<\/strong>, destinado a&nbsp;<strong>facilitar el cumplimiento<\/strong>, incentivar la formalizaci\u00f3n y garantizar que la&nbsp;<strong>informaci\u00f3n patrimonial<\/strong>&nbsp;no sea utilizada como mecanismo de persecuci\u00f3n futura.<\/p>\n\n\n\n<figure class=\"wp-block-image\"><img decoding=\"async\" data-src=\"https:\/\/economis.com.ar\/wp-content\/uploads\/2025\/12\/G8bZ-D7XsAAhO08.jpeg\" alt=\"\" class=\"wp-image-454640 lazyload\" src=\"data:image\/svg+xml;base64,PHN2ZyB3aWR0aD0iMSIgaGVpZ2h0PSIxIiB4bWxucz0iaHR0cDovL3d3dy53My5vcmcvMjAwMC9zdmciPjwvc3ZnPg==\" \/><\/figure>\n\n\n\n<h3 class=\"wp-block-heading\">Nuevos umbrales penales, Ganancias simplificado y menor prescripci\u00f3n<\/h3>\n\n\n\n<p>Uno de los puntos m\u00e1s sensibles del proyecto es la&nbsp;<strong>actualizaci\u00f3n de los umbrales<\/strong>&nbsp;a partir de los cuales la evasi\u00f3n pasa a ser delito. La evasi\u00f3n simple se eleva de&nbsp;<strong>$1,5 millones a $100 millones<\/strong>, y la evasi\u00f3n agravada de&nbsp;<strong>$15 millones a $1.000 millones<\/strong>. En el caso de la&nbsp;<strong>seguridad social<\/strong>, el piso sube de&nbsp;<strong>$200.000 a $7 millones<\/strong>, mientras que para el&nbsp;<strong>uso de facturas ap\u00f3crifas<\/strong>&nbsp;el umbral se incrementa de&nbsp;<strong>$1,5 millones a $100 millones<\/strong>.<\/p>\n\n\n\n<p>En materia de&nbsp;<strong>Ganancias<\/strong>, el proyecto establece un&nbsp;<strong>R\u00e9gimen Simplificado<\/strong>&nbsp;con un&nbsp;<strong>tope patrimonial de hasta $10.000 millones<\/strong>&nbsp;para adherir. Los contribuyentes alcanzados&nbsp;<strong>no deber\u00e1n informar variaciones patrimoniales<\/strong>&nbsp;ni se controlar\u00e1n sus consumos. En los hechos,&nbsp;<strong>ARCA<\/strong>&nbsp;liquidar\u00e1 el impuesto \u00fanicamente sobre los&nbsp;<strong>ingresos facturados<\/strong>, deduciendo los consumos,&nbsp;<strong>sin controlar el eventual crecimiento patrimonial<\/strong>.<\/p>\n\n\n\n<p>Adem\u00e1s, se&nbsp;<strong>reduce el plazo de prescripci\u00f3n<\/strong>&nbsp;de las obligaciones tributarias de&nbsp;<strong>cinco a tres a\u00f1os<\/strong>. ARCA no iniciar\u00e1 acciones penales siempre que se&nbsp;<strong>cancelen las deudas y sus intereses<\/strong>, beneficio que podr\u00e1 utilizarse&nbsp;<strong>una sola vez por contribuyente<\/strong>.<\/p>\n\n\n\n<h3 class=\"wp-block-heading\">Votaci\u00f3n ajustada, cr\u00edticas opositoras y giro al Senado<\/h3>\n\n\n\n<p>La iniciativa avanz\u00f3 sin un debate ordenado en el tramo final de la sesi\u00f3n. La presidenta de la&nbsp;<strong>Comisi\u00f3n de Legislaci\u00f3n Penal<\/strong>,&nbsp;<strong>Laura Rodr\u00edguez Machado<\/strong>, fue la miembro informante, aunque su exposici\u00f3n se dio en un recinto alterado tras m\u00e1s de diez horas de discusi\u00f3n. En ese contexto, sostuvo que el proyecto \u201c<strong>establece un cambio de paradigma<\/strong>\u201d y cuestion\u00f3 la idea de que los contribuyentes sean \u201c<strong>sospechosos por defecto<\/strong>\u201d.<\/p>\n\n\n\n<p>El cierre del debate se aceler\u00f3 por pedido de&nbsp;<strong>Silvana Giudici<\/strong>, y la votaci\u00f3n general arroj\u00f3 el resultado favorable. En la votaci\u00f3n en particular, el diputado&nbsp;<strong>Guillermo Michel<\/strong>&nbsp;solicit\u00f3 modificaciones para ajustar multas y clausuras seg\u00fan el tama\u00f1o de las empresas y personas humanas, pero no fueron aceptadas. S\u00ed se incorpor\u00f3 una modificaci\u00f3n en el&nbsp;<strong>art\u00edculo 43\u00b0<\/strong>, referida a la actualizaci\u00f3n de montos a partir del&nbsp;<strong>1 de enero de 2027<\/strong>.<\/p>\n\n\n\n<p>Desde la oposici\u00f3n de izquierda y sectores de&nbsp;<strong>Uni\u00f3n por la Patria<\/strong>&nbsp;se expresaron duras cr\u00edticas.&nbsp;<strong>Miriam Bregman<\/strong>&nbsp;calific\u00f3 la norma como \u201c<strong>una ley para esconder narcos<\/strong>\u201d, mientras que&nbsp;<strong>Romina del Pl\u00e1<\/strong>&nbsp;la defini\u00f3 como \u201c<strong>una ley para beneficiar la evasi\u00f3n y el narcotr\u00e1fico<\/strong>\u201d.&nbsp;<strong>Juan Grabois<\/strong>&nbsp;tambi\u00e9n cuestion\u00f3 con dureza el proyecto durante la sesi\u00f3n. Pese a ello, el oficialismo y sus aliados lograron sancionar el texto, que&nbsp;<strong>ahora ser\u00e1 tratado por el Senado<\/strong>.<\/p>\n\n\n\n<p>Fuente: Economis<\/p>\n","protected":false},"excerpt":{"rendered":"<p>Diputados aprob\u00f3 el proyecto de \u201cInocencia Fiscal\u201d y lo gir\u00f3 al Senado: reforma penal tributaria y blanqueo impl\u00edcito de d\u00f3lares no declarados En su primera sesi\u00f3n con la nueva composici\u00f3n y tras sancionar el&nbsp;Presupuesto 2026, la&nbsp;C\u00e1mara de Diputados&nbsp;aprob\u00f3 y gir\u00f3 al&nbsp;Senado&nbsp;el proyecto de ley de&nbsp;\u201cInocencia Fiscal\u201d, una iniciativa del Gobierno orientada a incentivar el uso [&hellip;]<\/p>\n","protected":false},"author":2,"featured_media":52860,"comment_status":"open","ping_status":"closed","sticky":false,"template":"","format":"standard","meta":{"footnotes":""},"categories":[39],"tags":[141,4711,4276],"class_list":["post-52859","post","type-post","status-publish","format-standard","has-post-thumbnail","hentry","category-nacionales","tag-diputados","tag-sancion","tag-votos"],"yoast_head":"<!-- This site is optimized with the Yoast SEO plugin v27.4 - https:\/\/yoast.com\/product\/yoast-seo-wordpress\/ -->\n<title>Diputados dio media sanci\u00f3n a la ley de Inocencia Fiscal | CVI NOTICIAS<\/title>\n<meta name=\"description\" content=\"Con votos ajustados, Diputados aprob\u00f3 la ley de Inocencia Fiscal y gir\u00f3 el proyecto al Senado para su tratamiento.\" \/>\n<meta name=\"robots\" content=\"index, follow, max-snippet:-1, max-image-preview:large, max-video-preview:-1\" \/>\n<link rel=\"canonical\" href=\"https:\/\/cvinoticias.com\/v3\/con-votos-ajustados-diputados-dio-media-sancion-a-la-ley-de-inocencia-fiscal\/\" \/>\n<meta property=\"og:locale\" content=\"es_ES\" \/>\n<meta property=\"og:type\" content=\"article\" \/>\n<meta property=\"og:title\" content=\"Diputados dio media sanci\u00f3n a la ley de Inocencia Fiscal | CVI NOTICIAS\" \/>\n<meta property=\"og:description\" content=\"Con votos ajustados, Diputados aprob\u00f3 la ley de Inocencia Fiscal y gir\u00f3 el proyecto al Senado para su tratamiento.\" \/>\n<meta property=\"og:url\" content=\"https:\/\/cvinoticias.com\/v3\/con-votos-ajustados-diputados-dio-media-sancion-a-la-ley-de-inocencia-fiscal\/\" \/>\n<meta property=\"og:site_name\" content=\"CVI NOTICIAS\" \/>\n<meta property=\"article:publisher\" content=\"https:\/\/www.facebook.com\/cvinoticias\" \/>\n<meta property=\"article:published_time\" content=\"2025-12-18T12:27:12+00:00\" \/>\n<meta property=\"article:modified_time\" content=\"2025-12-18T12:27:15+00:00\" \/>\n<meta property=\"og:image\" content=\"https:\/\/cvinoticias.com\/wp-content\/uploads\/2025\/12\/diputados-nacionjpeg.webp\" \/>\n\t<meta property=\"og:image:width\" content=\"642\" \/>\n\t<meta property=\"og:image:height\" content=\"361\" \/>\n\t<meta property=\"og:image:type\" content=\"image\/webp\" \/>\n<meta name=\"author\" content=\"f1000024\" \/>\n<meta name=\"twitter:card\" content=\"summary_large_image\" \/>\n<meta name=\"twitter:label1\" content=\"Escrito por\" \/>\n\t<meta name=\"twitter:data1\" content=\"f1000024\" \/>\n\t<meta name=\"twitter:label2\" content=\"Tiempo de lectura\" \/>\n\t<meta name=\"twitter:data2\" content=\"4 minutos\" \/>\n<script type=\"application\/ld+json\" class=\"yoast-schema-graph\">{\"@context\":\"https:\\\/\\\/schema.org\",\"@graph\":[{\"@type\":\"Article\",\"@id\":\"https:\\\/\\\/cvinoticias.com\\\/v3\\\/con-votos-ajustados-diputados-dio-media-sancion-a-la-ley-de-inocencia-fiscal\\\/#article\",\"isPartOf\":{\"@id\":\"https:\\\/\\\/cvinoticias.com\\\/v3\\\/con-votos-ajustados-diputados-dio-media-sancion-a-la-ley-de-inocencia-fiscal\\\/\"},\"author\":{\"name\":\"f1000024\",\"@id\":\"https:\\\/\\\/cvinoticias.com\\\/v3\\\/#\\\/schema\\\/person\\\/2db77e3c6bc03c538495d7b2b8be9b66\"},\"headline\":\"Con votos ajustados, Diputados dio media sanci\u00f3n a la ley de Inocencia Fiscal\",\"datePublished\":\"2025-12-18T12:27:12+00:00\",\"dateModified\":\"2025-12-18T12:27:15+00:00\",\"mainEntityOfPage\":{\"@id\":\"https:\\\/\\\/cvinoticias.com\\\/v3\\\/con-votos-ajustados-diputados-dio-media-sancion-a-la-ley-de-inocencia-fiscal\\\/\"},\"wordCount\":846,\"commentCount\":0,\"publisher\":{\"@id\":\"https:\\\/\\\/cvinoticias.com\\\/v3\\\/#organization\"},\"image\":{\"@id\":\"https:\\\/\\\/cvinoticias.com\\\/v3\\\/con-votos-ajustados-diputados-dio-media-sancion-a-la-ley-de-inocencia-fiscal\\\/#primaryimage\"},\"thumbnailUrl\":\"https:\\\/\\\/cvinoticias.com\\\/wp-content\\\/uploads\\\/2025\\\/12\\\/diputados-nacionjpeg.webp\",\"keywords\":[\"diputados\",\"sanci\u00f3n\",\"votos\"],\"articleSection\":[\"Nacionales\"],\"inLanguage\":\"es\",\"potentialAction\":[{\"@type\":\"CommentAction\",\"name\":\"Comment\",\"target\":[\"https:\\\/\\\/cvinoticias.com\\\/v3\\\/con-votos-ajustados-diputados-dio-media-sancion-a-la-ley-de-inocencia-fiscal\\\/#respond\"]}]},{\"@type\":\"WebPage\",\"@id\":\"https:\\\/\\\/cvinoticias.com\\\/v3\\\/con-votos-ajustados-diputados-dio-media-sancion-a-la-ley-de-inocencia-fiscal\\\/\",\"url\":\"https:\\\/\\\/cvinoticias.com\\\/v3\\\/con-votos-ajustados-diputados-dio-media-sancion-a-la-ley-de-inocencia-fiscal\\\/\",\"name\":\"Diputados dio media sanci\u00f3n a la ley de Inocencia Fiscal | CVI NOTICIAS\",\"isPartOf\":{\"@id\":\"https:\\\/\\\/cvinoticias.com\\\/v3\\\/#website\"},\"primaryImageOfPage\":{\"@id\":\"https:\\\/\\\/cvinoticias.com\\\/v3\\\/con-votos-ajustados-diputados-dio-media-sancion-a-la-ley-de-inocencia-fiscal\\\/#primaryimage\"},\"image\":{\"@id\":\"https:\\\/\\\/cvinoticias.com\\\/v3\\\/con-votos-ajustados-diputados-dio-media-sancion-a-la-ley-de-inocencia-fiscal\\\/#primaryimage\"},\"thumbnailUrl\":\"https:\\\/\\\/cvinoticias.com\\\/wp-content\\\/uploads\\\/2025\\\/12\\\/diputados-nacionjpeg.webp\",\"datePublished\":\"2025-12-18T12:27:12+00:00\",\"dateModified\":\"2025-12-18T12:27:15+00:00\",\"description\":\"Con votos ajustados, Diputados aprob\u00f3 la ley de Inocencia Fiscal y gir\u00f3 el proyecto al Senado para su tratamiento.\",\"breadcrumb\":{\"@id\":\"https:\\\/\\\/cvinoticias.com\\\/v3\\\/con-votos-ajustados-diputados-dio-media-sancion-a-la-ley-de-inocencia-fiscal\\\/#breadcrumb\"},\"inLanguage\":\"es\",\"potentialAction\":[{\"@type\":\"ReadAction\",\"target\":[\"https:\\\/\\\/cvinoticias.com\\\/v3\\\/con-votos-ajustados-diputados-dio-media-sancion-a-la-ley-de-inocencia-fiscal\\\/\"]}]},{\"@type\":\"ImageObject\",\"inLanguage\":\"es\",\"@id\":\"https:\\\/\\\/cvinoticias.com\\\/v3\\\/con-votos-ajustados-diputados-dio-media-sancion-a-la-ley-de-inocencia-fiscal\\\/#primaryimage\",\"url\":\"https:\\\/\\\/cvinoticias.com\\\/wp-content\\\/uploads\\\/2025\\\/12\\\/diputados-nacionjpeg.webp\",\"contentUrl\":\"https:\\\/\\\/cvinoticias.com\\\/wp-content\\\/uploads\\\/2025\\\/12\\\/diputados-nacionjpeg.webp\",\"width\":642,\"height\":361},{\"@type\":\"BreadcrumbList\",\"@id\":\"https:\\\/\\\/cvinoticias.com\\\/v3\\\/con-votos-ajustados-diputados-dio-media-sancion-a-la-ley-de-inocencia-fiscal\\\/#breadcrumb\",\"itemListElement\":[{\"@type\":\"ListItem\",\"position\":1,\"name\":\"Portada\",\"item\":\"https:\\\/\\\/cvinoticias.com\\\/v3\\\/\"},{\"@type\":\"ListItem\",\"position\":2,\"name\":\"Con votos ajustados, Diputados dio media sanci\u00f3n a la ley de Inocencia Fiscal\"}]},{\"@type\":\"WebSite\",\"@id\":\"https:\\\/\\\/cvinoticias.com\\\/v3\\\/#website\",\"url\":\"https:\\\/\\\/cvinoticias.com\\\/v3\\\/\",\"name\":\"CVI NOTICIAS\",\"description\":\"\",\"publisher\":{\"@id\":\"https:\\\/\\\/cvinoticias.com\\\/v3\\\/#organization\"},\"alternateName\":\"CVI\",\"potentialAction\":[{\"@type\":\"SearchAction\",\"target\":{\"@type\":\"EntryPoint\",\"urlTemplate\":\"https:\\\/\\\/cvinoticias.com\\\/v3\\\/?s={search_term_string}\"},\"query-input\":{\"@type\":\"PropertyValueSpecification\",\"valueRequired\":true,\"valueName\":\"search_term_string\"}}],\"inLanguage\":\"es\"},{\"@type\":\"Organization\",\"@id\":\"https:\\\/\\\/cvinoticias.com\\\/v3\\\/#organization\",\"name\":\"CVI NOTICIAS\",\"url\":\"https:\\\/\\\/cvinoticias.com\\\/v3\\\/\",\"logo\":{\"@type\":\"ImageObject\",\"inLanguage\":\"es\",\"@id\":\"https:\\\/\\\/cvinoticias.com\\\/v3\\\/#\\\/schema\\\/logo\\\/image\\\/\",\"url\":\"https:\\\/\\\/cvinoticias.com\\\/wp-content\\\/uploads\\\/2023\\\/04\\\/cropped-cropped-cropped-cropped-cropped-3-1.png\",\"contentUrl\":\"https:\\\/\\\/cvinoticias.com\\\/wp-content\\\/uploads\\\/2023\\\/04\\\/cropped-cropped-cropped-cropped-cropped-3-1.png\",\"width\":95,\"height\":122,\"caption\":\"CVI NOTICIAS\"},\"image\":{\"@id\":\"https:\\\/\\\/cvinoticias.com\\\/v3\\\/#\\\/schema\\\/logo\\\/image\\\/\"},\"sameAs\":[\"https:\\\/\\\/www.facebook.com\\\/cvinoticias\",\"https:\\\/\\\/www.instagram.com\\\/cvinoticias\\\/\",\"https:\\\/\\\/www.youtube.com\\\/@CVINOTICIAS\"]},{\"@type\":\"Person\",\"@id\":\"https:\\\/\\\/cvinoticias.com\\\/v3\\\/#\\\/schema\\\/person\\\/2db77e3c6bc03c538495d7b2b8be9b66\",\"name\":\"f1000024\",\"image\":{\"@type\":\"ImageObject\",\"inLanguage\":\"es\",\"@id\":\"https:\\\/\\\/secure.gravatar.com\\\/avatar\\\/d4fe7459cfc51ff5129ce1a732bbef5928568b8092d412ef95611616376bbeed?s=96&d=mm&r=g\",\"url\":\"https:\\\/\\\/secure.gravatar.com\\\/avatar\\\/d4fe7459cfc51ff5129ce1a732bbef5928568b8092d412ef95611616376bbeed?s=96&d=mm&r=g\",\"contentUrl\":\"https:\\\/\\\/secure.gravatar.com\\\/avatar\\\/d4fe7459cfc51ff5129ce1a732bbef5928568b8092d412ef95611616376bbeed?s=96&d=mm&r=g\",\"caption\":\"f1000024\"},\"url\":\"https:\\\/\\\/cvinoticias.com\\\/v3\\\/author\\\/f1000024\\\/\"}]}<\/script>\n<!-- \/ Yoast SEO plugin. -->","yoast_head_json":{"title":"Diputados dio media sanci\u00f3n a la ley de Inocencia Fiscal | CVI NOTICIAS","description":"Con votos ajustados, Diputados aprob\u00f3 la ley de Inocencia Fiscal y gir\u00f3 el proyecto al Senado para su tratamiento.","robots":{"index":"index","follow":"follow","max-snippet":"max-snippet:-1","max-image-preview":"max-image-preview:large","max-video-preview":"max-video-preview:-1"},"canonical":"https:\/\/cvinoticias.com\/v3\/con-votos-ajustados-diputados-dio-media-sancion-a-la-ley-de-inocencia-fiscal\/","og_locale":"es_ES","og_type":"article","og_title":"Diputados dio media sanci\u00f3n a la ley de Inocencia Fiscal | CVI NOTICIAS","og_description":"Con votos ajustados, Diputados aprob\u00f3 la ley de Inocencia Fiscal y gir\u00f3 el proyecto al Senado para su tratamiento.","og_url":"https:\/\/cvinoticias.com\/v3\/con-votos-ajustados-diputados-dio-media-sancion-a-la-ley-de-inocencia-fiscal\/","og_site_name":"CVI NOTICIAS","article_publisher":"https:\/\/www.facebook.com\/cvinoticias","article_published_time":"2025-12-18T12:27:12+00:00","article_modified_time":"2025-12-18T12:27:15+00:00","og_image":[{"width":642,"height":361,"url":"https:\/\/cvinoticias.com\/wp-content\/uploads\/2025\/12\/diputados-nacionjpeg.webp","type":"image\/webp"}],"author":"f1000024","twitter_card":"summary_large_image","twitter_misc":{"Escrito por":"f1000024","Tiempo de lectura":"4 minutos"},"schema":{"@context":"https:\/\/schema.org","@graph":[{"@type":"Article","@id":"https:\/\/cvinoticias.com\/v3\/con-votos-ajustados-diputados-dio-media-sancion-a-la-ley-de-inocencia-fiscal\/#article","isPartOf":{"@id":"https:\/\/cvinoticias.com\/v3\/con-votos-ajustados-diputados-dio-media-sancion-a-la-ley-de-inocencia-fiscal\/"},"author":{"name":"f1000024","@id":"https:\/\/cvinoticias.com\/v3\/#\/schema\/person\/2db77e3c6bc03c538495d7b2b8be9b66"},"headline":"Con votos ajustados, Diputados dio media sanci\u00f3n a la ley de Inocencia Fiscal","datePublished":"2025-12-18T12:27:12+00:00","dateModified":"2025-12-18T12:27:15+00:00","mainEntityOfPage":{"@id":"https:\/\/cvinoticias.com\/v3\/con-votos-ajustados-diputados-dio-media-sancion-a-la-ley-de-inocencia-fiscal\/"},"wordCount":846,"commentCount":0,"publisher":{"@id":"https:\/\/cvinoticias.com\/v3\/#organization"},"image":{"@id":"https:\/\/cvinoticias.com\/v3\/con-votos-ajustados-diputados-dio-media-sancion-a-la-ley-de-inocencia-fiscal\/#primaryimage"},"thumbnailUrl":"https:\/\/cvinoticias.com\/wp-content\/uploads\/2025\/12\/diputados-nacionjpeg.webp","keywords":["diputados","sanci\u00f3n","votos"],"articleSection":["Nacionales"],"inLanguage":"es","potentialAction":[{"@type":"CommentAction","name":"Comment","target":["https:\/\/cvinoticias.com\/v3\/con-votos-ajustados-diputados-dio-media-sancion-a-la-ley-de-inocencia-fiscal\/#respond"]}]},{"@type":"WebPage","@id":"https:\/\/cvinoticias.com\/v3\/con-votos-ajustados-diputados-dio-media-sancion-a-la-ley-de-inocencia-fiscal\/","url":"https:\/\/cvinoticias.com\/v3\/con-votos-ajustados-diputados-dio-media-sancion-a-la-ley-de-inocencia-fiscal\/","name":"Diputados dio media sanci\u00f3n a la ley de Inocencia Fiscal | CVI NOTICIAS","isPartOf":{"@id":"https:\/\/cvinoticias.com\/v3\/#website"},"primaryImageOfPage":{"@id":"https:\/\/cvinoticias.com\/v3\/con-votos-ajustados-diputados-dio-media-sancion-a-la-ley-de-inocencia-fiscal\/#primaryimage"},"image":{"@id":"https:\/\/cvinoticias.com\/v3\/con-votos-ajustados-diputados-dio-media-sancion-a-la-ley-de-inocencia-fiscal\/#primaryimage"},"thumbnailUrl":"https:\/\/cvinoticias.com\/wp-content\/uploads\/2025\/12\/diputados-nacionjpeg.webp","datePublished":"2025-12-18T12:27:12+00:00","dateModified":"2025-12-18T12:27:15+00:00","description":"Con votos ajustados, Diputados aprob\u00f3 la ley de Inocencia Fiscal y gir\u00f3 el proyecto al Senado para su tratamiento.","breadcrumb":{"@id":"https:\/\/cvinoticias.com\/v3\/con-votos-ajustados-diputados-dio-media-sancion-a-la-ley-de-inocencia-fiscal\/#breadcrumb"},"inLanguage":"es","potentialAction":[{"@type":"ReadAction","target":["https:\/\/cvinoticias.com\/v3\/con-votos-ajustados-diputados-dio-media-sancion-a-la-ley-de-inocencia-fiscal\/"]}]},{"@type":"ImageObject","inLanguage":"es","@id":"https:\/\/cvinoticias.com\/v3\/con-votos-ajustados-diputados-dio-media-sancion-a-la-ley-de-inocencia-fiscal\/#primaryimage","url":"https:\/\/cvinoticias.com\/wp-content\/uploads\/2025\/12\/diputados-nacionjpeg.webp","contentUrl":"https:\/\/cvinoticias.com\/wp-content\/uploads\/2025\/12\/diputados-nacionjpeg.webp","width":642,"height":361},{"@type":"BreadcrumbList","@id":"https:\/\/cvinoticias.com\/v3\/con-votos-ajustados-diputados-dio-media-sancion-a-la-ley-de-inocencia-fiscal\/#breadcrumb","itemListElement":[{"@type":"ListItem","position":1,"name":"Portada","item":"https:\/\/cvinoticias.com\/v3\/"},{"@type":"ListItem","position":2,"name":"Con votos ajustados, Diputados dio media sanci\u00f3n a la ley de Inocencia Fiscal"}]},{"@type":"WebSite","@id":"https:\/\/cvinoticias.com\/v3\/#website","url":"https:\/\/cvinoticias.com\/v3\/","name":"CVI NOTICIAS","description":"","publisher":{"@id":"https:\/\/cvinoticias.com\/v3\/#organization"},"alternateName":"CVI","potentialAction":[{"@type":"SearchAction","target":{"@type":"EntryPoint","urlTemplate":"https:\/\/cvinoticias.com\/v3\/?s={search_term_string}"},"query-input":{"@type":"PropertyValueSpecification","valueRequired":true,"valueName":"search_term_string"}}],"inLanguage":"es"},{"@type":"Organization","@id":"https:\/\/cvinoticias.com\/v3\/#organization","name":"CVI NOTICIAS","url":"https:\/\/cvinoticias.com\/v3\/","logo":{"@type":"ImageObject","inLanguage":"es","@id":"https:\/\/cvinoticias.com\/v3\/#\/schema\/logo\/image\/","url":"https:\/\/cvinoticias.com\/wp-content\/uploads\/2023\/04\/cropped-cropped-cropped-cropped-cropped-3-1.png","contentUrl":"https:\/\/cvinoticias.com\/wp-content\/uploads\/2023\/04\/cropped-cropped-cropped-cropped-cropped-3-1.png","width":95,"height":122,"caption":"CVI NOTICIAS"},"image":{"@id":"https:\/\/cvinoticias.com\/v3\/#\/schema\/logo\/image\/"},"sameAs":["https:\/\/www.facebook.com\/cvinoticias","https:\/\/www.instagram.com\/cvinoticias\/","https:\/\/www.youtube.com\/@CVINOTICIAS"]},{"@type":"Person","@id":"https:\/\/cvinoticias.com\/v3\/#\/schema\/person\/2db77e3c6bc03c538495d7b2b8be9b66","name":"f1000024","image":{"@type":"ImageObject","inLanguage":"es","@id":"https:\/\/secure.gravatar.com\/avatar\/d4fe7459cfc51ff5129ce1a732bbef5928568b8092d412ef95611616376bbeed?s=96&d=mm&r=g","url":"https:\/\/secure.gravatar.com\/avatar\/d4fe7459cfc51ff5129ce1a732bbef5928568b8092d412ef95611616376bbeed?s=96&d=mm&r=g","contentUrl":"https:\/\/secure.gravatar.com\/avatar\/d4fe7459cfc51ff5129ce1a732bbef5928568b8092d412ef95611616376bbeed?s=96&d=mm&r=g","caption":"f1000024"},"url":"https:\/\/cvinoticias.com\/v3\/author\/f1000024\/"}]}},"_links":{"self":[{"href":"https:\/\/cvinoticias.com\/v3\/wp-json\/wp\/v2\/posts\/52859","targetHints":{"allow":["GET"]}}],"collection":[{"href":"https:\/\/cvinoticias.com\/v3\/wp-json\/wp\/v2\/posts"}],"about":[{"href":"https:\/\/cvinoticias.com\/v3\/wp-json\/wp\/v2\/types\/post"}],"author":[{"embeddable":true,"href":"https:\/\/cvinoticias.com\/v3\/wp-json\/wp\/v2\/users\/2"}],"replies":[{"embeddable":true,"href":"https:\/\/cvinoticias.com\/v3\/wp-json\/wp\/v2\/comments?post=52859"}],"version-history":[{"count":1,"href":"https:\/\/cvinoticias.com\/v3\/wp-json\/wp\/v2\/posts\/52859\/revisions"}],"predecessor-version":[{"id":52861,"href":"https:\/\/cvinoticias.com\/v3\/wp-json\/wp\/v2\/posts\/52859\/revisions\/52861"}],"wp:featuredmedia":[{"embeddable":true,"href":"https:\/\/cvinoticias.com\/v3\/wp-json\/wp\/v2\/media\/52860"}],"wp:attachment":[{"href":"https:\/\/cvinoticias.com\/v3\/wp-json\/wp\/v2\/media?parent=52859"}],"wp:term":[{"taxonomy":"category","embeddable":true,"href":"https:\/\/cvinoticias.com\/v3\/wp-json\/wp\/v2\/categories?post=52859"},{"taxonomy":"post_tag","embeddable":true,"href":"https:\/\/cvinoticias.com\/v3\/wp-json\/wp\/v2\/tags?post=52859"}],"curies":[{"name":"wp","href":"https:\/\/api.w.org\/{rel}","templated":true}]}}