{"id":52840,"date":"2025-12-17T14:58:54","date_gmt":"2025-12-17T17:58:54","guid":{"rendered":"https:\/\/cvinoticias.com\/v3\/?p=52840"},"modified":"2025-12-18T08:41:14","modified_gmt":"2025-12-18T11:41:14","slug":"el-fin-de-semana-lo-vivis-en-bailanta-el-monarca","status":"publish","type":"post","link":"https:\/\/cvinoticias.com\/v3\/el-fin-de-semana-lo-vivis-en-bailanta-el-monarca\/","title":{"rendered":"El fin de semana lo viv\u00eds en Bailanta El Monarca"},"content":{"rendered":"\n<p>La noche iguazuense se prepara para un fin de semana movido en Bailanta El Monarca. Diego Arg\u00fcello, propietario del local, dialog\u00f3 con CVI Noticias para dar a conocer la completa agenda de artistas que subir\u00e1n al escenario para hacer bailar a todo el p\u00fablico local.<\/p>\n\n\n\n<p>\u200bLa movida arranca este viernes a partir de las 22:00 hs con la presentaci\u00f3n de Grupo El Semental de Am\u00e9rica y el show de Esteban Show, garantizando una noche de cl\u00e1sicos y mucha energ\u00eda. Por su parte, el plato fuerte llegar\u00e1 el d\u00eda s\u00e1bado con la presentaci\u00f3n, por primera vez en Puerto Iguaz\u00fa, de Angeles Agrupaci\u00f3n. El grupo traer\u00e1 un repertorio que combina sus grandes \u00e9xitos con nuevas canciones para asegurar el baile durante toda la madrugada.<\/p>\n\n\n\n<p>\u200bPara quienes deseen comenzar el encuentro antes de los shows, el propietario destac\u00f3 que a partir de las 19:00 hs ya se puede realizar \u00abla previa\u00bb en las instalaciones de la bailanta.<\/p>\n\n\n\n<p>Entrevista con: Diego Arg\u00fcello (Propietario)<\/p>\n","protected":false},"excerpt":{"rendered":"<p>La noche iguazuense se prepara para un fin de semana movido en Bailanta El Monarca. Diego Arg\u00fcello, propietario del local, dialog\u00f3 con CVI Noticias para dar a conocer la completa agenda de artistas que subir\u00e1n al escenario para hacer bailar a todo el p\u00fablico local. \u200bLa movida arranca este viernes a partir de las 22:00 [&hellip;]<\/p>\n","protected":false},"author":2,"featured_media":52841,"comment_status":"open","ping_status":"closed","sticky":false,"template":"","format":"standard","meta":{"footnotes":""},"categories":[47],"tags":[1318,1317,716],"class_list":["post-52840","post","type-post","status-publish","format-standard","has-post-thumbnail","hentry","category-sociedad","tag-bailanta","tag-el-monarca","tag-shows"],"yoast_head":"<!-- This site is optimized with the Yoast SEO plugin v27.5 - https:\/\/yoast.com\/product\/yoast-seo-wordpress\/ -->\n<title>Fin de semana a puro baile en Bailanta El Monarca | CVI NOTICIAS<\/title>\n<meta name=\"description\" content=\"Bailanta El Monarca presenta un fin de semana con shows en vivo, artistas invitados y previa desde las 19 hs en Iguaz\u00fa.\" \/>\n<meta name=\"robots\" content=\"index, follow, max-snippet:-1, max-image-preview:large, max-video-preview:-1\" \/>\n<link rel=\"canonical\" href=\"https:\/\/cvinoticias.com\/v3\/el-fin-de-semana-lo-vivis-en-bailanta-el-monarca\/\" \/>\n<meta property=\"og:locale\" content=\"es_ES\" \/>\n<meta property=\"og:type\" content=\"article\" \/>\n<meta property=\"og:title\" content=\"Fin de semana a puro baile en Bailanta El Monarca | CVI NOTICIAS\" \/>\n<meta property=\"og:description\" content=\"Bailanta El Monarca presenta un fin de semana con shows en vivo, artistas invitados y previa desde las 19 hs en Iguaz\u00fa.\" \/>\n<meta property=\"og:url\" content=\"https:\/\/cvinoticias.com\/v3\/el-fin-de-semana-lo-vivis-en-bailanta-el-monarca\/\" \/>\n<meta property=\"og:site_name\" content=\"CVI NOTICIAS\" \/>\n<meta property=\"article:publisher\" content=\"https:\/\/www.facebook.com\/cvinoticias\" \/>\n<meta property=\"article:published_time\" content=\"2025-12-17T17:58:54+00:00\" \/>\n<meta property=\"article:modified_time\" content=\"2025-12-18T11:41:14+00:00\" \/>\n<meta property=\"og:image\" content=\"https:\/\/cvinoticias.com\/wp-content\/uploads\/2025\/12\/el-monarca-1.jpg\" \/>\n\t<meta property=\"og:image:width\" content=\"1157\" \/>\n\t<meta property=\"og:image:height\" content=\"1175\" \/>\n\t<meta property=\"og:image:type\" content=\"image\/jpeg\" \/>\n<meta name=\"author\" content=\"f1000024\" \/>\n<meta name=\"twitter:card\" content=\"summary_large_image\" \/>\n<meta name=\"twitter:label1\" content=\"Escrito por\" \/>\n\t<meta name=\"twitter:data1\" content=\"f1000024\" \/>\n\t<meta name=\"twitter:label2\" content=\"Tiempo de lectura\" \/>\n\t<meta name=\"twitter:data2\" content=\"1 minuto\" \/>\n<script type=\"application\/ld+json\" class=\"yoast-schema-graph\">{\"@context\":\"https:\\\/\\\/schema.org\",\"@graph\":[{\"@type\":\"Article\",\"@id\":\"https:\\\/\\\/cvinoticias.com\\\/v3\\\/el-fin-de-semana-lo-vivis-en-bailanta-el-monarca\\\/#article\",\"isPartOf\":{\"@id\":\"https:\\\/\\\/cvinoticias.com\\\/v3\\\/el-fin-de-semana-lo-vivis-en-bailanta-el-monarca\\\/\"},\"author\":{\"name\":\"f1000024\",\"@id\":\"https:\\\/\\\/cvinoticias.com\\\/v3\\\/#\\\/schema\\\/person\\\/2db77e3c6bc03c538495d7b2b8be9b66\"},\"headline\":\"El fin de semana lo viv\u00eds en Bailanta El Monarca\",\"datePublished\":\"2025-12-17T17:58:54+00:00\",\"dateModified\":\"2025-12-18T11:41:14+00:00\",\"mainEntityOfPage\":{\"@id\":\"https:\\\/\\\/cvinoticias.com\\\/v3\\\/el-fin-de-semana-lo-vivis-en-bailanta-el-monarca\\\/\"},\"wordCount\":180,\"commentCount\":0,\"publisher\":{\"@id\":\"https:\\\/\\\/cvinoticias.com\\\/v3\\\/#organization\"},\"image\":{\"@id\":\"https:\\\/\\\/cvinoticias.com\\\/v3\\\/el-fin-de-semana-lo-vivis-en-bailanta-el-monarca\\\/#primaryimage\"},\"thumbnailUrl\":\"https:\\\/\\\/cvinoticias.com\\\/wp-content\\\/uploads\\\/2025\\\/12\\\/el-monarca-1.jpg\",\"keywords\":[\"Bailanta\",\"El monarca\",\"Shows\"],\"articleSection\":[\"Sociedad\"],\"inLanguage\":\"es\",\"potentialAction\":[{\"@type\":\"CommentAction\",\"name\":\"Comment\",\"target\":[\"https:\\\/\\\/cvinoticias.com\\\/v3\\\/el-fin-de-semana-lo-vivis-en-bailanta-el-monarca\\\/#respond\"]}]},{\"@type\":\"WebPage\",\"@id\":\"https:\\\/\\\/cvinoticias.com\\\/v3\\\/el-fin-de-semana-lo-vivis-en-bailanta-el-monarca\\\/\",\"url\":\"https:\\\/\\\/cvinoticias.com\\\/v3\\\/el-fin-de-semana-lo-vivis-en-bailanta-el-monarca\\\/\",\"name\":\"Fin de semana a puro baile en Bailanta El Monarca | CVI NOTICIAS\",\"isPartOf\":{\"@id\":\"https:\\\/\\\/cvinoticias.com\\\/v3\\\/#website\"},\"primaryImageOfPage\":{\"@id\":\"https:\\\/\\\/cvinoticias.com\\\/v3\\\/el-fin-de-semana-lo-vivis-en-bailanta-el-monarca\\\/#primaryimage\"},\"image\":{\"@id\":\"https:\\\/\\\/cvinoticias.com\\\/v3\\\/el-fin-de-semana-lo-vivis-en-bailanta-el-monarca\\\/#primaryimage\"},\"thumbnailUrl\":\"https:\\\/\\\/cvinoticias.com\\\/wp-content\\\/uploads\\\/2025\\\/12\\\/el-monarca-1.jpg\",\"datePublished\":\"2025-12-17T17:58:54+00:00\",\"dateModified\":\"2025-12-18T11:41:14+00:00\",\"description\":\"Bailanta El Monarca presenta un fin de semana con shows en vivo, artistas invitados y previa desde las 19 hs en Iguaz\u00fa.\",\"breadcrumb\":{\"@id\":\"https:\\\/\\\/cvinoticias.com\\\/v3\\\/el-fin-de-semana-lo-vivis-en-bailanta-el-monarca\\\/#breadcrumb\"},\"inLanguage\":\"es\",\"potentialAction\":[{\"@type\":\"ReadAction\",\"target\":[\"https:\\\/\\\/cvinoticias.com\\\/v3\\\/el-fin-de-semana-lo-vivis-en-bailanta-el-monarca\\\/\"]}]},{\"@type\":\"ImageObject\",\"inLanguage\":\"es\",\"@id\":\"https:\\\/\\\/cvinoticias.com\\\/v3\\\/el-fin-de-semana-lo-vivis-en-bailanta-el-monarca\\\/#primaryimage\",\"url\":\"https:\\\/\\\/cvinoticias.com\\\/wp-content\\\/uploads\\\/2025\\\/12\\\/el-monarca-1.jpg\",\"contentUrl\":\"https:\\\/\\\/cvinoticias.com\\\/wp-content\\\/uploads\\\/2025\\\/12\\\/el-monarca-1.jpg\",\"width\":1157,\"height\":1175},{\"@type\":\"BreadcrumbList\",\"@id\":\"https:\\\/\\\/cvinoticias.com\\\/v3\\\/el-fin-de-semana-lo-vivis-en-bailanta-el-monarca\\\/#breadcrumb\",\"itemListElement\":[{\"@type\":\"ListItem\",\"position\":1,\"name\":\"Portada\",\"item\":\"https:\\\/\\\/cvinoticias.com\\\/v3\\\/\"},{\"@type\":\"ListItem\",\"position\":2,\"name\":\"El fin de semana lo viv\u00eds en Bailanta El Monarca\"}]},{\"@type\":\"WebSite\",\"@id\":\"https:\\\/\\\/cvinoticias.com\\\/v3\\\/#website\",\"url\":\"https:\\\/\\\/cvinoticias.com\\\/v3\\\/\",\"name\":\"CVI NOTICIAS\",\"description\":\"\",\"publisher\":{\"@id\":\"https:\\\/\\\/cvinoticias.com\\\/v3\\\/#organization\"},\"alternateName\":\"CVI\",\"potentialAction\":[{\"@type\":\"SearchAction\",\"target\":{\"@type\":\"EntryPoint\",\"urlTemplate\":\"https:\\\/\\\/cvinoticias.com\\\/v3\\\/?s={search_term_string}\"},\"query-input\":{\"@type\":\"PropertyValueSpecification\",\"valueRequired\":true,\"valueName\":\"search_term_string\"}}],\"inLanguage\":\"es\"},{\"@type\":\"Organization\",\"@id\":\"https:\\\/\\\/cvinoticias.com\\\/v3\\\/#organization\",\"name\":\"CVI NOTICIAS\",\"url\":\"https:\\\/\\\/cvinoticias.com\\\/v3\\\/\",\"logo\":{\"@type\":\"ImageObject\",\"inLanguage\":\"es\",\"@id\":\"https:\\\/\\\/cvinoticias.com\\\/v3\\\/#\\\/schema\\\/logo\\\/image\\\/\",\"url\":\"https:\\\/\\\/cvinoticias.com\\\/wp-content\\\/uploads\\\/2023\\\/04\\\/cropped-cropped-cropped-cropped-cropped-3-1.png\",\"contentUrl\":\"https:\\\/\\\/cvinoticias.com\\\/wp-content\\\/uploads\\\/2023\\\/04\\\/cropped-cropped-cropped-cropped-cropped-3-1.png\",\"width\":95,\"height\":122,\"caption\":\"CVI NOTICIAS\"},\"image\":{\"@id\":\"https:\\\/\\\/cvinoticias.com\\\/v3\\\/#\\\/schema\\\/logo\\\/image\\\/\"},\"sameAs\":[\"https:\\\/\\\/www.facebook.com\\\/cvinoticias\",\"https:\\\/\\\/www.instagram.com\\\/cvinoticias\\\/\",\"https:\\\/\\\/www.youtube.com\\\/@CVINOTICIAS\"]},{\"@type\":\"Person\",\"@id\":\"https:\\\/\\\/cvinoticias.com\\\/v3\\\/#\\\/schema\\\/person\\\/2db77e3c6bc03c538495d7b2b8be9b66\",\"name\":\"f1000024\",\"image\":{\"@type\":\"ImageObject\",\"inLanguage\":\"es\",\"@id\":\"https:\\\/\\\/secure.gravatar.com\\\/avatar\\\/d4fe7459cfc51ff5129ce1a732bbef5928568b8092d412ef95611616376bbeed?s=96&d=mm&r=g\",\"url\":\"https:\\\/\\\/secure.gravatar.com\\\/avatar\\\/d4fe7459cfc51ff5129ce1a732bbef5928568b8092d412ef95611616376bbeed?s=96&d=mm&r=g\",\"contentUrl\":\"https:\\\/\\\/secure.gravatar.com\\\/avatar\\\/d4fe7459cfc51ff5129ce1a732bbef5928568b8092d412ef95611616376bbeed?s=96&d=mm&r=g\",\"caption\":\"f1000024\"},\"url\":\"https:\\\/\\\/cvinoticias.com\\\/v3\\\/author\\\/f1000024\\\/\"}]}<\/script>\n<!-- \/ Yoast SEO plugin. -->","yoast_head_json":{"title":"Fin de semana a puro baile en Bailanta El Monarca | CVI NOTICIAS","description":"Bailanta El Monarca presenta un fin de semana con shows en vivo, artistas invitados y previa desde las 19 hs en Iguaz\u00fa.","robots":{"index":"index","follow":"follow","max-snippet":"max-snippet:-1","max-image-preview":"max-image-preview:large","max-video-preview":"max-video-preview:-1"},"canonical":"https:\/\/cvinoticias.com\/v3\/el-fin-de-semana-lo-vivis-en-bailanta-el-monarca\/","og_locale":"es_ES","og_type":"article","og_title":"Fin de semana a puro baile en Bailanta El Monarca | CVI NOTICIAS","og_description":"Bailanta El Monarca presenta un fin de semana con shows en vivo, artistas invitados y previa desde las 19 hs en Iguaz\u00fa.","og_url":"https:\/\/cvinoticias.com\/v3\/el-fin-de-semana-lo-vivis-en-bailanta-el-monarca\/","og_site_name":"CVI NOTICIAS","article_publisher":"https:\/\/www.facebook.com\/cvinoticias","article_published_time":"2025-12-17T17:58:54+00:00","article_modified_time":"2025-12-18T11:41:14+00:00","og_image":[{"width":1157,"height":1175,"url":"https:\/\/cvinoticias.com\/wp-content\/uploads\/2025\/12\/el-monarca-1.jpg","type":"image\/jpeg"}],"author":"f1000024","twitter_card":"summary_large_image","twitter_misc":{"Escrito por":"f1000024","Tiempo de lectura":"1 minuto"},"schema":{"@context":"https:\/\/schema.org","@graph":[{"@type":"Article","@id":"https:\/\/cvinoticias.com\/v3\/el-fin-de-semana-lo-vivis-en-bailanta-el-monarca\/#article","isPartOf":{"@id":"https:\/\/cvinoticias.com\/v3\/el-fin-de-semana-lo-vivis-en-bailanta-el-monarca\/"},"author":{"name":"f1000024","@id":"https:\/\/cvinoticias.com\/v3\/#\/schema\/person\/2db77e3c6bc03c538495d7b2b8be9b66"},"headline":"El fin de semana lo viv\u00eds en Bailanta El Monarca","datePublished":"2025-12-17T17:58:54+00:00","dateModified":"2025-12-18T11:41:14+00:00","mainEntityOfPage":{"@id":"https:\/\/cvinoticias.com\/v3\/el-fin-de-semana-lo-vivis-en-bailanta-el-monarca\/"},"wordCount":180,"commentCount":0,"publisher":{"@id":"https:\/\/cvinoticias.com\/v3\/#organization"},"image":{"@id":"https:\/\/cvinoticias.com\/v3\/el-fin-de-semana-lo-vivis-en-bailanta-el-monarca\/#primaryimage"},"thumbnailUrl":"https:\/\/cvinoticias.com\/wp-content\/uploads\/2025\/12\/el-monarca-1.jpg","keywords":["Bailanta","El monarca","Shows"],"articleSection":["Sociedad"],"inLanguage":"es","potentialAction":[{"@type":"CommentAction","name":"Comment","target":["https:\/\/cvinoticias.com\/v3\/el-fin-de-semana-lo-vivis-en-bailanta-el-monarca\/#respond"]}]},{"@type":"WebPage","@id":"https:\/\/cvinoticias.com\/v3\/el-fin-de-semana-lo-vivis-en-bailanta-el-monarca\/","url":"https:\/\/cvinoticias.com\/v3\/el-fin-de-semana-lo-vivis-en-bailanta-el-monarca\/","name":"Fin de semana a puro baile en Bailanta El Monarca | CVI NOTICIAS","isPartOf":{"@id":"https:\/\/cvinoticias.com\/v3\/#website"},"primaryImageOfPage":{"@id":"https:\/\/cvinoticias.com\/v3\/el-fin-de-semana-lo-vivis-en-bailanta-el-monarca\/#primaryimage"},"image":{"@id":"https:\/\/cvinoticias.com\/v3\/el-fin-de-semana-lo-vivis-en-bailanta-el-monarca\/#primaryimage"},"thumbnailUrl":"https:\/\/cvinoticias.com\/wp-content\/uploads\/2025\/12\/el-monarca-1.jpg","datePublished":"2025-12-17T17:58:54+00:00","dateModified":"2025-12-18T11:41:14+00:00","description":"Bailanta El Monarca presenta un fin de semana con shows en vivo, artistas invitados y previa desde las 19 hs en Iguaz\u00fa.","breadcrumb":{"@id":"https:\/\/cvinoticias.com\/v3\/el-fin-de-semana-lo-vivis-en-bailanta-el-monarca\/#breadcrumb"},"inLanguage":"es","potentialAction":[{"@type":"ReadAction","target":["https:\/\/cvinoticias.com\/v3\/el-fin-de-semana-lo-vivis-en-bailanta-el-monarca\/"]}]},{"@type":"ImageObject","inLanguage":"es","@id":"https:\/\/cvinoticias.com\/v3\/el-fin-de-semana-lo-vivis-en-bailanta-el-monarca\/#primaryimage","url":"https:\/\/cvinoticias.com\/wp-content\/uploads\/2025\/12\/el-monarca-1.jpg","contentUrl":"https:\/\/cvinoticias.com\/wp-content\/uploads\/2025\/12\/el-monarca-1.jpg","width":1157,"height":1175},{"@type":"BreadcrumbList","@id":"https:\/\/cvinoticias.com\/v3\/el-fin-de-semana-lo-vivis-en-bailanta-el-monarca\/#breadcrumb","itemListElement":[{"@type":"ListItem","position":1,"name":"Portada","item":"https:\/\/cvinoticias.com\/v3\/"},{"@type":"ListItem","position":2,"name":"El fin de semana lo viv\u00eds en Bailanta El Monarca"}]},{"@type":"WebSite","@id":"https:\/\/cvinoticias.com\/v3\/#website","url":"https:\/\/cvinoticias.com\/v3\/","name":"CVI NOTICIAS","description":"","publisher":{"@id":"https:\/\/cvinoticias.com\/v3\/#organization"},"alternateName":"CVI","potentialAction":[{"@type":"SearchAction","target":{"@type":"EntryPoint","urlTemplate":"https:\/\/cvinoticias.com\/v3\/?s={search_term_string}"},"query-input":{"@type":"PropertyValueSpecification","valueRequired":true,"valueName":"search_term_string"}}],"inLanguage":"es"},{"@type":"Organization","@id":"https:\/\/cvinoticias.com\/v3\/#organization","name":"CVI NOTICIAS","url":"https:\/\/cvinoticias.com\/v3\/","logo":{"@type":"ImageObject","inLanguage":"es","@id":"https:\/\/cvinoticias.com\/v3\/#\/schema\/logo\/image\/","url":"https:\/\/cvinoticias.com\/wp-content\/uploads\/2023\/04\/cropped-cropped-cropped-cropped-cropped-3-1.png","contentUrl":"https:\/\/cvinoticias.com\/wp-content\/uploads\/2023\/04\/cropped-cropped-cropped-cropped-cropped-3-1.png","width":95,"height":122,"caption":"CVI NOTICIAS"},"image":{"@id":"https:\/\/cvinoticias.com\/v3\/#\/schema\/logo\/image\/"},"sameAs":["https:\/\/www.facebook.com\/cvinoticias","https:\/\/www.instagram.com\/cvinoticias\/","https:\/\/www.youtube.com\/@CVINOTICIAS"]},{"@type":"Person","@id":"https:\/\/cvinoticias.com\/v3\/#\/schema\/person\/2db77e3c6bc03c538495d7b2b8be9b66","name":"f1000024","image":{"@type":"ImageObject","inLanguage":"es","@id":"https:\/\/secure.gravatar.com\/avatar\/d4fe7459cfc51ff5129ce1a732bbef5928568b8092d412ef95611616376bbeed?s=96&d=mm&r=g","url":"https:\/\/secure.gravatar.com\/avatar\/d4fe7459cfc51ff5129ce1a732bbef5928568b8092d412ef95611616376bbeed?s=96&d=mm&r=g","contentUrl":"https:\/\/secure.gravatar.com\/avatar\/d4fe7459cfc51ff5129ce1a732bbef5928568b8092d412ef95611616376bbeed?s=96&d=mm&r=g","caption":"f1000024"},"url":"https:\/\/cvinoticias.com\/v3\/author\/f1000024\/"}]}},"_links":{"self":[{"href":"https:\/\/cvinoticias.com\/v3\/wp-json\/wp\/v2\/posts\/52840","targetHints":{"allow":["GET"]}}],"collection":[{"href":"https:\/\/cvinoticias.com\/v3\/wp-json\/wp\/v2\/posts"}],"about":[{"href":"https:\/\/cvinoticias.com\/v3\/wp-json\/wp\/v2\/types\/post"}],"author":[{"embeddable":true,"href":"https:\/\/cvinoticias.com\/v3\/wp-json\/wp\/v2\/users\/2"}],"replies":[{"embeddable":true,"href":"https:\/\/cvinoticias.com\/v3\/wp-json\/wp\/v2\/comments?post=52840"}],"version-history":[{"count":1,"href":"https:\/\/cvinoticias.com\/v3\/wp-json\/wp\/v2\/posts\/52840\/revisions"}],"predecessor-version":[{"id":52842,"href":"https:\/\/cvinoticias.com\/v3\/wp-json\/wp\/v2\/posts\/52840\/revisions\/52842"}],"wp:featuredmedia":[{"embeddable":true,"href":"https:\/\/cvinoticias.com\/v3\/wp-json\/wp\/v2\/media\/52841"}],"wp:attachment":[{"href":"https:\/\/cvinoticias.com\/v3\/wp-json\/wp\/v2\/media?parent=52840"}],"wp:term":[{"taxonomy":"category","embeddable":true,"href":"https:\/\/cvinoticias.com\/v3\/wp-json\/wp\/v2\/categories?post=52840"},{"taxonomy":"post_tag","embeddable":true,"href":"https:\/\/cvinoticias.com\/v3\/wp-json\/wp\/v2\/tags?post=52840"}],"curies":[{"name":"wp","href":"https:\/\/api.w.org\/{rel}","templated":true}]}}