{"id":5283,"date":"2021-05-20T10:21:22","date_gmt":"2021-05-20T10:21:22","guid":{"rendered":"https:\/\/cvinoticias.com\/v3\/?p=5283"},"modified":"2021-05-20T10:21:22","modified_gmt":"2021-05-20T10:21:22","slug":"con-mas-de-39-mil-contagios-argentina-batio-otro-record-de-casos-positivos-de-covid-19-en-un-solo-dia","status":"publish","type":"post","link":"https:\/\/cvinoticias.com\/v3\/con-mas-de-39-mil-contagios-argentina-batio-otro-record-de-casos-positivos-de-covid-19-en-un-solo-dia\/","title":{"rendered":"Con m\u00e1s de 39 mil contagios, Argentina bati\u00f3 otro r\u00e9cord de casos positivos de Covid-19 en un solo d\u00eda"},"content":{"rendered":"\n<p><strong><em>Por segundo d\u00eda consecutivo, Argentina bati\u00f3 su r\u00e9cord de contagios de coronavirus. Este mi\u00e9rcoles el Gobierno confirm\u00f3 39.652 casos. Adem\u00e1s se informaron otras 494 muertes y volvieron a subir las internaciones en terapia intensiva por covid-19<\/em><\/strong><\/p>\n\n\n\n<p>El parte diario del Ministerio de Salud incluy\u00f3 -por segunda vez en la semana- una carga atrasada de datos de la provincia Formosa, que report\u00f3 5.016 positivos, de los cuales 1.071 son de las \u00faltimas 24 horas y otros 3.945 de meses anteriores.<\/p>\n\n\n\n<p>La cifra nacional de contagios de hoy super\u00f3 el pico que se hab\u00eda registrado este martes, con 35.543. Incluso, si se descuentan los casos notificados con demora por el Gobierno de Gildo Insfr\u00e1n: ser\u00edan 35.707 en las \u00faltimas 24 horas.<\/p>\n\n\n\n<p>As\u00ed, el pa\u00eds lleg\u00f3 a un total de 3.411.160 contagios confirmados y hubo m\u00e1s de 72.265 muertes desde el comienzo de la crisis sanitaria global.<\/p>\n\n\n\n<p>Otro dato preocupante es que por 12\u00b0 d\u00eda consecutivo volvi\u00f3 a aumentar la cantidad de pacientes graves internados en terapia intensiva. Actualmente son 5.877 en todo el pa\u00eds, lo que representa un alza de casi 500 internados en una semana.<\/p>\n\n\n\n<p>La ocupaci\u00f3n de camas cr\u00edticas -por todas las patolog\u00edas- es del 72% a nivel nacional y del 76,4% en el AMBA.<\/p>\n","protected":false},"excerpt":{"rendered":"<p>Por segundo d\u00eda consecutivo, Argentina bati\u00f3 su r\u00e9cord de contagios de coronavirus. Este mi\u00e9rcoles el Gobierno confirm\u00f3 39.652 casos. Adem\u00e1s se informaron otras 494 muertes y volvieron a subir las internaciones en terapia intensiva por covid-19 El parte diario del Ministerio de Salud incluy\u00f3 -por segunda vez en la semana- una carga atrasada de datos [&hellip;]<\/p>\n","protected":false},"author":2,"featured_media":5284,"comment_status":"open","ping_status":"open","sticky":false,"template":"","format":"standard","meta":{"footnotes":""},"categories":[23],"tags":[],"class_list":["post-5283","post","type-post","status-publish","format-standard","has-post-thumbnail","hentry","category-covid-19"],"yoast_head":"<!-- This site is optimized with the Yoast SEO plugin v27.5 - https:\/\/yoast.com\/product\/yoast-seo-wordpress\/ -->\n<title>Con m\u00e1s de 39 mil contagios, Argentina bati\u00f3 otro r\u00e9cord de casos positivos de Covid-19 en un solo d\u00eda | CVI NOTICIAS<\/title>\n<meta name=\"robots\" content=\"index, follow, max-snippet:-1, max-image-preview:large, max-video-preview:-1\" \/>\n<link rel=\"canonical\" href=\"https:\/\/cvinoticias.com\/v3\/con-mas-de-39-mil-contagios-argentina-batio-otro-record-de-casos-positivos-de-covid-19-en-un-solo-dia\/\" \/>\n<meta property=\"og:locale\" content=\"es_ES\" \/>\n<meta property=\"og:type\" content=\"article\" \/>\n<meta property=\"og:title\" content=\"Con m\u00e1s de 39 mil contagios, Argentina bati\u00f3 otro r\u00e9cord de casos positivos de Covid-19 en un solo d\u00eda | CVI NOTICIAS\" \/>\n<meta property=\"og:description\" content=\"Por segundo d\u00eda consecutivo, Argentina bati\u00f3 su r\u00e9cord de contagios de coronavirus. Este mi\u00e9rcoles el Gobierno confirm\u00f3 39.652 casos. Adem\u00e1s se informaron otras 494 muertes y volvieron a subir las internaciones en terapia intensiva por covid-19 El parte diario del Ministerio de Salud incluy\u00f3 -por segunda vez en la semana- una carga atrasada de datos [&hellip;]\" \/>\n<meta property=\"og:url\" content=\"https:\/\/cvinoticias.com\/v3\/con-mas-de-39-mil-contagios-argentina-batio-otro-record-de-casos-positivos-de-covid-19-en-un-solo-dia\/\" \/>\n<meta property=\"og:site_name\" content=\"CVI NOTICIAS\" \/>\n<meta property=\"article:publisher\" content=\"https:\/\/www.facebook.com\/cvinoticias\" \/>\n<meta property=\"article:published_time\" content=\"2021-05-20T10:21:22+00:00\" \/>\n<meta property=\"og:image\" content=\"https:\/\/cvinoticias.com\/wp-content\/uploads\/2021\/05\/images-2-2.jpeg\" \/>\n\t<meta property=\"og:image:width\" content=\"275\" \/>\n\t<meta property=\"og:image:height\" content=\"183\" \/>\n\t<meta property=\"og:image:type\" content=\"image\/jpeg\" \/>\n<meta name=\"author\" content=\"f1000024\" \/>\n<meta name=\"twitter:card\" content=\"summary_large_image\" \/>\n<meta name=\"twitter:label1\" content=\"Escrito por\" \/>\n\t<meta name=\"twitter:data1\" content=\"f1000024\" \/>\n\t<meta name=\"twitter:label2\" content=\"Tiempo de lectura\" \/>\n\t<meta name=\"twitter:data2\" content=\"1 minuto\" \/>\n<script type=\"application\/ld+json\" class=\"yoast-schema-graph\">{\"@context\":\"https:\\\/\\\/schema.org\",\"@graph\":[{\"@type\":\"Article\",\"@id\":\"https:\\\/\\\/cvinoticias.com\\\/v3\\\/con-mas-de-39-mil-contagios-argentina-batio-otro-record-de-casos-positivos-de-covid-19-en-un-solo-dia\\\/#article\",\"isPartOf\":{\"@id\":\"https:\\\/\\\/cvinoticias.com\\\/v3\\\/con-mas-de-39-mil-contagios-argentina-batio-otro-record-de-casos-positivos-de-covid-19-en-un-solo-dia\\\/\"},\"author\":{\"name\":\"f1000024\",\"@id\":\"https:\\\/\\\/cvinoticias.com\\\/v3\\\/#\\\/schema\\\/person\\\/2db77e3c6bc03c538495d7b2b8be9b66\"},\"headline\":\"Con m\u00e1s de 39 mil contagios, Argentina bati\u00f3 otro r\u00e9cord de casos positivos de Covid-19 en un solo d\u00eda\",\"datePublished\":\"2021-05-20T10:21:22+00:00\",\"mainEntityOfPage\":{\"@id\":\"https:\\\/\\\/cvinoticias.com\\\/v3\\\/con-mas-de-39-mil-contagios-argentina-batio-otro-record-de-casos-positivos-de-covid-19-en-un-solo-dia\\\/\"},\"wordCount\":224,\"commentCount\":0,\"publisher\":{\"@id\":\"https:\\\/\\\/cvinoticias.com\\\/v3\\\/#organization\"},\"image\":{\"@id\":\"https:\\\/\\\/cvinoticias.com\\\/v3\\\/con-mas-de-39-mil-contagios-argentina-batio-otro-record-de-casos-positivos-de-covid-19-en-un-solo-dia\\\/#primaryimage\"},\"thumbnailUrl\":\"https:\\\/\\\/cvinoticias.com\\\/wp-content\\\/uploads\\\/2021\\\/05\\\/images-2-2.jpeg\",\"articleSection\":[\"Covid-19\"],\"inLanguage\":\"es\",\"potentialAction\":[{\"@type\":\"CommentAction\",\"name\":\"Comment\",\"target\":[\"https:\\\/\\\/cvinoticias.com\\\/v3\\\/con-mas-de-39-mil-contagios-argentina-batio-otro-record-de-casos-positivos-de-covid-19-en-un-solo-dia\\\/#respond\"]}]},{\"@type\":\"WebPage\",\"@id\":\"https:\\\/\\\/cvinoticias.com\\\/v3\\\/con-mas-de-39-mil-contagios-argentina-batio-otro-record-de-casos-positivos-de-covid-19-en-un-solo-dia\\\/\",\"url\":\"https:\\\/\\\/cvinoticias.com\\\/v3\\\/con-mas-de-39-mil-contagios-argentina-batio-otro-record-de-casos-positivos-de-covid-19-en-un-solo-dia\\\/\",\"name\":\"Con m\u00e1s de 39 mil contagios, Argentina bati\u00f3 otro r\u00e9cord de casos positivos de Covid-19 en un solo d\u00eda | CVI NOTICIAS\",\"isPartOf\":{\"@id\":\"https:\\\/\\\/cvinoticias.com\\\/v3\\\/#website\"},\"primaryImageOfPage\":{\"@id\":\"https:\\\/\\\/cvinoticias.com\\\/v3\\\/con-mas-de-39-mil-contagios-argentina-batio-otro-record-de-casos-positivos-de-covid-19-en-un-solo-dia\\\/#primaryimage\"},\"image\":{\"@id\":\"https:\\\/\\\/cvinoticias.com\\\/v3\\\/con-mas-de-39-mil-contagios-argentina-batio-otro-record-de-casos-positivos-de-covid-19-en-un-solo-dia\\\/#primaryimage\"},\"thumbnailUrl\":\"https:\\\/\\\/cvinoticias.com\\\/wp-content\\\/uploads\\\/2021\\\/05\\\/images-2-2.jpeg\",\"datePublished\":\"2021-05-20T10:21:22+00:00\",\"breadcrumb\":{\"@id\":\"https:\\\/\\\/cvinoticias.com\\\/v3\\\/con-mas-de-39-mil-contagios-argentina-batio-otro-record-de-casos-positivos-de-covid-19-en-un-solo-dia\\\/#breadcrumb\"},\"inLanguage\":\"es\",\"potentialAction\":[{\"@type\":\"ReadAction\",\"target\":[\"https:\\\/\\\/cvinoticias.com\\\/v3\\\/con-mas-de-39-mil-contagios-argentina-batio-otro-record-de-casos-positivos-de-covid-19-en-un-solo-dia\\\/\"]}]},{\"@type\":\"ImageObject\",\"inLanguage\":\"es\",\"@id\":\"https:\\\/\\\/cvinoticias.com\\\/v3\\\/con-mas-de-39-mil-contagios-argentina-batio-otro-record-de-casos-positivos-de-covid-19-en-un-solo-dia\\\/#primaryimage\",\"url\":\"https:\\\/\\\/cvinoticias.com\\\/wp-content\\\/uploads\\\/2021\\\/05\\\/images-2-2.jpeg\",\"contentUrl\":\"https:\\\/\\\/cvinoticias.com\\\/wp-content\\\/uploads\\\/2021\\\/05\\\/images-2-2.jpeg\",\"width\":275,\"height\":183},{\"@type\":\"BreadcrumbList\",\"@id\":\"https:\\\/\\\/cvinoticias.com\\\/v3\\\/con-mas-de-39-mil-contagios-argentina-batio-otro-record-de-casos-positivos-de-covid-19-en-un-solo-dia\\\/#breadcrumb\",\"itemListElement\":[{\"@type\":\"ListItem\",\"position\":1,\"name\":\"Portada\",\"item\":\"https:\\\/\\\/cvinoticias.com\\\/v3\\\/\"},{\"@type\":\"ListItem\",\"position\":2,\"name\":\"Con m\u00e1s de 39 mil contagios, Argentina bati\u00f3 otro r\u00e9cord de casos positivos de Covid-19 en un solo d\u00eda\"}]},{\"@type\":\"WebSite\",\"@id\":\"https:\\\/\\\/cvinoticias.com\\\/v3\\\/#website\",\"url\":\"https:\\\/\\\/cvinoticias.com\\\/v3\\\/\",\"name\":\"CVI NOTICIAS\",\"description\":\"\",\"publisher\":{\"@id\":\"https:\\\/\\\/cvinoticias.com\\\/v3\\\/#organization\"},\"alternateName\":\"CVI\",\"potentialAction\":[{\"@type\":\"SearchAction\",\"target\":{\"@type\":\"EntryPoint\",\"urlTemplate\":\"https:\\\/\\\/cvinoticias.com\\\/v3\\\/?s={search_term_string}\"},\"query-input\":{\"@type\":\"PropertyValueSpecification\",\"valueRequired\":true,\"valueName\":\"search_term_string\"}}],\"inLanguage\":\"es\"},{\"@type\":\"Organization\",\"@id\":\"https:\\\/\\\/cvinoticias.com\\\/v3\\\/#organization\",\"name\":\"CVI NOTICIAS\",\"url\":\"https:\\\/\\\/cvinoticias.com\\\/v3\\\/\",\"logo\":{\"@type\":\"ImageObject\",\"inLanguage\":\"es\",\"@id\":\"https:\\\/\\\/cvinoticias.com\\\/v3\\\/#\\\/schema\\\/logo\\\/image\\\/\",\"url\":\"https:\\\/\\\/cvinoticias.com\\\/wp-content\\\/uploads\\\/2023\\\/04\\\/cropped-cropped-cropped-cropped-cropped-3-1.png\",\"contentUrl\":\"https:\\\/\\\/cvinoticias.com\\\/wp-content\\\/uploads\\\/2023\\\/04\\\/cropped-cropped-cropped-cropped-cropped-3-1.png\",\"width\":95,\"height\":122,\"caption\":\"CVI NOTICIAS\"},\"image\":{\"@id\":\"https:\\\/\\\/cvinoticias.com\\\/v3\\\/#\\\/schema\\\/logo\\\/image\\\/\"},\"sameAs\":[\"https:\\\/\\\/www.facebook.com\\\/cvinoticias\",\"https:\\\/\\\/www.instagram.com\\\/cvinoticias\\\/\",\"https:\\\/\\\/www.youtube.com\\\/@CVINOTICIAS\"]},{\"@type\":\"Person\",\"@id\":\"https:\\\/\\\/cvinoticias.com\\\/v3\\\/#\\\/schema\\\/person\\\/2db77e3c6bc03c538495d7b2b8be9b66\",\"name\":\"f1000024\",\"image\":{\"@type\":\"ImageObject\",\"inLanguage\":\"es\",\"@id\":\"https:\\\/\\\/secure.gravatar.com\\\/avatar\\\/d4fe7459cfc51ff5129ce1a732bbef5928568b8092d412ef95611616376bbeed?s=96&d=mm&r=g\",\"url\":\"https:\\\/\\\/secure.gravatar.com\\\/avatar\\\/d4fe7459cfc51ff5129ce1a732bbef5928568b8092d412ef95611616376bbeed?s=96&d=mm&r=g\",\"contentUrl\":\"https:\\\/\\\/secure.gravatar.com\\\/avatar\\\/d4fe7459cfc51ff5129ce1a732bbef5928568b8092d412ef95611616376bbeed?s=96&d=mm&r=g\",\"caption\":\"f1000024\"},\"url\":\"https:\\\/\\\/cvinoticias.com\\\/v3\\\/author\\\/f1000024\\\/\"}]}<\/script>\n<!-- \/ Yoast SEO plugin. -->","yoast_head_json":{"title":"Con m\u00e1s de 39 mil contagios, Argentina bati\u00f3 otro r\u00e9cord de casos positivos de Covid-19 en un solo d\u00eda | CVI NOTICIAS","robots":{"index":"index","follow":"follow","max-snippet":"max-snippet:-1","max-image-preview":"max-image-preview:large","max-video-preview":"max-video-preview:-1"},"canonical":"https:\/\/cvinoticias.com\/v3\/con-mas-de-39-mil-contagios-argentina-batio-otro-record-de-casos-positivos-de-covid-19-en-un-solo-dia\/","og_locale":"es_ES","og_type":"article","og_title":"Con m\u00e1s de 39 mil contagios, Argentina bati\u00f3 otro r\u00e9cord de casos positivos de Covid-19 en un solo d\u00eda | CVI NOTICIAS","og_description":"Por segundo d\u00eda consecutivo, Argentina bati\u00f3 su r\u00e9cord de contagios de coronavirus. Este mi\u00e9rcoles el Gobierno confirm\u00f3 39.652 casos. Adem\u00e1s se informaron otras 494 muertes y volvieron a subir las internaciones en terapia intensiva por covid-19 El parte diario del Ministerio de Salud incluy\u00f3 -por segunda vez en la semana- una carga atrasada de datos [&hellip;]","og_url":"https:\/\/cvinoticias.com\/v3\/con-mas-de-39-mil-contagios-argentina-batio-otro-record-de-casos-positivos-de-covid-19-en-un-solo-dia\/","og_site_name":"CVI NOTICIAS","article_publisher":"https:\/\/www.facebook.com\/cvinoticias","article_published_time":"2021-05-20T10:21:22+00:00","og_image":[{"width":275,"height":183,"url":"https:\/\/cvinoticias.com\/wp-content\/uploads\/2021\/05\/images-2-2.jpeg","type":"image\/jpeg"}],"author":"f1000024","twitter_card":"summary_large_image","twitter_misc":{"Escrito por":"f1000024","Tiempo de lectura":"1 minuto"},"schema":{"@context":"https:\/\/schema.org","@graph":[{"@type":"Article","@id":"https:\/\/cvinoticias.com\/v3\/con-mas-de-39-mil-contagios-argentina-batio-otro-record-de-casos-positivos-de-covid-19-en-un-solo-dia\/#article","isPartOf":{"@id":"https:\/\/cvinoticias.com\/v3\/con-mas-de-39-mil-contagios-argentina-batio-otro-record-de-casos-positivos-de-covid-19-en-un-solo-dia\/"},"author":{"name":"f1000024","@id":"https:\/\/cvinoticias.com\/v3\/#\/schema\/person\/2db77e3c6bc03c538495d7b2b8be9b66"},"headline":"Con m\u00e1s de 39 mil contagios, Argentina bati\u00f3 otro r\u00e9cord de casos positivos de Covid-19 en un solo d\u00eda","datePublished":"2021-05-20T10:21:22+00:00","mainEntityOfPage":{"@id":"https:\/\/cvinoticias.com\/v3\/con-mas-de-39-mil-contagios-argentina-batio-otro-record-de-casos-positivos-de-covid-19-en-un-solo-dia\/"},"wordCount":224,"commentCount":0,"publisher":{"@id":"https:\/\/cvinoticias.com\/v3\/#organization"},"image":{"@id":"https:\/\/cvinoticias.com\/v3\/con-mas-de-39-mil-contagios-argentina-batio-otro-record-de-casos-positivos-de-covid-19-en-un-solo-dia\/#primaryimage"},"thumbnailUrl":"https:\/\/cvinoticias.com\/wp-content\/uploads\/2021\/05\/images-2-2.jpeg","articleSection":["Covid-19"],"inLanguage":"es","potentialAction":[{"@type":"CommentAction","name":"Comment","target":["https:\/\/cvinoticias.com\/v3\/con-mas-de-39-mil-contagios-argentina-batio-otro-record-de-casos-positivos-de-covid-19-en-un-solo-dia\/#respond"]}]},{"@type":"WebPage","@id":"https:\/\/cvinoticias.com\/v3\/con-mas-de-39-mil-contagios-argentina-batio-otro-record-de-casos-positivos-de-covid-19-en-un-solo-dia\/","url":"https:\/\/cvinoticias.com\/v3\/con-mas-de-39-mil-contagios-argentina-batio-otro-record-de-casos-positivos-de-covid-19-en-un-solo-dia\/","name":"Con m\u00e1s de 39 mil contagios, Argentina bati\u00f3 otro r\u00e9cord de casos positivos de Covid-19 en un solo d\u00eda | CVI NOTICIAS","isPartOf":{"@id":"https:\/\/cvinoticias.com\/v3\/#website"},"primaryImageOfPage":{"@id":"https:\/\/cvinoticias.com\/v3\/con-mas-de-39-mil-contagios-argentina-batio-otro-record-de-casos-positivos-de-covid-19-en-un-solo-dia\/#primaryimage"},"image":{"@id":"https:\/\/cvinoticias.com\/v3\/con-mas-de-39-mil-contagios-argentina-batio-otro-record-de-casos-positivos-de-covid-19-en-un-solo-dia\/#primaryimage"},"thumbnailUrl":"https:\/\/cvinoticias.com\/wp-content\/uploads\/2021\/05\/images-2-2.jpeg","datePublished":"2021-05-20T10:21:22+00:00","breadcrumb":{"@id":"https:\/\/cvinoticias.com\/v3\/con-mas-de-39-mil-contagios-argentina-batio-otro-record-de-casos-positivos-de-covid-19-en-un-solo-dia\/#breadcrumb"},"inLanguage":"es","potentialAction":[{"@type":"ReadAction","target":["https:\/\/cvinoticias.com\/v3\/con-mas-de-39-mil-contagios-argentina-batio-otro-record-de-casos-positivos-de-covid-19-en-un-solo-dia\/"]}]},{"@type":"ImageObject","inLanguage":"es","@id":"https:\/\/cvinoticias.com\/v3\/con-mas-de-39-mil-contagios-argentina-batio-otro-record-de-casos-positivos-de-covid-19-en-un-solo-dia\/#primaryimage","url":"https:\/\/cvinoticias.com\/wp-content\/uploads\/2021\/05\/images-2-2.jpeg","contentUrl":"https:\/\/cvinoticias.com\/wp-content\/uploads\/2021\/05\/images-2-2.jpeg","width":275,"height":183},{"@type":"BreadcrumbList","@id":"https:\/\/cvinoticias.com\/v3\/con-mas-de-39-mil-contagios-argentina-batio-otro-record-de-casos-positivos-de-covid-19-en-un-solo-dia\/#breadcrumb","itemListElement":[{"@type":"ListItem","position":1,"name":"Portada","item":"https:\/\/cvinoticias.com\/v3\/"},{"@type":"ListItem","position":2,"name":"Con m\u00e1s de 39 mil contagios, Argentina bati\u00f3 otro r\u00e9cord de casos positivos de Covid-19 en un solo d\u00eda"}]},{"@type":"WebSite","@id":"https:\/\/cvinoticias.com\/v3\/#website","url":"https:\/\/cvinoticias.com\/v3\/","name":"CVI NOTICIAS","description":"","publisher":{"@id":"https:\/\/cvinoticias.com\/v3\/#organization"},"alternateName":"CVI","potentialAction":[{"@type":"SearchAction","target":{"@type":"EntryPoint","urlTemplate":"https:\/\/cvinoticias.com\/v3\/?s={search_term_string}"},"query-input":{"@type":"PropertyValueSpecification","valueRequired":true,"valueName":"search_term_string"}}],"inLanguage":"es"},{"@type":"Organization","@id":"https:\/\/cvinoticias.com\/v3\/#organization","name":"CVI NOTICIAS","url":"https:\/\/cvinoticias.com\/v3\/","logo":{"@type":"ImageObject","inLanguage":"es","@id":"https:\/\/cvinoticias.com\/v3\/#\/schema\/logo\/image\/","url":"https:\/\/cvinoticias.com\/wp-content\/uploads\/2023\/04\/cropped-cropped-cropped-cropped-cropped-3-1.png","contentUrl":"https:\/\/cvinoticias.com\/wp-content\/uploads\/2023\/04\/cropped-cropped-cropped-cropped-cropped-3-1.png","width":95,"height":122,"caption":"CVI NOTICIAS"},"image":{"@id":"https:\/\/cvinoticias.com\/v3\/#\/schema\/logo\/image\/"},"sameAs":["https:\/\/www.facebook.com\/cvinoticias","https:\/\/www.instagram.com\/cvinoticias\/","https:\/\/www.youtube.com\/@CVINOTICIAS"]},{"@type":"Person","@id":"https:\/\/cvinoticias.com\/v3\/#\/schema\/person\/2db77e3c6bc03c538495d7b2b8be9b66","name":"f1000024","image":{"@type":"ImageObject","inLanguage":"es","@id":"https:\/\/secure.gravatar.com\/avatar\/d4fe7459cfc51ff5129ce1a732bbef5928568b8092d412ef95611616376bbeed?s=96&d=mm&r=g","url":"https:\/\/secure.gravatar.com\/avatar\/d4fe7459cfc51ff5129ce1a732bbef5928568b8092d412ef95611616376bbeed?s=96&d=mm&r=g","contentUrl":"https:\/\/secure.gravatar.com\/avatar\/d4fe7459cfc51ff5129ce1a732bbef5928568b8092d412ef95611616376bbeed?s=96&d=mm&r=g","caption":"f1000024"},"url":"https:\/\/cvinoticias.com\/v3\/author\/f1000024\/"}]}},"_links":{"self":[{"href":"https:\/\/cvinoticias.com\/v3\/wp-json\/wp\/v2\/posts\/5283","targetHints":{"allow":["GET"]}}],"collection":[{"href":"https:\/\/cvinoticias.com\/v3\/wp-json\/wp\/v2\/posts"}],"about":[{"href":"https:\/\/cvinoticias.com\/v3\/wp-json\/wp\/v2\/types\/post"}],"author":[{"embeddable":true,"href":"https:\/\/cvinoticias.com\/v3\/wp-json\/wp\/v2\/users\/2"}],"replies":[{"embeddable":true,"href":"https:\/\/cvinoticias.com\/v3\/wp-json\/wp\/v2\/comments?post=5283"}],"version-history":[{"count":1,"href":"https:\/\/cvinoticias.com\/v3\/wp-json\/wp\/v2\/posts\/5283\/revisions"}],"predecessor-version":[{"id":5285,"href":"https:\/\/cvinoticias.com\/v3\/wp-json\/wp\/v2\/posts\/5283\/revisions\/5285"}],"wp:featuredmedia":[{"embeddable":true,"href":"https:\/\/cvinoticias.com\/v3\/wp-json\/wp\/v2\/media\/5284"}],"wp:attachment":[{"href":"https:\/\/cvinoticias.com\/v3\/wp-json\/wp\/v2\/media?parent=5283"}],"wp:term":[{"taxonomy":"category","embeddable":true,"href":"https:\/\/cvinoticias.com\/v3\/wp-json\/wp\/v2\/categories?post=5283"},{"taxonomy":"post_tag","embeddable":true,"href":"https:\/\/cvinoticias.com\/v3\/wp-json\/wp\/v2\/tags?post=5283"}],"curies":[{"name":"wp","href":"https:\/\/api.w.org\/{rel}","templated":true}]}}