{"id":52782,"date":"2025-12-17T08:44:54","date_gmt":"2025-12-17T11:44:54","guid":{"rendered":"https:\/\/cvinoticias.com\/v3\/?p=52782"},"modified":"2025-12-17T08:45:14","modified_gmt":"2025-12-17T11:45:14","slug":"pena-maxima-para-schoenfisch-por-matar-de-un-disparo-a-su-madre","status":"publish","type":"post","link":"https:\/\/cvinoticias.com\/v3\/pena-maxima-para-schoenfisch-por-matar-de-un-disparo-a-su-madre\/","title":{"rendered":"Pena m\u00e1xima para Schoenfisch por matar de un disparo a su madre"},"content":{"rendered":"\n<p>Con traspi\u00e9s, suspensiones y pedidos de nulidad de por medio, ayer termin\u00f3 el juicio contra Pablo Schoenfisch (24) quien fue condenado a prisi\u00f3n perpetua, con los votos de la presidenta del Tribunal Penal Uno de Eldorado, Adriana Andino, y del magistrado Eduardo Jord\u00e1n.<\/p>\n\n\n\n<p>Lo encontraron culpable del homicidio de su mam\u00e1, Faustina Ant\u00fanez, agravado por el v\u00ednculo y por ser cometido con alevos\u00eda en la madrugada del 14 de mayo del 2020. Tambi\u00e9n se lo conden\u00f3 por intentar matar a su padre, el exintendente de Santiago de Liniers Arnoldo Schoenfisch, todo ello en concurso real y agravado por el uso de arma de fuego.<\/p>\n\n\n\n<p>Al terminar la audiencia, el joven fue trasladado a la Unidad Penal III de Eldorado, donde se prev\u00e9 termine su condena.<\/p>\n\n\n\n<p>La sentencia cont\u00f3 con el voto disidente del juez Atilio Le\u00f3n, quien el jueves pasado hab\u00eda solicitado a la jueza Andino que se suspenda el juicio oral y se declaren nulas las dos testimoniales de Schoenfisch padre, quien en la sala se autoincrimin\u00f3 de matar de un disparo a su esposa.<\/p>\n\n\n\n<p>Aunque no tuvo lugar su pedido, al momento de la condena s\u00ed se tuvieron en cuenta los confusos episodios que se dieron en el debate. Por ello, el TP-1 resolvi\u00f3 remitir parte del expediente y las testimoniales del exfuncionario a la Fiscal\u00eda Penal de turno, para que defina si se debe abrir una investigaci\u00f3n en su contra por el delito de falso testimonio.<\/p>\n\n\n\n<p>Los fundamentos se conocer\u00e1n el 6 de febrero pr\u00f3ximo, fecha a partir de la cual la defensa podr\u00e1 elevar la apelaci\u00f3n que crea pertinente. Como ya viene informando&nbsp;<em>El Territorio<\/em>, los abogados particulares de Schoenfisch, Fabi\u00e1n De S\u00e1 y Mar\u00eda Laura Alvarenga solicitaron su absoluci\u00f3n por el beneficio de la duda, al argumentar que \u201cning\u00fan testigo pudo ubicar a Pablito en el lugar del hecho\u201d.<\/p>\n\n\n\n<p><strong>\u201cPablito hizo cagada\u201d<\/strong><\/p>\n\n\n\n<p>El fallo conocido ayer fue coincidente con lo que solicit\u00f3 el fiscal Federico Rodr\u00edguez, quien en sus alegatos reconstruy\u00f3 la escena del crimen y cuestion\u00f3 la hip\u00f3tesis defensiva que, desde un inicio del debate, intent\u00f3 ubicar a Arnoldo Schoenfisch como el responsable.<\/p>\n\n\n\n<p>Para el fiscal, lo ocurrido \u201cest\u00e1 patentado en las dos almohadas\u201d, con rastros de sangre que se expusieron en fotograf\u00edas del expediente. La alevos\u00eda se justific\u00f3, se\u00f1al\u00f3, porque \u201clas v\u00edctimas estaban durmiendo, no pudieron defenderse\u201d.<\/p>\n\n\n\n<p>Al repasar la carga probatoria, remarc\u00f3 que no existe ning\u00fan elemento que avale la versi\u00f3n del padre: \u201cNo hay ninguna prueba que convalide la versi\u00f3n del se\u00f1or Arnoldo y en definitiva no queda descargo por hacer\u201d. Sobre el arma utilizada, subray\u00f3 que \u201cno hay ning\u00fan testigo que haya visto al se\u00f1or Arnoldo con esa arma. Sin embargo hay numerosas personas que vieron al imputado Pablo Schoenfisch con ella\u201d.<\/p>\n\n\n\n<p>Tambi\u00e9n cuestion\u00f3 la interpretaci\u00f3n de la ausencia de sangre en la ropa secuestrada a Pablo: \u201cSe constatan gotas de sangre que se condicen con el recorrido que realiz\u00f3 el joven\u201d. Y que, de haber sido Arnoldo quien dispar\u00f3, \u201csemejante cantidad de sangre tuviera que haberse trasladado al arma de manera notoria\u201d: de acuerdo a las pruebas tomadas, se encontr\u00f3 sangre en la empu\u00f1adura. \u201cHab\u00eda sangre en la cama, en el piso y en la ventana de la habitaci\u00f3n\u201d.<\/p>\n\n\n\n<p>En otro tramo del alegato, Rodr\u00edguez resalt\u00f3 que Arnoldo Schoenfisch pidi\u00f3 auxilio apenas herido: \u201cEso no es signo de alguien que intent\u00f3 suicidarse. Al contrario, pidi\u00f3 ayuda y qued\u00f3 consternado incluso despu\u00e9s de su internaci\u00f3n, cuando pidi\u00f3 no volver a vivir a esa casa\u201d. Tambi\u00e9n evoc\u00f3 a los testigos que escucharon a Arnoldo repetir: \u201cPablito hizo cagada\u201d.<\/p>\n\n\n\n<p>Para el fiscal, el v\u00ednculo familiar marcado por la violencia tambi\u00e9n qued\u00f3 acreditado. \u201cEl destrato a los padres est\u00e1 probado\u201d, dijo, y se pregunt\u00f3 \u201cqu\u00e9 sentido tiene hacer decirle a su t\u00edo Rub\u00e9n (Schoenfisch) que declaren contra \u00e9l\u201d.<\/p>\n\n\n\n<p>Record\u00f3 adem\u00e1s la reacci\u00f3n del acusado al recibir la noticia: \u201cCuando se le dio la noticia a Pablo, \u00e9l no derram\u00f3 una l\u00e1grima, s\u00f3lo dijo que \u2018ojal\u00e1 que el gordo se salve\u2019, sin ning\u00fan remordimiento\u201d.<\/p>\n\n\n\n<p>Rodr\u00edguez tambi\u00e9n mencion\u00f3 un episodio previo que, seg\u00fan \u00e9l, daba cuenta de una intenci\u00f3n anticipada. \u201cEl 13 de mayo Pablito dijo \u2018\u00bfqu\u00e9 pasa si mato a mam\u00e1 y a pap\u00e1 y me sale bien? Cualquiera de estos d\u00edas los mato\u2019. La cr\u00f3nica de un fin anunciado\u201d.<\/p>\n\n\n\n<p><strong>Lo que dej\u00f3 la defensa<\/strong><\/p>\n\n\n\n<p>\u201cNing\u00fan testigo pudo ubicar a Pablito en el lugar del hecho\u201d, afirm\u00f3 Fabi\u00e1n De S\u00e1 en su alegato y record\u00f3 que la abuela del acusado declar\u00f3 que \u201csu casa sonaba mucho, los pisos de madera, o sea que hubiera escuchado si \u00e9l sal\u00eda\u201d.<\/p>\n\n\n\n<p>Para el letrado, \u201cno hay ni una sola prueba que ponga a Pablito en el lugar del hecho\u201d. Cuestion\u00f3 adem\u00e1s el hallazgo de un guante considerado prueba clave, al se\u00f1alar inconsistencias en su procedencia: \u201cLa misma testigo que habl\u00f3 de un empuj\u00f3n a la madre, que nadie corrobor\u00f3, del maltrato\u2026 Ella encuentra esos guantes, y Elvira (la abuela del acusado) dice c\u00f3mo los encuentran. Si pod\u00edamos decir que se trata de un implante, tranquilamente se podr\u00eda decir que se trata de un implante\u201d.<\/p>\n\n\n\n<p>En esa l\u00ednea, apunt\u00f3 a la falta de garant\u00edas sobre su valor pericial: \u201cEse guante de lana, con algo de cuerina tambi\u00e9n, \u00bfpuede asegurar que no traspase el resto de p\u00f3lvora?\u201d, discuti\u00f3.<\/p>\n\n\n\n<p>En cuanto a la mec\u00e1nica del crimen y la forma en la que muri\u00f3 Ant\u00fanez, la abogada Mar\u00eda Laura Alvarenga argument\u00f3 ausencia de pruebas gen\u00e9ticas en el rev\u00f3lver usado, as\u00ed como en guantes y en el suelo de la casa de los Schoenfisch de donde se tomaron muestras de sangre: \u201cEn Pablo no hay rastros de sangre de Faustina, ni de Arnoldo, ni restos de p\u00f3lvora\u201d.<\/p>\n\n\n\n<p><strong>Familiar detenido<\/strong><\/p>\n\n\n\n<p>Una de las voces m\u00e1s pol\u00e9micas del debate fue la de Rub\u00e9n Schoenfisch, t\u00edo del acusado que habr\u00eda \u201cconfesado\u201d que declar\u00f3 falsamente contra de su sobrino. Sobre la madrugada del crimen, cont\u00f3 que \u201ccerca de las 3.30 o 4 son\u00f3 mi celular y era mi sobrino Cristian, dici\u00e9ndome que pas\u00f3 algo grave, que entre Faustina y Arnoldo se arm\u00f3 un desastre\u201d.<\/p>\n\n\n\n<p>Al llegar, se\u00f1al\u00f3 que estaban su hermano Alberto y su sobrino, y que lo primero que escuch\u00f3 fue que \u201c\u2018el gordo (Arnoldo) hizo cagada\u2019 y que fue a pedir auxilio en la ventana\u201d. Tambi\u00e9n dijo haber visto a Pablo cuando se dirig\u00eda a la casa de su madre. M\u00e1s tarde, afirm\u00f3: \u201cMe puse a cocinar y a las 11.30 me dijo mi se\u00f1ora que lo llevaban a Pablo para hacerle los estudios de parafina. Desde ese momento no lo vi m\u00e1s\u201d.<\/p>\n\n\n\n<p>Fue entonces que admiti\u00f3 que acudi\u00f3 a una comisar\u00eda local \u201cpara denunciar que Pablito ten\u00eda sangre en el pantal\u00f3n, aunque yo no lo vi pero Ren\u00e9 Laimer nos dijo que declaremos todos lo mismo\u201d.<\/p>\n\n\n\n<p>Por \u00faltimo, remarc\u00f3 que al enterarse del ataque con arma de fuego en la casa de su hermano, \u201cpens\u00e9 que fue Arnoldo, por las discusiones que ten\u00edan\u201d.<\/p>\n\n\n\n<h2 class=\"wp-block-heading\"><strong>Acusaci\u00f3n contra el ex intendente<\/strong><\/h2>\n\n\n\n<p>\u201cYo no fui el que le dispar\u00e9 a mi madre y tampoco atent\u00e9 contra la vida de mi padre. Esa madrugada, en ning\u00fan momento fui a la casa, siempre estuve con mi abuelita y con mi t\u00eda en silla de ruedas: nunca sal\u00ed ese d\u00eda\u201d, defendi\u00f3 Pablo Schoenfisch antes de conocerse la sentencia.<\/p>\n\n\n\n<p>\u201c\u00bfC\u00f3mo yo har\u00eda un delito de esos siendo que mis padres son todo para m\u00ed, que me dieron todo? No hay motivo que yo haga eso\u201d, argument\u00f3. Tambi\u00e9n dedic\u00f3 unos minutos para hablar sobre su padre Arnoldo y al que acus\u00f3 de reiterados hechos de violencia.<\/p>\n\n\n\n<p>\u201cNunca contaron el comportamiento de mi pap\u00e1. \u00c9l era bastante agresivo, yo ten\u00eda 7 a\u00f1os y cuando fui a la pieza de mi padre, \u00e9l ten\u00eda un rev\u00f3lver en la cabeza. Mi hermano Lucas le dijo algo, \u00e9l se enoj\u00f3 y le apunt\u00f3 en la cabeza\u201d, relat\u00f3.<\/p>\n\n\n\n<p>\u201cQuiero que cuenten eso: la agresividad de mi viejo hacia nosotros y hacia mi mam\u00e1. Mi pap\u00e1 una vez le tir\u00f3 un piedrazo que, por suerte, nunca le agarr\u00f3\u201d. Por \u00faltimo, pidi\u00f3 \u201cjusticia por mi causa\u201d y \u201cque sean correctos y no se gu\u00eden por el \u2018dice qu\u00e9&#8230;\u2019, averig\u00fcen. Que no dejen pasar a personas a decir estupideces\u201d.<\/p>\n\n\n\n<p>Fuente: EL Territorio<\/p>\n","protected":false},"excerpt":{"rendered":"<p>Con traspi\u00e9s, suspensiones y pedidos de nulidad de por medio, ayer termin\u00f3 el juicio contra Pablo Schoenfisch (24) quien fue condenado a prisi\u00f3n perpetua, con los votos de la presidenta del Tribunal Penal Uno de Eldorado, Adriana Andino, y del magistrado Eduardo Jord\u00e1n. Lo encontraron culpable del homicidio de su mam\u00e1, Faustina Ant\u00fanez, agravado por [&hellip;]<\/p>\n","protected":false},"author":2,"featured_media":52783,"comment_status":"open","ping_status":"closed","sticky":false,"template":"","format":"standard","meta":{"footnotes":""},"categories":[37],"tags":[1001,4692,4691,4690],"class_list":["post-52782","post","type-post","status-publish","format-standard","has-post-thumbnail","hentry","category-justicia","tag-madre","tag-matar","tag-maxima-2","tag-pena-2"],"yoast_head":"<!-- This site is optimized with the Yoast SEO plugin v27.5 - https:\/\/yoast.com\/product\/yoast-seo-wordpress\/ -->\n<title>Prisi\u00f3n perpetua para Schoenfisch por matar a su madre | CVI NOTICIAS<\/title>\n<meta name=\"description\" content=\"Pablo Schoenfisch fue condenado a prisi\u00f3n perpetua por el homicidio de su madre y el intento de asesinato de su padre.\" \/>\n<meta name=\"robots\" content=\"index, follow, max-snippet:-1, max-image-preview:large, max-video-preview:-1\" \/>\n<link rel=\"canonical\" href=\"https:\/\/cvinoticias.com\/v3\/pena-maxima-para-schoenfisch-por-matar-de-un-disparo-a-su-madre\/\" \/>\n<meta property=\"og:locale\" content=\"es_ES\" \/>\n<meta property=\"og:type\" content=\"article\" \/>\n<meta property=\"og:title\" content=\"Prisi\u00f3n perpetua para Schoenfisch por matar a su madre | CVI NOTICIAS\" \/>\n<meta property=\"og:description\" content=\"Pablo Schoenfisch fue condenado a prisi\u00f3n perpetua por el homicidio de su madre y el intento de asesinato de su padre.\" \/>\n<meta property=\"og:url\" content=\"https:\/\/cvinoticias.com\/v3\/pena-maxima-para-schoenfisch-por-matar-de-un-disparo-a-su-madre\/\" \/>\n<meta property=\"og:site_name\" content=\"CVI NOTICIAS\" \/>\n<meta property=\"article:publisher\" content=\"https:\/\/www.facebook.com\/cvinoticias\" \/>\n<meta property=\"article:published_time\" content=\"2025-12-17T11:44:54+00:00\" \/>\n<meta property=\"article:modified_time\" content=\"2025-12-17T11:45:14+00:00\" \/>\n<meta property=\"og:image\" content=\"https:\/\/cvinoticias.com\/wp-content\/uploads\/2025\/12\/md-10.webp\" \/>\n\t<meta property=\"og:image:width\" content=\"992\" \/>\n\t<meta property=\"og:image:height\" content=\"675\" \/>\n\t<meta property=\"og:image:type\" content=\"image\/webp\" \/>\n<meta name=\"author\" content=\"f1000024\" \/>\n<meta name=\"twitter:card\" content=\"summary_large_image\" \/>\n<meta name=\"twitter:label1\" content=\"Escrito por\" \/>\n\t<meta name=\"twitter:data1\" content=\"f1000024\" \/>\n\t<meta name=\"twitter:label2\" content=\"Tiempo de lectura\" \/>\n\t<meta name=\"twitter:data2\" content=\"7 minutos\" \/>\n<script type=\"application\/ld+json\" class=\"yoast-schema-graph\">{\"@context\":\"https:\\\/\\\/schema.org\",\"@graph\":[{\"@type\":\"Article\",\"@id\":\"https:\\\/\\\/cvinoticias.com\\\/v3\\\/pena-maxima-para-schoenfisch-por-matar-de-un-disparo-a-su-madre\\\/#article\",\"isPartOf\":{\"@id\":\"https:\\\/\\\/cvinoticias.com\\\/v3\\\/pena-maxima-para-schoenfisch-por-matar-de-un-disparo-a-su-madre\\\/\"},\"author\":{\"name\":\"f1000024\",\"@id\":\"https:\\\/\\\/cvinoticias.com\\\/v3\\\/#\\\/schema\\\/person\\\/2db77e3c6bc03c538495d7b2b8be9b66\"},\"headline\":\"Pena m\u00e1xima para Schoenfisch por matar de un disparo a su madre\",\"datePublished\":\"2025-12-17T11:44:54+00:00\",\"dateModified\":\"2025-12-17T11:45:14+00:00\",\"mainEntityOfPage\":{\"@id\":\"https:\\\/\\\/cvinoticias.com\\\/v3\\\/pena-maxima-para-schoenfisch-por-matar-de-un-disparo-a-su-madre\\\/\"},\"wordCount\":1459,\"commentCount\":0,\"publisher\":{\"@id\":\"https:\\\/\\\/cvinoticias.com\\\/v3\\\/#organization\"},\"image\":{\"@id\":\"https:\\\/\\\/cvinoticias.com\\\/v3\\\/pena-maxima-para-schoenfisch-por-matar-de-un-disparo-a-su-madre\\\/#primaryimage\"},\"thumbnailUrl\":\"https:\\\/\\\/cvinoticias.com\\\/wp-content\\\/uploads\\\/2025\\\/12\\\/md-10.webp\",\"keywords\":[\"Madre\",\"matar\",\"maxima\",\"pena\"],\"articleSection\":[\"Justicia\"],\"inLanguage\":\"es\",\"potentialAction\":[{\"@type\":\"CommentAction\",\"name\":\"Comment\",\"target\":[\"https:\\\/\\\/cvinoticias.com\\\/v3\\\/pena-maxima-para-schoenfisch-por-matar-de-un-disparo-a-su-madre\\\/#respond\"]}]},{\"@type\":\"WebPage\",\"@id\":\"https:\\\/\\\/cvinoticias.com\\\/v3\\\/pena-maxima-para-schoenfisch-por-matar-de-un-disparo-a-su-madre\\\/\",\"url\":\"https:\\\/\\\/cvinoticias.com\\\/v3\\\/pena-maxima-para-schoenfisch-por-matar-de-un-disparo-a-su-madre\\\/\",\"name\":\"Prisi\u00f3n perpetua para Schoenfisch por matar a su madre | CVI NOTICIAS\",\"isPartOf\":{\"@id\":\"https:\\\/\\\/cvinoticias.com\\\/v3\\\/#website\"},\"primaryImageOfPage\":{\"@id\":\"https:\\\/\\\/cvinoticias.com\\\/v3\\\/pena-maxima-para-schoenfisch-por-matar-de-un-disparo-a-su-madre\\\/#primaryimage\"},\"image\":{\"@id\":\"https:\\\/\\\/cvinoticias.com\\\/v3\\\/pena-maxima-para-schoenfisch-por-matar-de-un-disparo-a-su-madre\\\/#primaryimage\"},\"thumbnailUrl\":\"https:\\\/\\\/cvinoticias.com\\\/wp-content\\\/uploads\\\/2025\\\/12\\\/md-10.webp\",\"datePublished\":\"2025-12-17T11:44:54+00:00\",\"dateModified\":\"2025-12-17T11:45:14+00:00\",\"description\":\"Pablo Schoenfisch fue condenado a prisi\u00f3n perpetua por el homicidio de su madre y el intento de asesinato de su padre.\",\"breadcrumb\":{\"@id\":\"https:\\\/\\\/cvinoticias.com\\\/v3\\\/pena-maxima-para-schoenfisch-por-matar-de-un-disparo-a-su-madre\\\/#breadcrumb\"},\"inLanguage\":\"es\",\"potentialAction\":[{\"@type\":\"ReadAction\",\"target\":[\"https:\\\/\\\/cvinoticias.com\\\/v3\\\/pena-maxima-para-schoenfisch-por-matar-de-un-disparo-a-su-madre\\\/\"]}]},{\"@type\":\"ImageObject\",\"inLanguage\":\"es\",\"@id\":\"https:\\\/\\\/cvinoticias.com\\\/v3\\\/pena-maxima-para-schoenfisch-por-matar-de-un-disparo-a-su-madre\\\/#primaryimage\",\"url\":\"https:\\\/\\\/cvinoticias.com\\\/wp-content\\\/uploads\\\/2025\\\/12\\\/md-10.webp\",\"contentUrl\":\"https:\\\/\\\/cvinoticias.com\\\/wp-content\\\/uploads\\\/2025\\\/12\\\/md-10.webp\",\"width\":992,\"height\":675},{\"@type\":\"BreadcrumbList\",\"@id\":\"https:\\\/\\\/cvinoticias.com\\\/v3\\\/pena-maxima-para-schoenfisch-por-matar-de-un-disparo-a-su-madre\\\/#breadcrumb\",\"itemListElement\":[{\"@type\":\"ListItem\",\"position\":1,\"name\":\"Portada\",\"item\":\"https:\\\/\\\/cvinoticias.com\\\/v3\\\/\"},{\"@type\":\"ListItem\",\"position\":2,\"name\":\"Pena m\u00e1xima para Schoenfisch por matar de un disparo a su madre\"}]},{\"@type\":\"WebSite\",\"@id\":\"https:\\\/\\\/cvinoticias.com\\\/v3\\\/#website\",\"url\":\"https:\\\/\\\/cvinoticias.com\\\/v3\\\/\",\"name\":\"CVI NOTICIAS\",\"description\":\"\",\"publisher\":{\"@id\":\"https:\\\/\\\/cvinoticias.com\\\/v3\\\/#organization\"},\"alternateName\":\"CVI\",\"potentialAction\":[{\"@type\":\"SearchAction\",\"target\":{\"@type\":\"EntryPoint\",\"urlTemplate\":\"https:\\\/\\\/cvinoticias.com\\\/v3\\\/?s={search_term_string}\"},\"query-input\":{\"@type\":\"PropertyValueSpecification\",\"valueRequired\":true,\"valueName\":\"search_term_string\"}}],\"inLanguage\":\"es\"},{\"@type\":\"Organization\",\"@id\":\"https:\\\/\\\/cvinoticias.com\\\/v3\\\/#organization\",\"name\":\"CVI NOTICIAS\",\"url\":\"https:\\\/\\\/cvinoticias.com\\\/v3\\\/\",\"logo\":{\"@type\":\"ImageObject\",\"inLanguage\":\"es\",\"@id\":\"https:\\\/\\\/cvinoticias.com\\\/v3\\\/#\\\/schema\\\/logo\\\/image\\\/\",\"url\":\"https:\\\/\\\/cvinoticias.com\\\/wp-content\\\/uploads\\\/2023\\\/04\\\/cropped-cropped-cropped-cropped-cropped-3-1.png\",\"contentUrl\":\"https:\\\/\\\/cvinoticias.com\\\/wp-content\\\/uploads\\\/2023\\\/04\\\/cropped-cropped-cropped-cropped-cropped-3-1.png\",\"width\":95,\"height\":122,\"caption\":\"CVI NOTICIAS\"},\"image\":{\"@id\":\"https:\\\/\\\/cvinoticias.com\\\/v3\\\/#\\\/schema\\\/logo\\\/image\\\/\"},\"sameAs\":[\"https:\\\/\\\/www.facebook.com\\\/cvinoticias\",\"https:\\\/\\\/www.instagram.com\\\/cvinoticias\\\/\",\"https:\\\/\\\/www.youtube.com\\\/@CVINOTICIAS\"]},{\"@type\":\"Person\",\"@id\":\"https:\\\/\\\/cvinoticias.com\\\/v3\\\/#\\\/schema\\\/person\\\/2db77e3c6bc03c538495d7b2b8be9b66\",\"name\":\"f1000024\",\"image\":{\"@type\":\"ImageObject\",\"inLanguage\":\"es\",\"@id\":\"https:\\\/\\\/secure.gravatar.com\\\/avatar\\\/d4fe7459cfc51ff5129ce1a732bbef5928568b8092d412ef95611616376bbeed?s=96&d=mm&r=g\",\"url\":\"https:\\\/\\\/secure.gravatar.com\\\/avatar\\\/d4fe7459cfc51ff5129ce1a732bbef5928568b8092d412ef95611616376bbeed?s=96&d=mm&r=g\",\"contentUrl\":\"https:\\\/\\\/secure.gravatar.com\\\/avatar\\\/d4fe7459cfc51ff5129ce1a732bbef5928568b8092d412ef95611616376bbeed?s=96&d=mm&r=g\",\"caption\":\"f1000024\"},\"url\":\"https:\\\/\\\/cvinoticias.com\\\/v3\\\/author\\\/f1000024\\\/\"}]}<\/script>\n<!-- \/ Yoast SEO plugin. -->","yoast_head_json":{"title":"Prisi\u00f3n perpetua para Schoenfisch por matar a su madre | CVI NOTICIAS","description":"Pablo Schoenfisch fue condenado a prisi\u00f3n perpetua por el homicidio de su madre y el intento de asesinato de su padre.","robots":{"index":"index","follow":"follow","max-snippet":"max-snippet:-1","max-image-preview":"max-image-preview:large","max-video-preview":"max-video-preview:-1"},"canonical":"https:\/\/cvinoticias.com\/v3\/pena-maxima-para-schoenfisch-por-matar-de-un-disparo-a-su-madre\/","og_locale":"es_ES","og_type":"article","og_title":"Prisi\u00f3n perpetua para Schoenfisch por matar a su madre | CVI NOTICIAS","og_description":"Pablo Schoenfisch fue condenado a prisi\u00f3n perpetua por el homicidio de su madre y el intento de asesinato de su padre.","og_url":"https:\/\/cvinoticias.com\/v3\/pena-maxima-para-schoenfisch-por-matar-de-un-disparo-a-su-madre\/","og_site_name":"CVI NOTICIAS","article_publisher":"https:\/\/www.facebook.com\/cvinoticias","article_published_time":"2025-12-17T11:44:54+00:00","article_modified_time":"2025-12-17T11:45:14+00:00","og_image":[{"width":992,"height":675,"url":"https:\/\/cvinoticias.com\/wp-content\/uploads\/2025\/12\/md-10.webp","type":"image\/webp"}],"author":"f1000024","twitter_card":"summary_large_image","twitter_misc":{"Escrito por":"f1000024","Tiempo de lectura":"7 minutos"},"schema":{"@context":"https:\/\/schema.org","@graph":[{"@type":"Article","@id":"https:\/\/cvinoticias.com\/v3\/pena-maxima-para-schoenfisch-por-matar-de-un-disparo-a-su-madre\/#article","isPartOf":{"@id":"https:\/\/cvinoticias.com\/v3\/pena-maxima-para-schoenfisch-por-matar-de-un-disparo-a-su-madre\/"},"author":{"name":"f1000024","@id":"https:\/\/cvinoticias.com\/v3\/#\/schema\/person\/2db77e3c6bc03c538495d7b2b8be9b66"},"headline":"Pena m\u00e1xima para Schoenfisch por matar de un disparo a su madre","datePublished":"2025-12-17T11:44:54+00:00","dateModified":"2025-12-17T11:45:14+00:00","mainEntityOfPage":{"@id":"https:\/\/cvinoticias.com\/v3\/pena-maxima-para-schoenfisch-por-matar-de-un-disparo-a-su-madre\/"},"wordCount":1459,"commentCount":0,"publisher":{"@id":"https:\/\/cvinoticias.com\/v3\/#organization"},"image":{"@id":"https:\/\/cvinoticias.com\/v3\/pena-maxima-para-schoenfisch-por-matar-de-un-disparo-a-su-madre\/#primaryimage"},"thumbnailUrl":"https:\/\/cvinoticias.com\/wp-content\/uploads\/2025\/12\/md-10.webp","keywords":["Madre","matar","maxima","pena"],"articleSection":["Justicia"],"inLanguage":"es","potentialAction":[{"@type":"CommentAction","name":"Comment","target":["https:\/\/cvinoticias.com\/v3\/pena-maxima-para-schoenfisch-por-matar-de-un-disparo-a-su-madre\/#respond"]}]},{"@type":"WebPage","@id":"https:\/\/cvinoticias.com\/v3\/pena-maxima-para-schoenfisch-por-matar-de-un-disparo-a-su-madre\/","url":"https:\/\/cvinoticias.com\/v3\/pena-maxima-para-schoenfisch-por-matar-de-un-disparo-a-su-madre\/","name":"Prisi\u00f3n perpetua para Schoenfisch por matar a su madre | CVI NOTICIAS","isPartOf":{"@id":"https:\/\/cvinoticias.com\/v3\/#website"},"primaryImageOfPage":{"@id":"https:\/\/cvinoticias.com\/v3\/pena-maxima-para-schoenfisch-por-matar-de-un-disparo-a-su-madre\/#primaryimage"},"image":{"@id":"https:\/\/cvinoticias.com\/v3\/pena-maxima-para-schoenfisch-por-matar-de-un-disparo-a-su-madre\/#primaryimage"},"thumbnailUrl":"https:\/\/cvinoticias.com\/wp-content\/uploads\/2025\/12\/md-10.webp","datePublished":"2025-12-17T11:44:54+00:00","dateModified":"2025-12-17T11:45:14+00:00","description":"Pablo Schoenfisch fue condenado a prisi\u00f3n perpetua por el homicidio de su madre y el intento de asesinato de su padre.","breadcrumb":{"@id":"https:\/\/cvinoticias.com\/v3\/pena-maxima-para-schoenfisch-por-matar-de-un-disparo-a-su-madre\/#breadcrumb"},"inLanguage":"es","potentialAction":[{"@type":"ReadAction","target":["https:\/\/cvinoticias.com\/v3\/pena-maxima-para-schoenfisch-por-matar-de-un-disparo-a-su-madre\/"]}]},{"@type":"ImageObject","inLanguage":"es","@id":"https:\/\/cvinoticias.com\/v3\/pena-maxima-para-schoenfisch-por-matar-de-un-disparo-a-su-madre\/#primaryimage","url":"https:\/\/cvinoticias.com\/wp-content\/uploads\/2025\/12\/md-10.webp","contentUrl":"https:\/\/cvinoticias.com\/wp-content\/uploads\/2025\/12\/md-10.webp","width":992,"height":675},{"@type":"BreadcrumbList","@id":"https:\/\/cvinoticias.com\/v3\/pena-maxima-para-schoenfisch-por-matar-de-un-disparo-a-su-madre\/#breadcrumb","itemListElement":[{"@type":"ListItem","position":1,"name":"Portada","item":"https:\/\/cvinoticias.com\/v3\/"},{"@type":"ListItem","position":2,"name":"Pena m\u00e1xima para Schoenfisch por matar de un disparo a su madre"}]},{"@type":"WebSite","@id":"https:\/\/cvinoticias.com\/v3\/#website","url":"https:\/\/cvinoticias.com\/v3\/","name":"CVI NOTICIAS","description":"","publisher":{"@id":"https:\/\/cvinoticias.com\/v3\/#organization"},"alternateName":"CVI","potentialAction":[{"@type":"SearchAction","target":{"@type":"EntryPoint","urlTemplate":"https:\/\/cvinoticias.com\/v3\/?s={search_term_string}"},"query-input":{"@type":"PropertyValueSpecification","valueRequired":true,"valueName":"search_term_string"}}],"inLanguage":"es"},{"@type":"Organization","@id":"https:\/\/cvinoticias.com\/v3\/#organization","name":"CVI NOTICIAS","url":"https:\/\/cvinoticias.com\/v3\/","logo":{"@type":"ImageObject","inLanguage":"es","@id":"https:\/\/cvinoticias.com\/v3\/#\/schema\/logo\/image\/","url":"https:\/\/cvinoticias.com\/wp-content\/uploads\/2023\/04\/cropped-cropped-cropped-cropped-cropped-3-1.png","contentUrl":"https:\/\/cvinoticias.com\/wp-content\/uploads\/2023\/04\/cropped-cropped-cropped-cropped-cropped-3-1.png","width":95,"height":122,"caption":"CVI NOTICIAS"},"image":{"@id":"https:\/\/cvinoticias.com\/v3\/#\/schema\/logo\/image\/"},"sameAs":["https:\/\/www.facebook.com\/cvinoticias","https:\/\/www.instagram.com\/cvinoticias\/","https:\/\/www.youtube.com\/@CVINOTICIAS"]},{"@type":"Person","@id":"https:\/\/cvinoticias.com\/v3\/#\/schema\/person\/2db77e3c6bc03c538495d7b2b8be9b66","name":"f1000024","image":{"@type":"ImageObject","inLanguage":"es","@id":"https:\/\/secure.gravatar.com\/avatar\/d4fe7459cfc51ff5129ce1a732bbef5928568b8092d412ef95611616376bbeed?s=96&d=mm&r=g","url":"https:\/\/secure.gravatar.com\/avatar\/d4fe7459cfc51ff5129ce1a732bbef5928568b8092d412ef95611616376bbeed?s=96&d=mm&r=g","contentUrl":"https:\/\/secure.gravatar.com\/avatar\/d4fe7459cfc51ff5129ce1a732bbef5928568b8092d412ef95611616376bbeed?s=96&d=mm&r=g","caption":"f1000024"},"url":"https:\/\/cvinoticias.com\/v3\/author\/f1000024\/"}]}},"_links":{"self":[{"href":"https:\/\/cvinoticias.com\/v3\/wp-json\/wp\/v2\/posts\/52782","targetHints":{"allow":["GET"]}}],"collection":[{"href":"https:\/\/cvinoticias.com\/v3\/wp-json\/wp\/v2\/posts"}],"about":[{"href":"https:\/\/cvinoticias.com\/v3\/wp-json\/wp\/v2\/types\/post"}],"author":[{"embeddable":true,"href":"https:\/\/cvinoticias.com\/v3\/wp-json\/wp\/v2\/users\/2"}],"replies":[{"embeddable":true,"href":"https:\/\/cvinoticias.com\/v3\/wp-json\/wp\/v2\/comments?post=52782"}],"version-history":[{"count":1,"href":"https:\/\/cvinoticias.com\/v3\/wp-json\/wp\/v2\/posts\/52782\/revisions"}],"predecessor-version":[{"id":52784,"href":"https:\/\/cvinoticias.com\/v3\/wp-json\/wp\/v2\/posts\/52782\/revisions\/52784"}],"wp:featuredmedia":[{"embeddable":true,"href":"https:\/\/cvinoticias.com\/v3\/wp-json\/wp\/v2\/media\/52783"}],"wp:attachment":[{"href":"https:\/\/cvinoticias.com\/v3\/wp-json\/wp\/v2\/media?parent=52782"}],"wp:term":[{"taxonomy":"category","embeddable":true,"href":"https:\/\/cvinoticias.com\/v3\/wp-json\/wp\/v2\/categories?post=52782"},{"taxonomy":"post_tag","embeddable":true,"href":"https:\/\/cvinoticias.com\/v3\/wp-json\/wp\/v2\/tags?post=52782"}],"curies":[{"name":"wp","href":"https:\/\/api.w.org\/{rel}","templated":true}]}}