{"id":52689,"date":"2025-12-14T21:10:29","date_gmt":"2025-12-15T00:10:29","guid":{"rendered":"https:\/\/cvinoticias.com\/v3\/?p=52689"},"modified":"2025-12-15T06:57:49","modified_gmt":"2025-12-15T09:57:49","slug":"al-caer-el-sol-en-cataratas-cerro-el-2025-con-espiritu-navideno","status":"publish","type":"post","link":"https:\/\/cvinoticias.com\/v3\/al-caer-el-sol-en-cataratas-cerro-el-2025-con-espiritu-navideno\/","title":{"rendered":"Al Caer el Sol en Cataratas cerr\u00f3 el 2025 con esp\u00edritu navide\u00f1o"},"content":{"rendered":"\n<p>El ciclo cultural \u201cAl Caer el Sol en Cataratas\u201d cerr\u00f3 exitosamente su a\u00f1o de ediciones hoy, domingo 14 de diciembre, con un evento especial cargado de esp\u00edritu navide\u00f1o. La actividad, que comenz\u00f3 a partir de las 17 horas en el Parque Nacional Iguaz\u00fa, sirvi\u00f3 para celebrar el cierre de un ciclo que supo acercar la cultura y la identidad misionera tanto a visitantes como a la comunidad local.<\/p>\n\n\n\n<p>\u200bLa propuesta art\u00edstica fue diversa y de gran calidad. Incluy\u00f3 un especial de la Fiesta Nacional del Inmigrante llamado \u201cViv\u00ed la Navidad del Mundo\u201d, seguido de la actuaci\u00f3n de Kossa Nostra con su Show de T\u00edteres. La m\u00fasica estuvo a cargo de la Orquesta La Misi\u00f3n, el Coral Ober\u00e1 y el grupo musical Ekos.<\/p>\n\n\n\n<p>\u200bEl evento no solo busc\u00f3 visibilizar el arte de Misiones, sino que tambi\u00e9n tuvo un prop\u00f3sito colaborativo: la entrada era gratuita, con la \u00fanica condici\u00f3n de asistir con un juguete en buen estado para formar parte de una donaci\u00f3n posterior.<br>\u200b<br>\u200bEl ciclo es el resultado de la sinergia entre instituciones clave como la Secretar\u00eda de Estado de Cultura de Misiones, el Parque Nacional Iguaz\u00fa, Iguaz\u00fa Argentina S.A. y la empresa R\u00edo Uruguay.<\/p>\n\n\n\n<figure class=\"wp-block-gallery has-nested-images columns-default is-cropped wp-block-gallery-1 is-layout-flex wp-block-gallery-is-layout-flex\">\n<figure class=\"wp-block-image size-large\"><a href=\"https:\/\/cvinoticias.com\/wp-content\/uploads\/2025\/12\/1-25.jpeg\"><img decoding=\"async\" width=\"1024\" height=\"576\" data-id=\"52692\" data-src=\"https:\/\/cvinoticias.com\/wp-content\/uploads\/2025\/12\/1-25-1024x576.jpeg\" alt=\"\" class=\"wp-image-52692 lazyload\" data-srcset=\"https:\/\/cvinoticias.com\/wp-content\/uploads\/2025\/12\/1-25-1024x576.jpeg 1024w, https:\/\/cvinoticias.com\/wp-content\/uploads\/2025\/12\/1-25-300x169.jpeg 300w, https:\/\/cvinoticias.com\/wp-content\/uploads\/2025\/12\/1-25-768x432.jpeg 768w, https:\/\/cvinoticias.com\/wp-content\/uploads\/2025\/12\/1-25.jpeg 1280w\" data-sizes=\"(max-width: 1024px) 100vw, 1024px\" src=\"data:image\/svg+xml;base64,PHN2ZyB3aWR0aD0iMSIgaGVpZ2h0PSIxIiB4bWxucz0iaHR0cDovL3d3dy53My5vcmcvMjAwMC9zdmciPjwvc3ZnPg==\" style=\"--smush-placeholder-width: 1024px; --smush-placeholder-aspect-ratio: 1024\/576;\" \/><\/a><\/figure>\n\n\n\n<figure class=\"wp-block-image size-large\"><a href=\"https:\/\/cvinoticias.com\/wp-content\/uploads\/2025\/12\/2-19.jpeg\"><img decoding=\"async\" width=\"1024\" height=\"576\" data-id=\"52691\" data-src=\"https:\/\/cvinoticias.com\/wp-content\/uploads\/2025\/12\/2-19-1024x576.jpeg\" alt=\"\" class=\"wp-image-52691 lazyload\" data-srcset=\"https:\/\/cvinoticias.com\/wp-content\/uploads\/2025\/12\/2-19-1024x576.jpeg 1024w, https:\/\/cvinoticias.com\/wp-content\/uploads\/2025\/12\/2-19-300x169.jpeg 300w, https:\/\/cvinoticias.com\/wp-content\/uploads\/2025\/12\/2-19-768x432.jpeg 768w, https:\/\/cvinoticias.com\/wp-content\/uploads\/2025\/12\/2-19.jpeg 1280w\" data-sizes=\"(max-width: 1024px) 100vw, 1024px\" src=\"data:image\/svg+xml;base64,PHN2ZyB3aWR0aD0iMSIgaGVpZ2h0PSIxIiB4bWxucz0iaHR0cDovL3d3dy53My5vcmcvMjAwMC9zdmciPjwvc3ZnPg==\" style=\"--smush-placeholder-width: 1024px; --smush-placeholder-aspect-ratio: 1024\/576;\" \/><\/a><\/figure>\n\n\n\n<figure class=\"wp-block-image size-large\"><a href=\"https:\/\/cvinoticias.com\/wp-content\/uploads\/2025\/12\/3-12.jpeg\"><img decoding=\"async\" width=\"1024\" height=\"576\" data-id=\"52693\" data-src=\"https:\/\/cvinoticias.com\/wp-content\/uploads\/2025\/12\/3-12-1024x576.jpeg\" alt=\"\" class=\"wp-image-52693 lazyload\" data-srcset=\"https:\/\/cvinoticias.com\/wp-content\/uploads\/2025\/12\/3-12-1024x576.jpeg 1024w, https:\/\/cvinoticias.com\/wp-content\/uploads\/2025\/12\/3-12-300x169.jpeg 300w, https:\/\/cvinoticias.com\/wp-content\/uploads\/2025\/12\/3-12-768x432.jpeg 768w, https:\/\/cvinoticias.com\/wp-content\/uploads\/2025\/12\/3-12.jpeg 1280w\" data-sizes=\"(max-width: 1024px) 100vw, 1024px\" src=\"data:image\/svg+xml;base64,PHN2ZyB3aWR0aD0iMSIgaGVpZ2h0PSIxIiB4bWxucz0iaHR0cDovL3d3dy53My5vcmcvMjAwMC9zdmciPjwvc3ZnPg==\" style=\"--smush-placeholder-width: 1024px; --smush-placeholder-aspect-ratio: 1024\/576;\" \/><\/a><\/figure>\n<\/figure>\n","protected":false},"excerpt":{"rendered":"<p>El ciclo cultural \u201cAl Caer el Sol en Cataratas\u201d cerr\u00f3 exitosamente su a\u00f1o de ediciones hoy, domingo 14 de diciembre, con un evento especial cargado de esp\u00edritu navide\u00f1o. La actividad, que comenz\u00f3 a partir de las 17 horas en el Parque Nacional Iguaz\u00fa, sirvi\u00f3 para celebrar el cierre de un ciclo que supo acercar la [&hellip;]<\/p>\n","protected":false},"author":2,"featured_media":52690,"comment_status":"open","ping_status":"closed","sticky":false,"template":"","format":"standard","meta":{"footnotes":""},"categories":[47],"tags":[2494,74,4665],"class_list":["post-52689","post","type-post","status-publish","format-standard","has-post-thumbnail","hentry","category-sociedad","tag-al-caer-el-sol","tag-cataratas","tag-navideno"],"yoast_head":"<!-- This site is optimized with the Yoast SEO plugin v27.4 - https:\/\/yoast.com\/product\/yoast-seo-wordpress\/ -->\n<title>Al Caer el Sol en Cataratas cerr\u00f3 el a\u00f1o con esp\u00edritu navide\u00f1o | CVI NOTICIAS<\/title>\n<meta name=\"description\" content=\"Al Caer el Sol en Cataratas cerr\u00f3 el 2025 con un evento navide\u00f1o en el Parque Nacional Iguaz\u00fa.\" \/>\n<meta name=\"robots\" content=\"index, follow, max-snippet:-1, max-image-preview:large, max-video-preview:-1\" \/>\n<link rel=\"canonical\" href=\"https:\/\/cvinoticias.com\/v3\/al-caer-el-sol-en-cataratas-cerro-el-2025-con-espiritu-navideno\/\" \/>\n<meta property=\"og:locale\" content=\"es_ES\" \/>\n<meta property=\"og:type\" content=\"article\" \/>\n<meta property=\"og:title\" content=\"Al Caer el Sol en Cataratas cerr\u00f3 el a\u00f1o con esp\u00edritu navide\u00f1o | CVI NOTICIAS\" \/>\n<meta property=\"og:description\" content=\"Al Caer el Sol en Cataratas cerr\u00f3 el 2025 con un evento navide\u00f1o en el Parque Nacional Iguaz\u00fa.\" \/>\n<meta property=\"og:url\" content=\"https:\/\/cvinoticias.com\/v3\/al-caer-el-sol-en-cataratas-cerro-el-2025-con-espiritu-navideno\/\" \/>\n<meta property=\"og:site_name\" content=\"CVI NOTICIAS\" \/>\n<meta property=\"article:publisher\" content=\"https:\/\/www.facebook.com\/cvinoticias\" \/>\n<meta property=\"article:published_time\" content=\"2025-12-15T00:10:29+00:00\" \/>\n<meta property=\"article:modified_time\" content=\"2025-12-15T09:57:49+00:00\" \/>\n<meta property=\"og:image\" content=\"https:\/\/cvinoticias.com\/wp-content\/uploads\/2025\/12\/portada-16.jpeg\" \/>\n\t<meta property=\"og:image:width\" content=\"1280\" \/>\n\t<meta property=\"og:image:height\" content=\"720\" \/>\n\t<meta property=\"og:image:type\" content=\"image\/jpeg\" \/>\n<meta name=\"author\" content=\"f1000024\" \/>\n<meta name=\"twitter:card\" content=\"summary_large_image\" \/>\n<meta name=\"twitter:label1\" content=\"Escrito por\" \/>\n\t<meta name=\"twitter:data1\" content=\"f1000024\" \/>\n\t<meta name=\"twitter:label2\" content=\"Tiempo de lectura\" \/>\n\t<meta name=\"twitter:data2\" content=\"2 minutos\" \/>\n<script type=\"application\/ld+json\" class=\"yoast-schema-graph\">{\"@context\":\"https:\\\/\\\/schema.org\",\"@graph\":[{\"@type\":\"Article\",\"@id\":\"https:\\\/\\\/cvinoticias.com\\\/v3\\\/al-caer-el-sol-en-cataratas-cerro-el-2025-con-espiritu-navideno\\\/#article\",\"isPartOf\":{\"@id\":\"https:\\\/\\\/cvinoticias.com\\\/v3\\\/al-caer-el-sol-en-cataratas-cerro-el-2025-con-espiritu-navideno\\\/\"},\"author\":{\"name\":\"f1000024\",\"@id\":\"https:\\\/\\\/cvinoticias.com\\\/v3\\\/#\\\/schema\\\/person\\\/2db77e3c6bc03c538495d7b2b8be9b66\"},\"headline\":\"Al Caer el Sol en Cataratas cerr\u00f3 el 2025 con esp\u00edritu navide\u00f1o\",\"datePublished\":\"2025-12-15T00:10:29+00:00\",\"dateModified\":\"2025-12-15T09:57:49+00:00\",\"mainEntityOfPage\":{\"@id\":\"https:\\\/\\\/cvinoticias.com\\\/v3\\\/al-caer-el-sol-en-cataratas-cerro-el-2025-con-espiritu-navideno\\\/\"},\"wordCount\":220,\"commentCount\":0,\"publisher\":{\"@id\":\"https:\\\/\\\/cvinoticias.com\\\/v3\\\/#organization\"},\"image\":{\"@id\":\"https:\\\/\\\/cvinoticias.com\\\/v3\\\/al-caer-el-sol-en-cataratas-cerro-el-2025-con-espiritu-navideno\\\/#primaryimage\"},\"thumbnailUrl\":\"https:\\\/\\\/cvinoticias.com\\\/wp-content\\\/uploads\\\/2025\\\/12\\\/portada-16.jpeg\",\"keywords\":[\"Al caer el sol\",\"cataratas\",\"navide\u00f1o\"],\"articleSection\":[\"Sociedad\"],\"inLanguage\":\"es\",\"potentialAction\":[{\"@type\":\"CommentAction\",\"name\":\"Comment\",\"target\":[\"https:\\\/\\\/cvinoticias.com\\\/v3\\\/al-caer-el-sol-en-cataratas-cerro-el-2025-con-espiritu-navideno\\\/#respond\"]}]},{\"@type\":\"WebPage\",\"@id\":\"https:\\\/\\\/cvinoticias.com\\\/v3\\\/al-caer-el-sol-en-cataratas-cerro-el-2025-con-espiritu-navideno\\\/\",\"url\":\"https:\\\/\\\/cvinoticias.com\\\/v3\\\/al-caer-el-sol-en-cataratas-cerro-el-2025-con-espiritu-navideno\\\/\",\"name\":\"Al Caer el Sol en Cataratas cerr\u00f3 el a\u00f1o con esp\u00edritu navide\u00f1o | CVI NOTICIAS\",\"isPartOf\":{\"@id\":\"https:\\\/\\\/cvinoticias.com\\\/v3\\\/#website\"},\"primaryImageOfPage\":{\"@id\":\"https:\\\/\\\/cvinoticias.com\\\/v3\\\/al-caer-el-sol-en-cataratas-cerro-el-2025-con-espiritu-navideno\\\/#primaryimage\"},\"image\":{\"@id\":\"https:\\\/\\\/cvinoticias.com\\\/v3\\\/al-caer-el-sol-en-cataratas-cerro-el-2025-con-espiritu-navideno\\\/#primaryimage\"},\"thumbnailUrl\":\"https:\\\/\\\/cvinoticias.com\\\/wp-content\\\/uploads\\\/2025\\\/12\\\/portada-16.jpeg\",\"datePublished\":\"2025-12-15T00:10:29+00:00\",\"dateModified\":\"2025-12-15T09:57:49+00:00\",\"description\":\"Al Caer el Sol en Cataratas cerr\u00f3 el 2025 con un evento navide\u00f1o en el Parque Nacional Iguaz\u00fa.\",\"breadcrumb\":{\"@id\":\"https:\\\/\\\/cvinoticias.com\\\/v3\\\/al-caer-el-sol-en-cataratas-cerro-el-2025-con-espiritu-navideno\\\/#breadcrumb\"},\"inLanguage\":\"es\",\"potentialAction\":[{\"@type\":\"ReadAction\",\"target\":[\"https:\\\/\\\/cvinoticias.com\\\/v3\\\/al-caer-el-sol-en-cataratas-cerro-el-2025-con-espiritu-navideno\\\/\"]}]},{\"@type\":\"ImageObject\",\"inLanguage\":\"es\",\"@id\":\"https:\\\/\\\/cvinoticias.com\\\/v3\\\/al-caer-el-sol-en-cataratas-cerro-el-2025-con-espiritu-navideno\\\/#primaryimage\",\"url\":\"https:\\\/\\\/cvinoticias.com\\\/wp-content\\\/uploads\\\/2025\\\/12\\\/portada-16.jpeg\",\"contentUrl\":\"https:\\\/\\\/cvinoticias.com\\\/wp-content\\\/uploads\\\/2025\\\/12\\\/portada-16.jpeg\",\"width\":1280,\"height\":720},{\"@type\":\"BreadcrumbList\",\"@id\":\"https:\\\/\\\/cvinoticias.com\\\/v3\\\/al-caer-el-sol-en-cataratas-cerro-el-2025-con-espiritu-navideno\\\/#breadcrumb\",\"itemListElement\":[{\"@type\":\"ListItem\",\"position\":1,\"name\":\"Portada\",\"item\":\"https:\\\/\\\/cvinoticias.com\\\/v3\\\/\"},{\"@type\":\"ListItem\",\"position\":2,\"name\":\"Al Caer el Sol en Cataratas cerr\u00f3 el 2025 con esp\u00edritu navide\u00f1o\"}]},{\"@type\":\"WebSite\",\"@id\":\"https:\\\/\\\/cvinoticias.com\\\/v3\\\/#website\",\"url\":\"https:\\\/\\\/cvinoticias.com\\\/v3\\\/\",\"name\":\"CVI NOTICIAS\",\"description\":\"\",\"publisher\":{\"@id\":\"https:\\\/\\\/cvinoticias.com\\\/v3\\\/#organization\"},\"alternateName\":\"CVI\",\"potentialAction\":[{\"@type\":\"SearchAction\",\"target\":{\"@type\":\"EntryPoint\",\"urlTemplate\":\"https:\\\/\\\/cvinoticias.com\\\/v3\\\/?s={search_term_string}\"},\"query-input\":{\"@type\":\"PropertyValueSpecification\",\"valueRequired\":true,\"valueName\":\"search_term_string\"}}],\"inLanguage\":\"es\"},{\"@type\":\"Organization\",\"@id\":\"https:\\\/\\\/cvinoticias.com\\\/v3\\\/#organization\",\"name\":\"CVI NOTICIAS\",\"url\":\"https:\\\/\\\/cvinoticias.com\\\/v3\\\/\",\"logo\":{\"@type\":\"ImageObject\",\"inLanguage\":\"es\",\"@id\":\"https:\\\/\\\/cvinoticias.com\\\/v3\\\/#\\\/schema\\\/logo\\\/image\\\/\",\"url\":\"https:\\\/\\\/cvinoticias.com\\\/wp-content\\\/uploads\\\/2023\\\/04\\\/cropped-cropped-cropped-cropped-cropped-3-1.png\",\"contentUrl\":\"https:\\\/\\\/cvinoticias.com\\\/wp-content\\\/uploads\\\/2023\\\/04\\\/cropped-cropped-cropped-cropped-cropped-3-1.png\",\"width\":95,\"height\":122,\"caption\":\"CVI NOTICIAS\"},\"image\":{\"@id\":\"https:\\\/\\\/cvinoticias.com\\\/v3\\\/#\\\/schema\\\/logo\\\/image\\\/\"},\"sameAs\":[\"https:\\\/\\\/www.facebook.com\\\/cvinoticias\",\"https:\\\/\\\/www.instagram.com\\\/cvinoticias\\\/\",\"https:\\\/\\\/www.youtube.com\\\/@CVINOTICIAS\"]},{\"@type\":\"Person\",\"@id\":\"https:\\\/\\\/cvinoticias.com\\\/v3\\\/#\\\/schema\\\/person\\\/2db77e3c6bc03c538495d7b2b8be9b66\",\"name\":\"f1000024\",\"image\":{\"@type\":\"ImageObject\",\"inLanguage\":\"es\",\"@id\":\"https:\\\/\\\/secure.gravatar.com\\\/avatar\\\/d4fe7459cfc51ff5129ce1a732bbef5928568b8092d412ef95611616376bbeed?s=96&d=mm&r=g\",\"url\":\"https:\\\/\\\/secure.gravatar.com\\\/avatar\\\/d4fe7459cfc51ff5129ce1a732bbef5928568b8092d412ef95611616376bbeed?s=96&d=mm&r=g\",\"contentUrl\":\"https:\\\/\\\/secure.gravatar.com\\\/avatar\\\/d4fe7459cfc51ff5129ce1a732bbef5928568b8092d412ef95611616376bbeed?s=96&d=mm&r=g\",\"caption\":\"f1000024\"},\"url\":\"https:\\\/\\\/cvinoticias.com\\\/v3\\\/author\\\/f1000024\\\/\"}]}<\/script>\n<!-- \/ Yoast SEO plugin. -->","yoast_head_json":{"title":"Al Caer el Sol en Cataratas cerr\u00f3 el a\u00f1o con esp\u00edritu navide\u00f1o | CVI NOTICIAS","description":"Al Caer el Sol en Cataratas cerr\u00f3 el 2025 con un evento navide\u00f1o en el Parque Nacional Iguaz\u00fa.","robots":{"index":"index","follow":"follow","max-snippet":"max-snippet:-1","max-image-preview":"max-image-preview:large","max-video-preview":"max-video-preview:-1"},"canonical":"https:\/\/cvinoticias.com\/v3\/al-caer-el-sol-en-cataratas-cerro-el-2025-con-espiritu-navideno\/","og_locale":"es_ES","og_type":"article","og_title":"Al Caer el Sol en Cataratas cerr\u00f3 el a\u00f1o con esp\u00edritu navide\u00f1o | CVI NOTICIAS","og_description":"Al Caer el Sol en Cataratas cerr\u00f3 el 2025 con un evento navide\u00f1o en el Parque Nacional Iguaz\u00fa.","og_url":"https:\/\/cvinoticias.com\/v3\/al-caer-el-sol-en-cataratas-cerro-el-2025-con-espiritu-navideno\/","og_site_name":"CVI NOTICIAS","article_publisher":"https:\/\/www.facebook.com\/cvinoticias","article_published_time":"2025-12-15T00:10:29+00:00","article_modified_time":"2025-12-15T09:57:49+00:00","og_image":[{"width":1280,"height":720,"url":"https:\/\/cvinoticias.com\/wp-content\/uploads\/2025\/12\/portada-16.jpeg","type":"image\/jpeg"}],"author":"f1000024","twitter_card":"summary_large_image","twitter_misc":{"Escrito por":"f1000024","Tiempo de lectura":"2 minutos"},"schema":{"@context":"https:\/\/schema.org","@graph":[{"@type":"Article","@id":"https:\/\/cvinoticias.com\/v3\/al-caer-el-sol-en-cataratas-cerro-el-2025-con-espiritu-navideno\/#article","isPartOf":{"@id":"https:\/\/cvinoticias.com\/v3\/al-caer-el-sol-en-cataratas-cerro-el-2025-con-espiritu-navideno\/"},"author":{"name":"f1000024","@id":"https:\/\/cvinoticias.com\/v3\/#\/schema\/person\/2db77e3c6bc03c538495d7b2b8be9b66"},"headline":"Al Caer el Sol en Cataratas cerr\u00f3 el 2025 con esp\u00edritu navide\u00f1o","datePublished":"2025-12-15T00:10:29+00:00","dateModified":"2025-12-15T09:57:49+00:00","mainEntityOfPage":{"@id":"https:\/\/cvinoticias.com\/v3\/al-caer-el-sol-en-cataratas-cerro-el-2025-con-espiritu-navideno\/"},"wordCount":220,"commentCount":0,"publisher":{"@id":"https:\/\/cvinoticias.com\/v3\/#organization"},"image":{"@id":"https:\/\/cvinoticias.com\/v3\/al-caer-el-sol-en-cataratas-cerro-el-2025-con-espiritu-navideno\/#primaryimage"},"thumbnailUrl":"https:\/\/cvinoticias.com\/wp-content\/uploads\/2025\/12\/portada-16.jpeg","keywords":["Al caer el sol","cataratas","navide\u00f1o"],"articleSection":["Sociedad"],"inLanguage":"es","potentialAction":[{"@type":"CommentAction","name":"Comment","target":["https:\/\/cvinoticias.com\/v3\/al-caer-el-sol-en-cataratas-cerro-el-2025-con-espiritu-navideno\/#respond"]}]},{"@type":"WebPage","@id":"https:\/\/cvinoticias.com\/v3\/al-caer-el-sol-en-cataratas-cerro-el-2025-con-espiritu-navideno\/","url":"https:\/\/cvinoticias.com\/v3\/al-caer-el-sol-en-cataratas-cerro-el-2025-con-espiritu-navideno\/","name":"Al Caer el Sol en Cataratas cerr\u00f3 el a\u00f1o con esp\u00edritu navide\u00f1o | CVI NOTICIAS","isPartOf":{"@id":"https:\/\/cvinoticias.com\/v3\/#website"},"primaryImageOfPage":{"@id":"https:\/\/cvinoticias.com\/v3\/al-caer-el-sol-en-cataratas-cerro-el-2025-con-espiritu-navideno\/#primaryimage"},"image":{"@id":"https:\/\/cvinoticias.com\/v3\/al-caer-el-sol-en-cataratas-cerro-el-2025-con-espiritu-navideno\/#primaryimage"},"thumbnailUrl":"https:\/\/cvinoticias.com\/wp-content\/uploads\/2025\/12\/portada-16.jpeg","datePublished":"2025-12-15T00:10:29+00:00","dateModified":"2025-12-15T09:57:49+00:00","description":"Al Caer el Sol en Cataratas cerr\u00f3 el 2025 con un evento navide\u00f1o en el Parque Nacional Iguaz\u00fa.","breadcrumb":{"@id":"https:\/\/cvinoticias.com\/v3\/al-caer-el-sol-en-cataratas-cerro-el-2025-con-espiritu-navideno\/#breadcrumb"},"inLanguage":"es","potentialAction":[{"@type":"ReadAction","target":["https:\/\/cvinoticias.com\/v3\/al-caer-el-sol-en-cataratas-cerro-el-2025-con-espiritu-navideno\/"]}]},{"@type":"ImageObject","inLanguage":"es","@id":"https:\/\/cvinoticias.com\/v3\/al-caer-el-sol-en-cataratas-cerro-el-2025-con-espiritu-navideno\/#primaryimage","url":"https:\/\/cvinoticias.com\/wp-content\/uploads\/2025\/12\/portada-16.jpeg","contentUrl":"https:\/\/cvinoticias.com\/wp-content\/uploads\/2025\/12\/portada-16.jpeg","width":1280,"height":720},{"@type":"BreadcrumbList","@id":"https:\/\/cvinoticias.com\/v3\/al-caer-el-sol-en-cataratas-cerro-el-2025-con-espiritu-navideno\/#breadcrumb","itemListElement":[{"@type":"ListItem","position":1,"name":"Portada","item":"https:\/\/cvinoticias.com\/v3\/"},{"@type":"ListItem","position":2,"name":"Al Caer el Sol en Cataratas cerr\u00f3 el 2025 con esp\u00edritu navide\u00f1o"}]},{"@type":"WebSite","@id":"https:\/\/cvinoticias.com\/v3\/#website","url":"https:\/\/cvinoticias.com\/v3\/","name":"CVI NOTICIAS","description":"","publisher":{"@id":"https:\/\/cvinoticias.com\/v3\/#organization"},"alternateName":"CVI","potentialAction":[{"@type":"SearchAction","target":{"@type":"EntryPoint","urlTemplate":"https:\/\/cvinoticias.com\/v3\/?s={search_term_string}"},"query-input":{"@type":"PropertyValueSpecification","valueRequired":true,"valueName":"search_term_string"}}],"inLanguage":"es"},{"@type":"Organization","@id":"https:\/\/cvinoticias.com\/v3\/#organization","name":"CVI NOTICIAS","url":"https:\/\/cvinoticias.com\/v3\/","logo":{"@type":"ImageObject","inLanguage":"es","@id":"https:\/\/cvinoticias.com\/v3\/#\/schema\/logo\/image\/","url":"https:\/\/cvinoticias.com\/wp-content\/uploads\/2023\/04\/cropped-cropped-cropped-cropped-cropped-3-1.png","contentUrl":"https:\/\/cvinoticias.com\/wp-content\/uploads\/2023\/04\/cropped-cropped-cropped-cropped-cropped-3-1.png","width":95,"height":122,"caption":"CVI NOTICIAS"},"image":{"@id":"https:\/\/cvinoticias.com\/v3\/#\/schema\/logo\/image\/"},"sameAs":["https:\/\/www.facebook.com\/cvinoticias","https:\/\/www.instagram.com\/cvinoticias\/","https:\/\/www.youtube.com\/@CVINOTICIAS"]},{"@type":"Person","@id":"https:\/\/cvinoticias.com\/v3\/#\/schema\/person\/2db77e3c6bc03c538495d7b2b8be9b66","name":"f1000024","image":{"@type":"ImageObject","inLanguage":"es","@id":"https:\/\/secure.gravatar.com\/avatar\/d4fe7459cfc51ff5129ce1a732bbef5928568b8092d412ef95611616376bbeed?s=96&d=mm&r=g","url":"https:\/\/secure.gravatar.com\/avatar\/d4fe7459cfc51ff5129ce1a732bbef5928568b8092d412ef95611616376bbeed?s=96&d=mm&r=g","contentUrl":"https:\/\/secure.gravatar.com\/avatar\/d4fe7459cfc51ff5129ce1a732bbef5928568b8092d412ef95611616376bbeed?s=96&d=mm&r=g","caption":"f1000024"},"url":"https:\/\/cvinoticias.com\/v3\/author\/f1000024\/"}]}},"_links":{"self":[{"href":"https:\/\/cvinoticias.com\/v3\/wp-json\/wp\/v2\/posts\/52689","targetHints":{"allow":["GET"]}}],"collection":[{"href":"https:\/\/cvinoticias.com\/v3\/wp-json\/wp\/v2\/posts"}],"about":[{"href":"https:\/\/cvinoticias.com\/v3\/wp-json\/wp\/v2\/types\/post"}],"author":[{"embeddable":true,"href":"https:\/\/cvinoticias.com\/v3\/wp-json\/wp\/v2\/users\/2"}],"replies":[{"embeddable":true,"href":"https:\/\/cvinoticias.com\/v3\/wp-json\/wp\/v2\/comments?post=52689"}],"version-history":[{"count":1,"href":"https:\/\/cvinoticias.com\/v3\/wp-json\/wp\/v2\/posts\/52689\/revisions"}],"predecessor-version":[{"id":52694,"href":"https:\/\/cvinoticias.com\/v3\/wp-json\/wp\/v2\/posts\/52689\/revisions\/52694"}],"wp:featuredmedia":[{"embeddable":true,"href":"https:\/\/cvinoticias.com\/v3\/wp-json\/wp\/v2\/media\/52690"}],"wp:attachment":[{"href":"https:\/\/cvinoticias.com\/v3\/wp-json\/wp\/v2\/media?parent=52689"}],"wp:term":[{"taxonomy":"category","embeddable":true,"href":"https:\/\/cvinoticias.com\/v3\/wp-json\/wp\/v2\/categories?post=52689"},{"taxonomy":"post_tag","embeddable":true,"href":"https:\/\/cvinoticias.com\/v3\/wp-json\/wp\/v2\/tags?post=52689"}],"curies":[{"name":"wp","href":"https:\/\/api.w.org\/{rel}","templated":true}]}}