{"id":52619,"date":"2025-12-12T09:35:37","date_gmt":"2025-12-12T12:35:37","guid":{"rendered":"https:\/\/cvinoticias.com\/v3\/?p=52619"},"modified":"2025-12-12T09:35:38","modified_gmt":"2025-12-12T12:35:38","slug":"preocupacion-por-la-salud-de-joaquin-levinton-el-lider-de-turf-sufrio-un-infarto-durante-un-show-en-palermo","status":"publish","type":"post","link":"https:\/\/cvinoticias.com\/v3\/preocupacion-por-la-salud-de-joaquin-levinton-el-lider-de-turf-sufrio-un-infarto-durante-un-show-en-palermo\/","title":{"rendered":"Preocupaci\u00f3n por la salud de Joaqu\u00edn Levinton: el l\u00edder de Turf sufri\u00f3 un infarto durante un show en Palermo"},"content":{"rendered":"\n<p>Joaqu\u00edn Levinton, l\u00edder de la banda Turf, sufri\u00f3 un infarto mientras brindaba un show en un bar ubicado en Dorrego 1697, en el barrio porte\u00f1o de Palermo. El m\u00fasico, de 50 a\u00f1os, se descompens\u00f3 tras sentir un intenso dolor en el pecho y debi\u00f3 ser asistido por el SAME, que realiz\u00f3 un traslado de urgencia al Hospital Fern\u00e1ndez, donde permanece internado en terapia intensiva.<\/p>\n\n\n\n<p>Las personas que lo acompa\u00f1aban en el lugar alertaron r\u00e1pidamente al Servicio de Atenci\u00f3n M\u00e9dica de Emergencias. Minutos despu\u00e9s, una unidad arrib\u00f3 al bar y atendi\u00f3 al artista, que presentaba s\u00edntomas compatibles con un cuadro card\u00edaco agudo.<\/p>\n\n\n\n<p>En di\u00e1logo con TN, el titular del SAME, Alberto Crescenti, explic\u00f3 que Levinton \u201csufri\u00f3 una descompensaci\u00f3n card\u00edaca con hipotensi\u00f3n y sudoraci\u00f3n mientras hac\u00eda un show\u201d. Adem\u00e1s, detall\u00f3 que \u201cel paciente ten\u00eda dolores tensos en el pecho, por lo que presupon\u00edamos que hab\u00eda que descartar un infarto. Por eso se tom\u00f3 la decisi\u00f3n de compensarlo y se le avis\u00f3 al shockroom del Hospital Fern\u00e1ndez\u201d.<\/p>\n\n\n\n<p>Poco despu\u00e9s, desde el propio hospital confirmaron el diagn\u00f3stico: infarto agudo de miocardio.<\/p>\n\n\n\n<p>Crescenti destac\u00f3 que el m\u00fasico se encuentra fuera de peligro, aunque permanece en terapia intensiva para la realizaci\u00f3n de estudios complementarios que permitan evaluar su estado general. \u201cLa rapidez del traslado evit\u00f3 males mayores, fallas de bomba y otras patolog\u00edas que se dan cuando estos dolores t\u00edpicos comienzan. Hay que esperar el resto de los estudios\u201d, se\u00f1al\u00f3.<\/p>\n\n\n\n<p>El SAME se mantiene en contacto con el equipo m\u00e9dico del Hospital Fern\u00e1ndez para conocer la evoluci\u00f3n del artista, cuya situaci\u00f3n gener\u00f3 preocupaci\u00f3n entre sus seguidores.<\/p>\n\n\n\n<p>Horas antes del episodio, Levinton hab\u00eda compartido en sus historias de Instagram una foto de uno de sus libros publicados junto a la frase: \u201cSe vienen cositas\u201d, una se\u00f1al de los proyectos que ten\u00eda en marcha<\/p>\n","protected":false},"excerpt":{"rendered":"<p>Joaqu\u00edn Levinton, l\u00edder de la banda Turf, sufri\u00f3 un infarto mientras brindaba un show en un bar ubicado en Dorrego 1697, en el barrio porte\u00f1o de Palermo. El m\u00fasico, de 50 a\u00f1os, se descompens\u00f3 tras sentir un intenso dolor en el pecho y debi\u00f3 ser asistido por el SAME, que realiz\u00f3 un traslado de urgencia [&hellip;]<\/p>\n","protected":false},"author":2,"featured_media":52620,"comment_status":"open","ping_status":"closed","sticky":false,"template":"","format":"standard","meta":{"footnotes":""},"categories":[34],"tags":[4662,4661,819],"class_list":["post-52619","post","type-post","status-publish","format-standard","has-post-thumbnail","hentry","category-espectaculos","tag-infarto","tag-joaquin-levinton","tag-show"],"yoast_head":"<!-- This site is optimized with the Yoast SEO plugin v27.5 - https:\/\/yoast.com\/product\/yoast-seo-wordpress\/ -->\n<title>Joaqu\u00edn Levinton sufri\u00f3 un infarto durante un show | CVI NOTICIAS<\/title>\n<meta name=\"description\" content=\"Joaqu\u00edn Levinton sufri\u00f3 un infarto en pleno show en Palermo y permanece internado en terapia intensiva en el Hospital Fern\u00e1ndez.\" \/>\n<meta name=\"robots\" content=\"index, follow, max-snippet:-1, max-image-preview:large, max-video-preview:-1\" \/>\n<link rel=\"canonical\" href=\"https:\/\/cvinoticias.com\/v3\/preocupacion-por-la-salud-de-joaquin-levinton-el-lider-de-turf-sufrio-un-infarto-durante-un-show-en-palermo\/\" \/>\n<meta property=\"og:locale\" content=\"es_ES\" \/>\n<meta property=\"og:type\" content=\"article\" \/>\n<meta property=\"og:title\" content=\"Joaqu\u00edn Levinton sufri\u00f3 un infarto durante un show | CVI NOTICIAS\" \/>\n<meta property=\"og:description\" content=\"Joaqu\u00edn Levinton sufri\u00f3 un infarto en pleno show en Palermo y permanece internado en terapia intensiva en el Hospital Fern\u00e1ndez.\" \/>\n<meta property=\"og:url\" content=\"https:\/\/cvinoticias.com\/v3\/preocupacion-por-la-salud-de-joaquin-levinton-el-lider-de-turf-sufrio-un-infarto-durante-un-show-en-palermo\/\" \/>\n<meta property=\"og:site_name\" content=\"CVI NOTICIAS\" \/>\n<meta property=\"article:publisher\" content=\"https:\/\/www.facebook.com\/cvinoticias\" \/>\n<meta property=\"article:published_time\" content=\"2025-12-12T12:35:37+00:00\" \/>\n<meta property=\"article:modified_time\" content=\"2025-12-12T12:35:38+00:00\" \/>\n<meta property=\"og:image\" content=\"https:\/\/cvinoticias.com\/wp-content\/uploads\/2025\/12\/md-7.webp\" \/>\n\t<meta property=\"og:image:width\" content=\"992\" \/>\n\t<meta property=\"og:image:height\" content=\"660\" \/>\n\t<meta property=\"og:image:type\" content=\"image\/webp\" \/>\n<meta name=\"author\" content=\"f1000024\" \/>\n<meta name=\"twitter:card\" content=\"summary_large_image\" \/>\n<meta name=\"twitter:label1\" content=\"Escrito por\" \/>\n\t<meta name=\"twitter:data1\" content=\"f1000024\" \/>\n\t<meta name=\"twitter:label2\" content=\"Tiempo de lectura\" \/>\n\t<meta name=\"twitter:data2\" content=\"2 minutos\" \/>\n<script type=\"application\/ld+json\" class=\"yoast-schema-graph\">{\"@context\":\"https:\\\/\\\/schema.org\",\"@graph\":[{\"@type\":\"Article\",\"@id\":\"https:\\\/\\\/cvinoticias.com\\\/v3\\\/preocupacion-por-la-salud-de-joaquin-levinton-el-lider-de-turf-sufrio-un-infarto-durante-un-show-en-palermo\\\/#article\",\"isPartOf\":{\"@id\":\"https:\\\/\\\/cvinoticias.com\\\/v3\\\/preocupacion-por-la-salud-de-joaquin-levinton-el-lider-de-turf-sufrio-un-infarto-durante-un-show-en-palermo\\\/\"},\"author\":{\"name\":\"f1000024\",\"@id\":\"https:\\\/\\\/cvinoticias.com\\\/v3\\\/#\\\/schema\\\/person\\\/2db77e3c6bc03c538495d7b2b8be9b66\"},\"headline\":\"Preocupaci\u00f3n por la salud de Joaqu\u00edn Levinton: el l\u00edder de Turf sufri\u00f3 un infarto durante un show en Palermo\",\"datePublished\":\"2025-12-12T12:35:37+00:00\",\"dateModified\":\"2025-12-12T12:35:38+00:00\",\"mainEntityOfPage\":{\"@id\":\"https:\\\/\\\/cvinoticias.com\\\/v3\\\/preocupacion-por-la-salud-de-joaquin-levinton-el-lider-de-turf-sufrio-un-infarto-durante-un-show-en-palermo\\\/\"},\"wordCount\":356,\"commentCount\":0,\"publisher\":{\"@id\":\"https:\\\/\\\/cvinoticias.com\\\/v3\\\/#organization\"},\"image\":{\"@id\":\"https:\\\/\\\/cvinoticias.com\\\/v3\\\/preocupacion-por-la-salud-de-joaquin-levinton-el-lider-de-turf-sufrio-un-infarto-durante-un-show-en-palermo\\\/#primaryimage\"},\"thumbnailUrl\":\"https:\\\/\\\/cvinoticias.com\\\/wp-content\\\/uploads\\\/2025\\\/12\\\/md-7.webp\",\"keywords\":[\"infarto\",\"Joaqu\u00edn Levinton\",\"Show\"],\"articleSection\":[\"Espect\u00e1culos\"],\"inLanguage\":\"es\",\"potentialAction\":[{\"@type\":\"CommentAction\",\"name\":\"Comment\",\"target\":[\"https:\\\/\\\/cvinoticias.com\\\/v3\\\/preocupacion-por-la-salud-de-joaquin-levinton-el-lider-de-turf-sufrio-un-infarto-durante-un-show-en-palermo\\\/#respond\"]}]},{\"@type\":\"WebPage\",\"@id\":\"https:\\\/\\\/cvinoticias.com\\\/v3\\\/preocupacion-por-la-salud-de-joaquin-levinton-el-lider-de-turf-sufrio-un-infarto-durante-un-show-en-palermo\\\/\",\"url\":\"https:\\\/\\\/cvinoticias.com\\\/v3\\\/preocupacion-por-la-salud-de-joaquin-levinton-el-lider-de-turf-sufrio-un-infarto-durante-un-show-en-palermo\\\/\",\"name\":\"Joaqu\u00edn Levinton sufri\u00f3 un infarto durante un show | CVI NOTICIAS\",\"isPartOf\":{\"@id\":\"https:\\\/\\\/cvinoticias.com\\\/v3\\\/#website\"},\"primaryImageOfPage\":{\"@id\":\"https:\\\/\\\/cvinoticias.com\\\/v3\\\/preocupacion-por-la-salud-de-joaquin-levinton-el-lider-de-turf-sufrio-un-infarto-durante-un-show-en-palermo\\\/#primaryimage\"},\"image\":{\"@id\":\"https:\\\/\\\/cvinoticias.com\\\/v3\\\/preocupacion-por-la-salud-de-joaquin-levinton-el-lider-de-turf-sufrio-un-infarto-durante-un-show-en-palermo\\\/#primaryimage\"},\"thumbnailUrl\":\"https:\\\/\\\/cvinoticias.com\\\/wp-content\\\/uploads\\\/2025\\\/12\\\/md-7.webp\",\"datePublished\":\"2025-12-12T12:35:37+00:00\",\"dateModified\":\"2025-12-12T12:35:38+00:00\",\"description\":\"Joaqu\u00edn Levinton sufri\u00f3 un infarto en pleno show en Palermo y permanece internado en terapia intensiva en el Hospital Fern\u00e1ndez.\",\"breadcrumb\":{\"@id\":\"https:\\\/\\\/cvinoticias.com\\\/v3\\\/preocupacion-por-la-salud-de-joaquin-levinton-el-lider-de-turf-sufrio-un-infarto-durante-un-show-en-palermo\\\/#breadcrumb\"},\"inLanguage\":\"es\",\"potentialAction\":[{\"@type\":\"ReadAction\",\"target\":[\"https:\\\/\\\/cvinoticias.com\\\/v3\\\/preocupacion-por-la-salud-de-joaquin-levinton-el-lider-de-turf-sufrio-un-infarto-durante-un-show-en-palermo\\\/\"]}]},{\"@type\":\"ImageObject\",\"inLanguage\":\"es\",\"@id\":\"https:\\\/\\\/cvinoticias.com\\\/v3\\\/preocupacion-por-la-salud-de-joaquin-levinton-el-lider-de-turf-sufrio-un-infarto-durante-un-show-en-palermo\\\/#primaryimage\",\"url\":\"https:\\\/\\\/cvinoticias.com\\\/wp-content\\\/uploads\\\/2025\\\/12\\\/md-7.webp\",\"contentUrl\":\"https:\\\/\\\/cvinoticias.com\\\/wp-content\\\/uploads\\\/2025\\\/12\\\/md-7.webp\",\"width\":992,\"height\":660},{\"@type\":\"BreadcrumbList\",\"@id\":\"https:\\\/\\\/cvinoticias.com\\\/v3\\\/preocupacion-por-la-salud-de-joaquin-levinton-el-lider-de-turf-sufrio-un-infarto-durante-un-show-en-palermo\\\/#breadcrumb\",\"itemListElement\":[{\"@type\":\"ListItem\",\"position\":1,\"name\":\"Portada\",\"item\":\"https:\\\/\\\/cvinoticias.com\\\/v3\\\/\"},{\"@type\":\"ListItem\",\"position\":2,\"name\":\"Preocupaci\u00f3n por la salud de Joaqu\u00edn Levinton: el l\u00edder de Turf sufri\u00f3 un infarto durante un show en Palermo\"}]},{\"@type\":\"WebSite\",\"@id\":\"https:\\\/\\\/cvinoticias.com\\\/v3\\\/#website\",\"url\":\"https:\\\/\\\/cvinoticias.com\\\/v3\\\/\",\"name\":\"CVI NOTICIAS\",\"description\":\"\",\"publisher\":{\"@id\":\"https:\\\/\\\/cvinoticias.com\\\/v3\\\/#organization\"},\"alternateName\":\"CVI\",\"potentialAction\":[{\"@type\":\"SearchAction\",\"target\":{\"@type\":\"EntryPoint\",\"urlTemplate\":\"https:\\\/\\\/cvinoticias.com\\\/v3\\\/?s={search_term_string}\"},\"query-input\":{\"@type\":\"PropertyValueSpecification\",\"valueRequired\":true,\"valueName\":\"search_term_string\"}}],\"inLanguage\":\"es\"},{\"@type\":\"Organization\",\"@id\":\"https:\\\/\\\/cvinoticias.com\\\/v3\\\/#organization\",\"name\":\"CVI NOTICIAS\",\"url\":\"https:\\\/\\\/cvinoticias.com\\\/v3\\\/\",\"logo\":{\"@type\":\"ImageObject\",\"inLanguage\":\"es\",\"@id\":\"https:\\\/\\\/cvinoticias.com\\\/v3\\\/#\\\/schema\\\/logo\\\/image\\\/\",\"url\":\"https:\\\/\\\/cvinoticias.com\\\/wp-content\\\/uploads\\\/2023\\\/04\\\/cropped-cropped-cropped-cropped-cropped-3-1.png\",\"contentUrl\":\"https:\\\/\\\/cvinoticias.com\\\/wp-content\\\/uploads\\\/2023\\\/04\\\/cropped-cropped-cropped-cropped-cropped-3-1.png\",\"width\":95,\"height\":122,\"caption\":\"CVI NOTICIAS\"},\"image\":{\"@id\":\"https:\\\/\\\/cvinoticias.com\\\/v3\\\/#\\\/schema\\\/logo\\\/image\\\/\"},\"sameAs\":[\"https:\\\/\\\/www.facebook.com\\\/cvinoticias\",\"https:\\\/\\\/www.instagram.com\\\/cvinoticias\\\/\",\"https:\\\/\\\/www.youtube.com\\\/@CVINOTICIAS\"]},{\"@type\":\"Person\",\"@id\":\"https:\\\/\\\/cvinoticias.com\\\/v3\\\/#\\\/schema\\\/person\\\/2db77e3c6bc03c538495d7b2b8be9b66\",\"name\":\"f1000024\",\"image\":{\"@type\":\"ImageObject\",\"inLanguage\":\"es\",\"@id\":\"https:\\\/\\\/secure.gravatar.com\\\/avatar\\\/d4fe7459cfc51ff5129ce1a732bbef5928568b8092d412ef95611616376bbeed?s=96&d=mm&r=g\",\"url\":\"https:\\\/\\\/secure.gravatar.com\\\/avatar\\\/d4fe7459cfc51ff5129ce1a732bbef5928568b8092d412ef95611616376bbeed?s=96&d=mm&r=g\",\"contentUrl\":\"https:\\\/\\\/secure.gravatar.com\\\/avatar\\\/d4fe7459cfc51ff5129ce1a732bbef5928568b8092d412ef95611616376bbeed?s=96&d=mm&r=g\",\"caption\":\"f1000024\"},\"url\":\"https:\\\/\\\/cvinoticias.com\\\/v3\\\/author\\\/f1000024\\\/\"}]}<\/script>\n<!-- \/ Yoast SEO plugin. -->","yoast_head_json":{"title":"Joaqu\u00edn Levinton sufri\u00f3 un infarto durante un show | CVI NOTICIAS","description":"Joaqu\u00edn Levinton sufri\u00f3 un infarto en pleno show en Palermo y permanece internado en terapia intensiva en el Hospital Fern\u00e1ndez.","robots":{"index":"index","follow":"follow","max-snippet":"max-snippet:-1","max-image-preview":"max-image-preview:large","max-video-preview":"max-video-preview:-1"},"canonical":"https:\/\/cvinoticias.com\/v3\/preocupacion-por-la-salud-de-joaquin-levinton-el-lider-de-turf-sufrio-un-infarto-durante-un-show-en-palermo\/","og_locale":"es_ES","og_type":"article","og_title":"Joaqu\u00edn Levinton sufri\u00f3 un infarto durante un show | CVI NOTICIAS","og_description":"Joaqu\u00edn Levinton sufri\u00f3 un infarto en pleno show en Palermo y permanece internado en terapia intensiva en el Hospital Fern\u00e1ndez.","og_url":"https:\/\/cvinoticias.com\/v3\/preocupacion-por-la-salud-de-joaquin-levinton-el-lider-de-turf-sufrio-un-infarto-durante-un-show-en-palermo\/","og_site_name":"CVI NOTICIAS","article_publisher":"https:\/\/www.facebook.com\/cvinoticias","article_published_time":"2025-12-12T12:35:37+00:00","article_modified_time":"2025-12-12T12:35:38+00:00","og_image":[{"width":992,"height":660,"url":"https:\/\/cvinoticias.com\/wp-content\/uploads\/2025\/12\/md-7.webp","type":"image\/webp"}],"author":"f1000024","twitter_card":"summary_large_image","twitter_misc":{"Escrito por":"f1000024","Tiempo de lectura":"2 minutos"},"schema":{"@context":"https:\/\/schema.org","@graph":[{"@type":"Article","@id":"https:\/\/cvinoticias.com\/v3\/preocupacion-por-la-salud-de-joaquin-levinton-el-lider-de-turf-sufrio-un-infarto-durante-un-show-en-palermo\/#article","isPartOf":{"@id":"https:\/\/cvinoticias.com\/v3\/preocupacion-por-la-salud-de-joaquin-levinton-el-lider-de-turf-sufrio-un-infarto-durante-un-show-en-palermo\/"},"author":{"name":"f1000024","@id":"https:\/\/cvinoticias.com\/v3\/#\/schema\/person\/2db77e3c6bc03c538495d7b2b8be9b66"},"headline":"Preocupaci\u00f3n por la salud de Joaqu\u00edn Levinton: el l\u00edder de Turf sufri\u00f3 un infarto durante un show en Palermo","datePublished":"2025-12-12T12:35:37+00:00","dateModified":"2025-12-12T12:35:38+00:00","mainEntityOfPage":{"@id":"https:\/\/cvinoticias.com\/v3\/preocupacion-por-la-salud-de-joaquin-levinton-el-lider-de-turf-sufrio-un-infarto-durante-un-show-en-palermo\/"},"wordCount":356,"commentCount":0,"publisher":{"@id":"https:\/\/cvinoticias.com\/v3\/#organization"},"image":{"@id":"https:\/\/cvinoticias.com\/v3\/preocupacion-por-la-salud-de-joaquin-levinton-el-lider-de-turf-sufrio-un-infarto-durante-un-show-en-palermo\/#primaryimage"},"thumbnailUrl":"https:\/\/cvinoticias.com\/wp-content\/uploads\/2025\/12\/md-7.webp","keywords":["infarto","Joaqu\u00edn Levinton","Show"],"articleSection":["Espect\u00e1culos"],"inLanguage":"es","potentialAction":[{"@type":"CommentAction","name":"Comment","target":["https:\/\/cvinoticias.com\/v3\/preocupacion-por-la-salud-de-joaquin-levinton-el-lider-de-turf-sufrio-un-infarto-durante-un-show-en-palermo\/#respond"]}]},{"@type":"WebPage","@id":"https:\/\/cvinoticias.com\/v3\/preocupacion-por-la-salud-de-joaquin-levinton-el-lider-de-turf-sufrio-un-infarto-durante-un-show-en-palermo\/","url":"https:\/\/cvinoticias.com\/v3\/preocupacion-por-la-salud-de-joaquin-levinton-el-lider-de-turf-sufrio-un-infarto-durante-un-show-en-palermo\/","name":"Joaqu\u00edn Levinton sufri\u00f3 un infarto durante un show | CVI NOTICIAS","isPartOf":{"@id":"https:\/\/cvinoticias.com\/v3\/#website"},"primaryImageOfPage":{"@id":"https:\/\/cvinoticias.com\/v3\/preocupacion-por-la-salud-de-joaquin-levinton-el-lider-de-turf-sufrio-un-infarto-durante-un-show-en-palermo\/#primaryimage"},"image":{"@id":"https:\/\/cvinoticias.com\/v3\/preocupacion-por-la-salud-de-joaquin-levinton-el-lider-de-turf-sufrio-un-infarto-durante-un-show-en-palermo\/#primaryimage"},"thumbnailUrl":"https:\/\/cvinoticias.com\/wp-content\/uploads\/2025\/12\/md-7.webp","datePublished":"2025-12-12T12:35:37+00:00","dateModified":"2025-12-12T12:35:38+00:00","description":"Joaqu\u00edn Levinton sufri\u00f3 un infarto en pleno show en Palermo y permanece internado en terapia intensiva en el Hospital Fern\u00e1ndez.","breadcrumb":{"@id":"https:\/\/cvinoticias.com\/v3\/preocupacion-por-la-salud-de-joaquin-levinton-el-lider-de-turf-sufrio-un-infarto-durante-un-show-en-palermo\/#breadcrumb"},"inLanguage":"es","potentialAction":[{"@type":"ReadAction","target":["https:\/\/cvinoticias.com\/v3\/preocupacion-por-la-salud-de-joaquin-levinton-el-lider-de-turf-sufrio-un-infarto-durante-un-show-en-palermo\/"]}]},{"@type":"ImageObject","inLanguage":"es","@id":"https:\/\/cvinoticias.com\/v3\/preocupacion-por-la-salud-de-joaquin-levinton-el-lider-de-turf-sufrio-un-infarto-durante-un-show-en-palermo\/#primaryimage","url":"https:\/\/cvinoticias.com\/wp-content\/uploads\/2025\/12\/md-7.webp","contentUrl":"https:\/\/cvinoticias.com\/wp-content\/uploads\/2025\/12\/md-7.webp","width":992,"height":660},{"@type":"BreadcrumbList","@id":"https:\/\/cvinoticias.com\/v3\/preocupacion-por-la-salud-de-joaquin-levinton-el-lider-de-turf-sufrio-un-infarto-durante-un-show-en-palermo\/#breadcrumb","itemListElement":[{"@type":"ListItem","position":1,"name":"Portada","item":"https:\/\/cvinoticias.com\/v3\/"},{"@type":"ListItem","position":2,"name":"Preocupaci\u00f3n por la salud de Joaqu\u00edn Levinton: el l\u00edder de Turf sufri\u00f3 un infarto durante un show en Palermo"}]},{"@type":"WebSite","@id":"https:\/\/cvinoticias.com\/v3\/#website","url":"https:\/\/cvinoticias.com\/v3\/","name":"CVI NOTICIAS","description":"","publisher":{"@id":"https:\/\/cvinoticias.com\/v3\/#organization"},"alternateName":"CVI","potentialAction":[{"@type":"SearchAction","target":{"@type":"EntryPoint","urlTemplate":"https:\/\/cvinoticias.com\/v3\/?s={search_term_string}"},"query-input":{"@type":"PropertyValueSpecification","valueRequired":true,"valueName":"search_term_string"}}],"inLanguage":"es"},{"@type":"Organization","@id":"https:\/\/cvinoticias.com\/v3\/#organization","name":"CVI NOTICIAS","url":"https:\/\/cvinoticias.com\/v3\/","logo":{"@type":"ImageObject","inLanguage":"es","@id":"https:\/\/cvinoticias.com\/v3\/#\/schema\/logo\/image\/","url":"https:\/\/cvinoticias.com\/wp-content\/uploads\/2023\/04\/cropped-cropped-cropped-cropped-cropped-3-1.png","contentUrl":"https:\/\/cvinoticias.com\/wp-content\/uploads\/2023\/04\/cropped-cropped-cropped-cropped-cropped-3-1.png","width":95,"height":122,"caption":"CVI NOTICIAS"},"image":{"@id":"https:\/\/cvinoticias.com\/v3\/#\/schema\/logo\/image\/"},"sameAs":["https:\/\/www.facebook.com\/cvinoticias","https:\/\/www.instagram.com\/cvinoticias\/","https:\/\/www.youtube.com\/@CVINOTICIAS"]},{"@type":"Person","@id":"https:\/\/cvinoticias.com\/v3\/#\/schema\/person\/2db77e3c6bc03c538495d7b2b8be9b66","name":"f1000024","image":{"@type":"ImageObject","inLanguage":"es","@id":"https:\/\/secure.gravatar.com\/avatar\/d4fe7459cfc51ff5129ce1a732bbef5928568b8092d412ef95611616376bbeed?s=96&d=mm&r=g","url":"https:\/\/secure.gravatar.com\/avatar\/d4fe7459cfc51ff5129ce1a732bbef5928568b8092d412ef95611616376bbeed?s=96&d=mm&r=g","contentUrl":"https:\/\/secure.gravatar.com\/avatar\/d4fe7459cfc51ff5129ce1a732bbef5928568b8092d412ef95611616376bbeed?s=96&d=mm&r=g","caption":"f1000024"},"url":"https:\/\/cvinoticias.com\/v3\/author\/f1000024\/"}]}},"_links":{"self":[{"href":"https:\/\/cvinoticias.com\/v3\/wp-json\/wp\/v2\/posts\/52619","targetHints":{"allow":["GET"]}}],"collection":[{"href":"https:\/\/cvinoticias.com\/v3\/wp-json\/wp\/v2\/posts"}],"about":[{"href":"https:\/\/cvinoticias.com\/v3\/wp-json\/wp\/v2\/types\/post"}],"author":[{"embeddable":true,"href":"https:\/\/cvinoticias.com\/v3\/wp-json\/wp\/v2\/users\/2"}],"replies":[{"embeddable":true,"href":"https:\/\/cvinoticias.com\/v3\/wp-json\/wp\/v2\/comments?post=52619"}],"version-history":[{"count":1,"href":"https:\/\/cvinoticias.com\/v3\/wp-json\/wp\/v2\/posts\/52619\/revisions"}],"predecessor-version":[{"id":52621,"href":"https:\/\/cvinoticias.com\/v3\/wp-json\/wp\/v2\/posts\/52619\/revisions\/52621"}],"wp:featuredmedia":[{"embeddable":true,"href":"https:\/\/cvinoticias.com\/v3\/wp-json\/wp\/v2\/media\/52620"}],"wp:attachment":[{"href":"https:\/\/cvinoticias.com\/v3\/wp-json\/wp\/v2\/media?parent=52619"}],"wp:term":[{"taxonomy":"category","embeddable":true,"href":"https:\/\/cvinoticias.com\/v3\/wp-json\/wp\/v2\/categories?post=52619"},{"taxonomy":"post_tag","embeddable":true,"href":"https:\/\/cvinoticias.com\/v3\/wp-json\/wp\/v2\/tags?post=52619"}],"curies":[{"name":"wp","href":"https:\/\/api.w.org\/{rel}","templated":true}]}}